{"id":154924,"date":"2026-03-13T03:03:52","date_gmt":"2026-03-13T06:03:52","guid":{"rendered":"https:\/\/infoecos.com.ar\/?p=154924"},"modified":"2026-03-16T01:53:26","modified_gmt":"2026-03-16T04:53:26","slug":"por-primera-vez-en-la-historia-una-mujer-asume-como-jefa-del-complejo-penitenciario-sur-del-que-depende-la-unidad-penal-20-de-trenque-lauquen","status":"publish","type":"post","link":"https:\/\/infoecos.com.ar\/index.php\/por-primera-vez-en-la-historia-una-mujer-asume-como-jefa-del-complejo-penitenciario-sur-del-que-depende-la-unidad-penal-20-de-trenque-lauquen\/","title":{"rendered":"Por primera vez en la historia: una mujer asumi\u00f3 como Jefa del Complejo Penitenciario Sur, del que depende la Unidad Penal 20 de Trenque Lauquen"},"content":{"rendered":"\n<p>Daniela S\u00e1nchez se convirti\u00f3 ayer, en un acto celebrado en Bah\u00eda Blanca, en la primera Jefa del Complejo Penitenciario Sur, del que dependen la Unidad Pena N\u00ba 4 de Villa Floresta, la UP 19 de Saavedra y la UP 20 de Trenque Lauquen.<\/p>\n\n\n\n<p>La bahiense, que cuenta con una extensa carrera dentro del Servicio Penitenciario Bonaerense (SPB), se desempe\u00f1aba en la Unidad 19 de Saavedra, donde tambi\u00e9n marc\u00f3 un hito al ser la primera directora del establecimiento.<\/p>\n\n\n\n<figure class=\"wp-block-gallery has-nested-images columns-default is-cropped wp-block-gallery-1 is-layout-flex wp-block-gallery-is-layout-flex\">\n<figure class=\"wp-block-image size-large\"><img loading=\"lazy\" decoding=\"async\" width=\"800\" height=\"600\" data-id=\"154925\" src=\"https:\/\/infoecos.com.ar\/wp-content\/uploads\/2026\/03\/WhatsApp-Image-2026-03-12-at-1.38.45-PM-1.jpeg\" alt=\"\" class=\"wp-image-154925\" srcset=\"https:\/\/infoecos.com.ar\/wp-content\/uploads\/2026\/03\/WhatsApp-Image-2026-03-12-at-1.38.45-PM-1.jpeg 800w, https:\/\/infoecos.com.ar\/wp-content\/uploads\/2026\/03\/WhatsApp-Image-2026-03-12-at-1.38.45-PM-1-768x576.jpeg 768w\" sizes=\"(max-width: 800px) 100vw, 800px\" \/><\/figure>\n\n\n\n<figure class=\"wp-block-image size-large\"><img loading=\"lazy\" decoding=\"async\" width=\"800\" height=\"600\" data-id=\"154926\" src=\"https:\/\/infoecos.com.ar\/wp-content\/uploads\/2026\/03\/WhatsApp-Image-2026-03-12-at-1.38.45-PM-2.jpeg\" alt=\"\" class=\"wp-image-154926\" srcset=\"https:\/\/infoecos.com.ar\/wp-content\/uploads\/2026\/03\/WhatsApp-Image-2026-03-12-at-1.38.45-PM-2.jpeg 800w, https:\/\/infoecos.com.ar\/wp-content\/uploads\/2026\/03\/WhatsApp-Image-2026-03-12-at-1.38.45-PM-2-768x576.jpeg 768w\" sizes=\"(max-width: 800px) 100vw, 800px\" \/><\/figure>\n\n\n\n<figure class=\"wp-block-image size-large\"><img loading=\"lazy\" decoding=\"async\" width=\"800\" height=\"600\" data-id=\"154927\" src=\"https:\/\/infoecos.com.ar\/wp-content\/uploads\/2026\/03\/WhatsApp-Image-2026-03-12-at-1.38.45-PM.jpeg\" alt=\"\" class=\"wp-image-154927\" srcset=\"https:\/\/infoecos.com.ar\/wp-content\/uploads\/2026\/03\/WhatsApp-Image-2026-03-12-at-1.38.45-PM.jpeg 800w, https:\/\/infoecos.com.ar\/wp-content\/uploads\/2026\/03\/WhatsApp-Image-2026-03-12-at-1.38.45-PM-768x576.jpeg 768w\" sizes=\"(max-width: 800px) 100vw, 800px\" \/><\/figure>\n<\/figure>\n\n\n\n<p>De familia penitenciaria, la flamante jefa del Complejo Sur ingres\u00f3 a la Escuela de Cadetes del SPB en 1996 y se desempe\u00f1\u00f3 como pasante en la Unidad Penitenciaria N\u00ba 8, de Los Hornos. Despu\u00e9s trabaj\u00f3 en las c\u00e1rceles de Azul y Bah\u00eda Blanca, donde fue subdirectora de Administraci\u00f3n hasta que la nombraron directora del penal de Saavedra.<br>\u201cMis pap\u00e1s y mis hermanos, tambi\u00e9n penitenciarios, me apoyaron siempre a lo largo de esta hermosa carrera\u201d, relat\u00f3 S\u00e1nchez. \u201cEste reconocimiento me llena de orgullo porque es un premio a toda una vida de esfuerzo y compromiso con la instituci\u00f3n\u201d, resalt\u00f3 luego.<\/p>\n\n\n\n<figure class=\"wp-block-gallery has-nested-images columns-default is-cropped wp-block-gallery-2 is-layout-flex wp-block-gallery-is-layout-flex\">\n<figure class=\"wp-block-image size-large\"><img loading=\"lazy\" decoding=\"async\" width=\"800\" height=\"600\" data-id=\"154928\" src=\"https:\/\/infoecos.com.ar\/wp-content\/uploads\/2026\/03\/WhatsApp-Image-2026-03-12-at-1.38.46-PM.jpeg\" alt=\"\" class=\"wp-image-154928\" srcset=\"https:\/\/infoecos.com.ar\/wp-content\/uploads\/2026\/03\/WhatsApp-Image-2026-03-12-at-1.38.46-PM.jpeg 800w, https:\/\/infoecos.com.ar\/wp-content\/uploads\/2026\/03\/WhatsApp-Image-2026-03-12-at-1.38.46-PM-768x576.jpeg 768w\" sizes=\"(max-width: 800px) 100vw, 800px\" \/><\/figure>\n\n\n\n<figure class=\"wp-block-image size-large\"><img loading=\"lazy\" decoding=\"async\" width=\"800\" height=\"600\" data-id=\"154929\" src=\"https:\/\/infoecos.com.ar\/wp-content\/uploads\/2026\/03\/WhatsApp-Image-2026-03-12-at-1.38.47-PM-1.jpeg\" alt=\"\" class=\"wp-image-154929\" srcset=\"https:\/\/infoecos.com.ar\/wp-content\/uploads\/2026\/03\/WhatsApp-Image-2026-03-12-at-1.38.47-PM-1.jpeg 800w, https:\/\/infoecos.com.ar\/wp-content\/uploads\/2026\/03\/WhatsApp-Image-2026-03-12-at-1.38.47-PM-1-768x576.jpeg 768w\" sizes=\"(max-width: 800px) 100vw, 800px\" \/><\/figure>\n\n\n\n<figure class=\"wp-block-image size-large\"><img loading=\"lazy\" decoding=\"async\" width=\"1600\" height=\"1200\" data-id=\"154930\" src=\"https:\/\/infoecos.com.ar\/wp-content\/uploads\/2026\/03\/WhatsApp-Image-2026-03-12-at-1.38.47-PM.jpeg\" alt=\"\" class=\"wp-image-154930\" srcset=\"https:\/\/infoecos.com.ar\/wp-content\/uploads\/2026\/03\/WhatsApp-Image-2026-03-12-at-1.38.47-PM.jpeg 1600w, https:\/\/infoecos.com.ar\/wp-content\/uploads\/2026\/03\/WhatsApp-Image-2026-03-12-at-1.38.47-PM-800x600.jpeg 800w, https:\/\/infoecos.com.ar\/wp-content\/uploads\/2026\/03\/WhatsApp-Image-2026-03-12-at-1.38.47-PM-768x576.jpeg 768w, https:\/\/infoecos.com.ar\/wp-content\/uploads\/2026\/03\/WhatsApp-Image-2026-03-12-at-1.38.47-PM-1536x1152.jpeg 1536w, https:\/\/infoecos.com.ar\/wp-content\/uploads\/2026\/03\/WhatsApp-Image-2026-03-12-at-1.38.47-PM-1024x768.jpeg 1024w\" sizes=\"(max-width: 1600px) 100vw, 1600px\" \/><\/figure>\n<\/figure>\n\n\n\n<p>La ceremonia cont\u00f3 con la presencia del director de la Unidad 4, Jorge Aceval; el director de la Unidad 19, Luis Ferreyra y el director de la Unidad 20, Sergio Blandamuro, entre otras autoridades.<\/p>\n\n\n\n<p>S\u00e1nchez tendr\u00e1 a cargo casi dos mil personas privadas de libertad debido a que en la Unidad 4 Bah\u00eda Blanca se alojan 1009, en la Unidad 19 Saavedra, 778, y en la Unidad 20 Trenque Lauquen, 147.<\/p>\n","protected":false},"excerpt":{"rendered":"<p>Cuenta con una extensa carrera dentro del Servicio Penitenciario Bonaerense (SPB), se desempe\u00f1aba en la Unidad 19 de Saavedra, donde tambi\u00e9n marc\u00f3 un hito al ser la primera directora del establecimiento.<\/p>\n","protected":false},"author":2,"featured_media":154926,"comment_status":"closed","ping_status":"open","sticky":false,"template":"","format":"standard","meta":{"footnotes":""},"categories":[1],"tags":[10304,10290,1500],"class_list":["post-154924","post","type-post","status-publish","format-standard","has-post-thumbnail","hentry","category-sin-categoria","tag-actualidad","tag-entretenimiento","tag-regional"],"yoast_head":"<!-- This site is optimized with the Yoast SEO plugin v23.4 - https:\/\/yoast.com\/wordpress\/plugins\/seo\/ -->\n<title>Por primera vez en la historia: una mujer asumi\u00f3 como Jefa del Complejo Penitenciario Sur, del que depende la Unidad Penal 20 de Trenque Lauquen - Infoecos<\/title>\n<meta name=\"robots\" content=\"index, follow, max-snippet:-1, max-image-preview:large, max-video-preview:-1\" \/>\n<link rel=\"canonical\" href=\"https:\/\/infoecos.com.ar\/index.php\/por-primera-vez-en-la-historia-una-mujer-asume-como-jefa-del-complejo-penitenciario-sur-del-que-depende-la-unidad-penal-20-de-trenque-lauquen\/\" \/>\n<meta property=\"og:locale\" content=\"es_ES\" \/>\n<meta property=\"og:type\" content=\"article\" \/>\n<meta property=\"og:title\" content=\"Por primera vez en la historia: una mujer asumi\u00f3 como Jefa del Complejo Penitenciario Sur, del que depende la Unidad Penal 20 de Trenque Lauquen - Infoecos\" \/>\n<meta property=\"og:description\" content=\"Cuenta con una extensa carrera dentro del Servicio Penitenciario Bonaerense (SPB), se desempe\u00f1aba en la Unidad 19 de Saavedra, donde tambi\u00e9n marc\u00f3 un hito al ser la primera directora del establecimiento.\" \/>\n<meta property=\"og:url\" content=\"https:\/\/infoecos.com.ar\/index.php\/por-primera-vez-en-la-historia-una-mujer-asume-como-jefa-del-complejo-penitenciario-sur-del-que-depende-la-unidad-penal-20-de-trenque-lauquen\/\" \/>\n<meta property=\"og:site_name\" content=\"Infoecos\" \/>\n<meta property=\"article:publisher\" content=\"https:\/\/www.facebook.com\/profile.php?id=100063200290284\" \/>\n<meta property=\"article:published_time\" content=\"2026-03-13T06:03:52+00:00\" \/>\n<meta property=\"article:modified_time\" content=\"2026-03-16T04:53:26+00:00\" \/>\n<meta property=\"og:image\" content=\"https:\/\/infoecos.com.ar\/wp-content\/uploads\/2026\/03\/WhatsApp-Image-2026-03-12-at-1.38.45-PM-2.jpeg\" \/>\n\t<meta property=\"og:image:width\" content=\"800\" \/>\n\t<meta property=\"og:image:height\" content=\"600\" \/>\n\t<meta property=\"og:image:type\" content=\"image\/jpeg\" \/>\n<meta name=\"author\" content=\"Jorge Matheus\" \/>\n<meta name=\"twitter:card\" content=\"summary_large_image\" \/>\n<meta name=\"twitter:creator\" content=\"@infoecos\" \/>\n<meta name=\"twitter:site\" content=\"@infoecos\" \/>\n<meta name=\"twitter:label1\" content=\"Escrito por\" \/>\n\t<meta name=\"twitter:data1\" content=\"Jorge Matheus\" \/>\n\t<meta name=\"twitter:label2\" content=\"Tiempo de lectura\" \/>\n\t<meta name=\"twitter:data2\" content=\"3 minutos\" \/>\n<script type=\"application\/ld+json\" class=\"yoast-schema-graph\">{\"@context\":\"https:\/\/schema.org\",\"@graph\":[{\"@type\":\"Article\",\"@id\":\"https:\/\/infoecos.com.ar\/index.php\/por-primera-vez-en-la-historia-una-mujer-asume-como-jefa-del-complejo-penitenciario-sur-del-que-depende-la-unidad-penal-20-de-trenque-lauquen\/#article\",\"isPartOf\":{\"@id\":\"https:\/\/infoecos.com.ar\/index.php\/por-primera-vez-en-la-historia-una-mujer-asume-como-jefa-del-complejo-penitenciario-sur-del-que-depende-la-unidad-penal-20-de-trenque-lauquen\/\"},\"author\":{\"name\":\"Jorge Matheus\",\"@id\":\"https:\/\/infoecos.com.ar\/#\/schema\/person\/8f5ace5ce73b4b4aac4b7245aee6f191\"},\"headline\":\"Por primera vez en la historia: una mujer asumi\u00f3 como Jefa del Complejo Penitenciario Sur, del que depende la Unidad Penal 20 de Trenque Lauquen\",\"datePublished\":\"2026-03-13T06:03:52+00:00\",\"dateModified\":\"2026-03-16T04:53:26+00:00\",\"mainEntityOfPage\":{\"@id\":\"https:\/\/infoecos.com.ar\/index.php\/por-primera-vez-en-la-historia-una-mujer-asume-como-jefa-del-complejo-penitenciario-sur-del-que-depende-la-unidad-penal-20-de-trenque-lauquen\/\"},\"wordCount\":270,\"publisher\":{\"@id\":\"https:\/\/infoecos.com.ar\/#organization\"},\"image\":{\"@id\":\"https:\/\/infoecos.com.ar\/index.php\/por-primera-vez-en-la-historia-una-mujer-asume-como-jefa-del-complejo-penitenciario-sur-del-que-depende-la-unidad-penal-20-de-trenque-lauquen\/#primaryimage\"},\"thumbnailUrl\":\"https:\/\/infoecos.com.ar\/wp-content\/uploads\/2026\/03\/WhatsApp-Image-2026-03-12-at-1.38.45-PM-2.jpeg\",\"keywords\":[\"Actualidad\",\"Entretenimiento\",\"REGIONAL\"],\"inLanguage\":\"es\"},{\"@type\":\"WebPage\",\"@id\":\"https:\/\/infoecos.com.ar\/index.php\/por-primera-vez-en-la-historia-una-mujer-asume-como-jefa-del-complejo-penitenciario-sur-del-que-depende-la-unidad-penal-20-de-trenque-lauquen\/\",\"url\":\"https:\/\/infoecos.com.ar\/index.php\/por-primera-vez-en-la-historia-una-mujer-asume-como-jefa-del-complejo-penitenciario-sur-del-que-depende-la-unidad-penal-20-de-trenque-lauquen\/\",\"name\":\"Por primera vez en la historia: una mujer asumi\u00f3 como Jefa del Complejo Penitenciario Sur, del que depende la Unidad Penal 20 de Trenque Lauquen - Infoecos\",\"isPartOf\":{\"@id\":\"https:\/\/infoecos.com.ar\/#website\"},\"primaryImageOfPage\":{\"@id\":\"https:\/\/infoecos.com.ar\/index.php\/por-primera-vez-en-la-historia-una-mujer-asume-como-jefa-del-complejo-penitenciario-sur-del-que-depende-la-unidad-penal-20-de-trenque-lauquen\/#primaryimage\"},\"image\":{\"@id\":\"https:\/\/infoecos.com.ar\/index.php\/por-primera-vez-en-la-historia-una-mujer-asume-como-jefa-del-complejo-penitenciario-sur-del-que-depende-la-unidad-penal-20-de-trenque-lauquen\/#primaryimage\"},\"thumbnailUrl\":\"https:\/\/infoecos.com.ar\/wp-content\/uploads\/2026\/03\/WhatsApp-Image-2026-03-12-at-1.38.45-PM-2.jpeg\",\"datePublished\":\"2026-03-13T06:03:52+00:00\",\"dateModified\":\"2026-03-16T04:53:26+00:00\",\"breadcrumb\":{\"@id\":\"https:\/\/infoecos.com.ar\/index.php\/por-primera-vez-en-la-historia-una-mujer-asume-como-jefa-del-complejo-penitenciario-sur-del-que-depende-la-unidad-penal-20-de-trenque-lauquen\/#breadcrumb\"},\"inLanguage\":\"es\",\"potentialAction\":[{\"@type\":\"ReadAction\",\"target\":[\"https:\/\/infoecos.com.ar\/index.php\/por-primera-vez-en-la-historia-una-mujer-asume-como-jefa-del-complejo-penitenciario-sur-del-que-depende-la-unidad-penal-20-de-trenque-lauquen\/\"]}]},{\"@type\":\"ImageObject\",\"inLanguage\":\"es\",\"@id\":\"https:\/\/infoecos.com.ar\/index.php\/por-primera-vez-en-la-historia-una-mujer-asume-como-jefa-del-complejo-penitenciario-sur-del-que-depende-la-unidad-penal-20-de-trenque-lauquen\/#primaryimage\",\"url\":\"https:\/\/infoecos.com.ar\/wp-content\/uploads\/2026\/03\/WhatsApp-Image-2026-03-12-at-1.38.45-PM-2.jpeg\",\"contentUrl\":\"https:\/\/infoecos.com.ar\/wp-content\/uploads\/2026\/03\/WhatsApp-Image-2026-03-12-at-1.38.45-PM-2.jpeg\",\"width\":800,\"height\":600},{\"@type\":\"BreadcrumbList\",\"@id\":\"https:\/\/infoecos.com.ar\/index.php\/por-primera-vez-en-la-historia-una-mujer-asume-como-jefa-del-complejo-penitenciario-sur-del-que-depende-la-unidad-penal-20-de-trenque-lauquen\/#breadcrumb\",\"itemListElement\":[{\"@type\":\"ListItem\",\"position\":1,\"name\":\"Portada\",\"item\":\"https:\/\/infoecos.com.ar\/\"},{\"@type\":\"ListItem\",\"position\":2,\"name\":\"Por primera vez en la historia: una mujer asumi\u00f3 como Jefa del Complejo Penitenciario Sur, del que depende la Unidad Penal 20 de Trenque Lauquen\"}]},{\"@type\":\"WebSite\",\"@id\":\"https:\/\/infoecos.com.ar\/#website\",\"url\":\"https:\/\/infoecos.com.ar\/\",\"name\":\"Infoecos\",\"description\":\"Noticias de trenque lauquen y la zona\",\"publisher\":{\"@id\":\"https:\/\/infoecos.com.ar\/#organization\"},\"alternateName\":\"Noticias\",\"potentialAction\":[{\"@type\":\"SearchAction\",\"target\":{\"@type\":\"EntryPoint\",\"urlTemplate\":\"https:\/\/infoecos.com.ar\/?s={search_term_string}\"},\"query-input\":{\"@type\":\"PropertyValueSpecification\",\"valueRequired\":true,\"valueName\":\"search_term_string\"}}],\"inLanguage\":\"es\"},{\"@type\":\"Organization\",\"@id\":\"https:\/\/infoecos.com.ar\/#organization\",\"name\":\"Infoecos\",\"alternateName\":\"Noticias\",\"url\":\"https:\/\/infoecos.com.ar\/\",\"logo\":{\"@type\":\"ImageObject\",\"inLanguage\":\"es\",\"@id\":\"https:\/\/infoecos.com.ar\/#\/schema\/logo\/image\/\",\"url\":\"https:\/\/infoecos.com.ar\/wp-content\/uploads\/2024\/03\/cropped-logo.png\",\"contentUrl\":\"https:\/\/infoecos.com.ar\/wp-content\/uploads\/2024\/03\/cropped-logo.png\",\"width\":374,\"height\":90,\"caption\":\"Infoecos\"},\"image\":{\"@id\":\"https:\/\/infoecos.com.ar\/#\/schema\/logo\/image\/\"},\"sameAs\":[\"https:\/\/www.facebook.com\/profile.php?id=100063200290284\",\"https:\/\/x.com\/infoecos\"]},{\"@type\":\"Person\",\"@id\":\"https:\/\/infoecos.com.ar\/#\/schema\/person\/8f5ace5ce73b4b4aac4b7245aee6f191\",\"name\":\"Jorge Matheus\",\"url\":\"https:\/\/infoecos.com.ar\/index.php\/author\/jomatheus\/\"}]}<\/script>\n<!-- \/ Yoast SEO plugin. -->","yoast_head_json":{"title":"Por primera vez en la historia: una mujer asumi\u00f3 como Jefa del Complejo Penitenciario Sur, del que depende la Unidad Penal 20 de Trenque Lauquen - Infoecos","robots":{"index":"index","follow":"follow","max-snippet":"max-snippet:-1","max-image-preview":"max-image-preview:large","max-video-preview":"max-video-preview:-1"},"canonical":"https:\/\/infoecos.com.ar\/index.php\/por-primera-vez-en-la-historia-una-mujer-asume-como-jefa-del-complejo-penitenciario-sur-del-que-depende-la-unidad-penal-20-de-trenque-lauquen\/","og_locale":"es_ES","og_type":"article","og_title":"Por primera vez en la historia: una mujer asumi\u00f3 como Jefa del Complejo Penitenciario Sur, del que depende la Unidad Penal 20 de Trenque Lauquen - Infoecos","og_description":"Cuenta con una extensa carrera dentro del Servicio Penitenciario Bonaerense (SPB), se desempe\u00f1aba en la Unidad 19 de Saavedra, donde tambi\u00e9n marc\u00f3 un hito al ser la primera directora del establecimiento.","og_url":"https:\/\/infoecos.com.ar\/index.php\/por-primera-vez-en-la-historia-una-mujer-asume-como-jefa-del-complejo-penitenciario-sur-del-que-depende-la-unidad-penal-20-de-trenque-lauquen\/","og_site_name":"Infoecos","article_publisher":"https:\/\/www.facebook.com\/profile.php?id=100063200290284","article_published_time":"2026-03-13T06:03:52+00:00","article_modified_time":"2026-03-16T04:53:26+00:00","og_image":[{"width":800,"height":600,"url":"https:\/\/infoecos.com.ar\/wp-content\/uploads\/2026\/03\/WhatsApp-Image-2026-03-12-at-1.38.45-PM-2.jpeg","type":"image\/jpeg"}],"author":"Jorge Matheus","twitter_card":"summary_large_image","twitter_creator":"@infoecos","twitter_site":"@infoecos","twitter_misc":{"Escrito por":"Jorge Matheus","Tiempo de lectura":"3 minutos"},"schema":{"@context":"https:\/\/schema.org","@graph":[{"@type":"Article","@id":"https:\/\/infoecos.com.ar\/index.php\/por-primera-vez-en-la-historia-una-mujer-asume-como-jefa-del-complejo-penitenciario-sur-del-que-depende-la-unidad-penal-20-de-trenque-lauquen\/#article","isPartOf":{"@id":"https:\/\/infoecos.com.ar\/index.php\/por-primera-vez-en-la-historia-una-mujer-asume-como-jefa-del-complejo-penitenciario-sur-del-que-depende-la-unidad-penal-20-de-trenque-lauquen\/"},"author":{"name":"Jorge Matheus","@id":"https:\/\/infoecos.com.ar\/#\/schema\/person\/8f5ace5ce73b4b4aac4b7245aee6f191"},"headline":"Por primera vez en la historia: una mujer asumi\u00f3 como Jefa del Complejo Penitenciario Sur, del que depende la Unidad Penal 20 de Trenque Lauquen","datePublished":"2026-03-13T06:03:52+00:00","dateModified":"2026-03-16T04:53:26+00:00","mainEntityOfPage":{"@id":"https:\/\/infoecos.com.ar\/index.php\/por-primera-vez-en-la-historia-una-mujer-asume-como-jefa-del-complejo-penitenciario-sur-del-que-depende-la-unidad-penal-20-de-trenque-lauquen\/"},"wordCount":270,"publisher":{"@id":"https:\/\/infoecos.com.ar\/#organization"},"image":{"@id":"https:\/\/infoecos.com.ar\/index.php\/por-primera-vez-en-la-historia-una-mujer-asume-como-jefa-del-complejo-penitenciario-sur-del-que-depende-la-unidad-penal-20-de-trenque-lauquen\/#primaryimage"},"thumbnailUrl":"https:\/\/infoecos.com.ar\/wp-content\/uploads\/2026\/03\/WhatsApp-Image-2026-03-12-at-1.38.45-PM-2.jpeg","keywords":["Actualidad","Entretenimiento","REGIONAL"],"inLanguage":"es"},{"@type":"WebPage","@id":"https:\/\/infoecos.com.ar\/index.php\/por-primera-vez-en-la-historia-una-mujer-asume-como-jefa-del-complejo-penitenciario-sur-del-que-depende-la-unidad-penal-20-de-trenque-lauquen\/","url":"https:\/\/infoecos.com.ar\/index.php\/por-primera-vez-en-la-historia-una-mujer-asume-como-jefa-del-complejo-penitenciario-sur-del-que-depende-la-unidad-penal-20-de-trenque-lauquen\/","name":"Por primera vez en la historia: una mujer asumi\u00f3 como Jefa del Complejo Penitenciario Sur, del que depende la Unidad Penal 20 de Trenque Lauquen - Infoecos","isPartOf":{"@id":"https:\/\/infoecos.com.ar\/#website"},"primaryImageOfPage":{"@id":"https:\/\/infoecos.com.ar\/index.php\/por-primera-vez-en-la-historia-una-mujer-asume-como-jefa-del-complejo-penitenciario-sur-del-que-depende-la-unidad-penal-20-de-trenque-lauquen\/#primaryimage"},"image":{"@id":"https:\/\/infoecos.com.ar\/index.php\/por-primera-vez-en-la-historia-una-mujer-asume-como-jefa-del-complejo-penitenciario-sur-del-que-depende-la-unidad-penal-20-de-trenque-lauquen\/#primaryimage"},"thumbnailUrl":"https:\/\/infoecos.com.ar\/wp-content\/uploads\/2026\/03\/WhatsApp-Image-2026-03-12-at-1.38.45-PM-2.jpeg","datePublished":"2026-03-13T06:03:52+00:00","dateModified":"2026-03-16T04:53:26+00:00","breadcrumb":{"@id":"https:\/\/infoecos.com.ar\/index.php\/por-primera-vez-en-la-historia-una-mujer-asume-como-jefa-del-complejo-penitenciario-sur-del-que-depende-la-unidad-penal-20-de-trenque-lauquen\/#breadcrumb"},"inLanguage":"es","potentialAction":[{"@type":"ReadAction","target":["https:\/\/infoecos.com.ar\/index.php\/por-primera-vez-en-la-historia-una-mujer-asume-como-jefa-del-complejo-penitenciario-sur-del-que-depende-la-unidad-penal-20-de-trenque-lauquen\/"]}]},{"@type":"ImageObject","inLanguage":"es","@id":"https:\/\/infoecos.com.ar\/index.php\/por-primera-vez-en-la-historia-una-mujer-asume-como-jefa-del-complejo-penitenciario-sur-del-que-depende-la-unidad-penal-20-de-trenque-lauquen\/#primaryimage","url":"https:\/\/infoecos.com.ar\/wp-content\/uploads\/2026\/03\/WhatsApp-Image-2026-03-12-at-1.38.45-PM-2.jpeg","contentUrl":"https:\/\/infoecos.com.ar\/wp-content\/uploads\/2026\/03\/WhatsApp-Image-2026-03-12-at-1.38.45-PM-2.jpeg","width":800,"height":600},{"@type":"BreadcrumbList","@id":"https:\/\/infoecos.com.ar\/index.php\/por-primera-vez-en-la-historia-una-mujer-asume-como-jefa-del-complejo-penitenciario-sur-del-que-depende-la-unidad-penal-20-de-trenque-lauquen\/#breadcrumb","itemListElement":[{"@type":"ListItem","position":1,"name":"Portada","item":"https:\/\/infoecos.com.ar\/"},{"@type":"ListItem","position":2,"name":"Por primera vez en la historia: una mujer asumi\u00f3 como Jefa del Complejo Penitenciario Sur, del que depende la Unidad Penal 20 de Trenque Lauquen"}]},{"@type":"WebSite","@id":"https:\/\/infoecos.com.ar\/#website","url":"https:\/\/infoecos.com.ar\/","name":"Infoecos","description":"Noticias de trenque lauquen y la zona","publisher":{"@id":"https:\/\/infoecos.com.ar\/#organization"},"alternateName":"Noticias","potentialAction":[{"@type":"SearchAction","target":{"@type":"EntryPoint","urlTemplate":"https:\/\/infoecos.com.ar\/?s={search_term_string}"},"query-input":{"@type":"PropertyValueSpecification","valueRequired":true,"valueName":"search_term_string"}}],"inLanguage":"es"},{"@type":"Organization","@id":"https:\/\/infoecos.com.ar\/#organization","name":"Infoecos","alternateName":"Noticias","url":"https:\/\/infoecos.com.ar\/","logo":{"@type":"ImageObject","inLanguage":"es","@id":"https:\/\/infoecos.com.ar\/#\/schema\/logo\/image\/","url":"https:\/\/infoecos.com.ar\/wp-content\/uploads\/2024\/03\/cropped-logo.png","contentUrl":"https:\/\/infoecos.com.ar\/wp-content\/uploads\/2024\/03\/cropped-logo.png","width":374,"height":90,"caption":"Infoecos"},"image":{"@id":"https:\/\/infoecos.com.ar\/#\/schema\/logo\/image\/"},"sameAs":["https:\/\/www.facebook.com\/profile.php?id=100063200290284","https:\/\/x.com\/infoecos"]},{"@type":"Person","@id":"https:\/\/infoecos.com.ar\/#\/schema\/person\/8f5ace5ce73b4b4aac4b7245aee6f191","name":"Jorge Matheus","url":"https:\/\/infoecos.com.ar\/index.php\/author\/jomatheus\/"}]}},"featured_image_urls":{"full":["https:\/\/infoecos.com.ar\/wp-content\/uploads\/2026\/03\/WhatsApp-Image-2026-03-12-at-1.38.45-PM-2.jpeg",800,600,false],"thumbnail":["https:\/\/infoecos.com.ar\/wp-content\/uploads\/2026\/03\/WhatsApp-Image-2026-03-12-at-1.38.45-PM-2-300x150.jpeg",300,150,true],"medium":["https:\/\/infoecos.com.ar\/wp-content\/uploads\/2026\/03\/WhatsApp-Image-2026-03-12-at-1.38.45-PM-2.jpeg",800,600,false],"medium_large":["https:\/\/infoecos.com.ar\/wp-content\/uploads\/2026\/03\/WhatsApp-Image-2026-03-12-at-1.38.45-PM-2-768x576.jpeg",640,480,true],"large":["https:\/\/infoecos.com.ar\/wp-content\/uploads\/2026\/03\/WhatsApp-Image-2026-03-12-at-1.38.45-PM-2.jpeg",640,480,false],"1536x1536":["https:\/\/infoecos.com.ar\/wp-content\/uploads\/2026\/03\/WhatsApp-Image-2026-03-12-at-1.38.45-PM-2.jpeg",800,600,false],"2048x2048":["https:\/\/infoecos.com.ar\/wp-content\/uploads\/2026\/03\/WhatsApp-Image-2026-03-12-at-1.38.45-PM-2.jpeg",800,600,false],"covernews-slider-full":["https:\/\/infoecos.com.ar\/wp-content\/uploads\/2026\/03\/WhatsApp-Image-2026-03-12-at-1.38.45-PM-2.jpeg",800,600,false],"covernews-slider-center":["https:\/\/infoecos.com.ar\/wp-content\/uploads\/2026\/03\/WhatsApp-Image-2026-03-12-at-1.38.45-PM-2-800x500.jpeg",800,500,true],"covernews-featured":["https:\/\/infoecos.com.ar\/wp-content\/uploads\/2026\/03\/WhatsApp-Image-2026-03-12-at-1.38.45-PM-2.jpeg",800,600,false],"covernews-medium":["https:\/\/infoecos.com.ar\/wp-content\/uploads\/2026\/03\/WhatsApp-Image-2026-03-12-at-1.38.45-PM-2-540x340.jpeg",540,340,true],"covernews-medium-square":["https:\/\/infoecos.com.ar\/wp-content\/uploads\/2026\/03\/WhatsApp-Image-2026-03-12-at-1.38.45-PM-2-400x250.jpeg",400,250,true]},"author_info":{"info":["Jorge Matheus"]},"category_info":"<a href=\"https:\/\/infoecos.com.ar\/index.php\/category\/sin-categoria\/\" rel=\"category tag\">Sin categor\u00eda<\/a>","tag_info":"Sin categor\u00eda","comment_count":"0","_links":{"self":[{"href":"https:\/\/infoecos.com.ar\/index.php\/wp-json\/wp\/v2\/posts\/154924"}],"collection":[{"href":"https:\/\/infoecos.com.ar\/index.php\/wp-json\/wp\/v2\/posts"}],"about":[{"href":"https:\/\/infoecos.com.ar\/index.php\/wp-json\/wp\/v2\/types\/post"}],"author":[{"embeddable":true,"href":"https:\/\/infoecos.com.ar\/index.php\/wp-json\/wp\/v2\/users\/2"}],"replies":[{"embeddable":true,"href":"https:\/\/infoecos.com.ar\/index.php\/wp-json\/wp\/v2\/comments?post=154924"}],"version-history":[{"count":2,"href":"https:\/\/infoecos.com.ar\/index.php\/wp-json\/wp\/v2\/posts\/154924\/revisions"}],"predecessor-version":[{"id":154932,"href":"https:\/\/infoecos.com.ar\/index.php\/wp-json\/wp\/v2\/posts\/154924\/revisions\/154932"}],"wp:featuredmedia":[{"embeddable":true,"href":"https:\/\/infoecos.com.ar\/index.php\/wp-json\/wp\/v2\/media\/154926"}],"wp:attachment":[{"href":"https:\/\/infoecos.com.ar\/index.php\/wp-json\/wp\/v2\/media?parent=154924"}],"wp:term":[{"taxonomy":"category","embeddable":true,"href":"https:\/\/infoecos.com.ar\/index.php\/wp-json\/wp\/v2\/categories?post=154924"},{"taxonomy":"post_tag","embeddable":true,"href":"https:\/\/infoecos.com.ar\/index.php\/wp-json\/wp\/v2\/tags?post=154924"}],"curies":[{"name":"wp","href":"https:\/\/api.w.org\/{rel}","templated":true}]}}