{"id":154937,"date":"2026-03-13T15:09:07","date_gmt":"2026-03-13T18:09:07","guid":{"rendered":"https:\/\/infoecos.com.ar\/?p=154937"},"modified":"2026-03-16T02:02:28","modified_gmt":"2026-03-16T05:02:28","slug":"operativo-de-transito-en-general-villegas-retienen-dos-motos-e-identifican-a-una-persona-con-pedido-de-captura-en-la-pampa","status":"publish","type":"post","link":"https:\/\/infoecos.com.ar\/index.php\/operativo-de-transito-en-general-villegas-retienen-dos-motos-e-identifican-a-una-persona-con-pedido-de-captura-en-la-pampa\/","title":{"rendered":"Operativo de tr\u00e1nsito en General Villegas: retienen dos motos e identifican a una persona con pedido de captura en La Pampa"},"content":{"rendered":"\n<p>La Secretar\u00eda de Seguridad municipal de General Villegas coordin\u00f3 un operativo nocturno junto a fuerzas policiales. Fue en prevenci\u00f3n y control de distintos sectores de la ciudad, con el objetivo de reforzar la seguridad, prevenir il\u00edcitos y verificar el cumplimiento de la normativa de tr\u00e1nsito.<\/p>\n\n\n\n<p>Participaron efectivos de la Estaci\u00f3n de Polic\u00eda Comunal, el Grupo T\u00e1ctico Operativo (GTO), personal de la Guardia Urbana y operadores del Centro de Monitoreo Municipal.<\/p>\n\n\n\n<p>Como resultado de los procedimientos, se constat\u00f3 que una de las personas identificadas, Oscar Antonio Escudero, registraba un pedido de captura activo solicitado por el Juzgado Criminal N.\u00ba 1 de la ciudad de Santa Rosa, provincia de La Pampa.<\/p>\n\n\n\n<p>Asimismo, en el marco de los controles vehiculares se detectaron tres infracciones a la Ley Nacional de Tr\u00e1nsito N.\u00ba 24.449, lo que deriv\u00f3 en la retenci\u00f3n de dos motocicletas por incumplimientos a la normativa vigente.<\/p>\n\n\n\n<figure class=\"wp-block-gallery has-nested-images columns-default is-cropped wp-block-gallery-1 is-layout-flex wp-block-gallery-is-layout-flex\">\n<figure class=\"wp-block-image size-large\"><img loading=\"lazy\" decoding=\"async\" width=\"1177\" height=\"831\" data-id=\"154938\" src=\"https:\/\/infoecos.com.ar\/wp-content\/uploads\/2026\/03\/WhatsApp-Image-2026-03-06-at-09.57.23-1.jpeg\" alt=\"\" class=\"wp-image-154938\" srcset=\"https:\/\/infoecos.com.ar\/wp-content\/uploads\/2026\/03\/WhatsApp-Image-2026-03-06-at-09.57.23-1.jpeg 1177w, https:\/\/infoecos.com.ar\/wp-content\/uploads\/2026\/03\/WhatsApp-Image-2026-03-06-at-09.57.23-1-800x565.jpeg 800w, https:\/\/infoecos.com.ar\/wp-content\/uploads\/2026\/03\/WhatsApp-Image-2026-03-06-at-09.57.23-1-768x542.jpeg 768w, https:\/\/infoecos.com.ar\/wp-content\/uploads\/2026\/03\/WhatsApp-Image-2026-03-06-at-09.57.23-1-1024x723.jpeg 1024w\" sizes=\"(max-width: 1177px) 100vw, 1177px\" \/><\/figure>\n\n\n\n<figure class=\"wp-block-image size-large\"><img loading=\"lazy\" decoding=\"async\" width=\"885\" height=\"602\" data-id=\"154939\" src=\"https:\/\/infoecos.com.ar\/wp-content\/uploads\/2026\/03\/WhatsApp-Image-2026-03-13-at-08.19.241.jpeg\" alt=\"\" class=\"wp-image-154939\" srcset=\"https:\/\/infoecos.com.ar\/wp-content\/uploads\/2026\/03\/WhatsApp-Image-2026-03-13-at-08.19.241.jpeg 885w, https:\/\/infoecos.com.ar\/wp-content\/uploads\/2026\/03\/WhatsApp-Image-2026-03-13-at-08.19.241-800x544.jpeg 800w, https:\/\/infoecos.com.ar\/wp-content\/uploads\/2026\/03\/WhatsApp-Image-2026-03-13-at-08.19.241-768x522.jpeg 768w\" sizes=\"(max-width: 885px) 100vw, 885px\" \/><\/figure>\n<\/figure>\n","protected":false},"excerpt":{"rendered":"<p>Participaron efectivos de la Estaci\u00f3n de Polic\u00eda Comunal, el Grupo T\u00e1ctico Operativo (GTO), personal de la Guardia Urbana y operadores del Centro de Monitoreo Municipal<\/p>\n","protected":false},"author":2,"featured_media":154938,"comment_status":"closed","ping_status":"open","sticky":false,"template":"","format":"standard","meta":{"footnotes":""},"categories":[1],"tags":[10298,1750,10290,1500],"class_list":["post-154937","post","type-post","status-publish","format-standard","has-post-thumbnail","hentry","category-sin-categoria","tag-bloque-inferior","tag-deporte","tag-entretenimiento","tag-regional"],"yoast_head":"<!-- This site is optimized with the Yoast SEO plugin v23.4 - https:\/\/yoast.com\/wordpress\/plugins\/seo\/ -->\n<title>Operativo de tr\u00e1nsito en General Villegas: retienen dos motos e identifican a una persona con pedido de captura en La Pampa - Infoecos<\/title>\n<meta name=\"robots\" content=\"index, follow, max-snippet:-1, max-image-preview:large, max-video-preview:-1\" \/>\n<link rel=\"canonical\" href=\"https:\/\/infoecos.com.ar\/index.php\/operativo-de-transito-en-general-villegas-retienen-dos-motos-e-identifican-a-una-persona-con-pedido-de-captura-en-la-pampa\/\" \/>\n<meta property=\"og:locale\" content=\"es_ES\" \/>\n<meta property=\"og:type\" content=\"article\" \/>\n<meta property=\"og:title\" content=\"Operativo de tr\u00e1nsito en General Villegas: retienen dos motos e identifican a una persona con pedido de captura en La Pampa - Infoecos\" \/>\n<meta property=\"og:description\" content=\"Participaron efectivos de la Estaci\u00f3n de Polic\u00eda Comunal, el Grupo T\u00e1ctico Operativo (GTO), personal de la Guardia Urbana y operadores del Centro de Monitoreo Municipal\" \/>\n<meta property=\"og:url\" content=\"https:\/\/infoecos.com.ar\/index.php\/operativo-de-transito-en-general-villegas-retienen-dos-motos-e-identifican-a-una-persona-con-pedido-de-captura-en-la-pampa\/\" \/>\n<meta property=\"og:site_name\" content=\"Infoecos\" \/>\n<meta property=\"article:publisher\" content=\"https:\/\/www.facebook.com\/profile.php?id=100063200290284\" \/>\n<meta property=\"article:published_time\" content=\"2026-03-13T18:09:07+00:00\" \/>\n<meta property=\"article:modified_time\" content=\"2026-03-16T05:02:28+00:00\" \/>\n<meta property=\"og:image\" content=\"https:\/\/infoecos.com.ar\/wp-content\/uploads\/2026\/03\/WhatsApp-Image-2026-03-06-at-09.57.23-1.jpeg\" \/>\n\t<meta property=\"og:image:width\" content=\"1177\" \/>\n\t<meta property=\"og:image:height\" content=\"831\" \/>\n\t<meta property=\"og:image:type\" content=\"image\/jpeg\" \/>\n<meta name=\"author\" content=\"Jorge Matheus\" \/>\n<meta name=\"twitter:card\" content=\"summary_large_image\" \/>\n<meta name=\"twitter:creator\" content=\"@infoecos\" \/>\n<meta name=\"twitter:site\" content=\"@infoecos\" \/>\n<meta name=\"twitter:label1\" content=\"Escrito por\" \/>\n\t<meta name=\"twitter:data1\" content=\"Jorge Matheus\" \/>\n\t<meta name=\"twitter:label2\" content=\"Tiempo de lectura\" \/>\n\t<meta name=\"twitter:data2\" content=\"2 minutos\" \/>\n<script type=\"application\/ld+json\" class=\"yoast-schema-graph\">{\"@context\":\"https:\/\/schema.org\",\"@graph\":[{\"@type\":\"Article\",\"@id\":\"https:\/\/infoecos.com.ar\/index.php\/operativo-de-transito-en-general-villegas-retienen-dos-motos-e-identifican-a-una-persona-con-pedido-de-captura-en-la-pampa\/#article\",\"isPartOf\":{\"@id\":\"https:\/\/infoecos.com.ar\/index.php\/operativo-de-transito-en-general-villegas-retienen-dos-motos-e-identifican-a-una-persona-con-pedido-de-captura-en-la-pampa\/\"},\"author\":{\"name\":\"Jorge Matheus\",\"@id\":\"https:\/\/infoecos.com.ar\/#\/schema\/person\/8f5ace5ce73b4b4aac4b7245aee6f191\"},\"headline\":\"Operativo de tr\u00e1nsito en General Villegas: retienen dos motos e identifican a una persona con pedido de captura en La Pampa\",\"datePublished\":\"2026-03-13T18:09:07+00:00\",\"dateModified\":\"2026-03-16T05:02:28+00:00\",\"mainEntityOfPage\":{\"@id\":\"https:\/\/infoecos.com.ar\/index.php\/operativo-de-transito-en-general-villegas-retienen-dos-motos-e-identifican-a-una-persona-con-pedido-de-captura-en-la-pampa\/\"},\"wordCount\":173,\"publisher\":{\"@id\":\"https:\/\/infoecos.com.ar\/#organization\"},\"image\":{\"@id\":\"https:\/\/infoecos.com.ar\/index.php\/operativo-de-transito-en-general-villegas-retienen-dos-motos-e-identifican-a-una-persona-con-pedido-de-captura-en-la-pampa\/#primaryimage\"},\"thumbnailUrl\":\"https:\/\/infoecos.com.ar\/wp-content\/uploads\/2026\/03\/WhatsApp-Image-2026-03-06-at-09.57.23-1.jpeg\",\"keywords\":[\"Bloque inferior\",\"DEPORTE\",\"Entretenimiento\",\"REGIONAL\"],\"inLanguage\":\"es\"},{\"@type\":\"WebPage\",\"@id\":\"https:\/\/infoecos.com.ar\/index.php\/operativo-de-transito-en-general-villegas-retienen-dos-motos-e-identifican-a-una-persona-con-pedido-de-captura-en-la-pampa\/\",\"url\":\"https:\/\/infoecos.com.ar\/index.php\/operativo-de-transito-en-general-villegas-retienen-dos-motos-e-identifican-a-una-persona-con-pedido-de-captura-en-la-pampa\/\",\"name\":\"Operativo de tr\u00e1nsito en General Villegas: retienen dos motos e identifican a una persona con pedido de captura en La Pampa - Infoecos\",\"isPartOf\":{\"@id\":\"https:\/\/infoecos.com.ar\/#website\"},\"primaryImageOfPage\":{\"@id\":\"https:\/\/infoecos.com.ar\/index.php\/operativo-de-transito-en-general-villegas-retienen-dos-motos-e-identifican-a-una-persona-con-pedido-de-captura-en-la-pampa\/#primaryimage\"},\"image\":{\"@id\":\"https:\/\/infoecos.com.ar\/index.php\/operativo-de-transito-en-general-villegas-retienen-dos-motos-e-identifican-a-una-persona-con-pedido-de-captura-en-la-pampa\/#primaryimage\"},\"thumbnailUrl\":\"https:\/\/infoecos.com.ar\/wp-content\/uploads\/2026\/03\/WhatsApp-Image-2026-03-06-at-09.57.23-1.jpeg\",\"datePublished\":\"2026-03-13T18:09:07+00:00\",\"dateModified\":\"2026-03-16T05:02:28+00:00\",\"breadcrumb\":{\"@id\":\"https:\/\/infoecos.com.ar\/index.php\/operativo-de-transito-en-general-villegas-retienen-dos-motos-e-identifican-a-una-persona-con-pedido-de-captura-en-la-pampa\/#breadcrumb\"},\"inLanguage\":\"es\",\"potentialAction\":[{\"@type\":\"ReadAction\",\"target\":[\"https:\/\/infoecos.com.ar\/index.php\/operativo-de-transito-en-general-villegas-retienen-dos-motos-e-identifican-a-una-persona-con-pedido-de-captura-en-la-pampa\/\"]}]},{\"@type\":\"ImageObject\",\"inLanguage\":\"es\",\"@id\":\"https:\/\/infoecos.com.ar\/index.php\/operativo-de-transito-en-general-villegas-retienen-dos-motos-e-identifican-a-una-persona-con-pedido-de-captura-en-la-pampa\/#primaryimage\",\"url\":\"https:\/\/infoecos.com.ar\/wp-content\/uploads\/2026\/03\/WhatsApp-Image-2026-03-06-at-09.57.23-1.jpeg\",\"contentUrl\":\"https:\/\/infoecos.com.ar\/wp-content\/uploads\/2026\/03\/WhatsApp-Image-2026-03-06-at-09.57.23-1.jpeg\",\"width\":1177,\"height\":831},{\"@type\":\"BreadcrumbList\",\"@id\":\"https:\/\/infoecos.com.ar\/index.php\/operativo-de-transito-en-general-villegas-retienen-dos-motos-e-identifican-a-una-persona-con-pedido-de-captura-en-la-pampa\/#breadcrumb\",\"itemListElement\":[{\"@type\":\"ListItem\",\"position\":1,\"name\":\"Portada\",\"item\":\"https:\/\/infoecos.com.ar\/\"},{\"@type\":\"ListItem\",\"position\":2,\"name\":\"Operativo de tr\u00e1nsito en General Villegas: retienen dos motos e identifican a una persona con pedido de captura en La Pampa\"}]},{\"@type\":\"WebSite\",\"@id\":\"https:\/\/infoecos.com.ar\/#website\",\"url\":\"https:\/\/infoecos.com.ar\/\",\"name\":\"Infoecos\",\"description\":\"Noticias de trenque lauquen y la zona\",\"publisher\":{\"@id\":\"https:\/\/infoecos.com.ar\/#organization\"},\"alternateName\":\"Noticias\",\"potentialAction\":[{\"@type\":\"SearchAction\",\"target\":{\"@type\":\"EntryPoint\",\"urlTemplate\":\"https:\/\/infoecos.com.ar\/?s={search_term_string}\"},\"query-input\":{\"@type\":\"PropertyValueSpecification\",\"valueRequired\":true,\"valueName\":\"search_term_string\"}}],\"inLanguage\":\"es\"},{\"@type\":\"Organization\",\"@id\":\"https:\/\/infoecos.com.ar\/#organization\",\"name\":\"Infoecos\",\"alternateName\":\"Noticias\",\"url\":\"https:\/\/infoecos.com.ar\/\",\"logo\":{\"@type\":\"ImageObject\",\"inLanguage\":\"es\",\"@id\":\"https:\/\/infoecos.com.ar\/#\/schema\/logo\/image\/\",\"url\":\"https:\/\/infoecos.com.ar\/wp-content\/uploads\/2024\/03\/cropped-logo.png\",\"contentUrl\":\"https:\/\/infoecos.com.ar\/wp-content\/uploads\/2024\/03\/cropped-logo.png\",\"width\":374,\"height\":90,\"caption\":\"Infoecos\"},\"image\":{\"@id\":\"https:\/\/infoecos.com.ar\/#\/schema\/logo\/image\/\"},\"sameAs\":[\"https:\/\/www.facebook.com\/profile.php?id=100063200290284\",\"https:\/\/x.com\/infoecos\"]},{\"@type\":\"Person\",\"@id\":\"https:\/\/infoecos.com.ar\/#\/schema\/person\/8f5ace5ce73b4b4aac4b7245aee6f191\",\"name\":\"Jorge Matheus\",\"url\":\"https:\/\/infoecos.com.ar\/index.php\/author\/jomatheus\/\"}]}<\/script>\n<!-- \/ Yoast SEO plugin. -->","yoast_head_json":{"title":"Operativo de tr\u00e1nsito en General Villegas: retienen dos motos e identifican a una persona con pedido de captura en La Pampa - Infoecos","robots":{"index":"index","follow":"follow","max-snippet":"max-snippet:-1","max-image-preview":"max-image-preview:large","max-video-preview":"max-video-preview:-1"},"canonical":"https:\/\/infoecos.com.ar\/index.php\/operativo-de-transito-en-general-villegas-retienen-dos-motos-e-identifican-a-una-persona-con-pedido-de-captura-en-la-pampa\/","og_locale":"es_ES","og_type":"article","og_title":"Operativo de tr\u00e1nsito en General Villegas: retienen dos motos e identifican a una persona con pedido de captura en La Pampa - Infoecos","og_description":"Participaron efectivos de la Estaci\u00f3n de Polic\u00eda Comunal, el Grupo T\u00e1ctico Operativo (GTO), personal de la Guardia Urbana y operadores del Centro de Monitoreo Municipal","og_url":"https:\/\/infoecos.com.ar\/index.php\/operativo-de-transito-en-general-villegas-retienen-dos-motos-e-identifican-a-una-persona-con-pedido-de-captura-en-la-pampa\/","og_site_name":"Infoecos","article_publisher":"https:\/\/www.facebook.com\/profile.php?id=100063200290284","article_published_time":"2026-03-13T18:09:07+00:00","article_modified_time":"2026-03-16T05:02:28+00:00","og_image":[{"width":1177,"height":831,"url":"https:\/\/infoecos.com.ar\/wp-content\/uploads\/2026\/03\/WhatsApp-Image-2026-03-06-at-09.57.23-1.jpeg","type":"image\/jpeg"}],"author":"Jorge Matheus","twitter_card":"summary_large_image","twitter_creator":"@infoecos","twitter_site":"@infoecos","twitter_misc":{"Escrito por":"Jorge Matheus","Tiempo de lectura":"2 minutos"},"schema":{"@context":"https:\/\/schema.org","@graph":[{"@type":"Article","@id":"https:\/\/infoecos.com.ar\/index.php\/operativo-de-transito-en-general-villegas-retienen-dos-motos-e-identifican-a-una-persona-con-pedido-de-captura-en-la-pampa\/#article","isPartOf":{"@id":"https:\/\/infoecos.com.ar\/index.php\/operativo-de-transito-en-general-villegas-retienen-dos-motos-e-identifican-a-una-persona-con-pedido-de-captura-en-la-pampa\/"},"author":{"name":"Jorge Matheus","@id":"https:\/\/infoecos.com.ar\/#\/schema\/person\/8f5ace5ce73b4b4aac4b7245aee6f191"},"headline":"Operativo de tr\u00e1nsito en General Villegas: retienen dos motos e identifican a una persona con pedido de captura en La Pampa","datePublished":"2026-03-13T18:09:07+00:00","dateModified":"2026-03-16T05:02:28+00:00","mainEntityOfPage":{"@id":"https:\/\/infoecos.com.ar\/index.php\/operativo-de-transito-en-general-villegas-retienen-dos-motos-e-identifican-a-una-persona-con-pedido-de-captura-en-la-pampa\/"},"wordCount":173,"publisher":{"@id":"https:\/\/infoecos.com.ar\/#organization"},"image":{"@id":"https:\/\/infoecos.com.ar\/index.php\/operativo-de-transito-en-general-villegas-retienen-dos-motos-e-identifican-a-una-persona-con-pedido-de-captura-en-la-pampa\/#primaryimage"},"thumbnailUrl":"https:\/\/infoecos.com.ar\/wp-content\/uploads\/2026\/03\/WhatsApp-Image-2026-03-06-at-09.57.23-1.jpeg","keywords":["Bloque inferior","DEPORTE","Entretenimiento","REGIONAL"],"inLanguage":"es"},{"@type":"WebPage","@id":"https:\/\/infoecos.com.ar\/index.php\/operativo-de-transito-en-general-villegas-retienen-dos-motos-e-identifican-a-una-persona-con-pedido-de-captura-en-la-pampa\/","url":"https:\/\/infoecos.com.ar\/index.php\/operativo-de-transito-en-general-villegas-retienen-dos-motos-e-identifican-a-una-persona-con-pedido-de-captura-en-la-pampa\/","name":"Operativo de tr\u00e1nsito en General Villegas: retienen dos motos e identifican a una persona con pedido de captura en La Pampa - Infoecos","isPartOf":{"@id":"https:\/\/infoecos.com.ar\/#website"},"primaryImageOfPage":{"@id":"https:\/\/infoecos.com.ar\/index.php\/operativo-de-transito-en-general-villegas-retienen-dos-motos-e-identifican-a-una-persona-con-pedido-de-captura-en-la-pampa\/#primaryimage"},"image":{"@id":"https:\/\/infoecos.com.ar\/index.php\/operativo-de-transito-en-general-villegas-retienen-dos-motos-e-identifican-a-una-persona-con-pedido-de-captura-en-la-pampa\/#primaryimage"},"thumbnailUrl":"https:\/\/infoecos.com.ar\/wp-content\/uploads\/2026\/03\/WhatsApp-Image-2026-03-06-at-09.57.23-1.jpeg","datePublished":"2026-03-13T18:09:07+00:00","dateModified":"2026-03-16T05:02:28+00:00","breadcrumb":{"@id":"https:\/\/infoecos.com.ar\/index.php\/operativo-de-transito-en-general-villegas-retienen-dos-motos-e-identifican-a-una-persona-con-pedido-de-captura-en-la-pampa\/#breadcrumb"},"inLanguage":"es","potentialAction":[{"@type":"ReadAction","target":["https:\/\/infoecos.com.ar\/index.php\/operativo-de-transito-en-general-villegas-retienen-dos-motos-e-identifican-a-una-persona-con-pedido-de-captura-en-la-pampa\/"]}]},{"@type":"ImageObject","inLanguage":"es","@id":"https:\/\/infoecos.com.ar\/index.php\/operativo-de-transito-en-general-villegas-retienen-dos-motos-e-identifican-a-una-persona-con-pedido-de-captura-en-la-pampa\/#primaryimage","url":"https:\/\/infoecos.com.ar\/wp-content\/uploads\/2026\/03\/WhatsApp-Image-2026-03-06-at-09.57.23-1.jpeg","contentUrl":"https:\/\/infoecos.com.ar\/wp-content\/uploads\/2026\/03\/WhatsApp-Image-2026-03-06-at-09.57.23-1.jpeg","width":1177,"height":831},{"@type":"BreadcrumbList","@id":"https:\/\/infoecos.com.ar\/index.php\/operativo-de-transito-en-general-villegas-retienen-dos-motos-e-identifican-a-una-persona-con-pedido-de-captura-en-la-pampa\/#breadcrumb","itemListElement":[{"@type":"ListItem","position":1,"name":"Portada","item":"https:\/\/infoecos.com.ar\/"},{"@type":"ListItem","position":2,"name":"Operativo de tr\u00e1nsito en General Villegas: retienen dos motos e identifican a una persona con pedido de captura en La Pampa"}]},{"@type":"WebSite","@id":"https:\/\/infoecos.com.ar\/#website","url":"https:\/\/infoecos.com.ar\/","name":"Infoecos","description":"Noticias de trenque lauquen y la zona","publisher":{"@id":"https:\/\/infoecos.com.ar\/#organization"},"alternateName":"Noticias","potentialAction":[{"@type":"SearchAction","target":{"@type":"EntryPoint","urlTemplate":"https:\/\/infoecos.com.ar\/?s={search_term_string}"},"query-input":{"@type":"PropertyValueSpecification","valueRequired":true,"valueName":"search_term_string"}}],"inLanguage":"es"},{"@type":"Organization","@id":"https:\/\/infoecos.com.ar\/#organization","name":"Infoecos","alternateName":"Noticias","url":"https:\/\/infoecos.com.ar\/","logo":{"@type":"ImageObject","inLanguage":"es","@id":"https:\/\/infoecos.com.ar\/#\/schema\/logo\/image\/","url":"https:\/\/infoecos.com.ar\/wp-content\/uploads\/2024\/03\/cropped-logo.png","contentUrl":"https:\/\/infoecos.com.ar\/wp-content\/uploads\/2024\/03\/cropped-logo.png","width":374,"height":90,"caption":"Infoecos"},"image":{"@id":"https:\/\/infoecos.com.ar\/#\/schema\/logo\/image\/"},"sameAs":["https:\/\/www.facebook.com\/profile.php?id=100063200290284","https:\/\/x.com\/infoecos"]},{"@type":"Person","@id":"https:\/\/infoecos.com.ar\/#\/schema\/person\/8f5ace5ce73b4b4aac4b7245aee6f191","name":"Jorge Matheus","url":"https:\/\/infoecos.com.ar\/index.php\/author\/jomatheus\/"}]}},"featured_image_urls":{"full":["https:\/\/infoecos.com.ar\/wp-content\/uploads\/2026\/03\/WhatsApp-Image-2026-03-06-at-09.57.23-1.jpeg",1177,831,false],"thumbnail":["https:\/\/infoecos.com.ar\/wp-content\/uploads\/2026\/03\/WhatsApp-Image-2026-03-06-at-09.57.23-1-300x150.jpeg",300,150,true],"medium":["https:\/\/infoecos.com.ar\/wp-content\/uploads\/2026\/03\/WhatsApp-Image-2026-03-06-at-09.57.23-1-800x565.jpeg",800,565,true],"medium_large":["https:\/\/infoecos.com.ar\/wp-content\/uploads\/2026\/03\/WhatsApp-Image-2026-03-06-at-09.57.23-1-768x542.jpeg",640,452,true],"large":["https:\/\/infoecos.com.ar\/wp-content\/uploads\/2026\/03\/WhatsApp-Image-2026-03-06-at-09.57.23-1.jpeg",640,452,false],"1536x1536":["https:\/\/infoecos.com.ar\/wp-content\/uploads\/2026\/03\/WhatsApp-Image-2026-03-06-at-09.57.23-1.jpeg",1177,831,false],"2048x2048":["https:\/\/infoecos.com.ar\/wp-content\/uploads\/2026\/03\/WhatsApp-Image-2026-03-06-at-09.57.23-1.jpeg",1177,831,false],"covernews-slider-full":["https:\/\/infoecos.com.ar\/wp-content\/uploads\/2026\/03\/WhatsApp-Image-2026-03-06-at-09.57.23-1-1115x715.jpeg",1115,715,true],"covernews-slider-center":["https:\/\/infoecos.com.ar\/wp-content\/uploads\/2026\/03\/WhatsApp-Image-2026-03-06-at-09.57.23-1-800x500.jpeg",800,500,true],"covernews-featured":["https:\/\/infoecos.com.ar\/wp-content\/uploads\/2026\/03\/WhatsApp-Image-2026-03-06-at-09.57.23-1-1024x723.jpeg",1024,723,true],"covernews-medium":["https:\/\/infoecos.com.ar\/wp-content\/uploads\/2026\/03\/WhatsApp-Image-2026-03-06-at-09.57.23-1-540x340.jpeg",540,340,true],"covernews-medium-square":["https:\/\/infoecos.com.ar\/wp-content\/uploads\/2026\/03\/WhatsApp-Image-2026-03-06-at-09.57.23-1-400x250.jpeg",400,250,true]},"author_info":{"info":["Jorge Matheus"]},"category_info":"<a href=\"https:\/\/infoecos.com.ar\/index.php\/category\/sin-categoria\/\" rel=\"category tag\">Sin categor\u00eda<\/a>","tag_info":"Sin categor\u00eda","comment_count":"0","_links":{"self":[{"href":"https:\/\/infoecos.com.ar\/index.php\/wp-json\/wp\/v2\/posts\/154937"}],"collection":[{"href":"https:\/\/infoecos.com.ar\/index.php\/wp-json\/wp\/v2\/posts"}],"about":[{"href":"https:\/\/infoecos.com.ar\/index.php\/wp-json\/wp\/v2\/types\/post"}],"author":[{"embeddable":true,"href":"https:\/\/infoecos.com.ar\/index.php\/wp-json\/wp\/v2\/users\/2"}],"replies":[{"embeddable":true,"href":"https:\/\/infoecos.com.ar\/index.php\/wp-json\/wp\/v2\/comments?post=154937"}],"version-history":[{"count":1,"href":"https:\/\/infoecos.com.ar\/index.php\/wp-json\/wp\/v2\/posts\/154937\/revisions"}],"predecessor-version":[{"id":154940,"href":"https:\/\/infoecos.com.ar\/index.php\/wp-json\/wp\/v2\/posts\/154937\/revisions\/154940"}],"wp:featuredmedia":[{"embeddable":true,"href":"https:\/\/infoecos.com.ar\/index.php\/wp-json\/wp\/v2\/media\/154938"}],"wp:attachment":[{"href":"https:\/\/infoecos.com.ar\/index.php\/wp-json\/wp\/v2\/media?parent=154937"}],"wp:term":[{"taxonomy":"category","embeddable":true,"href":"https:\/\/infoecos.com.ar\/index.php\/wp-json\/wp\/v2\/categories?post=154937"},{"taxonomy":"post_tag","embeddable":true,"href":"https:\/\/infoecos.com.ar\/index.php\/wp-json\/wp\/v2\/tags?post=154937"}],"curies":[{"name":"wp","href":"https:\/\/api.w.org\/{rel}","templated":true}]}}