{"id":154941,"date":"2026-03-13T15:21:30","date_gmt":"2026-03-13T18:21:30","guid":{"rendered":"https:\/\/infoecos.com.ar\/?p=154941"},"modified":"2026-03-14T16:59:10","modified_gmt":"2026-03-14T19:59:10","slug":"el-municipio-de-trenque-lauquen-adquirio-una-maquina-de-demarcacion-vial","status":"publish","type":"post","link":"https:\/\/infoecos.com.ar\/index.php\/el-municipio-de-trenque-lauquen-adquirio-una-maquina-de-demarcacion-vial\/","title":{"rendered":"El municipio de Trenque Lauquen adquiri\u00f3 una m\u00e1quina de demarcaci\u00f3n vial"},"content":{"rendered":"\n<p>La Municipalidad de Trenque Lauquen adquiri\u00f3 una m\u00e1quina de demarcaci\u00f3n vial en fr\u00edo que se utilizar\u00e1 para trabajos de se\u00f1alizaci\u00f3n vial horizontal, como por ejemplo pintado de cord\u00f3n cuneta, delimitaciones de estacionamientos, sendas peatonales y l\u00edneas de frenado, entre otros.<\/p>\n\n\n\n<p>Est\u00e1 destinada al \u00e1rea de Conservaci\u00f3n de Caminos Urbanos, y demand\u00f3 una inversi\u00f3n de $16.823.625.<\/p>\n\n\n\n<figure class=\"wp-block-gallery has-nested-images columns-default is-cropped wp-block-gallery-1 is-layout-flex wp-block-gallery-is-layout-flex\">\n<figure class=\"wp-block-image size-large\"><img loading=\"lazy\" decoding=\"async\" width=\"1600\" height=\"1067\" data-id=\"154944\" src=\"https:\/\/infoecos.com.ar\/wp-content\/uploads\/2026\/03\/Maquina-de-demarcacion-vial-1-1600x1067.jpg\" alt=\"\" class=\"wp-image-154944\" srcset=\"https:\/\/infoecos.com.ar\/wp-content\/uploads\/2026\/03\/Maquina-de-demarcacion-vial-1-1600x1067.jpg 1600w, https:\/\/infoecos.com.ar\/wp-content\/uploads\/2026\/03\/Maquina-de-demarcacion-vial-1-800x533.jpg 800w, https:\/\/infoecos.com.ar\/wp-content\/uploads\/2026\/03\/Maquina-de-demarcacion-vial-1-768x512.jpg 768w, https:\/\/infoecos.com.ar\/wp-content\/uploads\/2026\/03\/Maquina-de-demarcacion-vial-1-1536x1024.jpg 1536w, https:\/\/infoecos.com.ar\/wp-content\/uploads\/2026\/03\/Maquina-de-demarcacion-vial-1-2048x1365.jpg 2048w, https:\/\/infoecos.com.ar\/wp-content\/uploads\/2026\/03\/Maquina-de-demarcacion-vial-1-1024x683.jpg 1024w\" sizes=\"(max-width: 1600px) 100vw, 1600px\" \/><\/figure>\n\n\n\n<figure class=\"wp-block-image size-large\"><img loading=\"lazy\" decoding=\"async\" width=\"1600\" height=\"1067\" data-id=\"154945\" src=\"https:\/\/infoecos.com.ar\/wp-content\/uploads\/2026\/03\/Maquina-de-demarcacion-vial-3-1600x1067.jpg\" alt=\"\" class=\"wp-image-154945\" srcset=\"https:\/\/infoecos.com.ar\/wp-content\/uploads\/2026\/03\/Maquina-de-demarcacion-vial-3-1600x1067.jpg 1600w, https:\/\/infoecos.com.ar\/wp-content\/uploads\/2026\/03\/Maquina-de-demarcacion-vial-3-800x533.jpg 800w, https:\/\/infoecos.com.ar\/wp-content\/uploads\/2026\/03\/Maquina-de-demarcacion-vial-3-768x512.jpg 768w, https:\/\/infoecos.com.ar\/wp-content\/uploads\/2026\/03\/Maquina-de-demarcacion-vial-3-1536x1024.jpg 1536w, https:\/\/infoecos.com.ar\/wp-content\/uploads\/2026\/03\/Maquina-de-demarcacion-vial-3-2048x1365.jpg 2048w, https:\/\/infoecos.com.ar\/wp-content\/uploads\/2026\/03\/Maquina-de-demarcacion-vial-3-1024x683.jpg 1024w\" sizes=\"(max-width: 1600px) 100vw, 1600px\" \/><\/figure>\n\n\n\n<figure class=\"wp-block-image size-large\"><img loading=\"lazy\" decoding=\"async\" width=\"1600\" height=\"1067\" data-id=\"154943\" src=\"https:\/\/infoecos.com.ar\/wp-content\/uploads\/2026\/03\/Maquina-de-demarcacion-vial-4-1600x1067.jpg\" alt=\"\" class=\"wp-image-154943\" srcset=\"https:\/\/infoecos.com.ar\/wp-content\/uploads\/2026\/03\/Maquina-de-demarcacion-vial-4-1600x1067.jpg 1600w, https:\/\/infoecos.com.ar\/wp-content\/uploads\/2026\/03\/Maquina-de-demarcacion-vial-4-800x533.jpg 800w, https:\/\/infoecos.com.ar\/wp-content\/uploads\/2026\/03\/Maquina-de-demarcacion-vial-4-768x512.jpg 768w, https:\/\/infoecos.com.ar\/wp-content\/uploads\/2026\/03\/Maquina-de-demarcacion-vial-4-1536x1024.jpg 1536w, https:\/\/infoecos.com.ar\/wp-content\/uploads\/2026\/03\/Maquina-de-demarcacion-vial-4-2048x1365.jpg 2048w, https:\/\/infoecos.com.ar\/wp-content\/uploads\/2026\/03\/Maquina-de-demarcacion-vial-4-1024x683.jpg 1024w\" sizes=\"(max-width: 1600px) 100vw, 1600px\" \/><\/figure>\n<\/figure>\n","protected":false},"excerpt":{"rendered":"<p>Demand\u00f3 una inversi\u00f3n de $16.823.625.<\/p>\n","protected":false},"author":2,"featured_media":154945,"comment_status":"closed","ping_status":"open","sticky":false,"template":"","format":"standard","meta":{"footnotes":""},"categories":[1],"tags":[1750,1500],"class_list":["post-154941","post","type-post","status-publish","format-standard","has-post-thumbnail","hentry","category-sin-categoria","tag-deporte","tag-regional"],"yoast_head":"<!-- This site is optimized with the Yoast SEO plugin v23.4 - https:\/\/yoast.com\/wordpress\/plugins\/seo\/ -->\n<title>El municipio de Trenque Lauquen adquiri\u00f3 una m\u00e1quina de demarcaci\u00f3n vial - Infoecos<\/title>\n<meta name=\"robots\" content=\"index, follow, max-snippet:-1, max-image-preview:large, max-video-preview:-1\" \/>\n<link rel=\"canonical\" href=\"https:\/\/infoecos.com.ar\/index.php\/el-municipio-de-trenque-lauquen-adquirio-una-maquina-de-demarcacion-vial\/\" \/>\n<meta property=\"og:locale\" content=\"es_ES\" \/>\n<meta property=\"og:type\" content=\"article\" \/>\n<meta property=\"og:title\" content=\"El municipio de Trenque Lauquen adquiri\u00f3 una m\u00e1quina de demarcaci\u00f3n vial - Infoecos\" \/>\n<meta property=\"og:description\" content=\"Demand\u00f3 una inversi\u00f3n de $16.823.625.\" \/>\n<meta property=\"og:url\" content=\"https:\/\/infoecos.com.ar\/index.php\/el-municipio-de-trenque-lauquen-adquirio-una-maquina-de-demarcacion-vial\/\" \/>\n<meta property=\"og:site_name\" content=\"Infoecos\" \/>\n<meta property=\"article:publisher\" content=\"https:\/\/www.facebook.com\/profile.php?id=100063200290284\" \/>\n<meta property=\"article:published_time\" content=\"2026-03-13T18:21:30+00:00\" \/>\n<meta property=\"article:modified_time\" content=\"2026-03-14T19:59:10+00:00\" \/>\n<meta property=\"og:image\" content=\"https:\/\/infoecos.com.ar\/wp-content\/uploads\/2026\/03\/Maquina-de-demarcacion-vial-3-scaled.jpg\" \/>\n\t<meta property=\"og:image:width\" content=\"2560\" \/>\n\t<meta property=\"og:image:height\" content=\"1706\" \/>\n\t<meta property=\"og:image:type\" content=\"image\/jpeg\" \/>\n<meta name=\"author\" content=\"Jorge Matheus\" \/>\n<meta name=\"twitter:card\" content=\"summary_large_image\" \/>\n<meta name=\"twitter:creator\" content=\"@infoecos\" \/>\n<meta name=\"twitter:site\" content=\"@infoecos\" \/>\n<meta name=\"twitter:label1\" content=\"Escrito por\" \/>\n\t<meta name=\"twitter:data1\" content=\"Jorge Matheus\" \/>\n\t<meta name=\"twitter:label2\" content=\"Tiempo de lectura\" \/>\n\t<meta name=\"twitter:data2\" content=\"2 minutos\" \/>\n<script type=\"application\/ld+json\" class=\"yoast-schema-graph\">{\"@context\":\"https:\/\/schema.org\",\"@graph\":[{\"@type\":\"Article\",\"@id\":\"https:\/\/infoecos.com.ar\/index.php\/el-municipio-de-trenque-lauquen-adquirio-una-maquina-de-demarcacion-vial\/#article\",\"isPartOf\":{\"@id\":\"https:\/\/infoecos.com.ar\/index.php\/el-municipio-de-trenque-lauquen-adquirio-una-maquina-de-demarcacion-vial\/\"},\"author\":{\"name\":\"Jorge Matheus\",\"@id\":\"https:\/\/infoecos.com.ar\/#\/schema\/person\/8f5ace5ce73b4b4aac4b7245aee6f191\"},\"headline\":\"El municipio de Trenque Lauquen adquiri\u00f3 una m\u00e1quina de demarcaci\u00f3n vial\",\"datePublished\":\"2026-03-13T18:21:30+00:00\",\"dateModified\":\"2026-03-14T19:59:10+00:00\",\"mainEntityOfPage\":{\"@id\":\"https:\/\/infoecos.com.ar\/index.php\/el-municipio-de-trenque-lauquen-adquirio-una-maquina-de-demarcacion-vial\/\"},\"wordCount\":76,\"publisher\":{\"@id\":\"https:\/\/infoecos.com.ar\/#organization\"},\"image\":{\"@id\":\"https:\/\/infoecos.com.ar\/index.php\/el-municipio-de-trenque-lauquen-adquirio-una-maquina-de-demarcacion-vial\/#primaryimage\"},\"thumbnailUrl\":\"https:\/\/infoecos.com.ar\/wp-content\/uploads\/2026\/03\/Maquina-de-demarcacion-vial-3-scaled.jpg\",\"keywords\":[\"DEPORTE\",\"REGIONAL\"],\"inLanguage\":\"es\"},{\"@type\":\"WebPage\",\"@id\":\"https:\/\/infoecos.com.ar\/index.php\/el-municipio-de-trenque-lauquen-adquirio-una-maquina-de-demarcacion-vial\/\",\"url\":\"https:\/\/infoecos.com.ar\/index.php\/el-municipio-de-trenque-lauquen-adquirio-una-maquina-de-demarcacion-vial\/\",\"name\":\"El municipio de Trenque Lauquen adquiri\u00f3 una m\u00e1quina de demarcaci\u00f3n vial - Infoecos\",\"isPartOf\":{\"@id\":\"https:\/\/infoecos.com.ar\/#website\"},\"primaryImageOfPage\":{\"@id\":\"https:\/\/infoecos.com.ar\/index.php\/el-municipio-de-trenque-lauquen-adquirio-una-maquina-de-demarcacion-vial\/#primaryimage\"},\"image\":{\"@id\":\"https:\/\/infoecos.com.ar\/index.php\/el-municipio-de-trenque-lauquen-adquirio-una-maquina-de-demarcacion-vial\/#primaryimage\"},\"thumbnailUrl\":\"https:\/\/infoecos.com.ar\/wp-content\/uploads\/2026\/03\/Maquina-de-demarcacion-vial-3-scaled.jpg\",\"datePublished\":\"2026-03-13T18:21:30+00:00\",\"dateModified\":\"2026-03-14T19:59:10+00:00\",\"breadcrumb\":{\"@id\":\"https:\/\/infoecos.com.ar\/index.php\/el-municipio-de-trenque-lauquen-adquirio-una-maquina-de-demarcacion-vial\/#breadcrumb\"},\"inLanguage\":\"es\",\"potentialAction\":[{\"@type\":\"ReadAction\",\"target\":[\"https:\/\/infoecos.com.ar\/index.php\/el-municipio-de-trenque-lauquen-adquirio-una-maquina-de-demarcacion-vial\/\"]}]},{\"@type\":\"ImageObject\",\"inLanguage\":\"es\",\"@id\":\"https:\/\/infoecos.com.ar\/index.php\/el-municipio-de-trenque-lauquen-adquirio-una-maquina-de-demarcacion-vial\/#primaryimage\",\"url\":\"https:\/\/infoecos.com.ar\/wp-content\/uploads\/2026\/03\/Maquina-de-demarcacion-vial-3-scaled.jpg\",\"contentUrl\":\"https:\/\/infoecos.com.ar\/wp-content\/uploads\/2026\/03\/Maquina-de-demarcacion-vial-3-scaled.jpg\",\"width\":2560,\"height\":1706},{\"@type\":\"BreadcrumbList\",\"@id\":\"https:\/\/infoecos.com.ar\/index.php\/el-municipio-de-trenque-lauquen-adquirio-una-maquina-de-demarcacion-vial\/#breadcrumb\",\"itemListElement\":[{\"@type\":\"ListItem\",\"position\":1,\"name\":\"Portada\",\"item\":\"https:\/\/infoecos.com.ar\/\"},{\"@type\":\"ListItem\",\"position\":2,\"name\":\"El municipio de Trenque Lauquen adquiri\u00f3 una m\u00e1quina de demarcaci\u00f3n vial\"}]},{\"@type\":\"WebSite\",\"@id\":\"https:\/\/infoecos.com.ar\/#website\",\"url\":\"https:\/\/infoecos.com.ar\/\",\"name\":\"Infoecos\",\"description\":\"Noticias de trenque lauquen y la zona\",\"publisher\":{\"@id\":\"https:\/\/infoecos.com.ar\/#organization\"},\"alternateName\":\"Noticias\",\"potentialAction\":[{\"@type\":\"SearchAction\",\"target\":{\"@type\":\"EntryPoint\",\"urlTemplate\":\"https:\/\/infoecos.com.ar\/?s={search_term_string}\"},\"query-input\":{\"@type\":\"PropertyValueSpecification\",\"valueRequired\":true,\"valueName\":\"search_term_string\"}}],\"inLanguage\":\"es\"},{\"@type\":\"Organization\",\"@id\":\"https:\/\/infoecos.com.ar\/#organization\",\"name\":\"Infoecos\",\"alternateName\":\"Noticias\",\"url\":\"https:\/\/infoecos.com.ar\/\",\"logo\":{\"@type\":\"ImageObject\",\"inLanguage\":\"es\",\"@id\":\"https:\/\/infoecos.com.ar\/#\/schema\/logo\/image\/\",\"url\":\"https:\/\/infoecos.com.ar\/wp-content\/uploads\/2024\/03\/cropped-logo.png\",\"contentUrl\":\"https:\/\/infoecos.com.ar\/wp-content\/uploads\/2024\/03\/cropped-logo.png\",\"width\":374,\"height\":90,\"caption\":\"Infoecos\"},\"image\":{\"@id\":\"https:\/\/infoecos.com.ar\/#\/schema\/logo\/image\/\"},\"sameAs\":[\"https:\/\/www.facebook.com\/profile.php?id=100063200290284\",\"https:\/\/x.com\/infoecos\"]},{\"@type\":\"Person\",\"@id\":\"https:\/\/infoecos.com.ar\/#\/schema\/person\/8f5ace5ce73b4b4aac4b7245aee6f191\",\"name\":\"Jorge Matheus\",\"url\":\"https:\/\/infoecos.com.ar\/index.php\/author\/jomatheus\/\"}]}<\/script>\n<!-- \/ Yoast SEO plugin. -->","yoast_head_json":{"title":"El municipio de Trenque Lauquen adquiri\u00f3 una m\u00e1quina de demarcaci\u00f3n vial - Infoecos","robots":{"index":"index","follow":"follow","max-snippet":"max-snippet:-1","max-image-preview":"max-image-preview:large","max-video-preview":"max-video-preview:-1"},"canonical":"https:\/\/infoecos.com.ar\/index.php\/el-municipio-de-trenque-lauquen-adquirio-una-maquina-de-demarcacion-vial\/","og_locale":"es_ES","og_type":"article","og_title":"El municipio de Trenque Lauquen adquiri\u00f3 una m\u00e1quina de demarcaci\u00f3n vial - Infoecos","og_description":"Demand\u00f3 una inversi\u00f3n de $16.823.625.","og_url":"https:\/\/infoecos.com.ar\/index.php\/el-municipio-de-trenque-lauquen-adquirio-una-maquina-de-demarcacion-vial\/","og_site_name":"Infoecos","article_publisher":"https:\/\/www.facebook.com\/profile.php?id=100063200290284","article_published_time":"2026-03-13T18:21:30+00:00","article_modified_time":"2026-03-14T19:59:10+00:00","og_image":[{"width":2560,"height":1706,"url":"https:\/\/infoecos.com.ar\/wp-content\/uploads\/2026\/03\/Maquina-de-demarcacion-vial-3-scaled.jpg","type":"image\/jpeg"}],"author":"Jorge Matheus","twitter_card":"summary_large_image","twitter_creator":"@infoecos","twitter_site":"@infoecos","twitter_misc":{"Escrito por":"Jorge Matheus","Tiempo de lectura":"2 minutos"},"schema":{"@context":"https:\/\/schema.org","@graph":[{"@type":"Article","@id":"https:\/\/infoecos.com.ar\/index.php\/el-municipio-de-trenque-lauquen-adquirio-una-maquina-de-demarcacion-vial\/#article","isPartOf":{"@id":"https:\/\/infoecos.com.ar\/index.php\/el-municipio-de-trenque-lauquen-adquirio-una-maquina-de-demarcacion-vial\/"},"author":{"name":"Jorge Matheus","@id":"https:\/\/infoecos.com.ar\/#\/schema\/person\/8f5ace5ce73b4b4aac4b7245aee6f191"},"headline":"El municipio de Trenque Lauquen adquiri\u00f3 una m\u00e1quina de demarcaci\u00f3n vial","datePublished":"2026-03-13T18:21:30+00:00","dateModified":"2026-03-14T19:59:10+00:00","mainEntityOfPage":{"@id":"https:\/\/infoecos.com.ar\/index.php\/el-municipio-de-trenque-lauquen-adquirio-una-maquina-de-demarcacion-vial\/"},"wordCount":76,"publisher":{"@id":"https:\/\/infoecos.com.ar\/#organization"},"image":{"@id":"https:\/\/infoecos.com.ar\/index.php\/el-municipio-de-trenque-lauquen-adquirio-una-maquina-de-demarcacion-vial\/#primaryimage"},"thumbnailUrl":"https:\/\/infoecos.com.ar\/wp-content\/uploads\/2026\/03\/Maquina-de-demarcacion-vial-3-scaled.jpg","keywords":["DEPORTE","REGIONAL"],"inLanguage":"es"},{"@type":"WebPage","@id":"https:\/\/infoecos.com.ar\/index.php\/el-municipio-de-trenque-lauquen-adquirio-una-maquina-de-demarcacion-vial\/","url":"https:\/\/infoecos.com.ar\/index.php\/el-municipio-de-trenque-lauquen-adquirio-una-maquina-de-demarcacion-vial\/","name":"El municipio de Trenque Lauquen adquiri\u00f3 una m\u00e1quina de demarcaci\u00f3n vial - Infoecos","isPartOf":{"@id":"https:\/\/infoecos.com.ar\/#website"},"primaryImageOfPage":{"@id":"https:\/\/infoecos.com.ar\/index.php\/el-municipio-de-trenque-lauquen-adquirio-una-maquina-de-demarcacion-vial\/#primaryimage"},"image":{"@id":"https:\/\/infoecos.com.ar\/index.php\/el-municipio-de-trenque-lauquen-adquirio-una-maquina-de-demarcacion-vial\/#primaryimage"},"thumbnailUrl":"https:\/\/infoecos.com.ar\/wp-content\/uploads\/2026\/03\/Maquina-de-demarcacion-vial-3-scaled.jpg","datePublished":"2026-03-13T18:21:30+00:00","dateModified":"2026-03-14T19:59:10+00:00","breadcrumb":{"@id":"https:\/\/infoecos.com.ar\/index.php\/el-municipio-de-trenque-lauquen-adquirio-una-maquina-de-demarcacion-vial\/#breadcrumb"},"inLanguage":"es","potentialAction":[{"@type":"ReadAction","target":["https:\/\/infoecos.com.ar\/index.php\/el-municipio-de-trenque-lauquen-adquirio-una-maquina-de-demarcacion-vial\/"]}]},{"@type":"ImageObject","inLanguage":"es","@id":"https:\/\/infoecos.com.ar\/index.php\/el-municipio-de-trenque-lauquen-adquirio-una-maquina-de-demarcacion-vial\/#primaryimage","url":"https:\/\/infoecos.com.ar\/wp-content\/uploads\/2026\/03\/Maquina-de-demarcacion-vial-3-scaled.jpg","contentUrl":"https:\/\/infoecos.com.ar\/wp-content\/uploads\/2026\/03\/Maquina-de-demarcacion-vial-3-scaled.jpg","width":2560,"height":1706},{"@type":"BreadcrumbList","@id":"https:\/\/infoecos.com.ar\/index.php\/el-municipio-de-trenque-lauquen-adquirio-una-maquina-de-demarcacion-vial\/#breadcrumb","itemListElement":[{"@type":"ListItem","position":1,"name":"Portada","item":"https:\/\/infoecos.com.ar\/"},{"@type":"ListItem","position":2,"name":"El municipio de Trenque Lauquen adquiri\u00f3 una m\u00e1quina de demarcaci\u00f3n vial"}]},{"@type":"WebSite","@id":"https:\/\/infoecos.com.ar\/#website","url":"https:\/\/infoecos.com.ar\/","name":"Infoecos","description":"Noticias de trenque lauquen y la zona","publisher":{"@id":"https:\/\/infoecos.com.ar\/#organization"},"alternateName":"Noticias","potentialAction":[{"@type":"SearchAction","target":{"@type":"EntryPoint","urlTemplate":"https:\/\/infoecos.com.ar\/?s={search_term_string}"},"query-input":{"@type":"PropertyValueSpecification","valueRequired":true,"valueName":"search_term_string"}}],"inLanguage":"es"},{"@type":"Organization","@id":"https:\/\/infoecos.com.ar\/#organization","name":"Infoecos","alternateName":"Noticias","url":"https:\/\/infoecos.com.ar\/","logo":{"@type":"ImageObject","inLanguage":"es","@id":"https:\/\/infoecos.com.ar\/#\/schema\/logo\/image\/","url":"https:\/\/infoecos.com.ar\/wp-content\/uploads\/2024\/03\/cropped-logo.png","contentUrl":"https:\/\/infoecos.com.ar\/wp-content\/uploads\/2024\/03\/cropped-logo.png","width":374,"height":90,"caption":"Infoecos"},"image":{"@id":"https:\/\/infoecos.com.ar\/#\/schema\/logo\/image\/"},"sameAs":["https:\/\/www.facebook.com\/profile.php?id=100063200290284","https:\/\/x.com\/infoecos"]},{"@type":"Person","@id":"https:\/\/infoecos.com.ar\/#\/schema\/person\/8f5ace5ce73b4b4aac4b7245aee6f191","name":"Jorge Matheus","url":"https:\/\/infoecos.com.ar\/index.php\/author\/jomatheus\/"}]}},"featured_image_urls":{"full":["https:\/\/infoecos.com.ar\/wp-content\/uploads\/2026\/03\/Maquina-de-demarcacion-vial-3-scaled.jpg",2560,1706,false],"thumbnail":["https:\/\/infoecos.com.ar\/wp-content\/uploads\/2026\/03\/Maquina-de-demarcacion-vial-3-300x150.jpg",300,150,true],"medium":["https:\/\/infoecos.com.ar\/wp-content\/uploads\/2026\/03\/Maquina-de-demarcacion-vial-3-800x533.jpg",800,533,true],"medium_large":["https:\/\/infoecos.com.ar\/wp-content\/uploads\/2026\/03\/Maquina-de-demarcacion-vial-3-768x512.jpg",640,427,true],"large":["https:\/\/infoecos.com.ar\/wp-content\/uploads\/2026\/03\/Maquina-de-demarcacion-vial-3-1600x1067.jpg",640,427,true],"1536x1536":["https:\/\/infoecos.com.ar\/wp-content\/uploads\/2026\/03\/Maquina-de-demarcacion-vial-3-1536x1024.jpg",1536,1024,true],"2048x2048":["https:\/\/infoecos.com.ar\/wp-content\/uploads\/2026\/03\/Maquina-de-demarcacion-vial-3-2048x1365.jpg",2048,1365,true],"covernews-slider-full":["https:\/\/infoecos.com.ar\/wp-content\/uploads\/2026\/03\/Maquina-de-demarcacion-vial-3-1115x715.jpg",1115,715,true],"covernews-slider-center":["https:\/\/infoecos.com.ar\/wp-content\/uploads\/2026\/03\/Maquina-de-demarcacion-vial-3-800x500.jpg",800,500,true],"covernews-featured":["https:\/\/infoecos.com.ar\/wp-content\/uploads\/2026\/03\/Maquina-de-demarcacion-vial-3-1024x683.jpg",1024,683,true],"covernews-medium":["https:\/\/infoecos.com.ar\/wp-content\/uploads\/2026\/03\/Maquina-de-demarcacion-vial-3-540x340.jpg",540,340,true],"covernews-medium-square":["https:\/\/infoecos.com.ar\/wp-content\/uploads\/2026\/03\/Maquina-de-demarcacion-vial-3-400x250.jpg",400,250,true]},"author_info":{"info":["Jorge Matheus"]},"category_info":"<a href=\"https:\/\/infoecos.com.ar\/index.php\/category\/sin-categoria\/\" rel=\"category tag\">Sin categor\u00eda<\/a>","tag_info":"Sin categor\u00eda","comment_count":"0","_links":{"self":[{"href":"https:\/\/infoecos.com.ar\/index.php\/wp-json\/wp\/v2\/posts\/154941"}],"collection":[{"href":"https:\/\/infoecos.com.ar\/index.php\/wp-json\/wp\/v2\/posts"}],"about":[{"href":"https:\/\/infoecos.com.ar\/index.php\/wp-json\/wp\/v2\/types\/post"}],"author":[{"embeddable":true,"href":"https:\/\/infoecos.com.ar\/index.php\/wp-json\/wp\/v2\/users\/2"}],"replies":[{"embeddable":true,"href":"https:\/\/infoecos.com.ar\/index.php\/wp-json\/wp\/v2\/comments?post=154941"}],"version-history":[{"count":1,"href":"https:\/\/infoecos.com.ar\/index.php\/wp-json\/wp\/v2\/posts\/154941\/revisions"}],"predecessor-version":[{"id":154946,"href":"https:\/\/infoecos.com.ar\/index.php\/wp-json\/wp\/v2\/posts\/154941\/revisions\/154946"}],"wp:featuredmedia":[{"embeddable":true,"href":"https:\/\/infoecos.com.ar\/index.php\/wp-json\/wp\/v2\/media\/154945"}],"wp:attachment":[{"href":"https:\/\/infoecos.com.ar\/index.php\/wp-json\/wp\/v2\/media?parent=154941"}],"wp:term":[{"taxonomy":"category","embeddable":true,"href":"https:\/\/infoecos.com.ar\/index.php\/wp-json\/wp\/v2\/categories?post=154941"},{"taxonomy":"post_tag","embeddable":true,"href":"https:\/\/infoecos.com.ar\/index.php\/wp-json\/wp\/v2\/tags?post=154941"}],"curies":[{"name":"wp","href":"https:\/\/api.w.org\/{rel}","templated":true}]}}