{"id":154968,"date":"2026-03-14T03:01:00","date_gmt":"2026-03-14T06:01:00","guid":{"rendered":"https:\/\/infoecos.com.ar\/?p=154968"},"modified":"2026-03-15T02:40:31","modified_gmt":"2026-03-15T05:40:31","slug":"el-29-de-marzo-se-disputara-en-trenque-lauquen-la-primera-fecha-del-ano-de-la-maraton-6-ciudades-y-esta-incorporada-a-la-celebracion-de-los-150-anos","status":"publish","type":"post","link":"https:\/\/infoecos.com.ar\/index.php\/el-29-de-marzo-se-disputara-en-trenque-lauquen-la-primera-fecha-del-ano-de-la-maraton-6-ciudades-y-esta-incorporada-a-la-celebracion-de-los-150-anos\/","title":{"rendered":"El 29 de marzo se disputar\u00e1 en Trenque Lauquen la primera fecha del a\u00f1o de la Marat\u00f3n 6 Ciudades, y est\u00e1 incorporada a la celebraci\u00f3n de los 150 a\u00f1os"},"content":{"rendered":"\n<p>Est\u00e1 abierta la preinscripci\u00f3n para los competidores que deseen participar de la primera fecha del a\u00f1o de la Marat\u00f3n 6 Ciudades, que se realizar\u00e1 en Trenque Lauquen el domingo 29 de marzo.<\/p>\n\n\n\n<p>El director de Deporte del Municipio, Mart\u00edn Lusetti, indic\u00f3 que \u201cla preinscripci\u00f3n permite acceder a la remera de la competencia; en total hay 300, es decir que hay un l\u00edmite en la cantidad, por eso es importante este per\u00edodo de preinscripci\u00f3n\u201d.<\/p>\n\n\n\n<p>Los interesados pueden ingresar al sitio Pampeanos Deportes y Desaf\u00edos, a trav\u00e9s del siguiente link:&nbsp; <a href=\"http:\/\/www.deportesydesafios.com.ar\/pag.php?t=ev&amp;e=716\">www.deportesydesafios.com.ar\/pag.php?t=ev&amp;e=716<\/a><\/p>\n\n\n\n<p>La inscripci\u00f3n tiene un valor de $30.000.<\/p>\n\n\n\n<p>Desde la Direcci\u00f3n de Deporte se adelant\u00f3 tambi\u00e9n el modelo de las medallas que recibir\u00e1n los ganadores, cuyo motivo est\u00e1 vinculado al aniversario n\u00famero 150 de la fundaci\u00f3n de Trenque Lauquen.<\/p>\n\n\n\n<figure class=\"wp-block-gallery has-nested-images columns-default is-cropped wp-block-gallery-1 is-layout-flex wp-block-gallery-is-layout-flex\">\n<figure class=\"wp-block-image size-large\"><img loading=\"lazy\" decoding=\"async\" width=\"1414\" height=\"919\" data-id=\"154969\" src=\"https:\/\/infoecos.com.ar\/wp-content\/uploads\/2026\/03\/Maraton-Seis-Ciudades-1.jpeg\" alt=\"\" class=\"wp-image-154969\" srcset=\"https:\/\/infoecos.com.ar\/wp-content\/uploads\/2026\/03\/Maraton-Seis-Ciudades-1.jpeg 1414w, https:\/\/infoecos.com.ar\/wp-content\/uploads\/2026\/03\/Maraton-Seis-Ciudades-1-800x520.jpeg 800w, https:\/\/infoecos.com.ar\/wp-content\/uploads\/2026\/03\/Maraton-Seis-Ciudades-1-768x499.jpeg 768w, https:\/\/infoecos.com.ar\/wp-content\/uploads\/2026\/03\/Maraton-Seis-Ciudades-1-1024x666.jpeg 1024w\" sizes=\"(max-width: 1414px) 100vw, 1414px\" \/><\/figure>\n\n\n\n<figure class=\"wp-block-image size-large\"><img loading=\"lazy\" decoding=\"async\" width=\"1323\" height=\"919\" data-id=\"154970\" src=\"https:\/\/infoecos.com.ar\/wp-content\/uploads\/2026\/03\/Maraton-Seis-Ciudades-2.jpeg\" alt=\"\" class=\"wp-image-154970\" srcset=\"https:\/\/infoecos.com.ar\/wp-content\/uploads\/2026\/03\/Maraton-Seis-Ciudades-2.jpeg 1323w, https:\/\/infoecos.com.ar\/wp-content\/uploads\/2026\/03\/Maraton-Seis-Ciudades-2-800x556.jpeg 800w, https:\/\/infoecos.com.ar\/wp-content\/uploads\/2026\/03\/Maraton-Seis-Ciudades-2-768x533.jpeg 768w, https:\/\/infoecos.com.ar\/wp-content\/uploads\/2026\/03\/Maraton-Seis-Ciudades-2-1024x711.jpeg 1024w\" sizes=\"(max-width: 1323px) 100vw, 1323px\" \/><\/figure>\n<\/figure>\n","protected":false},"excerpt":{"rendered":"<p>Los interesados pueden ingresar al sitio Pampeanos Deportes y Desaf\u00edos, a trav\u00e9s del siguiente link:\u00a0 www.deportesydesafios.com.ar\/pag.php?t=ev&#038;e=716<\/p>\n","protected":false},"author":2,"featured_media":154970,"comment_status":"closed","ping_status":"open","sticky":false,"template":"","format":"standard","meta":{"footnotes":""},"categories":[1],"tags":[10304,10290,156],"class_list":["post-154968","post","type-post","status-publish","format-standard","has-post-thumbnail","hentry","category-sin-categoria","tag-actualidad","tag-entretenimiento","tag-salud"],"yoast_head":"<!-- This site is optimized with the Yoast SEO plugin v23.4 - https:\/\/yoast.com\/wordpress\/plugins\/seo\/ -->\n<title>El 29 de marzo se disputar\u00e1 en Trenque Lauquen la primera fecha del a\u00f1o de la Marat\u00f3n 6 Ciudades, y est\u00e1 incorporada a la celebraci\u00f3n de los 150 a\u00f1os - Infoecos<\/title>\n<meta name=\"robots\" content=\"index, follow, max-snippet:-1, max-image-preview:large, max-video-preview:-1\" \/>\n<link rel=\"canonical\" href=\"https:\/\/infoecos.com.ar\/index.php\/el-29-de-marzo-se-disputara-en-trenque-lauquen-la-primera-fecha-del-ano-de-la-maraton-6-ciudades-y-esta-incorporada-a-la-celebracion-de-los-150-anos\/\" \/>\n<meta property=\"og:locale\" content=\"es_ES\" \/>\n<meta property=\"og:type\" content=\"article\" \/>\n<meta property=\"og:title\" content=\"El 29 de marzo se disputar\u00e1 en Trenque Lauquen la primera fecha del a\u00f1o de la Marat\u00f3n 6 Ciudades, y est\u00e1 incorporada a la celebraci\u00f3n de los 150 a\u00f1os - Infoecos\" \/>\n<meta property=\"og:description\" content=\"Los interesados pueden ingresar al sitio Pampeanos Deportes y Desaf\u00edos, a trav\u00e9s del siguiente link:\u00a0 www.deportesydesafios.com.ar\/pag.php?t=ev&amp;e=716\" \/>\n<meta property=\"og:url\" content=\"https:\/\/infoecos.com.ar\/index.php\/el-29-de-marzo-se-disputara-en-trenque-lauquen-la-primera-fecha-del-ano-de-la-maraton-6-ciudades-y-esta-incorporada-a-la-celebracion-de-los-150-anos\/\" \/>\n<meta property=\"og:site_name\" content=\"Infoecos\" \/>\n<meta property=\"article:publisher\" content=\"https:\/\/www.facebook.com\/profile.php?id=100063200290284\" \/>\n<meta property=\"article:published_time\" content=\"2026-03-14T06:01:00+00:00\" \/>\n<meta property=\"article:modified_time\" content=\"2026-03-15T05:40:31+00:00\" \/>\n<meta property=\"og:image\" content=\"https:\/\/infoecos.com.ar\/wp-content\/uploads\/2026\/03\/Maraton-Seis-Ciudades-2.jpeg\" \/>\n\t<meta property=\"og:image:width\" content=\"1323\" \/>\n\t<meta property=\"og:image:height\" content=\"919\" \/>\n\t<meta property=\"og:image:type\" content=\"image\/jpeg\" \/>\n<meta name=\"author\" content=\"Jorge Matheus\" \/>\n<meta name=\"twitter:card\" content=\"summary_large_image\" \/>\n<meta name=\"twitter:creator\" content=\"@infoecos\" \/>\n<meta name=\"twitter:site\" content=\"@infoecos\" \/>\n<meta name=\"twitter:label1\" content=\"Escrito por\" \/>\n\t<meta name=\"twitter:data1\" content=\"Jorge Matheus\" \/>\n\t<meta name=\"twitter:label2\" content=\"Tiempo de lectura\" \/>\n\t<meta name=\"twitter:data2\" content=\"2 minutos\" \/>\n<script type=\"application\/ld+json\" class=\"yoast-schema-graph\">{\"@context\":\"https:\/\/schema.org\",\"@graph\":[{\"@type\":\"Article\",\"@id\":\"https:\/\/infoecos.com.ar\/index.php\/el-29-de-marzo-se-disputara-en-trenque-lauquen-la-primera-fecha-del-ano-de-la-maraton-6-ciudades-y-esta-incorporada-a-la-celebracion-de-los-150-anos\/#article\",\"isPartOf\":{\"@id\":\"https:\/\/infoecos.com.ar\/index.php\/el-29-de-marzo-se-disputara-en-trenque-lauquen-la-primera-fecha-del-ano-de-la-maraton-6-ciudades-y-esta-incorporada-a-la-celebracion-de-los-150-anos\/\"},\"author\":{\"name\":\"Jorge Matheus\",\"@id\":\"https:\/\/infoecos.com.ar\/#\/schema\/person\/8f5ace5ce73b4b4aac4b7245aee6f191\"},\"headline\":\"El 29 de marzo se disputar\u00e1 en Trenque Lauquen la primera fecha del a\u00f1o de la Marat\u00f3n 6 Ciudades, y est\u00e1 incorporada a la celebraci\u00f3n de los 150 a\u00f1os\",\"datePublished\":\"2026-03-14T06:01:00+00:00\",\"dateModified\":\"2026-03-15T05:40:31+00:00\",\"mainEntityOfPage\":{\"@id\":\"https:\/\/infoecos.com.ar\/index.php\/el-29-de-marzo-se-disputara-en-trenque-lauquen-la-primera-fecha-del-ano-de-la-maraton-6-ciudades-y-esta-incorporada-a-la-celebracion-de-los-150-anos\/\"},\"wordCount\":178,\"publisher\":{\"@id\":\"https:\/\/infoecos.com.ar\/#organization\"},\"image\":{\"@id\":\"https:\/\/infoecos.com.ar\/index.php\/el-29-de-marzo-se-disputara-en-trenque-lauquen-la-primera-fecha-del-ano-de-la-maraton-6-ciudades-y-esta-incorporada-a-la-celebracion-de-los-150-anos\/#primaryimage\"},\"thumbnailUrl\":\"https:\/\/infoecos.com.ar\/wp-content\/uploads\/2026\/03\/Maraton-Seis-Ciudades-2.jpeg\",\"keywords\":[\"Actualidad\",\"Entretenimiento\",\"SALUD\"],\"inLanguage\":\"es\"},{\"@type\":\"WebPage\",\"@id\":\"https:\/\/infoecos.com.ar\/index.php\/el-29-de-marzo-se-disputara-en-trenque-lauquen-la-primera-fecha-del-ano-de-la-maraton-6-ciudades-y-esta-incorporada-a-la-celebracion-de-los-150-anos\/\",\"url\":\"https:\/\/infoecos.com.ar\/index.php\/el-29-de-marzo-se-disputara-en-trenque-lauquen-la-primera-fecha-del-ano-de-la-maraton-6-ciudades-y-esta-incorporada-a-la-celebracion-de-los-150-anos\/\",\"name\":\"El 29 de marzo se disputar\u00e1 en Trenque Lauquen la primera fecha del a\u00f1o de la Marat\u00f3n 6 Ciudades, y est\u00e1 incorporada a la celebraci\u00f3n de los 150 a\u00f1os - Infoecos\",\"isPartOf\":{\"@id\":\"https:\/\/infoecos.com.ar\/#website\"},\"primaryImageOfPage\":{\"@id\":\"https:\/\/infoecos.com.ar\/index.php\/el-29-de-marzo-se-disputara-en-trenque-lauquen-la-primera-fecha-del-ano-de-la-maraton-6-ciudades-y-esta-incorporada-a-la-celebracion-de-los-150-anos\/#primaryimage\"},\"image\":{\"@id\":\"https:\/\/infoecos.com.ar\/index.php\/el-29-de-marzo-se-disputara-en-trenque-lauquen-la-primera-fecha-del-ano-de-la-maraton-6-ciudades-y-esta-incorporada-a-la-celebracion-de-los-150-anos\/#primaryimage\"},\"thumbnailUrl\":\"https:\/\/infoecos.com.ar\/wp-content\/uploads\/2026\/03\/Maraton-Seis-Ciudades-2.jpeg\",\"datePublished\":\"2026-03-14T06:01:00+00:00\",\"dateModified\":\"2026-03-15T05:40:31+00:00\",\"breadcrumb\":{\"@id\":\"https:\/\/infoecos.com.ar\/index.php\/el-29-de-marzo-se-disputara-en-trenque-lauquen-la-primera-fecha-del-ano-de-la-maraton-6-ciudades-y-esta-incorporada-a-la-celebracion-de-los-150-anos\/#breadcrumb\"},\"inLanguage\":\"es\",\"potentialAction\":[{\"@type\":\"ReadAction\",\"target\":[\"https:\/\/infoecos.com.ar\/index.php\/el-29-de-marzo-se-disputara-en-trenque-lauquen-la-primera-fecha-del-ano-de-la-maraton-6-ciudades-y-esta-incorporada-a-la-celebracion-de-los-150-anos\/\"]}]},{\"@type\":\"ImageObject\",\"inLanguage\":\"es\",\"@id\":\"https:\/\/infoecos.com.ar\/index.php\/el-29-de-marzo-se-disputara-en-trenque-lauquen-la-primera-fecha-del-ano-de-la-maraton-6-ciudades-y-esta-incorporada-a-la-celebracion-de-los-150-anos\/#primaryimage\",\"url\":\"https:\/\/infoecos.com.ar\/wp-content\/uploads\/2026\/03\/Maraton-Seis-Ciudades-2.jpeg\",\"contentUrl\":\"https:\/\/infoecos.com.ar\/wp-content\/uploads\/2026\/03\/Maraton-Seis-Ciudades-2.jpeg\",\"width\":1323,\"height\":919},{\"@type\":\"BreadcrumbList\",\"@id\":\"https:\/\/infoecos.com.ar\/index.php\/el-29-de-marzo-se-disputara-en-trenque-lauquen-la-primera-fecha-del-ano-de-la-maraton-6-ciudades-y-esta-incorporada-a-la-celebracion-de-los-150-anos\/#breadcrumb\",\"itemListElement\":[{\"@type\":\"ListItem\",\"position\":1,\"name\":\"Portada\",\"item\":\"https:\/\/infoecos.com.ar\/\"},{\"@type\":\"ListItem\",\"position\":2,\"name\":\"El 29 de marzo se disputar\u00e1 en Trenque Lauquen la primera fecha del a\u00f1o de la Marat\u00f3n 6 Ciudades, y est\u00e1 incorporada a la celebraci\u00f3n de los 150 a\u00f1os\"}]},{\"@type\":\"WebSite\",\"@id\":\"https:\/\/infoecos.com.ar\/#website\",\"url\":\"https:\/\/infoecos.com.ar\/\",\"name\":\"Infoecos\",\"description\":\"Noticias de trenque lauquen y la zona\",\"publisher\":{\"@id\":\"https:\/\/infoecos.com.ar\/#organization\"},\"alternateName\":\"Noticias\",\"potentialAction\":[{\"@type\":\"SearchAction\",\"target\":{\"@type\":\"EntryPoint\",\"urlTemplate\":\"https:\/\/infoecos.com.ar\/?s={search_term_string}\"},\"query-input\":{\"@type\":\"PropertyValueSpecification\",\"valueRequired\":true,\"valueName\":\"search_term_string\"}}],\"inLanguage\":\"es\"},{\"@type\":\"Organization\",\"@id\":\"https:\/\/infoecos.com.ar\/#organization\",\"name\":\"Infoecos\",\"alternateName\":\"Noticias\",\"url\":\"https:\/\/infoecos.com.ar\/\",\"logo\":{\"@type\":\"ImageObject\",\"inLanguage\":\"es\",\"@id\":\"https:\/\/infoecos.com.ar\/#\/schema\/logo\/image\/\",\"url\":\"https:\/\/infoecos.com.ar\/wp-content\/uploads\/2024\/03\/cropped-logo.png\",\"contentUrl\":\"https:\/\/infoecos.com.ar\/wp-content\/uploads\/2024\/03\/cropped-logo.png\",\"width\":374,\"height\":90,\"caption\":\"Infoecos\"},\"image\":{\"@id\":\"https:\/\/infoecos.com.ar\/#\/schema\/logo\/image\/\"},\"sameAs\":[\"https:\/\/www.facebook.com\/profile.php?id=100063200290284\",\"https:\/\/x.com\/infoecos\"]},{\"@type\":\"Person\",\"@id\":\"https:\/\/infoecos.com.ar\/#\/schema\/person\/8f5ace5ce73b4b4aac4b7245aee6f191\",\"name\":\"Jorge Matheus\",\"url\":\"https:\/\/infoecos.com.ar\/index.php\/author\/jomatheus\/\"}]}<\/script>\n<!-- \/ Yoast SEO plugin. -->","yoast_head_json":{"title":"El 29 de marzo se disputar\u00e1 en Trenque Lauquen la primera fecha del a\u00f1o de la Marat\u00f3n 6 Ciudades, y est\u00e1 incorporada a la celebraci\u00f3n de los 150 a\u00f1os - Infoecos","robots":{"index":"index","follow":"follow","max-snippet":"max-snippet:-1","max-image-preview":"max-image-preview:large","max-video-preview":"max-video-preview:-1"},"canonical":"https:\/\/infoecos.com.ar\/index.php\/el-29-de-marzo-se-disputara-en-trenque-lauquen-la-primera-fecha-del-ano-de-la-maraton-6-ciudades-y-esta-incorporada-a-la-celebracion-de-los-150-anos\/","og_locale":"es_ES","og_type":"article","og_title":"El 29 de marzo se disputar\u00e1 en Trenque Lauquen la primera fecha del a\u00f1o de la Marat\u00f3n 6 Ciudades, y est\u00e1 incorporada a la celebraci\u00f3n de los 150 a\u00f1os - Infoecos","og_description":"Los interesados pueden ingresar al sitio Pampeanos Deportes y Desaf\u00edos, a trav\u00e9s del siguiente link:\u00a0 www.deportesydesafios.com.ar\/pag.php?t=ev&e=716","og_url":"https:\/\/infoecos.com.ar\/index.php\/el-29-de-marzo-se-disputara-en-trenque-lauquen-la-primera-fecha-del-ano-de-la-maraton-6-ciudades-y-esta-incorporada-a-la-celebracion-de-los-150-anos\/","og_site_name":"Infoecos","article_publisher":"https:\/\/www.facebook.com\/profile.php?id=100063200290284","article_published_time":"2026-03-14T06:01:00+00:00","article_modified_time":"2026-03-15T05:40:31+00:00","og_image":[{"width":1323,"height":919,"url":"https:\/\/infoecos.com.ar\/wp-content\/uploads\/2026\/03\/Maraton-Seis-Ciudades-2.jpeg","type":"image\/jpeg"}],"author":"Jorge Matheus","twitter_card":"summary_large_image","twitter_creator":"@infoecos","twitter_site":"@infoecos","twitter_misc":{"Escrito por":"Jorge Matheus","Tiempo de lectura":"2 minutos"},"schema":{"@context":"https:\/\/schema.org","@graph":[{"@type":"Article","@id":"https:\/\/infoecos.com.ar\/index.php\/el-29-de-marzo-se-disputara-en-trenque-lauquen-la-primera-fecha-del-ano-de-la-maraton-6-ciudades-y-esta-incorporada-a-la-celebracion-de-los-150-anos\/#article","isPartOf":{"@id":"https:\/\/infoecos.com.ar\/index.php\/el-29-de-marzo-se-disputara-en-trenque-lauquen-la-primera-fecha-del-ano-de-la-maraton-6-ciudades-y-esta-incorporada-a-la-celebracion-de-los-150-anos\/"},"author":{"name":"Jorge Matheus","@id":"https:\/\/infoecos.com.ar\/#\/schema\/person\/8f5ace5ce73b4b4aac4b7245aee6f191"},"headline":"El 29 de marzo se disputar\u00e1 en Trenque Lauquen la primera fecha del a\u00f1o de la Marat\u00f3n 6 Ciudades, y est\u00e1 incorporada a la celebraci\u00f3n de los 150 a\u00f1os","datePublished":"2026-03-14T06:01:00+00:00","dateModified":"2026-03-15T05:40:31+00:00","mainEntityOfPage":{"@id":"https:\/\/infoecos.com.ar\/index.php\/el-29-de-marzo-se-disputara-en-trenque-lauquen-la-primera-fecha-del-ano-de-la-maraton-6-ciudades-y-esta-incorporada-a-la-celebracion-de-los-150-anos\/"},"wordCount":178,"publisher":{"@id":"https:\/\/infoecos.com.ar\/#organization"},"image":{"@id":"https:\/\/infoecos.com.ar\/index.php\/el-29-de-marzo-se-disputara-en-trenque-lauquen-la-primera-fecha-del-ano-de-la-maraton-6-ciudades-y-esta-incorporada-a-la-celebracion-de-los-150-anos\/#primaryimage"},"thumbnailUrl":"https:\/\/infoecos.com.ar\/wp-content\/uploads\/2026\/03\/Maraton-Seis-Ciudades-2.jpeg","keywords":["Actualidad","Entretenimiento","SALUD"],"inLanguage":"es"},{"@type":"WebPage","@id":"https:\/\/infoecos.com.ar\/index.php\/el-29-de-marzo-se-disputara-en-trenque-lauquen-la-primera-fecha-del-ano-de-la-maraton-6-ciudades-y-esta-incorporada-a-la-celebracion-de-los-150-anos\/","url":"https:\/\/infoecos.com.ar\/index.php\/el-29-de-marzo-se-disputara-en-trenque-lauquen-la-primera-fecha-del-ano-de-la-maraton-6-ciudades-y-esta-incorporada-a-la-celebracion-de-los-150-anos\/","name":"El 29 de marzo se disputar\u00e1 en Trenque Lauquen la primera fecha del a\u00f1o de la Marat\u00f3n 6 Ciudades, y est\u00e1 incorporada a la celebraci\u00f3n de los 150 a\u00f1os - Infoecos","isPartOf":{"@id":"https:\/\/infoecos.com.ar\/#website"},"primaryImageOfPage":{"@id":"https:\/\/infoecos.com.ar\/index.php\/el-29-de-marzo-se-disputara-en-trenque-lauquen-la-primera-fecha-del-ano-de-la-maraton-6-ciudades-y-esta-incorporada-a-la-celebracion-de-los-150-anos\/#primaryimage"},"image":{"@id":"https:\/\/infoecos.com.ar\/index.php\/el-29-de-marzo-se-disputara-en-trenque-lauquen-la-primera-fecha-del-ano-de-la-maraton-6-ciudades-y-esta-incorporada-a-la-celebracion-de-los-150-anos\/#primaryimage"},"thumbnailUrl":"https:\/\/infoecos.com.ar\/wp-content\/uploads\/2026\/03\/Maraton-Seis-Ciudades-2.jpeg","datePublished":"2026-03-14T06:01:00+00:00","dateModified":"2026-03-15T05:40:31+00:00","breadcrumb":{"@id":"https:\/\/infoecos.com.ar\/index.php\/el-29-de-marzo-se-disputara-en-trenque-lauquen-la-primera-fecha-del-ano-de-la-maraton-6-ciudades-y-esta-incorporada-a-la-celebracion-de-los-150-anos\/#breadcrumb"},"inLanguage":"es","potentialAction":[{"@type":"ReadAction","target":["https:\/\/infoecos.com.ar\/index.php\/el-29-de-marzo-se-disputara-en-trenque-lauquen-la-primera-fecha-del-ano-de-la-maraton-6-ciudades-y-esta-incorporada-a-la-celebracion-de-los-150-anos\/"]}]},{"@type":"ImageObject","inLanguage":"es","@id":"https:\/\/infoecos.com.ar\/index.php\/el-29-de-marzo-se-disputara-en-trenque-lauquen-la-primera-fecha-del-ano-de-la-maraton-6-ciudades-y-esta-incorporada-a-la-celebracion-de-los-150-anos\/#primaryimage","url":"https:\/\/infoecos.com.ar\/wp-content\/uploads\/2026\/03\/Maraton-Seis-Ciudades-2.jpeg","contentUrl":"https:\/\/infoecos.com.ar\/wp-content\/uploads\/2026\/03\/Maraton-Seis-Ciudades-2.jpeg","width":1323,"height":919},{"@type":"BreadcrumbList","@id":"https:\/\/infoecos.com.ar\/index.php\/el-29-de-marzo-se-disputara-en-trenque-lauquen-la-primera-fecha-del-ano-de-la-maraton-6-ciudades-y-esta-incorporada-a-la-celebracion-de-los-150-anos\/#breadcrumb","itemListElement":[{"@type":"ListItem","position":1,"name":"Portada","item":"https:\/\/infoecos.com.ar\/"},{"@type":"ListItem","position":2,"name":"El 29 de marzo se disputar\u00e1 en Trenque Lauquen la primera fecha del a\u00f1o de la Marat\u00f3n 6 Ciudades, y est\u00e1 incorporada a la celebraci\u00f3n de los 150 a\u00f1os"}]},{"@type":"WebSite","@id":"https:\/\/infoecos.com.ar\/#website","url":"https:\/\/infoecos.com.ar\/","name":"Infoecos","description":"Noticias de trenque lauquen y la zona","publisher":{"@id":"https:\/\/infoecos.com.ar\/#organization"},"alternateName":"Noticias","potentialAction":[{"@type":"SearchAction","target":{"@type":"EntryPoint","urlTemplate":"https:\/\/infoecos.com.ar\/?s={search_term_string}"},"query-input":{"@type":"PropertyValueSpecification","valueRequired":true,"valueName":"search_term_string"}}],"inLanguage":"es"},{"@type":"Organization","@id":"https:\/\/infoecos.com.ar\/#organization","name":"Infoecos","alternateName":"Noticias","url":"https:\/\/infoecos.com.ar\/","logo":{"@type":"ImageObject","inLanguage":"es","@id":"https:\/\/infoecos.com.ar\/#\/schema\/logo\/image\/","url":"https:\/\/infoecos.com.ar\/wp-content\/uploads\/2024\/03\/cropped-logo.png","contentUrl":"https:\/\/infoecos.com.ar\/wp-content\/uploads\/2024\/03\/cropped-logo.png","width":374,"height":90,"caption":"Infoecos"},"image":{"@id":"https:\/\/infoecos.com.ar\/#\/schema\/logo\/image\/"},"sameAs":["https:\/\/www.facebook.com\/profile.php?id=100063200290284","https:\/\/x.com\/infoecos"]},{"@type":"Person","@id":"https:\/\/infoecos.com.ar\/#\/schema\/person\/8f5ace5ce73b4b4aac4b7245aee6f191","name":"Jorge Matheus","url":"https:\/\/infoecos.com.ar\/index.php\/author\/jomatheus\/"}]}},"featured_image_urls":{"full":["https:\/\/infoecos.com.ar\/wp-content\/uploads\/2026\/03\/Maraton-Seis-Ciudades-2.jpeg",1323,919,false],"thumbnail":["https:\/\/infoecos.com.ar\/wp-content\/uploads\/2026\/03\/Maraton-Seis-Ciudades-2-300x150.jpeg",300,150,true],"medium":["https:\/\/infoecos.com.ar\/wp-content\/uploads\/2026\/03\/Maraton-Seis-Ciudades-2-800x556.jpeg",800,556,true],"medium_large":["https:\/\/infoecos.com.ar\/wp-content\/uploads\/2026\/03\/Maraton-Seis-Ciudades-2-768x533.jpeg",640,444,true],"large":["https:\/\/infoecos.com.ar\/wp-content\/uploads\/2026\/03\/Maraton-Seis-Ciudades-2.jpeg",640,445,false],"1536x1536":["https:\/\/infoecos.com.ar\/wp-content\/uploads\/2026\/03\/Maraton-Seis-Ciudades-2.jpeg",1323,919,false],"2048x2048":["https:\/\/infoecos.com.ar\/wp-content\/uploads\/2026\/03\/Maraton-Seis-Ciudades-2.jpeg",1323,919,false],"covernews-slider-full":["https:\/\/infoecos.com.ar\/wp-content\/uploads\/2026\/03\/Maraton-Seis-Ciudades-2-1115x715.jpeg",1115,715,true],"covernews-slider-center":["https:\/\/infoecos.com.ar\/wp-content\/uploads\/2026\/03\/Maraton-Seis-Ciudades-2-800x500.jpeg",800,500,true],"covernews-featured":["https:\/\/infoecos.com.ar\/wp-content\/uploads\/2026\/03\/Maraton-Seis-Ciudades-2-1024x711.jpeg",1024,711,true],"covernews-medium":["https:\/\/infoecos.com.ar\/wp-content\/uploads\/2026\/03\/Maraton-Seis-Ciudades-2-540x340.jpeg",540,340,true],"covernews-medium-square":["https:\/\/infoecos.com.ar\/wp-content\/uploads\/2026\/03\/Maraton-Seis-Ciudades-2-400x250.jpeg",400,250,true]},"author_info":{"info":["Jorge Matheus"]},"category_info":"<a href=\"https:\/\/infoecos.com.ar\/index.php\/category\/sin-categoria\/\" rel=\"category tag\">Sin categor\u00eda<\/a>","tag_info":"Sin categor\u00eda","comment_count":"0","_links":{"self":[{"href":"https:\/\/infoecos.com.ar\/index.php\/wp-json\/wp\/v2\/posts\/154968"}],"collection":[{"href":"https:\/\/infoecos.com.ar\/index.php\/wp-json\/wp\/v2\/posts"}],"about":[{"href":"https:\/\/infoecos.com.ar\/index.php\/wp-json\/wp\/v2\/types\/post"}],"author":[{"embeddable":true,"href":"https:\/\/infoecos.com.ar\/index.php\/wp-json\/wp\/v2\/users\/2"}],"replies":[{"embeddable":true,"href":"https:\/\/infoecos.com.ar\/index.php\/wp-json\/wp\/v2\/comments?post=154968"}],"version-history":[{"count":1,"href":"https:\/\/infoecos.com.ar\/index.php\/wp-json\/wp\/v2\/posts\/154968\/revisions"}],"predecessor-version":[{"id":154971,"href":"https:\/\/infoecos.com.ar\/index.php\/wp-json\/wp\/v2\/posts\/154968\/revisions\/154971"}],"wp:featuredmedia":[{"embeddable":true,"href":"https:\/\/infoecos.com.ar\/index.php\/wp-json\/wp\/v2\/media\/154970"}],"wp:attachment":[{"href":"https:\/\/infoecos.com.ar\/index.php\/wp-json\/wp\/v2\/media?parent=154968"}],"wp:term":[{"taxonomy":"category","embeddable":true,"href":"https:\/\/infoecos.com.ar\/index.php\/wp-json\/wp\/v2\/categories?post=154968"},{"taxonomy":"post_tag","embeddable":true,"href":"https:\/\/infoecos.com.ar\/index.php\/wp-json\/wp\/v2\/tags?post=154968"}],"curies":[{"name":"wp","href":"https:\/\/api.w.org\/{rel}","templated":true}]}}