{"id":154973,"date":"2026-03-14T03:23:43","date_gmt":"2026-03-14T06:23:43","guid":{"rendered":"https:\/\/infoecos.com.ar\/?p=154973"},"modified":"2026-03-17T01:07:31","modified_gmt":"2026-03-17T04:07:31","slug":"ariel-sucurro-dejo-inaugurado-el-periodo-ordinario-de-sesiones-del-concejo-deliberante-de-salliquelo","status":"publish","type":"post","link":"https:\/\/infoecos.com.ar\/index.php\/ariel-sucurro-dejo-inaugurado-el-periodo-ordinario-de-sesiones-del-concejo-deliberante-de-salliquelo\/","title":{"rendered":"Ariel Sucurro dej\u00f3 inaugurado el per\u00edodo ordinario de sesiones del Concejo Deliberante de Salliquel\u00f3"},"content":{"rendered":"\n<p>Se realiz\u00f3 el jueves 12 el acto de apertura de las Sesiones Ordinarias 2026 en el Concejo Deliberante de Salliquel\u00f3.<\/p>\n\n\n\n<p>El intendente municipal, Ariel Sucurro, se\u00f1ala la p\u00e1gina oficial del municipio anunci\u00f3 que durante estos dos primeros a\u00f1os de su gesti\u00f3n se logr\u00f3 pagar el 87% de la deuda total recibida sin que esto haya impedido otorgar a los trabajadores municipales una mejora salarial superior a la inflaci\u00f3n anual.<\/p>\n\n\n\n<figure class=\"wp-block-image size-full\"><img loading=\"lazy\" decoding=\"async\" width=\"944\" height=\"550\" src=\"https:\/\/infoecos.com.ar\/wp-content\/uploads\/2026\/03\/651732447_1524220083043979_4784935180791315023_n.jpg\" alt=\"\" class=\"wp-image-154975\" srcset=\"https:\/\/infoecos.com.ar\/wp-content\/uploads\/2026\/03\/651732447_1524220083043979_4784935180791315023_n.jpg 944w, https:\/\/infoecos.com.ar\/wp-content\/uploads\/2026\/03\/651732447_1524220083043979_4784935180791315023_n-800x466.jpg 800w, https:\/\/infoecos.com.ar\/wp-content\/uploads\/2026\/03\/651732447_1524220083043979_4784935180791315023_n-768x447.jpg 768w\" sizes=\"(max-width: 944px) 100vw, 944px\" \/><\/figure>\n\n\n\n<p>Tambi\u00e9n advirti\u00f3 que, en m\u00e1s de 20 a\u00f1os, Salliquel\u00f3 perdi\u00f3 m\u00e1s del 35% de coparticipaci\u00f3n y que, solo en 2025, eso signific\u00f3 aproximadamente $3.142 millones menos para el distrito. Al respecto, se\u00f1al\u00f3 que en estos primeros dos a\u00f1os de su gesti\u00f3n ya se recuper\u00f3 m\u00e1s del 6%.<\/p>\n\n\n\n<p>En otro orden, se\u00f1al\u00f3 que se cumpli\u00f3 con el compromiso de comprar tierras para iniciar el plan de viviendas y, realizando un repaso por las distintas \u00e1reas, destac\u00f3 que con el acompa\u00f1amiento del Gobierno Provincial se construyeron 15 cuadras de asfalto, el Centro Universitario, las Oficinas de Desarrollo Social, la l\u00ednea el\u00e9ctrica de alta tensi\u00f3n en Quenum\u00e1, y se instalaron juegos infantiles y se colocaron luminarias en los barrios.<\/p>\n\n\n\n<figure class=\"wp-block-video\"><video controls src=\"https:\/\/infoecos.com.ar\/wp-content\/uploads\/2026\/03\/AQPy_n70GFjCQbNN7iY-Hn055UhBbe6nk06ukdJ4x1_QdNnG6AJSR1HK797UgzBEARZkc2KuC_cmIo6zaxPX5k3P.mp4\"><\/video><\/figure>\n","protected":false},"excerpt":{"rendered":"<p>Advirti\u00f3 que, en m\u00e1s de 20 a\u00f1os, Salliquel\u00f3 perdi\u00f3 m\u00e1s del 35% de coparticipaci\u00f3n y que, solo en 2025, eso signific\u00f3 aproximadamente $3.142 millones menos para el distrito.<\/p>\n","protected":false},"author":2,"featured_media":154975,"comment_status":"closed","ping_status":"open","sticky":false,"template":"","format":"standard","meta":{"footnotes":""},"categories":[1],"tags":[10304,97],"class_list":["post-154973","post","type-post","status-publish","format-standard","has-post-thumbnail","hentry","category-sin-categoria","tag-actualidad","tag-economia"],"yoast_head":"<!-- This site is optimized with the Yoast SEO plugin v23.4 - https:\/\/yoast.com\/wordpress\/plugins\/seo\/ -->\n<title>Ariel Sucurro dej\u00f3 inaugurado el per\u00edodo ordinario de sesiones del Concejo Deliberante de Salliquel\u00f3 - Infoecos<\/title>\n<meta name=\"robots\" content=\"index, follow, max-snippet:-1, max-image-preview:large, max-video-preview:-1\" \/>\n<link rel=\"canonical\" href=\"https:\/\/infoecos.com.ar\/index.php\/ariel-sucurro-dejo-inaugurado-el-periodo-ordinario-de-sesiones-del-concejo-deliberante-de-salliquelo\/\" \/>\n<meta property=\"og:locale\" content=\"es_ES\" \/>\n<meta property=\"og:type\" content=\"article\" \/>\n<meta property=\"og:title\" content=\"Ariel Sucurro dej\u00f3 inaugurado el per\u00edodo ordinario de sesiones del Concejo Deliberante de Salliquel\u00f3 - Infoecos\" \/>\n<meta property=\"og:description\" content=\"Advirti\u00f3 que, en m\u00e1s de 20 a\u00f1os, Salliquel\u00f3 perdi\u00f3 m\u00e1s del 35% de coparticipaci\u00f3n y que, solo en 2025, eso signific\u00f3 aproximadamente $3.142 millones menos para el distrito.\" \/>\n<meta property=\"og:url\" content=\"https:\/\/infoecos.com.ar\/index.php\/ariel-sucurro-dejo-inaugurado-el-periodo-ordinario-de-sesiones-del-concejo-deliberante-de-salliquelo\/\" \/>\n<meta property=\"og:site_name\" content=\"Infoecos\" \/>\n<meta property=\"article:publisher\" content=\"https:\/\/www.facebook.com\/profile.php?id=100063200290284\" \/>\n<meta property=\"article:published_time\" content=\"2026-03-14T06:23:43+00:00\" \/>\n<meta property=\"article:modified_time\" content=\"2026-03-17T04:07:31+00:00\" \/>\n<meta property=\"og:image\" content=\"https:\/\/infoecos.com.ar\/wp-content\/uploads\/2026\/03\/651732447_1524220083043979_4784935180791315023_n.jpg\" \/>\n\t<meta property=\"og:image:width\" content=\"944\" \/>\n\t<meta property=\"og:image:height\" content=\"550\" \/>\n\t<meta property=\"og:image:type\" content=\"image\/jpeg\" \/>\n<meta name=\"author\" content=\"Jorge Matheus\" \/>\n<meta name=\"twitter:card\" content=\"summary_large_image\" \/>\n<meta name=\"twitter:creator\" content=\"@infoecos\" \/>\n<meta name=\"twitter:site\" content=\"@infoecos\" \/>\n<meta name=\"twitter:label1\" content=\"Escrito por\" \/>\n\t<meta name=\"twitter:data1\" content=\"Jorge Matheus\" \/>\n\t<meta name=\"twitter:label2\" content=\"Tiempo de lectura\" \/>\n\t<meta name=\"twitter:data2\" content=\"2 minutos\" \/>\n<script type=\"application\/ld+json\" class=\"yoast-schema-graph\">{\"@context\":\"https:\/\/schema.org\",\"@graph\":[{\"@type\":\"Article\",\"@id\":\"https:\/\/infoecos.com.ar\/index.php\/ariel-sucurro-dejo-inaugurado-el-periodo-ordinario-de-sesiones-del-concejo-deliberante-de-salliquelo\/#article\",\"isPartOf\":{\"@id\":\"https:\/\/infoecos.com.ar\/index.php\/ariel-sucurro-dejo-inaugurado-el-periodo-ordinario-de-sesiones-del-concejo-deliberante-de-salliquelo\/\"},\"author\":{\"name\":\"Jorge Matheus\",\"@id\":\"https:\/\/infoecos.com.ar\/#\/schema\/person\/8f5ace5ce73b4b4aac4b7245aee6f191\"},\"headline\":\"Ariel Sucurro dej\u00f3 inaugurado el per\u00edodo ordinario de sesiones del Concejo Deliberante de Salliquel\u00f3\",\"datePublished\":\"2026-03-14T06:23:43+00:00\",\"dateModified\":\"2026-03-17T04:07:31+00:00\",\"mainEntityOfPage\":{\"@id\":\"https:\/\/infoecos.com.ar\/index.php\/ariel-sucurro-dejo-inaugurado-el-periodo-ordinario-de-sesiones-del-concejo-deliberante-de-salliquelo\/\"},\"wordCount\":210,\"publisher\":{\"@id\":\"https:\/\/infoecos.com.ar\/#organization\"},\"image\":{\"@id\":\"https:\/\/infoecos.com.ar\/index.php\/ariel-sucurro-dejo-inaugurado-el-periodo-ordinario-de-sesiones-del-concejo-deliberante-de-salliquelo\/#primaryimage\"},\"thumbnailUrl\":\"https:\/\/infoecos.com.ar\/wp-content\/uploads\/2026\/03\/651732447_1524220083043979_4784935180791315023_n.jpg\",\"keywords\":[\"Actualidad\",\"ECONOM\u00cdA\"],\"inLanguage\":\"es\"},{\"@type\":\"WebPage\",\"@id\":\"https:\/\/infoecos.com.ar\/index.php\/ariel-sucurro-dejo-inaugurado-el-periodo-ordinario-de-sesiones-del-concejo-deliberante-de-salliquelo\/\",\"url\":\"https:\/\/infoecos.com.ar\/index.php\/ariel-sucurro-dejo-inaugurado-el-periodo-ordinario-de-sesiones-del-concejo-deliberante-de-salliquelo\/\",\"name\":\"Ariel Sucurro dej\u00f3 inaugurado el per\u00edodo ordinario de sesiones del Concejo Deliberante de Salliquel\u00f3 - Infoecos\",\"isPartOf\":{\"@id\":\"https:\/\/infoecos.com.ar\/#website\"},\"primaryImageOfPage\":{\"@id\":\"https:\/\/infoecos.com.ar\/index.php\/ariel-sucurro-dejo-inaugurado-el-periodo-ordinario-de-sesiones-del-concejo-deliberante-de-salliquelo\/#primaryimage\"},\"image\":{\"@id\":\"https:\/\/infoecos.com.ar\/index.php\/ariel-sucurro-dejo-inaugurado-el-periodo-ordinario-de-sesiones-del-concejo-deliberante-de-salliquelo\/#primaryimage\"},\"thumbnailUrl\":\"https:\/\/infoecos.com.ar\/wp-content\/uploads\/2026\/03\/651732447_1524220083043979_4784935180791315023_n.jpg\",\"datePublished\":\"2026-03-14T06:23:43+00:00\",\"dateModified\":\"2026-03-17T04:07:31+00:00\",\"breadcrumb\":{\"@id\":\"https:\/\/infoecos.com.ar\/index.php\/ariel-sucurro-dejo-inaugurado-el-periodo-ordinario-de-sesiones-del-concejo-deliberante-de-salliquelo\/#breadcrumb\"},\"inLanguage\":\"es\",\"potentialAction\":[{\"@type\":\"ReadAction\",\"target\":[\"https:\/\/infoecos.com.ar\/index.php\/ariel-sucurro-dejo-inaugurado-el-periodo-ordinario-de-sesiones-del-concejo-deliberante-de-salliquelo\/\"]}]},{\"@type\":\"ImageObject\",\"inLanguage\":\"es\",\"@id\":\"https:\/\/infoecos.com.ar\/index.php\/ariel-sucurro-dejo-inaugurado-el-periodo-ordinario-de-sesiones-del-concejo-deliberante-de-salliquelo\/#primaryimage\",\"url\":\"https:\/\/infoecos.com.ar\/wp-content\/uploads\/2026\/03\/651732447_1524220083043979_4784935180791315023_n.jpg\",\"contentUrl\":\"https:\/\/infoecos.com.ar\/wp-content\/uploads\/2026\/03\/651732447_1524220083043979_4784935180791315023_n.jpg\",\"width\":944,\"height\":550},{\"@type\":\"BreadcrumbList\",\"@id\":\"https:\/\/infoecos.com.ar\/index.php\/ariel-sucurro-dejo-inaugurado-el-periodo-ordinario-de-sesiones-del-concejo-deliberante-de-salliquelo\/#breadcrumb\",\"itemListElement\":[{\"@type\":\"ListItem\",\"position\":1,\"name\":\"Portada\",\"item\":\"https:\/\/infoecos.com.ar\/\"},{\"@type\":\"ListItem\",\"position\":2,\"name\":\"Ariel Sucurro dej\u00f3 inaugurado el per\u00edodo ordinario de sesiones del Concejo Deliberante de Salliquel\u00f3\"}]},{\"@type\":\"WebSite\",\"@id\":\"https:\/\/infoecos.com.ar\/#website\",\"url\":\"https:\/\/infoecos.com.ar\/\",\"name\":\"Infoecos\",\"description\":\"Noticias de trenque lauquen y la zona\",\"publisher\":{\"@id\":\"https:\/\/infoecos.com.ar\/#organization\"},\"alternateName\":\"Noticias\",\"potentialAction\":[{\"@type\":\"SearchAction\",\"target\":{\"@type\":\"EntryPoint\",\"urlTemplate\":\"https:\/\/infoecos.com.ar\/?s={search_term_string}\"},\"query-input\":{\"@type\":\"PropertyValueSpecification\",\"valueRequired\":true,\"valueName\":\"search_term_string\"}}],\"inLanguage\":\"es\"},{\"@type\":\"Organization\",\"@id\":\"https:\/\/infoecos.com.ar\/#organization\",\"name\":\"Infoecos\",\"alternateName\":\"Noticias\",\"url\":\"https:\/\/infoecos.com.ar\/\",\"logo\":{\"@type\":\"ImageObject\",\"inLanguage\":\"es\",\"@id\":\"https:\/\/infoecos.com.ar\/#\/schema\/logo\/image\/\",\"url\":\"https:\/\/infoecos.com.ar\/wp-content\/uploads\/2024\/03\/cropped-logo.png\",\"contentUrl\":\"https:\/\/infoecos.com.ar\/wp-content\/uploads\/2024\/03\/cropped-logo.png\",\"width\":374,\"height\":90,\"caption\":\"Infoecos\"},\"image\":{\"@id\":\"https:\/\/infoecos.com.ar\/#\/schema\/logo\/image\/\"},\"sameAs\":[\"https:\/\/www.facebook.com\/profile.php?id=100063200290284\",\"https:\/\/x.com\/infoecos\"]},{\"@type\":\"Person\",\"@id\":\"https:\/\/infoecos.com.ar\/#\/schema\/person\/8f5ace5ce73b4b4aac4b7245aee6f191\",\"name\":\"Jorge Matheus\",\"url\":\"https:\/\/infoecos.com.ar\/index.php\/author\/jomatheus\/\"}]}<\/script>\n<!-- \/ Yoast SEO plugin. -->","yoast_head_json":{"title":"Ariel Sucurro dej\u00f3 inaugurado el per\u00edodo ordinario de sesiones del Concejo Deliberante de Salliquel\u00f3 - Infoecos","robots":{"index":"index","follow":"follow","max-snippet":"max-snippet:-1","max-image-preview":"max-image-preview:large","max-video-preview":"max-video-preview:-1"},"canonical":"https:\/\/infoecos.com.ar\/index.php\/ariel-sucurro-dejo-inaugurado-el-periodo-ordinario-de-sesiones-del-concejo-deliberante-de-salliquelo\/","og_locale":"es_ES","og_type":"article","og_title":"Ariel Sucurro dej\u00f3 inaugurado el per\u00edodo ordinario de sesiones del Concejo Deliberante de Salliquel\u00f3 - Infoecos","og_description":"Advirti\u00f3 que, en m\u00e1s de 20 a\u00f1os, Salliquel\u00f3 perdi\u00f3 m\u00e1s del 35% de coparticipaci\u00f3n y que, solo en 2025, eso signific\u00f3 aproximadamente $3.142 millones menos para el distrito.","og_url":"https:\/\/infoecos.com.ar\/index.php\/ariel-sucurro-dejo-inaugurado-el-periodo-ordinario-de-sesiones-del-concejo-deliberante-de-salliquelo\/","og_site_name":"Infoecos","article_publisher":"https:\/\/www.facebook.com\/profile.php?id=100063200290284","article_published_time":"2026-03-14T06:23:43+00:00","article_modified_time":"2026-03-17T04:07:31+00:00","og_image":[{"width":944,"height":550,"url":"https:\/\/infoecos.com.ar\/wp-content\/uploads\/2026\/03\/651732447_1524220083043979_4784935180791315023_n.jpg","type":"image\/jpeg"}],"author":"Jorge Matheus","twitter_card":"summary_large_image","twitter_creator":"@infoecos","twitter_site":"@infoecos","twitter_misc":{"Escrito por":"Jorge Matheus","Tiempo de lectura":"2 minutos"},"schema":{"@context":"https:\/\/schema.org","@graph":[{"@type":"Article","@id":"https:\/\/infoecos.com.ar\/index.php\/ariel-sucurro-dejo-inaugurado-el-periodo-ordinario-de-sesiones-del-concejo-deliberante-de-salliquelo\/#article","isPartOf":{"@id":"https:\/\/infoecos.com.ar\/index.php\/ariel-sucurro-dejo-inaugurado-el-periodo-ordinario-de-sesiones-del-concejo-deliberante-de-salliquelo\/"},"author":{"name":"Jorge Matheus","@id":"https:\/\/infoecos.com.ar\/#\/schema\/person\/8f5ace5ce73b4b4aac4b7245aee6f191"},"headline":"Ariel Sucurro dej\u00f3 inaugurado el per\u00edodo ordinario de sesiones del Concejo Deliberante de Salliquel\u00f3","datePublished":"2026-03-14T06:23:43+00:00","dateModified":"2026-03-17T04:07:31+00:00","mainEntityOfPage":{"@id":"https:\/\/infoecos.com.ar\/index.php\/ariel-sucurro-dejo-inaugurado-el-periodo-ordinario-de-sesiones-del-concejo-deliberante-de-salliquelo\/"},"wordCount":210,"publisher":{"@id":"https:\/\/infoecos.com.ar\/#organization"},"image":{"@id":"https:\/\/infoecos.com.ar\/index.php\/ariel-sucurro-dejo-inaugurado-el-periodo-ordinario-de-sesiones-del-concejo-deliberante-de-salliquelo\/#primaryimage"},"thumbnailUrl":"https:\/\/infoecos.com.ar\/wp-content\/uploads\/2026\/03\/651732447_1524220083043979_4784935180791315023_n.jpg","keywords":["Actualidad","ECONOM\u00cdA"],"inLanguage":"es"},{"@type":"WebPage","@id":"https:\/\/infoecos.com.ar\/index.php\/ariel-sucurro-dejo-inaugurado-el-periodo-ordinario-de-sesiones-del-concejo-deliberante-de-salliquelo\/","url":"https:\/\/infoecos.com.ar\/index.php\/ariel-sucurro-dejo-inaugurado-el-periodo-ordinario-de-sesiones-del-concejo-deliberante-de-salliquelo\/","name":"Ariel Sucurro dej\u00f3 inaugurado el per\u00edodo ordinario de sesiones del Concejo Deliberante de Salliquel\u00f3 - Infoecos","isPartOf":{"@id":"https:\/\/infoecos.com.ar\/#website"},"primaryImageOfPage":{"@id":"https:\/\/infoecos.com.ar\/index.php\/ariel-sucurro-dejo-inaugurado-el-periodo-ordinario-de-sesiones-del-concejo-deliberante-de-salliquelo\/#primaryimage"},"image":{"@id":"https:\/\/infoecos.com.ar\/index.php\/ariel-sucurro-dejo-inaugurado-el-periodo-ordinario-de-sesiones-del-concejo-deliberante-de-salliquelo\/#primaryimage"},"thumbnailUrl":"https:\/\/infoecos.com.ar\/wp-content\/uploads\/2026\/03\/651732447_1524220083043979_4784935180791315023_n.jpg","datePublished":"2026-03-14T06:23:43+00:00","dateModified":"2026-03-17T04:07:31+00:00","breadcrumb":{"@id":"https:\/\/infoecos.com.ar\/index.php\/ariel-sucurro-dejo-inaugurado-el-periodo-ordinario-de-sesiones-del-concejo-deliberante-de-salliquelo\/#breadcrumb"},"inLanguage":"es","potentialAction":[{"@type":"ReadAction","target":["https:\/\/infoecos.com.ar\/index.php\/ariel-sucurro-dejo-inaugurado-el-periodo-ordinario-de-sesiones-del-concejo-deliberante-de-salliquelo\/"]}]},{"@type":"ImageObject","inLanguage":"es","@id":"https:\/\/infoecos.com.ar\/index.php\/ariel-sucurro-dejo-inaugurado-el-periodo-ordinario-de-sesiones-del-concejo-deliberante-de-salliquelo\/#primaryimage","url":"https:\/\/infoecos.com.ar\/wp-content\/uploads\/2026\/03\/651732447_1524220083043979_4784935180791315023_n.jpg","contentUrl":"https:\/\/infoecos.com.ar\/wp-content\/uploads\/2026\/03\/651732447_1524220083043979_4784935180791315023_n.jpg","width":944,"height":550},{"@type":"BreadcrumbList","@id":"https:\/\/infoecos.com.ar\/index.php\/ariel-sucurro-dejo-inaugurado-el-periodo-ordinario-de-sesiones-del-concejo-deliberante-de-salliquelo\/#breadcrumb","itemListElement":[{"@type":"ListItem","position":1,"name":"Portada","item":"https:\/\/infoecos.com.ar\/"},{"@type":"ListItem","position":2,"name":"Ariel Sucurro dej\u00f3 inaugurado el per\u00edodo ordinario de sesiones del Concejo Deliberante de Salliquel\u00f3"}]},{"@type":"WebSite","@id":"https:\/\/infoecos.com.ar\/#website","url":"https:\/\/infoecos.com.ar\/","name":"Infoecos","description":"Noticias de trenque lauquen y la zona","publisher":{"@id":"https:\/\/infoecos.com.ar\/#organization"},"alternateName":"Noticias","potentialAction":[{"@type":"SearchAction","target":{"@type":"EntryPoint","urlTemplate":"https:\/\/infoecos.com.ar\/?s={search_term_string}"},"query-input":{"@type":"PropertyValueSpecification","valueRequired":true,"valueName":"search_term_string"}}],"inLanguage":"es"},{"@type":"Organization","@id":"https:\/\/infoecos.com.ar\/#organization","name":"Infoecos","alternateName":"Noticias","url":"https:\/\/infoecos.com.ar\/","logo":{"@type":"ImageObject","inLanguage":"es","@id":"https:\/\/infoecos.com.ar\/#\/schema\/logo\/image\/","url":"https:\/\/infoecos.com.ar\/wp-content\/uploads\/2024\/03\/cropped-logo.png","contentUrl":"https:\/\/infoecos.com.ar\/wp-content\/uploads\/2024\/03\/cropped-logo.png","width":374,"height":90,"caption":"Infoecos"},"image":{"@id":"https:\/\/infoecos.com.ar\/#\/schema\/logo\/image\/"},"sameAs":["https:\/\/www.facebook.com\/profile.php?id=100063200290284","https:\/\/x.com\/infoecos"]},{"@type":"Person","@id":"https:\/\/infoecos.com.ar\/#\/schema\/person\/8f5ace5ce73b4b4aac4b7245aee6f191","name":"Jorge Matheus","url":"https:\/\/infoecos.com.ar\/index.php\/author\/jomatheus\/"}]}},"featured_image_urls":{"full":["https:\/\/infoecos.com.ar\/wp-content\/uploads\/2026\/03\/651732447_1524220083043979_4784935180791315023_n.jpg",944,550,false],"thumbnail":["https:\/\/infoecos.com.ar\/wp-content\/uploads\/2026\/03\/651732447_1524220083043979_4784935180791315023_n-300x150.jpg",300,150,true],"medium":["https:\/\/infoecos.com.ar\/wp-content\/uploads\/2026\/03\/651732447_1524220083043979_4784935180791315023_n-800x466.jpg",800,466,true],"medium_large":["https:\/\/infoecos.com.ar\/wp-content\/uploads\/2026\/03\/651732447_1524220083043979_4784935180791315023_n-768x447.jpg",640,373,true],"large":["https:\/\/infoecos.com.ar\/wp-content\/uploads\/2026\/03\/651732447_1524220083043979_4784935180791315023_n.jpg",640,373,false],"1536x1536":["https:\/\/infoecos.com.ar\/wp-content\/uploads\/2026\/03\/651732447_1524220083043979_4784935180791315023_n.jpg",944,550,false],"2048x2048":["https:\/\/infoecos.com.ar\/wp-content\/uploads\/2026\/03\/651732447_1524220083043979_4784935180791315023_n.jpg",944,550,false],"covernews-slider-full":["https:\/\/infoecos.com.ar\/wp-content\/uploads\/2026\/03\/651732447_1524220083043979_4784935180791315023_n.jpg",944,550,false],"covernews-slider-center":["https:\/\/infoecos.com.ar\/wp-content\/uploads\/2026\/03\/651732447_1524220083043979_4784935180791315023_n-800x500.jpg",800,500,true],"covernews-featured":["https:\/\/infoecos.com.ar\/wp-content\/uploads\/2026\/03\/651732447_1524220083043979_4784935180791315023_n.jpg",944,550,false],"covernews-medium":["https:\/\/infoecos.com.ar\/wp-content\/uploads\/2026\/03\/651732447_1524220083043979_4784935180791315023_n-540x340.jpg",540,340,true],"covernews-medium-square":["https:\/\/infoecos.com.ar\/wp-content\/uploads\/2026\/03\/651732447_1524220083043979_4784935180791315023_n-400x250.jpg",400,250,true]},"author_info":{"info":["Jorge Matheus"]},"category_info":"<a href=\"https:\/\/infoecos.com.ar\/index.php\/category\/sin-categoria\/\" rel=\"category tag\">Sin categor\u00eda<\/a>","tag_info":"Sin categor\u00eda","comment_count":"0","_links":{"self":[{"href":"https:\/\/infoecos.com.ar\/index.php\/wp-json\/wp\/v2\/posts\/154973"}],"collection":[{"href":"https:\/\/infoecos.com.ar\/index.php\/wp-json\/wp\/v2\/posts"}],"about":[{"href":"https:\/\/infoecos.com.ar\/index.php\/wp-json\/wp\/v2\/types\/post"}],"author":[{"embeddable":true,"href":"https:\/\/infoecos.com.ar\/index.php\/wp-json\/wp\/v2\/users\/2"}],"replies":[{"embeddable":true,"href":"https:\/\/infoecos.com.ar\/index.php\/wp-json\/wp\/v2\/comments?post=154973"}],"version-history":[{"count":1,"href":"https:\/\/infoecos.com.ar\/index.php\/wp-json\/wp\/v2\/posts\/154973\/revisions"}],"predecessor-version":[{"id":154976,"href":"https:\/\/infoecos.com.ar\/index.php\/wp-json\/wp\/v2\/posts\/154973\/revisions\/154976"}],"wp:featuredmedia":[{"embeddable":true,"href":"https:\/\/infoecos.com.ar\/index.php\/wp-json\/wp\/v2\/media\/154975"}],"wp:attachment":[{"href":"https:\/\/infoecos.com.ar\/index.php\/wp-json\/wp\/v2\/media?parent=154973"}],"wp:term":[{"taxonomy":"category","embeddable":true,"href":"https:\/\/infoecos.com.ar\/index.php\/wp-json\/wp\/v2\/categories?post=154973"},{"taxonomy":"post_tag","embeddable":true,"href":"https:\/\/infoecos.com.ar\/index.php\/wp-json\/wp\/v2\/tags?post=154973"}],"curies":[{"name":"wp","href":"https:\/\/api.w.org\/{rel}","templated":true}]}}