{"id":155002,"date":"2026-03-15T00:43:07","date_gmt":"2026-03-15T03:43:07","guid":{"rendered":"https:\/\/infoecos.com.ar\/?p=155002"},"modified":"2026-03-15T02:55:55","modified_gmt":"2026-03-15T05:55:55","slug":"perros-de-raza-dogo-mataron-a-empleado-del-campo-donde-se-desempena-como-capataz-y-ahora-va-a-juicio-acusado-de-homicidio-culposo","status":"publish","type":"post","link":"https:\/\/infoecos.com.ar\/index.php\/perros-de-raza-dogo-mataron-a-empleado-del-campo-donde-se-desempena-como-capataz-y-ahora-va-a-juicio-acusado-de-homicidio-culposo\/","title":{"rendered":"Perros de raza dogo mataron a empleado del campo donde se desempe\u00f1a como capataz, y ahora va a juicio acusado de homicidio culposo"},"content":{"rendered":"\n<p>Entre los d\u00edas 12 y 14 de agosto pr\u00f3ximos, en dependencias del Juzgado Correccional N\u00ba 1 de Bah\u00eda Blanca, se realizar\u00e1 el juicio oral y p\u00fablico para analizar la conducta de Juan Pedro Ascagorta,\u00a0el capataz de un campo de Saavedra que era\u00a0propietario de varios perros que atacaron y mataron a un joven pe\u00f3n.<\/p>\n\n\n\n<figure class=\"wp-block-image aligncenter size-full\"><img loading=\"lazy\" decoding=\"async\" width=\"600\" height=\"408\" src=\"https:\/\/infoecos.com.ar\/wp-content\/uploads\/2026\/03\/image-123.png\" alt=\"\" class=\"wp-image-155004\"\/><\/figure>\n\n\n\n<p>Seg\u00fan la causa, investigada por la UFIJ N\u00ba 1,&nbsp;el hecho se produjo el 13 de mayo de 2024 en el establecimiento rural Los Cerritos, ubicado en la zona rural del Club de Pesca de esa localidad.<\/p>\n\n\n\n<p>Sucedi\u00f3 cuando Ascagorta viol\u00f3 los deberes de cuidado tendientes a evitar da\u00f1o en la vida o la salud a terceros al alojar en ese lugar 6 perros de raza dogo y cruza con dogo&nbsp;y dejarlos sin supervisi\u00f3n, correa, ni bozal o adoptando alguna medida de seguridad tendiente a evitar que ataque a alguna persona.<\/p>\n\n\n\n<p>En ese contexto los animales atacaron a Brian Alexis Cer\u00f3n, quien se desempe\u00f1aba como pe\u00f3n del campo, ocasion\u00e1ndole heridas de tal gravedad que motivaron su derivaci\u00f3n al hospital Italiano de La Plata, donde falleci\u00f3 el 30 de mayo de ese a\u00f1o.<\/p>\n\n\n\n<p>Ascagorta llega a juicio acusado del delito de homicidio culposo.<\/p>\n\n\n\n<p><strong>Fuente:<\/strong> <a href=\"https:\/\/www.facebook.com\/radiocoronelsuarez?__cft__[0]=AZY0jeGQ5NCvR88OJD5hOekuqFGX2Zg5b0DUR_BHAWRs1KCeel-NUktl5rx1ofniyW24RmCs4b5xFE7cAf0JsaWS8mlJlQXFDVYSh6KzxEil_Eu9m00vbsGwIxHO4lPIu1HK2OBQEsCSgDk75utEV5qE0EMj2yJpTH4kNDMGlWi64NdDXq2JhoEhSBMN06g0n4Q&amp;__tn__=-UC%2CP-R\"><strong>Radio Coronel Su\u00e1rez<\/strong><\/a><\/p>\n\n\n\n<figure class=\"wp-block-image size-full\"><img loading=\"lazy\" decoding=\"async\" width=\"1280\" height=\"720\" src=\"https:\/\/infoecos.com.ar\/wp-content\/uploads\/2026\/03\/image-122.png\" alt=\"\" class=\"wp-image-155003\" srcset=\"https:\/\/infoecos.com.ar\/wp-content\/uploads\/2026\/03\/image-122.png 1280w, https:\/\/infoecos.com.ar\/wp-content\/uploads\/2026\/03\/image-122-800x450.png 800w, https:\/\/infoecos.com.ar\/wp-content\/uploads\/2026\/03\/image-122-768x432.png 768w, https:\/\/infoecos.com.ar\/wp-content\/uploads\/2026\/03\/image-122-1024x576.png 1024w\" sizes=\"(max-width: 1280px) 100vw, 1280px\" \/><\/figure>\n","protected":false},"excerpt":{"rendered":"<p>Entre los d\u00edas 12 y 14 de agosto pr\u00f3ximos, en dependencias del Juzgado Correccional N\u00ba 1 de Bah\u00eda Blanca, se realizar\u00e1 el juicio oral y p\u00fablico<\/p>\n","protected":false},"author":2,"featured_media":155005,"comment_status":"closed","ping_status":"open","sticky":false,"template":"","format":"standard","meta":{"footnotes":""},"categories":[1],"tags":[10298,10290,155],"class_list":["post-155002","post","type-post","status-publish","format-standard","has-post-thumbnail","hentry","category-sin-categoria","tag-bloque-inferior","tag-entretenimiento","tag-politica"],"yoast_head":"<!-- This site is optimized with the Yoast SEO plugin v23.4 - https:\/\/yoast.com\/wordpress\/plugins\/seo\/ -->\n<title>Perros de raza dogo mataron a empleado del campo donde se desempe\u00f1a como capataz, y ahora va a juicio acusado de homicidio culposo - Infoecos<\/title>\n<meta name=\"robots\" content=\"index, follow, max-snippet:-1, max-image-preview:large, max-video-preview:-1\" \/>\n<link rel=\"canonical\" href=\"https:\/\/infoecos.com.ar\/index.php\/perros-de-raza-dogo-mataron-a-empleado-del-campo-donde-se-desempena-como-capataz-y-ahora-va-a-juicio-acusado-de-homicidio-culposo\/\" \/>\n<meta property=\"og:locale\" content=\"es_ES\" \/>\n<meta property=\"og:type\" content=\"article\" \/>\n<meta property=\"og:title\" content=\"Perros de raza dogo mataron a empleado del campo donde se desempe\u00f1a como capataz, y ahora va a juicio acusado de homicidio culposo - Infoecos\" \/>\n<meta property=\"og:description\" content=\"Entre los d\u00edas 12 y 14 de agosto pr\u00f3ximos, en dependencias del Juzgado Correccional N\u00ba 1 de Bah\u00eda Blanca, se realizar\u00e1 el juicio oral y p\u00fablico\" \/>\n<meta property=\"og:url\" content=\"https:\/\/infoecos.com.ar\/index.php\/perros-de-raza-dogo-mataron-a-empleado-del-campo-donde-se-desempena-como-capataz-y-ahora-va-a-juicio-acusado-de-homicidio-culposo\/\" \/>\n<meta property=\"og:site_name\" content=\"Infoecos\" \/>\n<meta property=\"article:publisher\" content=\"https:\/\/www.facebook.com\/profile.php?id=100063200290284\" \/>\n<meta property=\"article:published_time\" content=\"2026-03-15T03:43:07+00:00\" \/>\n<meta property=\"article:modified_time\" content=\"2026-03-15T05:55:55+00:00\" \/>\n<meta property=\"og:image\" content=\"https:\/\/infoecos.com.ar\/wp-content\/uploads\/2026\/03\/perro-dogo.jpg\" \/>\n\t<meta property=\"og:image:width\" content=\"612\" \/>\n\t<meta property=\"og:image:height\" content=\"344\" \/>\n\t<meta property=\"og:image:type\" content=\"image\/jpeg\" \/>\n<meta name=\"author\" content=\"Jorge Matheus\" \/>\n<meta name=\"twitter:card\" content=\"summary_large_image\" \/>\n<meta name=\"twitter:creator\" content=\"@infoecos\" \/>\n<meta name=\"twitter:site\" content=\"@infoecos\" \/>\n<meta name=\"twitter:label1\" content=\"Escrito por\" \/>\n\t<meta name=\"twitter:data1\" content=\"Jorge Matheus\" \/>\n\t<meta name=\"twitter:label2\" content=\"Tiempo de lectura\" \/>\n\t<meta name=\"twitter:data2\" content=\"2 minutos\" \/>\n<script type=\"application\/ld+json\" class=\"yoast-schema-graph\">{\"@context\":\"https:\/\/schema.org\",\"@graph\":[{\"@type\":\"Article\",\"@id\":\"https:\/\/infoecos.com.ar\/index.php\/perros-de-raza-dogo-mataron-a-empleado-del-campo-donde-se-desempena-como-capataz-y-ahora-va-a-juicio-acusado-de-homicidio-culposo\/#article\",\"isPartOf\":{\"@id\":\"https:\/\/infoecos.com.ar\/index.php\/perros-de-raza-dogo-mataron-a-empleado-del-campo-donde-se-desempena-como-capataz-y-ahora-va-a-juicio-acusado-de-homicidio-culposo\/\"},\"author\":{\"name\":\"Jorge Matheus\",\"@id\":\"https:\/\/infoecos.com.ar\/#\/schema\/person\/8f5ace5ce73b4b4aac4b7245aee6f191\"},\"headline\":\"Perros de raza dogo mataron a empleado del campo donde se desempe\u00f1a como capataz, y ahora va a juicio acusado de homicidio culposo\",\"datePublished\":\"2026-03-15T03:43:07+00:00\",\"dateModified\":\"2026-03-15T05:55:55+00:00\",\"mainEntityOfPage\":{\"@id\":\"https:\/\/infoecos.com.ar\/index.php\/perros-de-raza-dogo-mataron-a-empleado-del-campo-donde-se-desempena-como-capataz-y-ahora-va-a-juicio-acusado-de-homicidio-culposo\/\"},\"wordCount\":235,\"publisher\":{\"@id\":\"https:\/\/infoecos.com.ar\/#organization\"},\"image\":{\"@id\":\"https:\/\/infoecos.com.ar\/index.php\/perros-de-raza-dogo-mataron-a-empleado-del-campo-donde-se-desempena-como-capataz-y-ahora-va-a-juicio-acusado-de-homicidio-culposo\/#primaryimage\"},\"thumbnailUrl\":\"https:\/\/infoecos.com.ar\/wp-content\/uploads\/2026\/03\/perro-dogo.jpg\",\"keywords\":[\"Bloque inferior\",\"Entretenimiento\",\"POL\u00cdTICA\"],\"inLanguage\":\"es\"},{\"@type\":\"WebPage\",\"@id\":\"https:\/\/infoecos.com.ar\/index.php\/perros-de-raza-dogo-mataron-a-empleado-del-campo-donde-se-desempena-como-capataz-y-ahora-va-a-juicio-acusado-de-homicidio-culposo\/\",\"url\":\"https:\/\/infoecos.com.ar\/index.php\/perros-de-raza-dogo-mataron-a-empleado-del-campo-donde-se-desempena-como-capataz-y-ahora-va-a-juicio-acusado-de-homicidio-culposo\/\",\"name\":\"Perros de raza dogo mataron a empleado del campo donde se desempe\u00f1a como capataz, y ahora va a juicio acusado de homicidio culposo - Infoecos\",\"isPartOf\":{\"@id\":\"https:\/\/infoecos.com.ar\/#website\"},\"primaryImageOfPage\":{\"@id\":\"https:\/\/infoecos.com.ar\/index.php\/perros-de-raza-dogo-mataron-a-empleado-del-campo-donde-se-desempena-como-capataz-y-ahora-va-a-juicio-acusado-de-homicidio-culposo\/#primaryimage\"},\"image\":{\"@id\":\"https:\/\/infoecos.com.ar\/index.php\/perros-de-raza-dogo-mataron-a-empleado-del-campo-donde-se-desempena-como-capataz-y-ahora-va-a-juicio-acusado-de-homicidio-culposo\/#primaryimage\"},\"thumbnailUrl\":\"https:\/\/infoecos.com.ar\/wp-content\/uploads\/2026\/03\/perro-dogo.jpg\",\"datePublished\":\"2026-03-15T03:43:07+00:00\",\"dateModified\":\"2026-03-15T05:55:55+00:00\",\"breadcrumb\":{\"@id\":\"https:\/\/infoecos.com.ar\/index.php\/perros-de-raza-dogo-mataron-a-empleado-del-campo-donde-se-desempena-como-capataz-y-ahora-va-a-juicio-acusado-de-homicidio-culposo\/#breadcrumb\"},\"inLanguage\":\"es\",\"potentialAction\":[{\"@type\":\"ReadAction\",\"target\":[\"https:\/\/infoecos.com.ar\/index.php\/perros-de-raza-dogo-mataron-a-empleado-del-campo-donde-se-desempena-como-capataz-y-ahora-va-a-juicio-acusado-de-homicidio-culposo\/\"]}]},{\"@type\":\"ImageObject\",\"inLanguage\":\"es\",\"@id\":\"https:\/\/infoecos.com.ar\/index.php\/perros-de-raza-dogo-mataron-a-empleado-del-campo-donde-se-desempena-como-capataz-y-ahora-va-a-juicio-acusado-de-homicidio-culposo\/#primaryimage\",\"url\":\"https:\/\/infoecos.com.ar\/wp-content\/uploads\/2026\/03\/perro-dogo.jpg\",\"contentUrl\":\"https:\/\/infoecos.com.ar\/wp-content\/uploads\/2026\/03\/perro-dogo.jpg\",\"width\":612,\"height\":344},{\"@type\":\"BreadcrumbList\",\"@id\":\"https:\/\/infoecos.com.ar\/index.php\/perros-de-raza-dogo-mataron-a-empleado-del-campo-donde-se-desempena-como-capataz-y-ahora-va-a-juicio-acusado-de-homicidio-culposo\/#breadcrumb\",\"itemListElement\":[{\"@type\":\"ListItem\",\"position\":1,\"name\":\"Portada\",\"item\":\"https:\/\/infoecos.com.ar\/\"},{\"@type\":\"ListItem\",\"position\":2,\"name\":\"Perros de raza dogo mataron a empleado del campo donde se desempe\u00f1a como capataz, y ahora va a juicio acusado de homicidio culposo\"}]},{\"@type\":\"WebSite\",\"@id\":\"https:\/\/infoecos.com.ar\/#website\",\"url\":\"https:\/\/infoecos.com.ar\/\",\"name\":\"Infoecos\",\"description\":\"Noticias de trenque lauquen y la zona\",\"publisher\":{\"@id\":\"https:\/\/infoecos.com.ar\/#organization\"},\"alternateName\":\"Noticias\",\"potentialAction\":[{\"@type\":\"SearchAction\",\"target\":{\"@type\":\"EntryPoint\",\"urlTemplate\":\"https:\/\/infoecos.com.ar\/?s={search_term_string}\"},\"query-input\":{\"@type\":\"PropertyValueSpecification\",\"valueRequired\":true,\"valueName\":\"search_term_string\"}}],\"inLanguage\":\"es\"},{\"@type\":\"Organization\",\"@id\":\"https:\/\/infoecos.com.ar\/#organization\",\"name\":\"Infoecos\",\"alternateName\":\"Noticias\",\"url\":\"https:\/\/infoecos.com.ar\/\",\"logo\":{\"@type\":\"ImageObject\",\"inLanguage\":\"es\",\"@id\":\"https:\/\/infoecos.com.ar\/#\/schema\/logo\/image\/\",\"url\":\"https:\/\/infoecos.com.ar\/wp-content\/uploads\/2024\/03\/cropped-logo.png\",\"contentUrl\":\"https:\/\/infoecos.com.ar\/wp-content\/uploads\/2024\/03\/cropped-logo.png\",\"width\":374,\"height\":90,\"caption\":\"Infoecos\"},\"image\":{\"@id\":\"https:\/\/infoecos.com.ar\/#\/schema\/logo\/image\/\"},\"sameAs\":[\"https:\/\/www.facebook.com\/profile.php?id=100063200290284\",\"https:\/\/x.com\/infoecos\"]},{\"@type\":\"Person\",\"@id\":\"https:\/\/infoecos.com.ar\/#\/schema\/person\/8f5ace5ce73b4b4aac4b7245aee6f191\",\"name\":\"Jorge Matheus\",\"url\":\"https:\/\/infoecos.com.ar\/index.php\/author\/jomatheus\/\"}]}<\/script>\n<!-- \/ Yoast SEO plugin. -->","yoast_head_json":{"title":"Perros de raza dogo mataron a empleado del campo donde se desempe\u00f1a como capataz, y ahora va a juicio acusado de homicidio culposo - Infoecos","robots":{"index":"index","follow":"follow","max-snippet":"max-snippet:-1","max-image-preview":"max-image-preview:large","max-video-preview":"max-video-preview:-1"},"canonical":"https:\/\/infoecos.com.ar\/index.php\/perros-de-raza-dogo-mataron-a-empleado-del-campo-donde-se-desempena-como-capataz-y-ahora-va-a-juicio-acusado-de-homicidio-culposo\/","og_locale":"es_ES","og_type":"article","og_title":"Perros de raza dogo mataron a empleado del campo donde se desempe\u00f1a como capataz, y ahora va a juicio acusado de homicidio culposo - Infoecos","og_description":"Entre los d\u00edas 12 y 14 de agosto pr\u00f3ximos, en dependencias del Juzgado Correccional N\u00ba 1 de Bah\u00eda Blanca, se realizar\u00e1 el juicio oral y p\u00fablico","og_url":"https:\/\/infoecos.com.ar\/index.php\/perros-de-raza-dogo-mataron-a-empleado-del-campo-donde-se-desempena-como-capataz-y-ahora-va-a-juicio-acusado-de-homicidio-culposo\/","og_site_name":"Infoecos","article_publisher":"https:\/\/www.facebook.com\/profile.php?id=100063200290284","article_published_time":"2026-03-15T03:43:07+00:00","article_modified_time":"2026-03-15T05:55:55+00:00","og_image":[{"width":612,"height":344,"url":"https:\/\/infoecos.com.ar\/wp-content\/uploads\/2026\/03\/perro-dogo.jpg","type":"image\/jpeg"}],"author":"Jorge Matheus","twitter_card":"summary_large_image","twitter_creator":"@infoecos","twitter_site":"@infoecos","twitter_misc":{"Escrito por":"Jorge Matheus","Tiempo de lectura":"2 minutos"},"schema":{"@context":"https:\/\/schema.org","@graph":[{"@type":"Article","@id":"https:\/\/infoecos.com.ar\/index.php\/perros-de-raza-dogo-mataron-a-empleado-del-campo-donde-se-desempena-como-capataz-y-ahora-va-a-juicio-acusado-de-homicidio-culposo\/#article","isPartOf":{"@id":"https:\/\/infoecos.com.ar\/index.php\/perros-de-raza-dogo-mataron-a-empleado-del-campo-donde-se-desempena-como-capataz-y-ahora-va-a-juicio-acusado-de-homicidio-culposo\/"},"author":{"name":"Jorge Matheus","@id":"https:\/\/infoecos.com.ar\/#\/schema\/person\/8f5ace5ce73b4b4aac4b7245aee6f191"},"headline":"Perros de raza dogo mataron a empleado del campo donde se desempe\u00f1a como capataz, y ahora va a juicio acusado de homicidio culposo","datePublished":"2026-03-15T03:43:07+00:00","dateModified":"2026-03-15T05:55:55+00:00","mainEntityOfPage":{"@id":"https:\/\/infoecos.com.ar\/index.php\/perros-de-raza-dogo-mataron-a-empleado-del-campo-donde-se-desempena-como-capataz-y-ahora-va-a-juicio-acusado-de-homicidio-culposo\/"},"wordCount":235,"publisher":{"@id":"https:\/\/infoecos.com.ar\/#organization"},"image":{"@id":"https:\/\/infoecos.com.ar\/index.php\/perros-de-raza-dogo-mataron-a-empleado-del-campo-donde-se-desempena-como-capataz-y-ahora-va-a-juicio-acusado-de-homicidio-culposo\/#primaryimage"},"thumbnailUrl":"https:\/\/infoecos.com.ar\/wp-content\/uploads\/2026\/03\/perro-dogo.jpg","keywords":["Bloque inferior","Entretenimiento","POL\u00cdTICA"],"inLanguage":"es"},{"@type":"WebPage","@id":"https:\/\/infoecos.com.ar\/index.php\/perros-de-raza-dogo-mataron-a-empleado-del-campo-donde-se-desempena-como-capataz-y-ahora-va-a-juicio-acusado-de-homicidio-culposo\/","url":"https:\/\/infoecos.com.ar\/index.php\/perros-de-raza-dogo-mataron-a-empleado-del-campo-donde-se-desempena-como-capataz-y-ahora-va-a-juicio-acusado-de-homicidio-culposo\/","name":"Perros de raza dogo mataron a empleado del campo donde se desempe\u00f1a como capataz, y ahora va a juicio acusado de homicidio culposo - Infoecos","isPartOf":{"@id":"https:\/\/infoecos.com.ar\/#website"},"primaryImageOfPage":{"@id":"https:\/\/infoecos.com.ar\/index.php\/perros-de-raza-dogo-mataron-a-empleado-del-campo-donde-se-desempena-como-capataz-y-ahora-va-a-juicio-acusado-de-homicidio-culposo\/#primaryimage"},"image":{"@id":"https:\/\/infoecos.com.ar\/index.php\/perros-de-raza-dogo-mataron-a-empleado-del-campo-donde-se-desempena-como-capataz-y-ahora-va-a-juicio-acusado-de-homicidio-culposo\/#primaryimage"},"thumbnailUrl":"https:\/\/infoecos.com.ar\/wp-content\/uploads\/2026\/03\/perro-dogo.jpg","datePublished":"2026-03-15T03:43:07+00:00","dateModified":"2026-03-15T05:55:55+00:00","breadcrumb":{"@id":"https:\/\/infoecos.com.ar\/index.php\/perros-de-raza-dogo-mataron-a-empleado-del-campo-donde-se-desempena-como-capataz-y-ahora-va-a-juicio-acusado-de-homicidio-culposo\/#breadcrumb"},"inLanguage":"es","potentialAction":[{"@type":"ReadAction","target":["https:\/\/infoecos.com.ar\/index.php\/perros-de-raza-dogo-mataron-a-empleado-del-campo-donde-se-desempena-como-capataz-y-ahora-va-a-juicio-acusado-de-homicidio-culposo\/"]}]},{"@type":"ImageObject","inLanguage":"es","@id":"https:\/\/infoecos.com.ar\/index.php\/perros-de-raza-dogo-mataron-a-empleado-del-campo-donde-se-desempena-como-capataz-y-ahora-va-a-juicio-acusado-de-homicidio-culposo\/#primaryimage","url":"https:\/\/infoecos.com.ar\/wp-content\/uploads\/2026\/03\/perro-dogo.jpg","contentUrl":"https:\/\/infoecos.com.ar\/wp-content\/uploads\/2026\/03\/perro-dogo.jpg","width":612,"height":344},{"@type":"BreadcrumbList","@id":"https:\/\/infoecos.com.ar\/index.php\/perros-de-raza-dogo-mataron-a-empleado-del-campo-donde-se-desempena-como-capataz-y-ahora-va-a-juicio-acusado-de-homicidio-culposo\/#breadcrumb","itemListElement":[{"@type":"ListItem","position":1,"name":"Portada","item":"https:\/\/infoecos.com.ar\/"},{"@type":"ListItem","position":2,"name":"Perros de raza dogo mataron a empleado del campo donde se desempe\u00f1a como capataz, y ahora va a juicio acusado de homicidio culposo"}]},{"@type":"WebSite","@id":"https:\/\/infoecos.com.ar\/#website","url":"https:\/\/infoecos.com.ar\/","name":"Infoecos","description":"Noticias de trenque lauquen y la zona","publisher":{"@id":"https:\/\/infoecos.com.ar\/#organization"},"alternateName":"Noticias","potentialAction":[{"@type":"SearchAction","target":{"@type":"EntryPoint","urlTemplate":"https:\/\/infoecos.com.ar\/?s={search_term_string}"},"query-input":{"@type":"PropertyValueSpecification","valueRequired":true,"valueName":"search_term_string"}}],"inLanguage":"es"},{"@type":"Organization","@id":"https:\/\/infoecos.com.ar\/#organization","name":"Infoecos","alternateName":"Noticias","url":"https:\/\/infoecos.com.ar\/","logo":{"@type":"ImageObject","inLanguage":"es","@id":"https:\/\/infoecos.com.ar\/#\/schema\/logo\/image\/","url":"https:\/\/infoecos.com.ar\/wp-content\/uploads\/2024\/03\/cropped-logo.png","contentUrl":"https:\/\/infoecos.com.ar\/wp-content\/uploads\/2024\/03\/cropped-logo.png","width":374,"height":90,"caption":"Infoecos"},"image":{"@id":"https:\/\/infoecos.com.ar\/#\/schema\/logo\/image\/"},"sameAs":["https:\/\/www.facebook.com\/profile.php?id=100063200290284","https:\/\/x.com\/infoecos"]},{"@type":"Person","@id":"https:\/\/infoecos.com.ar\/#\/schema\/person\/8f5ace5ce73b4b4aac4b7245aee6f191","name":"Jorge Matheus","url":"https:\/\/infoecos.com.ar\/index.php\/author\/jomatheus\/"}]}},"featured_image_urls":{"full":["https:\/\/infoecos.com.ar\/wp-content\/uploads\/2026\/03\/perro-dogo.jpg",612,344,false],"thumbnail":["https:\/\/infoecos.com.ar\/wp-content\/uploads\/2026\/03\/perro-dogo-300x150.jpg",300,150,true],"medium":["https:\/\/infoecos.com.ar\/wp-content\/uploads\/2026\/03\/perro-dogo.jpg",612,344,false],"medium_large":["https:\/\/infoecos.com.ar\/wp-content\/uploads\/2026\/03\/perro-dogo.jpg",612,344,false],"large":["https:\/\/infoecos.com.ar\/wp-content\/uploads\/2026\/03\/perro-dogo.jpg",612,344,false],"1536x1536":["https:\/\/infoecos.com.ar\/wp-content\/uploads\/2026\/03\/perro-dogo.jpg",612,344,false],"2048x2048":["https:\/\/infoecos.com.ar\/wp-content\/uploads\/2026\/03\/perro-dogo.jpg",612,344,false],"covernews-slider-full":["https:\/\/infoecos.com.ar\/wp-content\/uploads\/2026\/03\/perro-dogo.jpg",612,344,false],"covernews-slider-center":["https:\/\/infoecos.com.ar\/wp-content\/uploads\/2026\/03\/perro-dogo.jpg",612,344,false],"covernews-featured":["https:\/\/infoecos.com.ar\/wp-content\/uploads\/2026\/03\/perro-dogo.jpg",612,344,false],"covernews-medium":["https:\/\/infoecos.com.ar\/wp-content\/uploads\/2026\/03\/perro-dogo-540x340.jpg",540,340,true],"covernews-medium-square":["https:\/\/infoecos.com.ar\/wp-content\/uploads\/2026\/03\/perro-dogo-400x250.jpg",400,250,true]},"author_info":{"info":["Jorge Matheus"]},"category_info":"<a href=\"https:\/\/infoecos.com.ar\/index.php\/category\/sin-categoria\/\" rel=\"category tag\">Sin categor\u00eda<\/a>","tag_info":"Sin categor\u00eda","comment_count":"0","_links":{"self":[{"href":"https:\/\/infoecos.com.ar\/index.php\/wp-json\/wp\/v2\/posts\/155002"}],"collection":[{"href":"https:\/\/infoecos.com.ar\/index.php\/wp-json\/wp\/v2\/posts"}],"about":[{"href":"https:\/\/infoecos.com.ar\/index.php\/wp-json\/wp\/v2\/types\/post"}],"author":[{"embeddable":true,"href":"https:\/\/infoecos.com.ar\/index.php\/wp-json\/wp\/v2\/users\/2"}],"replies":[{"embeddable":true,"href":"https:\/\/infoecos.com.ar\/index.php\/wp-json\/wp\/v2\/comments?post=155002"}],"version-history":[{"count":1,"href":"https:\/\/infoecos.com.ar\/index.php\/wp-json\/wp\/v2\/posts\/155002\/revisions"}],"predecessor-version":[{"id":155006,"href":"https:\/\/infoecos.com.ar\/index.php\/wp-json\/wp\/v2\/posts\/155002\/revisions\/155006"}],"wp:featuredmedia":[{"embeddable":true,"href":"https:\/\/infoecos.com.ar\/index.php\/wp-json\/wp\/v2\/media\/155005"}],"wp:attachment":[{"href":"https:\/\/infoecos.com.ar\/index.php\/wp-json\/wp\/v2\/media?parent=155002"}],"wp:term":[{"taxonomy":"category","embeddable":true,"href":"https:\/\/infoecos.com.ar\/index.php\/wp-json\/wp\/v2\/categories?post=155002"},{"taxonomy":"post_tag","embeddable":true,"href":"https:\/\/infoecos.com.ar\/index.php\/wp-json\/wp\/v2\/tags?post=155002"}],"curies":[{"name":"wp","href":"https:\/\/api.w.org\/{rel}","templated":true}]}}