{"id":155036,"date":"2026-03-15T21:53:50","date_gmt":"2026-03-16T00:53:50","guid":{"rendered":"https:\/\/infoecos.com.ar\/?p=155036"},"modified":"2026-03-18T02:47:41","modified_gmt":"2026-03-18T05:47:41","slug":"155036","status":"publish","type":"post","link":"https:\/\/infoecos.com.ar\/index.php\/155036\/","title":{"rendered":"Sesquicentenario de Guamin\u00ed: dos vecinos emularon el recorrido de 180 kil\u00f3metros realizado por el coronel Marcelino Estanislao Freyre"},"content":{"rendered":"\n<p>Los vecinos de Guamin\u00ed, Guillermo Ecke y Avelino Nieto, recorrieron 180 kil\u00f3metros emulando la traves\u00eda hist\u00f3rica realizada hace 150 a\u00f1os por el coronel Marcelino Estanislao Freyre.\u00a0<\/p>\n\n\n\n<figure class=\"wp-block-gallery has-nested-images columns-default is-cropped wp-block-gallery-1 is-layout-flex wp-block-gallery-is-layout-flex\">\n<figure class=\"wp-block-image size-large\"><img loading=\"lazy\" decoding=\"async\" width=\"1080\" height=\"1436\" data-id=\"155048\" src=\"https:\/\/infoecos.com.ar\/wp-content\/uploads\/2026\/03\/travesia3.jpg.jpg\" alt=\"\" class=\"wp-image-155048\" srcset=\"https:\/\/infoecos.com.ar\/wp-content\/uploads\/2026\/03\/travesia3.jpg.jpg 1080w, https:\/\/infoecos.com.ar\/wp-content\/uploads\/2026\/03\/travesia3.jpg-602x800.jpg 602w, https:\/\/infoecos.com.ar\/wp-content\/uploads\/2026\/03\/travesia3.jpg-768x1021.jpg 768w, https:\/\/infoecos.com.ar\/wp-content\/uploads\/2026\/03\/travesia3.jpg-1024x1362.jpg 1024w\" sizes=\"(max-width: 1080px) 100vw, 1080px\" \/><\/figure>\n\n\n\n<figure class=\"wp-block-image size-large\"><img loading=\"lazy\" decoding=\"async\" width=\"1080\" height=\"1436\" data-id=\"155049\" src=\"https:\/\/infoecos.com.ar\/wp-content\/uploads\/2026\/03\/travesia4.jpg.jpg\" alt=\"\" class=\"wp-image-155049\" srcset=\"https:\/\/infoecos.com.ar\/wp-content\/uploads\/2026\/03\/travesia4.jpg.jpg 1080w, https:\/\/infoecos.com.ar\/wp-content\/uploads\/2026\/03\/travesia4.jpg-602x800.jpg 602w, https:\/\/infoecos.com.ar\/wp-content\/uploads\/2026\/03\/travesia4.jpg-768x1021.jpg 768w, https:\/\/infoecos.com.ar\/wp-content\/uploads\/2026\/03\/travesia4.jpg-1024x1362.jpg 1024w\" sizes=\"(max-width: 1080px) 100vw, 1080px\" \/><\/figure>\n\n\n\n<figure class=\"wp-block-image size-large\"><img loading=\"lazy\" decoding=\"async\" width=\"1080\" height=\"1436\" data-id=\"155050\" src=\"https:\/\/infoecos.com.ar\/wp-content\/uploads\/2026\/03\/travesia5.jpg.jpg\" alt=\"\" class=\"wp-image-155050\" srcset=\"https:\/\/infoecos.com.ar\/wp-content\/uploads\/2026\/03\/travesia5.jpg.jpg 1080w, https:\/\/infoecos.com.ar\/wp-content\/uploads\/2026\/03\/travesia5.jpg-602x800.jpg 602w, https:\/\/infoecos.com.ar\/wp-content\/uploads\/2026\/03\/travesia5.jpg-768x1021.jpg 768w, https:\/\/infoecos.com.ar\/wp-content\/uploads\/2026\/03\/travesia5.jpg-1024x1362.jpg 1024w\" sizes=\"(max-width: 1080px) 100vw, 1080px\" \/><\/figure>\n<\/figure>\n\n\n\n<p>El coronel Freyre el 11 de marzo de 1876 desde el Fuerte San Carlos de Bol\u00edvar emprendi\u00f3 su marcha acompa\u00f1ado por alrededor de 800 soldados, un contingente de ind\u00edgenas aliados y miles de animales entre vacunos, yeguarizos y lanares. La traves\u00eda culmin\u00f3 en Guamin\u00ed. <\/p>\n\n\n\n<p>Los jinetes contempor\u00e1neos realizaron el recorrido en un tiempo menor al de aquella expedici\u00f3n hist\u00f3rica, ya que en 1876 el avance se realizaba con una gran caravana de personas, animales y carretas, lo que hac\u00eda mucho m\u00e1s lento el desplazamiento.<\/p>\n\n\n\n<p>Esta iniciativa forma parte de las actividades preparatorias por el sesquicentenario de Guamin\u00ed. <\/p>\n\n\n\n<figure class=\"wp-block-gallery has-nested-images columns-default is-cropped wp-block-gallery-2 is-layout-flex wp-block-gallery-is-layout-flex\">\n<figure class=\"wp-block-image size-large\"><img loading=\"lazy\" decoding=\"async\" width=\"1080\" height=\"1436\" data-id=\"155046\" src=\"https:\/\/infoecos.com.ar\/wp-content\/uploads\/2026\/03\/travesia.jpg.jpg\" alt=\"\" class=\"wp-image-155046\" srcset=\"https:\/\/infoecos.com.ar\/wp-content\/uploads\/2026\/03\/travesia.jpg.jpg 1080w, https:\/\/infoecos.com.ar\/wp-content\/uploads\/2026\/03\/travesia.jpg-602x800.jpg 602w, https:\/\/infoecos.com.ar\/wp-content\/uploads\/2026\/03\/travesia.jpg-768x1021.jpg 768w, https:\/\/infoecos.com.ar\/wp-content\/uploads\/2026\/03\/travesia.jpg-1024x1362.jpg 1024w\" sizes=\"(max-width: 1080px) 100vw, 1080px\" \/><\/figure>\n\n\n\n<figure class=\"wp-block-image size-large\"><img loading=\"lazy\" decoding=\"async\" width=\"1080\" height=\"1436\" data-id=\"155047\" src=\"https:\/\/infoecos.com.ar\/wp-content\/uploads\/2026\/03\/travesia1.jpg.jpg\" alt=\"\" class=\"wp-image-155047\" srcset=\"https:\/\/infoecos.com.ar\/wp-content\/uploads\/2026\/03\/travesia1.jpg.jpg 1080w, https:\/\/infoecos.com.ar\/wp-content\/uploads\/2026\/03\/travesia1.jpg-602x800.jpg 602w, https:\/\/infoecos.com.ar\/wp-content\/uploads\/2026\/03\/travesia1.jpg-768x1021.jpg 768w, https:\/\/infoecos.com.ar\/wp-content\/uploads\/2026\/03\/travesia1.jpg-1024x1362.jpg 1024w\" sizes=\"(max-width: 1080px) 100vw, 1080px\" \/><\/figure>\n\n\n\n<figure class=\"wp-block-image size-large\"><img loading=\"lazy\" decoding=\"async\" width=\"1080\" height=\"1436\" data-id=\"155045\" src=\"https:\/\/infoecos.com.ar\/wp-content\/uploads\/2026\/03\/travesia2.jpg.jpg\" alt=\"\" class=\"wp-image-155045\" srcset=\"https:\/\/infoecos.com.ar\/wp-content\/uploads\/2026\/03\/travesia2.jpg.jpg 1080w, https:\/\/infoecos.com.ar\/wp-content\/uploads\/2026\/03\/travesia2.jpg-602x800.jpg 602w, https:\/\/infoecos.com.ar\/wp-content\/uploads\/2026\/03\/travesia2.jpg-768x1021.jpg 768w, https:\/\/infoecos.com.ar\/wp-content\/uploads\/2026\/03\/travesia2.jpg-1024x1362.jpg 1024w\" sizes=\"(max-width: 1080px) 100vw, 1080px\" \/><\/figure>\n<\/figure>\n","protected":false},"excerpt":{"rendered":"<p>Los vecinos de Guamin\u00ed, Guillermo Ecke y Avelino Nieto, recorrieron 180 kil\u00f3metros<\/p>\n","protected":false},"author":2,"featured_media":155050,"comment_status":"closed","ping_status":"open","sticky":false,"template":"","format":"standard","meta":{"footnotes":""},"categories":[1],"tags":[10291,155],"class_list":["post-155036","post","type-post","status-publish","format-standard","has-post-thumbnail","hentry","category-sin-categoria","tag-nacional","tag-politica"],"yoast_head":"<!-- This site is optimized with the Yoast SEO plugin v23.4 - https:\/\/yoast.com\/wordpress\/plugins\/seo\/ -->\n<title>Sesquicentenario de Guamin\u00ed: dos vecinos emularon el recorrido de 180 kil\u00f3metros realizado por el coronel Marcelino Estanislao Freyre - Infoecos<\/title>\n<meta name=\"robots\" content=\"index, follow, max-snippet:-1, max-image-preview:large, max-video-preview:-1\" \/>\n<link rel=\"canonical\" href=\"https:\/\/infoecos.com.ar\/index.php\/155036\/\" \/>\n<meta property=\"og:locale\" content=\"es_ES\" \/>\n<meta property=\"og:type\" content=\"article\" \/>\n<meta property=\"og:title\" content=\"Sesquicentenario de Guamin\u00ed: dos vecinos emularon el recorrido de 180 kil\u00f3metros realizado por el coronel Marcelino Estanislao Freyre - Infoecos\" \/>\n<meta property=\"og:description\" content=\"Los vecinos de Guamin\u00ed, Guillermo Ecke y Avelino Nieto, recorrieron 180 kil\u00f3metros\" \/>\n<meta property=\"og:url\" content=\"https:\/\/infoecos.com.ar\/index.php\/155036\/\" \/>\n<meta property=\"og:site_name\" content=\"Infoecos\" \/>\n<meta property=\"article:publisher\" content=\"https:\/\/www.facebook.com\/profile.php?id=100063200290284\" \/>\n<meta property=\"article:published_time\" content=\"2026-03-16T00:53:50+00:00\" \/>\n<meta property=\"article:modified_time\" content=\"2026-03-18T05:47:41+00:00\" \/>\n<meta property=\"og:image\" content=\"https:\/\/infoecos.com.ar\/wp-content\/uploads\/2026\/03\/travesia5.jpg.jpg\" \/>\n\t<meta property=\"og:image:width\" content=\"1080\" \/>\n\t<meta property=\"og:image:height\" content=\"1436\" \/>\n\t<meta property=\"og:image:type\" content=\"image\/jpeg\" \/>\n<meta name=\"author\" content=\"Jorge Matheus\" \/>\n<meta name=\"twitter:card\" content=\"summary_large_image\" \/>\n<meta name=\"twitter:creator\" content=\"@infoecos\" \/>\n<meta name=\"twitter:site\" content=\"@infoecos\" \/>\n<meta name=\"twitter:label1\" content=\"Escrito por\" \/>\n\t<meta name=\"twitter:data1\" content=\"Jorge Matheus\" \/>\n\t<meta name=\"twitter:label2\" content=\"Tiempo de lectura\" \/>\n\t<meta name=\"twitter:data2\" content=\"2 minutos\" \/>\n<script type=\"application\/ld+json\" class=\"yoast-schema-graph\">{\"@context\":\"https:\/\/schema.org\",\"@graph\":[{\"@type\":\"Article\",\"@id\":\"https:\/\/infoecos.com.ar\/index.php\/155036\/#article\",\"isPartOf\":{\"@id\":\"https:\/\/infoecos.com.ar\/index.php\/155036\/\"},\"author\":{\"name\":\"Jorge Matheus\",\"@id\":\"https:\/\/infoecos.com.ar\/#\/schema\/person\/8f5ace5ce73b4b4aac4b7245aee6f191\"},\"headline\":\"Sesquicentenario de Guamin\u00ed: dos vecinos emularon el recorrido de 180 kil\u00f3metros realizado por el coronel Marcelino Estanislao Freyre\",\"datePublished\":\"2026-03-16T00:53:50+00:00\",\"dateModified\":\"2026-03-18T05:47:41+00:00\",\"mainEntityOfPage\":{\"@id\":\"https:\/\/infoecos.com.ar\/index.php\/155036\/\"},\"wordCount\":148,\"publisher\":{\"@id\":\"https:\/\/infoecos.com.ar\/#organization\"},\"image\":{\"@id\":\"https:\/\/infoecos.com.ar\/index.php\/155036\/#primaryimage\"},\"thumbnailUrl\":\"https:\/\/infoecos.com.ar\/wp-content\/uploads\/2026\/03\/travesia5.jpg.jpg\",\"keywords\":[\"Nacional\",\"POL\u00cdTICA\"],\"inLanguage\":\"es\"},{\"@type\":\"WebPage\",\"@id\":\"https:\/\/infoecos.com.ar\/index.php\/155036\/\",\"url\":\"https:\/\/infoecos.com.ar\/index.php\/155036\/\",\"name\":\"Sesquicentenario de Guamin\u00ed: dos vecinos emularon el recorrido de 180 kil\u00f3metros realizado por el coronel Marcelino Estanislao Freyre - Infoecos\",\"isPartOf\":{\"@id\":\"https:\/\/infoecos.com.ar\/#website\"},\"primaryImageOfPage\":{\"@id\":\"https:\/\/infoecos.com.ar\/index.php\/155036\/#primaryimage\"},\"image\":{\"@id\":\"https:\/\/infoecos.com.ar\/index.php\/155036\/#primaryimage\"},\"thumbnailUrl\":\"https:\/\/infoecos.com.ar\/wp-content\/uploads\/2026\/03\/travesia5.jpg.jpg\",\"datePublished\":\"2026-03-16T00:53:50+00:00\",\"dateModified\":\"2026-03-18T05:47:41+00:00\",\"breadcrumb\":{\"@id\":\"https:\/\/infoecos.com.ar\/index.php\/155036\/#breadcrumb\"},\"inLanguage\":\"es\",\"potentialAction\":[{\"@type\":\"ReadAction\",\"target\":[\"https:\/\/infoecos.com.ar\/index.php\/155036\/\"]}]},{\"@type\":\"ImageObject\",\"inLanguage\":\"es\",\"@id\":\"https:\/\/infoecos.com.ar\/index.php\/155036\/#primaryimage\",\"url\":\"https:\/\/infoecos.com.ar\/wp-content\/uploads\/2026\/03\/travesia5.jpg.jpg\",\"contentUrl\":\"https:\/\/infoecos.com.ar\/wp-content\/uploads\/2026\/03\/travesia5.jpg.jpg\",\"width\":1080,\"height\":1436},{\"@type\":\"BreadcrumbList\",\"@id\":\"https:\/\/infoecos.com.ar\/index.php\/155036\/#breadcrumb\",\"itemListElement\":[{\"@type\":\"ListItem\",\"position\":1,\"name\":\"Portada\",\"item\":\"https:\/\/infoecos.com.ar\/\"},{\"@type\":\"ListItem\",\"position\":2,\"name\":\"Sesquicentenario de Guamin\u00ed: dos vecinos emularon el recorrido de 180 kil\u00f3metros realizado por el coronel Marcelino Estanislao Freyre\"}]},{\"@type\":\"WebSite\",\"@id\":\"https:\/\/infoecos.com.ar\/#website\",\"url\":\"https:\/\/infoecos.com.ar\/\",\"name\":\"Infoecos\",\"description\":\"Noticias de trenque lauquen y la zona\",\"publisher\":{\"@id\":\"https:\/\/infoecos.com.ar\/#organization\"},\"alternateName\":\"Noticias\",\"potentialAction\":[{\"@type\":\"SearchAction\",\"target\":{\"@type\":\"EntryPoint\",\"urlTemplate\":\"https:\/\/infoecos.com.ar\/?s={search_term_string}\"},\"query-input\":{\"@type\":\"PropertyValueSpecification\",\"valueRequired\":true,\"valueName\":\"search_term_string\"}}],\"inLanguage\":\"es\"},{\"@type\":\"Organization\",\"@id\":\"https:\/\/infoecos.com.ar\/#organization\",\"name\":\"Infoecos\",\"alternateName\":\"Noticias\",\"url\":\"https:\/\/infoecos.com.ar\/\",\"logo\":{\"@type\":\"ImageObject\",\"inLanguage\":\"es\",\"@id\":\"https:\/\/infoecos.com.ar\/#\/schema\/logo\/image\/\",\"url\":\"https:\/\/infoecos.com.ar\/wp-content\/uploads\/2024\/03\/cropped-logo.png\",\"contentUrl\":\"https:\/\/infoecos.com.ar\/wp-content\/uploads\/2024\/03\/cropped-logo.png\",\"width\":374,\"height\":90,\"caption\":\"Infoecos\"},\"image\":{\"@id\":\"https:\/\/infoecos.com.ar\/#\/schema\/logo\/image\/\"},\"sameAs\":[\"https:\/\/www.facebook.com\/profile.php?id=100063200290284\",\"https:\/\/x.com\/infoecos\"]},{\"@type\":\"Person\",\"@id\":\"https:\/\/infoecos.com.ar\/#\/schema\/person\/8f5ace5ce73b4b4aac4b7245aee6f191\",\"name\":\"Jorge Matheus\",\"url\":\"https:\/\/infoecos.com.ar\/index.php\/author\/jomatheus\/\"}]}<\/script>\n<!-- \/ Yoast SEO plugin. -->","yoast_head_json":{"title":"Sesquicentenario de Guamin\u00ed: dos vecinos emularon el recorrido de 180 kil\u00f3metros realizado por el coronel Marcelino Estanislao Freyre - Infoecos","robots":{"index":"index","follow":"follow","max-snippet":"max-snippet:-1","max-image-preview":"max-image-preview:large","max-video-preview":"max-video-preview:-1"},"canonical":"https:\/\/infoecos.com.ar\/index.php\/155036\/","og_locale":"es_ES","og_type":"article","og_title":"Sesquicentenario de Guamin\u00ed: dos vecinos emularon el recorrido de 180 kil\u00f3metros realizado por el coronel Marcelino Estanislao Freyre - Infoecos","og_description":"Los vecinos de Guamin\u00ed, Guillermo Ecke y Avelino Nieto, recorrieron 180 kil\u00f3metros","og_url":"https:\/\/infoecos.com.ar\/index.php\/155036\/","og_site_name":"Infoecos","article_publisher":"https:\/\/www.facebook.com\/profile.php?id=100063200290284","article_published_time":"2026-03-16T00:53:50+00:00","article_modified_time":"2026-03-18T05:47:41+00:00","og_image":[{"width":1080,"height":1436,"url":"https:\/\/infoecos.com.ar\/wp-content\/uploads\/2026\/03\/travesia5.jpg.jpg","type":"image\/jpeg"}],"author":"Jorge Matheus","twitter_card":"summary_large_image","twitter_creator":"@infoecos","twitter_site":"@infoecos","twitter_misc":{"Escrito por":"Jorge Matheus","Tiempo de lectura":"2 minutos"},"schema":{"@context":"https:\/\/schema.org","@graph":[{"@type":"Article","@id":"https:\/\/infoecos.com.ar\/index.php\/155036\/#article","isPartOf":{"@id":"https:\/\/infoecos.com.ar\/index.php\/155036\/"},"author":{"name":"Jorge Matheus","@id":"https:\/\/infoecos.com.ar\/#\/schema\/person\/8f5ace5ce73b4b4aac4b7245aee6f191"},"headline":"Sesquicentenario de Guamin\u00ed: dos vecinos emularon el recorrido de 180 kil\u00f3metros realizado por el coronel Marcelino Estanislao Freyre","datePublished":"2026-03-16T00:53:50+00:00","dateModified":"2026-03-18T05:47:41+00:00","mainEntityOfPage":{"@id":"https:\/\/infoecos.com.ar\/index.php\/155036\/"},"wordCount":148,"publisher":{"@id":"https:\/\/infoecos.com.ar\/#organization"},"image":{"@id":"https:\/\/infoecos.com.ar\/index.php\/155036\/#primaryimage"},"thumbnailUrl":"https:\/\/infoecos.com.ar\/wp-content\/uploads\/2026\/03\/travesia5.jpg.jpg","keywords":["Nacional","POL\u00cdTICA"],"inLanguage":"es"},{"@type":"WebPage","@id":"https:\/\/infoecos.com.ar\/index.php\/155036\/","url":"https:\/\/infoecos.com.ar\/index.php\/155036\/","name":"Sesquicentenario de Guamin\u00ed: dos vecinos emularon el recorrido de 180 kil\u00f3metros realizado por el coronel Marcelino Estanislao Freyre - Infoecos","isPartOf":{"@id":"https:\/\/infoecos.com.ar\/#website"},"primaryImageOfPage":{"@id":"https:\/\/infoecos.com.ar\/index.php\/155036\/#primaryimage"},"image":{"@id":"https:\/\/infoecos.com.ar\/index.php\/155036\/#primaryimage"},"thumbnailUrl":"https:\/\/infoecos.com.ar\/wp-content\/uploads\/2026\/03\/travesia5.jpg.jpg","datePublished":"2026-03-16T00:53:50+00:00","dateModified":"2026-03-18T05:47:41+00:00","breadcrumb":{"@id":"https:\/\/infoecos.com.ar\/index.php\/155036\/#breadcrumb"},"inLanguage":"es","potentialAction":[{"@type":"ReadAction","target":["https:\/\/infoecos.com.ar\/index.php\/155036\/"]}]},{"@type":"ImageObject","inLanguage":"es","@id":"https:\/\/infoecos.com.ar\/index.php\/155036\/#primaryimage","url":"https:\/\/infoecos.com.ar\/wp-content\/uploads\/2026\/03\/travesia5.jpg.jpg","contentUrl":"https:\/\/infoecos.com.ar\/wp-content\/uploads\/2026\/03\/travesia5.jpg.jpg","width":1080,"height":1436},{"@type":"BreadcrumbList","@id":"https:\/\/infoecos.com.ar\/index.php\/155036\/#breadcrumb","itemListElement":[{"@type":"ListItem","position":1,"name":"Portada","item":"https:\/\/infoecos.com.ar\/"},{"@type":"ListItem","position":2,"name":"Sesquicentenario de Guamin\u00ed: dos vecinos emularon el recorrido de 180 kil\u00f3metros realizado por el coronel Marcelino Estanislao Freyre"}]},{"@type":"WebSite","@id":"https:\/\/infoecos.com.ar\/#website","url":"https:\/\/infoecos.com.ar\/","name":"Infoecos","description":"Noticias de trenque lauquen y la zona","publisher":{"@id":"https:\/\/infoecos.com.ar\/#organization"},"alternateName":"Noticias","potentialAction":[{"@type":"SearchAction","target":{"@type":"EntryPoint","urlTemplate":"https:\/\/infoecos.com.ar\/?s={search_term_string}"},"query-input":{"@type":"PropertyValueSpecification","valueRequired":true,"valueName":"search_term_string"}}],"inLanguage":"es"},{"@type":"Organization","@id":"https:\/\/infoecos.com.ar\/#organization","name":"Infoecos","alternateName":"Noticias","url":"https:\/\/infoecos.com.ar\/","logo":{"@type":"ImageObject","inLanguage":"es","@id":"https:\/\/infoecos.com.ar\/#\/schema\/logo\/image\/","url":"https:\/\/infoecos.com.ar\/wp-content\/uploads\/2024\/03\/cropped-logo.png","contentUrl":"https:\/\/infoecos.com.ar\/wp-content\/uploads\/2024\/03\/cropped-logo.png","width":374,"height":90,"caption":"Infoecos"},"image":{"@id":"https:\/\/infoecos.com.ar\/#\/schema\/logo\/image\/"},"sameAs":["https:\/\/www.facebook.com\/profile.php?id=100063200290284","https:\/\/x.com\/infoecos"]},{"@type":"Person","@id":"https:\/\/infoecos.com.ar\/#\/schema\/person\/8f5ace5ce73b4b4aac4b7245aee6f191","name":"Jorge Matheus","url":"https:\/\/infoecos.com.ar\/index.php\/author\/jomatheus\/"}]}},"featured_image_urls":{"full":["https:\/\/infoecos.com.ar\/wp-content\/uploads\/2026\/03\/travesia5.jpg.jpg",1080,1436,false],"thumbnail":["https:\/\/infoecos.com.ar\/wp-content\/uploads\/2026\/03\/travesia5.jpg-300x150.jpg",300,150,true],"medium":["https:\/\/infoecos.com.ar\/wp-content\/uploads\/2026\/03\/travesia5.jpg-602x800.jpg",602,800,true],"medium_large":["https:\/\/infoecos.com.ar\/wp-content\/uploads\/2026\/03\/travesia5.jpg-768x1021.jpg",640,851,true],"large":["https:\/\/infoecos.com.ar\/wp-content\/uploads\/2026\/03\/travesia5.jpg.jpg",640,851,false],"1536x1536":["https:\/\/infoecos.com.ar\/wp-content\/uploads\/2026\/03\/travesia5.jpg.jpg",1080,1436,false],"2048x2048":["https:\/\/infoecos.com.ar\/wp-content\/uploads\/2026\/03\/travesia5.jpg.jpg",1080,1436,false],"covernews-slider-full":["https:\/\/infoecos.com.ar\/wp-content\/uploads\/2026\/03\/travesia5.jpg-1080x715.jpg",1080,715,true],"covernews-slider-center":["https:\/\/infoecos.com.ar\/wp-content\/uploads\/2026\/03\/travesia5.jpg-800x500.jpg",800,500,true],"covernews-featured":["https:\/\/infoecos.com.ar\/wp-content\/uploads\/2026\/03\/travesia5.jpg-1024x1362.jpg",1024,1362,true],"covernews-medium":["https:\/\/infoecos.com.ar\/wp-content\/uploads\/2026\/03\/travesia5.jpg-540x340.jpg",540,340,true],"covernews-medium-square":["https:\/\/infoecos.com.ar\/wp-content\/uploads\/2026\/03\/travesia5.jpg-400x250.jpg",400,250,true]},"author_info":{"info":["Jorge Matheus"]},"category_info":"<a href=\"https:\/\/infoecos.com.ar\/index.php\/category\/sin-categoria\/\" rel=\"category tag\">Sin categor\u00eda<\/a>","tag_info":"Sin categor\u00eda","comment_count":"0","_links":{"self":[{"href":"https:\/\/infoecos.com.ar\/index.php\/wp-json\/wp\/v2\/posts\/155036"}],"collection":[{"href":"https:\/\/infoecos.com.ar\/index.php\/wp-json\/wp\/v2\/posts"}],"about":[{"href":"https:\/\/infoecos.com.ar\/index.php\/wp-json\/wp\/v2\/types\/post"}],"author":[{"embeddable":true,"href":"https:\/\/infoecos.com.ar\/index.php\/wp-json\/wp\/v2\/users\/2"}],"replies":[{"embeddable":true,"href":"https:\/\/infoecos.com.ar\/index.php\/wp-json\/wp\/v2\/comments?post=155036"}],"version-history":[{"count":2,"href":"https:\/\/infoecos.com.ar\/index.php\/wp-json\/wp\/v2\/posts\/155036\/revisions"}],"predecessor-version":[{"id":155051,"href":"https:\/\/infoecos.com.ar\/index.php\/wp-json\/wp\/v2\/posts\/155036\/revisions\/155051"}],"wp:featuredmedia":[{"embeddable":true,"href":"https:\/\/infoecos.com.ar\/index.php\/wp-json\/wp\/v2\/media\/155050"}],"wp:attachment":[{"href":"https:\/\/infoecos.com.ar\/index.php\/wp-json\/wp\/v2\/media?parent=155036"}],"wp:term":[{"taxonomy":"category","embeddable":true,"href":"https:\/\/infoecos.com.ar\/index.php\/wp-json\/wp\/v2\/categories?post=155036"},{"taxonomy":"post_tag","embeddable":true,"href":"https:\/\/infoecos.com.ar\/index.php\/wp-json\/wp\/v2\/tags?post=155036"}],"curies":[{"name":"wp","href":"https:\/\/api.w.org\/{rel}","templated":true}]}}