{"id":155059,"date":"2026-03-16T01:01:06","date_gmt":"2026-03-16T04:01:06","guid":{"rendered":"https:\/\/infoecos.com.ar\/?p=155059"},"modified":"2026-03-18T02:49:13","modified_gmt":"2026-03-18T05:49:13","slug":"ruta-33-pareceria-que-se-salvo-de-milagro-un-vecino-de-piedritas-que-colisiono-con-un-camion","status":"publish","type":"post","link":"https:\/\/infoecos.com.ar\/index.php\/ruta-33-pareceria-que-se-salvo-de-milagro-un-vecino-de-piedritas-que-colisiono-con-un-camion\/","title":{"rendered":"Ruta 33: parecer\u00eda que se salv\u00f3 de milagro un vecino de Piedritas que colision\u00f3 con un cami\u00f3n"},"content":{"rendered":"\n<p>Un Volkswagen Gol, conducido por un hombre de 33 a\u00f1os, con residencia en Piedritas, colision\u00f3 contra un carret\u00f3n que era tirado por un cami\u00f3n, en la Ruta Nacional 33.<\/p>\n\n\n\n<p>El auto circulaba desde General Villegas hacia Piedritas, el cami\u00f3n lo hac\u00eda en sentido contrario.<\/p>\n\n\n\n<p>El auto qued\u00f3 destruido, principalmente en el frente e interior donde los comandos se desplazaron hacia los asientos. El conductor solo sufri\u00f3 una lesi\u00f3n cortante en un brazo.  Con el uso de herramientas neum\u00e1ticas, los bomberos de Piedritas y Villegas lograron rescatarlo sin mayores inconvenientes.<\/p>\n\n\n\n<p><strong>Fuente y Fotos: distritointerior.com.ar <\/strong><\/p>\n\n\n\n<figure class=\"wp-block-gallery has-nested-images columns-default is-cropped wp-block-gallery-1 is-layout-flex wp-block-gallery-is-layout-flex\">\n<figure class=\"wp-block-image size-large\"><img loading=\"lazy\" decoding=\"async\" width=\"650\" height=\"488\" data-id=\"155060\" src=\"https:\/\/infoecos.com.ar\/wp-content\/uploads\/2026\/03\/villegas1accide.jpg\" alt=\"\" class=\"wp-image-155060\"\/><\/figure>\n\n\n\n<figure class=\"wp-block-image size-large\"><img loading=\"lazy\" decoding=\"async\" width=\"650\" height=\"488\" data-id=\"155063\" src=\"https:\/\/infoecos.com.ar\/wp-content\/uploads\/2026\/03\/villegas2accide.jpg\" alt=\"\" class=\"wp-image-155063\"\/><\/figure>\n\n\n\n<figure class=\"wp-block-image size-large\"><img loading=\"lazy\" decoding=\"async\" width=\"650\" height=\"488\" data-id=\"155061\" src=\"https:\/\/infoecos.com.ar\/wp-content\/uploads\/2026\/03\/villegas3accide.jpg\" alt=\"\" class=\"wp-image-155061\"\/><\/figure>\n\n\n\n<figure class=\"wp-block-image size-large\"><img loading=\"lazy\" decoding=\"async\" width=\"650\" height=\"488\" data-id=\"155062\" src=\"https:\/\/infoecos.com.ar\/wp-content\/uploads\/2026\/03\/villegas4accide.jpg\" alt=\"\" class=\"wp-image-155062\"\/><\/figure>\n<\/figure>\n","protected":false},"excerpt":{"rendered":"<p>Fuente y Fotos: distritointerior.com.ar <\/p>\n","protected":false},"author":2,"featured_media":155063,"comment_status":"closed","ping_status":"open","sticky":false,"template":"","format":"standard","meta":{"footnotes":""},"categories":[1],"tags":[10298],"class_list":["post-155059","post","type-post","status-publish","format-standard","has-post-thumbnail","hentry","category-sin-categoria","tag-bloque-inferior"],"yoast_head":"<!-- This site is optimized with the Yoast SEO plugin v23.4 - https:\/\/yoast.com\/wordpress\/plugins\/seo\/ -->\n<title>Ruta 33: parecer\u00eda que se salv\u00f3 de milagro un vecino de Piedritas que colision\u00f3 con un cami\u00f3n - Infoecos<\/title>\n<meta name=\"robots\" content=\"index, follow, max-snippet:-1, max-image-preview:large, max-video-preview:-1\" \/>\n<link rel=\"canonical\" href=\"https:\/\/infoecos.com.ar\/index.php\/ruta-33-pareceria-que-se-salvo-de-milagro-un-vecino-de-piedritas-que-colisiono-con-un-camion\/\" \/>\n<meta property=\"og:locale\" content=\"es_ES\" \/>\n<meta property=\"og:type\" content=\"article\" \/>\n<meta property=\"og:title\" content=\"Ruta 33: parecer\u00eda que se salv\u00f3 de milagro un vecino de Piedritas que colision\u00f3 con un cami\u00f3n - Infoecos\" \/>\n<meta property=\"og:description\" content=\"Fuente y Fotos: distritointerior.com.ar\" \/>\n<meta property=\"og:url\" content=\"https:\/\/infoecos.com.ar\/index.php\/ruta-33-pareceria-que-se-salvo-de-milagro-un-vecino-de-piedritas-que-colisiono-con-un-camion\/\" \/>\n<meta property=\"og:site_name\" content=\"Infoecos\" \/>\n<meta property=\"article:publisher\" content=\"https:\/\/www.facebook.com\/profile.php?id=100063200290284\" \/>\n<meta property=\"article:published_time\" content=\"2026-03-16T04:01:06+00:00\" \/>\n<meta property=\"article:modified_time\" content=\"2026-03-18T05:49:13+00:00\" \/>\n<meta property=\"og:image\" content=\"https:\/\/infoecos.com.ar\/wp-content\/uploads\/2026\/03\/villegas2accide.jpg\" \/>\n\t<meta property=\"og:image:width\" content=\"650\" \/>\n\t<meta property=\"og:image:height\" content=\"488\" \/>\n\t<meta property=\"og:image:type\" content=\"image\/jpeg\" \/>\n<meta name=\"author\" content=\"Jorge Matheus\" \/>\n<meta name=\"twitter:card\" content=\"summary_large_image\" \/>\n<meta name=\"twitter:creator\" content=\"@infoecos\" \/>\n<meta name=\"twitter:site\" content=\"@infoecos\" \/>\n<meta name=\"twitter:label1\" content=\"Escrito por\" \/>\n\t<meta name=\"twitter:data1\" content=\"Jorge Matheus\" \/>\n\t<meta name=\"twitter:label2\" content=\"Tiempo de lectura\" \/>\n\t<meta name=\"twitter:data2\" content=\"2 minutos\" \/>\n<script type=\"application\/ld+json\" class=\"yoast-schema-graph\">{\"@context\":\"https:\/\/schema.org\",\"@graph\":[{\"@type\":\"Article\",\"@id\":\"https:\/\/infoecos.com.ar\/index.php\/ruta-33-pareceria-que-se-salvo-de-milagro-un-vecino-de-piedritas-que-colisiono-con-un-camion\/#article\",\"isPartOf\":{\"@id\":\"https:\/\/infoecos.com.ar\/index.php\/ruta-33-pareceria-que-se-salvo-de-milagro-un-vecino-de-piedritas-que-colisiono-con-un-camion\/\"},\"author\":{\"name\":\"Jorge Matheus\",\"@id\":\"https:\/\/infoecos.com.ar\/#\/schema\/person\/8f5ace5ce73b4b4aac4b7245aee6f191\"},\"headline\":\"Ruta 33: parecer\u00eda que se salv\u00f3 de milagro un vecino de Piedritas que colision\u00f3 con un cami\u00f3n\",\"datePublished\":\"2026-03-16T04:01:06+00:00\",\"dateModified\":\"2026-03-18T05:49:13+00:00\",\"mainEntityOfPage\":{\"@id\":\"https:\/\/infoecos.com.ar\/index.php\/ruta-33-pareceria-que-se-salvo-de-milagro-un-vecino-de-piedritas-que-colisiono-con-un-camion\/\"},\"wordCount\":118,\"publisher\":{\"@id\":\"https:\/\/infoecos.com.ar\/#organization\"},\"image\":{\"@id\":\"https:\/\/infoecos.com.ar\/index.php\/ruta-33-pareceria-que-se-salvo-de-milagro-un-vecino-de-piedritas-que-colisiono-con-un-camion\/#primaryimage\"},\"thumbnailUrl\":\"https:\/\/infoecos.com.ar\/wp-content\/uploads\/2026\/03\/villegas2accide.jpg\",\"keywords\":[\"Bloque inferior\"],\"inLanguage\":\"es\"},{\"@type\":\"WebPage\",\"@id\":\"https:\/\/infoecos.com.ar\/index.php\/ruta-33-pareceria-que-se-salvo-de-milagro-un-vecino-de-piedritas-que-colisiono-con-un-camion\/\",\"url\":\"https:\/\/infoecos.com.ar\/index.php\/ruta-33-pareceria-que-se-salvo-de-milagro-un-vecino-de-piedritas-que-colisiono-con-un-camion\/\",\"name\":\"Ruta 33: parecer\u00eda que se salv\u00f3 de milagro un vecino de Piedritas que colision\u00f3 con un cami\u00f3n - Infoecos\",\"isPartOf\":{\"@id\":\"https:\/\/infoecos.com.ar\/#website\"},\"primaryImageOfPage\":{\"@id\":\"https:\/\/infoecos.com.ar\/index.php\/ruta-33-pareceria-que-se-salvo-de-milagro-un-vecino-de-piedritas-que-colisiono-con-un-camion\/#primaryimage\"},\"image\":{\"@id\":\"https:\/\/infoecos.com.ar\/index.php\/ruta-33-pareceria-que-se-salvo-de-milagro-un-vecino-de-piedritas-que-colisiono-con-un-camion\/#primaryimage\"},\"thumbnailUrl\":\"https:\/\/infoecos.com.ar\/wp-content\/uploads\/2026\/03\/villegas2accide.jpg\",\"datePublished\":\"2026-03-16T04:01:06+00:00\",\"dateModified\":\"2026-03-18T05:49:13+00:00\",\"breadcrumb\":{\"@id\":\"https:\/\/infoecos.com.ar\/index.php\/ruta-33-pareceria-que-se-salvo-de-milagro-un-vecino-de-piedritas-que-colisiono-con-un-camion\/#breadcrumb\"},\"inLanguage\":\"es\",\"potentialAction\":[{\"@type\":\"ReadAction\",\"target\":[\"https:\/\/infoecos.com.ar\/index.php\/ruta-33-pareceria-que-se-salvo-de-milagro-un-vecino-de-piedritas-que-colisiono-con-un-camion\/\"]}]},{\"@type\":\"ImageObject\",\"inLanguage\":\"es\",\"@id\":\"https:\/\/infoecos.com.ar\/index.php\/ruta-33-pareceria-que-se-salvo-de-milagro-un-vecino-de-piedritas-que-colisiono-con-un-camion\/#primaryimage\",\"url\":\"https:\/\/infoecos.com.ar\/wp-content\/uploads\/2026\/03\/villegas2accide.jpg\",\"contentUrl\":\"https:\/\/infoecos.com.ar\/wp-content\/uploads\/2026\/03\/villegas2accide.jpg\",\"width\":650,\"height\":488},{\"@type\":\"BreadcrumbList\",\"@id\":\"https:\/\/infoecos.com.ar\/index.php\/ruta-33-pareceria-que-se-salvo-de-milagro-un-vecino-de-piedritas-que-colisiono-con-un-camion\/#breadcrumb\",\"itemListElement\":[{\"@type\":\"ListItem\",\"position\":1,\"name\":\"Portada\",\"item\":\"https:\/\/infoecos.com.ar\/\"},{\"@type\":\"ListItem\",\"position\":2,\"name\":\"Ruta 33: parecer\u00eda que se salv\u00f3 de milagro un vecino de Piedritas que colision\u00f3 con un cami\u00f3n\"}]},{\"@type\":\"WebSite\",\"@id\":\"https:\/\/infoecos.com.ar\/#website\",\"url\":\"https:\/\/infoecos.com.ar\/\",\"name\":\"Infoecos\",\"description\":\"Noticias de trenque lauquen y la zona\",\"publisher\":{\"@id\":\"https:\/\/infoecos.com.ar\/#organization\"},\"alternateName\":\"Noticias\",\"potentialAction\":[{\"@type\":\"SearchAction\",\"target\":{\"@type\":\"EntryPoint\",\"urlTemplate\":\"https:\/\/infoecos.com.ar\/?s={search_term_string}\"},\"query-input\":{\"@type\":\"PropertyValueSpecification\",\"valueRequired\":true,\"valueName\":\"search_term_string\"}}],\"inLanguage\":\"es\"},{\"@type\":\"Organization\",\"@id\":\"https:\/\/infoecos.com.ar\/#organization\",\"name\":\"Infoecos\",\"alternateName\":\"Noticias\",\"url\":\"https:\/\/infoecos.com.ar\/\",\"logo\":{\"@type\":\"ImageObject\",\"inLanguage\":\"es\",\"@id\":\"https:\/\/infoecos.com.ar\/#\/schema\/logo\/image\/\",\"url\":\"https:\/\/infoecos.com.ar\/wp-content\/uploads\/2024\/03\/cropped-logo.png\",\"contentUrl\":\"https:\/\/infoecos.com.ar\/wp-content\/uploads\/2024\/03\/cropped-logo.png\",\"width\":374,\"height\":90,\"caption\":\"Infoecos\"},\"image\":{\"@id\":\"https:\/\/infoecos.com.ar\/#\/schema\/logo\/image\/\"},\"sameAs\":[\"https:\/\/www.facebook.com\/profile.php?id=100063200290284\",\"https:\/\/x.com\/infoecos\"]},{\"@type\":\"Person\",\"@id\":\"https:\/\/infoecos.com.ar\/#\/schema\/person\/8f5ace5ce73b4b4aac4b7245aee6f191\",\"name\":\"Jorge Matheus\",\"url\":\"https:\/\/infoecos.com.ar\/index.php\/author\/jomatheus\/\"}]}<\/script>\n<!-- \/ Yoast SEO plugin. -->","yoast_head_json":{"title":"Ruta 33: parecer\u00eda que se salv\u00f3 de milagro un vecino de Piedritas que colision\u00f3 con un cami\u00f3n - Infoecos","robots":{"index":"index","follow":"follow","max-snippet":"max-snippet:-1","max-image-preview":"max-image-preview:large","max-video-preview":"max-video-preview:-1"},"canonical":"https:\/\/infoecos.com.ar\/index.php\/ruta-33-pareceria-que-se-salvo-de-milagro-un-vecino-de-piedritas-que-colisiono-con-un-camion\/","og_locale":"es_ES","og_type":"article","og_title":"Ruta 33: parecer\u00eda que se salv\u00f3 de milagro un vecino de Piedritas que colision\u00f3 con un cami\u00f3n - Infoecos","og_description":"Fuente y Fotos: distritointerior.com.ar","og_url":"https:\/\/infoecos.com.ar\/index.php\/ruta-33-pareceria-que-se-salvo-de-milagro-un-vecino-de-piedritas-que-colisiono-con-un-camion\/","og_site_name":"Infoecos","article_publisher":"https:\/\/www.facebook.com\/profile.php?id=100063200290284","article_published_time":"2026-03-16T04:01:06+00:00","article_modified_time":"2026-03-18T05:49:13+00:00","og_image":[{"width":650,"height":488,"url":"https:\/\/infoecos.com.ar\/wp-content\/uploads\/2026\/03\/villegas2accide.jpg","type":"image\/jpeg"}],"author":"Jorge Matheus","twitter_card":"summary_large_image","twitter_creator":"@infoecos","twitter_site":"@infoecos","twitter_misc":{"Escrito por":"Jorge Matheus","Tiempo de lectura":"2 minutos"},"schema":{"@context":"https:\/\/schema.org","@graph":[{"@type":"Article","@id":"https:\/\/infoecos.com.ar\/index.php\/ruta-33-pareceria-que-se-salvo-de-milagro-un-vecino-de-piedritas-que-colisiono-con-un-camion\/#article","isPartOf":{"@id":"https:\/\/infoecos.com.ar\/index.php\/ruta-33-pareceria-que-se-salvo-de-milagro-un-vecino-de-piedritas-que-colisiono-con-un-camion\/"},"author":{"name":"Jorge Matheus","@id":"https:\/\/infoecos.com.ar\/#\/schema\/person\/8f5ace5ce73b4b4aac4b7245aee6f191"},"headline":"Ruta 33: parecer\u00eda que se salv\u00f3 de milagro un vecino de Piedritas que colision\u00f3 con un cami\u00f3n","datePublished":"2026-03-16T04:01:06+00:00","dateModified":"2026-03-18T05:49:13+00:00","mainEntityOfPage":{"@id":"https:\/\/infoecos.com.ar\/index.php\/ruta-33-pareceria-que-se-salvo-de-milagro-un-vecino-de-piedritas-que-colisiono-con-un-camion\/"},"wordCount":118,"publisher":{"@id":"https:\/\/infoecos.com.ar\/#organization"},"image":{"@id":"https:\/\/infoecos.com.ar\/index.php\/ruta-33-pareceria-que-se-salvo-de-milagro-un-vecino-de-piedritas-que-colisiono-con-un-camion\/#primaryimage"},"thumbnailUrl":"https:\/\/infoecos.com.ar\/wp-content\/uploads\/2026\/03\/villegas2accide.jpg","keywords":["Bloque inferior"],"inLanguage":"es"},{"@type":"WebPage","@id":"https:\/\/infoecos.com.ar\/index.php\/ruta-33-pareceria-que-se-salvo-de-milagro-un-vecino-de-piedritas-que-colisiono-con-un-camion\/","url":"https:\/\/infoecos.com.ar\/index.php\/ruta-33-pareceria-que-se-salvo-de-milagro-un-vecino-de-piedritas-que-colisiono-con-un-camion\/","name":"Ruta 33: parecer\u00eda que se salv\u00f3 de milagro un vecino de Piedritas que colision\u00f3 con un cami\u00f3n - Infoecos","isPartOf":{"@id":"https:\/\/infoecos.com.ar\/#website"},"primaryImageOfPage":{"@id":"https:\/\/infoecos.com.ar\/index.php\/ruta-33-pareceria-que-se-salvo-de-milagro-un-vecino-de-piedritas-que-colisiono-con-un-camion\/#primaryimage"},"image":{"@id":"https:\/\/infoecos.com.ar\/index.php\/ruta-33-pareceria-que-se-salvo-de-milagro-un-vecino-de-piedritas-que-colisiono-con-un-camion\/#primaryimage"},"thumbnailUrl":"https:\/\/infoecos.com.ar\/wp-content\/uploads\/2026\/03\/villegas2accide.jpg","datePublished":"2026-03-16T04:01:06+00:00","dateModified":"2026-03-18T05:49:13+00:00","breadcrumb":{"@id":"https:\/\/infoecos.com.ar\/index.php\/ruta-33-pareceria-que-se-salvo-de-milagro-un-vecino-de-piedritas-que-colisiono-con-un-camion\/#breadcrumb"},"inLanguage":"es","potentialAction":[{"@type":"ReadAction","target":["https:\/\/infoecos.com.ar\/index.php\/ruta-33-pareceria-que-se-salvo-de-milagro-un-vecino-de-piedritas-que-colisiono-con-un-camion\/"]}]},{"@type":"ImageObject","inLanguage":"es","@id":"https:\/\/infoecos.com.ar\/index.php\/ruta-33-pareceria-que-se-salvo-de-milagro-un-vecino-de-piedritas-que-colisiono-con-un-camion\/#primaryimage","url":"https:\/\/infoecos.com.ar\/wp-content\/uploads\/2026\/03\/villegas2accide.jpg","contentUrl":"https:\/\/infoecos.com.ar\/wp-content\/uploads\/2026\/03\/villegas2accide.jpg","width":650,"height":488},{"@type":"BreadcrumbList","@id":"https:\/\/infoecos.com.ar\/index.php\/ruta-33-pareceria-que-se-salvo-de-milagro-un-vecino-de-piedritas-que-colisiono-con-un-camion\/#breadcrumb","itemListElement":[{"@type":"ListItem","position":1,"name":"Portada","item":"https:\/\/infoecos.com.ar\/"},{"@type":"ListItem","position":2,"name":"Ruta 33: parecer\u00eda que se salv\u00f3 de milagro un vecino de Piedritas que colision\u00f3 con un cami\u00f3n"}]},{"@type":"WebSite","@id":"https:\/\/infoecos.com.ar\/#website","url":"https:\/\/infoecos.com.ar\/","name":"Infoecos","description":"Noticias de trenque lauquen y la zona","publisher":{"@id":"https:\/\/infoecos.com.ar\/#organization"},"alternateName":"Noticias","potentialAction":[{"@type":"SearchAction","target":{"@type":"EntryPoint","urlTemplate":"https:\/\/infoecos.com.ar\/?s={search_term_string}"},"query-input":{"@type":"PropertyValueSpecification","valueRequired":true,"valueName":"search_term_string"}}],"inLanguage":"es"},{"@type":"Organization","@id":"https:\/\/infoecos.com.ar\/#organization","name":"Infoecos","alternateName":"Noticias","url":"https:\/\/infoecos.com.ar\/","logo":{"@type":"ImageObject","inLanguage":"es","@id":"https:\/\/infoecos.com.ar\/#\/schema\/logo\/image\/","url":"https:\/\/infoecos.com.ar\/wp-content\/uploads\/2024\/03\/cropped-logo.png","contentUrl":"https:\/\/infoecos.com.ar\/wp-content\/uploads\/2024\/03\/cropped-logo.png","width":374,"height":90,"caption":"Infoecos"},"image":{"@id":"https:\/\/infoecos.com.ar\/#\/schema\/logo\/image\/"},"sameAs":["https:\/\/www.facebook.com\/profile.php?id=100063200290284","https:\/\/x.com\/infoecos"]},{"@type":"Person","@id":"https:\/\/infoecos.com.ar\/#\/schema\/person\/8f5ace5ce73b4b4aac4b7245aee6f191","name":"Jorge Matheus","url":"https:\/\/infoecos.com.ar\/index.php\/author\/jomatheus\/"}]}},"featured_image_urls":{"full":["https:\/\/infoecos.com.ar\/wp-content\/uploads\/2026\/03\/villegas2accide.jpg",650,488,false],"thumbnail":["https:\/\/infoecos.com.ar\/wp-content\/uploads\/2026\/03\/villegas2accide-300x150.jpg",300,150,true],"medium":["https:\/\/infoecos.com.ar\/wp-content\/uploads\/2026\/03\/villegas2accide.jpg",650,488,false],"medium_large":["https:\/\/infoecos.com.ar\/wp-content\/uploads\/2026\/03\/villegas2accide.jpg",640,480,false],"large":["https:\/\/infoecos.com.ar\/wp-content\/uploads\/2026\/03\/villegas2accide.jpg",640,480,false],"1536x1536":["https:\/\/infoecos.com.ar\/wp-content\/uploads\/2026\/03\/villegas2accide.jpg",650,488,false],"2048x2048":["https:\/\/infoecos.com.ar\/wp-content\/uploads\/2026\/03\/villegas2accide.jpg",650,488,false],"covernews-slider-full":["https:\/\/infoecos.com.ar\/wp-content\/uploads\/2026\/03\/villegas2accide.jpg",650,488,false],"covernews-slider-center":["https:\/\/infoecos.com.ar\/wp-content\/uploads\/2026\/03\/villegas2accide.jpg",650,488,false],"covernews-featured":["https:\/\/infoecos.com.ar\/wp-content\/uploads\/2026\/03\/villegas2accide.jpg",650,488,false],"covernews-medium":["https:\/\/infoecos.com.ar\/wp-content\/uploads\/2026\/03\/villegas2accide-540x340.jpg",540,340,true],"covernews-medium-square":["https:\/\/infoecos.com.ar\/wp-content\/uploads\/2026\/03\/villegas2accide-400x250.jpg",400,250,true]},"author_info":{"info":["Jorge Matheus"]},"category_info":"<a href=\"https:\/\/infoecos.com.ar\/index.php\/category\/sin-categoria\/\" rel=\"category tag\">Sin categor\u00eda<\/a>","tag_info":"Sin categor\u00eda","comment_count":"0","_links":{"self":[{"href":"https:\/\/infoecos.com.ar\/index.php\/wp-json\/wp\/v2\/posts\/155059"}],"collection":[{"href":"https:\/\/infoecos.com.ar\/index.php\/wp-json\/wp\/v2\/posts"}],"about":[{"href":"https:\/\/infoecos.com.ar\/index.php\/wp-json\/wp\/v2\/types\/post"}],"author":[{"embeddable":true,"href":"https:\/\/infoecos.com.ar\/index.php\/wp-json\/wp\/v2\/users\/2"}],"replies":[{"embeddable":true,"href":"https:\/\/infoecos.com.ar\/index.php\/wp-json\/wp\/v2\/comments?post=155059"}],"version-history":[{"count":1,"href":"https:\/\/infoecos.com.ar\/index.php\/wp-json\/wp\/v2\/posts\/155059\/revisions"}],"predecessor-version":[{"id":155064,"href":"https:\/\/infoecos.com.ar\/index.php\/wp-json\/wp\/v2\/posts\/155059\/revisions\/155064"}],"wp:featuredmedia":[{"embeddable":true,"href":"https:\/\/infoecos.com.ar\/index.php\/wp-json\/wp\/v2\/media\/155063"}],"wp:attachment":[{"href":"https:\/\/infoecos.com.ar\/index.php\/wp-json\/wp\/v2\/media?parent=155059"}],"wp:term":[{"taxonomy":"category","embeddable":true,"href":"https:\/\/infoecos.com.ar\/index.php\/wp-json\/wp\/v2\/categories?post=155059"},{"taxonomy":"post_tag","embeddable":true,"href":"https:\/\/infoecos.com.ar\/index.php\/wp-json\/wp\/v2\/tags?post=155059"}],"curies":[{"name":"wp","href":"https:\/\/api.w.org\/{rel}","templated":true}]}}