{"id":155065,"date":"2026-03-16T01:09:58","date_gmt":"2026-03-16T04:09:58","guid":{"rendered":"https:\/\/infoecos.com.ar\/?p=155065"},"modified":"2026-03-18T02:49:53","modified_gmt":"2026-03-18T05:49:53","slug":"paro-de-docentes-universitarios-durante-toda-esta-semana-para-exigir-el-cumplimiento-de-la-ley-de-financiamiento","status":"publish","type":"post","link":"https:\/\/infoecos.com.ar\/index.php\/paro-de-docentes-universitarios-durante-toda-esta-semana-para-exigir-el-cumplimiento-de-la-ley-de-financiamiento\/","title":{"rendered":"Paro de docentes universitarios durante toda esta semana, para exigir el cumplimiento de la Ley de Financiamiento"},"content":{"rendered":"\n<p>Paro de docentes universitarios durante toda esta semana.<\/p>\n\n\n\n<p>Ser\u00e1n jornadas de lucha nacional para exigir el cumplimiento de la Ley de Financiamiento.<\/p>\n\n\n\n<p>La convocatoria del paro fue realizada por la Conadu, quienes en un congreso realizado el jueves pasado resolvieron la profundizaci\u00f3n del plan de lucha con la ratificaci\u00f3n del paro de una semana que comienza hoy y se extender\u00e1 hasta el viernes.<\/p>\n\n\n\n<p>Tambi\u00e9n habr\u00e1 paro de semana completa en las semanas que comienzan el lunes 30 de marzo y el lunes 27 de abril.<\/p>\n\n\n\n<figure class=\"wp-block-image size-full\"><img loading=\"lazy\" decoding=\"async\" width=\"1121\" height=\"633\" src=\"https:\/\/infoecos.com.ar\/wp-content\/uploads\/2026\/03\/image-133.png\" alt=\"\" class=\"wp-image-155066\" srcset=\"https:\/\/infoecos.com.ar\/wp-content\/uploads\/2026\/03\/image-133.png 1121w, https:\/\/infoecos.com.ar\/wp-content\/uploads\/2026\/03\/image-133-800x452.png 800w, https:\/\/infoecos.com.ar\/wp-content\/uploads\/2026\/03\/image-133-768x434.png 768w, https:\/\/infoecos.com.ar\/wp-content\/uploads\/2026\/03\/image-133-1024x578.png 1024w\" sizes=\"(max-width: 1121px) 100vw, 1121px\" \/><\/figure>\n","protected":false},"excerpt":{"rendered":"<p>La convocatoria del paro fue realizada por la Conadu<\/p>\n","protected":false},"author":2,"featured_media":155067,"comment_status":"closed","ping_status":"open","sticky":false,"template":"","format":"standard","meta":{"footnotes":""},"categories":[1],"tags":[10304,10298],"class_list":["post-155065","post","type-post","status-publish","format-standard","has-post-thumbnail","hentry","category-sin-categoria","tag-actualidad","tag-bloque-inferior"],"yoast_head":"<!-- This site is optimized with the Yoast SEO plugin v23.4 - https:\/\/yoast.com\/wordpress\/plugins\/seo\/ -->\n<title>Paro de docentes universitarios durante toda esta semana, para exigir el cumplimiento de la Ley de Financiamiento - Infoecos<\/title>\n<meta name=\"robots\" content=\"index, follow, max-snippet:-1, max-image-preview:large, max-video-preview:-1\" \/>\n<link rel=\"canonical\" href=\"https:\/\/infoecos.com.ar\/index.php\/paro-de-docentes-universitarios-durante-toda-esta-semana-para-exigir-el-cumplimiento-de-la-ley-de-financiamiento\/\" \/>\n<meta property=\"og:locale\" content=\"es_ES\" \/>\n<meta property=\"og:type\" content=\"article\" \/>\n<meta property=\"og:title\" content=\"Paro de docentes universitarios durante toda esta semana, para exigir el cumplimiento de la Ley de Financiamiento - Infoecos\" \/>\n<meta property=\"og:description\" content=\"La convocatoria del paro fue realizada por la Conadu\" \/>\n<meta property=\"og:url\" content=\"https:\/\/infoecos.com.ar\/index.php\/paro-de-docentes-universitarios-durante-toda-esta-semana-para-exigir-el-cumplimiento-de-la-ley-de-financiamiento\/\" \/>\n<meta property=\"og:site_name\" content=\"Infoecos\" \/>\n<meta property=\"article:publisher\" content=\"https:\/\/www.facebook.com\/profile.php?id=100063200290284\" \/>\n<meta property=\"article:published_time\" content=\"2026-03-16T04:09:58+00:00\" \/>\n<meta property=\"article:modified_time\" content=\"2026-03-18T05:49:53+00:00\" \/>\n<meta property=\"og:image\" content=\"https:\/\/infoecos.com.ar\/wp-content\/uploads\/2026\/03\/foto1.jpg\" \/>\n\t<meta property=\"og:image:width\" content=\"300\" \/>\n\t<meta property=\"og:image:height\" content=\"449\" \/>\n\t<meta property=\"og:image:type\" content=\"image\/jpeg\" \/>\n<meta name=\"author\" content=\"Jorge Matheus\" \/>\n<meta name=\"twitter:card\" content=\"summary_large_image\" \/>\n<meta name=\"twitter:creator\" content=\"@infoecos\" \/>\n<meta name=\"twitter:site\" content=\"@infoecos\" \/>\n<meta name=\"twitter:label1\" content=\"Escrito por\" \/>\n\t<meta name=\"twitter:data1\" content=\"Jorge Matheus\" \/>\n\t<meta name=\"twitter:label2\" content=\"Tiempo de lectura\" \/>\n\t<meta name=\"twitter:data2\" content=\"1 minuto\" \/>\n<script type=\"application\/ld+json\" class=\"yoast-schema-graph\">{\"@context\":\"https:\/\/schema.org\",\"@graph\":[{\"@type\":\"Article\",\"@id\":\"https:\/\/infoecos.com.ar\/index.php\/paro-de-docentes-universitarios-durante-toda-esta-semana-para-exigir-el-cumplimiento-de-la-ley-de-financiamiento\/#article\",\"isPartOf\":{\"@id\":\"https:\/\/infoecos.com.ar\/index.php\/paro-de-docentes-universitarios-durante-toda-esta-semana-para-exigir-el-cumplimiento-de-la-ley-de-financiamiento\/\"},\"author\":{\"name\":\"Jorge Matheus\",\"@id\":\"https:\/\/infoecos.com.ar\/#\/schema\/person\/8f5ace5ce73b4b4aac4b7245aee6f191\"},\"headline\":\"Paro de docentes universitarios durante toda esta semana, para exigir el cumplimiento de la Ley de Financiamiento\",\"datePublished\":\"2026-03-16T04:09:58+00:00\",\"dateModified\":\"2026-03-18T05:49:53+00:00\",\"mainEntityOfPage\":{\"@id\":\"https:\/\/infoecos.com.ar\/index.php\/paro-de-docentes-universitarios-durante-toda-esta-semana-para-exigir-el-cumplimiento-de-la-ley-de-financiamiento\/\"},\"wordCount\":104,\"publisher\":{\"@id\":\"https:\/\/infoecos.com.ar\/#organization\"},\"image\":{\"@id\":\"https:\/\/infoecos.com.ar\/index.php\/paro-de-docentes-universitarios-durante-toda-esta-semana-para-exigir-el-cumplimiento-de-la-ley-de-financiamiento\/#primaryimage\"},\"thumbnailUrl\":\"https:\/\/infoecos.com.ar\/wp-content\/uploads\/2026\/03\/foto1.jpg\",\"keywords\":[\"Actualidad\",\"Bloque inferior\"],\"inLanguage\":\"es\"},{\"@type\":\"WebPage\",\"@id\":\"https:\/\/infoecos.com.ar\/index.php\/paro-de-docentes-universitarios-durante-toda-esta-semana-para-exigir-el-cumplimiento-de-la-ley-de-financiamiento\/\",\"url\":\"https:\/\/infoecos.com.ar\/index.php\/paro-de-docentes-universitarios-durante-toda-esta-semana-para-exigir-el-cumplimiento-de-la-ley-de-financiamiento\/\",\"name\":\"Paro de docentes universitarios durante toda esta semana, para exigir el cumplimiento de la Ley de Financiamiento - Infoecos\",\"isPartOf\":{\"@id\":\"https:\/\/infoecos.com.ar\/#website\"},\"primaryImageOfPage\":{\"@id\":\"https:\/\/infoecos.com.ar\/index.php\/paro-de-docentes-universitarios-durante-toda-esta-semana-para-exigir-el-cumplimiento-de-la-ley-de-financiamiento\/#primaryimage\"},\"image\":{\"@id\":\"https:\/\/infoecos.com.ar\/index.php\/paro-de-docentes-universitarios-durante-toda-esta-semana-para-exigir-el-cumplimiento-de-la-ley-de-financiamiento\/#primaryimage\"},\"thumbnailUrl\":\"https:\/\/infoecos.com.ar\/wp-content\/uploads\/2026\/03\/foto1.jpg\",\"datePublished\":\"2026-03-16T04:09:58+00:00\",\"dateModified\":\"2026-03-18T05:49:53+00:00\",\"breadcrumb\":{\"@id\":\"https:\/\/infoecos.com.ar\/index.php\/paro-de-docentes-universitarios-durante-toda-esta-semana-para-exigir-el-cumplimiento-de-la-ley-de-financiamiento\/#breadcrumb\"},\"inLanguage\":\"es\",\"potentialAction\":[{\"@type\":\"ReadAction\",\"target\":[\"https:\/\/infoecos.com.ar\/index.php\/paro-de-docentes-universitarios-durante-toda-esta-semana-para-exigir-el-cumplimiento-de-la-ley-de-financiamiento\/\"]}]},{\"@type\":\"ImageObject\",\"inLanguage\":\"es\",\"@id\":\"https:\/\/infoecos.com.ar\/index.php\/paro-de-docentes-universitarios-durante-toda-esta-semana-para-exigir-el-cumplimiento-de-la-ley-de-financiamiento\/#primaryimage\",\"url\":\"https:\/\/infoecos.com.ar\/wp-content\/uploads\/2026\/03\/foto1.jpg\",\"contentUrl\":\"https:\/\/infoecos.com.ar\/wp-content\/uploads\/2026\/03\/foto1.jpg\",\"width\":300,\"height\":449},{\"@type\":\"BreadcrumbList\",\"@id\":\"https:\/\/infoecos.com.ar\/index.php\/paro-de-docentes-universitarios-durante-toda-esta-semana-para-exigir-el-cumplimiento-de-la-ley-de-financiamiento\/#breadcrumb\",\"itemListElement\":[{\"@type\":\"ListItem\",\"position\":1,\"name\":\"Portada\",\"item\":\"https:\/\/infoecos.com.ar\/\"},{\"@type\":\"ListItem\",\"position\":2,\"name\":\"Paro de docentes universitarios durante toda esta semana, para exigir el cumplimiento de la Ley de Financiamiento\"}]},{\"@type\":\"WebSite\",\"@id\":\"https:\/\/infoecos.com.ar\/#website\",\"url\":\"https:\/\/infoecos.com.ar\/\",\"name\":\"Infoecos\",\"description\":\"Noticias de trenque lauquen y la zona\",\"publisher\":{\"@id\":\"https:\/\/infoecos.com.ar\/#organization\"},\"alternateName\":\"Noticias\",\"potentialAction\":[{\"@type\":\"SearchAction\",\"target\":{\"@type\":\"EntryPoint\",\"urlTemplate\":\"https:\/\/infoecos.com.ar\/?s={search_term_string}\"},\"query-input\":{\"@type\":\"PropertyValueSpecification\",\"valueRequired\":true,\"valueName\":\"search_term_string\"}}],\"inLanguage\":\"es\"},{\"@type\":\"Organization\",\"@id\":\"https:\/\/infoecos.com.ar\/#organization\",\"name\":\"Infoecos\",\"alternateName\":\"Noticias\",\"url\":\"https:\/\/infoecos.com.ar\/\",\"logo\":{\"@type\":\"ImageObject\",\"inLanguage\":\"es\",\"@id\":\"https:\/\/infoecos.com.ar\/#\/schema\/logo\/image\/\",\"url\":\"https:\/\/infoecos.com.ar\/wp-content\/uploads\/2024\/03\/cropped-logo.png\",\"contentUrl\":\"https:\/\/infoecos.com.ar\/wp-content\/uploads\/2024\/03\/cropped-logo.png\",\"width\":374,\"height\":90,\"caption\":\"Infoecos\"},\"image\":{\"@id\":\"https:\/\/infoecos.com.ar\/#\/schema\/logo\/image\/\"},\"sameAs\":[\"https:\/\/www.facebook.com\/profile.php?id=100063200290284\",\"https:\/\/x.com\/infoecos\"]},{\"@type\":\"Person\",\"@id\":\"https:\/\/infoecos.com.ar\/#\/schema\/person\/8f5ace5ce73b4b4aac4b7245aee6f191\",\"name\":\"Jorge Matheus\",\"url\":\"https:\/\/infoecos.com.ar\/index.php\/author\/jomatheus\/\"}]}<\/script>\n<!-- \/ Yoast SEO plugin. -->","yoast_head_json":{"title":"Paro de docentes universitarios durante toda esta semana, para exigir el cumplimiento de la Ley de Financiamiento - Infoecos","robots":{"index":"index","follow":"follow","max-snippet":"max-snippet:-1","max-image-preview":"max-image-preview:large","max-video-preview":"max-video-preview:-1"},"canonical":"https:\/\/infoecos.com.ar\/index.php\/paro-de-docentes-universitarios-durante-toda-esta-semana-para-exigir-el-cumplimiento-de-la-ley-de-financiamiento\/","og_locale":"es_ES","og_type":"article","og_title":"Paro de docentes universitarios durante toda esta semana, para exigir el cumplimiento de la Ley de Financiamiento - Infoecos","og_description":"La convocatoria del paro fue realizada por la Conadu","og_url":"https:\/\/infoecos.com.ar\/index.php\/paro-de-docentes-universitarios-durante-toda-esta-semana-para-exigir-el-cumplimiento-de-la-ley-de-financiamiento\/","og_site_name":"Infoecos","article_publisher":"https:\/\/www.facebook.com\/profile.php?id=100063200290284","article_published_time":"2026-03-16T04:09:58+00:00","article_modified_time":"2026-03-18T05:49:53+00:00","og_image":[{"width":300,"height":449,"url":"https:\/\/infoecos.com.ar\/wp-content\/uploads\/2026\/03\/foto1.jpg","type":"image\/jpeg"}],"author":"Jorge Matheus","twitter_card":"summary_large_image","twitter_creator":"@infoecos","twitter_site":"@infoecos","twitter_misc":{"Escrito por":"Jorge Matheus","Tiempo de lectura":"1 minuto"},"schema":{"@context":"https:\/\/schema.org","@graph":[{"@type":"Article","@id":"https:\/\/infoecos.com.ar\/index.php\/paro-de-docentes-universitarios-durante-toda-esta-semana-para-exigir-el-cumplimiento-de-la-ley-de-financiamiento\/#article","isPartOf":{"@id":"https:\/\/infoecos.com.ar\/index.php\/paro-de-docentes-universitarios-durante-toda-esta-semana-para-exigir-el-cumplimiento-de-la-ley-de-financiamiento\/"},"author":{"name":"Jorge Matheus","@id":"https:\/\/infoecos.com.ar\/#\/schema\/person\/8f5ace5ce73b4b4aac4b7245aee6f191"},"headline":"Paro de docentes universitarios durante toda esta semana, para exigir el cumplimiento de la Ley de Financiamiento","datePublished":"2026-03-16T04:09:58+00:00","dateModified":"2026-03-18T05:49:53+00:00","mainEntityOfPage":{"@id":"https:\/\/infoecos.com.ar\/index.php\/paro-de-docentes-universitarios-durante-toda-esta-semana-para-exigir-el-cumplimiento-de-la-ley-de-financiamiento\/"},"wordCount":104,"publisher":{"@id":"https:\/\/infoecos.com.ar\/#organization"},"image":{"@id":"https:\/\/infoecos.com.ar\/index.php\/paro-de-docentes-universitarios-durante-toda-esta-semana-para-exigir-el-cumplimiento-de-la-ley-de-financiamiento\/#primaryimage"},"thumbnailUrl":"https:\/\/infoecos.com.ar\/wp-content\/uploads\/2026\/03\/foto1.jpg","keywords":["Actualidad","Bloque inferior"],"inLanguage":"es"},{"@type":"WebPage","@id":"https:\/\/infoecos.com.ar\/index.php\/paro-de-docentes-universitarios-durante-toda-esta-semana-para-exigir-el-cumplimiento-de-la-ley-de-financiamiento\/","url":"https:\/\/infoecos.com.ar\/index.php\/paro-de-docentes-universitarios-durante-toda-esta-semana-para-exigir-el-cumplimiento-de-la-ley-de-financiamiento\/","name":"Paro de docentes universitarios durante toda esta semana, para exigir el cumplimiento de la Ley de Financiamiento - Infoecos","isPartOf":{"@id":"https:\/\/infoecos.com.ar\/#website"},"primaryImageOfPage":{"@id":"https:\/\/infoecos.com.ar\/index.php\/paro-de-docentes-universitarios-durante-toda-esta-semana-para-exigir-el-cumplimiento-de-la-ley-de-financiamiento\/#primaryimage"},"image":{"@id":"https:\/\/infoecos.com.ar\/index.php\/paro-de-docentes-universitarios-durante-toda-esta-semana-para-exigir-el-cumplimiento-de-la-ley-de-financiamiento\/#primaryimage"},"thumbnailUrl":"https:\/\/infoecos.com.ar\/wp-content\/uploads\/2026\/03\/foto1.jpg","datePublished":"2026-03-16T04:09:58+00:00","dateModified":"2026-03-18T05:49:53+00:00","breadcrumb":{"@id":"https:\/\/infoecos.com.ar\/index.php\/paro-de-docentes-universitarios-durante-toda-esta-semana-para-exigir-el-cumplimiento-de-la-ley-de-financiamiento\/#breadcrumb"},"inLanguage":"es","potentialAction":[{"@type":"ReadAction","target":["https:\/\/infoecos.com.ar\/index.php\/paro-de-docentes-universitarios-durante-toda-esta-semana-para-exigir-el-cumplimiento-de-la-ley-de-financiamiento\/"]}]},{"@type":"ImageObject","inLanguage":"es","@id":"https:\/\/infoecos.com.ar\/index.php\/paro-de-docentes-universitarios-durante-toda-esta-semana-para-exigir-el-cumplimiento-de-la-ley-de-financiamiento\/#primaryimage","url":"https:\/\/infoecos.com.ar\/wp-content\/uploads\/2026\/03\/foto1.jpg","contentUrl":"https:\/\/infoecos.com.ar\/wp-content\/uploads\/2026\/03\/foto1.jpg","width":300,"height":449},{"@type":"BreadcrumbList","@id":"https:\/\/infoecos.com.ar\/index.php\/paro-de-docentes-universitarios-durante-toda-esta-semana-para-exigir-el-cumplimiento-de-la-ley-de-financiamiento\/#breadcrumb","itemListElement":[{"@type":"ListItem","position":1,"name":"Portada","item":"https:\/\/infoecos.com.ar\/"},{"@type":"ListItem","position":2,"name":"Paro de docentes universitarios durante toda esta semana, para exigir el cumplimiento de la Ley de Financiamiento"}]},{"@type":"WebSite","@id":"https:\/\/infoecos.com.ar\/#website","url":"https:\/\/infoecos.com.ar\/","name":"Infoecos","description":"Noticias de trenque lauquen y la zona","publisher":{"@id":"https:\/\/infoecos.com.ar\/#organization"},"alternateName":"Noticias","potentialAction":[{"@type":"SearchAction","target":{"@type":"EntryPoint","urlTemplate":"https:\/\/infoecos.com.ar\/?s={search_term_string}"},"query-input":{"@type":"PropertyValueSpecification","valueRequired":true,"valueName":"search_term_string"}}],"inLanguage":"es"},{"@type":"Organization","@id":"https:\/\/infoecos.com.ar\/#organization","name":"Infoecos","alternateName":"Noticias","url":"https:\/\/infoecos.com.ar\/","logo":{"@type":"ImageObject","inLanguage":"es","@id":"https:\/\/infoecos.com.ar\/#\/schema\/logo\/image\/","url":"https:\/\/infoecos.com.ar\/wp-content\/uploads\/2024\/03\/cropped-logo.png","contentUrl":"https:\/\/infoecos.com.ar\/wp-content\/uploads\/2024\/03\/cropped-logo.png","width":374,"height":90,"caption":"Infoecos"},"image":{"@id":"https:\/\/infoecos.com.ar\/#\/schema\/logo\/image\/"},"sameAs":["https:\/\/www.facebook.com\/profile.php?id=100063200290284","https:\/\/x.com\/infoecos"]},{"@type":"Person","@id":"https:\/\/infoecos.com.ar\/#\/schema\/person\/8f5ace5ce73b4b4aac4b7245aee6f191","name":"Jorge Matheus","url":"https:\/\/infoecos.com.ar\/index.php\/author\/jomatheus\/"}]}},"featured_image_urls":{"full":["https:\/\/infoecos.com.ar\/wp-content\/uploads\/2026\/03\/foto1.jpg",300,449,false],"thumbnail":["https:\/\/infoecos.com.ar\/wp-content\/uploads\/2026\/03\/foto1-300x150.jpg",300,150,true],"medium":["https:\/\/infoecos.com.ar\/wp-content\/uploads\/2026\/03\/foto1.jpg",300,449,false],"medium_large":["https:\/\/infoecos.com.ar\/wp-content\/uploads\/2026\/03\/foto1.jpg",300,449,false],"large":["https:\/\/infoecos.com.ar\/wp-content\/uploads\/2026\/03\/foto1.jpg",300,449,false],"1536x1536":["https:\/\/infoecos.com.ar\/wp-content\/uploads\/2026\/03\/foto1.jpg",300,449,false],"2048x2048":["https:\/\/infoecos.com.ar\/wp-content\/uploads\/2026\/03\/foto1.jpg",300,449,false],"covernews-slider-full":["https:\/\/infoecos.com.ar\/wp-content\/uploads\/2026\/03\/foto1.jpg",300,449,false],"covernews-slider-center":["https:\/\/infoecos.com.ar\/wp-content\/uploads\/2026\/03\/foto1.jpg",300,449,false],"covernews-featured":["https:\/\/infoecos.com.ar\/wp-content\/uploads\/2026\/03\/foto1.jpg",300,449,false],"covernews-medium":["https:\/\/infoecos.com.ar\/wp-content\/uploads\/2026\/03\/foto1-300x340.jpg",300,340,true],"covernews-medium-square":["https:\/\/infoecos.com.ar\/wp-content\/uploads\/2026\/03\/foto1-300x250.jpg",300,250,true]},"author_info":{"info":["Jorge Matheus"]},"category_info":"<a href=\"https:\/\/infoecos.com.ar\/index.php\/category\/sin-categoria\/\" rel=\"category tag\">Sin categor\u00eda<\/a>","tag_info":"Sin categor\u00eda","comment_count":"0","_links":{"self":[{"href":"https:\/\/infoecos.com.ar\/index.php\/wp-json\/wp\/v2\/posts\/155065"}],"collection":[{"href":"https:\/\/infoecos.com.ar\/index.php\/wp-json\/wp\/v2\/posts"}],"about":[{"href":"https:\/\/infoecos.com.ar\/index.php\/wp-json\/wp\/v2\/types\/post"}],"author":[{"embeddable":true,"href":"https:\/\/infoecos.com.ar\/index.php\/wp-json\/wp\/v2\/users\/2"}],"replies":[{"embeddable":true,"href":"https:\/\/infoecos.com.ar\/index.php\/wp-json\/wp\/v2\/comments?post=155065"}],"version-history":[{"count":1,"href":"https:\/\/infoecos.com.ar\/index.php\/wp-json\/wp\/v2\/posts\/155065\/revisions"}],"predecessor-version":[{"id":155068,"href":"https:\/\/infoecos.com.ar\/index.php\/wp-json\/wp\/v2\/posts\/155065\/revisions\/155068"}],"wp:featuredmedia":[{"embeddable":true,"href":"https:\/\/infoecos.com.ar\/index.php\/wp-json\/wp\/v2\/media\/155067"}],"wp:attachment":[{"href":"https:\/\/infoecos.com.ar\/index.php\/wp-json\/wp\/v2\/media?parent=155065"}],"wp:term":[{"taxonomy":"category","embeddable":true,"href":"https:\/\/infoecos.com.ar\/index.php\/wp-json\/wp\/v2\/categories?post=155065"},{"taxonomy":"post_tag","embeddable":true,"href":"https:\/\/infoecos.com.ar\/index.php\/wp-json\/wp\/v2\/tags?post=155065"}],"curies":[{"name":"wp","href":"https:\/\/api.w.org\/{rel}","templated":true}]}}