{"id":155069,"date":"2026-03-16T01:22:08","date_gmt":"2026-03-16T04:22:08","guid":{"rendered":"https:\/\/infoecos.com.ar\/?p=155069"},"modified":"2026-03-18T01:37:48","modified_gmt":"2026-03-18T04:37:48","slug":"ser-abogada-hoy-desafios-y-experiencias-en-el-ejercicio-profesional-en-conversatorio-del-colegio-con-sede-en-trenque-lauquen","status":"publish","type":"post","link":"https:\/\/infoecos.com.ar\/index.php\/ser-abogada-hoy-desafios-y-experiencias-en-el-ejercicio-profesional-en-conversatorio-del-colegio-con-sede-en-trenque-lauquen\/","title":{"rendered":"\u201cSer abogada hoy: desaf\u00edos y experiencias en el ejercicio profesional\u201d, en Conversatorio del Colegio con sede en Trenque Lauquen"},"content":{"rendered":"\n<p>El <strong>Colegio de Abogados del Departamento Judicial Trenque Lauquen<\/strong> (CADJTL) dej\u00f3 inaugurado el viernes pasado el Lactario institucional y realiz\u00f3 el Conversatorio <strong>\u201cSer abogada hoy: desaf\u00edos y experiencias en el ejercicio profesional\u201d<\/strong>, en el que se habl\u00f3 sobre el ejercicio profesional desde una perspectiva de g\u00e9nero, durante un acto que se enmarc\u00f3 en el D\u00eda Internacional de la Mujer, que anualmente se conmemora el 8 de marzo.<\/p>\n\n\n\n<p>El encuentro se desarroll\u00f3 en el Caf\u00e9 Jur\u00eddico, un espacio ubicado en la planta baja de la sede central del Colegio, en Nueve de Julio n\u00ba44.<\/p>\n\n\n\n<p><strong>Recolecci\u00f3n de Firmas Digitales en Gral. Villegas y Daireaux<\/strong>: <strong>otra de las actividades del colegio.<\/strong><\/p>\n\n\n\n<p>Durante dos d\u00edas consecutivos, mi\u00e9rcoles y jueves pasado, el Colegio de Abogados del Departamento Judicial Trenque Lauquen llev\u00f3 adelante operativos de firma digital en las localidades de Gral. Villegas y Daireaux.<\/p>\n\n\n\n<p>A partir de las gestiones del Consejero <strong>Dr. Ricardo Dom\u00ednguez<\/strong>, el mi\u00e9rcoles los oficiales de registro <strong>Dr. Cristian Crespo<\/strong> y <strong>Dra. Estefan\u00eda Oliverio<\/strong> estuvieron en Gral. Villegas, donde recogieron m\u00e1s de 20 firmas digitales de matriculados y matriculadas de la ciudad.<\/p>\n\n\n\n<p>Y el jueves, la actividad continu\u00f3 en Daireaux, con la <strong>Dra. Carolina Marchelletti<\/strong> como anfitriona, donde se concretaron m\u00e1s de 30 firmas digitales, con la misma modalidad de atenci\u00f3n para profesionales de la localidad.<\/p>\n\n\n\n<figure class=\"wp-block-gallery has-nested-images columns-default is-cropped wp-block-gallery-1 is-layout-flex wp-block-gallery-is-layout-flex\">\n<figure class=\"wp-block-image size-large\"><img loading=\"lazy\" decoding=\"async\" width=\"1599\" height=\"899\" data-id=\"155070\" src=\"https:\/\/infoecos.com.ar\/wp-content\/uploads\/2026\/03\/Lactario-y-Conversatorio-4.jpg\" alt=\"\" class=\"wp-image-155070\" srcset=\"https:\/\/infoecos.com.ar\/wp-content\/uploads\/2026\/03\/Lactario-y-Conversatorio-4.jpg 1599w, https:\/\/infoecos.com.ar\/wp-content\/uploads\/2026\/03\/Lactario-y-Conversatorio-4-800x450.jpg 800w, https:\/\/infoecos.com.ar\/wp-content\/uploads\/2026\/03\/Lactario-y-Conversatorio-4-768x432.jpg 768w, https:\/\/infoecos.com.ar\/wp-content\/uploads\/2026\/03\/Lactario-y-Conversatorio-4-1536x864.jpg 1536w, https:\/\/infoecos.com.ar\/wp-content\/uploads\/2026\/03\/Lactario-y-Conversatorio-4-1024x576.jpg 1024w\" sizes=\"(max-width: 1599px) 100vw, 1599px\" \/><\/figure>\n\n\n\n<figure class=\"wp-block-image size-large\"><img loading=\"lazy\" decoding=\"async\" width=\"1599\" height=\"899\" data-id=\"155072\" src=\"https:\/\/infoecos.com.ar\/wp-content\/uploads\/2026\/03\/Lactario-y-Conversatorio-8.jpg\" alt=\"\" class=\"wp-image-155072\" srcset=\"https:\/\/infoecos.com.ar\/wp-content\/uploads\/2026\/03\/Lactario-y-Conversatorio-8.jpg 1599w, https:\/\/infoecos.com.ar\/wp-content\/uploads\/2026\/03\/Lactario-y-Conversatorio-8-800x450.jpg 800w, https:\/\/infoecos.com.ar\/wp-content\/uploads\/2026\/03\/Lactario-y-Conversatorio-8-768x432.jpg 768w, https:\/\/infoecos.com.ar\/wp-content\/uploads\/2026\/03\/Lactario-y-Conversatorio-8-1536x864.jpg 1536w, https:\/\/infoecos.com.ar\/wp-content\/uploads\/2026\/03\/Lactario-y-Conversatorio-8-1024x576.jpg 1024w\" sizes=\"(max-width: 1599px) 100vw, 1599px\" \/><\/figure>\n<\/figure>\n\n\n\n<figure class=\"wp-block-image aligncenter size-full is-resized\"><img loading=\"lazy\" decoding=\"async\" width=\"1199\" height=\"973\" src=\"https:\/\/infoecos.com.ar\/wp-content\/uploads\/2026\/03\/Firmas-Digitales-7.jpg\" alt=\"\" class=\"wp-image-155073\" style=\"width:320px;height:auto\" srcset=\"https:\/\/infoecos.com.ar\/wp-content\/uploads\/2026\/03\/Firmas-Digitales-7.jpg 1199w, https:\/\/infoecos.com.ar\/wp-content\/uploads\/2026\/03\/Firmas-Digitales-7-800x649.jpg 800w, https:\/\/infoecos.com.ar\/wp-content\/uploads\/2026\/03\/Firmas-Digitales-7-768x623.jpg 768w, https:\/\/infoecos.com.ar\/wp-content\/uploads\/2026\/03\/Firmas-Digitales-7-1024x831.jpg 1024w\" sizes=\"(max-width: 1199px) 100vw, 1199px\" \/><\/figure>\n","protected":false},"excerpt":{"rendered":"<p>Recolecci\u00f3n de Firmas Digitales en Gral. Villegas y Daireaux: otra de las actividades del colegio<\/p>\n","protected":false},"author":2,"featured_media":155072,"comment_status":"closed","ping_status":"open","sticky":false,"template":"","format":"standard","meta":{"footnotes":""},"categories":[1],"tags":[10304,1750,155],"class_list":["post-155069","post","type-post","status-publish","format-standard","has-post-thumbnail","hentry","category-sin-categoria","tag-actualidad","tag-deporte","tag-politica"],"yoast_head":"<!-- This site is optimized with the Yoast SEO plugin v23.4 - https:\/\/yoast.com\/wordpress\/plugins\/seo\/ -->\n<title>\u201cSer abogada hoy: desaf\u00edos y experiencias en el ejercicio profesional\u201d, en Conversatorio del Colegio con sede en Trenque Lauquen - Infoecos<\/title>\n<meta name=\"robots\" content=\"index, follow, max-snippet:-1, max-image-preview:large, max-video-preview:-1\" \/>\n<link rel=\"canonical\" href=\"https:\/\/infoecos.com.ar\/index.php\/ser-abogada-hoy-desafios-y-experiencias-en-el-ejercicio-profesional-en-conversatorio-del-colegio-con-sede-en-trenque-lauquen\/\" \/>\n<meta property=\"og:locale\" content=\"es_ES\" \/>\n<meta property=\"og:type\" content=\"article\" \/>\n<meta property=\"og:title\" content=\"\u201cSer abogada hoy: desaf\u00edos y experiencias en el ejercicio profesional\u201d, en Conversatorio del Colegio con sede en Trenque Lauquen - Infoecos\" \/>\n<meta property=\"og:description\" content=\"Recolecci\u00f3n de Firmas Digitales en Gral. Villegas y Daireaux: otra de las actividades del colegio\" \/>\n<meta property=\"og:url\" content=\"https:\/\/infoecos.com.ar\/index.php\/ser-abogada-hoy-desafios-y-experiencias-en-el-ejercicio-profesional-en-conversatorio-del-colegio-con-sede-en-trenque-lauquen\/\" \/>\n<meta property=\"og:site_name\" content=\"Infoecos\" \/>\n<meta property=\"article:publisher\" content=\"https:\/\/www.facebook.com\/profile.php?id=100063200290284\" \/>\n<meta property=\"article:published_time\" content=\"2026-03-16T04:22:08+00:00\" \/>\n<meta property=\"article:modified_time\" content=\"2026-03-18T04:37:48+00:00\" \/>\n<meta property=\"og:image\" content=\"https:\/\/infoecos.com.ar\/wp-content\/uploads\/2026\/03\/Lactario-y-Conversatorio-8.jpg\" \/>\n\t<meta property=\"og:image:width\" content=\"1599\" \/>\n\t<meta property=\"og:image:height\" content=\"899\" \/>\n\t<meta property=\"og:image:type\" content=\"image\/jpeg\" \/>\n<meta name=\"author\" content=\"Jorge Matheus\" \/>\n<meta name=\"twitter:card\" content=\"summary_large_image\" \/>\n<meta name=\"twitter:creator\" content=\"@infoecos\" \/>\n<meta name=\"twitter:site\" content=\"@infoecos\" \/>\n<meta name=\"twitter:label1\" content=\"Escrito por\" \/>\n\t<meta name=\"twitter:data1\" content=\"Jorge Matheus\" \/>\n\t<meta name=\"twitter:label2\" content=\"Tiempo de lectura\" \/>\n\t<meta name=\"twitter:data2\" content=\"2 minutos\" \/>\n<script type=\"application\/ld+json\" class=\"yoast-schema-graph\">{\"@context\":\"https:\/\/schema.org\",\"@graph\":[{\"@type\":\"Article\",\"@id\":\"https:\/\/infoecos.com.ar\/index.php\/ser-abogada-hoy-desafios-y-experiencias-en-el-ejercicio-profesional-en-conversatorio-del-colegio-con-sede-en-trenque-lauquen\/#article\",\"isPartOf\":{\"@id\":\"https:\/\/infoecos.com.ar\/index.php\/ser-abogada-hoy-desafios-y-experiencias-en-el-ejercicio-profesional-en-conversatorio-del-colegio-con-sede-en-trenque-lauquen\/\"},\"author\":{\"name\":\"Jorge Matheus\",\"@id\":\"https:\/\/infoecos.com.ar\/#\/schema\/person\/8f5ace5ce73b4b4aac4b7245aee6f191\"},\"headline\":\"\u201cSer abogada hoy: desaf\u00edos y experiencias en el ejercicio profesional\u201d, en Conversatorio del Colegio con sede en Trenque Lauquen\",\"datePublished\":\"2026-03-16T04:22:08+00:00\",\"dateModified\":\"2026-03-18T04:37:48+00:00\",\"mainEntityOfPage\":{\"@id\":\"https:\/\/infoecos.com.ar\/index.php\/ser-abogada-hoy-desafios-y-experiencias-en-el-ejercicio-profesional-en-conversatorio-del-colegio-con-sede-en-trenque-lauquen\/\"},\"wordCount\":244,\"publisher\":{\"@id\":\"https:\/\/infoecos.com.ar\/#organization\"},\"image\":{\"@id\":\"https:\/\/infoecos.com.ar\/index.php\/ser-abogada-hoy-desafios-y-experiencias-en-el-ejercicio-profesional-en-conversatorio-del-colegio-con-sede-en-trenque-lauquen\/#primaryimage\"},\"thumbnailUrl\":\"https:\/\/infoecos.com.ar\/wp-content\/uploads\/2026\/03\/Lactario-y-Conversatorio-8.jpg\",\"keywords\":[\"Actualidad\",\"DEPORTE\",\"POL\u00cdTICA\"],\"inLanguage\":\"es\"},{\"@type\":\"WebPage\",\"@id\":\"https:\/\/infoecos.com.ar\/index.php\/ser-abogada-hoy-desafios-y-experiencias-en-el-ejercicio-profesional-en-conversatorio-del-colegio-con-sede-en-trenque-lauquen\/\",\"url\":\"https:\/\/infoecos.com.ar\/index.php\/ser-abogada-hoy-desafios-y-experiencias-en-el-ejercicio-profesional-en-conversatorio-del-colegio-con-sede-en-trenque-lauquen\/\",\"name\":\"\u201cSer abogada hoy: desaf\u00edos y experiencias en el ejercicio profesional\u201d, en Conversatorio del Colegio con sede en Trenque Lauquen - Infoecos\",\"isPartOf\":{\"@id\":\"https:\/\/infoecos.com.ar\/#website\"},\"primaryImageOfPage\":{\"@id\":\"https:\/\/infoecos.com.ar\/index.php\/ser-abogada-hoy-desafios-y-experiencias-en-el-ejercicio-profesional-en-conversatorio-del-colegio-con-sede-en-trenque-lauquen\/#primaryimage\"},\"image\":{\"@id\":\"https:\/\/infoecos.com.ar\/index.php\/ser-abogada-hoy-desafios-y-experiencias-en-el-ejercicio-profesional-en-conversatorio-del-colegio-con-sede-en-trenque-lauquen\/#primaryimage\"},\"thumbnailUrl\":\"https:\/\/infoecos.com.ar\/wp-content\/uploads\/2026\/03\/Lactario-y-Conversatorio-8.jpg\",\"datePublished\":\"2026-03-16T04:22:08+00:00\",\"dateModified\":\"2026-03-18T04:37:48+00:00\",\"breadcrumb\":{\"@id\":\"https:\/\/infoecos.com.ar\/index.php\/ser-abogada-hoy-desafios-y-experiencias-en-el-ejercicio-profesional-en-conversatorio-del-colegio-con-sede-en-trenque-lauquen\/#breadcrumb\"},\"inLanguage\":\"es\",\"potentialAction\":[{\"@type\":\"ReadAction\",\"target\":[\"https:\/\/infoecos.com.ar\/index.php\/ser-abogada-hoy-desafios-y-experiencias-en-el-ejercicio-profesional-en-conversatorio-del-colegio-con-sede-en-trenque-lauquen\/\"]}]},{\"@type\":\"ImageObject\",\"inLanguage\":\"es\",\"@id\":\"https:\/\/infoecos.com.ar\/index.php\/ser-abogada-hoy-desafios-y-experiencias-en-el-ejercicio-profesional-en-conversatorio-del-colegio-con-sede-en-trenque-lauquen\/#primaryimage\",\"url\":\"https:\/\/infoecos.com.ar\/wp-content\/uploads\/2026\/03\/Lactario-y-Conversatorio-8.jpg\",\"contentUrl\":\"https:\/\/infoecos.com.ar\/wp-content\/uploads\/2026\/03\/Lactario-y-Conversatorio-8.jpg\",\"width\":1599,\"height\":899},{\"@type\":\"BreadcrumbList\",\"@id\":\"https:\/\/infoecos.com.ar\/index.php\/ser-abogada-hoy-desafios-y-experiencias-en-el-ejercicio-profesional-en-conversatorio-del-colegio-con-sede-en-trenque-lauquen\/#breadcrumb\",\"itemListElement\":[{\"@type\":\"ListItem\",\"position\":1,\"name\":\"Portada\",\"item\":\"https:\/\/infoecos.com.ar\/\"},{\"@type\":\"ListItem\",\"position\":2,\"name\":\"\u201cSer abogada hoy: desaf\u00edos y experiencias en el ejercicio profesional\u201d, en Conversatorio del Colegio con sede en Trenque Lauquen\"}]},{\"@type\":\"WebSite\",\"@id\":\"https:\/\/infoecos.com.ar\/#website\",\"url\":\"https:\/\/infoecos.com.ar\/\",\"name\":\"Infoecos\",\"description\":\"Noticias de trenque lauquen y la zona\",\"publisher\":{\"@id\":\"https:\/\/infoecos.com.ar\/#organization\"},\"alternateName\":\"Noticias\",\"potentialAction\":[{\"@type\":\"SearchAction\",\"target\":{\"@type\":\"EntryPoint\",\"urlTemplate\":\"https:\/\/infoecos.com.ar\/?s={search_term_string}\"},\"query-input\":{\"@type\":\"PropertyValueSpecification\",\"valueRequired\":true,\"valueName\":\"search_term_string\"}}],\"inLanguage\":\"es\"},{\"@type\":\"Organization\",\"@id\":\"https:\/\/infoecos.com.ar\/#organization\",\"name\":\"Infoecos\",\"alternateName\":\"Noticias\",\"url\":\"https:\/\/infoecos.com.ar\/\",\"logo\":{\"@type\":\"ImageObject\",\"inLanguage\":\"es\",\"@id\":\"https:\/\/infoecos.com.ar\/#\/schema\/logo\/image\/\",\"url\":\"https:\/\/infoecos.com.ar\/wp-content\/uploads\/2024\/03\/cropped-logo.png\",\"contentUrl\":\"https:\/\/infoecos.com.ar\/wp-content\/uploads\/2024\/03\/cropped-logo.png\",\"width\":374,\"height\":90,\"caption\":\"Infoecos\"},\"image\":{\"@id\":\"https:\/\/infoecos.com.ar\/#\/schema\/logo\/image\/\"},\"sameAs\":[\"https:\/\/www.facebook.com\/profile.php?id=100063200290284\",\"https:\/\/x.com\/infoecos\"]},{\"@type\":\"Person\",\"@id\":\"https:\/\/infoecos.com.ar\/#\/schema\/person\/8f5ace5ce73b4b4aac4b7245aee6f191\",\"name\":\"Jorge Matheus\",\"url\":\"https:\/\/infoecos.com.ar\/index.php\/author\/jomatheus\/\"}]}<\/script>\n<!-- \/ Yoast SEO plugin. -->","yoast_head_json":{"title":"\u201cSer abogada hoy: desaf\u00edos y experiencias en el ejercicio profesional\u201d, en Conversatorio del Colegio con sede en Trenque Lauquen - Infoecos","robots":{"index":"index","follow":"follow","max-snippet":"max-snippet:-1","max-image-preview":"max-image-preview:large","max-video-preview":"max-video-preview:-1"},"canonical":"https:\/\/infoecos.com.ar\/index.php\/ser-abogada-hoy-desafios-y-experiencias-en-el-ejercicio-profesional-en-conversatorio-del-colegio-con-sede-en-trenque-lauquen\/","og_locale":"es_ES","og_type":"article","og_title":"\u201cSer abogada hoy: desaf\u00edos y experiencias en el ejercicio profesional\u201d, en Conversatorio del Colegio con sede en Trenque Lauquen - Infoecos","og_description":"Recolecci\u00f3n de Firmas Digitales en Gral. Villegas y Daireaux: otra de las actividades del colegio","og_url":"https:\/\/infoecos.com.ar\/index.php\/ser-abogada-hoy-desafios-y-experiencias-en-el-ejercicio-profesional-en-conversatorio-del-colegio-con-sede-en-trenque-lauquen\/","og_site_name":"Infoecos","article_publisher":"https:\/\/www.facebook.com\/profile.php?id=100063200290284","article_published_time":"2026-03-16T04:22:08+00:00","article_modified_time":"2026-03-18T04:37:48+00:00","og_image":[{"width":1599,"height":899,"url":"https:\/\/infoecos.com.ar\/wp-content\/uploads\/2026\/03\/Lactario-y-Conversatorio-8.jpg","type":"image\/jpeg"}],"author":"Jorge Matheus","twitter_card":"summary_large_image","twitter_creator":"@infoecos","twitter_site":"@infoecos","twitter_misc":{"Escrito por":"Jorge Matheus","Tiempo de lectura":"2 minutos"},"schema":{"@context":"https:\/\/schema.org","@graph":[{"@type":"Article","@id":"https:\/\/infoecos.com.ar\/index.php\/ser-abogada-hoy-desafios-y-experiencias-en-el-ejercicio-profesional-en-conversatorio-del-colegio-con-sede-en-trenque-lauquen\/#article","isPartOf":{"@id":"https:\/\/infoecos.com.ar\/index.php\/ser-abogada-hoy-desafios-y-experiencias-en-el-ejercicio-profesional-en-conversatorio-del-colegio-con-sede-en-trenque-lauquen\/"},"author":{"name":"Jorge Matheus","@id":"https:\/\/infoecos.com.ar\/#\/schema\/person\/8f5ace5ce73b4b4aac4b7245aee6f191"},"headline":"\u201cSer abogada hoy: desaf\u00edos y experiencias en el ejercicio profesional\u201d, en Conversatorio del Colegio con sede en Trenque Lauquen","datePublished":"2026-03-16T04:22:08+00:00","dateModified":"2026-03-18T04:37:48+00:00","mainEntityOfPage":{"@id":"https:\/\/infoecos.com.ar\/index.php\/ser-abogada-hoy-desafios-y-experiencias-en-el-ejercicio-profesional-en-conversatorio-del-colegio-con-sede-en-trenque-lauquen\/"},"wordCount":244,"publisher":{"@id":"https:\/\/infoecos.com.ar\/#organization"},"image":{"@id":"https:\/\/infoecos.com.ar\/index.php\/ser-abogada-hoy-desafios-y-experiencias-en-el-ejercicio-profesional-en-conversatorio-del-colegio-con-sede-en-trenque-lauquen\/#primaryimage"},"thumbnailUrl":"https:\/\/infoecos.com.ar\/wp-content\/uploads\/2026\/03\/Lactario-y-Conversatorio-8.jpg","keywords":["Actualidad","DEPORTE","POL\u00cdTICA"],"inLanguage":"es"},{"@type":"WebPage","@id":"https:\/\/infoecos.com.ar\/index.php\/ser-abogada-hoy-desafios-y-experiencias-en-el-ejercicio-profesional-en-conversatorio-del-colegio-con-sede-en-trenque-lauquen\/","url":"https:\/\/infoecos.com.ar\/index.php\/ser-abogada-hoy-desafios-y-experiencias-en-el-ejercicio-profesional-en-conversatorio-del-colegio-con-sede-en-trenque-lauquen\/","name":"\u201cSer abogada hoy: desaf\u00edos y experiencias en el ejercicio profesional\u201d, en Conversatorio del Colegio con sede en Trenque Lauquen - Infoecos","isPartOf":{"@id":"https:\/\/infoecos.com.ar\/#website"},"primaryImageOfPage":{"@id":"https:\/\/infoecos.com.ar\/index.php\/ser-abogada-hoy-desafios-y-experiencias-en-el-ejercicio-profesional-en-conversatorio-del-colegio-con-sede-en-trenque-lauquen\/#primaryimage"},"image":{"@id":"https:\/\/infoecos.com.ar\/index.php\/ser-abogada-hoy-desafios-y-experiencias-en-el-ejercicio-profesional-en-conversatorio-del-colegio-con-sede-en-trenque-lauquen\/#primaryimage"},"thumbnailUrl":"https:\/\/infoecos.com.ar\/wp-content\/uploads\/2026\/03\/Lactario-y-Conversatorio-8.jpg","datePublished":"2026-03-16T04:22:08+00:00","dateModified":"2026-03-18T04:37:48+00:00","breadcrumb":{"@id":"https:\/\/infoecos.com.ar\/index.php\/ser-abogada-hoy-desafios-y-experiencias-en-el-ejercicio-profesional-en-conversatorio-del-colegio-con-sede-en-trenque-lauquen\/#breadcrumb"},"inLanguage":"es","potentialAction":[{"@type":"ReadAction","target":["https:\/\/infoecos.com.ar\/index.php\/ser-abogada-hoy-desafios-y-experiencias-en-el-ejercicio-profesional-en-conversatorio-del-colegio-con-sede-en-trenque-lauquen\/"]}]},{"@type":"ImageObject","inLanguage":"es","@id":"https:\/\/infoecos.com.ar\/index.php\/ser-abogada-hoy-desafios-y-experiencias-en-el-ejercicio-profesional-en-conversatorio-del-colegio-con-sede-en-trenque-lauquen\/#primaryimage","url":"https:\/\/infoecos.com.ar\/wp-content\/uploads\/2026\/03\/Lactario-y-Conversatorio-8.jpg","contentUrl":"https:\/\/infoecos.com.ar\/wp-content\/uploads\/2026\/03\/Lactario-y-Conversatorio-8.jpg","width":1599,"height":899},{"@type":"BreadcrumbList","@id":"https:\/\/infoecos.com.ar\/index.php\/ser-abogada-hoy-desafios-y-experiencias-en-el-ejercicio-profesional-en-conversatorio-del-colegio-con-sede-en-trenque-lauquen\/#breadcrumb","itemListElement":[{"@type":"ListItem","position":1,"name":"Portada","item":"https:\/\/infoecos.com.ar\/"},{"@type":"ListItem","position":2,"name":"\u201cSer abogada hoy: desaf\u00edos y experiencias en el ejercicio profesional\u201d, en Conversatorio del Colegio con sede en Trenque Lauquen"}]},{"@type":"WebSite","@id":"https:\/\/infoecos.com.ar\/#website","url":"https:\/\/infoecos.com.ar\/","name":"Infoecos","description":"Noticias de trenque lauquen y la zona","publisher":{"@id":"https:\/\/infoecos.com.ar\/#organization"},"alternateName":"Noticias","potentialAction":[{"@type":"SearchAction","target":{"@type":"EntryPoint","urlTemplate":"https:\/\/infoecos.com.ar\/?s={search_term_string}"},"query-input":{"@type":"PropertyValueSpecification","valueRequired":true,"valueName":"search_term_string"}}],"inLanguage":"es"},{"@type":"Organization","@id":"https:\/\/infoecos.com.ar\/#organization","name":"Infoecos","alternateName":"Noticias","url":"https:\/\/infoecos.com.ar\/","logo":{"@type":"ImageObject","inLanguage":"es","@id":"https:\/\/infoecos.com.ar\/#\/schema\/logo\/image\/","url":"https:\/\/infoecos.com.ar\/wp-content\/uploads\/2024\/03\/cropped-logo.png","contentUrl":"https:\/\/infoecos.com.ar\/wp-content\/uploads\/2024\/03\/cropped-logo.png","width":374,"height":90,"caption":"Infoecos"},"image":{"@id":"https:\/\/infoecos.com.ar\/#\/schema\/logo\/image\/"},"sameAs":["https:\/\/www.facebook.com\/profile.php?id=100063200290284","https:\/\/x.com\/infoecos"]},{"@type":"Person","@id":"https:\/\/infoecos.com.ar\/#\/schema\/person\/8f5ace5ce73b4b4aac4b7245aee6f191","name":"Jorge Matheus","url":"https:\/\/infoecos.com.ar\/index.php\/author\/jomatheus\/"}]}},"featured_image_urls":{"full":["https:\/\/infoecos.com.ar\/wp-content\/uploads\/2026\/03\/Lactario-y-Conversatorio-8.jpg",1599,899,false],"thumbnail":["https:\/\/infoecos.com.ar\/wp-content\/uploads\/2026\/03\/Lactario-y-Conversatorio-8-300x150.jpg",300,150,true],"medium":["https:\/\/infoecos.com.ar\/wp-content\/uploads\/2026\/03\/Lactario-y-Conversatorio-8-800x450.jpg",800,450,true],"medium_large":["https:\/\/infoecos.com.ar\/wp-content\/uploads\/2026\/03\/Lactario-y-Conversatorio-8-768x432.jpg",640,360,true],"large":["https:\/\/infoecos.com.ar\/wp-content\/uploads\/2026\/03\/Lactario-y-Conversatorio-8.jpg",640,360,false],"1536x1536":["https:\/\/infoecos.com.ar\/wp-content\/uploads\/2026\/03\/Lactario-y-Conversatorio-8-1536x864.jpg",1536,864,true],"2048x2048":["https:\/\/infoecos.com.ar\/wp-content\/uploads\/2026\/03\/Lactario-y-Conversatorio-8.jpg",1599,899,false],"covernews-slider-full":["https:\/\/infoecos.com.ar\/wp-content\/uploads\/2026\/03\/Lactario-y-Conversatorio-8-1115x715.jpg",1115,715,true],"covernews-slider-center":["https:\/\/infoecos.com.ar\/wp-content\/uploads\/2026\/03\/Lactario-y-Conversatorio-8-800x500.jpg",800,500,true],"covernews-featured":["https:\/\/infoecos.com.ar\/wp-content\/uploads\/2026\/03\/Lactario-y-Conversatorio-8-1024x576.jpg",1024,576,true],"covernews-medium":["https:\/\/infoecos.com.ar\/wp-content\/uploads\/2026\/03\/Lactario-y-Conversatorio-8-540x340.jpg",540,340,true],"covernews-medium-square":["https:\/\/infoecos.com.ar\/wp-content\/uploads\/2026\/03\/Lactario-y-Conversatorio-8-400x250.jpg",400,250,true]},"author_info":{"info":["Jorge Matheus"]},"category_info":"<a href=\"https:\/\/infoecos.com.ar\/index.php\/category\/sin-categoria\/\" rel=\"category tag\">Sin categor\u00eda<\/a>","tag_info":"Sin categor\u00eda","comment_count":"0","_links":{"self":[{"href":"https:\/\/infoecos.com.ar\/index.php\/wp-json\/wp\/v2\/posts\/155069"}],"collection":[{"href":"https:\/\/infoecos.com.ar\/index.php\/wp-json\/wp\/v2\/posts"}],"about":[{"href":"https:\/\/infoecos.com.ar\/index.php\/wp-json\/wp\/v2\/types\/post"}],"author":[{"embeddable":true,"href":"https:\/\/infoecos.com.ar\/index.php\/wp-json\/wp\/v2\/users\/2"}],"replies":[{"embeddable":true,"href":"https:\/\/infoecos.com.ar\/index.php\/wp-json\/wp\/v2\/comments?post=155069"}],"version-history":[{"count":1,"href":"https:\/\/infoecos.com.ar\/index.php\/wp-json\/wp\/v2\/posts\/155069\/revisions"}],"predecessor-version":[{"id":155074,"href":"https:\/\/infoecos.com.ar\/index.php\/wp-json\/wp\/v2\/posts\/155069\/revisions\/155074"}],"wp:featuredmedia":[{"embeddable":true,"href":"https:\/\/infoecos.com.ar\/index.php\/wp-json\/wp\/v2\/media\/155072"}],"wp:attachment":[{"href":"https:\/\/infoecos.com.ar\/index.php\/wp-json\/wp\/v2\/media?parent=155069"}],"wp:term":[{"taxonomy":"category","embeddable":true,"href":"https:\/\/infoecos.com.ar\/index.php\/wp-json\/wp\/v2\/categories?post=155069"},{"taxonomy":"post_tag","embeddable":true,"href":"https:\/\/infoecos.com.ar\/index.php\/wp-json\/wp\/v2\/tags?post=155069"}],"curies":[{"name":"wp","href":"https:\/\/api.w.org\/{rel}","templated":true}]}}