{"id":155081,"date":"2026-03-16T15:05:32","date_gmt":"2026-03-16T18:05:32","guid":{"rendered":"https:\/\/infoecos.com.ar\/?p=155081"},"modified":"2026-03-18T02:46:13","modified_gmt":"2026-03-18T05:46:13","slug":"secuestran-34-motocicletas-y-un-vehiculo-en-operativos-realizados-en-pehuajo","status":"publish","type":"post","link":"https:\/\/infoecos.com.ar\/index.php\/secuestran-34-motocicletas-y-un-vehiculo-en-operativos-realizados-en-pehuajo\/","title":{"rendered":"Secuestran 34 motocicletas y un veh\u00edculo en operativos realizados en Pehuaj\u00f3"},"content":{"rendered":"\n<p><strong>Informaci\u00f3n de la Polic\u00eda Comunal pehuajense: <\/strong><\/p>\n\n\n\n<p><strong>Operativos de Tr\u00e1nsito:<\/strong><\/p>\n\n\n\n<p>Se cumplimentaron de manera conjunta con fuerzas de seguridad, (Grupo GAD, DDI, DELEGACION NARCOTRAFICO, CPR Y DTO. SEGURIDAD VIAL), y personal Guardia Prevenci\u00f3n Ciudadana (GPC), obteniendo como resultado el secuestro de 34 motocicletas de diferentes cilindradas y un veh\u00edculo, rodados de los que se constataron diferentes irregularidades contempladas dentro de la Ley de Tr\u00e1nsito y ordenanzas municipales en vigencia.<\/p>\n\n\n\n<p><strong>Detienen a un hombre por Defraudaci\u00f3n:<\/strong><\/p>\n\n\n\n<p>Se cumplimenta la detenci\u00f3n de un masculino de 34 a\u00f1os de edad, con domicilio Pehuaj\u00f3. La medida impuesta deviene por el delito de \u201cDEFRAUDACI\u00d3N\u201d, dispuesta por el Juzgado en lo Correccional nro. 1 de Trenque Lauquen. <\/p>\n\n\n\n<p>El detenido fue trasladado a otra comisaria de la jurisdicci\u00f3n donde continuar\u00e1 mientras se sustancie el proceso penal. <\/p>\n\n\n\n<p><strong>Dos aprehensiones: <\/strong><\/p>\n\n\n\n<p>La primera intervenci\u00f3n fue sobre una persona de 49 a\u00f1os de edad, sobre la cual pesaba \u201cParadero Activo\u201d relacionado a causa penal por el delito de \u201cLesiones Leves\u201d que tramita la Fiscal\u00eda nro. 10 de Necochea. <\/p>\n\n\n\n<p>La segunda un masculino de 28 a\u00f1os, quien se hallaba realizando disturbios sobre la v\u00eda p\u00fablica. <\/p>\n\n\n\n<p>Los aprehendidos recuperaron su libertad luego de cumplimentar los tr\u00e1mites legales. <\/p>\n\n\n\n<figure class=\"wp-block-video\"><video controls src=\"https:\/\/infoecos.com.ar\/wp-content\/uploads\/2026\/03\/VIDEO-2026-03-16-11-25-48.mp4\"><\/video><\/figure>\n","protected":false},"excerpt":{"rendered":"<p>Informaci\u00f3n de la Polic\u00eda Comunal pehuajense<\/p>\n","protected":false},"author":2,"featured_media":134367,"comment_status":"closed","ping_status":"open","sticky":false,"template":"","format":"standard","meta":{"footnotes":""},"categories":[1],"tags":[10304,1750],"class_list":["post-155081","post","type-post","status-publish","format-standard","has-post-thumbnail","hentry","category-sin-categoria","tag-actualidad","tag-deporte"],"yoast_head":"<!-- This site is optimized with the Yoast SEO plugin v23.4 - https:\/\/yoast.com\/wordpress\/plugins\/seo\/ -->\n<title>Secuestran 34 motocicletas y un veh\u00edculo en operativos realizados en Pehuaj\u00f3 - Infoecos<\/title>\n<meta name=\"robots\" content=\"index, follow, max-snippet:-1, max-image-preview:large, max-video-preview:-1\" \/>\n<link rel=\"canonical\" href=\"https:\/\/infoecos.com.ar\/index.php\/secuestran-34-motocicletas-y-un-vehiculo-en-operativos-realizados-en-pehuajo\/\" \/>\n<meta property=\"og:locale\" content=\"es_ES\" \/>\n<meta property=\"og:type\" content=\"article\" \/>\n<meta property=\"og:title\" content=\"Secuestran 34 motocicletas y un veh\u00edculo en operativos realizados en Pehuaj\u00f3 - Infoecos\" \/>\n<meta property=\"og:description\" content=\"Informaci\u00f3n de la Polic\u00eda Comunal pehuajense\" \/>\n<meta property=\"og:url\" content=\"https:\/\/infoecos.com.ar\/index.php\/secuestran-34-motocicletas-y-un-vehiculo-en-operativos-realizados-en-pehuajo\/\" \/>\n<meta property=\"og:site_name\" content=\"Infoecos\" \/>\n<meta property=\"article:publisher\" content=\"https:\/\/www.facebook.com\/profile.php?id=100063200290284\" \/>\n<meta property=\"article:published_time\" content=\"2026-03-16T18:05:32+00:00\" \/>\n<meta property=\"article:modified_time\" content=\"2026-03-18T05:46:13+00:00\" \/>\n<meta property=\"og:image\" content=\"https:\/\/infoecos.com.ar\/wp-content\/uploads\/2024\/12\/image-171.png\" \/>\n\t<meta property=\"og:image:width\" content=\"960\" \/>\n\t<meta property=\"og:image:height\" content=\"814\" \/>\n\t<meta property=\"og:image:type\" content=\"image\/png\" \/>\n<meta name=\"author\" content=\"Jorge Matheus\" \/>\n<meta name=\"twitter:card\" content=\"summary_large_image\" \/>\n<meta name=\"twitter:creator\" content=\"@infoecos\" \/>\n<meta name=\"twitter:site\" content=\"@infoecos\" \/>\n<meta name=\"twitter:label1\" content=\"Escrito por\" \/>\n\t<meta name=\"twitter:data1\" content=\"Jorge Matheus\" \/>\n\t<meta name=\"twitter:label2\" content=\"Tiempo de lectura\" \/>\n\t<meta name=\"twitter:data2\" content=\"2 minutos\" \/>\n<script type=\"application\/ld+json\" class=\"yoast-schema-graph\">{\"@context\":\"https:\/\/schema.org\",\"@graph\":[{\"@type\":\"Article\",\"@id\":\"https:\/\/infoecos.com.ar\/index.php\/secuestran-34-motocicletas-y-un-vehiculo-en-operativos-realizados-en-pehuajo\/#article\",\"isPartOf\":{\"@id\":\"https:\/\/infoecos.com.ar\/index.php\/secuestran-34-motocicletas-y-un-vehiculo-en-operativos-realizados-en-pehuajo\/\"},\"author\":{\"name\":\"Jorge Matheus\",\"@id\":\"https:\/\/infoecos.com.ar\/#\/schema\/person\/8f5ace5ce73b4b4aac4b7245aee6f191\"},\"headline\":\"Secuestran 34 motocicletas y un veh\u00edculo en operativos realizados en Pehuaj\u00f3\",\"datePublished\":\"2026-03-16T18:05:32+00:00\",\"dateModified\":\"2026-03-18T05:46:13+00:00\",\"mainEntityOfPage\":{\"@id\":\"https:\/\/infoecos.com.ar\/index.php\/secuestran-34-motocicletas-y-un-vehiculo-en-operativos-realizados-en-pehuajo\/\"},\"wordCount\":216,\"publisher\":{\"@id\":\"https:\/\/infoecos.com.ar\/#organization\"},\"image\":{\"@id\":\"https:\/\/infoecos.com.ar\/index.php\/secuestran-34-motocicletas-y-un-vehiculo-en-operativos-realizados-en-pehuajo\/#primaryimage\"},\"thumbnailUrl\":\"https:\/\/infoecos.com.ar\/wp-content\/uploads\/2024\/12\/image-171.png\",\"keywords\":[\"Actualidad\",\"DEPORTE\"],\"inLanguage\":\"es\"},{\"@type\":\"WebPage\",\"@id\":\"https:\/\/infoecos.com.ar\/index.php\/secuestran-34-motocicletas-y-un-vehiculo-en-operativos-realizados-en-pehuajo\/\",\"url\":\"https:\/\/infoecos.com.ar\/index.php\/secuestran-34-motocicletas-y-un-vehiculo-en-operativos-realizados-en-pehuajo\/\",\"name\":\"Secuestran 34 motocicletas y un veh\u00edculo en operativos realizados en Pehuaj\u00f3 - Infoecos\",\"isPartOf\":{\"@id\":\"https:\/\/infoecos.com.ar\/#website\"},\"primaryImageOfPage\":{\"@id\":\"https:\/\/infoecos.com.ar\/index.php\/secuestran-34-motocicletas-y-un-vehiculo-en-operativos-realizados-en-pehuajo\/#primaryimage\"},\"image\":{\"@id\":\"https:\/\/infoecos.com.ar\/index.php\/secuestran-34-motocicletas-y-un-vehiculo-en-operativos-realizados-en-pehuajo\/#primaryimage\"},\"thumbnailUrl\":\"https:\/\/infoecos.com.ar\/wp-content\/uploads\/2024\/12\/image-171.png\",\"datePublished\":\"2026-03-16T18:05:32+00:00\",\"dateModified\":\"2026-03-18T05:46:13+00:00\",\"breadcrumb\":{\"@id\":\"https:\/\/infoecos.com.ar\/index.php\/secuestran-34-motocicletas-y-un-vehiculo-en-operativos-realizados-en-pehuajo\/#breadcrumb\"},\"inLanguage\":\"es\",\"potentialAction\":[{\"@type\":\"ReadAction\",\"target\":[\"https:\/\/infoecos.com.ar\/index.php\/secuestran-34-motocicletas-y-un-vehiculo-en-operativos-realizados-en-pehuajo\/\"]}]},{\"@type\":\"ImageObject\",\"inLanguage\":\"es\",\"@id\":\"https:\/\/infoecos.com.ar\/index.php\/secuestran-34-motocicletas-y-un-vehiculo-en-operativos-realizados-en-pehuajo\/#primaryimage\",\"url\":\"https:\/\/infoecos.com.ar\/wp-content\/uploads\/2024\/12\/image-171.png\",\"contentUrl\":\"https:\/\/infoecos.com.ar\/wp-content\/uploads\/2024\/12\/image-171.png\",\"width\":960,\"height\":814},{\"@type\":\"BreadcrumbList\",\"@id\":\"https:\/\/infoecos.com.ar\/index.php\/secuestran-34-motocicletas-y-un-vehiculo-en-operativos-realizados-en-pehuajo\/#breadcrumb\",\"itemListElement\":[{\"@type\":\"ListItem\",\"position\":1,\"name\":\"Portada\",\"item\":\"https:\/\/infoecos.com.ar\/\"},{\"@type\":\"ListItem\",\"position\":2,\"name\":\"Secuestran 34 motocicletas y un veh\u00edculo en operativos realizados en Pehuaj\u00f3\"}]},{\"@type\":\"WebSite\",\"@id\":\"https:\/\/infoecos.com.ar\/#website\",\"url\":\"https:\/\/infoecos.com.ar\/\",\"name\":\"Infoecos\",\"description\":\"Noticias de trenque lauquen y la zona\",\"publisher\":{\"@id\":\"https:\/\/infoecos.com.ar\/#organization\"},\"alternateName\":\"Noticias\",\"potentialAction\":[{\"@type\":\"SearchAction\",\"target\":{\"@type\":\"EntryPoint\",\"urlTemplate\":\"https:\/\/infoecos.com.ar\/?s={search_term_string}\"},\"query-input\":{\"@type\":\"PropertyValueSpecification\",\"valueRequired\":true,\"valueName\":\"search_term_string\"}}],\"inLanguage\":\"es\"},{\"@type\":\"Organization\",\"@id\":\"https:\/\/infoecos.com.ar\/#organization\",\"name\":\"Infoecos\",\"alternateName\":\"Noticias\",\"url\":\"https:\/\/infoecos.com.ar\/\",\"logo\":{\"@type\":\"ImageObject\",\"inLanguage\":\"es\",\"@id\":\"https:\/\/infoecos.com.ar\/#\/schema\/logo\/image\/\",\"url\":\"https:\/\/infoecos.com.ar\/wp-content\/uploads\/2024\/03\/cropped-logo.png\",\"contentUrl\":\"https:\/\/infoecos.com.ar\/wp-content\/uploads\/2024\/03\/cropped-logo.png\",\"width\":374,\"height\":90,\"caption\":\"Infoecos\"},\"image\":{\"@id\":\"https:\/\/infoecos.com.ar\/#\/schema\/logo\/image\/\"},\"sameAs\":[\"https:\/\/www.facebook.com\/profile.php?id=100063200290284\",\"https:\/\/x.com\/infoecos\"]},{\"@type\":\"Person\",\"@id\":\"https:\/\/infoecos.com.ar\/#\/schema\/person\/8f5ace5ce73b4b4aac4b7245aee6f191\",\"name\":\"Jorge Matheus\",\"url\":\"https:\/\/infoecos.com.ar\/index.php\/author\/jomatheus\/\"}]}<\/script>\n<!-- \/ Yoast SEO plugin. -->","yoast_head_json":{"title":"Secuestran 34 motocicletas y un veh\u00edculo en operativos realizados en Pehuaj\u00f3 - Infoecos","robots":{"index":"index","follow":"follow","max-snippet":"max-snippet:-1","max-image-preview":"max-image-preview:large","max-video-preview":"max-video-preview:-1"},"canonical":"https:\/\/infoecos.com.ar\/index.php\/secuestran-34-motocicletas-y-un-vehiculo-en-operativos-realizados-en-pehuajo\/","og_locale":"es_ES","og_type":"article","og_title":"Secuestran 34 motocicletas y un veh\u00edculo en operativos realizados en Pehuaj\u00f3 - Infoecos","og_description":"Informaci\u00f3n de la Polic\u00eda Comunal pehuajense","og_url":"https:\/\/infoecos.com.ar\/index.php\/secuestran-34-motocicletas-y-un-vehiculo-en-operativos-realizados-en-pehuajo\/","og_site_name":"Infoecos","article_publisher":"https:\/\/www.facebook.com\/profile.php?id=100063200290284","article_published_time":"2026-03-16T18:05:32+00:00","article_modified_time":"2026-03-18T05:46:13+00:00","og_image":[{"width":960,"height":814,"url":"https:\/\/infoecos.com.ar\/wp-content\/uploads\/2024\/12\/image-171.png","type":"image\/png"}],"author":"Jorge Matheus","twitter_card":"summary_large_image","twitter_creator":"@infoecos","twitter_site":"@infoecos","twitter_misc":{"Escrito por":"Jorge Matheus","Tiempo de lectura":"2 minutos"},"schema":{"@context":"https:\/\/schema.org","@graph":[{"@type":"Article","@id":"https:\/\/infoecos.com.ar\/index.php\/secuestran-34-motocicletas-y-un-vehiculo-en-operativos-realizados-en-pehuajo\/#article","isPartOf":{"@id":"https:\/\/infoecos.com.ar\/index.php\/secuestran-34-motocicletas-y-un-vehiculo-en-operativos-realizados-en-pehuajo\/"},"author":{"name":"Jorge Matheus","@id":"https:\/\/infoecos.com.ar\/#\/schema\/person\/8f5ace5ce73b4b4aac4b7245aee6f191"},"headline":"Secuestran 34 motocicletas y un veh\u00edculo en operativos realizados en Pehuaj\u00f3","datePublished":"2026-03-16T18:05:32+00:00","dateModified":"2026-03-18T05:46:13+00:00","mainEntityOfPage":{"@id":"https:\/\/infoecos.com.ar\/index.php\/secuestran-34-motocicletas-y-un-vehiculo-en-operativos-realizados-en-pehuajo\/"},"wordCount":216,"publisher":{"@id":"https:\/\/infoecos.com.ar\/#organization"},"image":{"@id":"https:\/\/infoecos.com.ar\/index.php\/secuestran-34-motocicletas-y-un-vehiculo-en-operativos-realizados-en-pehuajo\/#primaryimage"},"thumbnailUrl":"https:\/\/infoecos.com.ar\/wp-content\/uploads\/2024\/12\/image-171.png","keywords":["Actualidad","DEPORTE"],"inLanguage":"es"},{"@type":"WebPage","@id":"https:\/\/infoecos.com.ar\/index.php\/secuestran-34-motocicletas-y-un-vehiculo-en-operativos-realizados-en-pehuajo\/","url":"https:\/\/infoecos.com.ar\/index.php\/secuestran-34-motocicletas-y-un-vehiculo-en-operativos-realizados-en-pehuajo\/","name":"Secuestran 34 motocicletas y un veh\u00edculo en operativos realizados en Pehuaj\u00f3 - Infoecos","isPartOf":{"@id":"https:\/\/infoecos.com.ar\/#website"},"primaryImageOfPage":{"@id":"https:\/\/infoecos.com.ar\/index.php\/secuestran-34-motocicletas-y-un-vehiculo-en-operativos-realizados-en-pehuajo\/#primaryimage"},"image":{"@id":"https:\/\/infoecos.com.ar\/index.php\/secuestran-34-motocicletas-y-un-vehiculo-en-operativos-realizados-en-pehuajo\/#primaryimage"},"thumbnailUrl":"https:\/\/infoecos.com.ar\/wp-content\/uploads\/2024\/12\/image-171.png","datePublished":"2026-03-16T18:05:32+00:00","dateModified":"2026-03-18T05:46:13+00:00","breadcrumb":{"@id":"https:\/\/infoecos.com.ar\/index.php\/secuestran-34-motocicletas-y-un-vehiculo-en-operativos-realizados-en-pehuajo\/#breadcrumb"},"inLanguage":"es","potentialAction":[{"@type":"ReadAction","target":["https:\/\/infoecos.com.ar\/index.php\/secuestran-34-motocicletas-y-un-vehiculo-en-operativos-realizados-en-pehuajo\/"]}]},{"@type":"ImageObject","inLanguage":"es","@id":"https:\/\/infoecos.com.ar\/index.php\/secuestran-34-motocicletas-y-un-vehiculo-en-operativos-realizados-en-pehuajo\/#primaryimage","url":"https:\/\/infoecos.com.ar\/wp-content\/uploads\/2024\/12\/image-171.png","contentUrl":"https:\/\/infoecos.com.ar\/wp-content\/uploads\/2024\/12\/image-171.png","width":960,"height":814},{"@type":"BreadcrumbList","@id":"https:\/\/infoecos.com.ar\/index.php\/secuestran-34-motocicletas-y-un-vehiculo-en-operativos-realizados-en-pehuajo\/#breadcrumb","itemListElement":[{"@type":"ListItem","position":1,"name":"Portada","item":"https:\/\/infoecos.com.ar\/"},{"@type":"ListItem","position":2,"name":"Secuestran 34 motocicletas y un veh\u00edculo en operativos realizados en Pehuaj\u00f3"}]},{"@type":"WebSite","@id":"https:\/\/infoecos.com.ar\/#website","url":"https:\/\/infoecos.com.ar\/","name":"Infoecos","description":"Noticias de trenque lauquen y la zona","publisher":{"@id":"https:\/\/infoecos.com.ar\/#organization"},"alternateName":"Noticias","potentialAction":[{"@type":"SearchAction","target":{"@type":"EntryPoint","urlTemplate":"https:\/\/infoecos.com.ar\/?s={search_term_string}"},"query-input":{"@type":"PropertyValueSpecification","valueRequired":true,"valueName":"search_term_string"}}],"inLanguage":"es"},{"@type":"Organization","@id":"https:\/\/infoecos.com.ar\/#organization","name":"Infoecos","alternateName":"Noticias","url":"https:\/\/infoecos.com.ar\/","logo":{"@type":"ImageObject","inLanguage":"es","@id":"https:\/\/infoecos.com.ar\/#\/schema\/logo\/image\/","url":"https:\/\/infoecos.com.ar\/wp-content\/uploads\/2024\/03\/cropped-logo.png","contentUrl":"https:\/\/infoecos.com.ar\/wp-content\/uploads\/2024\/03\/cropped-logo.png","width":374,"height":90,"caption":"Infoecos"},"image":{"@id":"https:\/\/infoecos.com.ar\/#\/schema\/logo\/image\/"},"sameAs":["https:\/\/www.facebook.com\/profile.php?id=100063200290284","https:\/\/x.com\/infoecos"]},{"@type":"Person","@id":"https:\/\/infoecos.com.ar\/#\/schema\/person\/8f5ace5ce73b4b4aac4b7245aee6f191","name":"Jorge Matheus","url":"https:\/\/infoecos.com.ar\/index.php\/author\/jomatheus\/"}]}},"featured_image_urls":{"full":["https:\/\/infoecos.com.ar\/wp-content\/uploads\/2024\/12\/image-171.png",960,814,false],"thumbnail":["https:\/\/infoecos.com.ar\/wp-content\/uploads\/2024\/12\/image-171-300x150.png",300,150,true],"medium":["https:\/\/infoecos.com.ar\/wp-content\/uploads\/2024\/12\/image-171-800x678.png",800,678,true],"medium_large":["https:\/\/infoecos.com.ar\/wp-content\/uploads\/2024\/12\/image-171-768x651.png",640,543,true],"large":["https:\/\/infoecos.com.ar\/wp-content\/uploads\/2024\/12\/image-171.png",640,543,false],"1536x1536":["https:\/\/infoecos.com.ar\/wp-content\/uploads\/2024\/12\/image-171.png",960,814,false],"2048x2048":["https:\/\/infoecos.com.ar\/wp-content\/uploads\/2024\/12\/image-171.png",960,814,false],"covernews-slider-full":["https:\/\/infoecos.com.ar\/wp-content\/uploads\/2024\/12\/image-171-960x715.png",960,715,true],"covernews-slider-center":["https:\/\/infoecos.com.ar\/wp-content\/uploads\/2024\/12\/image-171-800x500.png",800,500,true],"covernews-featured":["https:\/\/infoecos.com.ar\/wp-content\/uploads\/2024\/12\/image-171.png",960,814,false],"covernews-medium":["https:\/\/infoecos.com.ar\/wp-content\/uploads\/2024\/12\/image-171-540x340.png",540,340,true],"covernews-medium-square":["https:\/\/infoecos.com.ar\/wp-content\/uploads\/2024\/12\/image-171-400x250.png",400,250,true]},"author_info":{"info":["Jorge Matheus"]},"category_info":"<a href=\"https:\/\/infoecos.com.ar\/index.php\/category\/sin-categoria\/\" rel=\"category tag\">Sin categor\u00eda<\/a>","tag_info":"Sin categor\u00eda","comment_count":"0","_links":{"self":[{"href":"https:\/\/infoecos.com.ar\/index.php\/wp-json\/wp\/v2\/posts\/155081"}],"collection":[{"href":"https:\/\/infoecos.com.ar\/index.php\/wp-json\/wp\/v2\/posts"}],"about":[{"href":"https:\/\/infoecos.com.ar\/index.php\/wp-json\/wp\/v2\/types\/post"}],"author":[{"embeddable":true,"href":"https:\/\/infoecos.com.ar\/index.php\/wp-json\/wp\/v2\/users\/2"}],"replies":[{"embeddable":true,"href":"https:\/\/infoecos.com.ar\/index.php\/wp-json\/wp\/v2\/comments?post=155081"}],"version-history":[{"count":1,"href":"https:\/\/infoecos.com.ar\/index.php\/wp-json\/wp\/v2\/posts\/155081\/revisions"}],"predecessor-version":[{"id":155083,"href":"https:\/\/infoecos.com.ar\/index.php\/wp-json\/wp\/v2\/posts\/155081\/revisions\/155083"}],"wp:featuredmedia":[{"embeddable":true,"href":"https:\/\/infoecos.com.ar\/index.php\/wp-json\/wp\/v2\/media\/134367"}],"wp:attachment":[{"href":"https:\/\/infoecos.com.ar\/index.php\/wp-json\/wp\/v2\/media?parent=155081"}],"wp:term":[{"taxonomy":"category","embeddable":true,"href":"https:\/\/infoecos.com.ar\/index.php\/wp-json\/wp\/v2\/categories?post=155081"},{"taxonomy":"post_tag","embeddable":true,"href":"https:\/\/infoecos.com.ar\/index.php\/wp-json\/wp\/v2\/tags?post=155081"}],"curies":[{"name":"wp","href":"https:\/\/api.w.org\/{rel}","templated":true}]}}