{"id":155088,"date":"2026-03-16T22:01:39","date_gmt":"2026-03-17T01:01:39","guid":{"rendered":"https:\/\/infoecos.com.ar\/?p=155088"},"modified":"2026-03-16T22:03:24","modified_gmt":"2026-03-17T01:03:24","slug":"opinion-conoci-a-marcelo-araujo-por-recomendacion-de-victor-hugo-morales","status":"publish","type":"post","link":"https:\/\/infoecos.com.ar\/index.php\/opinion-conoci-a-marcelo-araujo-por-recomendacion-de-victor-hugo-morales\/","title":{"rendered":"Opini\u00f3n: Conoc\u00ed a Marcelo Araujo, por recomendaci\u00f3n de V\u00edctor Hugo Morales"},"content":{"rendered":"\n<p><strong>Escribe: Jorge Matheus <\/strong><\/p>\n\n\n\n<p>No es por narcisista, ni por eg\u00f3latra, que algunas y algunos creen que soy, pero este post de hoy est\u00e1 relacionado con la vida profesional y un acontecimiento social que ha tenido una gran difusi\u00f3n nacional.<\/p>\n\n\n\n<p>Parafraseando a Favio: <strong>\u00abeste periodista no miente cuando escribe\u00bb<\/strong>. Conoc\u00ed a Marcelo Araujo, por recomendaci\u00f3n de V\u00edctor Hugo Morales. (@VHMok)<\/p>\n\n\n\n<p>Este \u00faltimo era Amigo del trenquelauquense, <a href=\"https:\/\/www.facebook.com\/hashtag\/adri%C3%A1n?__eep__=6&amp;__cft__[0]=AZallFEmqfc5x05XqppZjdXB22jwvBQeQ4hOKOe-SkD8Id7CvzPXts9sJQUDq9BEsVDB_qBhlnHvraxMi7qjjpjewqk9VDQTh-MD9A_q8I0o2vwIV4cyOdv7d6oDdMZ1PrwTJfrJa-wH94WWQKBp-sTG&amp;__tn__=*NK-R\">#Adri\u00e1n<\/a><a href=\"https:\/\/www.facebook.com\/hashtag\/boissou?__eep__=6&amp;__cft__[0]=AZallFEmqfc5x05XqppZjdXB22jwvBQeQ4hOKOe-SkD8Id7CvzPXts9sJQUDq9BEsVDB_qBhlnHvraxMi7qjjpjewqk9VDQTh-MD9A_q8I0o2vwIV4cyOdv7d6oDdMZ1PrwTJfrJa-wH94WWQKBp-sTG&amp;__tn__=*NK-R\">#Boissou<\/a> que deseaba que <a href=\"https:\/\/www.facebook.com\/hashtag\/yo?__eep__=6&amp;__cft__[0]=AZallFEmqfc5x05XqppZjdXB22jwvBQeQ4hOKOe-SkD8Id7CvzPXts9sJQUDq9BEsVDB_qBhlnHvraxMi7qjjpjewqk9VDQTh-MD9A_q8I0o2vwIV4cyOdv7d6oDdMZ1PrwTJfrJa-wH94WWQKBp-sTG&amp;__tn__=*NK-R\">#Yo<\/a> transmitiera f\u00fatbol en el equipo del uruguayo, devenido en argentino.<\/p>\n\n\n\n<p>El colega escuch\u00f3 mis grabaciones y un d\u00eda conversamos largamente en el subsuelo de una peluquer\u00eda en <a href=\"https:\/\/www.facebook.com\/hashtag\/caba?__eep__=6&amp;__cft__[0]=AZallFEmqfc5x05XqppZjdXB22jwvBQeQ4hOKOe-SkD8Id7CvzPXts9sJQUDq9BEsVDB_qBhlnHvraxMi7qjjpjewqk9VDQTh-MD9A_q8I0o2vwIV4cyOdv7d6oDdMZ1PrwTJfrJa-wH94WWQKBp-sTG&amp;__tn__=*NK-R\">#CABA<\/a>, que utilizaba como sus oficinas. Se disculp\u00f3 por no poder atender la demanda de <a href=\"https:\/\/www.facebook.com\/hashtag\/adri%C3%A1n?__eep__=6&amp;__cft__[0]=AZallFEmqfc5x05XqppZjdXB22jwvBQeQ4hOKOe-SkD8Id7CvzPXts9sJQUDq9BEsVDB_qBhlnHvraxMi7qjjpjewqk9VDQTh-MD9A_q8I0o2vwIV4cyOdv7d6oDdMZ1PrwTJfrJa-wH94WWQKBp-sTG&amp;__tn__=*NK-R\">#Adri\u00e1n<\/a>, porque YO era muy bueno relatando, no pudiendo desplazar a otros, para colocarme como su posible reemplazante.<\/p>\n\n\n\n<p>El nativo de <a href=\"https:\/\/www.facebook.com\/hashtag\/uruguay?__eep__=6&amp;__cft__[0]=AZallFEmqfc5x05XqppZjdXB22jwvBQeQ4hOKOe-SkD8Id7CvzPXts9sJQUDq9BEsVDB_qBhlnHvraxMi7qjjpjewqk9VDQTh-MD9A_q8I0o2vwIV4cyOdv7d6oDdMZ1PrwTJfrJa-wH94WWQKBp-sTG&amp;__tn__=*NK-R\">#Uruguay<\/a>, quiz\u00e1 el mejor relator de f\u00fatbol de la historia en la radiofon\u00eda latinoamericana, para evitar pisar en falso con su Amigo de <a href=\"https:\/\/www.facebook.com\/hashtag\/trenquelauquen?__eep__=6&amp;__cft__[0]=AZallFEmqfc5x05XqppZjdXB22jwvBQeQ4hOKOe-SkD8Id7CvzPXts9sJQUDq9BEsVDB_qBhlnHvraxMi7qjjpjewqk9VDQTh-MD9A_q8I0o2vwIV4cyOdv7d6oDdMZ1PrwTJfrJa-wH94WWQKBp-sTG&amp;__tn__=*NK-R\">#TrenqueLauquen<\/a>, tom\u00f3 el tel\u00e9fono y lo llam\u00f3 a <a href=\"https:\/\/www.facebook.com\/hashtag\/marcelo?__eep__=6&amp;__cft__[0]=AZallFEmqfc5x05XqppZjdXB22jwvBQeQ4hOKOe-SkD8Id7CvzPXts9sJQUDq9BEsVDB_qBhlnHvraxMi7qjjpjewqk9VDQTh-MD9A_q8I0o2vwIV4cyOdv7d6oDdMZ1PrwTJfrJa-wH94WWQKBp-sTG&amp;__tn__=*NK-R\">#Marcelo<\/a><a href=\"https:\/\/www.facebook.com\/hashtag\/araujo?__eep__=6&amp;__cft__[0]=AZallFEmqfc5x05XqppZjdXB22jwvBQeQ4hOKOe-SkD8Id7CvzPXts9sJQUDq9BEsVDB_qBhlnHvraxMi7qjjpjewqk9VDQTh-MD9A_q8I0o2vwIV4cyOdv7d6oDdMZ1PrwTJfrJa-wH94WWQKBp-sTG&amp;__tn__=*NK-R\">#Araujo<\/a>. El hoy fallecido, era relator de @RadioDelPlata. junto con @fernandoniembro, en los comentarios.<\/p>\n\n\n\n<p>Ambos me recibieron en un edificio colonial de Avenida Santa Fe, donde funcionaba la emisora, de la que era due\u00f1o un conocido empresario del sector agropecuario, cuyo hijo vivi\u00f3 luego en <a href=\"https:\/\/www.facebook.com\/hashtag\/trenquelauquen?__eep__=6&amp;__cft__[0]=AZallFEmqfc5x05XqppZjdXB22jwvBQeQ4hOKOe-SkD8Id7CvzPXts9sJQUDq9BEsVDB_qBhlnHvraxMi7qjjpjewqk9VDQTh-MD9A_q8I0o2vwIV4cyOdv7d6oDdMZ1PrwTJfrJa-wH94WWQKBp-sTG&amp;__tn__=*NK-R\">#TrenqueLauquen<\/a>. <a href=\"https:\/\/www.facebook.com\/hashtag\/araujo?__eep__=6&amp;__cft__[0]=AZallFEmqfc5x05XqppZjdXB22jwvBQeQ4hOKOe-SkD8Id7CvzPXts9sJQUDq9BEsVDB_qBhlnHvraxMi7qjjpjewqk9VDQTh-MD9A_q8I0o2vwIV4cyOdv7d6oDdMZ1PrwTJfrJa-wH94WWQKBp-sTG&amp;__tn__=*NK-R\">#Araujo<\/a> Tuvo la deferencia de escuchar tramos de la grabaci\u00f3n que llevaba en cassette. Sin emitir muchas consideraciones, me dijo que en su equipo no hab\u00eda lugar.<\/p>\n\n\n\n<p>Camin\u00e9 &#8211; luego &#8211; largo rato por la avenida Santa Fe con destino a Retiro, con la imagen inolvidable de @VHMok, atento, cordial, generoso, agradable, y la adusta de <a href=\"https:\/\/www.facebook.com\/hashtag\/marcelo?__eep__=6&amp;__cft__[0]=AZallFEmqfc5x05XqppZjdXB22jwvBQeQ4hOKOe-SkD8Id7CvzPXts9sJQUDq9BEsVDB_qBhlnHvraxMi7qjjpjewqk9VDQTh-MD9A_q8I0o2vwIV4cyOdv7d6oDdMZ1PrwTJfrJa-wH94WWQKBp-sTG&amp;__tn__=*NK-R\">#Marcelo<\/a><a href=\"https:\/\/www.facebook.com\/hashtag\/araujo?__eep__=6&amp;__cft__[0]=AZallFEmqfc5x05XqppZjdXB22jwvBQeQ4hOKOe-SkD8Id7CvzPXts9sJQUDq9BEsVDB_qBhlnHvraxMi7qjjpjewqk9VDQTh-MD9A_q8I0o2vwIV4cyOdv7d6oDdMZ1PrwTJfrJa-wH94WWQKBp-sTG&amp;__tn__=*NK-R\">#Araujo<\/a>, escaso de diplomacia y amabilidad, y del irritante de @fernandoniembro. Pareci\u00f3 ser irrespetuoso si le comentaba que como relator de f\u00fatbol en televisi\u00f3n siempre me gust\u00f3 mucho m\u00e1s, #Mauro #Viale.<\/p>\n\n\n\n<p>Antes de subir al \u00f3mnibus que me llev\u00f3 a <a href=\"https:\/\/www.facebook.com\/hashtag\/trenquelauquen?__eep__=6&amp;__cft__[0]=AZallFEmqfc5x05XqppZjdXB22jwvBQeQ4hOKOe-SkD8Id7CvzPXts9sJQUDq9BEsVDB_qBhlnHvraxMi7qjjpjewqk9VDQTh-MD9A_q8I0o2vwIV4cyOdv7d6oDdMZ1PrwTJfrJa-wH94WWQKBp-sTG&amp;__tn__=*NK-R\">#TrenqueLauquen<\/a>, tom\u00e9 la decisi\u00f3n despu\u00e9s de haber hablado con <a href=\"https:\/\/www.facebook.com\/hashtag\/araujo?__eep__=6&amp;__cft__[0]=AZallFEmqfc5x05XqppZjdXB22jwvBQeQ4hOKOe-SkD8Id7CvzPXts9sJQUDq9BEsVDB_qBhlnHvraxMi7qjjpjewqk9VDQTh-MD9A_q8I0o2vwIV4cyOdv7d6oDdMZ1PrwTJfrJa-wH94WWQKBp-sTG&amp;__tn__=*NK-R\">#Araujo<\/a> y <a href=\"https:\/\/www.facebook.com\/hashtag\/niembro?__eep__=6&amp;__cft__[0]=AZallFEmqfc5x05XqppZjdXB22jwvBQeQ4hOKOe-SkD8Id7CvzPXts9sJQUDq9BEsVDB_qBhlnHvraxMi7qjjpjewqk9VDQTh-MD9A_q8I0o2vwIV4cyOdv7d6oDdMZ1PrwTJfrJa-wH94WWQKBp-sTG&amp;__tn__=*NK-R\">#Niembro<\/a>. <\/p>\n\n\n\n<p>\u00abNo transmit\u00ed m\u00e1s y enfoque el camino period\u00edstico hacia otras \u00e1reas que derivaron en lo privado e institucional\u00bb.<\/p>\n\n\n\n<p>Corr\u00eda el a\u00f1o 1987.<\/p>\n\n\n\n<p>Lo quer\u00eda comentar y lo he hecho.<\/p>\n\n\n\n<figure class=\"wp-block-image size-full\"><img loading=\"lazy\" decoding=\"async\" width=\"900\" height=\"506\" src=\"https:\/\/infoecos.com.ar\/wp-content\/uploads\/2026\/03\/image-134.png\" alt=\"\" class=\"wp-image-155089\" srcset=\"https:\/\/infoecos.com.ar\/wp-content\/uploads\/2026\/03\/image-134.png 900w, https:\/\/infoecos.com.ar\/wp-content\/uploads\/2026\/03\/image-134-800x450.png 800w, https:\/\/infoecos.com.ar\/wp-content\/uploads\/2026\/03\/image-134-768x432.png 768w\" sizes=\"(max-width: 900px) 100vw, 900px\" \/><\/figure>\n","protected":false},"excerpt":{"rendered":"<p>Parafraseando a Favio: \u00abeste periodista no miente cuando escribe\u00bb. Conoc\u00ed a Marcelo Araujo, por recomendaci\u00f3n de V\u00edctor Hugo Morales. (@VHMok)<\/p>\n","protected":false},"author":2,"featured_media":155089,"comment_status":"closed","ping_status":"open","sticky":false,"template":"","format":"standard","meta":{"footnotes":""},"categories":[1],"tags":[10298,1500],"class_list":["post-155088","post","type-post","status-publish","format-standard","has-post-thumbnail","hentry","category-sin-categoria","tag-bloque-inferior","tag-regional"],"yoast_head":"<!-- This site is optimized with the Yoast SEO plugin v23.4 - https:\/\/yoast.com\/wordpress\/plugins\/seo\/ -->\n<title>Opini\u00f3n: Conoc\u00ed a Marcelo Araujo, por recomendaci\u00f3n de V\u00edctor Hugo Morales - Infoecos<\/title>\n<meta name=\"robots\" content=\"index, follow, max-snippet:-1, max-image-preview:large, max-video-preview:-1\" \/>\n<link rel=\"canonical\" href=\"https:\/\/infoecos.com.ar\/index.php\/opinion-conoci-a-marcelo-araujo-por-recomendacion-de-victor-hugo-morales\/\" \/>\n<meta property=\"og:locale\" content=\"es_ES\" \/>\n<meta property=\"og:type\" content=\"article\" \/>\n<meta property=\"og:title\" content=\"Opini\u00f3n: Conoc\u00ed a Marcelo Araujo, por recomendaci\u00f3n de V\u00edctor Hugo Morales - Infoecos\" \/>\n<meta property=\"og:description\" content=\"Parafraseando a Favio: &quot;este periodista no miente cuando escribe&quot;. Conoc\u00ed a Marcelo Araujo, por recomendaci\u00f3n de V\u00edctor Hugo Morales. (@VHMok)\" \/>\n<meta property=\"og:url\" content=\"https:\/\/infoecos.com.ar\/index.php\/opinion-conoci-a-marcelo-araujo-por-recomendacion-de-victor-hugo-morales\/\" \/>\n<meta property=\"og:site_name\" content=\"Infoecos\" \/>\n<meta property=\"article:publisher\" content=\"https:\/\/www.facebook.com\/profile.php?id=100063200290284\" \/>\n<meta property=\"article:published_time\" content=\"2026-03-17T01:01:39+00:00\" \/>\n<meta property=\"article:modified_time\" content=\"2026-03-17T01:03:24+00:00\" \/>\n<meta property=\"og:image\" content=\"https:\/\/infoecos.com.ar\/wp-content\/uploads\/2026\/03\/image-134.png\" \/>\n\t<meta property=\"og:image:width\" content=\"900\" \/>\n\t<meta property=\"og:image:height\" content=\"506\" \/>\n\t<meta property=\"og:image:type\" content=\"image\/png\" \/>\n<meta name=\"author\" content=\"Jorge Matheus\" \/>\n<meta name=\"twitter:card\" content=\"summary_large_image\" \/>\n<meta name=\"twitter:creator\" content=\"@infoecos\" \/>\n<meta name=\"twitter:site\" content=\"@infoecos\" \/>\n<meta name=\"twitter:label1\" content=\"Escrito por\" \/>\n\t<meta name=\"twitter:data1\" content=\"Jorge Matheus\" \/>\n\t<meta name=\"twitter:label2\" content=\"Tiempo de lectura\" \/>\n\t<meta name=\"twitter:data2\" content=\"2 minutos\" \/>\n<script type=\"application\/ld+json\" class=\"yoast-schema-graph\">{\"@context\":\"https:\/\/schema.org\",\"@graph\":[{\"@type\":\"Article\",\"@id\":\"https:\/\/infoecos.com.ar\/index.php\/opinion-conoci-a-marcelo-araujo-por-recomendacion-de-victor-hugo-morales\/#article\",\"isPartOf\":{\"@id\":\"https:\/\/infoecos.com.ar\/index.php\/opinion-conoci-a-marcelo-araujo-por-recomendacion-de-victor-hugo-morales\/\"},\"author\":{\"name\":\"Jorge Matheus\",\"@id\":\"https:\/\/infoecos.com.ar\/#\/schema\/person\/8f5ace5ce73b4b4aac4b7245aee6f191\"},\"headline\":\"Opini\u00f3n: Conoc\u00ed a Marcelo Araujo, por recomendaci\u00f3n de V\u00edctor Hugo Morales\",\"datePublished\":\"2026-03-17T01:01:39+00:00\",\"dateModified\":\"2026-03-17T01:03:24+00:00\",\"mainEntityOfPage\":{\"@id\":\"https:\/\/infoecos.com.ar\/index.php\/opinion-conoci-a-marcelo-araujo-por-recomendacion-de-victor-hugo-morales\/\"},\"wordCount\":388,\"publisher\":{\"@id\":\"https:\/\/infoecos.com.ar\/#organization\"},\"image\":{\"@id\":\"https:\/\/infoecos.com.ar\/index.php\/opinion-conoci-a-marcelo-araujo-por-recomendacion-de-victor-hugo-morales\/#primaryimage\"},\"thumbnailUrl\":\"https:\/\/infoecos.com.ar\/wp-content\/uploads\/2026\/03\/image-134.png\",\"keywords\":[\"Bloque inferior\",\"REGIONAL\"],\"inLanguage\":\"es\"},{\"@type\":\"WebPage\",\"@id\":\"https:\/\/infoecos.com.ar\/index.php\/opinion-conoci-a-marcelo-araujo-por-recomendacion-de-victor-hugo-morales\/\",\"url\":\"https:\/\/infoecos.com.ar\/index.php\/opinion-conoci-a-marcelo-araujo-por-recomendacion-de-victor-hugo-morales\/\",\"name\":\"Opini\u00f3n: Conoc\u00ed a Marcelo Araujo, por recomendaci\u00f3n de V\u00edctor Hugo Morales - Infoecos\",\"isPartOf\":{\"@id\":\"https:\/\/infoecos.com.ar\/#website\"},\"primaryImageOfPage\":{\"@id\":\"https:\/\/infoecos.com.ar\/index.php\/opinion-conoci-a-marcelo-araujo-por-recomendacion-de-victor-hugo-morales\/#primaryimage\"},\"image\":{\"@id\":\"https:\/\/infoecos.com.ar\/index.php\/opinion-conoci-a-marcelo-araujo-por-recomendacion-de-victor-hugo-morales\/#primaryimage\"},\"thumbnailUrl\":\"https:\/\/infoecos.com.ar\/wp-content\/uploads\/2026\/03\/image-134.png\",\"datePublished\":\"2026-03-17T01:01:39+00:00\",\"dateModified\":\"2026-03-17T01:03:24+00:00\",\"breadcrumb\":{\"@id\":\"https:\/\/infoecos.com.ar\/index.php\/opinion-conoci-a-marcelo-araujo-por-recomendacion-de-victor-hugo-morales\/#breadcrumb\"},\"inLanguage\":\"es\",\"potentialAction\":[{\"@type\":\"ReadAction\",\"target\":[\"https:\/\/infoecos.com.ar\/index.php\/opinion-conoci-a-marcelo-araujo-por-recomendacion-de-victor-hugo-morales\/\"]}]},{\"@type\":\"ImageObject\",\"inLanguage\":\"es\",\"@id\":\"https:\/\/infoecos.com.ar\/index.php\/opinion-conoci-a-marcelo-araujo-por-recomendacion-de-victor-hugo-morales\/#primaryimage\",\"url\":\"https:\/\/infoecos.com.ar\/wp-content\/uploads\/2026\/03\/image-134.png\",\"contentUrl\":\"https:\/\/infoecos.com.ar\/wp-content\/uploads\/2026\/03\/image-134.png\",\"width\":900,\"height\":506},{\"@type\":\"BreadcrumbList\",\"@id\":\"https:\/\/infoecos.com.ar\/index.php\/opinion-conoci-a-marcelo-araujo-por-recomendacion-de-victor-hugo-morales\/#breadcrumb\",\"itemListElement\":[{\"@type\":\"ListItem\",\"position\":1,\"name\":\"Portada\",\"item\":\"https:\/\/infoecos.com.ar\/\"},{\"@type\":\"ListItem\",\"position\":2,\"name\":\"Opini\u00f3n: Conoc\u00ed a Marcelo Araujo, por recomendaci\u00f3n de V\u00edctor Hugo Morales\"}]},{\"@type\":\"WebSite\",\"@id\":\"https:\/\/infoecos.com.ar\/#website\",\"url\":\"https:\/\/infoecos.com.ar\/\",\"name\":\"Infoecos\",\"description\":\"Noticias de trenque lauquen y la zona\",\"publisher\":{\"@id\":\"https:\/\/infoecos.com.ar\/#organization\"},\"alternateName\":\"Noticias\",\"potentialAction\":[{\"@type\":\"SearchAction\",\"target\":{\"@type\":\"EntryPoint\",\"urlTemplate\":\"https:\/\/infoecos.com.ar\/?s={search_term_string}\"},\"query-input\":{\"@type\":\"PropertyValueSpecification\",\"valueRequired\":true,\"valueName\":\"search_term_string\"}}],\"inLanguage\":\"es\"},{\"@type\":\"Organization\",\"@id\":\"https:\/\/infoecos.com.ar\/#organization\",\"name\":\"Infoecos\",\"alternateName\":\"Noticias\",\"url\":\"https:\/\/infoecos.com.ar\/\",\"logo\":{\"@type\":\"ImageObject\",\"inLanguage\":\"es\",\"@id\":\"https:\/\/infoecos.com.ar\/#\/schema\/logo\/image\/\",\"url\":\"https:\/\/infoecos.com.ar\/wp-content\/uploads\/2024\/03\/cropped-logo.png\",\"contentUrl\":\"https:\/\/infoecos.com.ar\/wp-content\/uploads\/2024\/03\/cropped-logo.png\",\"width\":374,\"height\":90,\"caption\":\"Infoecos\"},\"image\":{\"@id\":\"https:\/\/infoecos.com.ar\/#\/schema\/logo\/image\/\"},\"sameAs\":[\"https:\/\/www.facebook.com\/profile.php?id=100063200290284\",\"https:\/\/x.com\/infoecos\"]},{\"@type\":\"Person\",\"@id\":\"https:\/\/infoecos.com.ar\/#\/schema\/person\/8f5ace5ce73b4b4aac4b7245aee6f191\",\"name\":\"Jorge Matheus\",\"url\":\"https:\/\/infoecos.com.ar\/index.php\/author\/jomatheus\/\"}]}<\/script>\n<!-- \/ Yoast SEO plugin. -->","yoast_head_json":{"title":"Opini\u00f3n: Conoc\u00ed a Marcelo Araujo, por recomendaci\u00f3n de V\u00edctor Hugo Morales - Infoecos","robots":{"index":"index","follow":"follow","max-snippet":"max-snippet:-1","max-image-preview":"max-image-preview:large","max-video-preview":"max-video-preview:-1"},"canonical":"https:\/\/infoecos.com.ar\/index.php\/opinion-conoci-a-marcelo-araujo-por-recomendacion-de-victor-hugo-morales\/","og_locale":"es_ES","og_type":"article","og_title":"Opini\u00f3n: Conoc\u00ed a Marcelo Araujo, por recomendaci\u00f3n de V\u00edctor Hugo Morales - Infoecos","og_description":"Parafraseando a Favio: \"este periodista no miente cuando escribe\". Conoc\u00ed a Marcelo Araujo, por recomendaci\u00f3n de V\u00edctor Hugo Morales. (@VHMok)","og_url":"https:\/\/infoecos.com.ar\/index.php\/opinion-conoci-a-marcelo-araujo-por-recomendacion-de-victor-hugo-morales\/","og_site_name":"Infoecos","article_publisher":"https:\/\/www.facebook.com\/profile.php?id=100063200290284","article_published_time":"2026-03-17T01:01:39+00:00","article_modified_time":"2026-03-17T01:03:24+00:00","og_image":[{"width":900,"height":506,"url":"https:\/\/infoecos.com.ar\/wp-content\/uploads\/2026\/03\/image-134.png","type":"image\/png"}],"author":"Jorge Matheus","twitter_card":"summary_large_image","twitter_creator":"@infoecos","twitter_site":"@infoecos","twitter_misc":{"Escrito por":"Jorge Matheus","Tiempo de lectura":"2 minutos"},"schema":{"@context":"https:\/\/schema.org","@graph":[{"@type":"Article","@id":"https:\/\/infoecos.com.ar\/index.php\/opinion-conoci-a-marcelo-araujo-por-recomendacion-de-victor-hugo-morales\/#article","isPartOf":{"@id":"https:\/\/infoecos.com.ar\/index.php\/opinion-conoci-a-marcelo-araujo-por-recomendacion-de-victor-hugo-morales\/"},"author":{"name":"Jorge Matheus","@id":"https:\/\/infoecos.com.ar\/#\/schema\/person\/8f5ace5ce73b4b4aac4b7245aee6f191"},"headline":"Opini\u00f3n: Conoc\u00ed a Marcelo Araujo, por recomendaci\u00f3n de V\u00edctor Hugo Morales","datePublished":"2026-03-17T01:01:39+00:00","dateModified":"2026-03-17T01:03:24+00:00","mainEntityOfPage":{"@id":"https:\/\/infoecos.com.ar\/index.php\/opinion-conoci-a-marcelo-araujo-por-recomendacion-de-victor-hugo-morales\/"},"wordCount":388,"publisher":{"@id":"https:\/\/infoecos.com.ar\/#organization"},"image":{"@id":"https:\/\/infoecos.com.ar\/index.php\/opinion-conoci-a-marcelo-araujo-por-recomendacion-de-victor-hugo-morales\/#primaryimage"},"thumbnailUrl":"https:\/\/infoecos.com.ar\/wp-content\/uploads\/2026\/03\/image-134.png","keywords":["Bloque inferior","REGIONAL"],"inLanguage":"es"},{"@type":"WebPage","@id":"https:\/\/infoecos.com.ar\/index.php\/opinion-conoci-a-marcelo-araujo-por-recomendacion-de-victor-hugo-morales\/","url":"https:\/\/infoecos.com.ar\/index.php\/opinion-conoci-a-marcelo-araujo-por-recomendacion-de-victor-hugo-morales\/","name":"Opini\u00f3n: Conoc\u00ed a Marcelo Araujo, por recomendaci\u00f3n de V\u00edctor Hugo Morales - Infoecos","isPartOf":{"@id":"https:\/\/infoecos.com.ar\/#website"},"primaryImageOfPage":{"@id":"https:\/\/infoecos.com.ar\/index.php\/opinion-conoci-a-marcelo-araujo-por-recomendacion-de-victor-hugo-morales\/#primaryimage"},"image":{"@id":"https:\/\/infoecos.com.ar\/index.php\/opinion-conoci-a-marcelo-araujo-por-recomendacion-de-victor-hugo-morales\/#primaryimage"},"thumbnailUrl":"https:\/\/infoecos.com.ar\/wp-content\/uploads\/2026\/03\/image-134.png","datePublished":"2026-03-17T01:01:39+00:00","dateModified":"2026-03-17T01:03:24+00:00","breadcrumb":{"@id":"https:\/\/infoecos.com.ar\/index.php\/opinion-conoci-a-marcelo-araujo-por-recomendacion-de-victor-hugo-morales\/#breadcrumb"},"inLanguage":"es","potentialAction":[{"@type":"ReadAction","target":["https:\/\/infoecos.com.ar\/index.php\/opinion-conoci-a-marcelo-araujo-por-recomendacion-de-victor-hugo-morales\/"]}]},{"@type":"ImageObject","inLanguage":"es","@id":"https:\/\/infoecos.com.ar\/index.php\/opinion-conoci-a-marcelo-araujo-por-recomendacion-de-victor-hugo-morales\/#primaryimage","url":"https:\/\/infoecos.com.ar\/wp-content\/uploads\/2026\/03\/image-134.png","contentUrl":"https:\/\/infoecos.com.ar\/wp-content\/uploads\/2026\/03\/image-134.png","width":900,"height":506},{"@type":"BreadcrumbList","@id":"https:\/\/infoecos.com.ar\/index.php\/opinion-conoci-a-marcelo-araujo-por-recomendacion-de-victor-hugo-morales\/#breadcrumb","itemListElement":[{"@type":"ListItem","position":1,"name":"Portada","item":"https:\/\/infoecos.com.ar\/"},{"@type":"ListItem","position":2,"name":"Opini\u00f3n: Conoc\u00ed a Marcelo Araujo, por recomendaci\u00f3n de V\u00edctor Hugo Morales"}]},{"@type":"WebSite","@id":"https:\/\/infoecos.com.ar\/#website","url":"https:\/\/infoecos.com.ar\/","name":"Infoecos","description":"Noticias de trenque lauquen y la zona","publisher":{"@id":"https:\/\/infoecos.com.ar\/#organization"},"alternateName":"Noticias","potentialAction":[{"@type":"SearchAction","target":{"@type":"EntryPoint","urlTemplate":"https:\/\/infoecos.com.ar\/?s={search_term_string}"},"query-input":{"@type":"PropertyValueSpecification","valueRequired":true,"valueName":"search_term_string"}}],"inLanguage":"es"},{"@type":"Organization","@id":"https:\/\/infoecos.com.ar\/#organization","name":"Infoecos","alternateName":"Noticias","url":"https:\/\/infoecos.com.ar\/","logo":{"@type":"ImageObject","inLanguage":"es","@id":"https:\/\/infoecos.com.ar\/#\/schema\/logo\/image\/","url":"https:\/\/infoecos.com.ar\/wp-content\/uploads\/2024\/03\/cropped-logo.png","contentUrl":"https:\/\/infoecos.com.ar\/wp-content\/uploads\/2024\/03\/cropped-logo.png","width":374,"height":90,"caption":"Infoecos"},"image":{"@id":"https:\/\/infoecos.com.ar\/#\/schema\/logo\/image\/"},"sameAs":["https:\/\/www.facebook.com\/profile.php?id=100063200290284","https:\/\/x.com\/infoecos"]},{"@type":"Person","@id":"https:\/\/infoecos.com.ar\/#\/schema\/person\/8f5ace5ce73b4b4aac4b7245aee6f191","name":"Jorge Matheus","url":"https:\/\/infoecos.com.ar\/index.php\/author\/jomatheus\/"}]}},"featured_image_urls":{"full":["https:\/\/infoecos.com.ar\/wp-content\/uploads\/2026\/03\/image-134.png",900,506,false],"thumbnail":["https:\/\/infoecos.com.ar\/wp-content\/uploads\/2026\/03\/image-134-300x150.png",300,150,true],"medium":["https:\/\/infoecos.com.ar\/wp-content\/uploads\/2026\/03\/image-134-800x450.png",800,450,true],"medium_large":["https:\/\/infoecos.com.ar\/wp-content\/uploads\/2026\/03\/image-134-768x432.png",640,360,true],"large":["https:\/\/infoecos.com.ar\/wp-content\/uploads\/2026\/03\/image-134.png",640,360,false],"1536x1536":["https:\/\/infoecos.com.ar\/wp-content\/uploads\/2026\/03\/image-134.png",900,506,false],"2048x2048":["https:\/\/infoecos.com.ar\/wp-content\/uploads\/2026\/03\/image-134.png",900,506,false],"covernews-slider-full":["https:\/\/infoecos.com.ar\/wp-content\/uploads\/2026\/03\/image-134.png",900,506,false],"covernews-slider-center":["https:\/\/infoecos.com.ar\/wp-content\/uploads\/2026\/03\/image-134-800x500.png",800,500,true],"covernews-featured":["https:\/\/infoecos.com.ar\/wp-content\/uploads\/2026\/03\/image-134.png",900,506,false],"covernews-medium":["https:\/\/infoecos.com.ar\/wp-content\/uploads\/2026\/03\/image-134-540x340.png",540,340,true],"covernews-medium-square":["https:\/\/infoecos.com.ar\/wp-content\/uploads\/2026\/03\/image-134-400x250.png",400,250,true]},"author_info":{"info":["Jorge Matheus"]},"category_info":"<a href=\"https:\/\/infoecos.com.ar\/index.php\/category\/sin-categoria\/\" rel=\"category tag\">Sin categor\u00eda<\/a>","tag_info":"Sin categor\u00eda","comment_count":"0","_links":{"self":[{"href":"https:\/\/infoecos.com.ar\/index.php\/wp-json\/wp\/v2\/posts\/155088"}],"collection":[{"href":"https:\/\/infoecos.com.ar\/index.php\/wp-json\/wp\/v2\/posts"}],"about":[{"href":"https:\/\/infoecos.com.ar\/index.php\/wp-json\/wp\/v2\/types\/post"}],"author":[{"embeddable":true,"href":"https:\/\/infoecos.com.ar\/index.php\/wp-json\/wp\/v2\/users\/2"}],"replies":[{"embeddable":true,"href":"https:\/\/infoecos.com.ar\/index.php\/wp-json\/wp\/v2\/comments?post=155088"}],"version-history":[{"count":1,"href":"https:\/\/infoecos.com.ar\/index.php\/wp-json\/wp\/v2\/posts\/155088\/revisions"}],"predecessor-version":[{"id":155090,"href":"https:\/\/infoecos.com.ar\/index.php\/wp-json\/wp\/v2\/posts\/155088\/revisions\/155090"}],"wp:featuredmedia":[{"embeddable":true,"href":"https:\/\/infoecos.com.ar\/index.php\/wp-json\/wp\/v2\/media\/155089"}],"wp:attachment":[{"href":"https:\/\/infoecos.com.ar\/index.php\/wp-json\/wp\/v2\/media?parent=155088"}],"wp:term":[{"taxonomy":"category","embeddable":true,"href":"https:\/\/infoecos.com.ar\/index.php\/wp-json\/wp\/v2\/categories?post=155088"},{"taxonomy":"post_tag","embeddable":true,"href":"https:\/\/infoecos.com.ar\/index.php\/wp-json\/wp\/v2\/tags?post=155088"}],"curies":[{"name":"wp","href":"https:\/\/api.w.org\/{rel}","templated":true}]}}