{"id":155135,"date":"2026-03-17T21:54:32","date_gmt":"2026-03-18T00:54:32","guid":{"rendered":"https:\/\/infoecos.com.ar\/?p=155135"},"modified":"2026-03-17T21:54:32","modified_gmt":"2026-03-18T00:54:32","slug":"liberales-las-pelotas-el-gobierno-nacional-fijo-un-limite-del-2-mensuales-para-los-aumentos-mensuales","status":"publish","type":"post","link":"https:\/\/infoecos.com.ar\/index.php\/liberales-las-pelotas-el-gobierno-nacional-fijo-un-limite-del-2-mensuales-para-los-aumentos-mensuales\/","title":{"rendered":"Liberales ?: las \u00abpelotas\u00bb. El Gobierno Nacional fij\u00f3 un l\u00edmite del 2% mensuales para los aumentos mensuales"},"content":{"rendered":"\n<p>El Gobierno nacional fij\u00f3 un l\u00edmite del 2% mensual para los aumentos salariales y avis\u00f3, en reserva, a los gremios y las c\u00e1maras patronales que no homologar\u00e1 acuerdos que superen ese porcentaje. <\/p>\n\n\n\n<p><strong>Reacci\u00f3n sindical<\/strong> <\/p>\n\n\n\n<p>La decisi\u00f3n se conoce tras una inflaci\u00f3n de febrero del 2,9% y con varios gremios en plena negociaci\u00f3n. Camioneros, de Hugo Moyano, acept\u00f3 subas por debajo de ese nivel y se convirti\u00f3 en referencia, mientras otros sindicatos ajustan sus reclamos ante la presi\u00f3n oficial.<\/p>\n","protected":false},"excerpt":{"rendered":"<p>La decisi\u00f3n se conoce tras una inflaci\u00f3n de febrero del 2,9% y con varios gremios en plena negociaci\u00f3n. Camioneros, de Hugo Moyano, acept\u00f3 subas por debajo de ese nivel <\/p>\n","protected":false},"author":2,"featured_media":116222,"comment_status":"closed","ping_status":"open","sticky":false,"template":"","format":"standard","meta":{"footnotes":""},"categories":[1],"tags":[10290,155],"class_list":["post-155135","post","type-post","status-publish","format-standard","has-post-thumbnail","hentry","category-sin-categoria","tag-entretenimiento","tag-politica"],"yoast_head":"<!-- This site is optimized with the Yoast SEO plugin v23.4 - https:\/\/yoast.com\/wordpress\/plugins\/seo\/ -->\n<title>Liberales ?: las &quot;pelotas&quot;. El Gobierno Nacional fij\u00f3 un l\u00edmite del 2% mensuales para los aumentos mensuales - Infoecos<\/title>\n<meta name=\"robots\" content=\"index, follow, max-snippet:-1, max-image-preview:large, max-video-preview:-1\" \/>\n<link rel=\"canonical\" href=\"https:\/\/infoecos.com.ar\/index.php\/liberales-las-pelotas-el-gobierno-nacional-fijo-un-limite-del-2-mensuales-para-los-aumentos-mensuales\/\" \/>\n<meta property=\"og:locale\" content=\"es_ES\" \/>\n<meta property=\"og:type\" content=\"article\" \/>\n<meta property=\"og:title\" content=\"Liberales ?: las &quot;pelotas&quot;. El Gobierno Nacional fij\u00f3 un l\u00edmite del 2% mensuales para los aumentos mensuales - Infoecos\" \/>\n<meta property=\"og:description\" content=\"La decisi\u00f3n se conoce tras una inflaci\u00f3n de febrero del 2,9% y con varios gremios en plena negociaci\u00f3n. Camioneros, de Hugo Moyano, acept\u00f3 subas por debajo de ese nivel\" \/>\n<meta property=\"og:url\" content=\"https:\/\/infoecos.com.ar\/index.php\/liberales-las-pelotas-el-gobierno-nacional-fijo-un-limite-del-2-mensuales-para-los-aumentos-mensuales\/\" \/>\n<meta property=\"og:site_name\" content=\"Infoecos\" \/>\n<meta property=\"article:publisher\" content=\"https:\/\/www.facebook.com\/profile.php?id=100063200290284\" \/>\n<meta property=\"article:published_time\" content=\"2026-03-18T00:54:32+00:00\" \/>\n<meta property=\"og:image\" content=\"https:\/\/infoecos.com.ar\/wp-content\/uploads\/2023\/12\/image-65.png\" \/>\n\t<meta property=\"og:image:width\" content=\"1256\" \/>\n\t<meta property=\"og:image:height\" content=\"620\" \/>\n\t<meta property=\"og:image:type\" content=\"image\/png\" \/>\n<meta name=\"author\" content=\"Jorge Matheus\" \/>\n<meta name=\"twitter:card\" content=\"summary_large_image\" \/>\n<meta name=\"twitter:creator\" content=\"@infoecos\" \/>\n<meta name=\"twitter:site\" content=\"@infoecos\" \/>\n<meta name=\"twitter:label1\" content=\"Escrito por\" \/>\n\t<meta name=\"twitter:data1\" content=\"Jorge Matheus\" \/>\n\t<meta name=\"twitter:label2\" content=\"Tiempo de lectura\" \/>\n\t<meta name=\"twitter:data2\" content=\"1 minuto\" \/>\n<script type=\"application\/ld+json\" class=\"yoast-schema-graph\">{\"@context\":\"https:\/\/schema.org\",\"@graph\":[{\"@type\":\"Article\",\"@id\":\"https:\/\/infoecos.com.ar\/index.php\/liberales-las-pelotas-el-gobierno-nacional-fijo-un-limite-del-2-mensuales-para-los-aumentos-mensuales\/#article\",\"isPartOf\":{\"@id\":\"https:\/\/infoecos.com.ar\/index.php\/liberales-las-pelotas-el-gobierno-nacional-fijo-un-limite-del-2-mensuales-para-los-aumentos-mensuales\/\"},\"author\":{\"name\":\"Jorge Matheus\",\"@id\":\"https:\/\/infoecos.com.ar\/#\/schema\/person\/8f5ace5ce73b4b4aac4b7245aee6f191\"},\"headline\":\"Liberales ?: las \u00abpelotas\u00bb. El Gobierno Nacional fij\u00f3 un l\u00edmite del 2% mensuales para los aumentos mensuales\",\"datePublished\":\"2026-03-18T00:54:32+00:00\",\"dateModified\":\"2026-03-18T00:54:32+00:00\",\"mainEntityOfPage\":{\"@id\":\"https:\/\/infoecos.com.ar\/index.php\/liberales-las-pelotas-el-gobierno-nacional-fijo-un-limite-del-2-mensuales-para-los-aumentos-mensuales\/\"},\"wordCount\":99,\"publisher\":{\"@id\":\"https:\/\/infoecos.com.ar\/#organization\"},\"image\":{\"@id\":\"https:\/\/infoecos.com.ar\/index.php\/liberales-las-pelotas-el-gobierno-nacional-fijo-un-limite-del-2-mensuales-para-los-aumentos-mensuales\/#primaryimage\"},\"thumbnailUrl\":\"https:\/\/infoecos.com.ar\/wp-content\/uploads\/2023\/12\/image-65.png\",\"keywords\":[\"Entretenimiento\",\"POL\u00cdTICA\"],\"inLanguage\":\"es\"},{\"@type\":\"WebPage\",\"@id\":\"https:\/\/infoecos.com.ar\/index.php\/liberales-las-pelotas-el-gobierno-nacional-fijo-un-limite-del-2-mensuales-para-los-aumentos-mensuales\/\",\"url\":\"https:\/\/infoecos.com.ar\/index.php\/liberales-las-pelotas-el-gobierno-nacional-fijo-un-limite-del-2-mensuales-para-los-aumentos-mensuales\/\",\"name\":\"Liberales ?: las \\\"pelotas\\\". El Gobierno Nacional fij\u00f3 un l\u00edmite del 2% mensuales para los aumentos mensuales - Infoecos\",\"isPartOf\":{\"@id\":\"https:\/\/infoecos.com.ar\/#website\"},\"primaryImageOfPage\":{\"@id\":\"https:\/\/infoecos.com.ar\/index.php\/liberales-las-pelotas-el-gobierno-nacional-fijo-un-limite-del-2-mensuales-para-los-aumentos-mensuales\/#primaryimage\"},\"image\":{\"@id\":\"https:\/\/infoecos.com.ar\/index.php\/liberales-las-pelotas-el-gobierno-nacional-fijo-un-limite-del-2-mensuales-para-los-aumentos-mensuales\/#primaryimage\"},\"thumbnailUrl\":\"https:\/\/infoecos.com.ar\/wp-content\/uploads\/2023\/12\/image-65.png\",\"datePublished\":\"2026-03-18T00:54:32+00:00\",\"dateModified\":\"2026-03-18T00:54:32+00:00\",\"breadcrumb\":{\"@id\":\"https:\/\/infoecos.com.ar\/index.php\/liberales-las-pelotas-el-gobierno-nacional-fijo-un-limite-del-2-mensuales-para-los-aumentos-mensuales\/#breadcrumb\"},\"inLanguage\":\"es\",\"potentialAction\":[{\"@type\":\"ReadAction\",\"target\":[\"https:\/\/infoecos.com.ar\/index.php\/liberales-las-pelotas-el-gobierno-nacional-fijo-un-limite-del-2-mensuales-para-los-aumentos-mensuales\/\"]}]},{\"@type\":\"ImageObject\",\"inLanguage\":\"es\",\"@id\":\"https:\/\/infoecos.com.ar\/index.php\/liberales-las-pelotas-el-gobierno-nacional-fijo-un-limite-del-2-mensuales-para-los-aumentos-mensuales\/#primaryimage\",\"url\":\"https:\/\/infoecos.com.ar\/wp-content\/uploads\/2023\/12\/image-65.png\",\"contentUrl\":\"https:\/\/infoecos.com.ar\/wp-content\/uploads\/2023\/12\/image-65.png\",\"width\":1256,\"height\":620},{\"@type\":\"BreadcrumbList\",\"@id\":\"https:\/\/infoecos.com.ar\/index.php\/liberales-las-pelotas-el-gobierno-nacional-fijo-un-limite-del-2-mensuales-para-los-aumentos-mensuales\/#breadcrumb\",\"itemListElement\":[{\"@type\":\"ListItem\",\"position\":1,\"name\":\"Portada\",\"item\":\"https:\/\/infoecos.com.ar\/\"},{\"@type\":\"ListItem\",\"position\":2,\"name\":\"Liberales ?: las \u00abpelotas\u00bb. El Gobierno Nacional fij\u00f3 un l\u00edmite del 2% mensuales para los aumentos mensuales\"}]},{\"@type\":\"WebSite\",\"@id\":\"https:\/\/infoecos.com.ar\/#website\",\"url\":\"https:\/\/infoecos.com.ar\/\",\"name\":\"Infoecos\",\"description\":\"Noticias de trenque lauquen y la zona\",\"publisher\":{\"@id\":\"https:\/\/infoecos.com.ar\/#organization\"},\"alternateName\":\"Noticias\",\"potentialAction\":[{\"@type\":\"SearchAction\",\"target\":{\"@type\":\"EntryPoint\",\"urlTemplate\":\"https:\/\/infoecos.com.ar\/?s={search_term_string}\"},\"query-input\":{\"@type\":\"PropertyValueSpecification\",\"valueRequired\":true,\"valueName\":\"search_term_string\"}}],\"inLanguage\":\"es\"},{\"@type\":\"Organization\",\"@id\":\"https:\/\/infoecos.com.ar\/#organization\",\"name\":\"Infoecos\",\"alternateName\":\"Noticias\",\"url\":\"https:\/\/infoecos.com.ar\/\",\"logo\":{\"@type\":\"ImageObject\",\"inLanguage\":\"es\",\"@id\":\"https:\/\/infoecos.com.ar\/#\/schema\/logo\/image\/\",\"url\":\"https:\/\/infoecos.com.ar\/wp-content\/uploads\/2024\/03\/cropped-logo.png\",\"contentUrl\":\"https:\/\/infoecos.com.ar\/wp-content\/uploads\/2024\/03\/cropped-logo.png\",\"width\":374,\"height\":90,\"caption\":\"Infoecos\"},\"image\":{\"@id\":\"https:\/\/infoecos.com.ar\/#\/schema\/logo\/image\/\"},\"sameAs\":[\"https:\/\/www.facebook.com\/profile.php?id=100063200290284\",\"https:\/\/x.com\/infoecos\"]},{\"@type\":\"Person\",\"@id\":\"https:\/\/infoecos.com.ar\/#\/schema\/person\/8f5ace5ce73b4b4aac4b7245aee6f191\",\"name\":\"Jorge Matheus\",\"url\":\"https:\/\/infoecos.com.ar\/index.php\/author\/jomatheus\/\"}]}<\/script>\n<!-- \/ Yoast SEO plugin. -->","yoast_head_json":{"title":"Liberales ?: las \"pelotas\". El Gobierno Nacional fij\u00f3 un l\u00edmite del 2% mensuales para los aumentos mensuales - Infoecos","robots":{"index":"index","follow":"follow","max-snippet":"max-snippet:-1","max-image-preview":"max-image-preview:large","max-video-preview":"max-video-preview:-1"},"canonical":"https:\/\/infoecos.com.ar\/index.php\/liberales-las-pelotas-el-gobierno-nacional-fijo-un-limite-del-2-mensuales-para-los-aumentos-mensuales\/","og_locale":"es_ES","og_type":"article","og_title":"Liberales ?: las \"pelotas\". El Gobierno Nacional fij\u00f3 un l\u00edmite del 2% mensuales para los aumentos mensuales - Infoecos","og_description":"La decisi\u00f3n se conoce tras una inflaci\u00f3n de febrero del 2,9% y con varios gremios en plena negociaci\u00f3n. Camioneros, de Hugo Moyano, acept\u00f3 subas por debajo de ese nivel","og_url":"https:\/\/infoecos.com.ar\/index.php\/liberales-las-pelotas-el-gobierno-nacional-fijo-un-limite-del-2-mensuales-para-los-aumentos-mensuales\/","og_site_name":"Infoecos","article_publisher":"https:\/\/www.facebook.com\/profile.php?id=100063200290284","article_published_time":"2026-03-18T00:54:32+00:00","og_image":[{"width":1256,"height":620,"url":"https:\/\/infoecos.com.ar\/wp-content\/uploads\/2023\/12\/image-65.png","type":"image\/png"}],"author":"Jorge Matheus","twitter_card":"summary_large_image","twitter_creator":"@infoecos","twitter_site":"@infoecos","twitter_misc":{"Escrito por":"Jorge Matheus","Tiempo de lectura":"1 minuto"},"schema":{"@context":"https:\/\/schema.org","@graph":[{"@type":"Article","@id":"https:\/\/infoecos.com.ar\/index.php\/liberales-las-pelotas-el-gobierno-nacional-fijo-un-limite-del-2-mensuales-para-los-aumentos-mensuales\/#article","isPartOf":{"@id":"https:\/\/infoecos.com.ar\/index.php\/liberales-las-pelotas-el-gobierno-nacional-fijo-un-limite-del-2-mensuales-para-los-aumentos-mensuales\/"},"author":{"name":"Jorge Matheus","@id":"https:\/\/infoecos.com.ar\/#\/schema\/person\/8f5ace5ce73b4b4aac4b7245aee6f191"},"headline":"Liberales ?: las \u00abpelotas\u00bb. El Gobierno Nacional fij\u00f3 un l\u00edmite del 2% mensuales para los aumentos mensuales","datePublished":"2026-03-18T00:54:32+00:00","dateModified":"2026-03-18T00:54:32+00:00","mainEntityOfPage":{"@id":"https:\/\/infoecos.com.ar\/index.php\/liberales-las-pelotas-el-gobierno-nacional-fijo-un-limite-del-2-mensuales-para-los-aumentos-mensuales\/"},"wordCount":99,"publisher":{"@id":"https:\/\/infoecos.com.ar\/#organization"},"image":{"@id":"https:\/\/infoecos.com.ar\/index.php\/liberales-las-pelotas-el-gobierno-nacional-fijo-un-limite-del-2-mensuales-para-los-aumentos-mensuales\/#primaryimage"},"thumbnailUrl":"https:\/\/infoecos.com.ar\/wp-content\/uploads\/2023\/12\/image-65.png","keywords":["Entretenimiento","POL\u00cdTICA"],"inLanguage":"es"},{"@type":"WebPage","@id":"https:\/\/infoecos.com.ar\/index.php\/liberales-las-pelotas-el-gobierno-nacional-fijo-un-limite-del-2-mensuales-para-los-aumentos-mensuales\/","url":"https:\/\/infoecos.com.ar\/index.php\/liberales-las-pelotas-el-gobierno-nacional-fijo-un-limite-del-2-mensuales-para-los-aumentos-mensuales\/","name":"Liberales ?: las \"pelotas\". El Gobierno Nacional fij\u00f3 un l\u00edmite del 2% mensuales para los aumentos mensuales - Infoecos","isPartOf":{"@id":"https:\/\/infoecos.com.ar\/#website"},"primaryImageOfPage":{"@id":"https:\/\/infoecos.com.ar\/index.php\/liberales-las-pelotas-el-gobierno-nacional-fijo-un-limite-del-2-mensuales-para-los-aumentos-mensuales\/#primaryimage"},"image":{"@id":"https:\/\/infoecos.com.ar\/index.php\/liberales-las-pelotas-el-gobierno-nacional-fijo-un-limite-del-2-mensuales-para-los-aumentos-mensuales\/#primaryimage"},"thumbnailUrl":"https:\/\/infoecos.com.ar\/wp-content\/uploads\/2023\/12\/image-65.png","datePublished":"2026-03-18T00:54:32+00:00","dateModified":"2026-03-18T00:54:32+00:00","breadcrumb":{"@id":"https:\/\/infoecos.com.ar\/index.php\/liberales-las-pelotas-el-gobierno-nacional-fijo-un-limite-del-2-mensuales-para-los-aumentos-mensuales\/#breadcrumb"},"inLanguage":"es","potentialAction":[{"@type":"ReadAction","target":["https:\/\/infoecos.com.ar\/index.php\/liberales-las-pelotas-el-gobierno-nacional-fijo-un-limite-del-2-mensuales-para-los-aumentos-mensuales\/"]}]},{"@type":"ImageObject","inLanguage":"es","@id":"https:\/\/infoecos.com.ar\/index.php\/liberales-las-pelotas-el-gobierno-nacional-fijo-un-limite-del-2-mensuales-para-los-aumentos-mensuales\/#primaryimage","url":"https:\/\/infoecos.com.ar\/wp-content\/uploads\/2023\/12\/image-65.png","contentUrl":"https:\/\/infoecos.com.ar\/wp-content\/uploads\/2023\/12\/image-65.png","width":1256,"height":620},{"@type":"BreadcrumbList","@id":"https:\/\/infoecos.com.ar\/index.php\/liberales-las-pelotas-el-gobierno-nacional-fijo-un-limite-del-2-mensuales-para-los-aumentos-mensuales\/#breadcrumb","itemListElement":[{"@type":"ListItem","position":1,"name":"Portada","item":"https:\/\/infoecos.com.ar\/"},{"@type":"ListItem","position":2,"name":"Liberales ?: las \u00abpelotas\u00bb. El Gobierno Nacional fij\u00f3 un l\u00edmite del 2% mensuales para los aumentos mensuales"}]},{"@type":"WebSite","@id":"https:\/\/infoecos.com.ar\/#website","url":"https:\/\/infoecos.com.ar\/","name":"Infoecos","description":"Noticias de trenque lauquen y la zona","publisher":{"@id":"https:\/\/infoecos.com.ar\/#organization"},"alternateName":"Noticias","potentialAction":[{"@type":"SearchAction","target":{"@type":"EntryPoint","urlTemplate":"https:\/\/infoecos.com.ar\/?s={search_term_string}"},"query-input":{"@type":"PropertyValueSpecification","valueRequired":true,"valueName":"search_term_string"}}],"inLanguage":"es"},{"@type":"Organization","@id":"https:\/\/infoecos.com.ar\/#organization","name":"Infoecos","alternateName":"Noticias","url":"https:\/\/infoecos.com.ar\/","logo":{"@type":"ImageObject","inLanguage":"es","@id":"https:\/\/infoecos.com.ar\/#\/schema\/logo\/image\/","url":"https:\/\/infoecos.com.ar\/wp-content\/uploads\/2024\/03\/cropped-logo.png","contentUrl":"https:\/\/infoecos.com.ar\/wp-content\/uploads\/2024\/03\/cropped-logo.png","width":374,"height":90,"caption":"Infoecos"},"image":{"@id":"https:\/\/infoecos.com.ar\/#\/schema\/logo\/image\/"},"sameAs":["https:\/\/www.facebook.com\/profile.php?id=100063200290284","https:\/\/x.com\/infoecos"]},{"@type":"Person","@id":"https:\/\/infoecos.com.ar\/#\/schema\/person\/8f5ace5ce73b4b4aac4b7245aee6f191","name":"Jorge Matheus","url":"https:\/\/infoecos.com.ar\/index.php\/author\/jomatheus\/"}]}},"featured_image_urls":{"full":["https:\/\/infoecos.com.ar\/wp-content\/uploads\/2023\/12\/image-65.png",1256,620,false],"thumbnail":["https:\/\/infoecos.com.ar\/wp-content\/uploads\/2023\/12\/image-65-300x150.png",300,150,true],"medium":["https:\/\/infoecos.com.ar\/wp-content\/uploads\/2023\/12\/image-65-800x395.png",800,395,true],"medium_large":["https:\/\/infoecos.com.ar\/wp-content\/uploads\/2023\/12\/image-65-768x379.png",640,316,true],"large":["https:\/\/infoecos.com.ar\/wp-content\/uploads\/2023\/12\/image-65.png",640,316,false],"1536x1536":["https:\/\/infoecos.com.ar\/wp-content\/uploads\/2023\/12\/image-65.png",1256,620,false],"2048x2048":["https:\/\/infoecos.com.ar\/wp-content\/uploads\/2023\/12\/image-65.png",1256,620,false],"covernews-slider-full":["https:\/\/infoecos.com.ar\/wp-content\/uploads\/2023\/12\/image-65.png",1115,550,false],"covernews-slider-center":["https:\/\/infoecos.com.ar\/wp-content\/uploads\/2023\/12\/image-65-936x620.png",755,500,true],"covernews-featured":["https:\/\/infoecos.com.ar\/wp-content\/uploads\/2023\/12\/image-65-1024x505.png",1024,505,true],"covernews-medium":["https:\/\/infoecos.com.ar\/wp-content\/uploads\/2023\/12\/image-65-720x380.png",540,285,true],"covernews-medium-square":["https:\/\/infoecos.com.ar\/wp-content\/uploads\/2023\/12\/image-65-675x450.png",375,250,true]},"author_info":{"info":["Jorge Matheus"]},"category_info":"<a href=\"https:\/\/infoecos.com.ar\/index.php\/category\/sin-categoria\/\" rel=\"category tag\">Sin categor\u00eda<\/a>","tag_info":"Sin categor\u00eda","comment_count":"0","_links":{"self":[{"href":"https:\/\/infoecos.com.ar\/index.php\/wp-json\/wp\/v2\/posts\/155135"}],"collection":[{"href":"https:\/\/infoecos.com.ar\/index.php\/wp-json\/wp\/v2\/posts"}],"about":[{"href":"https:\/\/infoecos.com.ar\/index.php\/wp-json\/wp\/v2\/types\/post"}],"author":[{"embeddable":true,"href":"https:\/\/infoecos.com.ar\/index.php\/wp-json\/wp\/v2\/users\/2"}],"replies":[{"embeddable":true,"href":"https:\/\/infoecos.com.ar\/index.php\/wp-json\/wp\/v2\/comments?post=155135"}],"version-history":[{"count":1,"href":"https:\/\/infoecos.com.ar\/index.php\/wp-json\/wp\/v2\/posts\/155135\/revisions"}],"predecessor-version":[{"id":155136,"href":"https:\/\/infoecos.com.ar\/index.php\/wp-json\/wp\/v2\/posts\/155135\/revisions\/155136"}],"wp:featuredmedia":[{"embeddable":true,"href":"https:\/\/infoecos.com.ar\/index.php\/wp-json\/wp\/v2\/media\/116222"}],"wp:attachment":[{"href":"https:\/\/infoecos.com.ar\/index.php\/wp-json\/wp\/v2\/media?parent=155135"}],"wp:term":[{"taxonomy":"category","embeddable":true,"href":"https:\/\/infoecos.com.ar\/index.php\/wp-json\/wp\/v2\/categories?post=155135"},{"taxonomy":"post_tag","embeddable":true,"href":"https:\/\/infoecos.com.ar\/index.php\/wp-json\/wp\/v2\/tags?post=155135"}],"curies":[{"name":"wp","href":"https:\/\/api.w.org\/{rel}","templated":true}]}}