{"id":155260,"date":"2026-03-19T01:24:24","date_gmt":"2026-03-19T04:24:24","guid":{"rendered":"https:\/\/infoecos.com.ar\/?p=155260"},"modified":"2026-03-19T01:24:24","modified_gmt":"2026-03-19T04:24:24","slug":"155260","status":"publish","type":"post","link":"https:\/\/infoecos.com.ar\/index.php\/155260\/","title":{"rendered":""},"content":{"rendered":"\n<figure class=\"wp-block-table\"><table class=\"has-fixed-layout\"><tbody><tr><td>El conflicto en Medio Oriente domina la din\u00e1mica de los mercados globales y desplaza a los fundamentos tradicionales.&nbsp;<strong>Dante Romano, profesor e investigador del Centro de Agronegocios y Alimentos de la Universidad Austral<\/strong>, analiza c\u00f3mo la suba de la energ\u00eda, la volatilidad y las tensiones geopol\u00edticas reconfiguran el escenario para los granos.<br><strong>\u00bfPor qu\u00e9 el conflicto en Medio Oriente es hoy el principal factor del mercado?<\/strong><br>\u201cEl conflicto b\u00e9lico pas\u00f3 a dominar los mercados en general, y su influencia en los granos es innegable. El resto de los fundamentos qued\u00f3 en un segundo plano\u201d, explica Romano.<br><strong>\u00bfQu\u00e9 est\u00e1 pasando con la energ\u00eda?<\/strong><br>El petr\u00f3leo Brent subi\u00f3 11% en la semana y lleg\u00f3 a superar los 119 d\u00f3lares en los momentos de mayor tensi\u00f3n.<br>\u201cSi bien hubo intentos por frenar la suba, las se\u00f1ales contradictorias mantienen el riesgo y la tendencia alcista\u201d, se\u00f1ala.Adem\u00e1s, la volatilidad creci\u00f3 19%, el gas natural avanz\u00f3 9% y la urea 7%. El oro subi\u00f3 3% y el d\u00f3lar se fortaleci\u00f3 casi 2%.<br><strong>\u00bfC\u00f3mo reaccionaron los granos?<\/strong><br>Los commodities agr\u00edcolas tambi\u00e9n subieron, aunque en menor medida, con incrementos cercanos al 3%.<br>En paralelo, los fondos financieros aumentaron su posici\u00f3n comprada en 6,5 millones de toneladas, alcanzando 91 millones.<br>\u201cEsto muestra una mayor cobertura frente a la incertidumbre global\u201d, indica Romano.<br><strong>\u00bfLas medidas para contener los precios est\u00e1n funcionando?<\/strong><br>Estados Unidos habilit\u00f3 el uso temporal de petr\u00f3leo ruso y la Agencia Internacional de la Energ\u00eda liber\u00f3 reservas r\u00e9cord.<br>\u201cSe esperaba un impacto m\u00e1s fuerte, pero termin\u00f3 siendo m\u00e1s psicol\u00f3gico que efectivo\u201d, afirma.<br><strong>\u00bfQu\u00e9 rol juega la tensi\u00f3n geopol\u00edtica?<\/strong><br>Estados Unidos intensifica su presi\u00f3n militar sobre Ir\u00e1n, mientras que este pa\u00eds responde con ataques regionales y amenazas sobre el estrecho de Ormuz.<br>\u201cEl riesgo sobre el suministro energ\u00e9tico global sigue siendo alto\u201d, advierte Romano.<br><strong>\u00bfPor qu\u00e9 el mercado de fertilizantes es clave en este contexto?<\/strong><br>El conflicto afecta directamente a la producci\u00f3n en el Golfo, una regi\u00f3n clave en la oferta global.<br>\u201cCasi la mitad de la urea mundial sale de esta zona, y a diferencia del petr\u00f3leo, no hay grandes reservas estrat\u00e9gicas\u201d, explica.<br><strong>\u00bfHabr\u00e1 problemas de abastecimiento?<\/strong><br>En Estados Unidos y Canad\u00e1 se proyectan d\u00e9ficits de entre 25% y 35% en fertilizantes, especialmente para aplicaciones posteriores a la siembra.<br>Rusia no logra compensar la falta global, mientras que China liber\u00f3 reservas para asegurar su producci\u00f3n.<br><strong>\u00bfQu\u00e9 pa\u00edses est\u00e1n m\u00e1s expuestos?<\/strong><br>Brasil aparece como uno de los m\u00e1s vulnerables por su alta dependencia de fertilizantes importados.<br>\u201cEl problema no es solo conseguirlos, sino el precio, que est\u00e1 fuertemente presionado por el contexto internacional\u201d, se\u00f1ala Romano.<br><strong>\u00bfQu\u00e9 pasa con los costos log\u00edsticos?<\/strong><br>El conflicto tambi\u00e9n impacta en los fletes: el transporte mar\u00edtimo desde Brasil hacia China subi\u00f3 24% en marzo, reflejando mayores tensiones en la log\u00edstica global.<br><strong>\u00bfPuede haber impacto desde la relaci\u00f3n entre EE.UU. y China?<\/strong><br>Las negociaciones entre ambos pa\u00edses vuelven a cobrar relevancia.<br>\u201cLa posibilidad de nuevas compras de soja por parte de China, aunque no confirmada, ya impuls\u00f3 los precios en Chicago\u201d, concluye Romano.<\/td><\/tr><tr><td><\/td><\/tr><\/tbody><\/table><\/figure>\n","protected":false},"excerpt":{"rendered":"<p>El conflicto en Medio Oriente domina la din\u00e1mica de los mercados globales y desplaza a&#8230;<\/p>\n","protected":false},"author":2,"featured_media":0,"comment_status":"closed","ping_status":"open","sticky":false,"template":"","format":"standard","meta":{"footnotes":""},"categories":[1],"tags":[],"class_list":["post-155260","post","type-post","status-publish","format-standard","hentry","category-sin-categoria"],"yoast_head":"<!-- This site is optimized with the Yoast SEO plugin v23.4 - https:\/\/yoast.com\/wordpress\/plugins\/seo\/ -->\n<title>- Infoecos<\/title>\n<meta name=\"robots\" content=\"index, follow, max-snippet:-1, max-image-preview:large, max-video-preview:-1\" \/>\n<link rel=\"canonical\" href=\"https:\/\/infoecos.com.ar\/index.php\/155260\/\" \/>\n<meta property=\"og:locale\" content=\"es_ES\" \/>\n<meta property=\"og:type\" content=\"article\" \/>\n<meta property=\"og:title\" content=\"- Infoecos\" \/>\n<meta property=\"og:description\" content=\"El conflicto en Medio Oriente domina la din\u00e1mica de los mercados globales y desplaza a...\" \/>\n<meta property=\"og:url\" content=\"https:\/\/infoecos.com.ar\/index.php\/155260\/\" \/>\n<meta property=\"og:site_name\" content=\"Infoecos\" \/>\n<meta property=\"article:publisher\" content=\"https:\/\/www.facebook.com\/profile.php?id=100063200290284\" \/>\n<meta property=\"article:published_time\" content=\"2026-03-19T04:24:24+00:00\" \/>\n<meta property=\"og:image\" content=\"https:\/\/infoecos.com.ar\/wp-content\/uploads\/2024\/03\/cropped-logo.png\" \/>\n\t<meta property=\"og:image:width\" content=\"374\" \/>\n\t<meta property=\"og:image:height\" content=\"90\" \/>\n\t<meta property=\"og:image:type\" content=\"image\/png\" \/>\n<meta name=\"author\" content=\"Jorge Matheus\" \/>\n<meta name=\"twitter:card\" content=\"summary_large_image\" \/>\n<meta name=\"twitter:creator\" content=\"@infoecos\" \/>\n<meta name=\"twitter:site\" content=\"@infoecos\" \/>\n<meta name=\"twitter:label1\" content=\"Escrito por\" \/>\n\t<meta name=\"twitter:data1\" content=\"Jorge Matheus\" \/>\n\t<meta name=\"twitter:label2\" content=\"Tiempo de lectura\" \/>\n\t<meta name=\"twitter:data2\" content=\"3 minutos\" \/>\n<script type=\"application\/ld+json\" class=\"yoast-schema-graph\">{\"@context\":\"https:\/\/schema.org\",\"@graph\":[{\"@type\":\"Article\",\"@id\":\"https:\/\/infoecos.com.ar\/index.php\/155260\/#article\",\"isPartOf\":{\"@id\":\"https:\/\/infoecos.com.ar\/index.php\/155260\/\"},\"author\":{\"name\":\"Jorge Matheus\",\"@id\":\"https:\/\/infoecos.com.ar\/#\/schema\/person\/8f5ace5ce73b4b4aac4b7245aee6f191\"},\"headline\":\"Sin t\u00edtulo\",\"datePublished\":\"2026-03-19T04:24:24+00:00\",\"dateModified\":\"2026-03-19T04:24:24+00:00\",\"mainEntityOfPage\":{\"@id\":\"https:\/\/infoecos.com.ar\/index.php\/155260\/\"},\"wordCount\":535,\"publisher\":{\"@id\":\"https:\/\/infoecos.com.ar\/#organization\"},\"inLanguage\":\"es\"},{\"@type\":\"WebPage\",\"@id\":\"https:\/\/infoecos.com.ar\/index.php\/155260\/\",\"url\":\"https:\/\/infoecos.com.ar\/index.php\/155260\/\",\"name\":\"- Infoecos\",\"isPartOf\":{\"@id\":\"https:\/\/infoecos.com.ar\/#website\"},\"datePublished\":\"2026-03-19T04:24:24+00:00\",\"dateModified\":\"2026-03-19T04:24:24+00:00\",\"inLanguage\":\"es\",\"potentialAction\":[{\"@type\":\"ReadAction\",\"target\":[\"https:\/\/infoecos.com.ar\/index.php\/155260\/\"]}]},{\"@type\":\"WebSite\",\"@id\":\"https:\/\/infoecos.com.ar\/#website\",\"url\":\"https:\/\/infoecos.com.ar\/\",\"name\":\"Infoecos\",\"description\":\"Noticias de trenque lauquen y la zona\",\"publisher\":{\"@id\":\"https:\/\/infoecos.com.ar\/#organization\"},\"alternateName\":\"Noticias\",\"potentialAction\":[{\"@type\":\"SearchAction\",\"target\":{\"@type\":\"EntryPoint\",\"urlTemplate\":\"https:\/\/infoecos.com.ar\/?s={search_term_string}\"},\"query-input\":{\"@type\":\"PropertyValueSpecification\",\"valueRequired\":true,\"valueName\":\"search_term_string\"}}],\"inLanguage\":\"es\"},{\"@type\":\"Organization\",\"@id\":\"https:\/\/infoecos.com.ar\/#organization\",\"name\":\"Infoecos\",\"alternateName\":\"Noticias\",\"url\":\"https:\/\/infoecos.com.ar\/\",\"logo\":{\"@type\":\"ImageObject\",\"inLanguage\":\"es\",\"@id\":\"https:\/\/infoecos.com.ar\/#\/schema\/logo\/image\/\",\"url\":\"https:\/\/infoecos.com.ar\/wp-content\/uploads\/2024\/03\/cropped-logo.png\",\"contentUrl\":\"https:\/\/infoecos.com.ar\/wp-content\/uploads\/2024\/03\/cropped-logo.png\",\"width\":374,\"height\":90,\"caption\":\"Infoecos\"},\"image\":{\"@id\":\"https:\/\/infoecos.com.ar\/#\/schema\/logo\/image\/\"},\"sameAs\":[\"https:\/\/www.facebook.com\/profile.php?id=100063200290284\",\"https:\/\/x.com\/infoecos\"]},{\"@type\":\"Person\",\"@id\":\"https:\/\/infoecos.com.ar\/#\/schema\/person\/8f5ace5ce73b4b4aac4b7245aee6f191\",\"name\":\"Jorge Matheus\",\"url\":\"https:\/\/infoecos.com.ar\/index.php\/author\/jomatheus\/\"}]}<\/script>\n<!-- \/ Yoast SEO plugin. -->","yoast_head_json":{"title":"- Infoecos","robots":{"index":"index","follow":"follow","max-snippet":"max-snippet:-1","max-image-preview":"max-image-preview:large","max-video-preview":"max-video-preview:-1"},"canonical":"https:\/\/infoecos.com.ar\/index.php\/155260\/","og_locale":"es_ES","og_type":"article","og_title":"- Infoecos","og_description":"El conflicto en Medio Oriente domina la din\u00e1mica de los mercados globales y desplaza a...","og_url":"https:\/\/infoecos.com.ar\/index.php\/155260\/","og_site_name":"Infoecos","article_publisher":"https:\/\/www.facebook.com\/profile.php?id=100063200290284","article_published_time":"2026-03-19T04:24:24+00:00","og_image":[{"width":374,"height":90,"url":"https:\/\/infoecos.com.ar\/wp-content\/uploads\/2024\/03\/cropped-logo.png","type":"image\/png"}],"author":"Jorge Matheus","twitter_card":"summary_large_image","twitter_creator":"@infoecos","twitter_site":"@infoecos","twitter_misc":{"Escrito por":"Jorge Matheus","Tiempo de lectura":"3 minutos"},"schema":{"@context":"https:\/\/schema.org","@graph":[{"@type":"Article","@id":"https:\/\/infoecos.com.ar\/index.php\/155260\/#article","isPartOf":{"@id":"https:\/\/infoecos.com.ar\/index.php\/155260\/"},"author":{"name":"Jorge Matheus","@id":"https:\/\/infoecos.com.ar\/#\/schema\/person\/8f5ace5ce73b4b4aac4b7245aee6f191"},"headline":"Sin t\u00edtulo","datePublished":"2026-03-19T04:24:24+00:00","dateModified":"2026-03-19T04:24:24+00:00","mainEntityOfPage":{"@id":"https:\/\/infoecos.com.ar\/index.php\/155260\/"},"wordCount":535,"publisher":{"@id":"https:\/\/infoecos.com.ar\/#organization"},"inLanguage":"es"},{"@type":"WebPage","@id":"https:\/\/infoecos.com.ar\/index.php\/155260\/","url":"https:\/\/infoecos.com.ar\/index.php\/155260\/","name":"- Infoecos","isPartOf":{"@id":"https:\/\/infoecos.com.ar\/#website"},"datePublished":"2026-03-19T04:24:24+00:00","dateModified":"2026-03-19T04:24:24+00:00","inLanguage":"es","potentialAction":[{"@type":"ReadAction","target":["https:\/\/infoecos.com.ar\/index.php\/155260\/"]}]},{"@type":"WebSite","@id":"https:\/\/infoecos.com.ar\/#website","url":"https:\/\/infoecos.com.ar\/","name":"Infoecos","description":"Noticias de trenque lauquen y la zona","publisher":{"@id":"https:\/\/infoecos.com.ar\/#organization"},"alternateName":"Noticias","potentialAction":[{"@type":"SearchAction","target":{"@type":"EntryPoint","urlTemplate":"https:\/\/infoecos.com.ar\/?s={search_term_string}"},"query-input":{"@type":"PropertyValueSpecification","valueRequired":true,"valueName":"search_term_string"}}],"inLanguage":"es"},{"@type":"Organization","@id":"https:\/\/infoecos.com.ar\/#organization","name":"Infoecos","alternateName":"Noticias","url":"https:\/\/infoecos.com.ar\/","logo":{"@type":"ImageObject","inLanguage":"es","@id":"https:\/\/infoecos.com.ar\/#\/schema\/logo\/image\/","url":"https:\/\/infoecos.com.ar\/wp-content\/uploads\/2024\/03\/cropped-logo.png","contentUrl":"https:\/\/infoecos.com.ar\/wp-content\/uploads\/2024\/03\/cropped-logo.png","width":374,"height":90,"caption":"Infoecos"},"image":{"@id":"https:\/\/infoecos.com.ar\/#\/schema\/logo\/image\/"},"sameAs":["https:\/\/www.facebook.com\/profile.php?id=100063200290284","https:\/\/x.com\/infoecos"]},{"@type":"Person","@id":"https:\/\/infoecos.com.ar\/#\/schema\/person\/8f5ace5ce73b4b4aac4b7245aee6f191","name":"Jorge Matheus","url":"https:\/\/infoecos.com.ar\/index.php\/author\/jomatheus\/"}]}},"featured_image_urls":{"full":"","thumbnail":"","medium":"","medium_large":"","large":"","1536x1536":"","2048x2048":"","covernews-slider-full":"","covernews-slider-center":"","covernews-featured":"","covernews-medium":"","covernews-medium-square":""},"author_info":{"info":["Jorge Matheus"]},"category_info":"<a href=\"https:\/\/infoecos.com.ar\/index.php\/category\/sin-categoria\/\" rel=\"category tag\">Sin categor\u00eda<\/a>","tag_info":"Sin categor\u00eda","comment_count":"0","_links":{"self":[{"href":"https:\/\/infoecos.com.ar\/index.php\/wp-json\/wp\/v2\/posts\/155260"}],"collection":[{"href":"https:\/\/infoecos.com.ar\/index.php\/wp-json\/wp\/v2\/posts"}],"about":[{"href":"https:\/\/infoecos.com.ar\/index.php\/wp-json\/wp\/v2\/types\/post"}],"author":[{"embeddable":true,"href":"https:\/\/infoecos.com.ar\/index.php\/wp-json\/wp\/v2\/users\/2"}],"replies":[{"embeddable":true,"href":"https:\/\/infoecos.com.ar\/index.php\/wp-json\/wp\/v2\/comments?post=155260"}],"version-history":[{"count":1,"href":"https:\/\/infoecos.com.ar\/index.php\/wp-json\/wp\/v2\/posts\/155260\/revisions"}],"predecessor-version":[{"id":155261,"href":"https:\/\/infoecos.com.ar\/index.php\/wp-json\/wp\/v2\/posts\/155260\/revisions\/155261"}],"wp:attachment":[{"href":"https:\/\/infoecos.com.ar\/index.php\/wp-json\/wp\/v2\/media?parent=155260"}],"wp:term":[{"taxonomy":"category","embeddable":true,"href":"https:\/\/infoecos.com.ar\/index.php\/wp-json\/wp\/v2\/categories?post=155260"},{"taxonomy":"post_tag","embeddable":true,"href":"https:\/\/infoecos.com.ar\/index.php\/wp-json\/wp\/v2\/tags?post=155260"}],"curies":[{"name":"wp","href":"https:\/\/api.w.org\/{rel}","templated":true}]}}