{"id":155270,"date":"2026-03-19T01:48:52","date_gmt":"2026-03-19T04:48:52","guid":{"rendered":"https:\/\/infoecos.com.ar\/?p=155270"},"modified":"2026-03-25T02:23:42","modified_gmt":"2026-03-25T05:23:42","slug":"el-intendente-de-bolivar-bali-bucca-anticipo-que-enviara-un-proyecto-de-ordenanza-para-que-el-distrito-cuente-con-un-nuevo-codigo-de-convivencia-urbana","status":"publish","type":"post","link":"https:\/\/infoecos.com.ar\/index.php\/el-intendente-de-bolivar-bali-bucca-anticipo-que-enviara-un-proyecto-de-ordenanza-para-que-el-distrito-cuente-con-un-nuevo-codigo-de-convivencia-urbana\/","title":{"rendered":"El intendente de Bol\u00edvar, \u00abBali\u00bb Bucca, anticip\u00f3 que enviar\u00e1 un proyecto de ordenanza para que el distrito cuente con un nuevo c\u00f3digo de convivencia urbana"},"content":{"rendered":"\n<p>El intendente de Bol\u00edvar,\u00a0Eduardo &#8216;Bali&#8217; Bucca, inaugur\u00f3 este mi\u00e9rcoles el 107\u00ba per\u00edodo de sesiones ordinarias del Concejo Deliberante.<\/p>\n\n\n\n<p>Anticip\u00f3 que enviar\u00e1 un proyecto de ordenanza para que el distrito cuente con un nuevo c\u00f3digo de convivencia urbana en l\u00ednea con el programa \u00abHablemos claro y simple\u00bb que impulsa desde su asunci\u00f3n el 10 de diciembre de 2025 y que contar\u00e1 con alrededor de 300 art\u00edculos. \u00abLa intenci\u00f3n es ordenar la vida diaria de cada uno de nosotros y queremos que sea un proyecto de la comunidad, que las instituciones puedan participar del debate\u00bb, indic\u00f3.<\/p>\n\n\n\n<p>Resalt\u00f3 la decisi\u00f3n municipal de aplicar mano dura contra quienes generan\u00a0ruidos molestos a bordo de motocicletas\u00a0con ca\u00f1os de escape no reglamentarios.<\/p>\n\n\n\n<p>Bucca prometi\u00f3 la colocaci\u00f3n de cincuenta nuevas c\u00e1maras de seguridad en los pr\u00f3ximos treinta d\u00edas.<\/p>\n\n\n\n<p><strong>Fuente: presentenoticias.com.ar <\/strong><\/p>\n\n\n\n<figure class=\"wp-block-image size-full\"><img loading=\"lazy\" decoding=\"async\" width=\"992\" height=\"744\" src=\"https:\/\/infoecos.com.ar\/wp-content\/uploads\/2026\/03\/image-182.png\" alt=\"\" class=\"wp-image-155272\" srcset=\"https:\/\/infoecos.com.ar\/wp-content\/uploads\/2026\/03\/image-182.png 992w, https:\/\/infoecos.com.ar\/wp-content\/uploads\/2026\/03\/image-182-800x600.png 800w, https:\/\/infoecos.com.ar\/wp-content\/uploads\/2026\/03\/image-182-768x576.png 768w\" sizes=\"(max-width: 992px) 100vw, 992px\" \/><\/figure>\n","protected":false},"excerpt":{"rendered":"<p>Es en l\u00ednea con el programa \u00abHablemos claro y simple\u00bb que impulsa desde su asunci\u00f3n el 10 de diciembre de 2025 y que contar\u00e1 con alrededor de 300 art\u00edculos<\/p>\n","protected":false},"author":2,"featured_media":155272,"comment_status":"closed","ping_status":"open","sticky":false,"template":"","format":"standard","meta":{"footnotes":""},"categories":[1],"tags":[10298,1844,97],"class_list":["post-155270","post","type-post","status-publish","format-standard","has-post-thumbnail","hentry","category-sin-categoria","tag-bloque-inferior","tag-bolivar-2","tag-economia"],"yoast_head":"<!-- This site is optimized with the Yoast SEO plugin v23.4 - https:\/\/yoast.com\/wordpress\/plugins\/seo\/ -->\n<title>El intendente de Bol\u00edvar, &quot;Bali&quot; Bucca, anticip\u00f3 que enviar\u00e1 un proyecto de ordenanza para que el distrito cuente con un nuevo c\u00f3digo de convivencia urbana - Infoecos<\/title>\n<meta name=\"robots\" content=\"index, follow, max-snippet:-1, max-image-preview:large, max-video-preview:-1\" \/>\n<link rel=\"canonical\" href=\"https:\/\/infoecos.com.ar\/index.php\/el-intendente-de-bolivar-bali-bucca-anticipo-que-enviara-un-proyecto-de-ordenanza-para-que-el-distrito-cuente-con-un-nuevo-codigo-de-convivencia-urbana\/\" \/>\n<meta property=\"og:locale\" content=\"es_ES\" \/>\n<meta property=\"og:type\" content=\"article\" \/>\n<meta property=\"og:title\" content=\"El intendente de Bol\u00edvar, &quot;Bali&quot; Bucca, anticip\u00f3 que enviar\u00e1 un proyecto de ordenanza para que el distrito cuente con un nuevo c\u00f3digo de convivencia urbana - Infoecos\" \/>\n<meta property=\"og:description\" content=\"Es en l\u00ednea con el programa &quot;Hablemos claro y simple&quot; que impulsa desde su asunci\u00f3n el 10 de diciembre de 2025 y que contar\u00e1 con alrededor de 300 art\u00edculos\" \/>\n<meta property=\"og:url\" content=\"https:\/\/infoecos.com.ar\/index.php\/el-intendente-de-bolivar-bali-bucca-anticipo-que-enviara-un-proyecto-de-ordenanza-para-que-el-distrito-cuente-con-un-nuevo-codigo-de-convivencia-urbana\/\" \/>\n<meta property=\"og:site_name\" content=\"Infoecos\" \/>\n<meta property=\"article:publisher\" content=\"https:\/\/www.facebook.com\/profile.php?id=100063200290284\" \/>\n<meta property=\"article:published_time\" content=\"2026-03-19T04:48:52+00:00\" \/>\n<meta property=\"article:modified_time\" content=\"2026-03-25T05:23:42+00:00\" \/>\n<meta property=\"og:image\" content=\"https:\/\/infoecos.com.ar\/wp-content\/uploads\/2026\/03\/image-182.png\" \/>\n\t<meta property=\"og:image:width\" content=\"992\" \/>\n\t<meta property=\"og:image:height\" content=\"744\" \/>\n\t<meta property=\"og:image:type\" content=\"image\/png\" \/>\n<meta name=\"author\" content=\"Jorge Matheus\" \/>\n<meta name=\"twitter:card\" content=\"summary_large_image\" \/>\n<meta name=\"twitter:creator\" content=\"@infoecos\" \/>\n<meta name=\"twitter:site\" content=\"@infoecos\" \/>\n<meta name=\"twitter:label1\" content=\"Escrito por\" \/>\n\t<meta name=\"twitter:data1\" content=\"Jorge Matheus\" \/>\n\t<meta name=\"twitter:label2\" content=\"Tiempo de lectura\" \/>\n\t<meta name=\"twitter:data2\" content=\"2 minutos\" \/>\n<script type=\"application\/ld+json\" class=\"yoast-schema-graph\">{\"@context\":\"https:\/\/schema.org\",\"@graph\":[{\"@type\":\"Article\",\"@id\":\"https:\/\/infoecos.com.ar\/index.php\/el-intendente-de-bolivar-bali-bucca-anticipo-que-enviara-un-proyecto-de-ordenanza-para-que-el-distrito-cuente-con-un-nuevo-codigo-de-convivencia-urbana\/#article\",\"isPartOf\":{\"@id\":\"https:\/\/infoecos.com.ar\/index.php\/el-intendente-de-bolivar-bali-bucca-anticipo-que-enviara-un-proyecto-de-ordenanza-para-que-el-distrito-cuente-con-un-nuevo-codigo-de-convivencia-urbana\/\"},\"author\":{\"name\":\"Jorge Matheus\",\"@id\":\"https:\/\/infoecos.com.ar\/#\/schema\/person\/8f5ace5ce73b4b4aac4b7245aee6f191\"},\"headline\":\"El intendente de Bol\u00edvar, \u00abBali\u00bb Bucca, anticip\u00f3 que enviar\u00e1 un proyecto de ordenanza para que el distrito cuente con un nuevo c\u00f3digo de convivencia urbana\",\"datePublished\":\"2026-03-19T04:48:52+00:00\",\"dateModified\":\"2026-03-25T05:23:42+00:00\",\"mainEntityOfPage\":{\"@id\":\"https:\/\/infoecos.com.ar\/index.php\/el-intendente-de-bolivar-bali-bucca-anticipo-que-enviara-un-proyecto-de-ordenanza-para-que-el-distrito-cuente-con-un-nuevo-codigo-de-convivencia-urbana\/\"},\"wordCount\":174,\"publisher\":{\"@id\":\"https:\/\/infoecos.com.ar\/#organization\"},\"image\":{\"@id\":\"https:\/\/infoecos.com.ar\/index.php\/el-intendente-de-bolivar-bali-bucca-anticipo-que-enviara-un-proyecto-de-ordenanza-para-que-el-distrito-cuente-con-un-nuevo-codigo-de-convivencia-urbana\/#primaryimage\"},\"thumbnailUrl\":\"https:\/\/infoecos.com.ar\/wp-content\/uploads\/2026\/03\/image-182.png\",\"keywords\":[\"Bloque inferior\",\"BOL\u00cdVAR\",\"ECONOM\u00cdA\"],\"inLanguage\":\"es\"},{\"@type\":\"WebPage\",\"@id\":\"https:\/\/infoecos.com.ar\/index.php\/el-intendente-de-bolivar-bali-bucca-anticipo-que-enviara-un-proyecto-de-ordenanza-para-que-el-distrito-cuente-con-un-nuevo-codigo-de-convivencia-urbana\/\",\"url\":\"https:\/\/infoecos.com.ar\/index.php\/el-intendente-de-bolivar-bali-bucca-anticipo-que-enviara-un-proyecto-de-ordenanza-para-que-el-distrito-cuente-con-un-nuevo-codigo-de-convivencia-urbana\/\",\"name\":\"El intendente de Bol\u00edvar, \\\"Bali\\\" Bucca, anticip\u00f3 que enviar\u00e1 un proyecto de ordenanza para que el distrito cuente con un nuevo c\u00f3digo de convivencia urbana - Infoecos\",\"isPartOf\":{\"@id\":\"https:\/\/infoecos.com.ar\/#website\"},\"primaryImageOfPage\":{\"@id\":\"https:\/\/infoecos.com.ar\/index.php\/el-intendente-de-bolivar-bali-bucca-anticipo-que-enviara-un-proyecto-de-ordenanza-para-que-el-distrito-cuente-con-un-nuevo-codigo-de-convivencia-urbana\/#primaryimage\"},\"image\":{\"@id\":\"https:\/\/infoecos.com.ar\/index.php\/el-intendente-de-bolivar-bali-bucca-anticipo-que-enviara-un-proyecto-de-ordenanza-para-que-el-distrito-cuente-con-un-nuevo-codigo-de-convivencia-urbana\/#primaryimage\"},\"thumbnailUrl\":\"https:\/\/infoecos.com.ar\/wp-content\/uploads\/2026\/03\/image-182.png\",\"datePublished\":\"2026-03-19T04:48:52+00:00\",\"dateModified\":\"2026-03-25T05:23:42+00:00\",\"breadcrumb\":{\"@id\":\"https:\/\/infoecos.com.ar\/index.php\/el-intendente-de-bolivar-bali-bucca-anticipo-que-enviara-un-proyecto-de-ordenanza-para-que-el-distrito-cuente-con-un-nuevo-codigo-de-convivencia-urbana\/#breadcrumb\"},\"inLanguage\":\"es\",\"potentialAction\":[{\"@type\":\"ReadAction\",\"target\":[\"https:\/\/infoecos.com.ar\/index.php\/el-intendente-de-bolivar-bali-bucca-anticipo-que-enviara-un-proyecto-de-ordenanza-para-que-el-distrito-cuente-con-un-nuevo-codigo-de-convivencia-urbana\/\"]}]},{\"@type\":\"ImageObject\",\"inLanguage\":\"es\",\"@id\":\"https:\/\/infoecos.com.ar\/index.php\/el-intendente-de-bolivar-bali-bucca-anticipo-que-enviara-un-proyecto-de-ordenanza-para-que-el-distrito-cuente-con-un-nuevo-codigo-de-convivencia-urbana\/#primaryimage\",\"url\":\"https:\/\/infoecos.com.ar\/wp-content\/uploads\/2026\/03\/image-182.png\",\"contentUrl\":\"https:\/\/infoecos.com.ar\/wp-content\/uploads\/2026\/03\/image-182.png\",\"width\":992,\"height\":744},{\"@type\":\"BreadcrumbList\",\"@id\":\"https:\/\/infoecos.com.ar\/index.php\/el-intendente-de-bolivar-bali-bucca-anticipo-que-enviara-un-proyecto-de-ordenanza-para-que-el-distrito-cuente-con-un-nuevo-codigo-de-convivencia-urbana\/#breadcrumb\",\"itemListElement\":[{\"@type\":\"ListItem\",\"position\":1,\"name\":\"Portada\",\"item\":\"https:\/\/infoecos.com.ar\/\"},{\"@type\":\"ListItem\",\"position\":2,\"name\":\"El intendente de Bol\u00edvar, \u00abBali\u00bb Bucca, anticip\u00f3 que enviar\u00e1 un proyecto de ordenanza para que el distrito cuente con un nuevo c\u00f3digo de convivencia urbana\"}]},{\"@type\":\"WebSite\",\"@id\":\"https:\/\/infoecos.com.ar\/#website\",\"url\":\"https:\/\/infoecos.com.ar\/\",\"name\":\"Infoecos\",\"description\":\"Noticias de trenque lauquen y la zona\",\"publisher\":{\"@id\":\"https:\/\/infoecos.com.ar\/#organization\"},\"alternateName\":\"Noticias\",\"potentialAction\":[{\"@type\":\"SearchAction\",\"target\":{\"@type\":\"EntryPoint\",\"urlTemplate\":\"https:\/\/infoecos.com.ar\/?s={search_term_string}\"},\"query-input\":{\"@type\":\"PropertyValueSpecification\",\"valueRequired\":true,\"valueName\":\"search_term_string\"}}],\"inLanguage\":\"es\"},{\"@type\":\"Organization\",\"@id\":\"https:\/\/infoecos.com.ar\/#organization\",\"name\":\"Infoecos\",\"alternateName\":\"Noticias\",\"url\":\"https:\/\/infoecos.com.ar\/\",\"logo\":{\"@type\":\"ImageObject\",\"inLanguage\":\"es\",\"@id\":\"https:\/\/infoecos.com.ar\/#\/schema\/logo\/image\/\",\"url\":\"https:\/\/infoecos.com.ar\/wp-content\/uploads\/2024\/03\/cropped-logo.png\",\"contentUrl\":\"https:\/\/infoecos.com.ar\/wp-content\/uploads\/2024\/03\/cropped-logo.png\",\"width\":374,\"height\":90,\"caption\":\"Infoecos\"},\"image\":{\"@id\":\"https:\/\/infoecos.com.ar\/#\/schema\/logo\/image\/\"},\"sameAs\":[\"https:\/\/www.facebook.com\/profile.php?id=100063200290284\",\"https:\/\/x.com\/infoecos\"]},{\"@type\":\"Person\",\"@id\":\"https:\/\/infoecos.com.ar\/#\/schema\/person\/8f5ace5ce73b4b4aac4b7245aee6f191\",\"name\":\"Jorge Matheus\",\"url\":\"https:\/\/infoecos.com.ar\/index.php\/author\/jomatheus\/\"}]}<\/script>\n<!-- \/ Yoast SEO plugin. -->","yoast_head_json":{"title":"El intendente de Bol\u00edvar, \"Bali\" Bucca, anticip\u00f3 que enviar\u00e1 un proyecto de ordenanza para que el distrito cuente con un nuevo c\u00f3digo de convivencia urbana - Infoecos","robots":{"index":"index","follow":"follow","max-snippet":"max-snippet:-1","max-image-preview":"max-image-preview:large","max-video-preview":"max-video-preview:-1"},"canonical":"https:\/\/infoecos.com.ar\/index.php\/el-intendente-de-bolivar-bali-bucca-anticipo-que-enviara-un-proyecto-de-ordenanza-para-que-el-distrito-cuente-con-un-nuevo-codigo-de-convivencia-urbana\/","og_locale":"es_ES","og_type":"article","og_title":"El intendente de Bol\u00edvar, \"Bali\" Bucca, anticip\u00f3 que enviar\u00e1 un proyecto de ordenanza para que el distrito cuente con un nuevo c\u00f3digo de convivencia urbana - Infoecos","og_description":"Es en l\u00ednea con el programa \"Hablemos claro y simple\" que impulsa desde su asunci\u00f3n el 10 de diciembre de 2025 y que contar\u00e1 con alrededor de 300 art\u00edculos","og_url":"https:\/\/infoecos.com.ar\/index.php\/el-intendente-de-bolivar-bali-bucca-anticipo-que-enviara-un-proyecto-de-ordenanza-para-que-el-distrito-cuente-con-un-nuevo-codigo-de-convivencia-urbana\/","og_site_name":"Infoecos","article_publisher":"https:\/\/www.facebook.com\/profile.php?id=100063200290284","article_published_time":"2026-03-19T04:48:52+00:00","article_modified_time":"2026-03-25T05:23:42+00:00","og_image":[{"width":992,"height":744,"url":"https:\/\/infoecos.com.ar\/wp-content\/uploads\/2026\/03\/image-182.png","type":"image\/png"}],"author":"Jorge Matheus","twitter_card":"summary_large_image","twitter_creator":"@infoecos","twitter_site":"@infoecos","twitter_misc":{"Escrito por":"Jorge Matheus","Tiempo de lectura":"2 minutos"},"schema":{"@context":"https:\/\/schema.org","@graph":[{"@type":"Article","@id":"https:\/\/infoecos.com.ar\/index.php\/el-intendente-de-bolivar-bali-bucca-anticipo-que-enviara-un-proyecto-de-ordenanza-para-que-el-distrito-cuente-con-un-nuevo-codigo-de-convivencia-urbana\/#article","isPartOf":{"@id":"https:\/\/infoecos.com.ar\/index.php\/el-intendente-de-bolivar-bali-bucca-anticipo-que-enviara-un-proyecto-de-ordenanza-para-que-el-distrito-cuente-con-un-nuevo-codigo-de-convivencia-urbana\/"},"author":{"name":"Jorge Matheus","@id":"https:\/\/infoecos.com.ar\/#\/schema\/person\/8f5ace5ce73b4b4aac4b7245aee6f191"},"headline":"El intendente de Bol\u00edvar, \u00abBali\u00bb Bucca, anticip\u00f3 que enviar\u00e1 un proyecto de ordenanza para que el distrito cuente con un nuevo c\u00f3digo de convivencia urbana","datePublished":"2026-03-19T04:48:52+00:00","dateModified":"2026-03-25T05:23:42+00:00","mainEntityOfPage":{"@id":"https:\/\/infoecos.com.ar\/index.php\/el-intendente-de-bolivar-bali-bucca-anticipo-que-enviara-un-proyecto-de-ordenanza-para-que-el-distrito-cuente-con-un-nuevo-codigo-de-convivencia-urbana\/"},"wordCount":174,"publisher":{"@id":"https:\/\/infoecos.com.ar\/#organization"},"image":{"@id":"https:\/\/infoecos.com.ar\/index.php\/el-intendente-de-bolivar-bali-bucca-anticipo-que-enviara-un-proyecto-de-ordenanza-para-que-el-distrito-cuente-con-un-nuevo-codigo-de-convivencia-urbana\/#primaryimage"},"thumbnailUrl":"https:\/\/infoecos.com.ar\/wp-content\/uploads\/2026\/03\/image-182.png","keywords":["Bloque inferior","BOL\u00cdVAR","ECONOM\u00cdA"],"inLanguage":"es"},{"@type":"WebPage","@id":"https:\/\/infoecos.com.ar\/index.php\/el-intendente-de-bolivar-bali-bucca-anticipo-que-enviara-un-proyecto-de-ordenanza-para-que-el-distrito-cuente-con-un-nuevo-codigo-de-convivencia-urbana\/","url":"https:\/\/infoecos.com.ar\/index.php\/el-intendente-de-bolivar-bali-bucca-anticipo-que-enviara-un-proyecto-de-ordenanza-para-que-el-distrito-cuente-con-un-nuevo-codigo-de-convivencia-urbana\/","name":"El intendente de Bol\u00edvar, \"Bali\" Bucca, anticip\u00f3 que enviar\u00e1 un proyecto de ordenanza para que el distrito cuente con un nuevo c\u00f3digo de convivencia urbana - Infoecos","isPartOf":{"@id":"https:\/\/infoecos.com.ar\/#website"},"primaryImageOfPage":{"@id":"https:\/\/infoecos.com.ar\/index.php\/el-intendente-de-bolivar-bali-bucca-anticipo-que-enviara-un-proyecto-de-ordenanza-para-que-el-distrito-cuente-con-un-nuevo-codigo-de-convivencia-urbana\/#primaryimage"},"image":{"@id":"https:\/\/infoecos.com.ar\/index.php\/el-intendente-de-bolivar-bali-bucca-anticipo-que-enviara-un-proyecto-de-ordenanza-para-que-el-distrito-cuente-con-un-nuevo-codigo-de-convivencia-urbana\/#primaryimage"},"thumbnailUrl":"https:\/\/infoecos.com.ar\/wp-content\/uploads\/2026\/03\/image-182.png","datePublished":"2026-03-19T04:48:52+00:00","dateModified":"2026-03-25T05:23:42+00:00","breadcrumb":{"@id":"https:\/\/infoecos.com.ar\/index.php\/el-intendente-de-bolivar-bali-bucca-anticipo-que-enviara-un-proyecto-de-ordenanza-para-que-el-distrito-cuente-con-un-nuevo-codigo-de-convivencia-urbana\/#breadcrumb"},"inLanguage":"es","potentialAction":[{"@type":"ReadAction","target":["https:\/\/infoecos.com.ar\/index.php\/el-intendente-de-bolivar-bali-bucca-anticipo-que-enviara-un-proyecto-de-ordenanza-para-que-el-distrito-cuente-con-un-nuevo-codigo-de-convivencia-urbana\/"]}]},{"@type":"ImageObject","inLanguage":"es","@id":"https:\/\/infoecos.com.ar\/index.php\/el-intendente-de-bolivar-bali-bucca-anticipo-que-enviara-un-proyecto-de-ordenanza-para-que-el-distrito-cuente-con-un-nuevo-codigo-de-convivencia-urbana\/#primaryimage","url":"https:\/\/infoecos.com.ar\/wp-content\/uploads\/2026\/03\/image-182.png","contentUrl":"https:\/\/infoecos.com.ar\/wp-content\/uploads\/2026\/03\/image-182.png","width":992,"height":744},{"@type":"BreadcrumbList","@id":"https:\/\/infoecos.com.ar\/index.php\/el-intendente-de-bolivar-bali-bucca-anticipo-que-enviara-un-proyecto-de-ordenanza-para-que-el-distrito-cuente-con-un-nuevo-codigo-de-convivencia-urbana\/#breadcrumb","itemListElement":[{"@type":"ListItem","position":1,"name":"Portada","item":"https:\/\/infoecos.com.ar\/"},{"@type":"ListItem","position":2,"name":"El intendente de Bol\u00edvar, \u00abBali\u00bb Bucca, anticip\u00f3 que enviar\u00e1 un proyecto de ordenanza para que el distrito cuente con un nuevo c\u00f3digo de convivencia urbana"}]},{"@type":"WebSite","@id":"https:\/\/infoecos.com.ar\/#website","url":"https:\/\/infoecos.com.ar\/","name":"Infoecos","description":"Noticias de trenque lauquen y la zona","publisher":{"@id":"https:\/\/infoecos.com.ar\/#organization"},"alternateName":"Noticias","potentialAction":[{"@type":"SearchAction","target":{"@type":"EntryPoint","urlTemplate":"https:\/\/infoecos.com.ar\/?s={search_term_string}"},"query-input":{"@type":"PropertyValueSpecification","valueRequired":true,"valueName":"search_term_string"}}],"inLanguage":"es"},{"@type":"Organization","@id":"https:\/\/infoecos.com.ar\/#organization","name":"Infoecos","alternateName":"Noticias","url":"https:\/\/infoecos.com.ar\/","logo":{"@type":"ImageObject","inLanguage":"es","@id":"https:\/\/infoecos.com.ar\/#\/schema\/logo\/image\/","url":"https:\/\/infoecos.com.ar\/wp-content\/uploads\/2024\/03\/cropped-logo.png","contentUrl":"https:\/\/infoecos.com.ar\/wp-content\/uploads\/2024\/03\/cropped-logo.png","width":374,"height":90,"caption":"Infoecos"},"image":{"@id":"https:\/\/infoecos.com.ar\/#\/schema\/logo\/image\/"},"sameAs":["https:\/\/www.facebook.com\/profile.php?id=100063200290284","https:\/\/x.com\/infoecos"]},{"@type":"Person","@id":"https:\/\/infoecos.com.ar\/#\/schema\/person\/8f5ace5ce73b4b4aac4b7245aee6f191","name":"Jorge Matheus","url":"https:\/\/infoecos.com.ar\/index.php\/author\/jomatheus\/"}]}},"featured_image_urls":{"full":["https:\/\/infoecos.com.ar\/wp-content\/uploads\/2026\/03\/image-182.png",992,744,false],"thumbnail":["https:\/\/infoecos.com.ar\/wp-content\/uploads\/2026\/03\/image-182-300x150.png",300,150,true],"medium":["https:\/\/infoecos.com.ar\/wp-content\/uploads\/2026\/03\/image-182-800x600.png",800,600,true],"medium_large":["https:\/\/infoecos.com.ar\/wp-content\/uploads\/2026\/03\/image-182-768x576.png",640,480,true],"large":["https:\/\/infoecos.com.ar\/wp-content\/uploads\/2026\/03\/image-182.png",640,480,false],"1536x1536":["https:\/\/infoecos.com.ar\/wp-content\/uploads\/2026\/03\/image-182.png",992,744,false],"2048x2048":["https:\/\/infoecos.com.ar\/wp-content\/uploads\/2026\/03\/image-182.png",992,744,false],"covernews-slider-full":["https:\/\/infoecos.com.ar\/wp-content\/uploads\/2026\/03\/image-182-992x715.png",992,715,true],"covernews-slider-center":["https:\/\/infoecos.com.ar\/wp-content\/uploads\/2026\/03\/image-182-800x500.png",800,500,true],"covernews-featured":["https:\/\/infoecos.com.ar\/wp-content\/uploads\/2026\/03\/image-182.png",992,744,false],"covernews-medium":["https:\/\/infoecos.com.ar\/wp-content\/uploads\/2026\/03\/image-182-540x340.png",540,340,true],"covernews-medium-square":["https:\/\/infoecos.com.ar\/wp-content\/uploads\/2026\/03\/image-182-400x250.png",400,250,true]},"author_info":{"info":["Jorge Matheus"]},"category_info":"<a href=\"https:\/\/infoecos.com.ar\/index.php\/category\/sin-categoria\/\" rel=\"category tag\">Sin categor\u00eda<\/a>","tag_info":"Sin categor\u00eda","comment_count":"0","_links":{"self":[{"href":"https:\/\/infoecos.com.ar\/index.php\/wp-json\/wp\/v2\/posts\/155270"}],"collection":[{"href":"https:\/\/infoecos.com.ar\/index.php\/wp-json\/wp\/v2\/posts"}],"about":[{"href":"https:\/\/infoecos.com.ar\/index.php\/wp-json\/wp\/v2\/types\/post"}],"author":[{"embeddable":true,"href":"https:\/\/infoecos.com.ar\/index.php\/wp-json\/wp\/v2\/users\/2"}],"replies":[{"embeddable":true,"href":"https:\/\/infoecos.com.ar\/index.php\/wp-json\/wp\/v2\/comments?post=155270"}],"version-history":[{"count":1,"href":"https:\/\/infoecos.com.ar\/index.php\/wp-json\/wp\/v2\/posts\/155270\/revisions"}],"predecessor-version":[{"id":155273,"href":"https:\/\/infoecos.com.ar\/index.php\/wp-json\/wp\/v2\/posts\/155270\/revisions\/155273"}],"wp:featuredmedia":[{"embeddable":true,"href":"https:\/\/infoecos.com.ar\/index.php\/wp-json\/wp\/v2\/media\/155272"}],"wp:attachment":[{"href":"https:\/\/infoecos.com.ar\/index.php\/wp-json\/wp\/v2\/media?parent=155270"}],"wp:term":[{"taxonomy":"category","embeddable":true,"href":"https:\/\/infoecos.com.ar\/index.php\/wp-json\/wp\/v2\/categories?post=155270"},{"taxonomy":"post_tag","embeddable":true,"href":"https:\/\/infoecos.com.ar\/index.php\/wp-json\/wp\/v2\/tags?post=155270"}],"curies":[{"name":"wp","href":"https:\/\/api.w.org\/{rel}","templated":true}]}}