{"id":155298,"date":"2026-03-19T15:56:29","date_gmt":"2026-03-19T18:56:29","guid":{"rendered":"https:\/\/infoecos.com.ar\/?p=155298"},"modified":"2026-03-21T03:36:37","modified_gmt":"2026-03-21T06:36:37","slug":"avanzan-los-trabajos-de-refaccion-y-puesta-en-valor-de-uno-de-los-lugares-mas-reconocidos-de-la-sociedad-trenquelauquense-la-casa-del-nino","status":"publish","type":"post","link":"https:\/\/infoecos.com.ar\/index.php\/avanzan-los-trabajos-de-refaccion-y-puesta-en-valor-de-uno-de-los-lugares-mas-reconocidos-de-la-sociedad-trenquelauquense-la-casa-del-nino\/","title":{"rendered":"Avanzan los trabajos de refacci\u00f3n y puesta en valor de uno de los lugares m\u00e1s reconocidos de la sociedad trenquelauquense: la Casa del Ni\u00f1o"},"content":{"rendered":"\n<p>Qued\u00f3 finalizada la primera etapa del proyecto de refacci\u00f3n y puesta en valor de la Casa del Ni\u00f1o de Trenque Lauquen.<\/p>\n\n\n\n<p>Se ejecutaron tareas en el gimnasio con la reparaci\u00f3n de paredes interiores que estaban afectadas por la humedad, la ejecuci\u00f3n de las nuevas bajadas de desag\u00fces pluviales para evitar filtraciones, el recambio de policarbonatos de todas las ventanas y la pintura general interior y exterior. <\/p>\n\n\n\n<figure class=\"wp-block-gallery has-nested-images columns-default is-cropped wp-block-gallery-1 is-layout-flex wp-block-gallery-is-layout-flex\">\n<figure class=\"wp-block-image size-large\"><img loading=\"lazy\" decoding=\"async\" width=\"1600\" height=\"1067\" data-id=\"155299\" src=\"https:\/\/infoecos.com.ar\/wp-content\/uploads\/2026\/03\/Casa-del-Nino-8-1600x1067.jpg\" alt=\"\" class=\"wp-image-155299\" srcset=\"https:\/\/infoecos.com.ar\/wp-content\/uploads\/2026\/03\/Casa-del-Nino-8-1600x1067.jpg 1600w, https:\/\/infoecos.com.ar\/wp-content\/uploads\/2026\/03\/Casa-del-Nino-8-800x533.jpg 800w, https:\/\/infoecos.com.ar\/wp-content\/uploads\/2026\/03\/Casa-del-Nino-8-768x512.jpg 768w, https:\/\/infoecos.com.ar\/wp-content\/uploads\/2026\/03\/Casa-del-Nino-8-1536x1024.jpg 1536w, https:\/\/infoecos.com.ar\/wp-content\/uploads\/2026\/03\/Casa-del-Nino-8-2048x1365.jpg 2048w, https:\/\/infoecos.com.ar\/wp-content\/uploads\/2026\/03\/Casa-del-Nino-8-1024x683.jpg 1024w\" sizes=\"(max-width: 1600px) 100vw, 1600px\" \/><\/figure>\n\n\n\n<figure class=\"wp-block-image size-large\"><img loading=\"lazy\" decoding=\"async\" width=\"1600\" height=\"1067\" data-id=\"155301\" src=\"https:\/\/infoecos.com.ar\/wp-content\/uploads\/2026\/03\/Casa-del-Nino-11-1600x1067.jpg\" alt=\"\" class=\"wp-image-155301\" srcset=\"https:\/\/infoecos.com.ar\/wp-content\/uploads\/2026\/03\/Casa-del-Nino-11-1600x1067.jpg 1600w, https:\/\/infoecos.com.ar\/wp-content\/uploads\/2026\/03\/Casa-del-Nino-11-800x533.jpg 800w, https:\/\/infoecos.com.ar\/wp-content\/uploads\/2026\/03\/Casa-del-Nino-11-768x512.jpg 768w, https:\/\/infoecos.com.ar\/wp-content\/uploads\/2026\/03\/Casa-del-Nino-11-1536x1024.jpg 1536w, https:\/\/infoecos.com.ar\/wp-content\/uploads\/2026\/03\/Casa-del-Nino-11-2048x1365.jpg 2048w, https:\/\/infoecos.com.ar\/wp-content\/uploads\/2026\/03\/Casa-del-Nino-11-1024x683.jpg 1024w\" sizes=\"(max-width: 1600px) 100vw, 1600px\" \/><\/figure>\n\n\n\n<figure class=\"wp-block-image size-large\"><img loading=\"lazy\" decoding=\"async\" width=\"1600\" height=\"1067\" data-id=\"155300\" src=\"https:\/\/infoecos.com.ar\/wp-content\/uploads\/2026\/03\/Casa-del-Nino-12-1600x1067.jpg\" alt=\"\" class=\"wp-image-155300\" srcset=\"https:\/\/infoecos.com.ar\/wp-content\/uploads\/2026\/03\/Casa-del-Nino-12-1600x1067.jpg 1600w, https:\/\/infoecos.com.ar\/wp-content\/uploads\/2026\/03\/Casa-del-Nino-12-800x533.jpg 800w, https:\/\/infoecos.com.ar\/wp-content\/uploads\/2026\/03\/Casa-del-Nino-12-768x512.jpg 768w, https:\/\/infoecos.com.ar\/wp-content\/uploads\/2026\/03\/Casa-del-Nino-12-1536x1024.jpg 1536w, https:\/\/infoecos.com.ar\/wp-content\/uploads\/2026\/03\/Casa-del-Nino-12-2048x1365.jpg 2048w, https:\/\/infoecos.com.ar\/wp-content\/uploads\/2026\/03\/Casa-del-Nino-12-1024x683.jpg 1024w\" sizes=\"(max-width: 1600px) 100vw, 1600px\" \/><\/figure>\n<\/figure>\n\n\n\n<p>En el sector de cocina se est\u00e1n realizando tareas que incluyen la reposici\u00f3n de revestimientos cer\u00e1micos, mejoras en el bajo mesada de madera, pintura del cielorraso y trabajos en la cubierta, como sellado y colocaci\u00f3n de babetas, con el objetivo de evitar filtraciones.<\/p>\n\n\n\n<p>En el comedor se avanza con la pintura de paredes y cielorrasos, mientras que en el \u00e1rea administrativa, las tareas contemplan el descenso del cielorraso con placas de yeso, trabajos de masillado y posterior pintura, adem\u00e1s del recambio de artefactos de iluminaci\u00f3n. Tambi\u00e9n se est\u00e1n ejecutando trabajos de pintura exterior en las paredes de los patios.<\/p>\n\n\n\n<figure class=\"wp-block-gallery has-nested-images columns-default is-cropped wp-block-gallery-2 is-layout-flex wp-block-gallery-is-layout-flex\">\n<figure class=\"wp-block-image size-large\"><img loading=\"lazy\" decoding=\"async\" width=\"1600\" height=\"1067\" data-id=\"155303\" src=\"https:\/\/infoecos.com.ar\/wp-content\/uploads\/2026\/03\/Casa-del-Nino-1-1600x1067.jpg\" alt=\"\" class=\"wp-image-155303\" srcset=\"https:\/\/infoecos.com.ar\/wp-content\/uploads\/2026\/03\/Casa-del-Nino-1-1600x1067.jpg 1600w, https:\/\/infoecos.com.ar\/wp-content\/uploads\/2026\/03\/Casa-del-Nino-1-800x533.jpg 800w, https:\/\/infoecos.com.ar\/wp-content\/uploads\/2026\/03\/Casa-del-Nino-1-768x512.jpg 768w, https:\/\/infoecos.com.ar\/wp-content\/uploads\/2026\/03\/Casa-del-Nino-1-1536x1024.jpg 1536w, https:\/\/infoecos.com.ar\/wp-content\/uploads\/2026\/03\/Casa-del-Nino-1-2048x1365.jpg 2048w, https:\/\/infoecos.com.ar\/wp-content\/uploads\/2026\/03\/Casa-del-Nino-1-1024x683.jpg 1024w\" sizes=\"(max-width: 1600px) 100vw, 1600px\" \/><\/figure>\n\n\n\n<figure class=\"wp-block-image size-large\"><img loading=\"lazy\" decoding=\"async\" width=\"1600\" height=\"1067\" data-id=\"155304\" src=\"https:\/\/infoecos.com.ar\/wp-content\/uploads\/2026\/03\/Casa-del-Nino-2-1600x1067.jpg\" alt=\"\" class=\"wp-image-155304\" srcset=\"https:\/\/infoecos.com.ar\/wp-content\/uploads\/2026\/03\/Casa-del-Nino-2-1600x1067.jpg 1600w, https:\/\/infoecos.com.ar\/wp-content\/uploads\/2026\/03\/Casa-del-Nino-2-800x533.jpg 800w, https:\/\/infoecos.com.ar\/wp-content\/uploads\/2026\/03\/Casa-del-Nino-2-768x512.jpg 768w, https:\/\/infoecos.com.ar\/wp-content\/uploads\/2026\/03\/Casa-del-Nino-2-1536x1024.jpg 1536w, https:\/\/infoecos.com.ar\/wp-content\/uploads\/2026\/03\/Casa-del-Nino-2-2048x1365.jpg 2048w, https:\/\/infoecos.com.ar\/wp-content\/uploads\/2026\/03\/Casa-del-Nino-2-1024x683.jpg 1024w\" sizes=\"(max-width: 1600px) 100vw, 1600px\" \/><\/figure>\n\n\n\n<figure class=\"wp-block-image size-large\"><img loading=\"lazy\" decoding=\"async\" width=\"1600\" height=\"1066\" data-id=\"155302\" src=\"https:\/\/infoecos.com.ar\/wp-content\/uploads\/2026\/03\/Casa-del-Nino-3.jpeg\" alt=\"\" class=\"wp-image-155302\" srcset=\"https:\/\/infoecos.com.ar\/wp-content\/uploads\/2026\/03\/Casa-del-Nino-3.jpeg 1600w, https:\/\/infoecos.com.ar\/wp-content\/uploads\/2026\/03\/Casa-del-Nino-3-800x533.jpeg 800w, https:\/\/infoecos.com.ar\/wp-content\/uploads\/2026\/03\/Casa-del-Nino-3-768x512.jpeg 768w, https:\/\/infoecos.com.ar\/wp-content\/uploads\/2026\/03\/Casa-del-Nino-3-1536x1023.jpeg 1536w, https:\/\/infoecos.com.ar\/wp-content\/uploads\/2026\/03\/Casa-del-Nino-3-1024x682.jpeg 1024w\" sizes=\"(max-width: 1600px) 100vw, 1600px\" \/><\/figure>\n<\/figure>\n\n\n\n<p>Se restaur\u00f3 el mural denominado \u201cEl Hogar\u201d ubicado en el gimnasio, que hab\u00eda sido pintado en el a\u00f1o 2001. Los trabajos estuvieron a cargo de Mauricio D\u00edaz Silva, junto a Josefina Capelle y Juan Orellana, coordinados por Germ\u00e1n Villamor.<\/p>\n","protected":false},"excerpt":{"rendered":"<p>Qued\u00f3 finalizada la primera etapa del proyecto<\/p>\n","protected":false},"author":2,"featured_media":155302,"comment_status":"closed","ping_status":"open","sticky":false,"template":"","format":"standard","meta":{"footnotes":""},"categories":[1],"tags":[10304,1750,156],"class_list":["post-155298","post","type-post","status-publish","format-standard","has-post-thumbnail","hentry","category-sin-categoria","tag-actualidad","tag-deporte","tag-salud"],"yoast_head":"<!-- This site is optimized with the Yoast SEO plugin v23.4 - https:\/\/yoast.com\/wordpress\/plugins\/seo\/ -->\n<title>Avanzan los trabajos de refacci\u00f3n y puesta en valor de uno de los lugares m\u00e1s reconocidos de la sociedad trenquelauquense: la Casa del Ni\u00f1o - Infoecos<\/title>\n<meta name=\"robots\" content=\"index, follow, max-snippet:-1, max-image-preview:large, max-video-preview:-1\" \/>\n<link rel=\"canonical\" href=\"https:\/\/infoecos.com.ar\/index.php\/avanzan-los-trabajos-de-refaccion-y-puesta-en-valor-de-uno-de-los-lugares-mas-reconocidos-de-la-sociedad-trenquelauquense-la-casa-del-nino\/\" \/>\n<meta property=\"og:locale\" content=\"es_ES\" \/>\n<meta property=\"og:type\" content=\"article\" \/>\n<meta property=\"og:title\" content=\"Avanzan los trabajos de refacci\u00f3n y puesta en valor de uno de los lugares m\u00e1s reconocidos de la sociedad trenquelauquense: la Casa del Ni\u00f1o - Infoecos\" \/>\n<meta property=\"og:description\" content=\"Qued\u00f3 finalizada la primera etapa del proyecto\" \/>\n<meta property=\"og:url\" content=\"https:\/\/infoecos.com.ar\/index.php\/avanzan-los-trabajos-de-refaccion-y-puesta-en-valor-de-uno-de-los-lugares-mas-reconocidos-de-la-sociedad-trenquelauquense-la-casa-del-nino\/\" \/>\n<meta property=\"og:site_name\" content=\"Infoecos\" \/>\n<meta property=\"article:publisher\" content=\"https:\/\/www.facebook.com\/profile.php?id=100063200290284\" \/>\n<meta property=\"article:published_time\" content=\"2026-03-19T18:56:29+00:00\" \/>\n<meta property=\"article:modified_time\" content=\"2026-03-21T06:36:37+00:00\" \/>\n<meta property=\"og:image\" content=\"https:\/\/infoecos.com.ar\/wp-content\/uploads\/2026\/03\/Casa-del-Nino-3.jpeg\" \/>\n\t<meta property=\"og:image:width\" content=\"1600\" \/>\n\t<meta property=\"og:image:height\" content=\"1066\" \/>\n\t<meta property=\"og:image:type\" content=\"image\/jpeg\" \/>\n<meta name=\"author\" content=\"Jorge Matheus\" \/>\n<meta name=\"twitter:card\" content=\"summary_large_image\" \/>\n<meta name=\"twitter:creator\" content=\"@infoecos\" \/>\n<meta name=\"twitter:site\" content=\"@infoecos\" \/>\n<meta name=\"twitter:label1\" content=\"Escrito por\" \/>\n\t<meta name=\"twitter:data1\" content=\"Jorge Matheus\" \/>\n\t<meta name=\"twitter:label2\" content=\"Tiempo de lectura\" \/>\n\t<meta name=\"twitter:data2\" content=\"3 minutos\" \/>\n<script type=\"application\/ld+json\" class=\"yoast-schema-graph\">{\"@context\":\"https:\/\/schema.org\",\"@graph\":[{\"@type\":\"Article\",\"@id\":\"https:\/\/infoecos.com.ar\/index.php\/avanzan-los-trabajos-de-refaccion-y-puesta-en-valor-de-uno-de-los-lugares-mas-reconocidos-de-la-sociedad-trenquelauquense-la-casa-del-nino\/#article\",\"isPartOf\":{\"@id\":\"https:\/\/infoecos.com.ar\/index.php\/avanzan-los-trabajos-de-refaccion-y-puesta-en-valor-de-uno-de-los-lugares-mas-reconocidos-de-la-sociedad-trenquelauquense-la-casa-del-nino\/\"},\"author\":{\"name\":\"Jorge Matheus\",\"@id\":\"https:\/\/infoecos.com.ar\/#\/schema\/person\/8f5ace5ce73b4b4aac4b7245aee6f191\"},\"headline\":\"Avanzan los trabajos de refacci\u00f3n y puesta en valor de uno de los lugares m\u00e1s reconocidos de la sociedad trenquelauquense: la Casa del Ni\u00f1o\",\"datePublished\":\"2026-03-19T18:56:29+00:00\",\"dateModified\":\"2026-03-21T06:36:37+00:00\",\"mainEntityOfPage\":{\"@id\":\"https:\/\/infoecos.com.ar\/index.php\/avanzan-los-trabajos-de-refaccion-y-puesta-en-valor-de-uno-de-los-lugares-mas-reconocidos-de-la-sociedad-trenquelauquense-la-casa-del-nino\/\"},\"wordCount\":247,\"publisher\":{\"@id\":\"https:\/\/infoecos.com.ar\/#organization\"},\"image\":{\"@id\":\"https:\/\/infoecos.com.ar\/index.php\/avanzan-los-trabajos-de-refaccion-y-puesta-en-valor-de-uno-de-los-lugares-mas-reconocidos-de-la-sociedad-trenquelauquense-la-casa-del-nino\/#primaryimage\"},\"thumbnailUrl\":\"https:\/\/infoecos.com.ar\/wp-content\/uploads\/2026\/03\/Casa-del-Nino-3.jpeg\",\"keywords\":[\"Actualidad\",\"DEPORTE\",\"SALUD\"],\"inLanguage\":\"es\"},{\"@type\":\"WebPage\",\"@id\":\"https:\/\/infoecos.com.ar\/index.php\/avanzan-los-trabajos-de-refaccion-y-puesta-en-valor-de-uno-de-los-lugares-mas-reconocidos-de-la-sociedad-trenquelauquense-la-casa-del-nino\/\",\"url\":\"https:\/\/infoecos.com.ar\/index.php\/avanzan-los-trabajos-de-refaccion-y-puesta-en-valor-de-uno-de-los-lugares-mas-reconocidos-de-la-sociedad-trenquelauquense-la-casa-del-nino\/\",\"name\":\"Avanzan los trabajos de refacci\u00f3n y puesta en valor de uno de los lugares m\u00e1s reconocidos de la sociedad trenquelauquense: la Casa del Ni\u00f1o - Infoecos\",\"isPartOf\":{\"@id\":\"https:\/\/infoecos.com.ar\/#website\"},\"primaryImageOfPage\":{\"@id\":\"https:\/\/infoecos.com.ar\/index.php\/avanzan-los-trabajos-de-refaccion-y-puesta-en-valor-de-uno-de-los-lugares-mas-reconocidos-de-la-sociedad-trenquelauquense-la-casa-del-nino\/#primaryimage\"},\"image\":{\"@id\":\"https:\/\/infoecos.com.ar\/index.php\/avanzan-los-trabajos-de-refaccion-y-puesta-en-valor-de-uno-de-los-lugares-mas-reconocidos-de-la-sociedad-trenquelauquense-la-casa-del-nino\/#primaryimage\"},\"thumbnailUrl\":\"https:\/\/infoecos.com.ar\/wp-content\/uploads\/2026\/03\/Casa-del-Nino-3.jpeg\",\"datePublished\":\"2026-03-19T18:56:29+00:00\",\"dateModified\":\"2026-03-21T06:36:37+00:00\",\"breadcrumb\":{\"@id\":\"https:\/\/infoecos.com.ar\/index.php\/avanzan-los-trabajos-de-refaccion-y-puesta-en-valor-de-uno-de-los-lugares-mas-reconocidos-de-la-sociedad-trenquelauquense-la-casa-del-nino\/#breadcrumb\"},\"inLanguage\":\"es\",\"potentialAction\":[{\"@type\":\"ReadAction\",\"target\":[\"https:\/\/infoecos.com.ar\/index.php\/avanzan-los-trabajos-de-refaccion-y-puesta-en-valor-de-uno-de-los-lugares-mas-reconocidos-de-la-sociedad-trenquelauquense-la-casa-del-nino\/\"]}]},{\"@type\":\"ImageObject\",\"inLanguage\":\"es\",\"@id\":\"https:\/\/infoecos.com.ar\/index.php\/avanzan-los-trabajos-de-refaccion-y-puesta-en-valor-de-uno-de-los-lugares-mas-reconocidos-de-la-sociedad-trenquelauquense-la-casa-del-nino\/#primaryimage\",\"url\":\"https:\/\/infoecos.com.ar\/wp-content\/uploads\/2026\/03\/Casa-del-Nino-3.jpeg\",\"contentUrl\":\"https:\/\/infoecos.com.ar\/wp-content\/uploads\/2026\/03\/Casa-del-Nino-3.jpeg\",\"width\":1600,\"height\":1066},{\"@type\":\"BreadcrumbList\",\"@id\":\"https:\/\/infoecos.com.ar\/index.php\/avanzan-los-trabajos-de-refaccion-y-puesta-en-valor-de-uno-de-los-lugares-mas-reconocidos-de-la-sociedad-trenquelauquense-la-casa-del-nino\/#breadcrumb\",\"itemListElement\":[{\"@type\":\"ListItem\",\"position\":1,\"name\":\"Portada\",\"item\":\"https:\/\/infoecos.com.ar\/\"},{\"@type\":\"ListItem\",\"position\":2,\"name\":\"Avanzan los trabajos de refacci\u00f3n y puesta en valor de uno de los lugares m\u00e1s reconocidos de la sociedad trenquelauquense: la Casa del Ni\u00f1o\"}]},{\"@type\":\"WebSite\",\"@id\":\"https:\/\/infoecos.com.ar\/#website\",\"url\":\"https:\/\/infoecos.com.ar\/\",\"name\":\"Infoecos\",\"description\":\"Noticias de trenque lauquen y la zona\",\"publisher\":{\"@id\":\"https:\/\/infoecos.com.ar\/#organization\"},\"alternateName\":\"Noticias\",\"potentialAction\":[{\"@type\":\"SearchAction\",\"target\":{\"@type\":\"EntryPoint\",\"urlTemplate\":\"https:\/\/infoecos.com.ar\/?s={search_term_string}\"},\"query-input\":{\"@type\":\"PropertyValueSpecification\",\"valueRequired\":true,\"valueName\":\"search_term_string\"}}],\"inLanguage\":\"es\"},{\"@type\":\"Organization\",\"@id\":\"https:\/\/infoecos.com.ar\/#organization\",\"name\":\"Infoecos\",\"alternateName\":\"Noticias\",\"url\":\"https:\/\/infoecos.com.ar\/\",\"logo\":{\"@type\":\"ImageObject\",\"inLanguage\":\"es\",\"@id\":\"https:\/\/infoecos.com.ar\/#\/schema\/logo\/image\/\",\"url\":\"https:\/\/infoecos.com.ar\/wp-content\/uploads\/2024\/03\/cropped-logo.png\",\"contentUrl\":\"https:\/\/infoecos.com.ar\/wp-content\/uploads\/2024\/03\/cropped-logo.png\",\"width\":374,\"height\":90,\"caption\":\"Infoecos\"},\"image\":{\"@id\":\"https:\/\/infoecos.com.ar\/#\/schema\/logo\/image\/\"},\"sameAs\":[\"https:\/\/www.facebook.com\/profile.php?id=100063200290284\",\"https:\/\/x.com\/infoecos\"]},{\"@type\":\"Person\",\"@id\":\"https:\/\/infoecos.com.ar\/#\/schema\/person\/8f5ace5ce73b4b4aac4b7245aee6f191\",\"name\":\"Jorge Matheus\",\"url\":\"https:\/\/infoecos.com.ar\/index.php\/author\/jomatheus\/\"}]}<\/script>\n<!-- \/ Yoast SEO plugin. -->","yoast_head_json":{"title":"Avanzan los trabajos de refacci\u00f3n y puesta en valor de uno de los lugares m\u00e1s reconocidos de la sociedad trenquelauquense: la Casa del Ni\u00f1o - Infoecos","robots":{"index":"index","follow":"follow","max-snippet":"max-snippet:-1","max-image-preview":"max-image-preview:large","max-video-preview":"max-video-preview:-1"},"canonical":"https:\/\/infoecos.com.ar\/index.php\/avanzan-los-trabajos-de-refaccion-y-puesta-en-valor-de-uno-de-los-lugares-mas-reconocidos-de-la-sociedad-trenquelauquense-la-casa-del-nino\/","og_locale":"es_ES","og_type":"article","og_title":"Avanzan los trabajos de refacci\u00f3n y puesta en valor de uno de los lugares m\u00e1s reconocidos de la sociedad trenquelauquense: la Casa del Ni\u00f1o - Infoecos","og_description":"Qued\u00f3 finalizada la primera etapa del proyecto","og_url":"https:\/\/infoecos.com.ar\/index.php\/avanzan-los-trabajos-de-refaccion-y-puesta-en-valor-de-uno-de-los-lugares-mas-reconocidos-de-la-sociedad-trenquelauquense-la-casa-del-nino\/","og_site_name":"Infoecos","article_publisher":"https:\/\/www.facebook.com\/profile.php?id=100063200290284","article_published_time":"2026-03-19T18:56:29+00:00","article_modified_time":"2026-03-21T06:36:37+00:00","og_image":[{"width":1600,"height":1066,"url":"https:\/\/infoecos.com.ar\/wp-content\/uploads\/2026\/03\/Casa-del-Nino-3.jpeg","type":"image\/jpeg"}],"author":"Jorge Matheus","twitter_card":"summary_large_image","twitter_creator":"@infoecos","twitter_site":"@infoecos","twitter_misc":{"Escrito por":"Jorge Matheus","Tiempo de lectura":"3 minutos"},"schema":{"@context":"https:\/\/schema.org","@graph":[{"@type":"Article","@id":"https:\/\/infoecos.com.ar\/index.php\/avanzan-los-trabajos-de-refaccion-y-puesta-en-valor-de-uno-de-los-lugares-mas-reconocidos-de-la-sociedad-trenquelauquense-la-casa-del-nino\/#article","isPartOf":{"@id":"https:\/\/infoecos.com.ar\/index.php\/avanzan-los-trabajos-de-refaccion-y-puesta-en-valor-de-uno-de-los-lugares-mas-reconocidos-de-la-sociedad-trenquelauquense-la-casa-del-nino\/"},"author":{"name":"Jorge Matheus","@id":"https:\/\/infoecos.com.ar\/#\/schema\/person\/8f5ace5ce73b4b4aac4b7245aee6f191"},"headline":"Avanzan los trabajos de refacci\u00f3n y puesta en valor de uno de los lugares m\u00e1s reconocidos de la sociedad trenquelauquense: la Casa del Ni\u00f1o","datePublished":"2026-03-19T18:56:29+00:00","dateModified":"2026-03-21T06:36:37+00:00","mainEntityOfPage":{"@id":"https:\/\/infoecos.com.ar\/index.php\/avanzan-los-trabajos-de-refaccion-y-puesta-en-valor-de-uno-de-los-lugares-mas-reconocidos-de-la-sociedad-trenquelauquense-la-casa-del-nino\/"},"wordCount":247,"publisher":{"@id":"https:\/\/infoecos.com.ar\/#organization"},"image":{"@id":"https:\/\/infoecos.com.ar\/index.php\/avanzan-los-trabajos-de-refaccion-y-puesta-en-valor-de-uno-de-los-lugares-mas-reconocidos-de-la-sociedad-trenquelauquense-la-casa-del-nino\/#primaryimage"},"thumbnailUrl":"https:\/\/infoecos.com.ar\/wp-content\/uploads\/2026\/03\/Casa-del-Nino-3.jpeg","keywords":["Actualidad","DEPORTE","SALUD"],"inLanguage":"es"},{"@type":"WebPage","@id":"https:\/\/infoecos.com.ar\/index.php\/avanzan-los-trabajos-de-refaccion-y-puesta-en-valor-de-uno-de-los-lugares-mas-reconocidos-de-la-sociedad-trenquelauquense-la-casa-del-nino\/","url":"https:\/\/infoecos.com.ar\/index.php\/avanzan-los-trabajos-de-refaccion-y-puesta-en-valor-de-uno-de-los-lugares-mas-reconocidos-de-la-sociedad-trenquelauquense-la-casa-del-nino\/","name":"Avanzan los trabajos de refacci\u00f3n y puesta en valor de uno de los lugares m\u00e1s reconocidos de la sociedad trenquelauquense: la Casa del Ni\u00f1o - Infoecos","isPartOf":{"@id":"https:\/\/infoecos.com.ar\/#website"},"primaryImageOfPage":{"@id":"https:\/\/infoecos.com.ar\/index.php\/avanzan-los-trabajos-de-refaccion-y-puesta-en-valor-de-uno-de-los-lugares-mas-reconocidos-de-la-sociedad-trenquelauquense-la-casa-del-nino\/#primaryimage"},"image":{"@id":"https:\/\/infoecos.com.ar\/index.php\/avanzan-los-trabajos-de-refaccion-y-puesta-en-valor-de-uno-de-los-lugares-mas-reconocidos-de-la-sociedad-trenquelauquense-la-casa-del-nino\/#primaryimage"},"thumbnailUrl":"https:\/\/infoecos.com.ar\/wp-content\/uploads\/2026\/03\/Casa-del-Nino-3.jpeg","datePublished":"2026-03-19T18:56:29+00:00","dateModified":"2026-03-21T06:36:37+00:00","breadcrumb":{"@id":"https:\/\/infoecos.com.ar\/index.php\/avanzan-los-trabajos-de-refaccion-y-puesta-en-valor-de-uno-de-los-lugares-mas-reconocidos-de-la-sociedad-trenquelauquense-la-casa-del-nino\/#breadcrumb"},"inLanguage":"es","potentialAction":[{"@type":"ReadAction","target":["https:\/\/infoecos.com.ar\/index.php\/avanzan-los-trabajos-de-refaccion-y-puesta-en-valor-de-uno-de-los-lugares-mas-reconocidos-de-la-sociedad-trenquelauquense-la-casa-del-nino\/"]}]},{"@type":"ImageObject","inLanguage":"es","@id":"https:\/\/infoecos.com.ar\/index.php\/avanzan-los-trabajos-de-refaccion-y-puesta-en-valor-de-uno-de-los-lugares-mas-reconocidos-de-la-sociedad-trenquelauquense-la-casa-del-nino\/#primaryimage","url":"https:\/\/infoecos.com.ar\/wp-content\/uploads\/2026\/03\/Casa-del-Nino-3.jpeg","contentUrl":"https:\/\/infoecos.com.ar\/wp-content\/uploads\/2026\/03\/Casa-del-Nino-3.jpeg","width":1600,"height":1066},{"@type":"BreadcrumbList","@id":"https:\/\/infoecos.com.ar\/index.php\/avanzan-los-trabajos-de-refaccion-y-puesta-en-valor-de-uno-de-los-lugares-mas-reconocidos-de-la-sociedad-trenquelauquense-la-casa-del-nino\/#breadcrumb","itemListElement":[{"@type":"ListItem","position":1,"name":"Portada","item":"https:\/\/infoecos.com.ar\/"},{"@type":"ListItem","position":2,"name":"Avanzan los trabajos de refacci\u00f3n y puesta en valor de uno de los lugares m\u00e1s reconocidos de la sociedad trenquelauquense: la Casa del Ni\u00f1o"}]},{"@type":"WebSite","@id":"https:\/\/infoecos.com.ar\/#website","url":"https:\/\/infoecos.com.ar\/","name":"Infoecos","description":"Noticias de trenque lauquen y la zona","publisher":{"@id":"https:\/\/infoecos.com.ar\/#organization"},"alternateName":"Noticias","potentialAction":[{"@type":"SearchAction","target":{"@type":"EntryPoint","urlTemplate":"https:\/\/infoecos.com.ar\/?s={search_term_string}"},"query-input":{"@type":"PropertyValueSpecification","valueRequired":true,"valueName":"search_term_string"}}],"inLanguage":"es"},{"@type":"Organization","@id":"https:\/\/infoecos.com.ar\/#organization","name":"Infoecos","alternateName":"Noticias","url":"https:\/\/infoecos.com.ar\/","logo":{"@type":"ImageObject","inLanguage":"es","@id":"https:\/\/infoecos.com.ar\/#\/schema\/logo\/image\/","url":"https:\/\/infoecos.com.ar\/wp-content\/uploads\/2024\/03\/cropped-logo.png","contentUrl":"https:\/\/infoecos.com.ar\/wp-content\/uploads\/2024\/03\/cropped-logo.png","width":374,"height":90,"caption":"Infoecos"},"image":{"@id":"https:\/\/infoecos.com.ar\/#\/schema\/logo\/image\/"},"sameAs":["https:\/\/www.facebook.com\/profile.php?id=100063200290284","https:\/\/x.com\/infoecos"]},{"@type":"Person","@id":"https:\/\/infoecos.com.ar\/#\/schema\/person\/8f5ace5ce73b4b4aac4b7245aee6f191","name":"Jorge Matheus","url":"https:\/\/infoecos.com.ar\/index.php\/author\/jomatheus\/"}]}},"featured_image_urls":{"full":["https:\/\/infoecos.com.ar\/wp-content\/uploads\/2026\/03\/Casa-del-Nino-3.jpeg",1600,1066,false],"thumbnail":["https:\/\/infoecos.com.ar\/wp-content\/uploads\/2026\/03\/Casa-del-Nino-3-300x150.jpeg",300,150,true],"medium":["https:\/\/infoecos.com.ar\/wp-content\/uploads\/2026\/03\/Casa-del-Nino-3-800x533.jpeg",800,533,true],"medium_large":["https:\/\/infoecos.com.ar\/wp-content\/uploads\/2026\/03\/Casa-del-Nino-3-768x512.jpeg",640,427,true],"large":["https:\/\/infoecos.com.ar\/wp-content\/uploads\/2026\/03\/Casa-del-Nino-3.jpeg",640,426,false],"1536x1536":["https:\/\/infoecos.com.ar\/wp-content\/uploads\/2026\/03\/Casa-del-Nino-3-1536x1023.jpeg",1536,1023,true],"2048x2048":["https:\/\/infoecos.com.ar\/wp-content\/uploads\/2026\/03\/Casa-del-Nino-3.jpeg",1600,1066,false],"covernews-slider-full":["https:\/\/infoecos.com.ar\/wp-content\/uploads\/2026\/03\/Casa-del-Nino-3-1115x715.jpeg",1115,715,true],"covernews-slider-center":["https:\/\/infoecos.com.ar\/wp-content\/uploads\/2026\/03\/Casa-del-Nino-3-800x500.jpeg",800,500,true],"covernews-featured":["https:\/\/infoecos.com.ar\/wp-content\/uploads\/2026\/03\/Casa-del-Nino-3-1024x682.jpeg",1024,682,true],"covernews-medium":["https:\/\/infoecos.com.ar\/wp-content\/uploads\/2026\/03\/Casa-del-Nino-3-540x340.jpeg",540,340,true],"covernews-medium-square":["https:\/\/infoecos.com.ar\/wp-content\/uploads\/2026\/03\/Casa-del-Nino-3-400x250.jpeg",400,250,true]},"author_info":{"info":["Jorge Matheus"]},"category_info":"<a href=\"https:\/\/infoecos.com.ar\/index.php\/category\/sin-categoria\/\" rel=\"category tag\">Sin categor\u00eda<\/a>","tag_info":"Sin categor\u00eda","comment_count":"0","_links":{"self":[{"href":"https:\/\/infoecos.com.ar\/index.php\/wp-json\/wp\/v2\/posts\/155298"}],"collection":[{"href":"https:\/\/infoecos.com.ar\/index.php\/wp-json\/wp\/v2\/posts"}],"about":[{"href":"https:\/\/infoecos.com.ar\/index.php\/wp-json\/wp\/v2\/types\/post"}],"author":[{"embeddable":true,"href":"https:\/\/infoecos.com.ar\/index.php\/wp-json\/wp\/v2\/users\/2"}],"replies":[{"embeddable":true,"href":"https:\/\/infoecos.com.ar\/index.php\/wp-json\/wp\/v2\/comments?post=155298"}],"version-history":[{"count":1,"href":"https:\/\/infoecos.com.ar\/index.php\/wp-json\/wp\/v2\/posts\/155298\/revisions"}],"predecessor-version":[{"id":155305,"href":"https:\/\/infoecos.com.ar\/index.php\/wp-json\/wp\/v2\/posts\/155298\/revisions\/155305"}],"wp:featuredmedia":[{"embeddable":true,"href":"https:\/\/infoecos.com.ar\/index.php\/wp-json\/wp\/v2\/media\/155302"}],"wp:attachment":[{"href":"https:\/\/infoecos.com.ar\/index.php\/wp-json\/wp\/v2\/media?parent=155298"}],"wp:term":[{"taxonomy":"category","embeddable":true,"href":"https:\/\/infoecos.com.ar\/index.php\/wp-json\/wp\/v2\/categories?post=155298"},{"taxonomy":"post_tag","embeddable":true,"href":"https:\/\/infoecos.com.ar\/index.php\/wp-json\/wp\/v2\/tags?post=155298"}],"curies":[{"name":"wp","href":"https:\/\/api.w.org\/{rel}","templated":true}]}}