{"id":155478,"date":"2026-03-23T16:47:19","date_gmt":"2026-03-23T19:47:19","guid":{"rendered":"https:\/\/infoecos.com.ar\/?p=155478"},"modified":"2026-03-25T02:19:31","modified_gmt":"2026-03-25T05:19:31","slug":"operativos-de-transito-en-lincoln-9-motos-secuestradas-por-diferentes-infracciones","status":"publish","type":"post","link":"https:\/\/infoecos.com.ar\/index.php\/operativos-de-transito-en-lincoln-9-motos-secuestradas-por-diferentes-infracciones\/","title":{"rendered":"Operativos de tr\u00e1nsito en Lincoln: 9 motos secuestradas\u00a0por diferentes infracciones"},"content":{"rendered":"\n<p>Durante este s\u00e1bado y domingo la Direcci\u00f3n de Tr\u00e1nsito de Lincoln continu\u00f3 con los operativos de tr\u00e1nsito. Arroj\u00f3 como resultado un total de 9 motos secuestradas\u00a0por diferentes infracciones.\u00a0<\/p>\n\n\n\n<p>Se desarrollaron varios operativos que permitieron la interceptaci\u00f3n de motocicletas que se encontraban en infracci\u00f3n. \u00a0<\/p>\n\n\n\n<p>En total se labraron 20 actas a este tipo de rodados. <\/p>\n\n\n\n<p>\u201cDe forma permanente continuamos trabajando en distintos operativos de saturaci\u00f3n, en especial en horarios de nocturnidad donde es com\u00fan encontrar muchos infractores que no cuentan con documentaci\u00f3n reglamentaria para circular; en algunos casos tambi\u00e9n se da la condici\u00f3n de menores al volante y muchas infracciones por circular con motocicletas que tienen ca\u00f1o de escape adulterado o maniobras totalmente ilegales\u201d, mencionaron desde la Direcci\u00f3n de Tr\u00e1nsito. \u00a0<\/p>\n\n\n\n<figure class=\"wp-block-gallery has-nested-images columns-default is-cropped wp-block-gallery-1 is-layout-flex wp-block-gallery-is-layout-flex\">\n<figure class=\"wp-block-image size-large\"><img loading=\"lazy\" decoding=\"async\" width=\"1600\" height=\"1204\" data-id=\"155482\" src=\"https:\/\/infoecos.com.ar\/wp-content\/uploads\/2026\/03\/Motos-secuestradas-en-nuevos-operativos-1.jpeg\" alt=\"\" class=\"wp-image-155482\" srcset=\"https:\/\/infoecos.com.ar\/wp-content\/uploads\/2026\/03\/Motos-secuestradas-en-nuevos-operativos-1.jpeg 1600w, https:\/\/infoecos.com.ar\/wp-content\/uploads\/2026\/03\/Motos-secuestradas-en-nuevos-operativos-1-800x602.jpeg 800w, https:\/\/infoecos.com.ar\/wp-content\/uploads\/2026\/03\/Motos-secuestradas-en-nuevos-operativos-1-768x578.jpeg 768w, https:\/\/infoecos.com.ar\/wp-content\/uploads\/2026\/03\/Motos-secuestradas-en-nuevos-operativos-1-1536x1156.jpeg 1536w, https:\/\/infoecos.com.ar\/wp-content\/uploads\/2026\/03\/Motos-secuestradas-en-nuevos-operativos-1-1024x771.jpeg 1024w\" sizes=\"(max-width: 1600px) 100vw, 1600px\" \/><\/figure>\n\n\n\n<figure class=\"wp-block-image size-large\"><img loading=\"lazy\" decoding=\"async\" width=\"1600\" height=\"1204\" data-id=\"155480\" src=\"https:\/\/infoecos.com.ar\/wp-content\/uploads\/2026\/03\/Motos-secuestradas-en-nuevos-operativos-2.jpeg\" alt=\"\" class=\"wp-image-155480\" srcset=\"https:\/\/infoecos.com.ar\/wp-content\/uploads\/2026\/03\/Motos-secuestradas-en-nuevos-operativos-2.jpeg 1600w, https:\/\/infoecos.com.ar\/wp-content\/uploads\/2026\/03\/Motos-secuestradas-en-nuevos-operativos-2-800x602.jpeg 800w, https:\/\/infoecos.com.ar\/wp-content\/uploads\/2026\/03\/Motos-secuestradas-en-nuevos-operativos-2-768x578.jpeg 768w, https:\/\/infoecos.com.ar\/wp-content\/uploads\/2026\/03\/Motos-secuestradas-en-nuevos-operativos-2-1536x1156.jpeg 1536w, https:\/\/infoecos.com.ar\/wp-content\/uploads\/2026\/03\/Motos-secuestradas-en-nuevos-operativos-2-1024x771.jpeg 1024w\" sizes=\"(max-width: 1600px) 100vw, 1600px\" \/><\/figure>\n\n\n\n<figure class=\"wp-block-image size-large\"><img loading=\"lazy\" decoding=\"async\" width=\"1600\" height=\"1200\" data-id=\"155481\" src=\"https:\/\/infoecos.com.ar\/wp-content\/uploads\/2026\/03\/Motos-secuestradas-en-nuevos-operativos-3.jpeg\" alt=\"\" class=\"wp-image-155481\" srcset=\"https:\/\/infoecos.com.ar\/wp-content\/uploads\/2026\/03\/Motos-secuestradas-en-nuevos-operativos-3.jpeg 1600w, https:\/\/infoecos.com.ar\/wp-content\/uploads\/2026\/03\/Motos-secuestradas-en-nuevos-operativos-3-800x600.jpeg 800w, https:\/\/infoecos.com.ar\/wp-content\/uploads\/2026\/03\/Motos-secuestradas-en-nuevos-operativos-3-768x576.jpeg 768w, https:\/\/infoecos.com.ar\/wp-content\/uploads\/2026\/03\/Motos-secuestradas-en-nuevos-operativos-3-1536x1152.jpeg 1536w, https:\/\/infoecos.com.ar\/wp-content\/uploads\/2026\/03\/Motos-secuestradas-en-nuevos-operativos-3-1024x768.jpeg 1024w\" sizes=\"(max-width: 1600px) 100vw, 1600px\" \/><\/figure>\n\n\n\n<figure class=\"wp-block-image size-large\"><img loading=\"lazy\" decoding=\"async\" width=\"1600\" height=\"1204\" data-id=\"155479\" src=\"https:\/\/infoecos.com.ar\/wp-content\/uploads\/2026\/03\/Motos-secuestradas-en-nuevos-operativos-4.jpeg\" alt=\"\" class=\"wp-image-155479\" srcset=\"https:\/\/infoecos.com.ar\/wp-content\/uploads\/2026\/03\/Motos-secuestradas-en-nuevos-operativos-4.jpeg 1600w, https:\/\/infoecos.com.ar\/wp-content\/uploads\/2026\/03\/Motos-secuestradas-en-nuevos-operativos-4-800x602.jpeg 800w, https:\/\/infoecos.com.ar\/wp-content\/uploads\/2026\/03\/Motos-secuestradas-en-nuevos-operativos-4-768x578.jpeg 768w, https:\/\/infoecos.com.ar\/wp-content\/uploads\/2026\/03\/Motos-secuestradas-en-nuevos-operativos-4-1536x1156.jpeg 1536w, https:\/\/infoecos.com.ar\/wp-content\/uploads\/2026\/03\/Motos-secuestradas-en-nuevos-operativos-4-1024x771.jpeg 1024w\" sizes=\"(max-width: 1600px) 100vw, 1600px\" \/><\/figure>\n<\/figure>\n","protected":false},"excerpt":{"rendered":"<p>En total se labraron 20 actas a este tipo de rodados<\/p>\n","protected":false},"author":2,"featured_media":155481,"comment_status":"closed","ping_status":"open","sticky":false,"template":"","format":"standard","meta":{"footnotes":""},"categories":[1],"tags":[10298],"class_list":["post-155478","post","type-post","status-publish","format-standard","has-post-thumbnail","hentry","category-sin-categoria","tag-bloque-inferior"],"yoast_head":"<!-- This site is optimized with the Yoast SEO plugin v23.4 - https:\/\/yoast.com\/wordpress\/plugins\/seo\/ -->\n<title>Operativos de tr\u00e1nsito en Lincoln: 9 motos secuestradas\u00a0por diferentes infracciones - Infoecos<\/title>\n<meta name=\"robots\" content=\"index, follow, max-snippet:-1, max-image-preview:large, max-video-preview:-1\" \/>\n<link rel=\"canonical\" href=\"https:\/\/infoecos.com.ar\/index.php\/operativos-de-transito-en-lincoln-9-motos-secuestradas-por-diferentes-infracciones\/\" \/>\n<meta property=\"og:locale\" content=\"es_ES\" \/>\n<meta property=\"og:type\" content=\"article\" \/>\n<meta property=\"og:title\" content=\"Operativos de tr\u00e1nsito en Lincoln: 9 motos secuestradas\u00a0por diferentes infracciones - Infoecos\" \/>\n<meta property=\"og:description\" content=\"En total se labraron 20 actas a este tipo de rodados\" \/>\n<meta property=\"og:url\" content=\"https:\/\/infoecos.com.ar\/index.php\/operativos-de-transito-en-lincoln-9-motos-secuestradas-por-diferentes-infracciones\/\" \/>\n<meta property=\"og:site_name\" content=\"Infoecos\" \/>\n<meta property=\"article:publisher\" content=\"https:\/\/www.facebook.com\/profile.php?id=100063200290284\" \/>\n<meta property=\"article:published_time\" content=\"2026-03-23T19:47:19+00:00\" \/>\n<meta property=\"article:modified_time\" content=\"2026-03-25T05:19:31+00:00\" \/>\n<meta property=\"og:image\" content=\"https:\/\/infoecos.com.ar\/wp-content\/uploads\/2026\/03\/Motos-secuestradas-en-nuevos-operativos-3.jpeg\" \/>\n\t<meta property=\"og:image:width\" content=\"1600\" \/>\n\t<meta property=\"og:image:height\" content=\"1200\" \/>\n\t<meta property=\"og:image:type\" content=\"image\/jpeg\" \/>\n<meta name=\"author\" content=\"Jorge Matheus\" \/>\n<meta name=\"twitter:card\" content=\"summary_large_image\" \/>\n<meta name=\"twitter:creator\" content=\"@infoecos\" \/>\n<meta name=\"twitter:site\" content=\"@infoecos\" \/>\n<meta name=\"twitter:label1\" content=\"Escrito por\" \/>\n\t<meta name=\"twitter:data1\" content=\"Jorge Matheus\" \/>\n\t<meta name=\"twitter:label2\" content=\"Tiempo de lectura\" \/>\n\t<meta name=\"twitter:data2\" content=\"2 minutos\" \/>\n<script type=\"application\/ld+json\" class=\"yoast-schema-graph\">{\"@context\":\"https:\/\/schema.org\",\"@graph\":[{\"@type\":\"Article\",\"@id\":\"https:\/\/infoecos.com.ar\/index.php\/operativos-de-transito-en-lincoln-9-motos-secuestradas-por-diferentes-infracciones\/#article\",\"isPartOf\":{\"@id\":\"https:\/\/infoecos.com.ar\/index.php\/operativos-de-transito-en-lincoln-9-motos-secuestradas-por-diferentes-infracciones\/\"},\"author\":{\"name\":\"Jorge Matheus\",\"@id\":\"https:\/\/infoecos.com.ar\/#\/schema\/person\/8f5ace5ce73b4b4aac4b7245aee6f191\"},\"headline\":\"Operativos de tr\u00e1nsito en Lincoln: 9 motos secuestradas\u00a0por diferentes infracciones\",\"datePublished\":\"2026-03-23T19:47:19+00:00\",\"dateModified\":\"2026-03-25T05:19:31+00:00\",\"mainEntityOfPage\":{\"@id\":\"https:\/\/infoecos.com.ar\/index.php\/operativos-de-transito-en-lincoln-9-motos-secuestradas-por-diferentes-infracciones\/\"},\"wordCount\":143,\"publisher\":{\"@id\":\"https:\/\/infoecos.com.ar\/#organization\"},\"image\":{\"@id\":\"https:\/\/infoecos.com.ar\/index.php\/operativos-de-transito-en-lincoln-9-motos-secuestradas-por-diferentes-infracciones\/#primaryimage\"},\"thumbnailUrl\":\"https:\/\/infoecos.com.ar\/wp-content\/uploads\/2026\/03\/Motos-secuestradas-en-nuevos-operativos-3.jpeg\",\"keywords\":[\"Bloque inferior\"],\"inLanguage\":\"es\"},{\"@type\":\"WebPage\",\"@id\":\"https:\/\/infoecos.com.ar\/index.php\/operativos-de-transito-en-lincoln-9-motos-secuestradas-por-diferentes-infracciones\/\",\"url\":\"https:\/\/infoecos.com.ar\/index.php\/operativos-de-transito-en-lincoln-9-motos-secuestradas-por-diferentes-infracciones\/\",\"name\":\"Operativos de tr\u00e1nsito en Lincoln: 9 motos secuestradas\u00a0por diferentes infracciones - Infoecos\",\"isPartOf\":{\"@id\":\"https:\/\/infoecos.com.ar\/#website\"},\"primaryImageOfPage\":{\"@id\":\"https:\/\/infoecos.com.ar\/index.php\/operativos-de-transito-en-lincoln-9-motos-secuestradas-por-diferentes-infracciones\/#primaryimage\"},\"image\":{\"@id\":\"https:\/\/infoecos.com.ar\/index.php\/operativos-de-transito-en-lincoln-9-motos-secuestradas-por-diferentes-infracciones\/#primaryimage\"},\"thumbnailUrl\":\"https:\/\/infoecos.com.ar\/wp-content\/uploads\/2026\/03\/Motos-secuestradas-en-nuevos-operativos-3.jpeg\",\"datePublished\":\"2026-03-23T19:47:19+00:00\",\"dateModified\":\"2026-03-25T05:19:31+00:00\",\"breadcrumb\":{\"@id\":\"https:\/\/infoecos.com.ar\/index.php\/operativos-de-transito-en-lincoln-9-motos-secuestradas-por-diferentes-infracciones\/#breadcrumb\"},\"inLanguage\":\"es\",\"potentialAction\":[{\"@type\":\"ReadAction\",\"target\":[\"https:\/\/infoecos.com.ar\/index.php\/operativos-de-transito-en-lincoln-9-motos-secuestradas-por-diferentes-infracciones\/\"]}]},{\"@type\":\"ImageObject\",\"inLanguage\":\"es\",\"@id\":\"https:\/\/infoecos.com.ar\/index.php\/operativos-de-transito-en-lincoln-9-motos-secuestradas-por-diferentes-infracciones\/#primaryimage\",\"url\":\"https:\/\/infoecos.com.ar\/wp-content\/uploads\/2026\/03\/Motos-secuestradas-en-nuevos-operativos-3.jpeg\",\"contentUrl\":\"https:\/\/infoecos.com.ar\/wp-content\/uploads\/2026\/03\/Motos-secuestradas-en-nuevos-operativos-3.jpeg\",\"width\":1600,\"height\":1200},{\"@type\":\"BreadcrumbList\",\"@id\":\"https:\/\/infoecos.com.ar\/index.php\/operativos-de-transito-en-lincoln-9-motos-secuestradas-por-diferentes-infracciones\/#breadcrumb\",\"itemListElement\":[{\"@type\":\"ListItem\",\"position\":1,\"name\":\"Portada\",\"item\":\"https:\/\/infoecos.com.ar\/\"},{\"@type\":\"ListItem\",\"position\":2,\"name\":\"Operativos de tr\u00e1nsito en Lincoln: 9 motos secuestradas\u00a0por diferentes infracciones\"}]},{\"@type\":\"WebSite\",\"@id\":\"https:\/\/infoecos.com.ar\/#website\",\"url\":\"https:\/\/infoecos.com.ar\/\",\"name\":\"Infoecos\",\"description\":\"Noticias de trenque lauquen y la zona\",\"publisher\":{\"@id\":\"https:\/\/infoecos.com.ar\/#organization\"},\"alternateName\":\"Noticias\",\"potentialAction\":[{\"@type\":\"SearchAction\",\"target\":{\"@type\":\"EntryPoint\",\"urlTemplate\":\"https:\/\/infoecos.com.ar\/?s={search_term_string}\"},\"query-input\":{\"@type\":\"PropertyValueSpecification\",\"valueRequired\":true,\"valueName\":\"search_term_string\"}}],\"inLanguage\":\"es\"},{\"@type\":\"Organization\",\"@id\":\"https:\/\/infoecos.com.ar\/#organization\",\"name\":\"Infoecos\",\"alternateName\":\"Noticias\",\"url\":\"https:\/\/infoecos.com.ar\/\",\"logo\":{\"@type\":\"ImageObject\",\"inLanguage\":\"es\",\"@id\":\"https:\/\/infoecos.com.ar\/#\/schema\/logo\/image\/\",\"url\":\"https:\/\/infoecos.com.ar\/wp-content\/uploads\/2024\/03\/cropped-logo.png\",\"contentUrl\":\"https:\/\/infoecos.com.ar\/wp-content\/uploads\/2024\/03\/cropped-logo.png\",\"width\":374,\"height\":90,\"caption\":\"Infoecos\"},\"image\":{\"@id\":\"https:\/\/infoecos.com.ar\/#\/schema\/logo\/image\/\"},\"sameAs\":[\"https:\/\/www.facebook.com\/profile.php?id=100063200290284\",\"https:\/\/x.com\/infoecos\"]},{\"@type\":\"Person\",\"@id\":\"https:\/\/infoecos.com.ar\/#\/schema\/person\/8f5ace5ce73b4b4aac4b7245aee6f191\",\"name\":\"Jorge Matheus\",\"url\":\"https:\/\/infoecos.com.ar\/index.php\/author\/jomatheus\/\"}]}<\/script>\n<!-- \/ Yoast SEO plugin. -->","yoast_head_json":{"title":"Operativos de tr\u00e1nsito en Lincoln: 9 motos secuestradas\u00a0por diferentes infracciones - Infoecos","robots":{"index":"index","follow":"follow","max-snippet":"max-snippet:-1","max-image-preview":"max-image-preview:large","max-video-preview":"max-video-preview:-1"},"canonical":"https:\/\/infoecos.com.ar\/index.php\/operativos-de-transito-en-lincoln-9-motos-secuestradas-por-diferentes-infracciones\/","og_locale":"es_ES","og_type":"article","og_title":"Operativos de tr\u00e1nsito en Lincoln: 9 motos secuestradas\u00a0por diferentes infracciones - Infoecos","og_description":"En total se labraron 20 actas a este tipo de rodados","og_url":"https:\/\/infoecos.com.ar\/index.php\/operativos-de-transito-en-lincoln-9-motos-secuestradas-por-diferentes-infracciones\/","og_site_name":"Infoecos","article_publisher":"https:\/\/www.facebook.com\/profile.php?id=100063200290284","article_published_time":"2026-03-23T19:47:19+00:00","article_modified_time":"2026-03-25T05:19:31+00:00","og_image":[{"width":1600,"height":1200,"url":"https:\/\/infoecos.com.ar\/wp-content\/uploads\/2026\/03\/Motos-secuestradas-en-nuevos-operativos-3.jpeg","type":"image\/jpeg"}],"author":"Jorge Matheus","twitter_card":"summary_large_image","twitter_creator":"@infoecos","twitter_site":"@infoecos","twitter_misc":{"Escrito por":"Jorge Matheus","Tiempo de lectura":"2 minutos"},"schema":{"@context":"https:\/\/schema.org","@graph":[{"@type":"Article","@id":"https:\/\/infoecos.com.ar\/index.php\/operativos-de-transito-en-lincoln-9-motos-secuestradas-por-diferentes-infracciones\/#article","isPartOf":{"@id":"https:\/\/infoecos.com.ar\/index.php\/operativos-de-transito-en-lincoln-9-motos-secuestradas-por-diferentes-infracciones\/"},"author":{"name":"Jorge Matheus","@id":"https:\/\/infoecos.com.ar\/#\/schema\/person\/8f5ace5ce73b4b4aac4b7245aee6f191"},"headline":"Operativos de tr\u00e1nsito en Lincoln: 9 motos secuestradas\u00a0por diferentes infracciones","datePublished":"2026-03-23T19:47:19+00:00","dateModified":"2026-03-25T05:19:31+00:00","mainEntityOfPage":{"@id":"https:\/\/infoecos.com.ar\/index.php\/operativos-de-transito-en-lincoln-9-motos-secuestradas-por-diferentes-infracciones\/"},"wordCount":143,"publisher":{"@id":"https:\/\/infoecos.com.ar\/#organization"},"image":{"@id":"https:\/\/infoecos.com.ar\/index.php\/operativos-de-transito-en-lincoln-9-motos-secuestradas-por-diferentes-infracciones\/#primaryimage"},"thumbnailUrl":"https:\/\/infoecos.com.ar\/wp-content\/uploads\/2026\/03\/Motos-secuestradas-en-nuevos-operativos-3.jpeg","keywords":["Bloque inferior"],"inLanguage":"es"},{"@type":"WebPage","@id":"https:\/\/infoecos.com.ar\/index.php\/operativos-de-transito-en-lincoln-9-motos-secuestradas-por-diferentes-infracciones\/","url":"https:\/\/infoecos.com.ar\/index.php\/operativos-de-transito-en-lincoln-9-motos-secuestradas-por-diferentes-infracciones\/","name":"Operativos de tr\u00e1nsito en Lincoln: 9 motos secuestradas\u00a0por diferentes infracciones - Infoecos","isPartOf":{"@id":"https:\/\/infoecos.com.ar\/#website"},"primaryImageOfPage":{"@id":"https:\/\/infoecos.com.ar\/index.php\/operativos-de-transito-en-lincoln-9-motos-secuestradas-por-diferentes-infracciones\/#primaryimage"},"image":{"@id":"https:\/\/infoecos.com.ar\/index.php\/operativos-de-transito-en-lincoln-9-motos-secuestradas-por-diferentes-infracciones\/#primaryimage"},"thumbnailUrl":"https:\/\/infoecos.com.ar\/wp-content\/uploads\/2026\/03\/Motos-secuestradas-en-nuevos-operativos-3.jpeg","datePublished":"2026-03-23T19:47:19+00:00","dateModified":"2026-03-25T05:19:31+00:00","breadcrumb":{"@id":"https:\/\/infoecos.com.ar\/index.php\/operativos-de-transito-en-lincoln-9-motos-secuestradas-por-diferentes-infracciones\/#breadcrumb"},"inLanguage":"es","potentialAction":[{"@type":"ReadAction","target":["https:\/\/infoecos.com.ar\/index.php\/operativos-de-transito-en-lincoln-9-motos-secuestradas-por-diferentes-infracciones\/"]}]},{"@type":"ImageObject","inLanguage":"es","@id":"https:\/\/infoecos.com.ar\/index.php\/operativos-de-transito-en-lincoln-9-motos-secuestradas-por-diferentes-infracciones\/#primaryimage","url":"https:\/\/infoecos.com.ar\/wp-content\/uploads\/2026\/03\/Motos-secuestradas-en-nuevos-operativos-3.jpeg","contentUrl":"https:\/\/infoecos.com.ar\/wp-content\/uploads\/2026\/03\/Motos-secuestradas-en-nuevos-operativos-3.jpeg","width":1600,"height":1200},{"@type":"BreadcrumbList","@id":"https:\/\/infoecos.com.ar\/index.php\/operativos-de-transito-en-lincoln-9-motos-secuestradas-por-diferentes-infracciones\/#breadcrumb","itemListElement":[{"@type":"ListItem","position":1,"name":"Portada","item":"https:\/\/infoecos.com.ar\/"},{"@type":"ListItem","position":2,"name":"Operativos de tr\u00e1nsito en Lincoln: 9 motos secuestradas\u00a0por diferentes infracciones"}]},{"@type":"WebSite","@id":"https:\/\/infoecos.com.ar\/#website","url":"https:\/\/infoecos.com.ar\/","name":"Infoecos","description":"Noticias de trenque lauquen y la zona","publisher":{"@id":"https:\/\/infoecos.com.ar\/#organization"},"alternateName":"Noticias","potentialAction":[{"@type":"SearchAction","target":{"@type":"EntryPoint","urlTemplate":"https:\/\/infoecos.com.ar\/?s={search_term_string}"},"query-input":{"@type":"PropertyValueSpecification","valueRequired":true,"valueName":"search_term_string"}}],"inLanguage":"es"},{"@type":"Organization","@id":"https:\/\/infoecos.com.ar\/#organization","name":"Infoecos","alternateName":"Noticias","url":"https:\/\/infoecos.com.ar\/","logo":{"@type":"ImageObject","inLanguage":"es","@id":"https:\/\/infoecos.com.ar\/#\/schema\/logo\/image\/","url":"https:\/\/infoecos.com.ar\/wp-content\/uploads\/2024\/03\/cropped-logo.png","contentUrl":"https:\/\/infoecos.com.ar\/wp-content\/uploads\/2024\/03\/cropped-logo.png","width":374,"height":90,"caption":"Infoecos"},"image":{"@id":"https:\/\/infoecos.com.ar\/#\/schema\/logo\/image\/"},"sameAs":["https:\/\/www.facebook.com\/profile.php?id=100063200290284","https:\/\/x.com\/infoecos"]},{"@type":"Person","@id":"https:\/\/infoecos.com.ar\/#\/schema\/person\/8f5ace5ce73b4b4aac4b7245aee6f191","name":"Jorge Matheus","url":"https:\/\/infoecos.com.ar\/index.php\/author\/jomatheus\/"}]}},"featured_image_urls":{"full":["https:\/\/infoecos.com.ar\/wp-content\/uploads\/2026\/03\/Motos-secuestradas-en-nuevos-operativos-3.jpeg",1600,1200,false],"thumbnail":["https:\/\/infoecos.com.ar\/wp-content\/uploads\/2026\/03\/Motos-secuestradas-en-nuevos-operativos-3-300x150.jpeg",300,150,true],"medium":["https:\/\/infoecos.com.ar\/wp-content\/uploads\/2026\/03\/Motos-secuestradas-en-nuevos-operativos-3-800x600.jpeg",800,600,true],"medium_large":["https:\/\/infoecos.com.ar\/wp-content\/uploads\/2026\/03\/Motos-secuestradas-en-nuevos-operativos-3-768x576.jpeg",640,480,true],"large":["https:\/\/infoecos.com.ar\/wp-content\/uploads\/2026\/03\/Motos-secuestradas-en-nuevos-operativos-3.jpeg",640,480,false],"1536x1536":["https:\/\/infoecos.com.ar\/wp-content\/uploads\/2026\/03\/Motos-secuestradas-en-nuevos-operativos-3-1536x1152.jpeg",1536,1152,true],"2048x2048":["https:\/\/infoecos.com.ar\/wp-content\/uploads\/2026\/03\/Motos-secuestradas-en-nuevos-operativos-3.jpeg",1600,1200,false],"covernews-slider-full":["https:\/\/infoecos.com.ar\/wp-content\/uploads\/2026\/03\/Motos-secuestradas-en-nuevos-operativos-3-1115x715.jpeg",1115,715,true],"covernews-slider-center":["https:\/\/infoecos.com.ar\/wp-content\/uploads\/2026\/03\/Motos-secuestradas-en-nuevos-operativos-3-800x500.jpeg",800,500,true],"covernews-featured":["https:\/\/infoecos.com.ar\/wp-content\/uploads\/2026\/03\/Motos-secuestradas-en-nuevos-operativos-3-1024x768.jpeg",1024,768,true],"covernews-medium":["https:\/\/infoecos.com.ar\/wp-content\/uploads\/2026\/03\/Motos-secuestradas-en-nuevos-operativos-3-540x340.jpeg",540,340,true],"covernews-medium-square":["https:\/\/infoecos.com.ar\/wp-content\/uploads\/2026\/03\/Motos-secuestradas-en-nuevos-operativos-3-400x250.jpeg",400,250,true]},"author_info":{"info":["Jorge Matheus"]},"category_info":"<a href=\"https:\/\/infoecos.com.ar\/index.php\/category\/sin-categoria\/\" rel=\"category tag\">Sin categor\u00eda<\/a>","tag_info":"Sin categor\u00eda","comment_count":"0","_links":{"self":[{"href":"https:\/\/infoecos.com.ar\/index.php\/wp-json\/wp\/v2\/posts\/155478"}],"collection":[{"href":"https:\/\/infoecos.com.ar\/index.php\/wp-json\/wp\/v2\/posts"}],"about":[{"href":"https:\/\/infoecos.com.ar\/index.php\/wp-json\/wp\/v2\/types\/post"}],"author":[{"embeddable":true,"href":"https:\/\/infoecos.com.ar\/index.php\/wp-json\/wp\/v2\/users\/2"}],"replies":[{"embeddable":true,"href":"https:\/\/infoecos.com.ar\/index.php\/wp-json\/wp\/v2\/comments?post=155478"}],"version-history":[{"count":1,"href":"https:\/\/infoecos.com.ar\/index.php\/wp-json\/wp\/v2\/posts\/155478\/revisions"}],"predecessor-version":[{"id":155483,"href":"https:\/\/infoecos.com.ar\/index.php\/wp-json\/wp\/v2\/posts\/155478\/revisions\/155483"}],"wp:featuredmedia":[{"embeddable":true,"href":"https:\/\/infoecos.com.ar\/index.php\/wp-json\/wp\/v2\/media\/155481"}],"wp:attachment":[{"href":"https:\/\/infoecos.com.ar\/index.php\/wp-json\/wp\/v2\/media?parent=155478"}],"wp:term":[{"taxonomy":"category","embeddable":true,"href":"https:\/\/infoecos.com.ar\/index.php\/wp-json\/wp\/v2\/categories?post=155478"},{"taxonomy":"post_tag","embeddable":true,"href":"https:\/\/infoecos.com.ar\/index.php\/wp-json\/wp\/v2\/tags?post=155478"}],"curies":[{"name":"wp","href":"https:\/\/api.w.org\/{rel}","templated":true}]}}