{"id":157087,"date":"2026-04-21T14:58:20","date_gmt":"2026-04-21T17:58:20","guid":{"rendered":"https:\/\/infoecos.com.ar\/?p=157087"},"modified":"2026-04-21T14:58:21","modified_gmt":"2026-04-21T17:58:21","slug":"lo-dicen-otros-medios-recoulat-visito-los-estudios-de-radio-libre-fm-103-5","status":"publish","type":"post","link":"https:\/\/infoecos.com.ar\/index.php\/lo-dicen-otros-medios-recoulat-visito-los-estudios-de-radio-libre-fm-103-5\/","title":{"rendered":"Lo dicen otros medios: Recoulat visit\u00f3 los estudios de Radio Libre FM 103.5"},"content":{"rendered":"\n<p>En la tarde del lunes 20 de abril, estuvo en los estudios de Radio Libre FM 103.5; el intendente Francisco Recaulat, con quien mantuvimos una charla muy interesante, referido a distintos aspectos.<\/p>\n\n\n\n<p>En primer momento nos cont\u00f3 sobre sus inicios en la pol\u00edtica, que fue cuando era estudiante universitario y que desemboca en su cargo como Concejales y posteriormente en su actual mandato como intendente de Trenque Lauquen.<\/p>\n\n\n\n<p>El primer tema que abordamos fue el de la construcci\u00f3n dela calle colectora, paralela a la Ruta Nacional 5; sobre lo que explic\u00f3 que el primer tramo ser\u00e1 hasta los alrededores del predio de la planta de La Serenisima y en una segunda etapa ser\u00e1 hacia el sector oeste del acceso principal.<\/p>\n\n\n\n<p>M\u00e1s adelante se le consult\u00f3 sobre la situaci\u00f3n del edificio del ex Hotel El Faro, sobre el cual aclar\u00f3 que el municipio esta en tratativas para que tan emblem\u00e1tico lugar deje de estar en las condiciones actuales, lo cual aclar\u00f3, el municipio ha realizado algunas gestiones para brindar alguna mejora en la seguridad, pero que gran parte del problema es las tratar\u00edas que se realizan con el due\u00f1o del lugar. Tambi\u00e9n se lo consult\u00f3 sobre la situaci\u00f3n del ex Frigor\u00edfico de caballos y ah\u00ed, dijo, la situaci\u00f3n es distinta ya que el due\u00f1o original vendi\u00f3 el espacio y ha empezado a hacer loteo de las tierras para futuras inversiones inmobiliarias.<\/p>\n\n\n\n<p>Consultado sobre el proyecto de ordenanza presentado por una concejala de UxP , para asaltar 70 cuadras de la Ampliaci\u00f3n Urbana, aclar\u00f3 que hay ordenanzas vigentes para poder encarar esa obra, per que la situaci\u00f3n econ\u00f3mica hace dificultosa la posibilidad de deconcretarla, porque muchos vecinos no est\u00e1n en condiciones de afrontar el gasto que implica. Luego se le pregunt\u00f3 sobre la idea presentada por el Concejales Bories, de LLA en referencia de montar paneles fotovoltaicos para alimentar con esa energ\u00eda al alumbrado p\u00fablico; al respecto Recaulat se mostr\u00f3 sorprendido por la propuesta, ya que desde LLA se impulsa la no participaci\u00f3n del Estado y consider\u00f3 como una contradicci\u00f3n, m\u00e1s a\u00fan teniendo en cuenta el monto que presupone la obra, que seg\u00fan el mismo concejal ser\u00eda de U$S 800000; lo cual el intendente descart\u00f3 porque hay otras prioridades, tales como la construcci\u00f3n de viviendas sociales y el tendido de gas para la Ampliaci\u00f3n Urbana.<\/p>\n\n\n\n<p>Finalmente se refiri\u00f3 a la situaci\u00f3n interna de la UCR, reconociendo queso compleja y que hay sectores que se han alineado a las pol\u00edticas del gobierno nacional, pero que en otros sectores internos est\u00e1n pagando para que el radicalismo retome sus hist\u00f3ricas ideas que difieren de las que impulsa el Gobierno de Milei.<\/p>\n\n\n\n<figure class=\"wp-block-image size-full\"><img loading=\"lazy\" decoding=\"async\" width=\"1599\" height=\"899\" src=\"https:\/\/infoecos.com.ar\/wp-content\/uploads\/2026\/04\/image-186.png\" alt=\"\" class=\"wp-image-157088\" srcset=\"https:\/\/infoecos.com.ar\/wp-content\/uploads\/2026\/04\/image-186.png 1599w, https:\/\/infoecos.com.ar\/wp-content\/uploads\/2026\/04\/image-186-800x450.png 800w, https:\/\/infoecos.com.ar\/wp-content\/uploads\/2026\/04\/image-186-768x432.png 768w, https:\/\/infoecos.com.ar\/wp-content\/uploads\/2026\/04\/image-186-1536x864.png 1536w, https:\/\/infoecos.com.ar\/wp-content\/uploads\/2026\/04\/image-186-1024x576.png 1024w\" sizes=\"(max-width: 1599px) 100vw, 1599px\" \/><\/figure>\n","protected":false},"excerpt":{"rendered":"<p>En la tarde del lunes 20 de abril, estuvo en los estudios de Radio Libre&#8230;<\/p>\n","protected":false},"author":2,"featured_media":157088,"comment_status":"closed","ping_status":"open","sticky":false,"template":"","format":"standard","meta":{"footnotes":""},"categories":[1],"tags":[97],"class_list":["post-157087","post","type-post","status-publish","format-standard","has-post-thumbnail","hentry","category-sin-categoria","tag-economia"],"yoast_head":"<!-- This site is optimized with the Yoast SEO plugin v23.4 - https:\/\/yoast.com\/wordpress\/plugins\/seo\/ -->\n<title>Lo dicen otros medios: Recoulat visit\u00f3 los estudios de Radio Libre FM 103.5 - Infoecos<\/title>\n<meta name=\"robots\" content=\"index, follow, max-snippet:-1, max-image-preview:large, max-video-preview:-1\" \/>\n<link rel=\"canonical\" href=\"https:\/\/infoecos.com.ar\/index.php\/lo-dicen-otros-medios-recoulat-visito-los-estudios-de-radio-libre-fm-103-5\/\" \/>\n<meta property=\"og:locale\" content=\"es_ES\" \/>\n<meta property=\"og:type\" content=\"article\" \/>\n<meta property=\"og:title\" content=\"Lo dicen otros medios: Recoulat visit\u00f3 los estudios de Radio Libre FM 103.5 - Infoecos\" \/>\n<meta property=\"og:description\" content=\"En la tarde del lunes 20 de abril, estuvo en los estudios de Radio Libre...\" \/>\n<meta property=\"og:url\" content=\"https:\/\/infoecos.com.ar\/index.php\/lo-dicen-otros-medios-recoulat-visito-los-estudios-de-radio-libre-fm-103-5\/\" \/>\n<meta property=\"og:site_name\" content=\"Infoecos\" \/>\n<meta property=\"article:publisher\" content=\"https:\/\/www.facebook.com\/profile.php?id=100063200290284\" \/>\n<meta property=\"article:published_time\" content=\"2026-04-21T17:58:20+00:00\" \/>\n<meta property=\"article:modified_time\" content=\"2026-04-21T17:58:21+00:00\" \/>\n<meta property=\"og:image\" content=\"https:\/\/infoecos.com.ar\/wp-content\/uploads\/2026\/04\/image-186.png\" \/>\n\t<meta property=\"og:image:width\" content=\"1599\" \/>\n\t<meta property=\"og:image:height\" content=\"899\" \/>\n\t<meta property=\"og:image:type\" content=\"image\/png\" \/>\n<meta name=\"author\" content=\"Jorge Matheus\" \/>\n<meta name=\"twitter:card\" content=\"summary_large_image\" \/>\n<meta name=\"twitter:creator\" content=\"@infoecos\" \/>\n<meta name=\"twitter:site\" content=\"@infoecos\" \/>\n<meta name=\"twitter:label1\" content=\"Escrito por\" \/>\n\t<meta name=\"twitter:data1\" content=\"Jorge Matheus\" \/>\n\t<meta name=\"twitter:label2\" content=\"Tiempo de lectura\" \/>\n\t<meta name=\"twitter:data2\" content=\"3 minutos\" \/>\n<script type=\"application\/ld+json\" class=\"yoast-schema-graph\">{\"@context\":\"https:\/\/schema.org\",\"@graph\":[{\"@type\":\"Article\",\"@id\":\"https:\/\/infoecos.com.ar\/index.php\/lo-dicen-otros-medios-recoulat-visito-los-estudios-de-radio-libre-fm-103-5\/#article\",\"isPartOf\":{\"@id\":\"https:\/\/infoecos.com.ar\/index.php\/lo-dicen-otros-medios-recoulat-visito-los-estudios-de-radio-libre-fm-103-5\/\"},\"author\":{\"name\":\"Jorge Matheus\",\"@id\":\"https:\/\/infoecos.com.ar\/#\/schema\/person\/8f5ace5ce73b4b4aac4b7245aee6f191\"},\"headline\":\"Lo dicen otros medios: Recoulat visit\u00f3 los estudios de Radio Libre FM 103.5\",\"datePublished\":\"2026-04-21T17:58:20+00:00\",\"dateModified\":\"2026-04-21T17:58:21+00:00\",\"mainEntityOfPage\":{\"@id\":\"https:\/\/infoecos.com.ar\/index.php\/lo-dicen-otros-medios-recoulat-visito-los-estudios-de-radio-libre-fm-103-5\/\"},\"wordCount\":473,\"publisher\":{\"@id\":\"https:\/\/infoecos.com.ar\/#organization\"},\"image\":{\"@id\":\"https:\/\/infoecos.com.ar\/index.php\/lo-dicen-otros-medios-recoulat-visito-los-estudios-de-radio-libre-fm-103-5\/#primaryimage\"},\"thumbnailUrl\":\"https:\/\/infoecos.com.ar\/wp-content\/uploads\/2026\/04\/image-186.png\",\"keywords\":[\"ECONOM\u00cdA\"],\"inLanguage\":\"es\"},{\"@type\":\"WebPage\",\"@id\":\"https:\/\/infoecos.com.ar\/index.php\/lo-dicen-otros-medios-recoulat-visito-los-estudios-de-radio-libre-fm-103-5\/\",\"url\":\"https:\/\/infoecos.com.ar\/index.php\/lo-dicen-otros-medios-recoulat-visito-los-estudios-de-radio-libre-fm-103-5\/\",\"name\":\"Lo dicen otros medios: Recoulat visit\u00f3 los estudios de Radio Libre FM 103.5 - Infoecos\",\"isPartOf\":{\"@id\":\"https:\/\/infoecos.com.ar\/#website\"},\"primaryImageOfPage\":{\"@id\":\"https:\/\/infoecos.com.ar\/index.php\/lo-dicen-otros-medios-recoulat-visito-los-estudios-de-radio-libre-fm-103-5\/#primaryimage\"},\"image\":{\"@id\":\"https:\/\/infoecos.com.ar\/index.php\/lo-dicen-otros-medios-recoulat-visito-los-estudios-de-radio-libre-fm-103-5\/#primaryimage\"},\"thumbnailUrl\":\"https:\/\/infoecos.com.ar\/wp-content\/uploads\/2026\/04\/image-186.png\",\"datePublished\":\"2026-04-21T17:58:20+00:00\",\"dateModified\":\"2026-04-21T17:58:21+00:00\",\"breadcrumb\":{\"@id\":\"https:\/\/infoecos.com.ar\/index.php\/lo-dicen-otros-medios-recoulat-visito-los-estudios-de-radio-libre-fm-103-5\/#breadcrumb\"},\"inLanguage\":\"es\",\"potentialAction\":[{\"@type\":\"ReadAction\",\"target\":[\"https:\/\/infoecos.com.ar\/index.php\/lo-dicen-otros-medios-recoulat-visito-los-estudios-de-radio-libre-fm-103-5\/\"]}]},{\"@type\":\"ImageObject\",\"inLanguage\":\"es\",\"@id\":\"https:\/\/infoecos.com.ar\/index.php\/lo-dicen-otros-medios-recoulat-visito-los-estudios-de-radio-libre-fm-103-5\/#primaryimage\",\"url\":\"https:\/\/infoecos.com.ar\/wp-content\/uploads\/2026\/04\/image-186.png\",\"contentUrl\":\"https:\/\/infoecos.com.ar\/wp-content\/uploads\/2026\/04\/image-186.png\",\"width\":1599,\"height\":899},{\"@type\":\"BreadcrumbList\",\"@id\":\"https:\/\/infoecos.com.ar\/index.php\/lo-dicen-otros-medios-recoulat-visito-los-estudios-de-radio-libre-fm-103-5\/#breadcrumb\",\"itemListElement\":[{\"@type\":\"ListItem\",\"position\":1,\"name\":\"Portada\",\"item\":\"https:\/\/infoecos.com.ar\/\"},{\"@type\":\"ListItem\",\"position\":2,\"name\":\"Lo dicen otros medios: Recoulat visit\u00f3 los estudios de Radio Libre FM 103.5\"}]},{\"@type\":\"WebSite\",\"@id\":\"https:\/\/infoecos.com.ar\/#website\",\"url\":\"https:\/\/infoecos.com.ar\/\",\"name\":\"Infoecos\",\"description\":\"Noticias de trenque lauquen y la zona\",\"publisher\":{\"@id\":\"https:\/\/infoecos.com.ar\/#organization\"},\"alternateName\":\"Noticias\",\"potentialAction\":[{\"@type\":\"SearchAction\",\"target\":{\"@type\":\"EntryPoint\",\"urlTemplate\":\"https:\/\/infoecos.com.ar\/?s={search_term_string}\"},\"query-input\":{\"@type\":\"PropertyValueSpecification\",\"valueRequired\":true,\"valueName\":\"search_term_string\"}}],\"inLanguage\":\"es\"},{\"@type\":\"Organization\",\"@id\":\"https:\/\/infoecos.com.ar\/#organization\",\"name\":\"Infoecos\",\"alternateName\":\"Noticias\",\"url\":\"https:\/\/infoecos.com.ar\/\",\"logo\":{\"@type\":\"ImageObject\",\"inLanguage\":\"es\",\"@id\":\"https:\/\/infoecos.com.ar\/#\/schema\/logo\/image\/\",\"url\":\"https:\/\/infoecos.com.ar\/wp-content\/uploads\/2024\/03\/cropped-logo.png\",\"contentUrl\":\"https:\/\/infoecos.com.ar\/wp-content\/uploads\/2024\/03\/cropped-logo.png\",\"width\":374,\"height\":90,\"caption\":\"Infoecos\"},\"image\":{\"@id\":\"https:\/\/infoecos.com.ar\/#\/schema\/logo\/image\/\"},\"sameAs\":[\"https:\/\/www.facebook.com\/profile.php?id=100063200290284\",\"https:\/\/x.com\/infoecos\"]},{\"@type\":\"Person\",\"@id\":\"https:\/\/infoecos.com.ar\/#\/schema\/person\/8f5ace5ce73b4b4aac4b7245aee6f191\",\"name\":\"Jorge Matheus\",\"url\":\"https:\/\/infoecos.com.ar\/index.php\/author\/jomatheus\/\"}]}<\/script>\n<!-- \/ Yoast SEO plugin. -->","yoast_head_json":{"title":"Lo dicen otros medios: Recoulat visit\u00f3 los estudios de Radio Libre FM 103.5 - Infoecos","robots":{"index":"index","follow":"follow","max-snippet":"max-snippet:-1","max-image-preview":"max-image-preview:large","max-video-preview":"max-video-preview:-1"},"canonical":"https:\/\/infoecos.com.ar\/index.php\/lo-dicen-otros-medios-recoulat-visito-los-estudios-de-radio-libre-fm-103-5\/","og_locale":"es_ES","og_type":"article","og_title":"Lo dicen otros medios: Recoulat visit\u00f3 los estudios de Radio Libre FM 103.5 - Infoecos","og_description":"En la tarde del lunes 20 de abril, estuvo en los estudios de Radio Libre...","og_url":"https:\/\/infoecos.com.ar\/index.php\/lo-dicen-otros-medios-recoulat-visito-los-estudios-de-radio-libre-fm-103-5\/","og_site_name":"Infoecos","article_publisher":"https:\/\/www.facebook.com\/profile.php?id=100063200290284","article_published_time":"2026-04-21T17:58:20+00:00","article_modified_time":"2026-04-21T17:58:21+00:00","og_image":[{"width":1599,"height":899,"url":"https:\/\/infoecos.com.ar\/wp-content\/uploads\/2026\/04\/image-186.png","type":"image\/png"}],"author":"Jorge Matheus","twitter_card":"summary_large_image","twitter_creator":"@infoecos","twitter_site":"@infoecos","twitter_misc":{"Escrito por":"Jorge Matheus","Tiempo de lectura":"3 minutos"},"schema":{"@context":"https:\/\/schema.org","@graph":[{"@type":"Article","@id":"https:\/\/infoecos.com.ar\/index.php\/lo-dicen-otros-medios-recoulat-visito-los-estudios-de-radio-libre-fm-103-5\/#article","isPartOf":{"@id":"https:\/\/infoecos.com.ar\/index.php\/lo-dicen-otros-medios-recoulat-visito-los-estudios-de-radio-libre-fm-103-5\/"},"author":{"name":"Jorge Matheus","@id":"https:\/\/infoecos.com.ar\/#\/schema\/person\/8f5ace5ce73b4b4aac4b7245aee6f191"},"headline":"Lo dicen otros medios: Recoulat visit\u00f3 los estudios de Radio Libre FM 103.5","datePublished":"2026-04-21T17:58:20+00:00","dateModified":"2026-04-21T17:58:21+00:00","mainEntityOfPage":{"@id":"https:\/\/infoecos.com.ar\/index.php\/lo-dicen-otros-medios-recoulat-visito-los-estudios-de-radio-libre-fm-103-5\/"},"wordCount":473,"publisher":{"@id":"https:\/\/infoecos.com.ar\/#organization"},"image":{"@id":"https:\/\/infoecos.com.ar\/index.php\/lo-dicen-otros-medios-recoulat-visito-los-estudios-de-radio-libre-fm-103-5\/#primaryimage"},"thumbnailUrl":"https:\/\/infoecos.com.ar\/wp-content\/uploads\/2026\/04\/image-186.png","keywords":["ECONOM\u00cdA"],"inLanguage":"es"},{"@type":"WebPage","@id":"https:\/\/infoecos.com.ar\/index.php\/lo-dicen-otros-medios-recoulat-visito-los-estudios-de-radio-libre-fm-103-5\/","url":"https:\/\/infoecos.com.ar\/index.php\/lo-dicen-otros-medios-recoulat-visito-los-estudios-de-radio-libre-fm-103-5\/","name":"Lo dicen otros medios: Recoulat visit\u00f3 los estudios de Radio Libre FM 103.5 - Infoecos","isPartOf":{"@id":"https:\/\/infoecos.com.ar\/#website"},"primaryImageOfPage":{"@id":"https:\/\/infoecos.com.ar\/index.php\/lo-dicen-otros-medios-recoulat-visito-los-estudios-de-radio-libre-fm-103-5\/#primaryimage"},"image":{"@id":"https:\/\/infoecos.com.ar\/index.php\/lo-dicen-otros-medios-recoulat-visito-los-estudios-de-radio-libre-fm-103-5\/#primaryimage"},"thumbnailUrl":"https:\/\/infoecos.com.ar\/wp-content\/uploads\/2026\/04\/image-186.png","datePublished":"2026-04-21T17:58:20+00:00","dateModified":"2026-04-21T17:58:21+00:00","breadcrumb":{"@id":"https:\/\/infoecos.com.ar\/index.php\/lo-dicen-otros-medios-recoulat-visito-los-estudios-de-radio-libre-fm-103-5\/#breadcrumb"},"inLanguage":"es","potentialAction":[{"@type":"ReadAction","target":["https:\/\/infoecos.com.ar\/index.php\/lo-dicen-otros-medios-recoulat-visito-los-estudios-de-radio-libre-fm-103-5\/"]}]},{"@type":"ImageObject","inLanguage":"es","@id":"https:\/\/infoecos.com.ar\/index.php\/lo-dicen-otros-medios-recoulat-visito-los-estudios-de-radio-libre-fm-103-5\/#primaryimage","url":"https:\/\/infoecos.com.ar\/wp-content\/uploads\/2026\/04\/image-186.png","contentUrl":"https:\/\/infoecos.com.ar\/wp-content\/uploads\/2026\/04\/image-186.png","width":1599,"height":899},{"@type":"BreadcrumbList","@id":"https:\/\/infoecos.com.ar\/index.php\/lo-dicen-otros-medios-recoulat-visito-los-estudios-de-radio-libre-fm-103-5\/#breadcrumb","itemListElement":[{"@type":"ListItem","position":1,"name":"Portada","item":"https:\/\/infoecos.com.ar\/"},{"@type":"ListItem","position":2,"name":"Lo dicen otros medios: Recoulat visit\u00f3 los estudios de Radio Libre FM 103.5"}]},{"@type":"WebSite","@id":"https:\/\/infoecos.com.ar\/#website","url":"https:\/\/infoecos.com.ar\/","name":"Infoecos","description":"Noticias de trenque lauquen y la zona","publisher":{"@id":"https:\/\/infoecos.com.ar\/#organization"},"alternateName":"Noticias","potentialAction":[{"@type":"SearchAction","target":{"@type":"EntryPoint","urlTemplate":"https:\/\/infoecos.com.ar\/?s={search_term_string}"},"query-input":{"@type":"PropertyValueSpecification","valueRequired":true,"valueName":"search_term_string"}}],"inLanguage":"es"},{"@type":"Organization","@id":"https:\/\/infoecos.com.ar\/#organization","name":"Infoecos","alternateName":"Noticias","url":"https:\/\/infoecos.com.ar\/","logo":{"@type":"ImageObject","inLanguage":"es","@id":"https:\/\/infoecos.com.ar\/#\/schema\/logo\/image\/","url":"https:\/\/infoecos.com.ar\/wp-content\/uploads\/2024\/03\/cropped-logo.png","contentUrl":"https:\/\/infoecos.com.ar\/wp-content\/uploads\/2024\/03\/cropped-logo.png","width":374,"height":90,"caption":"Infoecos"},"image":{"@id":"https:\/\/infoecos.com.ar\/#\/schema\/logo\/image\/"},"sameAs":["https:\/\/www.facebook.com\/profile.php?id=100063200290284","https:\/\/x.com\/infoecos"]},{"@type":"Person","@id":"https:\/\/infoecos.com.ar\/#\/schema\/person\/8f5ace5ce73b4b4aac4b7245aee6f191","name":"Jorge Matheus","url":"https:\/\/infoecos.com.ar\/index.php\/author\/jomatheus\/"}]}},"featured_image_urls":{"full":["https:\/\/infoecos.com.ar\/wp-content\/uploads\/2026\/04\/image-186.png",1599,899,false],"thumbnail":["https:\/\/infoecos.com.ar\/wp-content\/uploads\/2026\/04\/image-186-300x150.png",300,150,true],"medium":["https:\/\/infoecos.com.ar\/wp-content\/uploads\/2026\/04\/image-186-800x450.png",800,450,true],"medium_large":["https:\/\/infoecos.com.ar\/wp-content\/uploads\/2026\/04\/image-186-768x432.png",640,360,true],"large":["https:\/\/infoecos.com.ar\/wp-content\/uploads\/2026\/04\/image-186.png",640,360,false],"1536x1536":["https:\/\/infoecos.com.ar\/wp-content\/uploads\/2026\/04\/image-186-1536x864.png",1536,864,true],"2048x2048":["https:\/\/infoecos.com.ar\/wp-content\/uploads\/2026\/04\/image-186.png",1599,899,false],"covernews-slider-full":["https:\/\/infoecos.com.ar\/wp-content\/uploads\/2026\/04\/image-186-1115x715.png",1115,715,true],"covernews-slider-center":["https:\/\/infoecos.com.ar\/wp-content\/uploads\/2026\/04\/image-186-800x500.png",800,500,true],"covernews-featured":["https:\/\/infoecos.com.ar\/wp-content\/uploads\/2026\/04\/image-186-1024x576.png",1024,576,true],"covernews-medium":["https:\/\/infoecos.com.ar\/wp-content\/uploads\/2026\/04\/image-186-540x340.png",540,340,true],"covernews-medium-square":["https:\/\/infoecos.com.ar\/wp-content\/uploads\/2026\/04\/image-186-400x250.png",400,250,true]},"author_info":{"info":["Jorge Matheus"]},"category_info":"<a href=\"https:\/\/infoecos.com.ar\/index.php\/category\/sin-categoria\/\" rel=\"category tag\">Sin categor\u00eda<\/a>","tag_info":"Sin categor\u00eda","comment_count":"0","_links":{"self":[{"href":"https:\/\/infoecos.com.ar\/index.php\/wp-json\/wp\/v2\/posts\/157087"}],"collection":[{"href":"https:\/\/infoecos.com.ar\/index.php\/wp-json\/wp\/v2\/posts"}],"about":[{"href":"https:\/\/infoecos.com.ar\/index.php\/wp-json\/wp\/v2\/types\/post"}],"author":[{"embeddable":true,"href":"https:\/\/infoecos.com.ar\/index.php\/wp-json\/wp\/v2\/users\/2"}],"replies":[{"embeddable":true,"href":"https:\/\/infoecos.com.ar\/index.php\/wp-json\/wp\/v2\/comments?post=157087"}],"version-history":[{"count":1,"href":"https:\/\/infoecos.com.ar\/index.php\/wp-json\/wp\/v2\/posts\/157087\/revisions"}],"predecessor-version":[{"id":157089,"href":"https:\/\/infoecos.com.ar\/index.php\/wp-json\/wp\/v2\/posts\/157087\/revisions\/157089"}],"wp:featuredmedia":[{"embeddable":true,"href":"https:\/\/infoecos.com.ar\/index.php\/wp-json\/wp\/v2\/media\/157088"}],"wp:attachment":[{"href":"https:\/\/infoecos.com.ar\/index.php\/wp-json\/wp\/v2\/media?parent=157087"}],"wp:term":[{"taxonomy":"category","embeddable":true,"href":"https:\/\/infoecos.com.ar\/index.php\/wp-json\/wp\/v2\/categories?post=157087"},{"taxonomy":"post_tag","embeddable":true,"href":"https:\/\/infoecos.com.ar\/index.php\/wp-json\/wp\/v2\/tags?post=157087"}],"curies":[{"name":"wp","href":"https:\/\/api.w.org\/{rel}","templated":true}]}}