{"id":157225,"date":"2026-04-23T22:12:23","date_gmt":"2026-04-24T01:12:23","guid":{"rendered":"https:\/\/infoecos.com.ar\/?p=157225"},"modified":"2026-04-25T03:16:21","modified_gmt":"2026-04-25T06:16:21","slug":"150-otonos-captura-el-bosque-urbano-que-respira-con-nosotros-el-nombre-del-concurso-fotografico-lanzado-por-el-gobierno-municipal-de-t-lauquen","status":"publish","type":"post","link":"https:\/\/infoecos.com.ar\/index.php\/150-otonos-captura-el-bosque-urbano-que-respira-con-nosotros-el-nombre-del-concurso-fotografico-lanzado-por-el-gobierno-municipal-de-t-lauquen\/","title":{"rendered":"\u00ab150 Oto\u00f1os: Captura el bosque urbano que respira con nosotros\u00bb, el nombre del Concurso Fotogr\u00e1fico lanzado por el gobierno municipal de T.Lauquen"},"content":{"rendered":"\n<p>La Municipalidad de Trenque Lauquen, a trav\u00e9s de la direcci\u00f3n de Espacios Verdes, lanz\u00f3 el concurso fotogr\u00e1fico <strong>\u00ab150 Oto\u00f1os: Captura el bosque urbano que respira con nosotros\u00bb<\/strong>, en el marco del Sesquicentenario de la fundaci\u00f3n de la ciudad capital del distrito. <\/p>\n\n\n\n<p>El objetivo de la propuesta es sensibilizar a la comunidad sobre el rol y la importancia del arbolado y sus beneficios ecosist\u00e9micos en las ciudades en un contexto de crisis ambiental.<\/p>\n\n\n\n<figure class=\"wp-block-gallery has-nested-images columns-default is-cropped wp-block-gallery-1 is-layout-flex wp-block-gallery-is-layout-flex\">\n<figure class=\"wp-block-image size-large\"><img loading=\"lazy\" decoding=\"async\" width=\"1600\" height=\"1066\" data-id=\"157227\" src=\"https:\/\/infoecos.com.ar\/wp-content\/uploads\/2026\/04\/Otono-1-1600x1066.jpg\" alt=\"\" class=\"wp-image-157227\" srcset=\"https:\/\/infoecos.com.ar\/wp-content\/uploads\/2026\/04\/Otono-1-1600x1066.jpg 1600w, https:\/\/infoecos.com.ar\/wp-content\/uploads\/2026\/04\/Otono-1-800x533.jpg 800w, https:\/\/infoecos.com.ar\/wp-content\/uploads\/2026\/04\/Otono-1-768x512.jpg 768w, https:\/\/infoecos.com.ar\/wp-content\/uploads\/2026\/04\/Otono-1-1536x1024.jpg 1536w, https:\/\/infoecos.com.ar\/wp-content\/uploads\/2026\/04\/Otono-1-2048x1365.jpg 2048w, https:\/\/infoecos.com.ar\/wp-content\/uploads\/2026\/04\/Otono-1-1024x682.jpg 1024w\" sizes=\"(max-width: 1600px) 100vw, 1600px\" \/><\/figure>\n\n\n\n<figure class=\"wp-block-image size-large\"><img loading=\"lazy\" decoding=\"async\" width=\"1600\" height=\"1066\" data-id=\"157226\" src=\"https:\/\/infoecos.com.ar\/wp-content\/uploads\/2026\/04\/Otono-2-1600x1066.jpg\" alt=\"\" class=\"wp-image-157226\" srcset=\"https:\/\/infoecos.com.ar\/wp-content\/uploads\/2026\/04\/Otono-2-1600x1066.jpg 1600w, https:\/\/infoecos.com.ar\/wp-content\/uploads\/2026\/04\/Otono-2-800x533.jpg 800w, https:\/\/infoecos.com.ar\/wp-content\/uploads\/2026\/04\/Otono-2-768x512.jpg 768w, https:\/\/infoecos.com.ar\/wp-content\/uploads\/2026\/04\/Otono-2-1536x1024.jpg 1536w, https:\/\/infoecos.com.ar\/wp-content\/uploads\/2026\/04\/Otono-2-2048x1365.jpg 2048w, https:\/\/infoecos.com.ar\/wp-content\/uploads\/2026\/04\/Otono-2-1024x682.jpg 1024w\" sizes=\"(max-width: 1600px) 100vw, 1600px\" \/><\/figure>\n\n\n\n<figure class=\"wp-block-image size-large\"><img loading=\"lazy\" decoding=\"async\" width=\"1600\" height=\"1066\" data-id=\"157228\" src=\"https:\/\/infoecos.com.ar\/wp-content\/uploads\/2026\/04\/Otono-3-1600x1066.jpg\" alt=\"\" class=\"wp-image-157228\" srcset=\"https:\/\/infoecos.com.ar\/wp-content\/uploads\/2026\/04\/Otono-3-1600x1066.jpg 1600w, https:\/\/infoecos.com.ar\/wp-content\/uploads\/2026\/04\/Otono-3-800x533.jpg 800w, https:\/\/infoecos.com.ar\/wp-content\/uploads\/2026\/04\/Otono-3-768x512.jpg 768w, https:\/\/infoecos.com.ar\/wp-content\/uploads\/2026\/04\/Otono-3-1536x1024.jpg 1536w, https:\/\/infoecos.com.ar\/wp-content\/uploads\/2026\/04\/Otono-3-2048x1365.jpg 2048w, https:\/\/infoecos.com.ar\/wp-content\/uploads\/2026\/04\/Otono-3-1024x682.jpg 1024w\" sizes=\"(max-width: 1600px) 100vw, 1600px\" \/><\/figure>\n<\/figure>\n\n\n\n<p><strong>El concurso est\u00e1 armado en tres categor\u00edas:<\/strong><\/p>\n\n\n\n<p>&#8211; Profesional<\/p>\n\n\n\n<p>&#8211; Aficionados<\/p>\n\n\n\n<p>&#8211; Ni\u00f1os\/as (hasta 12 a\u00f1os)<\/p>\n\n\n\n<p>La actividad es gratuita y se podr\u00e1n presentar hasta tres fotos a color o blanco y negro, con una antig\u00fcedad de hasta 5 a\u00f1os.<\/p>\n\n\n\n<figure class=\"wp-block-image aligncenter size-large is-resized\"><img loading=\"lazy\" decoding=\"async\" width=\"1600\" height=\"1066\" src=\"https:\/\/infoecos.com.ar\/wp-content\/uploads\/2026\/04\/Otono-4-1600x1066.jpg\" alt=\"\" class=\"wp-image-157229\" style=\"width:380px;height:auto\" srcset=\"https:\/\/infoecos.com.ar\/wp-content\/uploads\/2026\/04\/Otono-4-1600x1066.jpg 1600w, https:\/\/infoecos.com.ar\/wp-content\/uploads\/2026\/04\/Otono-4-800x533.jpg 800w, https:\/\/infoecos.com.ar\/wp-content\/uploads\/2026\/04\/Otono-4-768x512.jpg 768w, https:\/\/infoecos.com.ar\/wp-content\/uploads\/2026\/04\/Otono-4-1536x1024.jpg 1536w, https:\/\/infoecos.com.ar\/wp-content\/uploads\/2026\/04\/Otono-4-2048x1365.jpg 2048w, https:\/\/infoecos.com.ar\/wp-content\/uploads\/2026\/04\/Otono-4-1024x682.jpg 1024w\" sizes=\"(max-width: 1600px) 100vw, 1600px\" \/><\/figure>\n\n\n\n<p>La fecha l\u00edmite de presentaci\u00f3n es el 30 de junio, y la presentaci\u00f3n se realizar\u00e1 completando un formulario web, donde se podr\u00e1n adjuntar las im\u00e1genes, ingresando al siguiente link:&nbsp;<a href=\"https:\/\/docs.google.com\/forms\/d\/e\/1FAIpQLSe8TocuGu8SDVM_L5TvJpSTfKzkwi3IqlQ62kmXx_X19mI7AQ\/viewform?usp=header\" target=\"_blank\" rel=\"noreferrer noopener\">https:\/\/docs.google.com\/forms\/d\/e\/1FAIpQLSe8TocuGu8SDVM_L5TvJpSTfKzkwi3IqlQ62kmXx_X19mI7AQ\/viewform?usp=header<\/a><\/p>\n\n\n\n<p>El jurado estar\u00e1 compuesto por los integrantes del Consejo Asesor de Arbolado, una fot\u00f3grafa naturalista oriunda de Trenque Lauquen, Silvina Enrietti y la directora de Espacios Verdes del Municipio, Germana Cuniberti.<\/p>\n\n\n\n<p>Acerca de la evaluaci\u00f3n de las im\u00e1genes presentadas, los organizadores dise\u00f1aron una grilla de evaluaci\u00f3n para calificar las obras, que est\u00e1 publicada en el archivo de Bases y Condiciones del concurso, al que se puede acceder a trav\u00e9s del siguiente link:&nbsp;<a href=\"https:\/\/www.trenquelauquen.gov.ar\/wordpress\/wp-content\/uploads\/Concurso-de-fotografia-TL-150.pdf\" target=\"_blank\" rel=\"noreferrer noopener\">https:\/\/www.trenquelauquen.gov.ar\/wordpress\/wp-content\/uploads\/Concurso-de-fotografia-TL-150.pdf<\/a><\/p>\n\n\n\n<p>Se har\u00e1 una selecci\u00f3n entre las obras ganadoras que ser\u00e1n exhibidas en lugares p\u00fablicos que se designar\u00e1n en conjunto con la Direcci\u00f3n de Cultura de la Municipalidad.<\/p>\n\n\n\n<p>Se cuenta con la colaboraci\u00f3n de Rotary Club, con quienes se est\u00e1n gestionando diferentes detalles de la organizaci\u00f3n del concurso.<\/p>\n\n\n\n<p>Adem\u00e1s de las exhibiciones los ganadores recibir\u00e1n premios de \u00f3rdenes de compra, el primer y segundo premio de cada categor\u00eda.<\/p>\n","protected":false},"excerpt":{"rendered":"<p>La Municipalidad de Trenque Lauquen, a trav\u00e9s de la direcci\u00f3n de Espacios Verdes, lanz\u00f3 el&#8230;<\/p>\n","protected":false},"author":2,"featured_media":157229,"comment_status":"closed","ping_status":"open","sticky":false,"template":"","format":"standard","meta":{"footnotes":""},"categories":[1],"tags":[10298,10291,155,1500],"class_list":["post-157225","post","type-post","status-publish","format-standard","has-post-thumbnail","hentry","category-sin-categoria","tag-bloque-inferior","tag-nacional","tag-politica","tag-regional"],"yoast_head":"<!-- This site is optimized with the Yoast SEO plugin v23.4 - https:\/\/yoast.com\/wordpress\/plugins\/seo\/ -->\n<title>&quot;150 Oto\u00f1os: Captura el bosque urbano que respira con nosotros&quot;, el nombre del Concurso Fotogr\u00e1fico lanzado por el gobierno municipal de T.Lauquen - Infoecos<\/title>\n<meta name=\"robots\" content=\"index, follow, max-snippet:-1, max-image-preview:large, max-video-preview:-1\" \/>\n<link rel=\"canonical\" href=\"https:\/\/infoecos.com.ar\/index.php\/150-otonos-captura-el-bosque-urbano-que-respira-con-nosotros-el-nombre-del-concurso-fotografico-lanzado-por-el-gobierno-municipal-de-t-lauquen\/\" \/>\n<meta property=\"og:locale\" content=\"es_ES\" \/>\n<meta property=\"og:type\" content=\"article\" \/>\n<meta property=\"og:title\" content=\"&quot;150 Oto\u00f1os: Captura el bosque urbano que respira con nosotros&quot;, el nombre del Concurso Fotogr\u00e1fico lanzado por el gobierno municipal de T.Lauquen - Infoecos\" \/>\n<meta property=\"og:description\" content=\"La Municipalidad de Trenque Lauquen, a trav\u00e9s de la direcci\u00f3n de Espacios Verdes, lanz\u00f3 el...\" \/>\n<meta property=\"og:url\" content=\"https:\/\/infoecos.com.ar\/index.php\/150-otonos-captura-el-bosque-urbano-que-respira-con-nosotros-el-nombre-del-concurso-fotografico-lanzado-por-el-gobierno-municipal-de-t-lauquen\/\" \/>\n<meta property=\"og:site_name\" content=\"Infoecos\" \/>\n<meta property=\"article:publisher\" content=\"https:\/\/www.facebook.com\/profile.php?id=100063200290284\" \/>\n<meta property=\"article:published_time\" content=\"2026-04-24T01:12:23+00:00\" \/>\n<meta property=\"article:modified_time\" content=\"2026-04-25T06:16:21+00:00\" \/>\n<meta property=\"og:image\" content=\"https:\/\/infoecos.com.ar\/wp-content\/uploads\/2026\/04\/Otono-4.jpg\" \/>\n\t<meta property=\"og:image:width\" content=\"2560\" \/>\n\t<meta property=\"og:image:height\" content=\"1706\" \/>\n\t<meta property=\"og:image:type\" content=\"image\/jpeg\" \/>\n<meta name=\"author\" content=\"Jorge Matheus\" \/>\n<meta name=\"twitter:card\" content=\"summary_large_image\" \/>\n<meta name=\"twitter:creator\" content=\"@infoecos\" \/>\n<meta name=\"twitter:site\" content=\"@infoecos\" \/>\n<meta name=\"twitter:label1\" content=\"Escrito por\" \/>\n\t<meta name=\"twitter:data1\" content=\"Jorge Matheus\" \/>\n\t<meta name=\"twitter:label2\" content=\"Tiempo de lectura\" \/>\n\t<meta name=\"twitter:data2\" content=\"3 minutos\" \/>\n<script type=\"application\/ld+json\" class=\"yoast-schema-graph\">{\"@context\":\"https:\/\/schema.org\",\"@graph\":[{\"@type\":\"Article\",\"@id\":\"https:\/\/infoecos.com.ar\/index.php\/150-otonos-captura-el-bosque-urbano-que-respira-con-nosotros-el-nombre-del-concurso-fotografico-lanzado-por-el-gobierno-municipal-de-t-lauquen\/#article\",\"isPartOf\":{\"@id\":\"https:\/\/infoecos.com.ar\/index.php\/150-otonos-captura-el-bosque-urbano-que-respira-con-nosotros-el-nombre-del-concurso-fotografico-lanzado-por-el-gobierno-municipal-de-t-lauquen\/\"},\"author\":{\"name\":\"Jorge Matheus\",\"@id\":\"https:\/\/infoecos.com.ar\/#\/schema\/person\/8f5ace5ce73b4b4aac4b7245aee6f191\"},\"headline\":\"\u00ab150 Oto\u00f1os: Captura el bosque urbano que respira con nosotros\u00bb, el nombre del Concurso Fotogr\u00e1fico lanzado por el gobierno municipal de T.Lauquen\",\"datePublished\":\"2026-04-24T01:12:23+00:00\",\"dateModified\":\"2026-04-25T06:16:21+00:00\",\"mainEntityOfPage\":{\"@id\":\"https:\/\/infoecos.com.ar\/index.php\/150-otonos-captura-el-bosque-urbano-que-respira-con-nosotros-el-nombre-del-concurso-fotografico-lanzado-por-el-gobierno-municipal-de-t-lauquen\/\"},\"wordCount\":367,\"publisher\":{\"@id\":\"https:\/\/infoecos.com.ar\/#organization\"},\"image\":{\"@id\":\"https:\/\/infoecos.com.ar\/index.php\/150-otonos-captura-el-bosque-urbano-que-respira-con-nosotros-el-nombre-del-concurso-fotografico-lanzado-por-el-gobierno-municipal-de-t-lauquen\/#primaryimage\"},\"thumbnailUrl\":\"https:\/\/infoecos.com.ar\/wp-content\/uploads\/2026\/04\/Otono-4.jpg\",\"keywords\":[\"Bloque inferior\",\"Nacional\",\"POL\u00cdTICA\",\"REGIONAL\"],\"inLanguage\":\"es\"},{\"@type\":\"WebPage\",\"@id\":\"https:\/\/infoecos.com.ar\/index.php\/150-otonos-captura-el-bosque-urbano-que-respira-con-nosotros-el-nombre-del-concurso-fotografico-lanzado-por-el-gobierno-municipal-de-t-lauquen\/\",\"url\":\"https:\/\/infoecos.com.ar\/index.php\/150-otonos-captura-el-bosque-urbano-que-respira-con-nosotros-el-nombre-del-concurso-fotografico-lanzado-por-el-gobierno-municipal-de-t-lauquen\/\",\"name\":\"\\\"150 Oto\u00f1os: Captura el bosque urbano que respira con nosotros\\\", el nombre del Concurso Fotogr\u00e1fico lanzado por el gobierno municipal de T.Lauquen - Infoecos\",\"isPartOf\":{\"@id\":\"https:\/\/infoecos.com.ar\/#website\"},\"primaryImageOfPage\":{\"@id\":\"https:\/\/infoecos.com.ar\/index.php\/150-otonos-captura-el-bosque-urbano-que-respira-con-nosotros-el-nombre-del-concurso-fotografico-lanzado-por-el-gobierno-municipal-de-t-lauquen\/#primaryimage\"},\"image\":{\"@id\":\"https:\/\/infoecos.com.ar\/index.php\/150-otonos-captura-el-bosque-urbano-que-respira-con-nosotros-el-nombre-del-concurso-fotografico-lanzado-por-el-gobierno-municipal-de-t-lauquen\/#primaryimage\"},\"thumbnailUrl\":\"https:\/\/infoecos.com.ar\/wp-content\/uploads\/2026\/04\/Otono-4.jpg\",\"datePublished\":\"2026-04-24T01:12:23+00:00\",\"dateModified\":\"2026-04-25T06:16:21+00:00\",\"breadcrumb\":{\"@id\":\"https:\/\/infoecos.com.ar\/index.php\/150-otonos-captura-el-bosque-urbano-que-respira-con-nosotros-el-nombre-del-concurso-fotografico-lanzado-por-el-gobierno-municipal-de-t-lauquen\/#breadcrumb\"},\"inLanguage\":\"es\",\"potentialAction\":[{\"@type\":\"ReadAction\",\"target\":[\"https:\/\/infoecos.com.ar\/index.php\/150-otonos-captura-el-bosque-urbano-que-respira-con-nosotros-el-nombre-del-concurso-fotografico-lanzado-por-el-gobierno-municipal-de-t-lauquen\/\"]}]},{\"@type\":\"ImageObject\",\"inLanguage\":\"es\",\"@id\":\"https:\/\/infoecos.com.ar\/index.php\/150-otonos-captura-el-bosque-urbano-que-respira-con-nosotros-el-nombre-del-concurso-fotografico-lanzado-por-el-gobierno-municipal-de-t-lauquen\/#primaryimage\",\"url\":\"https:\/\/infoecos.com.ar\/wp-content\/uploads\/2026\/04\/Otono-4.jpg\",\"contentUrl\":\"https:\/\/infoecos.com.ar\/wp-content\/uploads\/2026\/04\/Otono-4.jpg\",\"width\":2560,\"height\":1706},{\"@type\":\"BreadcrumbList\",\"@id\":\"https:\/\/infoecos.com.ar\/index.php\/150-otonos-captura-el-bosque-urbano-que-respira-con-nosotros-el-nombre-del-concurso-fotografico-lanzado-por-el-gobierno-municipal-de-t-lauquen\/#breadcrumb\",\"itemListElement\":[{\"@type\":\"ListItem\",\"position\":1,\"name\":\"Portada\",\"item\":\"https:\/\/infoecos.com.ar\/\"},{\"@type\":\"ListItem\",\"position\":2,\"name\":\"\u00ab150 Oto\u00f1os: Captura el bosque urbano que respira con nosotros\u00bb, el nombre del Concurso Fotogr\u00e1fico lanzado por el gobierno municipal de T.Lauquen\"}]},{\"@type\":\"WebSite\",\"@id\":\"https:\/\/infoecos.com.ar\/#website\",\"url\":\"https:\/\/infoecos.com.ar\/\",\"name\":\"Infoecos\",\"description\":\"Noticias de trenque lauquen y la zona\",\"publisher\":{\"@id\":\"https:\/\/infoecos.com.ar\/#organization\"},\"alternateName\":\"Noticias\",\"potentialAction\":[{\"@type\":\"SearchAction\",\"target\":{\"@type\":\"EntryPoint\",\"urlTemplate\":\"https:\/\/infoecos.com.ar\/?s={search_term_string}\"},\"query-input\":{\"@type\":\"PropertyValueSpecification\",\"valueRequired\":true,\"valueName\":\"search_term_string\"}}],\"inLanguage\":\"es\"},{\"@type\":\"Organization\",\"@id\":\"https:\/\/infoecos.com.ar\/#organization\",\"name\":\"Infoecos\",\"alternateName\":\"Noticias\",\"url\":\"https:\/\/infoecos.com.ar\/\",\"logo\":{\"@type\":\"ImageObject\",\"inLanguage\":\"es\",\"@id\":\"https:\/\/infoecos.com.ar\/#\/schema\/logo\/image\/\",\"url\":\"https:\/\/infoecos.com.ar\/wp-content\/uploads\/2024\/03\/cropped-logo.png\",\"contentUrl\":\"https:\/\/infoecos.com.ar\/wp-content\/uploads\/2024\/03\/cropped-logo.png\",\"width\":374,\"height\":90,\"caption\":\"Infoecos\"},\"image\":{\"@id\":\"https:\/\/infoecos.com.ar\/#\/schema\/logo\/image\/\"},\"sameAs\":[\"https:\/\/www.facebook.com\/profile.php?id=100063200290284\",\"https:\/\/x.com\/infoecos\"]},{\"@type\":\"Person\",\"@id\":\"https:\/\/infoecos.com.ar\/#\/schema\/person\/8f5ace5ce73b4b4aac4b7245aee6f191\",\"name\":\"Jorge Matheus\",\"url\":\"https:\/\/infoecos.com.ar\/index.php\/author\/jomatheus\/\"}]}<\/script>\n<!-- \/ Yoast SEO plugin. -->","yoast_head_json":{"title":"\"150 Oto\u00f1os: Captura el bosque urbano que respira con nosotros\", el nombre del Concurso Fotogr\u00e1fico lanzado por el gobierno municipal de T.Lauquen - Infoecos","robots":{"index":"index","follow":"follow","max-snippet":"max-snippet:-1","max-image-preview":"max-image-preview:large","max-video-preview":"max-video-preview:-1"},"canonical":"https:\/\/infoecos.com.ar\/index.php\/150-otonos-captura-el-bosque-urbano-que-respira-con-nosotros-el-nombre-del-concurso-fotografico-lanzado-por-el-gobierno-municipal-de-t-lauquen\/","og_locale":"es_ES","og_type":"article","og_title":"\"150 Oto\u00f1os: Captura el bosque urbano que respira con nosotros\", el nombre del Concurso Fotogr\u00e1fico lanzado por el gobierno municipal de T.Lauquen - Infoecos","og_description":"La Municipalidad de Trenque Lauquen, a trav\u00e9s de la direcci\u00f3n de Espacios Verdes, lanz\u00f3 el...","og_url":"https:\/\/infoecos.com.ar\/index.php\/150-otonos-captura-el-bosque-urbano-que-respira-con-nosotros-el-nombre-del-concurso-fotografico-lanzado-por-el-gobierno-municipal-de-t-lauquen\/","og_site_name":"Infoecos","article_publisher":"https:\/\/www.facebook.com\/profile.php?id=100063200290284","article_published_time":"2026-04-24T01:12:23+00:00","article_modified_time":"2026-04-25T06:16:21+00:00","og_image":[{"width":2560,"height":1706,"url":"https:\/\/infoecos.com.ar\/wp-content\/uploads\/2026\/04\/Otono-4.jpg","type":"image\/jpeg"}],"author":"Jorge Matheus","twitter_card":"summary_large_image","twitter_creator":"@infoecos","twitter_site":"@infoecos","twitter_misc":{"Escrito por":"Jorge Matheus","Tiempo de lectura":"3 minutos"},"schema":{"@context":"https:\/\/schema.org","@graph":[{"@type":"Article","@id":"https:\/\/infoecos.com.ar\/index.php\/150-otonos-captura-el-bosque-urbano-que-respira-con-nosotros-el-nombre-del-concurso-fotografico-lanzado-por-el-gobierno-municipal-de-t-lauquen\/#article","isPartOf":{"@id":"https:\/\/infoecos.com.ar\/index.php\/150-otonos-captura-el-bosque-urbano-que-respira-con-nosotros-el-nombre-del-concurso-fotografico-lanzado-por-el-gobierno-municipal-de-t-lauquen\/"},"author":{"name":"Jorge Matheus","@id":"https:\/\/infoecos.com.ar\/#\/schema\/person\/8f5ace5ce73b4b4aac4b7245aee6f191"},"headline":"\u00ab150 Oto\u00f1os: Captura el bosque urbano que respira con nosotros\u00bb, el nombre del Concurso Fotogr\u00e1fico lanzado por el gobierno municipal de T.Lauquen","datePublished":"2026-04-24T01:12:23+00:00","dateModified":"2026-04-25T06:16:21+00:00","mainEntityOfPage":{"@id":"https:\/\/infoecos.com.ar\/index.php\/150-otonos-captura-el-bosque-urbano-que-respira-con-nosotros-el-nombre-del-concurso-fotografico-lanzado-por-el-gobierno-municipal-de-t-lauquen\/"},"wordCount":367,"publisher":{"@id":"https:\/\/infoecos.com.ar\/#organization"},"image":{"@id":"https:\/\/infoecos.com.ar\/index.php\/150-otonos-captura-el-bosque-urbano-que-respira-con-nosotros-el-nombre-del-concurso-fotografico-lanzado-por-el-gobierno-municipal-de-t-lauquen\/#primaryimage"},"thumbnailUrl":"https:\/\/infoecos.com.ar\/wp-content\/uploads\/2026\/04\/Otono-4.jpg","keywords":["Bloque inferior","Nacional","POL\u00cdTICA","REGIONAL"],"inLanguage":"es"},{"@type":"WebPage","@id":"https:\/\/infoecos.com.ar\/index.php\/150-otonos-captura-el-bosque-urbano-que-respira-con-nosotros-el-nombre-del-concurso-fotografico-lanzado-por-el-gobierno-municipal-de-t-lauquen\/","url":"https:\/\/infoecos.com.ar\/index.php\/150-otonos-captura-el-bosque-urbano-que-respira-con-nosotros-el-nombre-del-concurso-fotografico-lanzado-por-el-gobierno-municipal-de-t-lauquen\/","name":"\"150 Oto\u00f1os: Captura el bosque urbano que respira con nosotros\", el nombre del Concurso Fotogr\u00e1fico lanzado por el gobierno municipal de T.Lauquen - Infoecos","isPartOf":{"@id":"https:\/\/infoecos.com.ar\/#website"},"primaryImageOfPage":{"@id":"https:\/\/infoecos.com.ar\/index.php\/150-otonos-captura-el-bosque-urbano-que-respira-con-nosotros-el-nombre-del-concurso-fotografico-lanzado-por-el-gobierno-municipal-de-t-lauquen\/#primaryimage"},"image":{"@id":"https:\/\/infoecos.com.ar\/index.php\/150-otonos-captura-el-bosque-urbano-que-respira-con-nosotros-el-nombre-del-concurso-fotografico-lanzado-por-el-gobierno-municipal-de-t-lauquen\/#primaryimage"},"thumbnailUrl":"https:\/\/infoecos.com.ar\/wp-content\/uploads\/2026\/04\/Otono-4.jpg","datePublished":"2026-04-24T01:12:23+00:00","dateModified":"2026-04-25T06:16:21+00:00","breadcrumb":{"@id":"https:\/\/infoecos.com.ar\/index.php\/150-otonos-captura-el-bosque-urbano-que-respira-con-nosotros-el-nombre-del-concurso-fotografico-lanzado-por-el-gobierno-municipal-de-t-lauquen\/#breadcrumb"},"inLanguage":"es","potentialAction":[{"@type":"ReadAction","target":["https:\/\/infoecos.com.ar\/index.php\/150-otonos-captura-el-bosque-urbano-que-respira-con-nosotros-el-nombre-del-concurso-fotografico-lanzado-por-el-gobierno-municipal-de-t-lauquen\/"]}]},{"@type":"ImageObject","inLanguage":"es","@id":"https:\/\/infoecos.com.ar\/index.php\/150-otonos-captura-el-bosque-urbano-que-respira-con-nosotros-el-nombre-del-concurso-fotografico-lanzado-por-el-gobierno-municipal-de-t-lauquen\/#primaryimage","url":"https:\/\/infoecos.com.ar\/wp-content\/uploads\/2026\/04\/Otono-4.jpg","contentUrl":"https:\/\/infoecos.com.ar\/wp-content\/uploads\/2026\/04\/Otono-4.jpg","width":2560,"height":1706},{"@type":"BreadcrumbList","@id":"https:\/\/infoecos.com.ar\/index.php\/150-otonos-captura-el-bosque-urbano-que-respira-con-nosotros-el-nombre-del-concurso-fotografico-lanzado-por-el-gobierno-municipal-de-t-lauquen\/#breadcrumb","itemListElement":[{"@type":"ListItem","position":1,"name":"Portada","item":"https:\/\/infoecos.com.ar\/"},{"@type":"ListItem","position":2,"name":"\u00ab150 Oto\u00f1os: Captura el bosque urbano que respira con nosotros\u00bb, el nombre del Concurso Fotogr\u00e1fico lanzado por el gobierno municipal de T.Lauquen"}]},{"@type":"WebSite","@id":"https:\/\/infoecos.com.ar\/#website","url":"https:\/\/infoecos.com.ar\/","name":"Infoecos","description":"Noticias de trenque lauquen y la zona","publisher":{"@id":"https:\/\/infoecos.com.ar\/#organization"},"alternateName":"Noticias","potentialAction":[{"@type":"SearchAction","target":{"@type":"EntryPoint","urlTemplate":"https:\/\/infoecos.com.ar\/?s={search_term_string}"},"query-input":{"@type":"PropertyValueSpecification","valueRequired":true,"valueName":"search_term_string"}}],"inLanguage":"es"},{"@type":"Organization","@id":"https:\/\/infoecos.com.ar\/#organization","name":"Infoecos","alternateName":"Noticias","url":"https:\/\/infoecos.com.ar\/","logo":{"@type":"ImageObject","inLanguage":"es","@id":"https:\/\/infoecos.com.ar\/#\/schema\/logo\/image\/","url":"https:\/\/infoecos.com.ar\/wp-content\/uploads\/2024\/03\/cropped-logo.png","contentUrl":"https:\/\/infoecos.com.ar\/wp-content\/uploads\/2024\/03\/cropped-logo.png","width":374,"height":90,"caption":"Infoecos"},"image":{"@id":"https:\/\/infoecos.com.ar\/#\/schema\/logo\/image\/"},"sameAs":["https:\/\/www.facebook.com\/profile.php?id=100063200290284","https:\/\/x.com\/infoecos"]},{"@type":"Person","@id":"https:\/\/infoecos.com.ar\/#\/schema\/person\/8f5ace5ce73b4b4aac4b7245aee6f191","name":"Jorge Matheus","url":"https:\/\/infoecos.com.ar\/index.php\/author\/jomatheus\/"}]}},"featured_image_urls":{"full":["https:\/\/infoecos.com.ar\/wp-content\/uploads\/2026\/04\/Otono-4.jpg",2560,1706,false],"thumbnail":["https:\/\/infoecos.com.ar\/wp-content\/uploads\/2026\/04\/Otono-4-300x150.jpg",300,150,true],"medium":["https:\/\/infoecos.com.ar\/wp-content\/uploads\/2026\/04\/Otono-4-800x533.jpg",800,533,true],"medium_large":["https:\/\/infoecos.com.ar\/wp-content\/uploads\/2026\/04\/Otono-4-768x512.jpg",640,427,true],"large":["https:\/\/infoecos.com.ar\/wp-content\/uploads\/2026\/04\/Otono-4-1600x1066.jpg",640,426,true],"1536x1536":["https:\/\/infoecos.com.ar\/wp-content\/uploads\/2026\/04\/Otono-4-1536x1024.jpg",1536,1024,true],"2048x2048":["https:\/\/infoecos.com.ar\/wp-content\/uploads\/2026\/04\/Otono-4-2048x1365.jpg",2048,1365,true],"covernews-slider-full":["https:\/\/infoecos.com.ar\/wp-content\/uploads\/2026\/04\/Otono-4-1115x715.jpg",1115,715,true],"covernews-slider-center":["https:\/\/infoecos.com.ar\/wp-content\/uploads\/2026\/04\/Otono-4-800x500.jpg",800,500,true],"covernews-featured":["https:\/\/infoecos.com.ar\/wp-content\/uploads\/2026\/04\/Otono-4-1024x682.jpg",1024,682,true],"covernews-medium":["https:\/\/infoecos.com.ar\/wp-content\/uploads\/2026\/04\/Otono-4-540x340.jpg",540,340,true],"covernews-medium-square":["https:\/\/infoecos.com.ar\/wp-content\/uploads\/2026\/04\/Otono-4-400x250.jpg",400,250,true]},"author_info":{"info":["Jorge Matheus"]},"category_info":"<a href=\"https:\/\/infoecos.com.ar\/index.php\/category\/sin-categoria\/\" rel=\"category tag\">Sin categor\u00eda<\/a>","tag_info":"Sin categor\u00eda","comment_count":"0","_links":{"self":[{"href":"https:\/\/infoecos.com.ar\/index.php\/wp-json\/wp\/v2\/posts\/157225"}],"collection":[{"href":"https:\/\/infoecos.com.ar\/index.php\/wp-json\/wp\/v2\/posts"}],"about":[{"href":"https:\/\/infoecos.com.ar\/index.php\/wp-json\/wp\/v2\/types\/post"}],"author":[{"embeddable":true,"href":"https:\/\/infoecos.com.ar\/index.php\/wp-json\/wp\/v2\/users\/2"}],"replies":[{"embeddable":true,"href":"https:\/\/infoecos.com.ar\/index.php\/wp-json\/wp\/v2\/comments?post=157225"}],"version-history":[{"count":1,"href":"https:\/\/infoecos.com.ar\/index.php\/wp-json\/wp\/v2\/posts\/157225\/revisions"}],"predecessor-version":[{"id":157230,"href":"https:\/\/infoecos.com.ar\/index.php\/wp-json\/wp\/v2\/posts\/157225\/revisions\/157230"}],"wp:featuredmedia":[{"embeddable":true,"href":"https:\/\/infoecos.com.ar\/index.php\/wp-json\/wp\/v2\/media\/157229"}],"wp:attachment":[{"href":"https:\/\/infoecos.com.ar\/index.php\/wp-json\/wp\/v2\/media?parent=157225"}],"wp:term":[{"taxonomy":"category","embeddable":true,"href":"https:\/\/infoecos.com.ar\/index.php\/wp-json\/wp\/v2\/categories?post=157225"},{"taxonomy":"post_tag","embeddable":true,"href":"https:\/\/infoecos.com.ar\/index.php\/wp-json\/wp\/v2\/tags?post=157225"}],"curies":[{"name":"wp","href":"https:\/\/api.w.org\/{rel}","templated":true}]}}