{"id":157289,"date":"2026-04-25T02:12:17","date_gmt":"2026-04-25T05:12:17","guid":{"rendered":"https:\/\/infoecos.com.ar\/?p=157289"},"modified":"2026-04-25T02:16:00","modified_gmt":"2026-04-25T05:16:00","slug":"ingenieros-bonaerenses-advierten-que-la-desregulacion-del-inti-debilita-la-salud-publica","status":"publish","type":"post","link":"https:\/\/infoecos.com.ar\/index.php\/ingenieros-bonaerenses-advierten-que-la-desregulacion-del-inti-debilita-la-salud-publica\/","title":{"rendered":"Ingenieros bonaerenses advierten que la desregulaci\u00f3n del INTI \u00abdebilita la salud p\u00fablica\u00bb"},"content":{"rendered":"\n<p>El Colegio de Ingenieros de la Provincia de Buenos Aires (CIPBA) manifest\u00f3 su profunda preocupaci\u00f3n ante el vac\u00edo legal generado por recientes medidas del Poder Ejecutivo Nacional que eliminan controles t\u00e9cnicos clave que ejerc\u00eda el Instituto Nacional de Tecnolog\u00eda Industrial (INTI), especialmente en la cadena de producci\u00f3n de alimentos y bebidas.<\/p>\n\n\n\n<p>Desde la entidad que preside Jorge Castellano se\u00f1alaron que la decisi\u00f3n no implica una simplificaci\u00f3n administrativa, sino un debilitamiento directo de la salud p\u00fablica y de la soberan\u00eda tecnol\u00f3gica. En ese sentido, advirtieron que la eliminaci\u00f3n de estos controles sin la incorporaci\u00f3n de organismos alternativos para la fiscalizaci\u00f3n t\u00e9cnica pone en riesgo la trazabilidad de los productos que consumen los ciudadanos.<\/p>\n\n\n\n<p>El CIPBA remarc\u00f3 que la metrolog\u00eda legal \u2014que garantiza que el contenido de un producto coincida con lo declarado\u2014 es un elemento central en la protecci\u00f3n del consumidor. La ausencia de controles sobre balanzas, medidores y procesos de envasado, sostienen, puede derivar en un aumento de irregularidades en el mercado.<\/p>\n\n\n\n<p>Asimismo, alertaron sobre el impacto en el ejercicio profesional. La falta de un organismo certificador deja a los ingenieros que se desempe\u00f1an en la industria sin un marco regulatorio de referencia, trasladando toda la responsabilidad t\u00e9cnica a los profesionales, muchas veces bajo presi\u00f3n y sin herramientas adecuadas para garantizar est\u00e1ndares m\u00ednimos.<\/p>\n\n\n\n<p>Otro de los puntos se\u00f1alados es el efecto negativo en la competitividad. Seg\u00fan el Colegio, la desregulaci\u00f3n perjudica especialmente a las PyMEs que invierten en calidad, ya que fomenta una competencia desleal al \u201cigualar hacia abajo\u201d y dificulta el acceso a mercados internacionales que exigen certificaciones t\u00e9cnicas.<\/p>\n\n\n\n<p>Finalmente, desde el CIPBA subrayaron que la ingenier\u00eda constituye un pilar del desarrollo productivo seguro y advirtieron sobre las consecuencias de desarticular instituciones clave sin generar alternativas que sostengan los est\u00e1ndares de calidad.<\/p>\n\n\n\n<p>\u201cSin controles t\u00e9cnicos rigurosos, no hay industria competitiva; y sin seguridad alimentaria, no hay bienestar social posible\u201d, concluyeron desde el Consejo Superior del Colegio.<\/p>\n\n\n\n<figure class=\"wp-block-gallery has-nested-images columns-default is-cropped wp-block-gallery-1 is-layout-flex wp-block-gallery-is-layout-flex\">\n<figure class=\"wp-block-image size-large\"><img loading=\"lazy\" decoding=\"async\" width=\"1000\" height=\"625\" data-id=\"157291\" src=\"https:\/\/infoecos.com.ar\/wp-content\/uploads\/2026\/04\/INTI-02.jpg\" alt=\"\" class=\"wp-image-157291\" srcset=\"https:\/\/infoecos.com.ar\/wp-content\/uploads\/2026\/04\/INTI-02.jpg 1000w, https:\/\/infoecos.com.ar\/wp-content\/uploads\/2026\/04\/INTI-02-800x500.jpg 800w, https:\/\/infoecos.com.ar\/wp-content\/uploads\/2026\/04\/INTI-02-768x480.jpg 768w, https:\/\/infoecos.com.ar\/wp-content\/uploads\/2026\/04\/INTI-02-400x250.jpg 400w\" sizes=\"(max-width: 1000px) 100vw, 1000px\" \/><\/figure>\n\n\n\n<figure class=\"wp-block-image size-large\"><img loading=\"lazy\" decoding=\"async\" width=\"291\" height=\"173\" data-id=\"157290\" src=\"https:\/\/infoecos.com.ar\/wp-content\/uploads\/2026\/04\/INTI.jpg\" alt=\"\" class=\"wp-image-157290\"\/><\/figure>\n<\/figure>\n","protected":false},"excerpt":{"rendered":"<p>El Colegio de Ingenieros de la Provincia de Buenos Aires (CIPBA) manifest\u00f3 su profunda preocupaci\u00f3n&#8230;<\/p>\n","protected":false},"author":2,"featured_media":157291,"comment_status":"closed","ping_status":"open","sticky":false,"template":"","format":"standard","meta":{"footnotes":""},"categories":[1],"tags":[10298,1500],"class_list":["post-157289","post","type-post","status-publish","format-standard","has-post-thumbnail","hentry","category-sin-categoria","tag-bloque-inferior","tag-regional"],"yoast_head":"<!-- This site is optimized with the Yoast SEO plugin v23.4 - https:\/\/yoast.com\/wordpress\/plugins\/seo\/ -->\n<title>Ingenieros bonaerenses advierten que la desregulaci\u00f3n del INTI &quot;debilita la salud p\u00fablica&quot; - Infoecos<\/title>\n<meta name=\"robots\" content=\"index, follow, max-snippet:-1, max-image-preview:large, max-video-preview:-1\" \/>\n<link rel=\"canonical\" href=\"https:\/\/infoecos.com.ar\/index.php\/ingenieros-bonaerenses-advierten-que-la-desregulacion-del-inti-debilita-la-salud-publica\/\" \/>\n<meta property=\"og:locale\" content=\"es_ES\" \/>\n<meta property=\"og:type\" content=\"article\" \/>\n<meta property=\"og:title\" content=\"Ingenieros bonaerenses advierten que la desregulaci\u00f3n del INTI &quot;debilita la salud p\u00fablica&quot; - Infoecos\" \/>\n<meta property=\"og:description\" content=\"El Colegio de Ingenieros de la Provincia de Buenos Aires (CIPBA) manifest\u00f3 su profunda preocupaci\u00f3n...\" \/>\n<meta property=\"og:url\" content=\"https:\/\/infoecos.com.ar\/index.php\/ingenieros-bonaerenses-advierten-que-la-desregulacion-del-inti-debilita-la-salud-publica\/\" \/>\n<meta property=\"og:site_name\" content=\"Infoecos\" \/>\n<meta property=\"article:publisher\" content=\"https:\/\/www.facebook.com\/profile.php?id=100063200290284\" \/>\n<meta property=\"article:published_time\" content=\"2026-04-25T05:12:17+00:00\" \/>\n<meta property=\"article:modified_time\" content=\"2026-04-25T05:16:00+00:00\" \/>\n<meta property=\"og:image\" content=\"https:\/\/infoecos.com.ar\/wp-content\/uploads\/2026\/04\/INTI-02.jpg\" \/>\n\t<meta property=\"og:image:width\" content=\"1000\" \/>\n\t<meta property=\"og:image:height\" content=\"625\" \/>\n\t<meta property=\"og:image:type\" content=\"image\/jpeg\" \/>\n<meta name=\"author\" content=\"Jorge Matheus\" \/>\n<meta name=\"twitter:card\" content=\"summary_large_image\" \/>\n<meta name=\"twitter:creator\" content=\"@infoecos\" \/>\n<meta name=\"twitter:site\" content=\"@infoecos\" \/>\n<meta name=\"twitter:label1\" content=\"Escrito por\" \/>\n\t<meta name=\"twitter:data1\" content=\"Jorge Matheus\" \/>\n\t<meta name=\"twitter:label2\" content=\"Tiempo de lectura\" \/>\n\t<meta name=\"twitter:data2\" content=\"3 minutos\" \/>\n<script type=\"application\/ld+json\" class=\"yoast-schema-graph\">{\"@context\":\"https:\/\/schema.org\",\"@graph\":[{\"@type\":\"Article\",\"@id\":\"https:\/\/infoecos.com.ar\/index.php\/ingenieros-bonaerenses-advierten-que-la-desregulacion-del-inti-debilita-la-salud-publica\/#article\",\"isPartOf\":{\"@id\":\"https:\/\/infoecos.com.ar\/index.php\/ingenieros-bonaerenses-advierten-que-la-desregulacion-del-inti-debilita-la-salud-publica\/\"},\"author\":{\"name\":\"Jorge Matheus\",\"@id\":\"https:\/\/infoecos.com.ar\/#\/schema\/person\/8f5ace5ce73b4b4aac4b7245aee6f191\"},\"headline\":\"Ingenieros bonaerenses advierten que la desregulaci\u00f3n del INTI \u00abdebilita la salud p\u00fablica\u00bb\",\"datePublished\":\"2026-04-25T05:12:17+00:00\",\"dateModified\":\"2026-04-25T05:16:00+00:00\",\"mainEntityOfPage\":{\"@id\":\"https:\/\/infoecos.com.ar\/index.php\/ingenieros-bonaerenses-advierten-que-la-desregulacion-del-inti-debilita-la-salud-publica\/\"},\"wordCount\":361,\"publisher\":{\"@id\":\"https:\/\/infoecos.com.ar\/#organization\"},\"image\":{\"@id\":\"https:\/\/infoecos.com.ar\/index.php\/ingenieros-bonaerenses-advierten-que-la-desregulacion-del-inti-debilita-la-salud-publica\/#primaryimage\"},\"thumbnailUrl\":\"https:\/\/infoecos.com.ar\/wp-content\/uploads\/2026\/04\/INTI-02.jpg\",\"keywords\":[\"Bloque inferior\",\"REGIONAL\"],\"inLanguage\":\"es\"},{\"@type\":\"WebPage\",\"@id\":\"https:\/\/infoecos.com.ar\/index.php\/ingenieros-bonaerenses-advierten-que-la-desregulacion-del-inti-debilita-la-salud-publica\/\",\"url\":\"https:\/\/infoecos.com.ar\/index.php\/ingenieros-bonaerenses-advierten-que-la-desregulacion-del-inti-debilita-la-salud-publica\/\",\"name\":\"Ingenieros bonaerenses advierten que la desregulaci\u00f3n del INTI \\\"debilita la salud p\u00fablica\\\" - Infoecos\",\"isPartOf\":{\"@id\":\"https:\/\/infoecos.com.ar\/#website\"},\"primaryImageOfPage\":{\"@id\":\"https:\/\/infoecos.com.ar\/index.php\/ingenieros-bonaerenses-advierten-que-la-desregulacion-del-inti-debilita-la-salud-publica\/#primaryimage\"},\"image\":{\"@id\":\"https:\/\/infoecos.com.ar\/index.php\/ingenieros-bonaerenses-advierten-que-la-desregulacion-del-inti-debilita-la-salud-publica\/#primaryimage\"},\"thumbnailUrl\":\"https:\/\/infoecos.com.ar\/wp-content\/uploads\/2026\/04\/INTI-02.jpg\",\"datePublished\":\"2026-04-25T05:12:17+00:00\",\"dateModified\":\"2026-04-25T05:16:00+00:00\",\"breadcrumb\":{\"@id\":\"https:\/\/infoecos.com.ar\/index.php\/ingenieros-bonaerenses-advierten-que-la-desregulacion-del-inti-debilita-la-salud-publica\/#breadcrumb\"},\"inLanguage\":\"es\",\"potentialAction\":[{\"@type\":\"ReadAction\",\"target\":[\"https:\/\/infoecos.com.ar\/index.php\/ingenieros-bonaerenses-advierten-que-la-desregulacion-del-inti-debilita-la-salud-publica\/\"]}]},{\"@type\":\"ImageObject\",\"inLanguage\":\"es\",\"@id\":\"https:\/\/infoecos.com.ar\/index.php\/ingenieros-bonaerenses-advierten-que-la-desregulacion-del-inti-debilita-la-salud-publica\/#primaryimage\",\"url\":\"https:\/\/infoecos.com.ar\/wp-content\/uploads\/2026\/04\/INTI-02.jpg\",\"contentUrl\":\"https:\/\/infoecos.com.ar\/wp-content\/uploads\/2026\/04\/INTI-02.jpg\",\"width\":1000,\"height\":625},{\"@type\":\"BreadcrumbList\",\"@id\":\"https:\/\/infoecos.com.ar\/index.php\/ingenieros-bonaerenses-advierten-que-la-desregulacion-del-inti-debilita-la-salud-publica\/#breadcrumb\",\"itemListElement\":[{\"@type\":\"ListItem\",\"position\":1,\"name\":\"Portada\",\"item\":\"https:\/\/infoecos.com.ar\/\"},{\"@type\":\"ListItem\",\"position\":2,\"name\":\"Ingenieros bonaerenses advierten que la desregulaci\u00f3n del INTI \u00abdebilita la salud p\u00fablica\u00bb\"}]},{\"@type\":\"WebSite\",\"@id\":\"https:\/\/infoecos.com.ar\/#website\",\"url\":\"https:\/\/infoecos.com.ar\/\",\"name\":\"Infoecos\",\"description\":\"Noticias de trenque lauquen y la zona\",\"publisher\":{\"@id\":\"https:\/\/infoecos.com.ar\/#organization\"},\"alternateName\":\"Noticias\",\"potentialAction\":[{\"@type\":\"SearchAction\",\"target\":{\"@type\":\"EntryPoint\",\"urlTemplate\":\"https:\/\/infoecos.com.ar\/?s={search_term_string}\"},\"query-input\":{\"@type\":\"PropertyValueSpecification\",\"valueRequired\":true,\"valueName\":\"search_term_string\"}}],\"inLanguage\":\"es\"},{\"@type\":\"Organization\",\"@id\":\"https:\/\/infoecos.com.ar\/#organization\",\"name\":\"Infoecos\",\"alternateName\":\"Noticias\",\"url\":\"https:\/\/infoecos.com.ar\/\",\"logo\":{\"@type\":\"ImageObject\",\"inLanguage\":\"es\",\"@id\":\"https:\/\/infoecos.com.ar\/#\/schema\/logo\/image\/\",\"url\":\"https:\/\/infoecos.com.ar\/wp-content\/uploads\/2024\/03\/cropped-logo.png\",\"contentUrl\":\"https:\/\/infoecos.com.ar\/wp-content\/uploads\/2024\/03\/cropped-logo.png\",\"width\":374,\"height\":90,\"caption\":\"Infoecos\"},\"image\":{\"@id\":\"https:\/\/infoecos.com.ar\/#\/schema\/logo\/image\/\"},\"sameAs\":[\"https:\/\/www.facebook.com\/profile.php?id=100063200290284\",\"https:\/\/x.com\/infoecos\"]},{\"@type\":\"Person\",\"@id\":\"https:\/\/infoecos.com.ar\/#\/schema\/person\/8f5ace5ce73b4b4aac4b7245aee6f191\",\"name\":\"Jorge Matheus\",\"url\":\"https:\/\/infoecos.com.ar\/index.php\/author\/jomatheus\/\"}]}<\/script>\n<!-- \/ Yoast SEO plugin. -->","yoast_head_json":{"title":"Ingenieros bonaerenses advierten que la desregulaci\u00f3n del INTI \"debilita la salud p\u00fablica\" - Infoecos","robots":{"index":"index","follow":"follow","max-snippet":"max-snippet:-1","max-image-preview":"max-image-preview:large","max-video-preview":"max-video-preview:-1"},"canonical":"https:\/\/infoecos.com.ar\/index.php\/ingenieros-bonaerenses-advierten-que-la-desregulacion-del-inti-debilita-la-salud-publica\/","og_locale":"es_ES","og_type":"article","og_title":"Ingenieros bonaerenses advierten que la desregulaci\u00f3n del INTI \"debilita la salud p\u00fablica\" - Infoecos","og_description":"El Colegio de Ingenieros de la Provincia de Buenos Aires (CIPBA) manifest\u00f3 su profunda preocupaci\u00f3n...","og_url":"https:\/\/infoecos.com.ar\/index.php\/ingenieros-bonaerenses-advierten-que-la-desregulacion-del-inti-debilita-la-salud-publica\/","og_site_name":"Infoecos","article_publisher":"https:\/\/www.facebook.com\/profile.php?id=100063200290284","article_published_time":"2026-04-25T05:12:17+00:00","article_modified_time":"2026-04-25T05:16:00+00:00","og_image":[{"width":1000,"height":625,"url":"https:\/\/infoecos.com.ar\/wp-content\/uploads\/2026\/04\/INTI-02.jpg","type":"image\/jpeg"}],"author":"Jorge Matheus","twitter_card":"summary_large_image","twitter_creator":"@infoecos","twitter_site":"@infoecos","twitter_misc":{"Escrito por":"Jorge Matheus","Tiempo de lectura":"3 minutos"},"schema":{"@context":"https:\/\/schema.org","@graph":[{"@type":"Article","@id":"https:\/\/infoecos.com.ar\/index.php\/ingenieros-bonaerenses-advierten-que-la-desregulacion-del-inti-debilita-la-salud-publica\/#article","isPartOf":{"@id":"https:\/\/infoecos.com.ar\/index.php\/ingenieros-bonaerenses-advierten-que-la-desregulacion-del-inti-debilita-la-salud-publica\/"},"author":{"name":"Jorge Matheus","@id":"https:\/\/infoecos.com.ar\/#\/schema\/person\/8f5ace5ce73b4b4aac4b7245aee6f191"},"headline":"Ingenieros bonaerenses advierten que la desregulaci\u00f3n del INTI \u00abdebilita la salud p\u00fablica\u00bb","datePublished":"2026-04-25T05:12:17+00:00","dateModified":"2026-04-25T05:16:00+00:00","mainEntityOfPage":{"@id":"https:\/\/infoecos.com.ar\/index.php\/ingenieros-bonaerenses-advierten-que-la-desregulacion-del-inti-debilita-la-salud-publica\/"},"wordCount":361,"publisher":{"@id":"https:\/\/infoecos.com.ar\/#organization"},"image":{"@id":"https:\/\/infoecos.com.ar\/index.php\/ingenieros-bonaerenses-advierten-que-la-desregulacion-del-inti-debilita-la-salud-publica\/#primaryimage"},"thumbnailUrl":"https:\/\/infoecos.com.ar\/wp-content\/uploads\/2026\/04\/INTI-02.jpg","keywords":["Bloque inferior","REGIONAL"],"inLanguage":"es"},{"@type":"WebPage","@id":"https:\/\/infoecos.com.ar\/index.php\/ingenieros-bonaerenses-advierten-que-la-desregulacion-del-inti-debilita-la-salud-publica\/","url":"https:\/\/infoecos.com.ar\/index.php\/ingenieros-bonaerenses-advierten-que-la-desregulacion-del-inti-debilita-la-salud-publica\/","name":"Ingenieros bonaerenses advierten que la desregulaci\u00f3n del INTI \"debilita la salud p\u00fablica\" - Infoecos","isPartOf":{"@id":"https:\/\/infoecos.com.ar\/#website"},"primaryImageOfPage":{"@id":"https:\/\/infoecos.com.ar\/index.php\/ingenieros-bonaerenses-advierten-que-la-desregulacion-del-inti-debilita-la-salud-publica\/#primaryimage"},"image":{"@id":"https:\/\/infoecos.com.ar\/index.php\/ingenieros-bonaerenses-advierten-que-la-desregulacion-del-inti-debilita-la-salud-publica\/#primaryimage"},"thumbnailUrl":"https:\/\/infoecos.com.ar\/wp-content\/uploads\/2026\/04\/INTI-02.jpg","datePublished":"2026-04-25T05:12:17+00:00","dateModified":"2026-04-25T05:16:00+00:00","breadcrumb":{"@id":"https:\/\/infoecos.com.ar\/index.php\/ingenieros-bonaerenses-advierten-que-la-desregulacion-del-inti-debilita-la-salud-publica\/#breadcrumb"},"inLanguage":"es","potentialAction":[{"@type":"ReadAction","target":["https:\/\/infoecos.com.ar\/index.php\/ingenieros-bonaerenses-advierten-que-la-desregulacion-del-inti-debilita-la-salud-publica\/"]}]},{"@type":"ImageObject","inLanguage":"es","@id":"https:\/\/infoecos.com.ar\/index.php\/ingenieros-bonaerenses-advierten-que-la-desregulacion-del-inti-debilita-la-salud-publica\/#primaryimage","url":"https:\/\/infoecos.com.ar\/wp-content\/uploads\/2026\/04\/INTI-02.jpg","contentUrl":"https:\/\/infoecos.com.ar\/wp-content\/uploads\/2026\/04\/INTI-02.jpg","width":1000,"height":625},{"@type":"BreadcrumbList","@id":"https:\/\/infoecos.com.ar\/index.php\/ingenieros-bonaerenses-advierten-que-la-desregulacion-del-inti-debilita-la-salud-publica\/#breadcrumb","itemListElement":[{"@type":"ListItem","position":1,"name":"Portada","item":"https:\/\/infoecos.com.ar\/"},{"@type":"ListItem","position":2,"name":"Ingenieros bonaerenses advierten que la desregulaci\u00f3n del INTI \u00abdebilita la salud p\u00fablica\u00bb"}]},{"@type":"WebSite","@id":"https:\/\/infoecos.com.ar\/#website","url":"https:\/\/infoecos.com.ar\/","name":"Infoecos","description":"Noticias de trenque lauquen y la zona","publisher":{"@id":"https:\/\/infoecos.com.ar\/#organization"},"alternateName":"Noticias","potentialAction":[{"@type":"SearchAction","target":{"@type":"EntryPoint","urlTemplate":"https:\/\/infoecos.com.ar\/?s={search_term_string}"},"query-input":{"@type":"PropertyValueSpecification","valueRequired":true,"valueName":"search_term_string"}}],"inLanguage":"es"},{"@type":"Organization","@id":"https:\/\/infoecos.com.ar\/#organization","name":"Infoecos","alternateName":"Noticias","url":"https:\/\/infoecos.com.ar\/","logo":{"@type":"ImageObject","inLanguage":"es","@id":"https:\/\/infoecos.com.ar\/#\/schema\/logo\/image\/","url":"https:\/\/infoecos.com.ar\/wp-content\/uploads\/2024\/03\/cropped-logo.png","contentUrl":"https:\/\/infoecos.com.ar\/wp-content\/uploads\/2024\/03\/cropped-logo.png","width":374,"height":90,"caption":"Infoecos"},"image":{"@id":"https:\/\/infoecos.com.ar\/#\/schema\/logo\/image\/"},"sameAs":["https:\/\/www.facebook.com\/profile.php?id=100063200290284","https:\/\/x.com\/infoecos"]},{"@type":"Person","@id":"https:\/\/infoecos.com.ar\/#\/schema\/person\/8f5ace5ce73b4b4aac4b7245aee6f191","name":"Jorge Matheus","url":"https:\/\/infoecos.com.ar\/index.php\/author\/jomatheus\/"}]}},"featured_image_urls":{"full":["https:\/\/infoecos.com.ar\/wp-content\/uploads\/2026\/04\/INTI-02.jpg",1000,625,false],"thumbnail":["https:\/\/infoecos.com.ar\/wp-content\/uploads\/2026\/04\/INTI-02-300x150.jpg",300,150,true],"medium":["https:\/\/infoecos.com.ar\/wp-content\/uploads\/2026\/04\/INTI-02-800x500.jpg",800,500,true],"medium_large":["https:\/\/infoecos.com.ar\/wp-content\/uploads\/2026\/04\/INTI-02-768x480.jpg",640,400,true],"large":["https:\/\/infoecos.com.ar\/wp-content\/uploads\/2026\/04\/INTI-02.jpg",640,400,false],"1536x1536":["https:\/\/infoecos.com.ar\/wp-content\/uploads\/2026\/04\/INTI-02.jpg",1000,625,false],"2048x2048":["https:\/\/infoecos.com.ar\/wp-content\/uploads\/2026\/04\/INTI-02.jpg",1000,625,false],"covernews-slider-full":["https:\/\/infoecos.com.ar\/wp-content\/uploads\/2026\/04\/INTI-02.jpg",1000,625,false],"covernews-slider-center":["https:\/\/infoecos.com.ar\/wp-content\/uploads\/2026\/04\/INTI-02-800x500.jpg",800,500,true],"covernews-featured":["https:\/\/infoecos.com.ar\/wp-content\/uploads\/2026\/04\/INTI-02.jpg",1000,625,false],"covernews-medium":["https:\/\/infoecos.com.ar\/wp-content\/uploads\/2026\/04\/INTI-02-540x340.jpg",540,340,true],"covernews-medium-square":["https:\/\/infoecos.com.ar\/wp-content\/uploads\/2026\/04\/INTI-02-400x250.jpg",400,250,true]},"author_info":{"info":["Jorge Matheus"]},"category_info":"<a href=\"https:\/\/infoecos.com.ar\/index.php\/category\/sin-categoria\/\" rel=\"category tag\">Sin categor\u00eda<\/a>","tag_info":"Sin categor\u00eda","comment_count":"0","_links":{"self":[{"href":"https:\/\/infoecos.com.ar\/index.php\/wp-json\/wp\/v2\/posts\/157289"}],"collection":[{"href":"https:\/\/infoecos.com.ar\/index.php\/wp-json\/wp\/v2\/posts"}],"about":[{"href":"https:\/\/infoecos.com.ar\/index.php\/wp-json\/wp\/v2\/types\/post"}],"author":[{"embeddable":true,"href":"https:\/\/infoecos.com.ar\/index.php\/wp-json\/wp\/v2\/users\/2"}],"replies":[{"embeddable":true,"href":"https:\/\/infoecos.com.ar\/index.php\/wp-json\/wp\/v2\/comments?post=157289"}],"version-history":[{"count":1,"href":"https:\/\/infoecos.com.ar\/index.php\/wp-json\/wp\/v2\/posts\/157289\/revisions"}],"predecessor-version":[{"id":157292,"href":"https:\/\/infoecos.com.ar\/index.php\/wp-json\/wp\/v2\/posts\/157289\/revisions\/157292"}],"wp:featuredmedia":[{"embeddable":true,"href":"https:\/\/infoecos.com.ar\/index.php\/wp-json\/wp\/v2\/media\/157291"}],"wp:attachment":[{"href":"https:\/\/infoecos.com.ar\/index.php\/wp-json\/wp\/v2\/media?parent=157289"}],"wp:term":[{"taxonomy":"category","embeddable":true,"href":"https:\/\/infoecos.com.ar\/index.php\/wp-json\/wp\/v2\/categories?post=157289"},{"taxonomy":"post_tag","embeddable":true,"href":"https:\/\/infoecos.com.ar\/index.php\/wp-json\/wp\/v2\/tags?post=157289"}],"curies":[{"name":"wp","href":"https:\/\/api.w.org\/{rel}","templated":true}]}}