{"id":157362,"date":"2026-04-26T01:45:41","date_gmt":"2026-04-26T04:45:41","guid":{"rendered":"https:\/\/infoecos.com.ar\/?p=157362"},"modified":"2026-04-26T01:45:42","modified_gmt":"2026-04-26T04:45:42","slug":"atencion-para-quienes-transiten-por-la-ruta-65-a-la-altura-del-puente-otto-hacerlo-con-extrema-precaucion-por-el-deterioro-de-la-cinta-asfaltico","status":"publish","type":"post","link":"https:\/\/infoecos.com.ar\/index.php\/atencion-para-quienes-transiten-por-la-ruta-65-a-la-altura-del-puente-otto-hacerlo-con-extrema-precaucion-por-el-deterioro-de-la-cinta-asfaltico\/","title":{"rendered":"Atenci\u00f3n para quienes transiten por la Ruta 65 a la altura del Puente Otto: hacerlo con extrema precauci\u00f3n por el deterioro de la cinta asf\u00e1ltico"},"content":{"rendered":"\n<p>El gobierno municipal de Guamin\u00ed pidi\u00f3 circular con extrema precauci\u00f3n en la Ruta Provincial n\u00famero 65, a la altura del Puente Otto.<\/p>\n\n\n\n<p>El sector mencionado est\u00e1 muy deteriorado a ra\u00edz de las \u00faltimas lluvias.<\/p>\n\n\n\n<p>Las autoridades comunales informaron que finaliz\u00f3 la distribuci\u00f3n y nivelaci\u00f3n de material fresado en los tramos m\u00e1s afectados. <\/p>\n\n\n\n<p>En las \u00faltimas horas se finaliz\u00f3 la distribuci\u00f3n y nivelaci\u00f3n de material fresado en los tramos m\u00e1s afectados, por lo que hay material asf\u00e1ltico suelto que puede provocar inestabilidad en los veh\u00edculos o proyecci\u00f3n de piedras. <\/p>\n\n\n\n<figure class=\"wp-block-gallery has-nested-images columns-default is-cropped wp-block-gallery-1 is-layout-flex wp-block-gallery-is-layout-flex\">\n<figure class=\"wp-block-image size-large\"><img loading=\"lazy\" decoding=\"async\" width=\"1280\" height=\"720\" data-id=\"157363\" src=\"https:\/\/infoecos.com.ar\/wp-content\/uploads\/2026\/04\/ruta651.jpg\" alt=\"\" class=\"wp-image-157363\" srcset=\"https:\/\/infoecos.com.ar\/wp-content\/uploads\/2026\/04\/ruta651.jpg 1280w, https:\/\/infoecos.com.ar\/wp-content\/uploads\/2026\/04\/ruta651-800x450.jpg 800w, https:\/\/infoecos.com.ar\/wp-content\/uploads\/2026\/04\/ruta651-768x432.jpg 768w, https:\/\/infoecos.com.ar\/wp-content\/uploads\/2026\/04\/ruta651-1024x576.jpg 1024w\" sizes=\"(max-width: 1280px) 100vw, 1280px\" \/><\/figure>\n\n\n\n<figure class=\"wp-block-image size-large\"><img loading=\"lazy\" decoding=\"async\" width=\"1280\" height=\"720\" data-id=\"157364\" src=\"https:\/\/infoecos.com.ar\/wp-content\/uploads\/2026\/04\/ruta652.jpg\" alt=\"\" class=\"wp-image-157364\" srcset=\"https:\/\/infoecos.com.ar\/wp-content\/uploads\/2026\/04\/ruta652.jpg 1280w, https:\/\/infoecos.com.ar\/wp-content\/uploads\/2026\/04\/ruta652-800x450.jpg 800w, https:\/\/infoecos.com.ar\/wp-content\/uploads\/2026\/04\/ruta652-768x432.jpg 768w, https:\/\/infoecos.com.ar\/wp-content\/uploads\/2026\/04\/ruta652-1024x576.jpg 1024w\" sizes=\"(max-width: 1280px) 100vw, 1280px\" \/><\/figure>\n\n\n\n<figure class=\"wp-block-image size-large\"><img loading=\"lazy\" decoding=\"async\" width=\"1280\" height=\"720\" data-id=\"157365\" src=\"https:\/\/infoecos.com.ar\/wp-content\/uploads\/2026\/04\/ruta653.jpg\" alt=\"\" class=\"wp-image-157365\" srcset=\"https:\/\/infoecos.com.ar\/wp-content\/uploads\/2026\/04\/ruta653.jpg 1280w, https:\/\/infoecos.com.ar\/wp-content\/uploads\/2026\/04\/ruta653-800x450.jpg 800w, https:\/\/infoecos.com.ar\/wp-content\/uploads\/2026\/04\/ruta653-768x432.jpg 768w, https:\/\/infoecos.com.ar\/wp-content\/uploads\/2026\/04\/ruta653-1024x576.jpg 1024w\" sizes=\"(max-width: 1280px) 100vw, 1280px\" \/><\/figure>\n<\/figure>\n","protected":false},"excerpt":{"rendered":"<p>El gobierno municipal de Guamin\u00ed pidi\u00f3 circular con extrema precauci\u00f3n en la Ruta Provincial n\u00famero&#8230;<\/p>\n","protected":false},"author":2,"featured_media":157364,"comment_status":"closed","ping_status":"open","sticky":false,"template":"","format":"standard","meta":{"footnotes":""},"categories":[1613],"tags":[10290],"class_list":["post-157362","post","type-post","status-publish","format-standard","has-post-thumbnail","hentry","category-noticia-secundaria","tag-entretenimiento"],"yoast_head":"<!-- This site is optimized with the Yoast SEO plugin v23.4 - https:\/\/yoast.com\/wordpress\/plugins\/seo\/ -->\n<title>Atenci\u00f3n para quienes transiten por la Ruta 65 a la altura del Puente Otto: hacerlo con extrema precauci\u00f3n por el deterioro de la cinta asf\u00e1ltico - Infoecos<\/title>\n<meta name=\"robots\" content=\"index, follow, max-snippet:-1, max-image-preview:large, max-video-preview:-1\" \/>\n<link rel=\"canonical\" href=\"https:\/\/infoecos.com.ar\/index.php\/atencion-para-quienes-transiten-por-la-ruta-65-a-la-altura-del-puente-otto-hacerlo-con-extrema-precaucion-por-el-deterioro-de-la-cinta-asfaltico\/\" \/>\n<meta property=\"og:locale\" content=\"es_ES\" \/>\n<meta property=\"og:type\" content=\"article\" \/>\n<meta property=\"og:title\" content=\"Atenci\u00f3n para quienes transiten por la Ruta 65 a la altura del Puente Otto: hacerlo con extrema precauci\u00f3n por el deterioro de la cinta asf\u00e1ltico - Infoecos\" \/>\n<meta property=\"og:description\" content=\"El gobierno municipal de Guamin\u00ed pidi\u00f3 circular con extrema precauci\u00f3n en la Ruta Provincial n\u00famero...\" \/>\n<meta property=\"og:url\" content=\"https:\/\/infoecos.com.ar\/index.php\/atencion-para-quienes-transiten-por-la-ruta-65-a-la-altura-del-puente-otto-hacerlo-con-extrema-precaucion-por-el-deterioro-de-la-cinta-asfaltico\/\" \/>\n<meta property=\"og:site_name\" content=\"Infoecos\" \/>\n<meta property=\"article:publisher\" content=\"https:\/\/www.facebook.com\/profile.php?id=100063200290284\" \/>\n<meta property=\"article:published_time\" content=\"2026-04-26T04:45:41+00:00\" \/>\n<meta property=\"article:modified_time\" content=\"2026-04-26T04:45:42+00:00\" \/>\n<meta property=\"og:image\" content=\"https:\/\/infoecos.com.ar\/wp-content\/uploads\/2026\/04\/ruta652.jpg\" \/>\n\t<meta property=\"og:image:width\" content=\"1280\" \/>\n\t<meta property=\"og:image:height\" content=\"720\" \/>\n\t<meta property=\"og:image:type\" content=\"image\/jpeg\" \/>\n<meta name=\"author\" content=\"Jorge Matheus\" \/>\n<meta name=\"twitter:card\" content=\"summary_large_image\" \/>\n<meta name=\"twitter:creator\" content=\"@infoecos\" \/>\n<meta name=\"twitter:site\" content=\"@infoecos\" \/>\n<meta name=\"twitter:label1\" content=\"Escrito por\" \/>\n\t<meta name=\"twitter:data1\" content=\"Jorge Matheus\" \/>\n\t<meta name=\"twitter:label2\" content=\"Tiempo de lectura\" \/>\n\t<meta name=\"twitter:data2\" content=\"2 minutos\" \/>\n<script type=\"application\/ld+json\" class=\"yoast-schema-graph\">{\"@context\":\"https:\/\/schema.org\",\"@graph\":[{\"@type\":\"Article\",\"@id\":\"https:\/\/infoecos.com.ar\/index.php\/atencion-para-quienes-transiten-por-la-ruta-65-a-la-altura-del-puente-otto-hacerlo-con-extrema-precaucion-por-el-deterioro-de-la-cinta-asfaltico\/#article\",\"isPartOf\":{\"@id\":\"https:\/\/infoecos.com.ar\/index.php\/atencion-para-quienes-transiten-por-la-ruta-65-a-la-altura-del-puente-otto-hacerlo-con-extrema-precaucion-por-el-deterioro-de-la-cinta-asfaltico\/\"},\"author\":{\"name\":\"Jorge Matheus\",\"@id\":\"https:\/\/infoecos.com.ar\/#\/schema\/person\/8f5ace5ce73b4b4aac4b7245aee6f191\"},\"headline\":\"Atenci\u00f3n para quienes transiten por la Ruta 65 a la altura del Puente Otto: hacerlo con extrema precauci\u00f3n por el deterioro de la cinta asf\u00e1ltico\",\"datePublished\":\"2026-04-26T04:45:41+00:00\",\"dateModified\":\"2026-04-26T04:45:42+00:00\",\"mainEntityOfPage\":{\"@id\":\"https:\/\/infoecos.com.ar\/index.php\/atencion-para-quienes-transiten-por-la-ruta-65-a-la-altura-del-puente-otto-hacerlo-con-extrema-precaucion-por-el-deterioro-de-la-cinta-asfaltico\/\"},\"wordCount\":126,\"publisher\":{\"@id\":\"https:\/\/infoecos.com.ar\/#organization\"},\"image\":{\"@id\":\"https:\/\/infoecos.com.ar\/index.php\/atencion-para-quienes-transiten-por-la-ruta-65-a-la-altura-del-puente-otto-hacerlo-con-extrema-precaucion-por-el-deterioro-de-la-cinta-asfaltico\/#primaryimage\"},\"thumbnailUrl\":\"https:\/\/infoecos.com.ar\/wp-content\/uploads\/2026\/04\/ruta652.jpg\",\"keywords\":[\"Entretenimiento\"],\"articleSection\":[\"Noticia Secundaria\"],\"inLanguage\":\"es\"},{\"@type\":\"WebPage\",\"@id\":\"https:\/\/infoecos.com.ar\/index.php\/atencion-para-quienes-transiten-por-la-ruta-65-a-la-altura-del-puente-otto-hacerlo-con-extrema-precaucion-por-el-deterioro-de-la-cinta-asfaltico\/\",\"url\":\"https:\/\/infoecos.com.ar\/index.php\/atencion-para-quienes-transiten-por-la-ruta-65-a-la-altura-del-puente-otto-hacerlo-con-extrema-precaucion-por-el-deterioro-de-la-cinta-asfaltico\/\",\"name\":\"Atenci\u00f3n para quienes transiten por la Ruta 65 a la altura del Puente Otto: hacerlo con extrema precauci\u00f3n por el deterioro de la cinta asf\u00e1ltico - Infoecos\",\"isPartOf\":{\"@id\":\"https:\/\/infoecos.com.ar\/#website\"},\"primaryImageOfPage\":{\"@id\":\"https:\/\/infoecos.com.ar\/index.php\/atencion-para-quienes-transiten-por-la-ruta-65-a-la-altura-del-puente-otto-hacerlo-con-extrema-precaucion-por-el-deterioro-de-la-cinta-asfaltico\/#primaryimage\"},\"image\":{\"@id\":\"https:\/\/infoecos.com.ar\/index.php\/atencion-para-quienes-transiten-por-la-ruta-65-a-la-altura-del-puente-otto-hacerlo-con-extrema-precaucion-por-el-deterioro-de-la-cinta-asfaltico\/#primaryimage\"},\"thumbnailUrl\":\"https:\/\/infoecos.com.ar\/wp-content\/uploads\/2026\/04\/ruta652.jpg\",\"datePublished\":\"2026-04-26T04:45:41+00:00\",\"dateModified\":\"2026-04-26T04:45:42+00:00\",\"breadcrumb\":{\"@id\":\"https:\/\/infoecos.com.ar\/index.php\/atencion-para-quienes-transiten-por-la-ruta-65-a-la-altura-del-puente-otto-hacerlo-con-extrema-precaucion-por-el-deterioro-de-la-cinta-asfaltico\/#breadcrumb\"},\"inLanguage\":\"es\",\"potentialAction\":[{\"@type\":\"ReadAction\",\"target\":[\"https:\/\/infoecos.com.ar\/index.php\/atencion-para-quienes-transiten-por-la-ruta-65-a-la-altura-del-puente-otto-hacerlo-con-extrema-precaucion-por-el-deterioro-de-la-cinta-asfaltico\/\"]}]},{\"@type\":\"ImageObject\",\"inLanguage\":\"es\",\"@id\":\"https:\/\/infoecos.com.ar\/index.php\/atencion-para-quienes-transiten-por-la-ruta-65-a-la-altura-del-puente-otto-hacerlo-con-extrema-precaucion-por-el-deterioro-de-la-cinta-asfaltico\/#primaryimage\",\"url\":\"https:\/\/infoecos.com.ar\/wp-content\/uploads\/2026\/04\/ruta652.jpg\",\"contentUrl\":\"https:\/\/infoecos.com.ar\/wp-content\/uploads\/2026\/04\/ruta652.jpg\",\"width\":1280,\"height\":720},{\"@type\":\"BreadcrumbList\",\"@id\":\"https:\/\/infoecos.com.ar\/index.php\/atencion-para-quienes-transiten-por-la-ruta-65-a-la-altura-del-puente-otto-hacerlo-con-extrema-precaucion-por-el-deterioro-de-la-cinta-asfaltico\/#breadcrumb\",\"itemListElement\":[{\"@type\":\"ListItem\",\"position\":1,\"name\":\"Portada\",\"item\":\"https:\/\/infoecos.com.ar\/\"},{\"@type\":\"ListItem\",\"position\":2,\"name\":\"Atenci\u00f3n para quienes transiten por la Ruta 65 a la altura del Puente Otto: hacerlo con extrema precauci\u00f3n por el deterioro de la cinta asf\u00e1ltico\"}]},{\"@type\":\"WebSite\",\"@id\":\"https:\/\/infoecos.com.ar\/#website\",\"url\":\"https:\/\/infoecos.com.ar\/\",\"name\":\"Infoecos\",\"description\":\"Noticias de trenque lauquen y la zona\",\"publisher\":{\"@id\":\"https:\/\/infoecos.com.ar\/#organization\"},\"alternateName\":\"Noticias\",\"potentialAction\":[{\"@type\":\"SearchAction\",\"target\":{\"@type\":\"EntryPoint\",\"urlTemplate\":\"https:\/\/infoecos.com.ar\/?s={search_term_string}\"},\"query-input\":{\"@type\":\"PropertyValueSpecification\",\"valueRequired\":true,\"valueName\":\"search_term_string\"}}],\"inLanguage\":\"es\"},{\"@type\":\"Organization\",\"@id\":\"https:\/\/infoecos.com.ar\/#organization\",\"name\":\"Infoecos\",\"alternateName\":\"Noticias\",\"url\":\"https:\/\/infoecos.com.ar\/\",\"logo\":{\"@type\":\"ImageObject\",\"inLanguage\":\"es\",\"@id\":\"https:\/\/infoecos.com.ar\/#\/schema\/logo\/image\/\",\"url\":\"https:\/\/infoecos.com.ar\/wp-content\/uploads\/2024\/03\/cropped-logo.png\",\"contentUrl\":\"https:\/\/infoecos.com.ar\/wp-content\/uploads\/2024\/03\/cropped-logo.png\",\"width\":374,\"height\":90,\"caption\":\"Infoecos\"},\"image\":{\"@id\":\"https:\/\/infoecos.com.ar\/#\/schema\/logo\/image\/\"},\"sameAs\":[\"https:\/\/www.facebook.com\/profile.php?id=100063200290284\",\"https:\/\/x.com\/infoecos\"]},{\"@type\":\"Person\",\"@id\":\"https:\/\/infoecos.com.ar\/#\/schema\/person\/8f5ace5ce73b4b4aac4b7245aee6f191\",\"name\":\"Jorge Matheus\",\"url\":\"https:\/\/infoecos.com.ar\/index.php\/author\/jomatheus\/\"}]}<\/script>\n<!-- \/ Yoast SEO plugin. -->","yoast_head_json":{"title":"Atenci\u00f3n para quienes transiten por la Ruta 65 a la altura del Puente Otto: hacerlo con extrema precauci\u00f3n por el deterioro de la cinta asf\u00e1ltico - Infoecos","robots":{"index":"index","follow":"follow","max-snippet":"max-snippet:-1","max-image-preview":"max-image-preview:large","max-video-preview":"max-video-preview:-1"},"canonical":"https:\/\/infoecos.com.ar\/index.php\/atencion-para-quienes-transiten-por-la-ruta-65-a-la-altura-del-puente-otto-hacerlo-con-extrema-precaucion-por-el-deterioro-de-la-cinta-asfaltico\/","og_locale":"es_ES","og_type":"article","og_title":"Atenci\u00f3n para quienes transiten por la Ruta 65 a la altura del Puente Otto: hacerlo con extrema precauci\u00f3n por el deterioro de la cinta asf\u00e1ltico - Infoecos","og_description":"El gobierno municipal de Guamin\u00ed pidi\u00f3 circular con extrema precauci\u00f3n en la Ruta Provincial n\u00famero...","og_url":"https:\/\/infoecos.com.ar\/index.php\/atencion-para-quienes-transiten-por-la-ruta-65-a-la-altura-del-puente-otto-hacerlo-con-extrema-precaucion-por-el-deterioro-de-la-cinta-asfaltico\/","og_site_name":"Infoecos","article_publisher":"https:\/\/www.facebook.com\/profile.php?id=100063200290284","article_published_time":"2026-04-26T04:45:41+00:00","article_modified_time":"2026-04-26T04:45:42+00:00","og_image":[{"width":1280,"height":720,"url":"https:\/\/infoecos.com.ar\/wp-content\/uploads\/2026\/04\/ruta652.jpg","type":"image\/jpeg"}],"author":"Jorge Matheus","twitter_card":"summary_large_image","twitter_creator":"@infoecos","twitter_site":"@infoecos","twitter_misc":{"Escrito por":"Jorge Matheus","Tiempo de lectura":"2 minutos"},"schema":{"@context":"https:\/\/schema.org","@graph":[{"@type":"Article","@id":"https:\/\/infoecos.com.ar\/index.php\/atencion-para-quienes-transiten-por-la-ruta-65-a-la-altura-del-puente-otto-hacerlo-con-extrema-precaucion-por-el-deterioro-de-la-cinta-asfaltico\/#article","isPartOf":{"@id":"https:\/\/infoecos.com.ar\/index.php\/atencion-para-quienes-transiten-por-la-ruta-65-a-la-altura-del-puente-otto-hacerlo-con-extrema-precaucion-por-el-deterioro-de-la-cinta-asfaltico\/"},"author":{"name":"Jorge Matheus","@id":"https:\/\/infoecos.com.ar\/#\/schema\/person\/8f5ace5ce73b4b4aac4b7245aee6f191"},"headline":"Atenci\u00f3n para quienes transiten por la Ruta 65 a la altura del Puente Otto: hacerlo con extrema precauci\u00f3n por el deterioro de la cinta asf\u00e1ltico","datePublished":"2026-04-26T04:45:41+00:00","dateModified":"2026-04-26T04:45:42+00:00","mainEntityOfPage":{"@id":"https:\/\/infoecos.com.ar\/index.php\/atencion-para-quienes-transiten-por-la-ruta-65-a-la-altura-del-puente-otto-hacerlo-con-extrema-precaucion-por-el-deterioro-de-la-cinta-asfaltico\/"},"wordCount":126,"publisher":{"@id":"https:\/\/infoecos.com.ar\/#organization"},"image":{"@id":"https:\/\/infoecos.com.ar\/index.php\/atencion-para-quienes-transiten-por-la-ruta-65-a-la-altura-del-puente-otto-hacerlo-con-extrema-precaucion-por-el-deterioro-de-la-cinta-asfaltico\/#primaryimage"},"thumbnailUrl":"https:\/\/infoecos.com.ar\/wp-content\/uploads\/2026\/04\/ruta652.jpg","keywords":["Entretenimiento"],"articleSection":["Noticia Secundaria"],"inLanguage":"es"},{"@type":"WebPage","@id":"https:\/\/infoecos.com.ar\/index.php\/atencion-para-quienes-transiten-por-la-ruta-65-a-la-altura-del-puente-otto-hacerlo-con-extrema-precaucion-por-el-deterioro-de-la-cinta-asfaltico\/","url":"https:\/\/infoecos.com.ar\/index.php\/atencion-para-quienes-transiten-por-la-ruta-65-a-la-altura-del-puente-otto-hacerlo-con-extrema-precaucion-por-el-deterioro-de-la-cinta-asfaltico\/","name":"Atenci\u00f3n para quienes transiten por la Ruta 65 a la altura del Puente Otto: hacerlo con extrema precauci\u00f3n por el deterioro de la cinta asf\u00e1ltico - Infoecos","isPartOf":{"@id":"https:\/\/infoecos.com.ar\/#website"},"primaryImageOfPage":{"@id":"https:\/\/infoecos.com.ar\/index.php\/atencion-para-quienes-transiten-por-la-ruta-65-a-la-altura-del-puente-otto-hacerlo-con-extrema-precaucion-por-el-deterioro-de-la-cinta-asfaltico\/#primaryimage"},"image":{"@id":"https:\/\/infoecos.com.ar\/index.php\/atencion-para-quienes-transiten-por-la-ruta-65-a-la-altura-del-puente-otto-hacerlo-con-extrema-precaucion-por-el-deterioro-de-la-cinta-asfaltico\/#primaryimage"},"thumbnailUrl":"https:\/\/infoecos.com.ar\/wp-content\/uploads\/2026\/04\/ruta652.jpg","datePublished":"2026-04-26T04:45:41+00:00","dateModified":"2026-04-26T04:45:42+00:00","breadcrumb":{"@id":"https:\/\/infoecos.com.ar\/index.php\/atencion-para-quienes-transiten-por-la-ruta-65-a-la-altura-del-puente-otto-hacerlo-con-extrema-precaucion-por-el-deterioro-de-la-cinta-asfaltico\/#breadcrumb"},"inLanguage":"es","potentialAction":[{"@type":"ReadAction","target":["https:\/\/infoecos.com.ar\/index.php\/atencion-para-quienes-transiten-por-la-ruta-65-a-la-altura-del-puente-otto-hacerlo-con-extrema-precaucion-por-el-deterioro-de-la-cinta-asfaltico\/"]}]},{"@type":"ImageObject","inLanguage":"es","@id":"https:\/\/infoecos.com.ar\/index.php\/atencion-para-quienes-transiten-por-la-ruta-65-a-la-altura-del-puente-otto-hacerlo-con-extrema-precaucion-por-el-deterioro-de-la-cinta-asfaltico\/#primaryimage","url":"https:\/\/infoecos.com.ar\/wp-content\/uploads\/2026\/04\/ruta652.jpg","contentUrl":"https:\/\/infoecos.com.ar\/wp-content\/uploads\/2026\/04\/ruta652.jpg","width":1280,"height":720},{"@type":"BreadcrumbList","@id":"https:\/\/infoecos.com.ar\/index.php\/atencion-para-quienes-transiten-por-la-ruta-65-a-la-altura-del-puente-otto-hacerlo-con-extrema-precaucion-por-el-deterioro-de-la-cinta-asfaltico\/#breadcrumb","itemListElement":[{"@type":"ListItem","position":1,"name":"Portada","item":"https:\/\/infoecos.com.ar\/"},{"@type":"ListItem","position":2,"name":"Atenci\u00f3n para quienes transiten por la Ruta 65 a la altura del Puente Otto: hacerlo con extrema precauci\u00f3n por el deterioro de la cinta asf\u00e1ltico"}]},{"@type":"WebSite","@id":"https:\/\/infoecos.com.ar\/#website","url":"https:\/\/infoecos.com.ar\/","name":"Infoecos","description":"Noticias de trenque lauquen y la zona","publisher":{"@id":"https:\/\/infoecos.com.ar\/#organization"},"alternateName":"Noticias","potentialAction":[{"@type":"SearchAction","target":{"@type":"EntryPoint","urlTemplate":"https:\/\/infoecos.com.ar\/?s={search_term_string}"},"query-input":{"@type":"PropertyValueSpecification","valueRequired":true,"valueName":"search_term_string"}}],"inLanguage":"es"},{"@type":"Organization","@id":"https:\/\/infoecos.com.ar\/#organization","name":"Infoecos","alternateName":"Noticias","url":"https:\/\/infoecos.com.ar\/","logo":{"@type":"ImageObject","inLanguage":"es","@id":"https:\/\/infoecos.com.ar\/#\/schema\/logo\/image\/","url":"https:\/\/infoecos.com.ar\/wp-content\/uploads\/2024\/03\/cropped-logo.png","contentUrl":"https:\/\/infoecos.com.ar\/wp-content\/uploads\/2024\/03\/cropped-logo.png","width":374,"height":90,"caption":"Infoecos"},"image":{"@id":"https:\/\/infoecos.com.ar\/#\/schema\/logo\/image\/"},"sameAs":["https:\/\/www.facebook.com\/profile.php?id=100063200290284","https:\/\/x.com\/infoecos"]},{"@type":"Person","@id":"https:\/\/infoecos.com.ar\/#\/schema\/person\/8f5ace5ce73b4b4aac4b7245aee6f191","name":"Jorge Matheus","url":"https:\/\/infoecos.com.ar\/index.php\/author\/jomatheus\/"}]}},"featured_image_urls":{"full":["https:\/\/infoecos.com.ar\/wp-content\/uploads\/2026\/04\/ruta652.jpg",1280,720,false],"thumbnail":["https:\/\/infoecos.com.ar\/wp-content\/uploads\/2026\/04\/ruta652-300x150.jpg",300,150,true],"medium":["https:\/\/infoecos.com.ar\/wp-content\/uploads\/2026\/04\/ruta652-800x450.jpg",800,450,true],"medium_large":["https:\/\/infoecos.com.ar\/wp-content\/uploads\/2026\/04\/ruta652-768x432.jpg",640,360,true],"large":["https:\/\/infoecos.com.ar\/wp-content\/uploads\/2026\/04\/ruta652.jpg",640,360,false],"1536x1536":["https:\/\/infoecos.com.ar\/wp-content\/uploads\/2026\/04\/ruta652.jpg",1280,720,false],"2048x2048":["https:\/\/infoecos.com.ar\/wp-content\/uploads\/2026\/04\/ruta652.jpg",1280,720,false],"covernews-slider-full":["https:\/\/infoecos.com.ar\/wp-content\/uploads\/2026\/04\/ruta652-1115x715.jpg",1115,715,true],"covernews-slider-center":["https:\/\/infoecos.com.ar\/wp-content\/uploads\/2026\/04\/ruta652-800x500.jpg",800,500,true],"covernews-featured":["https:\/\/infoecos.com.ar\/wp-content\/uploads\/2026\/04\/ruta652-1024x576.jpg",1024,576,true],"covernews-medium":["https:\/\/infoecos.com.ar\/wp-content\/uploads\/2026\/04\/ruta652-540x340.jpg",540,340,true],"covernews-medium-square":["https:\/\/infoecos.com.ar\/wp-content\/uploads\/2026\/04\/ruta652-400x250.jpg",400,250,true]},"author_info":{"info":["Jorge Matheus"]},"category_info":"<a href=\"https:\/\/infoecos.com.ar\/index.php\/category\/noticia-secundaria\/\" rel=\"category tag\">Noticia Secundaria<\/a>","tag_info":"Noticia Secundaria","comment_count":"0","_links":{"self":[{"href":"https:\/\/infoecos.com.ar\/index.php\/wp-json\/wp\/v2\/posts\/157362"}],"collection":[{"href":"https:\/\/infoecos.com.ar\/index.php\/wp-json\/wp\/v2\/posts"}],"about":[{"href":"https:\/\/infoecos.com.ar\/index.php\/wp-json\/wp\/v2\/types\/post"}],"author":[{"embeddable":true,"href":"https:\/\/infoecos.com.ar\/index.php\/wp-json\/wp\/v2\/users\/2"}],"replies":[{"embeddable":true,"href":"https:\/\/infoecos.com.ar\/index.php\/wp-json\/wp\/v2\/comments?post=157362"}],"version-history":[{"count":1,"href":"https:\/\/infoecos.com.ar\/index.php\/wp-json\/wp\/v2\/posts\/157362\/revisions"}],"predecessor-version":[{"id":157366,"href":"https:\/\/infoecos.com.ar\/index.php\/wp-json\/wp\/v2\/posts\/157362\/revisions\/157366"}],"wp:featuredmedia":[{"embeddable":true,"href":"https:\/\/infoecos.com.ar\/index.php\/wp-json\/wp\/v2\/media\/157364"}],"wp:attachment":[{"href":"https:\/\/infoecos.com.ar\/index.php\/wp-json\/wp\/v2\/media?parent=157362"}],"wp:term":[{"taxonomy":"category","embeddable":true,"href":"https:\/\/infoecos.com.ar\/index.php\/wp-json\/wp\/v2\/categories?post=157362"},{"taxonomy":"post_tag","embeddable":true,"href":"https:\/\/infoecos.com.ar\/index.php\/wp-json\/wp\/v2\/tags?post=157362"}],"curies":[{"name":"wp","href":"https:\/\/api.w.org\/{rel}","templated":true}]}}