{"id":157375,"date":"2026-04-26T02:39:09","date_gmt":"2026-04-26T05:39:09","guid":{"rendered":"https:\/\/infoecos.com.ar\/?p=157375"},"modified":"2026-04-26T02:39:10","modified_gmt":"2026-04-26T05:39:10","slug":"falsas-amenazas-en-escuelas-de-la-provincia-el-diputado-de-leo-presenta-proyecto-para-que-los-padres-de-los-amenazantes-paguen-los-gastos","status":"publish","type":"post","link":"https:\/\/infoecos.com.ar\/index.php\/falsas-amenazas-en-escuelas-de-la-provincia-el-diputado-de-leo-presenta-proyecto-para-que-los-padres-de-los-amenazantes-paguen-los-gastos\/","title":{"rendered":"Falsas amenazas en escuelas de la provincia: el diputado De Leo presenta proyecto para que los padres de los amenazantes paguen los gastos"},"content":{"rendered":"\n<p>El titular del bloque de la Coalici\u00f3n C\u00edvica en la C\u00e1mara de Diputados bonaerense,\u00a0Andr\u00e9s de Leo, present\u00f3 un proyecto de ley para crear un\u00a0R\u00e9gimen de Recupero de Costos Operativos\u00a0por Falsas Amenazas\u00a0en establecimientos educativos de la provincia de Buenos Aires, a fin de que los\u00a0padres paguen por los gastos extraordinarios que producen las amenazas de sus hijos.<\/p>\n\n\n\n<p>El proyecto es presentado a ra\u00edz de que en las \u00faltimas semanas,\u00a0los establecimientos educativos recibieron falsas amenazas, especialmente\u00a0alertas de bomba y\u00a0tiroteos, que oblig\u00f3 a los directivos a la activaci\u00f3n inmediata de operativos de emergencia, que implican un importante despliegue de recursos humanos y materiales.<\/p>\n\n\n\n<p>De Leo\u00a0present\u00f3 la propuesta con el objetivo de que los padres de los estudiantes que realizaron las amenazas deban hacerse cargo de los costos operativos, incluyendo la intervenci\u00f3n de fuerzas policiales, brigadas especializadas, bomberos, servicios de emergencia, as\u00ed como cualquier otro recurso humano o material afectado.<\/p>\n\n\n\n<p>En caso de que los autores sean menores de edad, la responsabilidad recaer\u00e1 en sus padres, tutores o responsables legales, conforme a la normativa vigente.<\/p>\n\n\n\n<figure class=\"wp-block-image aligncenter size-full\"><img loading=\"lazy\" decoding=\"async\" width=\"294\" height=\"171\" src=\"https:\/\/infoecos.com.ar\/wp-content\/uploads\/2026\/04\/image-235.png\" alt=\"\" class=\"wp-image-157376\"\/><\/figure>\n","protected":false},"excerpt":{"rendered":"<p>El titular del bloque de la Coalici\u00f3n C\u00edvica en la C\u00e1mara de Diputados bonaerense,\u00a0Andr\u00e9s de&#8230;<\/p>\n","protected":false},"author":2,"featured_media":157376,"comment_status":"closed","ping_status":"open","sticky":false,"template":"","format":"standard","meta":{"footnotes":""},"categories":[1613],"tags":[10290],"class_list":["post-157375","post","type-post","status-publish","format-standard","has-post-thumbnail","hentry","category-noticia-secundaria","tag-entretenimiento"],"yoast_head":"<!-- This site is optimized with the Yoast SEO plugin v23.4 - https:\/\/yoast.com\/wordpress\/plugins\/seo\/ -->\n<title>Falsas amenazas en escuelas de la provincia: el diputado De Leo presenta proyecto para que los padres de los amenazantes paguen los gastos - Infoecos<\/title>\n<meta name=\"robots\" content=\"index, follow, max-snippet:-1, max-image-preview:large, max-video-preview:-1\" \/>\n<link rel=\"canonical\" href=\"https:\/\/infoecos.com.ar\/index.php\/falsas-amenazas-en-escuelas-de-la-provincia-el-diputado-de-leo-presenta-proyecto-para-que-los-padres-de-los-amenazantes-paguen-los-gastos\/\" \/>\n<meta property=\"og:locale\" content=\"es_ES\" \/>\n<meta property=\"og:type\" content=\"article\" \/>\n<meta property=\"og:title\" content=\"Falsas amenazas en escuelas de la provincia: el diputado De Leo presenta proyecto para que los padres de los amenazantes paguen los gastos - Infoecos\" \/>\n<meta property=\"og:description\" content=\"El titular del bloque de la Coalici\u00f3n C\u00edvica en la C\u00e1mara de Diputados bonaerense,\u00a0Andr\u00e9s de...\" \/>\n<meta property=\"og:url\" content=\"https:\/\/infoecos.com.ar\/index.php\/falsas-amenazas-en-escuelas-de-la-provincia-el-diputado-de-leo-presenta-proyecto-para-que-los-padres-de-los-amenazantes-paguen-los-gastos\/\" \/>\n<meta property=\"og:site_name\" content=\"Infoecos\" \/>\n<meta property=\"article:publisher\" content=\"https:\/\/www.facebook.com\/profile.php?id=100063200290284\" \/>\n<meta property=\"article:published_time\" content=\"2026-04-26T05:39:09+00:00\" \/>\n<meta property=\"article:modified_time\" content=\"2026-04-26T05:39:10+00:00\" \/>\n<meta property=\"og:image\" content=\"https:\/\/infoecos.com.ar\/wp-content\/uploads\/2026\/04\/image-235.png\" \/>\n\t<meta property=\"og:image:width\" content=\"294\" \/>\n\t<meta property=\"og:image:height\" content=\"171\" \/>\n\t<meta property=\"og:image:type\" content=\"image\/png\" \/>\n<meta name=\"author\" content=\"Jorge Matheus\" \/>\n<meta name=\"twitter:card\" content=\"summary_large_image\" \/>\n<meta name=\"twitter:creator\" content=\"@infoecos\" \/>\n<meta name=\"twitter:site\" content=\"@infoecos\" \/>\n<meta name=\"twitter:label1\" content=\"Escrito por\" \/>\n\t<meta name=\"twitter:data1\" content=\"Jorge Matheus\" \/>\n\t<meta name=\"twitter:label2\" content=\"Tiempo de lectura\" \/>\n\t<meta name=\"twitter:data2\" content=\"2 minutos\" \/>\n<script type=\"application\/ld+json\" class=\"yoast-schema-graph\">{\"@context\":\"https:\/\/schema.org\",\"@graph\":[{\"@type\":\"Article\",\"@id\":\"https:\/\/infoecos.com.ar\/index.php\/falsas-amenazas-en-escuelas-de-la-provincia-el-diputado-de-leo-presenta-proyecto-para-que-los-padres-de-los-amenazantes-paguen-los-gastos\/#article\",\"isPartOf\":{\"@id\":\"https:\/\/infoecos.com.ar\/index.php\/falsas-amenazas-en-escuelas-de-la-provincia-el-diputado-de-leo-presenta-proyecto-para-que-los-padres-de-los-amenazantes-paguen-los-gastos\/\"},\"author\":{\"name\":\"Jorge Matheus\",\"@id\":\"https:\/\/infoecos.com.ar\/#\/schema\/person\/8f5ace5ce73b4b4aac4b7245aee6f191\"},\"headline\":\"Falsas amenazas en escuelas de la provincia: el diputado De Leo presenta proyecto para que los padres de los amenazantes paguen los gastos\",\"datePublished\":\"2026-04-26T05:39:09+00:00\",\"dateModified\":\"2026-04-26T05:39:10+00:00\",\"mainEntityOfPage\":{\"@id\":\"https:\/\/infoecos.com.ar\/index.php\/falsas-amenazas-en-escuelas-de-la-provincia-el-diputado-de-leo-presenta-proyecto-para-que-los-padres-de-los-amenazantes-paguen-los-gastos\/\"},\"wordCount\":211,\"publisher\":{\"@id\":\"https:\/\/infoecos.com.ar\/#organization\"},\"image\":{\"@id\":\"https:\/\/infoecos.com.ar\/index.php\/falsas-amenazas-en-escuelas-de-la-provincia-el-diputado-de-leo-presenta-proyecto-para-que-los-padres-de-los-amenazantes-paguen-los-gastos\/#primaryimage\"},\"thumbnailUrl\":\"https:\/\/infoecos.com.ar\/wp-content\/uploads\/2026\/04\/image-235.png\",\"keywords\":[\"Entretenimiento\"],\"articleSection\":[\"Noticia Secundaria\"],\"inLanguage\":\"es\"},{\"@type\":\"WebPage\",\"@id\":\"https:\/\/infoecos.com.ar\/index.php\/falsas-amenazas-en-escuelas-de-la-provincia-el-diputado-de-leo-presenta-proyecto-para-que-los-padres-de-los-amenazantes-paguen-los-gastos\/\",\"url\":\"https:\/\/infoecos.com.ar\/index.php\/falsas-amenazas-en-escuelas-de-la-provincia-el-diputado-de-leo-presenta-proyecto-para-que-los-padres-de-los-amenazantes-paguen-los-gastos\/\",\"name\":\"Falsas amenazas en escuelas de la provincia: el diputado De Leo presenta proyecto para que los padres de los amenazantes paguen los gastos - Infoecos\",\"isPartOf\":{\"@id\":\"https:\/\/infoecos.com.ar\/#website\"},\"primaryImageOfPage\":{\"@id\":\"https:\/\/infoecos.com.ar\/index.php\/falsas-amenazas-en-escuelas-de-la-provincia-el-diputado-de-leo-presenta-proyecto-para-que-los-padres-de-los-amenazantes-paguen-los-gastos\/#primaryimage\"},\"image\":{\"@id\":\"https:\/\/infoecos.com.ar\/index.php\/falsas-amenazas-en-escuelas-de-la-provincia-el-diputado-de-leo-presenta-proyecto-para-que-los-padres-de-los-amenazantes-paguen-los-gastos\/#primaryimage\"},\"thumbnailUrl\":\"https:\/\/infoecos.com.ar\/wp-content\/uploads\/2026\/04\/image-235.png\",\"datePublished\":\"2026-04-26T05:39:09+00:00\",\"dateModified\":\"2026-04-26T05:39:10+00:00\",\"breadcrumb\":{\"@id\":\"https:\/\/infoecos.com.ar\/index.php\/falsas-amenazas-en-escuelas-de-la-provincia-el-diputado-de-leo-presenta-proyecto-para-que-los-padres-de-los-amenazantes-paguen-los-gastos\/#breadcrumb\"},\"inLanguage\":\"es\",\"potentialAction\":[{\"@type\":\"ReadAction\",\"target\":[\"https:\/\/infoecos.com.ar\/index.php\/falsas-amenazas-en-escuelas-de-la-provincia-el-diputado-de-leo-presenta-proyecto-para-que-los-padres-de-los-amenazantes-paguen-los-gastos\/\"]}]},{\"@type\":\"ImageObject\",\"inLanguage\":\"es\",\"@id\":\"https:\/\/infoecos.com.ar\/index.php\/falsas-amenazas-en-escuelas-de-la-provincia-el-diputado-de-leo-presenta-proyecto-para-que-los-padres-de-los-amenazantes-paguen-los-gastos\/#primaryimage\",\"url\":\"https:\/\/infoecos.com.ar\/wp-content\/uploads\/2026\/04\/image-235.png\",\"contentUrl\":\"https:\/\/infoecos.com.ar\/wp-content\/uploads\/2026\/04\/image-235.png\",\"width\":294,\"height\":171},{\"@type\":\"BreadcrumbList\",\"@id\":\"https:\/\/infoecos.com.ar\/index.php\/falsas-amenazas-en-escuelas-de-la-provincia-el-diputado-de-leo-presenta-proyecto-para-que-los-padres-de-los-amenazantes-paguen-los-gastos\/#breadcrumb\",\"itemListElement\":[{\"@type\":\"ListItem\",\"position\":1,\"name\":\"Portada\",\"item\":\"https:\/\/infoecos.com.ar\/\"},{\"@type\":\"ListItem\",\"position\":2,\"name\":\"Falsas amenazas en escuelas de la provincia: el diputado De Leo presenta proyecto para que los padres de los amenazantes paguen los gastos\"}]},{\"@type\":\"WebSite\",\"@id\":\"https:\/\/infoecos.com.ar\/#website\",\"url\":\"https:\/\/infoecos.com.ar\/\",\"name\":\"Infoecos\",\"description\":\"Noticias de trenque lauquen y la zona\",\"publisher\":{\"@id\":\"https:\/\/infoecos.com.ar\/#organization\"},\"alternateName\":\"Noticias\",\"potentialAction\":[{\"@type\":\"SearchAction\",\"target\":{\"@type\":\"EntryPoint\",\"urlTemplate\":\"https:\/\/infoecos.com.ar\/?s={search_term_string}\"},\"query-input\":{\"@type\":\"PropertyValueSpecification\",\"valueRequired\":true,\"valueName\":\"search_term_string\"}}],\"inLanguage\":\"es\"},{\"@type\":\"Organization\",\"@id\":\"https:\/\/infoecos.com.ar\/#organization\",\"name\":\"Infoecos\",\"alternateName\":\"Noticias\",\"url\":\"https:\/\/infoecos.com.ar\/\",\"logo\":{\"@type\":\"ImageObject\",\"inLanguage\":\"es\",\"@id\":\"https:\/\/infoecos.com.ar\/#\/schema\/logo\/image\/\",\"url\":\"https:\/\/infoecos.com.ar\/wp-content\/uploads\/2024\/03\/cropped-logo.png\",\"contentUrl\":\"https:\/\/infoecos.com.ar\/wp-content\/uploads\/2024\/03\/cropped-logo.png\",\"width\":374,\"height\":90,\"caption\":\"Infoecos\"},\"image\":{\"@id\":\"https:\/\/infoecos.com.ar\/#\/schema\/logo\/image\/\"},\"sameAs\":[\"https:\/\/www.facebook.com\/profile.php?id=100063200290284\",\"https:\/\/x.com\/infoecos\"]},{\"@type\":\"Person\",\"@id\":\"https:\/\/infoecos.com.ar\/#\/schema\/person\/8f5ace5ce73b4b4aac4b7245aee6f191\",\"name\":\"Jorge Matheus\",\"url\":\"https:\/\/infoecos.com.ar\/index.php\/author\/jomatheus\/\"}]}<\/script>\n<!-- \/ Yoast SEO plugin. -->","yoast_head_json":{"title":"Falsas amenazas en escuelas de la provincia: el diputado De Leo presenta proyecto para que los padres de los amenazantes paguen los gastos - Infoecos","robots":{"index":"index","follow":"follow","max-snippet":"max-snippet:-1","max-image-preview":"max-image-preview:large","max-video-preview":"max-video-preview:-1"},"canonical":"https:\/\/infoecos.com.ar\/index.php\/falsas-amenazas-en-escuelas-de-la-provincia-el-diputado-de-leo-presenta-proyecto-para-que-los-padres-de-los-amenazantes-paguen-los-gastos\/","og_locale":"es_ES","og_type":"article","og_title":"Falsas amenazas en escuelas de la provincia: el diputado De Leo presenta proyecto para que los padres de los amenazantes paguen los gastos - Infoecos","og_description":"El titular del bloque de la Coalici\u00f3n C\u00edvica en la C\u00e1mara de Diputados bonaerense,\u00a0Andr\u00e9s de...","og_url":"https:\/\/infoecos.com.ar\/index.php\/falsas-amenazas-en-escuelas-de-la-provincia-el-diputado-de-leo-presenta-proyecto-para-que-los-padres-de-los-amenazantes-paguen-los-gastos\/","og_site_name":"Infoecos","article_publisher":"https:\/\/www.facebook.com\/profile.php?id=100063200290284","article_published_time":"2026-04-26T05:39:09+00:00","article_modified_time":"2026-04-26T05:39:10+00:00","og_image":[{"width":294,"height":171,"url":"https:\/\/infoecos.com.ar\/wp-content\/uploads\/2026\/04\/image-235.png","type":"image\/png"}],"author":"Jorge Matheus","twitter_card":"summary_large_image","twitter_creator":"@infoecos","twitter_site":"@infoecos","twitter_misc":{"Escrito por":"Jorge Matheus","Tiempo de lectura":"2 minutos"},"schema":{"@context":"https:\/\/schema.org","@graph":[{"@type":"Article","@id":"https:\/\/infoecos.com.ar\/index.php\/falsas-amenazas-en-escuelas-de-la-provincia-el-diputado-de-leo-presenta-proyecto-para-que-los-padres-de-los-amenazantes-paguen-los-gastos\/#article","isPartOf":{"@id":"https:\/\/infoecos.com.ar\/index.php\/falsas-amenazas-en-escuelas-de-la-provincia-el-diputado-de-leo-presenta-proyecto-para-que-los-padres-de-los-amenazantes-paguen-los-gastos\/"},"author":{"name":"Jorge Matheus","@id":"https:\/\/infoecos.com.ar\/#\/schema\/person\/8f5ace5ce73b4b4aac4b7245aee6f191"},"headline":"Falsas amenazas en escuelas de la provincia: el diputado De Leo presenta proyecto para que los padres de los amenazantes paguen los gastos","datePublished":"2026-04-26T05:39:09+00:00","dateModified":"2026-04-26T05:39:10+00:00","mainEntityOfPage":{"@id":"https:\/\/infoecos.com.ar\/index.php\/falsas-amenazas-en-escuelas-de-la-provincia-el-diputado-de-leo-presenta-proyecto-para-que-los-padres-de-los-amenazantes-paguen-los-gastos\/"},"wordCount":211,"publisher":{"@id":"https:\/\/infoecos.com.ar\/#organization"},"image":{"@id":"https:\/\/infoecos.com.ar\/index.php\/falsas-amenazas-en-escuelas-de-la-provincia-el-diputado-de-leo-presenta-proyecto-para-que-los-padres-de-los-amenazantes-paguen-los-gastos\/#primaryimage"},"thumbnailUrl":"https:\/\/infoecos.com.ar\/wp-content\/uploads\/2026\/04\/image-235.png","keywords":["Entretenimiento"],"articleSection":["Noticia Secundaria"],"inLanguage":"es"},{"@type":"WebPage","@id":"https:\/\/infoecos.com.ar\/index.php\/falsas-amenazas-en-escuelas-de-la-provincia-el-diputado-de-leo-presenta-proyecto-para-que-los-padres-de-los-amenazantes-paguen-los-gastos\/","url":"https:\/\/infoecos.com.ar\/index.php\/falsas-amenazas-en-escuelas-de-la-provincia-el-diputado-de-leo-presenta-proyecto-para-que-los-padres-de-los-amenazantes-paguen-los-gastos\/","name":"Falsas amenazas en escuelas de la provincia: el diputado De Leo presenta proyecto para que los padres de los amenazantes paguen los gastos - Infoecos","isPartOf":{"@id":"https:\/\/infoecos.com.ar\/#website"},"primaryImageOfPage":{"@id":"https:\/\/infoecos.com.ar\/index.php\/falsas-amenazas-en-escuelas-de-la-provincia-el-diputado-de-leo-presenta-proyecto-para-que-los-padres-de-los-amenazantes-paguen-los-gastos\/#primaryimage"},"image":{"@id":"https:\/\/infoecos.com.ar\/index.php\/falsas-amenazas-en-escuelas-de-la-provincia-el-diputado-de-leo-presenta-proyecto-para-que-los-padres-de-los-amenazantes-paguen-los-gastos\/#primaryimage"},"thumbnailUrl":"https:\/\/infoecos.com.ar\/wp-content\/uploads\/2026\/04\/image-235.png","datePublished":"2026-04-26T05:39:09+00:00","dateModified":"2026-04-26T05:39:10+00:00","breadcrumb":{"@id":"https:\/\/infoecos.com.ar\/index.php\/falsas-amenazas-en-escuelas-de-la-provincia-el-diputado-de-leo-presenta-proyecto-para-que-los-padres-de-los-amenazantes-paguen-los-gastos\/#breadcrumb"},"inLanguage":"es","potentialAction":[{"@type":"ReadAction","target":["https:\/\/infoecos.com.ar\/index.php\/falsas-amenazas-en-escuelas-de-la-provincia-el-diputado-de-leo-presenta-proyecto-para-que-los-padres-de-los-amenazantes-paguen-los-gastos\/"]}]},{"@type":"ImageObject","inLanguage":"es","@id":"https:\/\/infoecos.com.ar\/index.php\/falsas-amenazas-en-escuelas-de-la-provincia-el-diputado-de-leo-presenta-proyecto-para-que-los-padres-de-los-amenazantes-paguen-los-gastos\/#primaryimage","url":"https:\/\/infoecos.com.ar\/wp-content\/uploads\/2026\/04\/image-235.png","contentUrl":"https:\/\/infoecos.com.ar\/wp-content\/uploads\/2026\/04\/image-235.png","width":294,"height":171},{"@type":"BreadcrumbList","@id":"https:\/\/infoecos.com.ar\/index.php\/falsas-amenazas-en-escuelas-de-la-provincia-el-diputado-de-leo-presenta-proyecto-para-que-los-padres-de-los-amenazantes-paguen-los-gastos\/#breadcrumb","itemListElement":[{"@type":"ListItem","position":1,"name":"Portada","item":"https:\/\/infoecos.com.ar\/"},{"@type":"ListItem","position":2,"name":"Falsas amenazas en escuelas de la provincia: el diputado De Leo presenta proyecto para que los padres de los amenazantes paguen los gastos"}]},{"@type":"WebSite","@id":"https:\/\/infoecos.com.ar\/#website","url":"https:\/\/infoecos.com.ar\/","name":"Infoecos","description":"Noticias de trenque lauquen y la zona","publisher":{"@id":"https:\/\/infoecos.com.ar\/#organization"},"alternateName":"Noticias","potentialAction":[{"@type":"SearchAction","target":{"@type":"EntryPoint","urlTemplate":"https:\/\/infoecos.com.ar\/?s={search_term_string}"},"query-input":{"@type":"PropertyValueSpecification","valueRequired":true,"valueName":"search_term_string"}}],"inLanguage":"es"},{"@type":"Organization","@id":"https:\/\/infoecos.com.ar\/#organization","name":"Infoecos","alternateName":"Noticias","url":"https:\/\/infoecos.com.ar\/","logo":{"@type":"ImageObject","inLanguage":"es","@id":"https:\/\/infoecos.com.ar\/#\/schema\/logo\/image\/","url":"https:\/\/infoecos.com.ar\/wp-content\/uploads\/2024\/03\/cropped-logo.png","contentUrl":"https:\/\/infoecos.com.ar\/wp-content\/uploads\/2024\/03\/cropped-logo.png","width":374,"height":90,"caption":"Infoecos"},"image":{"@id":"https:\/\/infoecos.com.ar\/#\/schema\/logo\/image\/"},"sameAs":["https:\/\/www.facebook.com\/profile.php?id=100063200290284","https:\/\/x.com\/infoecos"]},{"@type":"Person","@id":"https:\/\/infoecos.com.ar\/#\/schema\/person\/8f5ace5ce73b4b4aac4b7245aee6f191","name":"Jorge Matheus","url":"https:\/\/infoecos.com.ar\/index.php\/author\/jomatheus\/"}]}},"featured_image_urls":{"full":["https:\/\/infoecos.com.ar\/wp-content\/uploads\/2026\/04\/image-235.png",294,171,false],"thumbnail":["https:\/\/infoecos.com.ar\/wp-content\/uploads\/2026\/04\/image-235-294x150.png",294,150,true],"medium":["https:\/\/infoecos.com.ar\/wp-content\/uploads\/2026\/04\/image-235.png",294,171,false],"medium_large":["https:\/\/infoecos.com.ar\/wp-content\/uploads\/2026\/04\/image-235.png",294,171,false],"large":["https:\/\/infoecos.com.ar\/wp-content\/uploads\/2026\/04\/image-235.png",294,171,false],"1536x1536":["https:\/\/infoecos.com.ar\/wp-content\/uploads\/2026\/04\/image-235.png",294,171,false],"2048x2048":["https:\/\/infoecos.com.ar\/wp-content\/uploads\/2026\/04\/image-235.png",294,171,false],"covernews-slider-full":["https:\/\/infoecos.com.ar\/wp-content\/uploads\/2026\/04\/image-235.png",294,171,false],"covernews-slider-center":["https:\/\/infoecos.com.ar\/wp-content\/uploads\/2026\/04\/image-235.png",294,171,false],"covernews-featured":["https:\/\/infoecos.com.ar\/wp-content\/uploads\/2026\/04\/image-235.png",294,171,false],"covernews-medium":["https:\/\/infoecos.com.ar\/wp-content\/uploads\/2026\/04\/image-235.png",294,171,false],"covernews-medium-square":["https:\/\/infoecos.com.ar\/wp-content\/uploads\/2026\/04\/image-235.png",294,171,false]},"author_info":{"info":["Jorge Matheus"]},"category_info":"<a href=\"https:\/\/infoecos.com.ar\/index.php\/category\/noticia-secundaria\/\" rel=\"category tag\">Noticia Secundaria<\/a>","tag_info":"Noticia Secundaria","comment_count":"0","_links":{"self":[{"href":"https:\/\/infoecos.com.ar\/index.php\/wp-json\/wp\/v2\/posts\/157375"}],"collection":[{"href":"https:\/\/infoecos.com.ar\/index.php\/wp-json\/wp\/v2\/posts"}],"about":[{"href":"https:\/\/infoecos.com.ar\/index.php\/wp-json\/wp\/v2\/types\/post"}],"author":[{"embeddable":true,"href":"https:\/\/infoecos.com.ar\/index.php\/wp-json\/wp\/v2\/users\/2"}],"replies":[{"embeddable":true,"href":"https:\/\/infoecos.com.ar\/index.php\/wp-json\/wp\/v2\/comments?post=157375"}],"version-history":[{"count":1,"href":"https:\/\/infoecos.com.ar\/index.php\/wp-json\/wp\/v2\/posts\/157375\/revisions"}],"predecessor-version":[{"id":157377,"href":"https:\/\/infoecos.com.ar\/index.php\/wp-json\/wp\/v2\/posts\/157375\/revisions\/157377"}],"wp:featuredmedia":[{"embeddable":true,"href":"https:\/\/infoecos.com.ar\/index.php\/wp-json\/wp\/v2\/media\/157376"}],"wp:attachment":[{"href":"https:\/\/infoecos.com.ar\/index.php\/wp-json\/wp\/v2\/media?parent=157375"}],"wp:term":[{"taxonomy":"category","embeddable":true,"href":"https:\/\/infoecos.com.ar\/index.php\/wp-json\/wp\/v2\/categories?post=157375"},{"taxonomy":"post_tag","embeddable":true,"href":"https:\/\/infoecos.com.ar\/index.php\/wp-json\/wp\/v2\/tags?post=157375"}],"curies":[{"name":"wp","href":"https:\/\/api.w.org\/{rel}","templated":true}]}}