{"id":157379,"date":"2026-04-26T19:13:32","date_gmt":"2026-04-26T22:13:32","guid":{"rendered":"https:\/\/infoecos.com.ar\/?p=157379"},"modified":"2026-04-28T03:37:22","modified_gmt":"2026-04-28T06:37:22","slug":"los-pilotos-de-la-region-en-el-tc-mouras-no-ganaron-pero-estuvieron-en-los-puestos-mas-destacados-francisco-luengo-segundo-y-valentino-alaux-cuarto","status":"publish","type":"post","link":"https:\/\/infoecos.com.ar\/index.php\/los-pilotos-de-la-region-en-el-tc-mouras-no-ganaron-pero-estuvieron-en-los-puestos-mas-destacados-francisco-luengo-segundo-y-valentino-alaux-cuarto\/","title":{"rendered":"La regi\u00f3n brill\u00f3 en el TC Mouras: Francisco Luengo de Bonifacio, segundo, y Valentino Alaux de Trenque Lauquen cuarto"},"content":{"rendered":"\n<p>Con el Chevrolet de RUS Med Team se impuso en el aut\u00f3dromo de La Plata, tras superar en la partida a Francisco Luengo; Nicol\u00e1s Jaime fue 3\u00b0 y se mantiene l\u00edder del certamen.<\/p>\n\n\n\n<p>El piloto de San Antonio de Areco supo tomar la vanguardia en los metros iniciales y relegar al puesto de escolta a Francisco Luengo (Chevrolet) quien hab\u00eda sido el referente en cada instancia hasta esta \u00faltima carrera.<\/p>\n\n\n\n<p>Sobre los \u00faltimos giros de los 14 recorridos, Falivene vio como Luengo dio un \u00faltimo ataque pero lo control\u00f3 sin dificultades y cruzando la meta separados por 331 mil\u00e9simas.<\/p>\n\n\n\n<p>Por detr\u00e1s de ellos llegaron: <strong>4\u00b0 Alaux<\/strong>, 5\u00b0 Juan Tartaglino, 6\u00b0 Esteban Mancuso, 7\u00b0 Marcelo Beraldi, 8\u00b0 Esteban Luna, 9\u00b0 Alejandro Mart\u00ednez, que ven\u00eda en las posiciones de adelante y un trompo lo oblig\u00f3 a perder lugares, 10\u00b0 Maggini, 11\u00b0 Arrigoni y 12\u00b0 Santino Ort\u00edz, que abandon\u00f3 en la vuelta 4. Sim\u00f3n Volpi fue excluido por toque a Ort\u00edz.<\/p>\n\n\n\n<p>La pr\u00f3xima, tambi\u00e9n en el circuito de La Plata pero con chicana, ser\u00e1 el 16 y 17 de mayo.<\/p>\n\n\n\n<figure class=\"wp-block-image size-full\"><img loading=\"lazy\" decoding=\"async\" width=\"866\" height=\"574\" src=\"https:\/\/infoecos.com.ar\/wp-content\/uploads\/2026\/04\/image-237.png\" alt=\"\" class=\"wp-image-157381\" srcset=\"https:\/\/infoecos.com.ar\/wp-content\/uploads\/2026\/04\/image-237.png 866w, https:\/\/infoecos.com.ar\/wp-content\/uploads\/2026\/04\/image-237-800x530.png 800w, https:\/\/infoecos.com.ar\/wp-content\/uploads\/2026\/04\/image-237-768x509.png 768w\" sizes=\"(max-width: 866px) 100vw, 866px\" \/><\/figure>\n\n\n\n<p><strong>Con informaci\u00f3n de campeones.com.ar y actc.org.ar <\/strong><\/p>\n\n\n\n<figure class=\"wp-block-table\"><table class=\"has-fixed-layout\"><thead><tr><td><strong>Pos.<\/strong><\/td><td><strong>N\u00b0<\/strong><\/td><td><strong>Piloto<\/strong><\/td><td><strong>Marca<\/strong><\/td><td><strong>Vueltas<\/strong><\/td><td><strong>Diferencia<\/strong><\/td><\/tr><\/thead><tbody><tr><td><strong>1<\/strong><\/td><td>46<\/td><td>THIAGO FALIVENE<\/td><td>CHEVROLET<\/td><td>14<\/td><td><strong>14 V.<\/strong><\/td><\/tr><tr><td><strong>2<\/strong><\/td><td><strong>141<\/strong><\/td><td><strong>FRANCISCO LUENGO<\/strong><\/td><td><strong>CHEVROLET<\/strong><\/td><td><strong>14<\/strong><\/td><td><strong>+0.331<\/strong><\/td><\/tr><tr><td><strong>3<\/strong><\/td><td>176<\/td><td>NICOLAS JAIME<\/td><td>DODGE<\/td><td>14<\/td><td>+10.789<\/td><\/tr><tr><td><strong>4<\/strong><\/td><td><strong>26<\/strong><\/td><td><strong>VALENTINO ALAUX<\/strong><\/td><td><strong>DODGE<\/strong><\/td><td><strong>14<\/strong><\/td><td><strong>+15.111<\/strong><\/td><\/tr><tr><td><strong>5<\/strong><\/td><td>25<\/td><td>JUAN TARTAGLINO<\/td><td>FORD<\/td><td>14<\/td><td>+17.851<\/td><\/tr><tr><td><strong>6<\/strong><\/td><td>124<\/td><td>SIMON VOLPI<\/td><td>FORD<\/td><td>14<\/td><td>+19.985<\/td><\/tr><tr><td><strong>7<\/strong><\/td><td>88<\/td><td>MANCUSO ESTEBAN<\/td><td>CHEVROLET<\/td><td>14<\/td><td>+22.024<\/td><\/tr><tr><td><strong>8<\/strong><\/td><td>222<\/td><td>MARCELO BERALDI<\/td><td>FORD<\/td><td>14<\/td><td>+28.679<\/td><\/tr><tr><td><strong>9<\/strong><\/td><td>221<\/td><td>ESTEBAN LUNA<\/td><td>FORD<\/td><td>14<\/td><td>+34.912<\/td><\/tr><tr><td><strong>10<\/strong><\/td><td>23<\/td><td>ALEJANDRO MARTINEZ<\/td><td>DODGE<\/td><td>14<\/td><td>+35.091<\/td><\/tr><\/tbody><\/table><\/figure>\n","protected":false},"excerpt":{"rendered":"<p>Con el Chevrolet de RUS Med Team se impuso en el aut\u00f3dromo de La Plata,&#8230;<\/p>\n","protected":false},"author":2,"featured_media":157381,"comment_status":"closed","ping_status":"open","sticky":false,"template":"","format":"standard","meta":{"footnotes":""},"categories":[1],"tags":[10304,10291],"class_list":["post-157379","post","type-post","status-publish","format-standard","has-post-thumbnail","hentry","category-sin-categoria","tag-actualidad","tag-nacional"],"yoast_head":"<!-- This site is optimized with the Yoast SEO plugin v23.4 - https:\/\/yoast.com\/wordpress\/plugins\/seo\/ -->\n<title>La regi\u00f3n brill\u00f3 en el TC Mouras: Francisco Luengo de Bonifacio, segundo, y Valentino Alaux de Trenque Lauquen cuarto - Infoecos<\/title>\n<meta name=\"robots\" content=\"index, follow, max-snippet:-1, max-image-preview:large, max-video-preview:-1\" \/>\n<link rel=\"canonical\" href=\"https:\/\/infoecos.com.ar\/index.php\/los-pilotos-de-la-region-en-el-tc-mouras-no-ganaron-pero-estuvieron-en-los-puestos-mas-destacados-francisco-luengo-segundo-y-valentino-alaux-cuarto\/\" \/>\n<meta property=\"og:locale\" content=\"es_ES\" \/>\n<meta property=\"og:type\" content=\"article\" \/>\n<meta property=\"og:title\" content=\"La regi\u00f3n brill\u00f3 en el TC Mouras: Francisco Luengo de Bonifacio, segundo, y Valentino Alaux de Trenque Lauquen cuarto - Infoecos\" \/>\n<meta property=\"og:description\" content=\"Con el Chevrolet de RUS Med Team se impuso en el aut\u00f3dromo de La Plata,...\" \/>\n<meta property=\"og:url\" content=\"https:\/\/infoecos.com.ar\/index.php\/los-pilotos-de-la-region-en-el-tc-mouras-no-ganaron-pero-estuvieron-en-los-puestos-mas-destacados-francisco-luengo-segundo-y-valentino-alaux-cuarto\/\" \/>\n<meta property=\"og:site_name\" content=\"Infoecos\" \/>\n<meta property=\"article:publisher\" content=\"https:\/\/www.facebook.com\/profile.php?id=100063200290284\" \/>\n<meta property=\"article:published_time\" content=\"2026-04-26T22:13:32+00:00\" \/>\n<meta property=\"article:modified_time\" content=\"2026-04-28T06:37:22+00:00\" \/>\n<meta property=\"og:image\" content=\"https:\/\/infoecos.com.ar\/wp-content\/uploads\/2026\/04\/image-237.png\" \/>\n\t<meta property=\"og:image:width\" content=\"866\" \/>\n\t<meta property=\"og:image:height\" content=\"574\" \/>\n\t<meta property=\"og:image:type\" content=\"image\/png\" \/>\n<meta name=\"author\" content=\"Jorge Matheus\" \/>\n<meta name=\"twitter:card\" content=\"summary_large_image\" \/>\n<meta name=\"twitter:creator\" content=\"@infoecos\" \/>\n<meta name=\"twitter:site\" content=\"@infoecos\" \/>\n<meta name=\"twitter:label1\" content=\"Escrito por\" \/>\n\t<meta name=\"twitter:data1\" content=\"Jorge Matheus\" \/>\n\t<meta name=\"twitter:label2\" content=\"Tiempo de lectura\" \/>\n\t<meta name=\"twitter:data2\" content=\"2 minutos\" \/>\n<script type=\"application\/ld+json\" class=\"yoast-schema-graph\">{\"@context\":\"https:\/\/schema.org\",\"@graph\":[{\"@type\":\"Article\",\"@id\":\"https:\/\/infoecos.com.ar\/index.php\/los-pilotos-de-la-region-en-el-tc-mouras-no-ganaron-pero-estuvieron-en-los-puestos-mas-destacados-francisco-luengo-segundo-y-valentino-alaux-cuarto\/#article\",\"isPartOf\":{\"@id\":\"https:\/\/infoecos.com.ar\/index.php\/los-pilotos-de-la-region-en-el-tc-mouras-no-ganaron-pero-estuvieron-en-los-puestos-mas-destacados-francisco-luengo-segundo-y-valentino-alaux-cuarto\/\"},\"author\":{\"name\":\"Jorge Matheus\",\"@id\":\"https:\/\/infoecos.com.ar\/#\/schema\/person\/8f5ace5ce73b4b4aac4b7245aee6f191\"},\"headline\":\"La regi\u00f3n brill\u00f3 en el TC Mouras: Francisco Luengo de Bonifacio, segundo, y Valentino Alaux de Trenque Lauquen cuarto\",\"datePublished\":\"2026-04-26T22:13:32+00:00\",\"dateModified\":\"2026-04-28T06:37:22+00:00\",\"mainEntityOfPage\":{\"@id\":\"https:\/\/infoecos.com.ar\/index.php\/los-pilotos-de-la-region-en-el-tc-mouras-no-ganaron-pero-estuvieron-en-los-puestos-mas-destacados-francisco-luengo-segundo-y-valentino-alaux-cuarto\/\"},\"wordCount\":243,\"publisher\":{\"@id\":\"https:\/\/infoecos.com.ar\/#organization\"},\"image\":{\"@id\":\"https:\/\/infoecos.com.ar\/index.php\/los-pilotos-de-la-region-en-el-tc-mouras-no-ganaron-pero-estuvieron-en-los-puestos-mas-destacados-francisco-luengo-segundo-y-valentino-alaux-cuarto\/#primaryimage\"},\"thumbnailUrl\":\"https:\/\/infoecos.com.ar\/wp-content\/uploads\/2026\/04\/image-237.png\",\"keywords\":[\"Actualidad\",\"Nacional\"],\"inLanguage\":\"es\"},{\"@type\":\"WebPage\",\"@id\":\"https:\/\/infoecos.com.ar\/index.php\/los-pilotos-de-la-region-en-el-tc-mouras-no-ganaron-pero-estuvieron-en-los-puestos-mas-destacados-francisco-luengo-segundo-y-valentino-alaux-cuarto\/\",\"url\":\"https:\/\/infoecos.com.ar\/index.php\/los-pilotos-de-la-region-en-el-tc-mouras-no-ganaron-pero-estuvieron-en-los-puestos-mas-destacados-francisco-luengo-segundo-y-valentino-alaux-cuarto\/\",\"name\":\"La regi\u00f3n brill\u00f3 en el TC Mouras: Francisco Luengo de Bonifacio, segundo, y Valentino Alaux de Trenque Lauquen cuarto - Infoecos\",\"isPartOf\":{\"@id\":\"https:\/\/infoecos.com.ar\/#website\"},\"primaryImageOfPage\":{\"@id\":\"https:\/\/infoecos.com.ar\/index.php\/los-pilotos-de-la-region-en-el-tc-mouras-no-ganaron-pero-estuvieron-en-los-puestos-mas-destacados-francisco-luengo-segundo-y-valentino-alaux-cuarto\/#primaryimage\"},\"image\":{\"@id\":\"https:\/\/infoecos.com.ar\/index.php\/los-pilotos-de-la-region-en-el-tc-mouras-no-ganaron-pero-estuvieron-en-los-puestos-mas-destacados-francisco-luengo-segundo-y-valentino-alaux-cuarto\/#primaryimage\"},\"thumbnailUrl\":\"https:\/\/infoecos.com.ar\/wp-content\/uploads\/2026\/04\/image-237.png\",\"datePublished\":\"2026-04-26T22:13:32+00:00\",\"dateModified\":\"2026-04-28T06:37:22+00:00\",\"breadcrumb\":{\"@id\":\"https:\/\/infoecos.com.ar\/index.php\/los-pilotos-de-la-region-en-el-tc-mouras-no-ganaron-pero-estuvieron-en-los-puestos-mas-destacados-francisco-luengo-segundo-y-valentino-alaux-cuarto\/#breadcrumb\"},\"inLanguage\":\"es\",\"potentialAction\":[{\"@type\":\"ReadAction\",\"target\":[\"https:\/\/infoecos.com.ar\/index.php\/los-pilotos-de-la-region-en-el-tc-mouras-no-ganaron-pero-estuvieron-en-los-puestos-mas-destacados-francisco-luengo-segundo-y-valentino-alaux-cuarto\/\"]}]},{\"@type\":\"ImageObject\",\"inLanguage\":\"es\",\"@id\":\"https:\/\/infoecos.com.ar\/index.php\/los-pilotos-de-la-region-en-el-tc-mouras-no-ganaron-pero-estuvieron-en-los-puestos-mas-destacados-francisco-luengo-segundo-y-valentino-alaux-cuarto\/#primaryimage\",\"url\":\"https:\/\/infoecos.com.ar\/wp-content\/uploads\/2026\/04\/image-237.png\",\"contentUrl\":\"https:\/\/infoecos.com.ar\/wp-content\/uploads\/2026\/04\/image-237.png\",\"width\":866,\"height\":574},{\"@type\":\"BreadcrumbList\",\"@id\":\"https:\/\/infoecos.com.ar\/index.php\/los-pilotos-de-la-region-en-el-tc-mouras-no-ganaron-pero-estuvieron-en-los-puestos-mas-destacados-francisco-luengo-segundo-y-valentino-alaux-cuarto\/#breadcrumb\",\"itemListElement\":[{\"@type\":\"ListItem\",\"position\":1,\"name\":\"Portada\",\"item\":\"https:\/\/infoecos.com.ar\/\"},{\"@type\":\"ListItem\",\"position\":2,\"name\":\"La regi\u00f3n brill\u00f3 en el TC Mouras: Francisco Luengo de Bonifacio, segundo, y Valentino Alaux de Trenque Lauquen cuarto\"}]},{\"@type\":\"WebSite\",\"@id\":\"https:\/\/infoecos.com.ar\/#website\",\"url\":\"https:\/\/infoecos.com.ar\/\",\"name\":\"Infoecos\",\"description\":\"Noticias de trenque lauquen y la zona\",\"publisher\":{\"@id\":\"https:\/\/infoecos.com.ar\/#organization\"},\"alternateName\":\"Noticias\",\"potentialAction\":[{\"@type\":\"SearchAction\",\"target\":{\"@type\":\"EntryPoint\",\"urlTemplate\":\"https:\/\/infoecos.com.ar\/?s={search_term_string}\"},\"query-input\":{\"@type\":\"PropertyValueSpecification\",\"valueRequired\":true,\"valueName\":\"search_term_string\"}}],\"inLanguage\":\"es\"},{\"@type\":\"Organization\",\"@id\":\"https:\/\/infoecos.com.ar\/#organization\",\"name\":\"Infoecos\",\"alternateName\":\"Noticias\",\"url\":\"https:\/\/infoecos.com.ar\/\",\"logo\":{\"@type\":\"ImageObject\",\"inLanguage\":\"es\",\"@id\":\"https:\/\/infoecos.com.ar\/#\/schema\/logo\/image\/\",\"url\":\"https:\/\/infoecos.com.ar\/wp-content\/uploads\/2024\/03\/cropped-logo.png\",\"contentUrl\":\"https:\/\/infoecos.com.ar\/wp-content\/uploads\/2024\/03\/cropped-logo.png\",\"width\":374,\"height\":90,\"caption\":\"Infoecos\"},\"image\":{\"@id\":\"https:\/\/infoecos.com.ar\/#\/schema\/logo\/image\/\"},\"sameAs\":[\"https:\/\/www.facebook.com\/profile.php?id=100063200290284\",\"https:\/\/x.com\/infoecos\"]},{\"@type\":\"Person\",\"@id\":\"https:\/\/infoecos.com.ar\/#\/schema\/person\/8f5ace5ce73b4b4aac4b7245aee6f191\",\"name\":\"Jorge Matheus\",\"url\":\"https:\/\/infoecos.com.ar\/index.php\/author\/jomatheus\/\"}]}<\/script>\n<!-- \/ Yoast SEO plugin. -->","yoast_head_json":{"title":"La regi\u00f3n brill\u00f3 en el TC Mouras: Francisco Luengo de Bonifacio, segundo, y Valentino Alaux de Trenque Lauquen cuarto - Infoecos","robots":{"index":"index","follow":"follow","max-snippet":"max-snippet:-1","max-image-preview":"max-image-preview:large","max-video-preview":"max-video-preview:-1"},"canonical":"https:\/\/infoecos.com.ar\/index.php\/los-pilotos-de-la-region-en-el-tc-mouras-no-ganaron-pero-estuvieron-en-los-puestos-mas-destacados-francisco-luengo-segundo-y-valentino-alaux-cuarto\/","og_locale":"es_ES","og_type":"article","og_title":"La regi\u00f3n brill\u00f3 en el TC Mouras: Francisco Luengo de Bonifacio, segundo, y Valentino Alaux de Trenque Lauquen cuarto - Infoecos","og_description":"Con el Chevrolet de RUS Med Team se impuso en el aut\u00f3dromo de La Plata,...","og_url":"https:\/\/infoecos.com.ar\/index.php\/los-pilotos-de-la-region-en-el-tc-mouras-no-ganaron-pero-estuvieron-en-los-puestos-mas-destacados-francisco-luengo-segundo-y-valentino-alaux-cuarto\/","og_site_name":"Infoecos","article_publisher":"https:\/\/www.facebook.com\/profile.php?id=100063200290284","article_published_time":"2026-04-26T22:13:32+00:00","article_modified_time":"2026-04-28T06:37:22+00:00","og_image":[{"width":866,"height":574,"url":"https:\/\/infoecos.com.ar\/wp-content\/uploads\/2026\/04\/image-237.png","type":"image\/png"}],"author":"Jorge Matheus","twitter_card":"summary_large_image","twitter_creator":"@infoecos","twitter_site":"@infoecos","twitter_misc":{"Escrito por":"Jorge Matheus","Tiempo de lectura":"2 minutos"},"schema":{"@context":"https:\/\/schema.org","@graph":[{"@type":"Article","@id":"https:\/\/infoecos.com.ar\/index.php\/los-pilotos-de-la-region-en-el-tc-mouras-no-ganaron-pero-estuvieron-en-los-puestos-mas-destacados-francisco-luengo-segundo-y-valentino-alaux-cuarto\/#article","isPartOf":{"@id":"https:\/\/infoecos.com.ar\/index.php\/los-pilotos-de-la-region-en-el-tc-mouras-no-ganaron-pero-estuvieron-en-los-puestos-mas-destacados-francisco-luengo-segundo-y-valentino-alaux-cuarto\/"},"author":{"name":"Jorge Matheus","@id":"https:\/\/infoecos.com.ar\/#\/schema\/person\/8f5ace5ce73b4b4aac4b7245aee6f191"},"headline":"La regi\u00f3n brill\u00f3 en el TC Mouras: Francisco Luengo de Bonifacio, segundo, y Valentino Alaux de Trenque Lauquen cuarto","datePublished":"2026-04-26T22:13:32+00:00","dateModified":"2026-04-28T06:37:22+00:00","mainEntityOfPage":{"@id":"https:\/\/infoecos.com.ar\/index.php\/los-pilotos-de-la-region-en-el-tc-mouras-no-ganaron-pero-estuvieron-en-los-puestos-mas-destacados-francisco-luengo-segundo-y-valentino-alaux-cuarto\/"},"wordCount":243,"publisher":{"@id":"https:\/\/infoecos.com.ar\/#organization"},"image":{"@id":"https:\/\/infoecos.com.ar\/index.php\/los-pilotos-de-la-region-en-el-tc-mouras-no-ganaron-pero-estuvieron-en-los-puestos-mas-destacados-francisco-luengo-segundo-y-valentino-alaux-cuarto\/#primaryimage"},"thumbnailUrl":"https:\/\/infoecos.com.ar\/wp-content\/uploads\/2026\/04\/image-237.png","keywords":["Actualidad","Nacional"],"inLanguage":"es"},{"@type":"WebPage","@id":"https:\/\/infoecos.com.ar\/index.php\/los-pilotos-de-la-region-en-el-tc-mouras-no-ganaron-pero-estuvieron-en-los-puestos-mas-destacados-francisco-luengo-segundo-y-valentino-alaux-cuarto\/","url":"https:\/\/infoecos.com.ar\/index.php\/los-pilotos-de-la-region-en-el-tc-mouras-no-ganaron-pero-estuvieron-en-los-puestos-mas-destacados-francisco-luengo-segundo-y-valentino-alaux-cuarto\/","name":"La regi\u00f3n brill\u00f3 en el TC Mouras: Francisco Luengo de Bonifacio, segundo, y Valentino Alaux de Trenque Lauquen cuarto - Infoecos","isPartOf":{"@id":"https:\/\/infoecos.com.ar\/#website"},"primaryImageOfPage":{"@id":"https:\/\/infoecos.com.ar\/index.php\/los-pilotos-de-la-region-en-el-tc-mouras-no-ganaron-pero-estuvieron-en-los-puestos-mas-destacados-francisco-luengo-segundo-y-valentino-alaux-cuarto\/#primaryimage"},"image":{"@id":"https:\/\/infoecos.com.ar\/index.php\/los-pilotos-de-la-region-en-el-tc-mouras-no-ganaron-pero-estuvieron-en-los-puestos-mas-destacados-francisco-luengo-segundo-y-valentino-alaux-cuarto\/#primaryimage"},"thumbnailUrl":"https:\/\/infoecos.com.ar\/wp-content\/uploads\/2026\/04\/image-237.png","datePublished":"2026-04-26T22:13:32+00:00","dateModified":"2026-04-28T06:37:22+00:00","breadcrumb":{"@id":"https:\/\/infoecos.com.ar\/index.php\/los-pilotos-de-la-region-en-el-tc-mouras-no-ganaron-pero-estuvieron-en-los-puestos-mas-destacados-francisco-luengo-segundo-y-valentino-alaux-cuarto\/#breadcrumb"},"inLanguage":"es","potentialAction":[{"@type":"ReadAction","target":["https:\/\/infoecos.com.ar\/index.php\/los-pilotos-de-la-region-en-el-tc-mouras-no-ganaron-pero-estuvieron-en-los-puestos-mas-destacados-francisco-luengo-segundo-y-valentino-alaux-cuarto\/"]}]},{"@type":"ImageObject","inLanguage":"es","@id":"https:\/\/infoecos.com.ar\/index.php\/los-pilotos-de-la-region-en-el-tc-mouras-no-ganaron-pero-estuvieron-en-los-puestos-mas-destacados-francisco-luengo-segundo-y-valentino-alaux-cuarto\/#primaryimage","url":"https:\/\/infoecos.com.ar\/wp-content\/uploads\/2026\/04\/image-237.png","contentUrl":"https:\/\/infoecos.com.ar\/wp-content\/uploads\/2026\/04\/image-237.png","width":866,"height":574},{"@type":"BreadcrumbList","@id":"https:\/\/infoecos.com.ar\/index.php\/los-pilotos-de-la-region-en-el-tc-mouras-no-ganaron-pero-estuvieron-en-los-puestos-mas-destacados-francisco-luengo-segundo-y-valentino-alaux-cuarto\/#breadcrumb","itemListElement":[{"@type":"ListItem","position":1,"name":"Portada","item":"https:\/\/infoecos.com.ar\/"},{"@type":"ListItem","position":2,"name":"La regi\u00f3n brill\u00f3 en el TC Mouras: Francisco Luengo de Bonifacio, segundo, y Valentino Alaux de Trenque Lauquen cuarto"}]},{"@type":"WebSite","@id":"https:\/\/infoecos.com.ar\/#website","url":"https:\/\/infoecos.com.ar\/","name":"Infoecos","description":"Noticias de trenque lauquen y la zona","publisher":{"@id":"https:\/\/infoecos.com.ar\/#organization"},"alternateName":"Noticias","potentialAction":[{"@type":"SearchAction","target":{"@type":"EntryPoint","urlTemplate":"https:\/\/infoecos.com.ar\/?s={search_term_string}"},"query-input":{"@type":"PropertyValueSpecification","valueRequired":true,"valueName":"search_term_string"}}],"inLanguage":"es"},{"@type":"Organization","@id":"https:\/\/infoecos.com.ar\/#organization","name":"Infoecos","alternateName":"Noticias","url":"https:\/\/infoecos.com.ar\/","logo":{"@type":"ImageObject","inLanguage":"es","@id":"https:\/\/infoecos.com.ar\/#\/schema\/logo\/image\/","url":"https:\/\/infoecos.com.ar\/wp-content\/uploads\/2024\/03\/cropped-logo.png","contentUrl":"https:\/\/infoecos.com.ar\/wp-content\/uploads\/2024\/03\/cropped-logo.png","width":374,"height":90,"caption":"Infoecos"},"image":{"@id":"https:\/\/infoecos.com.ar\/#\/schema\/logo\/image\/"},"sameAs":["https:\/\/www.facebook.com\/profile.php?id=100063200290284","https:\/\/x.com\/infoecos"]},{"@type":"Person","@id":"https:\/\/infoecos.com.ar\/#\/schema\/person\/8f5ace5ce73b4b4aac4b7245aee6f191","name":"Jorge Matheus","url":"https:\/\/infoecos.com.ar\/index.php\/author\/jomatheus\/"}]}},"featured_image_urls":{"full":["https:\/\/infoecos.com.ar\/wp-content\/uploads\/2026\/04\/image-237.png",866,574,false],"thumbnail":["https:\/\/infoecos.com.ar\/wp-content\/uploads\/2026\/04\/image-237-300x150.png",300,150,true],"medium":["https:\/\/infoecos.com.ar\/wp-content\/uploads\/2026\/04\/image-237-800x530.png",800,530,true],"medium_large":["https:\/\/infoecos.com.ar\/wp-content\/uploads\/2026\/04\/image-237-768x509.png",640,424,true],"large":["https:\/\/infoecos.com.ar\/wp-content\/uploads\/2026\/04\/image-237.png",640,424,false],"1536x1536":["https:\/\/infoecos.com.ar\/wp-content\/uploads\/2026\/04\/image-237.png",866,574,false],"2048x2048":["https:\/\/infoecos.com.ar\/wp-content\/uploads\/2026\/04\/image-237.png",866,574,false],"covernews-slider-full":["https:\/\/infoecos.com.ar\/wp-content\/uploads\/2026\/04\/image-237.png",866,574,false],"covernews-slider-center":["https:\/\/infoecos.com.ar\/wp-content\/uploads\/2026\/04\/image-237-800x500.png",800,500,true],"covernews-featured":["https:\/\/infoecos.com.ar\/wp-content\/uploads\/2026\/04\/image-237.png",866,574,false],"covernews-medium":["https:\/\/infoecos.com.ar\/wp-content\/uploads\/2026\/04\/image-237-540x340.png",540,340,true],"covernews-medium-square":["https:\/\/infoecos.com.ar\/wp-content\/uploads\/2026\/04\/image-237-400x250.png",400,250,true]},"author_info":{"info":["Jorge Matheus"]},"category_info":"<a href=\"https:\/\/infoecos.com.ar\/index.php\/category\/sin-categoria\/\" rel=\"category tag\">Sin categor\u00eda<\/a>","tag_info":"Sin categor\u00eda","comment_count":"0","_links":{"self":[{"href":"https:\/\/infoecos.com.ar\/index.php\/wp-json\/wp\/v2\/posts\/157379"}],"collection":[{"href":"https:\/\/infoecos.com.ar\/index.php\/wp-json\/wp\/v2\/posts"}],"about":[{"href":"https:\/\/infoecos.com.ar\/index.php\/wp-json\/wp\/v2\/types\/post"}],"author":[{"embeddable":true,"href":"https:\/\/infoecos.com.ar\/index.php\/wp-json\/wp\/v2\/users\/2"}],"replies":[{"embeddable":true,"href":"https:\/\/infoecos.com.ar\/index.php\/wp-json\/wp\/v2\/comments?post=157379"}],"version-history":[{"count":2,"href":"https:\/\/infoecos.com.ar\/index.php\/wp-json\/wp\/v2\/posts\/157379\/revisions"}],"predecessor-version":[{"id":157384,"href":"https:\/\/infoecos.com.ar\/index.php\/wp-json\/wp\/v2\/posts\/157379\/revisions\/157384"}],"wp:featuredmedia":[{"embeddable":true,"href":"https:\/\/infoecos.com.ar\/index.php\/wp-json\/wp\/v2\/media\/157381"}],"wp:attachment":[{"href":"https:\/\/infoecos.com.ar\/index.php\/wp-json\/wp\/v2\/media?parent=157379"}],"wp:term":[{"taxonomy":"category","embeddable":true,"href":"https:\/\/infoecos.com.ar\/index.php\/wp-json\/wp\/v2\/categories?post=157379"},{"taxonomy":"post_tag","embeddable":true,"href":"https:\/\/infoecos.com.ar\/index.php\/wp-json\/wp\/v2\/tags?post=157379"}],"curies":[{"name":"wp","href":"https:\/\/api.w.org\/{rel}","templated":true}]}}