{"id":157385,"date":"2026-04-26T21:12:31","date_gmt":"2026-04-27T00:12:31","guid":{"rendered":"https:\/\/infoecos.com.ar\/?p=157385"},"modified":"2026-04-27T19:31:11","modified_gmt":"2026-04-27T22:31:11","slug":"el-burro-cometelo-vos-milei-la-frase-expresada-en-cuatro-videos-subidos-por-el-intendente-de-pehuajo-pablo-zurro-a-la-red-x","status":"publish","type":"post","link":"https:\/\/infoecos.com.ar\/index.php\/el-burro-cometelo-vos-milei-la-frase-expresada-en-cuatro-videos-subidos-por-el-intendente-de-pehuajo-pablo-zurro-a-la-red-x\/","title":{"rendered":"\u00abEl burro com\u00e9telo vos Milei\u00bb, la frase expresada en cuatro videos subidos por el intendente de Pehuaj\u00f3, Pablo Zurro a la red X"},"content":{"rendered":"\n<p>El intendente de <a href=\"https:\/\/www.facebook.com\/hashtag\/pehuaj%C3%B3?__cft__[0]=AZYaMzoE_8JSE5covtt44WxdirOH_8mRIGU5HpUo8ETBz5iolmYKAXqwGcqZ55J2Dv_86FzaU3ATbWiZbjsJ23GTEAb7bR_m4bpt_gO9dCY0TaKNOgO6lvWsUFtnxQtmq_-r7rRRNUIKNziJTWiPD7fT-fBwzrHcdTDOUZl5eUR05g&amp;__tn__=*NK-R\">#Pehuaj\u00f3<\/a>, <a href=\"https:\/\/www.facebook.com\/PabloJavierZurro?__cft__[0]=AZYaMzoE_8JSE5covtt44WxdirOH_8mRIGU5HpUo8ETBz5iolmYKAXqwGcqZ55J2Dv_86FzaU3ATbWiZbjsJ23GTEAb7bR_m4bpt_gO9dCY0TaKNOgO6lvWsUFtnxQtmq_-r7rRRNUIKNziJTWiPD7fT-fBwzrHcdTDOUZl5eUR05g&amp;__tn__=-]K-R\">Pablo Javier Zurro<\/a> a qui\u00e9n se podr\u00e1 cuestionar por sus dichos, hay que reconocerle que se mantiene firme en sus posturas contrarias al gobierno nacional y su f\u00e9rreo apoyo al <a href=\"https:\/\/www.facebook.com\/hashtag\/kirchnerismo?__cft__[0]=AZYaMzoE_8JSE5covtt44WxdirOH_8mRIGU5HpUo8ETBz5iolmYKAXqwGcqZ55J2Dv_86FzaU3ATbWiZbjsJ23GTEAb7bR_m4bpt_gO9dCY0TaKNOgO6lvWsUFtnxQtmq_-r7rRRNUIKNziJTWiPD7fT-fBwzrHcdTDOUZl5eUR05g&amp;__tn__=*NK-R\">#Kirchnerismo<\/a>. Tambi\u00e9n que es muy recurrente e ingenioso para trascender a trav\u00e9s de las redes. Quiz\u00e1 carece de simpat\u00eda y es un factor que le juega en contra.<\/p>\n\n\n\n<figure class=\"wp-block-image aligncenter size-full\"><img loading=\"lazy\" decoding=\"async\" width=\"589\" height=\"714\" src=\"https:\/\/infoecos.com.ar\/wp-content\/uploads\/2026\/04\/image-238.png\" alt=\"\" class=\"wp-image-157390\"\/><\/figure>\n\n\n\n<p>Tomando al <a href=\"https:\/\/www.facebook.com\/hashtag\/burro?__cft__[0]=AZYaMzoE_8JSE5covtt44WxdirOH_8mRIGU5HpUo8ETBz5iolmYKAXqwGcqZ55J2Dv_86FzaU3ATbWiZbjsJ23GTEAb7bR_m4bpt_gO9dCY0TaKNOgO6lvWsUFtnxQtmq_-r7rRRNUIKNziJTWiPD7fT-fBwzrHcdTDOUZl5eUR05g&amp;__tn__=*NK-R\">#Burro<\/a> como ejemplo a partir de la faena de carne del animalito para consumo humano arm\u00f3 una historia para la cuenta <strong>X (ex Twitter)<\/strong> donde tiene m\u00e1s de 65 mil seguidores.<\/p>\n\n\n\n<p>Lo hizo en cap\u00edtulos, que pueden verse.<\/p>\n\n\n\n<figure class=\"wp-block-video\"><video controls src=\"https:\/\/infoecos.com.ar\/wp-content\/uploads\/2026\/04\/ZURRO-Y-UNA-DE-LAS-VIRTUDES-DEL-BURRO.mp4\"><\/video><\/figure>\n\n\n\n<figure class=\"wp-block-video\"><video controls src=\"https:\/\/infoecos.com.ar\/wp-content\/uploads\/2026\/04\/ZURRO-Y-EL-CONSUMO-DE-BURRO-1.mp4\"><\/video><\/figure>\n\n\n\n<figure class=\"wp-block-video\"><video controls src=\"https:\/\/infoecos.com.ar\/wp-content\/uploads\/2026\/04\/ZURRO-Y-EL-BURRO-2.mp4\"><\/video><\/figure>\n\n\n\n<figure class=\"wp-block-video\"><video controls src=\"https:\/\/infoecos.com.ar\/wp-content\/uploads\/2026\/04\/ZURRO-Y-EL-BURRO-3.mp4\"><\/video><\/figure>\n","protected":false},"excerpt":{"rendered":"<p>El intendente de #Pehuaj\u00f3, Pablo Javier Zurro a qui\u00e9n se podr\u00e1 cuestionar por sus dichos,&#8230;<\/p>\n","protected":false},"author":2,"featured_media":157390,"comment_status":"closed","ping_status":"open","sticky":false,"template":"","format":"standard","meta":{"footnotes":""},"categories":[1],"tags":[10304,10291],"class_list":["post-157385","post","type-post","status-publish","format-standard","has-post-thumbnail","hentry","category-sin-categoria","tag-actualidad","tag-nacional"],"yoast_head":"<!-- This site is optimized with the Yoast SEO plugin v23.4 - https:\/\/yoast.com\/wordpress\/plugins\/seo\/ -->\n<title>&quot;El burro com\u00e9telo vos Milei&quot;, la frase expresada en cuatro videos subidos por el intendente de Pehuaj\u00f3, Pablo Zurro a la red X - Infoecos<\/title>\n<meta name=\"robots\" content=\"index, follow, max-snippet:-1, max-image-preview:large, max-video-preview:-1\" \/>\n<link rel=\"canonical\" href=\"https:\/\/infoecos.com.ar\/index.php\/el-burro-cometelo-vos-milei-la-frase-expresada-en-cuatro-videos-subidos-por-el-intendente-de-pehuajo-pablo-zurro-a-la-red-x\/\" \/>\n<meta property=\"og:locale\" content=\"es_ES\" \/>\n<meta property=\"og:type\" content=\"article\" \/>\n<meta property=\"og:title\" content=\"&quot;El burro com\u00e9telo vos Milei&quot;, la frase expresada en cuatro videos subidos por el intendente de Pehuaj\u00f3, Pablo Zurro a la red X - Infoecos\" \/>\n<meta property=\"og:description\" content=\"El intendente de #Pehuaj\u00f3, Pablo Javier Zurro a qui\u00e9n se podr\u00e1 cuestionar por sus dichos,...\" \/>\n<meta property=\"og:url\" content=\"https:\/\/infoecos.com.ar\/index.php\/el-burro-cometelo-vos-milei-la-frase-expresada-en-cuatro-videos-subidos-por-el-intendente-de-pehuajo-pablo-zurro-a-la-red-x\/\" \/>\n<meta property=\"og:site_name\" content=\"Infoecos\" \/>\n<meta property=\"article:publisher\" content=\"https:\/\/www.facebook.com\/profile.php?id=100063200290284\" \/>\n<meta property=\"article:published_time\" content=\"2026-04-27T00:12:31+00:00\" \/>\n<meta property=\"article:modified_time\" content=\"2026-04-27T22:31:11+00:00\" \/>\n<meta property=\"og:image\" content=\"https:\/\/infoecos.com.ar\/wp-content\/uploads\/2026\/04\/image-238.png\" \/>\n\t<meta property=\"og:image:width\" content=\"589\" \/>\n\t<meta property=\"og:image:height\" content=\"714\" \/>\n\t<meta property=\"og:image:type\" content=\"image\/png\" \/>\n<meta name=\"author\" content=\"Jorge Matheus\" \/>\n<meta name=\"twitter:card\" content=\"summary_large_image\" \/>\n<meta name=\"twitter:creator\" content=\"@infoecos\" \/>\n<meta name=\"twitter:site\" content=\"@infoecos\" \/>\n<meta name=\"twitter:label1\" content=\"Escrito por\" \/>\n\t<meta name=\"twitter:data1\" content=\"Jorge Matheus\" \/>\n\t<meta name=\"twitter:label2\" content=\"Tiempo de lectura\" \/>\n\t<meta name=\"twitter:data2\" content=\"1 minuto\" \/>\n<script type=\"application\/ld+json\" class=\"yoast-schema-graph\">{\"@context\":\"https:\/\/schema.org\",\"@graph\":[{\"@type\":\"Article\",\"@id\":\"https:\/\/infoecos.com.ar\/index.php\/el-burro-cometelo-vos-milei-la-frase-expresada-en-cuatro-videos-subidos-por-el-intendente-de-pehuajo-pablo-zurro-a-la-red-x\/#article\",\"isPartOf\":{\"@id\":\"https:\/\/infoecos.com.ar\/index.php\/el-burro-cometelo-vos-milei-la-frase-expresada-en-cuatro-videos-subidos-por-el-intendente-de-pehuajo-pablo-zurro-a-la-red-x\/\"},\"author\":{\"name\":\"Jorge Matheus\",\"@id\":\"https:\/\/infoecos.com.ar\/#\/schema\/person\/8f5ace5ce73b4b4aac4b7245aee6f191\"},\"headline\":\"\u00abEl burro com\u00e9telo vos Milei\u00bb, la frase expresada en cuatro videos subidos por el intendente de Pehuaj\u00f3, Pablo Zurro a la red X\",\"datePublished\":\"2026-04-27T00:12:31+00:00\",\"dateModified\":\"2026-04-27T22:31:11+00:00\",\"mainEntityOfPage\":{\"@id\":\"https:\/\/infoecos.com.ar\/index.php\/el-burro-cometelo-vos-milei-la-frase-expresada-en-cuatro-videos-subidos-por-el-intendente-de-pehuajo-pablo-zurro-a-la-red-x\/\"},\"wordCount\":132,\"publisher\":{\"@id\":\"https:\/\/infoecos.com.ar\/#organization\"},\"image\":{\"@id\":\"https:\/\/infoecos.com.ar\/index.php\/el-burro-cometelo-vos-milei-la-frase-expresada-en-cuatro-videos-subidos-por-el-intendente-de-pehuajo-pablo-zurro-a-la-red-x\/#primaryimage\"},\"thumbnailUrl\":\"https:\/\/infoecos.com.ar\/wp-content\/uploads\/2026\/04\/image-238.png\",\"keywords\":[\"Actualidad\",\"Nacional\"],\"inLanguage\":\"es\"},{\"@type\":\"WebPage\",\"@id\":\"https:\/\/infoecos.com.ar\/index.php\/el-burro-cometelo-vos-milei-la-frase-expresada-en-cuatro-videos-subidos-por-el-intendente-de-pehuajo-pablo-zurro-a-la-red-x\/\",\"url\":\"https:\/\/infoecos.com.ar\/index.php\/el-burro-cometelo-vos-milei-la-frase-expresada-en-cuatro-videos-subidos-por-el-intendente-de-pehuajo-pablo-zurro-a-la-red-x\/\",\"name\":\"\\\"El burro com\u00e9telo vos Milei\\\", la frase expresada en cuatro videos subidos por el intendente de Pehuaj\u00f3, Pablo Zurro a la red X - Infoecos\",\"isPartOf\":{\"@id\":\"https:\/\/infoecos.com.ar\/#website\"},\"primaryImageOfPage\":{\"@id\":\"https:\/\/infoecos.com.ar\/index.php\/el-burro-cometelo-vos-milei-la-frase-expresada-en-cuatro-videos-subidos-por-el-intendente-de-pehuajo-pablo-zurro-a-la-red-x\/#primaryimage\"},\"image\":{\"@id\":\"https:\/\/infoecos.com.ar\/index.php\/el-burro-cometelo-vos-milei-la-frase-expresada-en-cuatro-videos-subidos-por-el-intendente-de-pehuajo-pablo-zurro-a-la-red-x\/#primaryimage\"},\"thumbnailUrl\":\"https:\/\/infoecos.com.ar\/wp-content\/uploads\/2026\/04\/image-238.png\",\"datePublished\":\"2026-04-27T00:12:31+00:00\",\"dateModified\":\"2026-04-27T22:31:11+00:00\",\"breadcrumb\":{\"@id\":\"https:\/\/infoecos.com.ar\/index.php\/el-burro-cometelo-vos-milei-la-frase-expresada-en-cuatro-videos-subidos-por-el-intendente-de-pehuajo-pablo-zurro-a-la-red-x\/#breadcrumb\"},\"inLanguage\":\"es\",\"potentialAction\":[{\"@type\":\"ReadAction\",\"target\":[\"https:\/\/infoecos.com.ar\/index.php\/el-burro-cometelo-vos-milei-la-frase-expresada-en-cuatro-videos-subidos-por-el-intendente-de-pehuajo-pablo-zurro-a-la-red-x\/\"]}]},{\"@type\":\"ImageObject\",\"inLanguage\":\"es\",\"@id\":\"https:\/\/infoecos.com.ar\/index.php\/el-burro-cometelo-vos-milei-la-frase-expresada-en-cuatro-videos-subidos-por-el-intendente-de-pehuajo-pablo-zurro-a-la-red-x\/#primaryimage\",\"url\":\"https:\/\/infoecos.com.ar\/wp-content\/uploads\/2026\/04\/image-238.png\",\"contentUrl\":\"https:\/\/infoecos.com.ar\/wp-content\/uploads\/2026\/04\/image-238.png\",\"width\":589,\"height\":714},{\"@type\":\"BreadcrumbList\",\"@id\":\"https:\/\/infoecos.com.ar\/index.php\/el-burro-cometelo-vos-milei-la-frase-expresada-en-cuatro-videos-subidos-por-el-intendente-de-pehuajo-pablo-zurro-a-la-red-x\/#breadcrumb\",\"itemListElement\":[{\"@type\":\"ListItem\",\"position\":1,\"name\":\"Portada\",\"item\":\"https:\/\/infoecos.com.ar\/\"},{\"@type\":\"ListItem\",\"position\":2,\"name\":\"\u00abEl burro com\u00e9telo vos Milei\u00bb, la frase expresada en cuatro videos subidos por el intendente de Pehuaj\u00f3, Pablo Zurro a la red X\"}]},{\"@type\":\"WebSite\",\"@id\":\"https:\/\/infoecos.com.ar\/#website\",\"url\":\"https:\/\/infoecos.com.ar\/\",\"name\":\"Infoecos\",\"description\":\"Noticias de trenque lauquen y la zona\",\"publisher\":{\"@id\":\"https:\/\/infoecos.com.ar\/#organization\"},\"alternateName\":\"Noticias\",\"potentialAction\":[{\"@type\":\"SearchAction\",\"target\":{\"@type\":\"EntryPoint\",\"urlTemplate\":\"https:\/\/infoecos.com.ar\/?s={search_term_string}\"},\"query-input\":{\"@type\":\"PropertyValueSpecification\",\"valueRequired\":true,\"valueName\":\"search_term_string\"}}],\"inLanguage\":\"es\"},{\"@type\":\"Organization\",\"@id\":\"https:\/\/infoecos.com.ar\/#organization\",\"name\":\"Infoecos\",\"alternateName\":\"Noticias\",\"url\":\"https:\/\/infoecos.com.ar\/\",\"logo\":{\"@type\":\"ImageObject\",\"inLanguage\":\"es\",\"@id\":\"https:\/\/infoecos.com.ar\/#\/schema\/logo\/image\/\",\"url\":\"https:\/\/infoecos.com.ar\/wp-content\/uploads\/2024\/03\/cropped-logo.png\",\"contentUrl\":\"https:\/\/infoecos.com.ar\/wp-content\/uploads\/2024\/03\/cropped-logo.png\",\"width\":374,\"height\":90,\"caption\":\"Infoecos\"},\"image\":{\"@id\":\"https:\/\/infoecos.com.ar\/#\/schema\/logo\/image\/\"},\"sameAs\":[\"https:\/\/www.facebook.com\/profile.php?id=100063200290284\",\"https:\/\/x.com\/infoecos\"]},{\"@type\":\"Person\",\"@id\":\"https:\/\/infoecos.com.ar\/#\/schema\/person\/8f5ace5ce73b4b4aac4b7245aee6f191\",\"name\":\"Jorge Matheus\",\"url\":\"https:\/\/infoecos.com.ar\/index.php\/author\/jomatheus\/\"}]}<\/script>\n<!-- \/ Yoast SEO plugin. -->","yoast_head_json":{"title":"\"El burro com\u00e9telo vos Milei\", la frase expresada en cuatro videos subidos por el intendente de Pehuaj\u00f3, Pablo Zurro a la red X - Infoecos","robots":{"index":"index","follow":"follow","max-snippet":"max-snippet:-1","max-image-preview":"max-image-preview:large","max-video-preview":"max-video-preview:-1"},"canonical":"https:\/\/infoecos.com.ar\/index.php\/el-burro-cometelo-vos-milei-la-frase-expresada-en-cuatro-videos-subidos-por-el-intendente-de-pehuajo-pablo-zurro-a-la-red-x\/","og_locale":"es_ES","og_type":"article","og_title":"\"El burro com\u00e9telo vos Milei\", la frase expresada en cuatro videos subidos por el intendente de Pehuaj\u00f3, Pablo Zurro a la red X - Infoecos","og_description":"El intendente de #Pehuaj\u00f3, Pablo Javier Zurro a qui\u00e9n se podr\u00e1 cuestionar por sus dichos,...","og_url":"https:\/\/infoecos.com.ar\/index.php\/el-burro-cometelo-vos-milei-la-frase-expresada-en-cuatro-videos-subidos-por-el-intendente-de-pehuajo-pablo-zurro-a-la-red-x\/","og_site_name":"Infoecos","article_publisher":"https:\/\/www.facebook.com\/profile.php?id=100063200290284","article_published_time":"2026-04-27T00:12:31+00:00","article_modified_time":"2026-04-27T22:31:11+00:00","og_image":[{"width":589,"height":714,"url":"https:\/\/infoecos.com.ar\/wp-content\/uploads\/2026\/04\/image-238.png","type":"image\/png"}],"author":"Jorge Matheus","twitter_card":"summary_large_image","twitter_creator":"@infoecos","twitter_site":"@infoecos","twitter_misc":{"Escrito por":"Jorge Matheus","Tiempo de lectura":"1 minuto"},"schema":{"@context":"https:\/\/schema.org","@graph":[{"@type":"Article","@id":"https:\/\/infoecos.com.ar\/index.php\/el-burro-cometelo-vos-milei-la-frase-expresada-en-cuatro-videos-subidos-por-el-intendente-de-pehuajo-pablo-zurro-a-la-red-x\/#article","isPartOf":{"@id":"https:\/\/infoecos.com.ar\/index.php\/el-burro-cometelo-vos-milei-la-frase-expresada-en-cuatro-videos-subidos-por-el-intendente-de-pehuajo-pablo-zurro-a-la-red-x\/"},"author":{"name":"Jorge Matheus","@id":"https:\/\/infoecos.com.ar\/#\/schema\/person\/8f5ace5ce73b4b4aac4b7245aee6f191"},"headline":"\u00abEl burro com\u00e9telo vos Milei\u00bb, la frase expresada en cuatro videos subidos por el intendente de Pehuaj\u00f3, Pablo Zurro a la red X","datePublished":"2026-04-27T00:12:31+00:00","dateModified":"2026-04-27T22:31:11+00:00","mainEntityOfPage":{"@id":"https:\/\/infoecos.com.ar\/index.php\/el-burro-cometelo-vos-milei-la-frase-expresada-en-cuatro-videos-subidos-por-el-intendente-de-pehuajo-pablo-zurro-a-la-red-x\/"},"wordCount":132,"publisher":{"@id":"https:\/\/infoecos.com.ar\/#organization"},"image":{"@id":"https:\/\/infoecos.com.ar\/index.php\/el-burro-cometelo-vos-milei-la-frase-expresada-en-cuatro-videos-subidos-por-el-intendente-de-pehuajo-pablo-zurro-a-la-red-x\/#primaryimage"},"thumbnailUrl":"https:\/\/infoecos.com.ar\/wp-content\/uploads\/2026\/04\/image-238.png","keywords":["Actualidad","Nacional"],"inLanguage":"es"},{"@type":"WebPage","@id":"https:\/\/infoecos.com.ar\/index.php\/el-burro-cometelo-vos-milei-la-frase-expresada-en-cuatro-videos-subidos-por-el-intendente-de-pehuajo-pablo-zurro-a-la-red-x\/","url":"https:\/\/infoecos.com.ar\/index.php\/el-burro-cometelo-vos-milei-la-frase-expresada-en-cuatro-videos-subidos-por-el-intendente-de-pehuajo-pablo-zurro-a-la-red-x\/","name":"\"El burro com\u00e9telo vos Milei\", la frase expresada en cuatro videos subidos por el intendente de Pehuaj\u00f3, Pablo Zurro a la red X - Infoecos","isPartOf":{"@id":"https:\/\/infoecos.com.ar\/#website"},"primaryImageOfPage":{"@id":"https:\/\/infoecos.com.ar\/index.php\/el-burro-cometelo-vos-milei-la-frase-expresada-en-cuatro-videos-subidos-por-el-intendente-de-pehuajo-pablo-zurro-a-la-red-x\/#primaryimage"},"image":{"@id":"https:\/\/infoecos.com.ar\/index.php\/el-burro-cometelo-vos-milei-la-frase-expresada-en-cuatro-videos-subidos-por-el-intendente-de-pehuajo-pablo-zurro-a-la-red-x\/#primaryimage"},"thumbnailUrl":"https:\/\/infoecos.com.ar\/wp-content\/uploads\/2026\/04\/image-238.png","datePublished":"2026-04-27T00:12:31+00:00","dateModified":"2026-04-27T22:31:11+00:00","breadcrumb":{"@id":"https:\/\/infoecos.com.ar\/index.php\/el-burro-cometelo-vos-milei-la-frase-expresada-en-cuatro-videos-subidos-por-el-intendente-de-pehuajo-pablo-zurro-a-la-red-x\/#breadcrumb"},"inLanguage":"es","potentialAction":[{"@type":"ReadAction","target":["https:\/\/infoecos.com.ar\/index.php\/el-burro-cometelo-vos-milei-la-frase-expresada-en-cuatro-videos-subidos-por-el-intendente-de-pehuajo-pablo-zurro-a-la-red-x\/"]}]},{"@type":"ImageObject","inLanguage":"es","@id":"https:\/\/infoecos.com.ar\/index.php\/el-burro-cometelo-vos-milei-la-frase-expresada-en-cuatro-videos-subidos-por-el-intendente-de-pehuajo-pablo-zurro-a-la-red-x\/#primaryimage","url":"https:\/\/infoecos.com.ar\/wp-content\/uploads\/2026\/04\/image-238.png","contentUrl":"https:\/\/infoecos.com.ar\/wp-content\/uploads\/2026\/04\/image-238.png","width":589,"height":714},{"@type":"BreadcrumbList","@id":"https:\/\/infoecos.com.ar\/index.php\/el-burro-cometelo-vos-milei-la-frase-expresada-en-cuatro-videos-subidos-por-el-intendente-de-pehuajo-pablo-zurro-a-la-red-x\/#breadcrumb","itemListElement":[{"@type":"ListItem","position":1,"name":"Portada","item":"https:\/\/infoecos.com.ar\/"},{"@type":"ListItem","position":2,"name":"\u00abEl burro com\u00e9telo vos Milei\u00bb, la frase expresada en cuatro videos subidos por el intendente de Pehuaj\u00f3, Pablo Zurro a la red X"}]},{"@type":"WebSite","@id":"https:\/\/infoecos.com.ar\/#website","url":"https:\/\/infoecos.com.ar\/","name":"Infoecos","description":"Noticias de trenque lauquen y la zona","publisher":{"@id":"https:\/\/infoecos.com.ar\/#organization"},"alternateName":"Noticias","potentialAction":[{"@type":"SearchAction","target":{"@type":"EntryPoint","urlTemplate":"https:\/\/infoecos.com.ar\/?s={search_term_string}"},"query-input":{"@type":"PropertyValueSpecification","valueRequired":true,"valueName":"search_term_string"}}],"inLanguage":"es"},{"@type":"Organization","@id":"https:\/\/infoecos.com.ar\/#organization","name":"Infoecos","alternateName":"Noticias","url":"https:\/\/infoecos.com.ar\/","logo":{"@type":"ImageObject","inLanguage":"es","@id":"https:\/\/infoecos.com.ar\/#\/schema\/logo\/image\/","url":"https:\/\/infoecos.com.ar\/wp-content\/uploads\/2024\/03\/cropped-logo.png","contentUrl":"https:\/\/infoecos.com.ar\/wp-content\/uploads\/2024\/03\/cropped-logo.png","width":374,"height":90,"caption":"Infoecos"},"image":{"@id":"https:\/\/infoecos.com.ar\/#\/schema\/logo\/image\/"},"sameAs":["https:\/\/www.facebook.com\/profile.php?id=100063200290284","https:\/\/x.com\/infoecos"]},{"@type":"Person","@id":"https:\/\/infoecos.com.ar\/#\/schema\/person\/8f5ace5ce73b4b4aac4b7245aee6f191","name":"Jorge Matheus","url":"https:\/\/infoecos.com.ar\/index.php\/author\/jomatheus\/"}]}},"featured_image_urls":{"full":["https:\/\/infoecos.com.ar\/wp-content\/uploads\/2026\/04\/image-238.png",589,714,false],"thumbnail":["https:\/\/infoecos.com.ar\/wp-content\/uploads\/2026\/04\/image-238-300x150.png",300,150,true],"medium":["https:\/\/infoecos.com.ar\/wp-content\/uploads\/2026\/04\/image-238.png",589,714,false],"medium_large":["https:\/\/infoecos.com.ar\/wp-content\/uploads\/2026\/04\/image-238.png",589,714,false],"large":["https:\/\/infoecos.com.ar\/wp-content\/uploads\/2026\/04\/image-238.png",589,714,false],"1536x1536":["https:\/\/infoecos.com.ar\/wp-content\/uploads\/2026\/04\/image-238.png",589,714,false],"2048x2048":["https:\/\/infoecos.com.ar\/wp-content\/uploads\/2026\/04\/image-238.png",589,714,false],"covernews-slider-full":["https:\/\/infoecos.com.ar\/wp-content\/uploads\/2026\/04\/image-238.png",589,714,false],"covernews-slider-center":["https:\/\/infoecos.com.ar\/wp-content\/uploads\/2026\/04\/image-238-589x500.png",589,500,true],"covernews-featured":["https:\/\/infoecos.com.ar\/wp-content\/uploads\/2026\/04\/image-238.png",589,714,false],"covernews-medium":["https:\/\/infoecos.com.ar\/wp-content\/uploads\/2026\/04\/image-238-540x340.png",540,340,true],"covernews-medium-square":["https:\/\/infoecos.com.ar\/wp-content\/uploads\/2026\/04\/image-238-400x250.png",400,250,true]},"author_info":{"info":["Jorge Matheus"]},"category_info":"<a href=\"https:\/\/infoecos.com.ar\/index.php\/category\/sin-categoria\/\" rel=\"category tag\">Sin categor\u00eda<\/a>","tag_info":"Sin categor\u00eda","comment_count":"0","_links":{"self":[{"href":"https:\/\/infoecos.com.ar\/index.php\/wp-json\/wp\/v2\/posts\/157385"}],"collection":[{"href":"https:\/\/infoecos.com.ar\/index.php\/wp-json\/wp\/v2\/posts"}],"about":[{"href":"https:\/\/infoecos.com.ar\/index.php\/wp-json\/wp\/v2\/types\/post"}],"author":[{"embeddable":true,"href":"https:\/\/infoecos.com.ar\/index.php\/wp-json\/wp\/v2\/users\/2"}],"replies":[{"embeddable":true,"href":"https:\/\/infoecos.com.ar\/index.php\/wp-json\/wp\/v2\/comments?post=157385"}],"version-history":[{"count":1,"href":"https:\/\/infoecos.com.ar\/index.php\/wp-json\/wp\/v2\/posts\/157385\/revisions"}],"predecessor-version":[{"id":157391,"href":"https:\/\/infoecos.com.ar\/index.php\/wp-json\/wp\/v2\/posts\/157385\/revisions\/157391"}],"wp:featuredmedia":[{"embeddable":true,"href":"https:\/\/infoecos.com.ar\/index.php\/wp-json\/wp\/v2\/media\/157390"}],"wp:attachment":[{"href":"https:\/\/infoecos.com.ar\/index.php\/wp-json\/wp\/v2\/media?parent=157385"}],"wp:term":[{"taxonomy":"category","embeddable":true,"href":"https:\/\/infoecos.com.ar\/index.php\/wp-json\/wp\/v2\/categories?post=157385"},{"taxonomy":"post_tag","embeddable":true,"href":"https:\/\/infoecos.com.ar\/index.php\/wp-json\/wp\/v2\/tags?post=157385"}],"curies":[{"name":"wp","href":"https:\/\/api.w.org\/{rel}","templated":true}]}}