{"id":157392,"date":"2026-04-26T21:35:59","date_gmt":"2026-04-27T00:35:59","guid":{"rendered":"https:\/\/infoecos.com.ar\/?p=157392"},"modified":"2026-04-26T21:35:59","modified_gmt":"2026-04-27T00:35:59","slug":"liga-profesional-de-futbol-goleada-de-independiente-rivadavia-en-el-clasico-mendocino","status":"publish","type":"post","link":"https:\/\/infoecos.com.ar\/index.php\/liga-profesional-de-futbol-goleada-de-independiente-rivadavia-en-el-clasico-mendocino\/","title":{"rendered":"Liga Profesional de F\u00fatbol: Goleada de Independiente Rivadavia en el cl\u00e1sico mendocino"},"content":{"rendered":"\n<p><strong>Ind. Rivadavia Mza. 5 \u2013 Gimnasia (Mza.) 1 \u2013 Interzonal<\/strong><\/p>\n\n\n\n<p><strong><a href=\"https:\/\/www.espn.com.ar\/futbol\/equipo\/_\/id\/9744\/independiente-rivadavia\" target=\"_blank\" rel=\"noreferrer noopener\">Independiente Rivadavia<\/a>\u00a0gole\u00f3 5-1 a<\/strong>\u00a0<strong><a href=\"https:\/\/www.espn.com.ar\/futbol\/equipo\/_\/id\/11972\/gimnasia-mendoza\" target=\"_blank\" rel=\"noreferrer noopener\">Gimnasia de Mendoza<\/a><\/strong>\u00a0en el Cl\u00e1sico Mendocino, por la fecha N\u00ba16 de la Zona B del\u00a0<strong><a href=\"https:\/\/www.espn.com.ar\/futbol\/resultados\/_\/liga\/arg.1\" target=\"_blank\" rel=\"noreferrer noopener\">Torneo Apertura 2026<\/a><\/strong>\u00a0en el Estadio Bautista Gargantini. El conjunto de Alfredo Berti fue de menos a m\u00e1s y consigui\u00f3 un tremendo triunfo ante su m\u00e1ximo rival.<strong>\u00a0La Lepra es el l\u00edder de la Zona B y la tabla general con 33 puntos.<\/strong><\/p>\n\n\n\n<p>Los goles de La Lepra <strong>Sheyko Studer, Fabrizio Sartori, Alex Arce, Leonard Costa y Leonel Bucca.<\/strong><\/p>\n\n\n\n<figure class=\"wp-block-embed is-type-video is-provider-youtube wp-block-embed-youtube wp-embed-aspect-16-9 wp-has-aspect-ratio\"><div class=\"wp-block-embed__wrapper\">\n<iframe loading=\"lazy\" title=\"\u00a1LLUVIA DE GOLES EN MENDOZA POR LA FECHA 16! | #independienterivadavia 5-1 #gimnasiamendoza |Resumen\" width=\"640\" height=\"360\" src=\"https:\/\/www.youtube.com\/embed\/dkVRAClKMYk?feature=oembed\" frameborder=\"0\" allow=\"accelerometer; autoplay; clipboard-write; encrypted-media; gyroscope; picture-in-picture; web-share\" referrerpolicy=\"strict-origin-when-cross-origin\" allowfullscreen><\/iframe>\n<\/div><\/figure>\n\n\n\n<figure class=\"wp-block-image size-full\"><img loading=\"lazy\" decoding=\"async\" width=\"1200\" height=\"675\" src=\"https:\/\/infoecos.com.ar\/wp-content\/uploads\/2026\/04\/image-240.png\" alt=\"\" class=\"wp-image-157394\" srcset=\"https:\/\/infoecos.com.ar\/wp-content\/uploads\/2026\/04\/image-240.png 1200w, https:\/\/infoecos.com.ar\/wp-content\/uploads\/2026\/04\/image-240-800x450.png 800w, https:\/\/infoecos.com.ar\/wp-content\/uploads\/2026\/04\/image-240-768x432.png 768w, https:\/\/infoecos.com.ar\/wp-content\/uploads\/2026\/04\/image-240-1024x576.png 1024w\" sizes=\"(max-width: 1200px) 100vw, 1200px\" \/><\/figure>\n","protected":false},"excerpt":{"rendered":"<p>Ind. Rivadavia Mza. 5 \u2013 Gimnasia (Mza.) 1 \u2013 Interzonal Independiente Rivadavia\u00a0gole\u00f3 5-1 a\u00a0Gimnasia de&#8230;<\/p>\n","protected":false},"author":2,"featured_media":157394,"comment_status":"closed","ping_status":"open","sticky":false,"template":"","format":"standard","meta":{"footnotes":""},"categories":[1],"tags":[97,1500],"class_list":["post-157392","post","type-post","status-publish","format-standard","has-post-thumbnail","hentry","category-sin-categoria","tag-economia","tag-regional"],"yoast_head":"<!-- This site is optimized with the Yoast SEO plugin v23.4 - https:\/\/yoast.com\/wordpress\/plugins\/seo\/ -->\n<title>Liga Profesional de F\u00fatbol: Goleada de Independiente Rivadavia en el cl\u00e1sico mendocino - Infoecos<\/title>\n<meta name=\"robots\" content=\"index, follow, max-snippet:-1, max-image-preview:large, max-video-preview:-1\" \/>\n<link rel=\"canonical\" href=\"https:\/\/infoecos.com.ar\/index.php\/liga-profesional-de-futbol-goleada-de-independiente-rivadavia-en-el-clasico-mendocino\/\" \/>\n<meta property=\"og:locale\" content=\"es_ES\" \/>\n<meta property=\"og:type\" content=\"article\" \/>\n<meta property=\"og:title\" content=\"Liga Profesional de F\u00fatbol: Goleada de Independiente Rivadavia en el cl\u00e1sico mendocino - Infoecos\" \/>\n<meta property=\"og:description\" content=\"Ind. Rivadavia Mza. 5 \u2013 Gimnasia (Mza.) 1 \u2013 Interzonal Independiente Rivadavia\u00a0gole\u00f3 5-1 a\u00a0Gimnasia de...\" \/>\n<meta property=\"og:url\" content=\"https:\/\/infoecos.com.ar\/index.php\/liga-profesional-de-futbol-goleada-de-independiente-rivadavia-en-el-clasico-mendocino\/\" \/>\n<meta property=\"og:site_name\" content=\"Infoecos\" \/>\n<meta property=\"article:publisher\" content=\"https:\/\/www.facebook.com\/profile.php?id=100063200290284\" \/>\n<meta property=\"article:published_time\" content=\"2026-04-27T00:35:59+00:00\" \/>\n<meta property=\"og:image\" content=\"https:\/\/infoecos.com.ar\/wp-content\/uploads\/2026\/04\/image-240.png\" \/>\n\t<meta property=\"og:image:width\" content=\"1200\" \/>\n\t<meta property=\"og:image:height\" content=\"675\" \/>\n\t<meta property=\"og:image:type\" content=\"image\/png\" \/>\n<meta name=\"author\" content=\"Jorge Matheus\" \/>\n<meta name=\"twitter:card\" content=\"summary_large_image\" \/>\n<meta name=\"twitter:creator\" content=\"@infoecos\" \/>\n<meta name=\"twitter:site\" content=\"@infoecos\" \/>\n<meta name=\"twitter:label1\" content=\"Escrito por\" \/>\n\t<meta name=\"twitter:data1\" content=\"Jorge Matheus\" \/>\n\t<meta name=\"twitter:label2\" content=\"Tiempo de lectura\" \/>\n\t<meta name=\"twitter:data2\" content=\"1 minuto\" \/>\n<script type=\"application\/ld+json\" class=\"yoast-schema-graph\">{\"@context\":\"https:\/\/schema.org\",\"@graph\":[{\"@type\":\"Article\",\"@id\":\"https:\/\/infoecos.com.ar\/index.php\/liga-profesional-de-futbol-goleada-de-independiente-rivadavia-en-el-clasico-mendocino\/#article\",\"isPartOf\":{\"@id\":\"https:\/\/infoecos.com.ar\/index.php\/liga-profesional-de-futbol-goleada-de-independiente-rivadavia-en-el-clasico-mendocino\/\"},\"author\":{\"name\":\"Jorge Matheus\",\"@id\":\"https:\/\/infoecos.com.ar\/#\/schema\/person\/8f5ace5ce73b4b4aac4b7245aee6f191\"},\"headline\":\"Liga Profesional de F\u00fatbol: Goleada de Independiente Rivadavia en el cl\u00e1sico mendocino\",\"datePublished\":\"2026-04-27T00:35:59+00:00\",\"dateModified\":\"2026-04-27T00:35:59+00:00\",\"mainEntityOfPage\":{\"@id\":\"https:\/\/infoecos.com.ar\/index.php\/liga-profesional-de-futbol-goleada-de-independiente-rivadavia-en-el-clasico-mendocino\/\"},\"wordCount\":109,\"publisher\":{\"@id\":\"https:\/\/infoecos.com.ar\/#organization\"},\"image\":{\"@id\":\"https:\/\/infoecos.com.ar\/index.php\/liga-profesional-de-futbol-goleada-de-independiente-rivadavia-en-el-clasico-mendocino\/#primaryimage\"},\"thumbnailUrl\":\"https:\/\/infoecos.com.ar\/wp-content\/uploads\/2026\/04\/image-240.png\",\"keywords\":[\"ECONOM\u00cdA\",\"REGIONAL\"],\"inLanguage\":\"es\"},{\"@type\":\"WebPage\",\"@id\":\"https:\/\/infoecos.com.ar\/index.php\/liga-profesional-de-futbol-goleada-de-independiente-rivadavia-en-el-clasico-mendocino\/\",\"url\":\"https:\/\/infoecos.com.ar\/index.php\/liga-profesional-de-futbol-goleada-de-independiente-rivadavia-en-el-clasico-mendocino\/\",\"name\":\"Liga Profesional de F\u00fatbol: Goleada de Independiente Rivadavia en el cl\u00e1sico mendocino - Infoecos\",\"isPartOf\":{\"@id\":\"https:\/\/infoecos.com.ar\/#website\"},\"primaryImageOfPage\":{\"@id\":\"https:\/\/infoecos.com.ar\/index.php\/liga-profesional-de-futbol-goleada-de-independiente-rivadavia-en-el-clasico-mendocino\/#primaryimage\"},\"image\":{\"@id\":\"https:\/\/infoecos.com.ar\/index.php\/liga-profesional-de-futbol-goleada-de-independiente-rivadavia-en-el-clasico-mendocino\/#primaryimage\"},\"thumbnailUrl\":\"https:\/\/infoecos.com.ar\/wp-content\/uploads\/2026\/04\/image-240.png\",\"datePublished\":\"2026-04-27T00:35:59+00:00\",\"dateModified\":\"2026-04-27T00:35:59+00:00\",\"breadcrumb\":{\"@id\":\"https:\/\/infoecos.com.ar\/index.php\/liga-profesional-de-futbol-goleada-de-independiente-rivadavia-en-el-clasico-mendocino\/#breadcrumb\"},\"inLanguage\":\"es\",\"potentialAction\":[{\"@type\":\"ReadAction\",\"target\":[\"https:\/\/infoecos.com.ar\/index.php\/liga-profesional-de-futbol-goleada-de-independiente-rivadavia-en-el-clasico-mendocino\/\"]}]},{\"@type\":\"ImageObject\",\"inLanguage\":\"es\",\"@id\":\"https:\/\/infoecos.com.ar\/index.php\/liga-profesional-de-futbol-goleada-de-independiente-rivadavia-en-el-clasico-mendocino\/#primaryimage\",\"url\":\"https:\/\/infoecos.com.ar\/wp-content\/uploads\/2026\/04\/image-240.png\",\"contentUrl\":\"https:\/\/infoecos.com.ar\/wp-content\/uploads\/2026\/04\/image-240.png\",\"width\":1200,\"height\":675},{\"@type\":\"BreadcrumbList\",\"@id\":\"https:\/\/infoecos.com.ar\/index.php\/liga-profesional-de-futbol-goleada-de-independiente-rivadavia-en-el-clasico-mendocino\/#breadcrumb\",\"itemListElement\":[{\"@type\":\"ListItem\",\"position\":1,\"name\":\"Portada\",\"item\":\"https:\/\/infoecos.com.ar\/\"},{\"@type\":\"ListItem\",\"position\":2,\"name\":\"Liga Profesional de F\u00fatbol: Goleada de Independiente Rivadavia en el cl\u00e1sico mendocino\"}]},{\"@type\":\"WebSite\",\"@id\":\"https:\/\/infoecos.com.ar\/#website\",\"url\":\"https:\/\/infoecos.com.ar\/\",\"name\":\"Infoecos\",\"description\":\"Noticias de trenque lauquen y la zona\",\"publisher\":{\"@id\":\"https:\/\/infoecos.com.ar\/#organization\"},\"alternateName\":\"Noticias\",\"potentialAction\":[{\"@type\":\"SearchAction\",\"target\":{\"@type\":\"EntryPoint\",\"urlTemplate\":\"https:\/\/infoecos.com.ar\/?s={search_term_string}\"},\"query-input\":{\"@type\":\"PropertyValueSpecification\",\"valueRequired\":true,\"valueName\":\"search_term_string\"}}],\"inLanguage\":\"es\"},{\"@type\":\"Organization\",\"@id\":\"https:\/\/infoecos.com.ar\/#organization\",\"name\":\"Infoecos\",\"alternateName\":\"Noticias\",\"url\":\"https:\/\/infoecos.com.ar\/\",\"logo\":{\"@type\":\"ImageObject\",\"inLanguage\":\"es\",\"@id\":\"https:\/\/infoecos.com.ar\/#\/schema\/logo\/image\/\",\"url\":\"https:\/\/infoecos.com.ar\/wp-content\/uploads\/2024\/03\/cropped-logo.png\",\"contentUrl\":\"https:\/\/infoecos.com.ar\/wp-content\/uploads\/2024\/03\/cropped-logo.png\",\"width\":374,\"height\":90,\"caption\":\"Infoecos\"},\"image\":{\"@id\":\"https:\/\/infoecos.com.ar\/#\/schema\/logo\/image\/\"},\"sameAs\":[\"https:\/\/www.facebook.com\/profile.php?id=100063200290284\",\"https:\/\/x.com\/infoecos\"]},{\"@type\":\"Person\",\"@id\":\"https:\/\/infoecos.com.ar\/#\/schema\/person\/8f5ace5ce73b4b4aac4b7245aee6f191\",\"name\":\"Jorge Matheus\",\"url\":\"https:\/\/infoecos.com.ar\/index.php\/author\/jomatheus\/\"}]}<\/script>\n<!-- \/ Yoast SEO plugin. -->","yoast_head_json":{"title":"Liga Profesional de F\u00fatbol: Goleada de Independiente Rivadavia en el cl\u00e1sico mendocino - Infoecos","robots":{"index":"index","follow":"follow","max-snippet":"max-snippet:-1","max-image-preview":"max-image-preview:large","max-video-preview":"max-video-preview:-1"},"canonical":"https:\/\/infoecos.com.ar\/index.php\/liga-profesional-de-futbol-goleada-de-independiente-rivadavia-en-el-clasico-mendocino\/","og_locale":"es_ES","og_type":"article","og_title":"Liga Profesional de F\u00fatbol: Goleada de Independiente Rivadavia en el cl\u00e1sico mendocino - Infoecos","og_description":"Ind. Rivadavia Mza. 5 \u2013 Gimnasia (Mza.) 1 \u2013 Interzonal Independiente Rivadavia\u00a0gole\u00f3 5-1 a\u00a0Gimnasia de...","og_url":"https:\/\/infoecos.com.ar\/index.php\/liga-profesional-de-futbol-goleada-de-independiente-rivadavia-en-el-clasico-mendocino\/","og_site_name":"Infoecos","article_publisher":"https:\/\/www.facebook.com\/profile.php?id=100063200290284","article_published_time":"2026-04-27T00:35:59+00:00","og_image":[{"width":1200,"height":675,"url":"https:\/\/infoecos.com.ar\/wp-content\/uploads\/2026\/04\/image-240.png","type":"image\/png"}],"author":"Jorge Matheus","twitter_card":"summary_large_image","twitter_creator":"@infoecos","twitter_site":"@infoecos","twitter_misc":{"Escrito por":"Jorge Matheus","Tiempo de lectura":"1 minuto"},"schema":{"@context":"https:\/\/schema.org","@graph":[{"@type":"Article","@id":"https:\/\/infoecos.com.ar\/index.php\/liga-profesional-de-futbol-goleada-de-independiente-rivadavia-en-el-clasico-mendocino\/#article","isPartOf":{"@id":"https:\/\/infoecos.com.ar\/index.php\/liga-profesional-de-futbol-goleada-de-independiente-rivadavia-en-el-clasico-mendocino\/"},"author":{"name":"Jorge Matheus","@id":"https:\/\/infoecos.com.ar\/#\/schema\/person\/8f5ace5ce73b4b4aac4b7245aee6f191"},"headline":"Liga Profesional de F\u00fatbol: Goleada de Independiente Rivadavia en el cl\u00e1sico mendocino","datePublished":"2026-04-27T00:35:59+00:00","dateModified":"2026-04-27T00:35:59+00:00","mainEntityOfPage":{"@id":"https:\/\/infoecos.com.ar\/index.php\/liga-profesional-de-futbol-goleada-de-independiente-rivadavia-en-el-clasico-mendocino\/"},"wordCount":109,"publisher":{"@id":"https:\/\/infoecos.com.ar\/#organization"},"image":{"@id":"https:\/\/infoecos.com.ar\/index.php\/liga-profesional-de-futbol-goleada-de-independiente-rivadavia-en-el-clasico-mendocino\/#primaryimage"},"thumbnailUrl":"https:\/\/infoecos.com.ar\/wp-content\/uploads\/2026\/04\/image-240.png","keywords":["ECONOM\u00cdA","REGIONAL"],"inLanguage":"es"},{"@type":"WebPage","@id":"https:\/\/infoecos.com.ar\/index.php\/liga-profesional-de-futbol-goleada-de-independiente-rivadavia-en-el-clasico-mendocino\/","url":"https:\/\/infoecos.com.ar\/index.php\/liga-profesional-de-futbol-goleada-de-independiente-rivadavia-en-el-clasico-mendocino\/","name":"Liga Profesional de F\u00fatbol: Goleada de Independiente Rivadavia en el cl\u00e1sico mendocino - Infoecos","isPartOf":{"@id":"https:\/\/infoecos.com.ar\/#website"},"primaryImageOfPage":{"@id":"https:\/\/infoecos.com.ar\/index.php\/liga-profesional-de-futbol-goleada-de-independiente-rivadavia-en-el-clasico-mendocino\/#primaryimage"},"image":{"@id":"https:\/\/infoecos.com.ar\/index.php\/liga-profesional-de-futbol-goleada-de-independiente-rivadavia-en-el-clasico-mendocino\/#primaryimage"},"thumbnailUrl":"https:\/\/infoecos.com.ar\/wp-content\/uploads\/2026\/04\/image-240.png","datePublished":"2026-04-27T00:35:59+00:00","dateModified":"2026-04-27T00:35:59+00:00","breadcrumb":{"@id":"https:\/\/infoecos.com.ar\/index.php\/liga-profesional-de-futbol-goleada-de-independiente-rivadavia-en-el-clasico-mendocino\/#breadcrumb"},"inLanguage":"es","potentialAction":[{"@type":"ReadAction","target":["https:\/\/infoecos.com.ar\/index.php\/liga-profesional-de-futbol-goleada-de-independiente-rivadavia-en-el-clasico-mendocino\/"]}]},{"@type":"ImageObject","inLanguage":"es","@id":"https:\/\/infoecos.com.ar\/index.php\/liga-profesional-de-futbol-goleada-de-independiente-rivadavia-en-el-clasico-mendocino\/#primaryimage","url":"https:\/\/infoecos.com.ar\/wp-content\/uploads\/2026\/04\/image-240.png","contentUrl":"https:\/\/infoecos.com.ar\/wp-content\/uploads\/2026\/04\/image-240.png","width":1200,"height":675},{"@type":"BreadcrumbList","@id":"https:\/\/infoecos.com.ar\/index.php\/liga-profesional-de-futbol-goleada-de-independiente-rivadavia-en-el-clasico-mendocino\/#breadcrumb","itemListElement":[{"@type":"ListItem","position":1,"name":"Portada","item":"https:\/\/infoecos.com.ar\/"},{"@type":"ListItem","position":2,"name":"Liga Profesional de F\u00fatbol: Goleada de Independiente Rivadavia en el cl\u00e1sico mendocino"}]},{"@type":"WebSite","@id":"https:\/\/infoecos.com.ar\/#website","url":"https:\/\/infoecos.com.ar\/","name":"Infoecos","description":"Noticias de trenque lauquen y la zona","publisher":{"@id":"https:\/\/infoecos.com.ar\/#organization"},"alternateName":"Noticias","potentialAction":[{"@type":"SearchAction","target":{"@type":"EntryPoint","urlTemplate":"https:\/\/infoecos.com.ar\/?s={search_term_string}"},"query-input":{"@type":"PropertyValueSpecification","valueRequired":true,"valueName":"search_term_string"}}],"inLanguage":"es"},{"@type":"Organization","@id":"https:\/\/infoecos.com.ar\/#organization","name":"Infoecos","alternateName":"Noticias","url":"https:\/\/infoecos.com.ar\/","logo":{"@type":"ImageObject","inLanguage":"es","@id":"https:\/\/infoecos.com.ar\/#\/schema\/logo\/image\/","url":"https:\/\/infoecos.com.ar\/wp-content\/uploads\/2024\/03\/cropped-logo.png","contentUrl":"https:\/\/infoecos.com.ar\/wp-content\/uploads\/2024\/03\/cropped-logo.png","width":374,"height":90,"caption":"Infoecos"},"image":{"@id":"https:\/\/infoecos.com.ar\/#\/schema\/logo\/image\/"},"sameAs":["https:\/\/www.facebook.com\/profile.php?id=100063200290284","https:\/\/x.com\/infoecos"]},{"@type":"Person","@id":"https:\/\/infoecos.com.ar\/#\/schema\/person\/8f5ace5ce73b4b4aac4b7245aee6f191","name":"Jorge Matheus","url":"https:\/\/infoecos.com.ar\/index.php\/author\/jomatheus\/"}]}},"featured_image_urls":{"full":["https:\/\/infoecos.com.ar\/wp-content\/uploads\/2026\/04\/image-240.png",1200,675,false],"thumbnail":["https:\/\/infoecos.com.ar\/wp-content\/uploads\/2026\/04\/image-240-300x150.png",300,150,true],"medium":["https:\/\/infoecos.com.ar\/wp-content\/uploads\/2026\/04\/image-240-800x450.png",800,450,true],"medium_large":["https:\/\/infoecos.com.ar\/wp-content\/uploads\/2026\/04\/image-240-768x432.png",640,360,true],"large":["https:\/\/infoecos.com.ar\/wp-content\/uploads\/2026\/04\/image-240.png",640,360,false],"1536x1536":["https:\/\/infoecos.com.ar\/wp-content\/uploads\/2026\/04\/image-240.png",1200,675,false],"2048x2048":["https:\/\/infoecos.com.ar\/wp-content\/uploads\/2026\/04\/image-240.png",1200,675,false],"covernews-slider-full":["https:\/\/infoecos.com.ar\/wp-content\/uploads\/2026\/04\/image-240-1115x675.png",1115,675,true],"covernews-slider-center":["https:\/\/infoecos.com.ar\/wp-content\/uploads\/2026\/04\/image-240-800x500.png",800,500,true],"covernews-featured":["https:\/\/infoecos.com.ar\/wp-content\/uploads\/2026\/04\/image-240-1024x576.png",1024,576,true],"covernews-medium":["https:\/\/infoecos.com.ar\/wp-content\/uploads\/2026\/04\/image-240-540x340.png",540,340,true],"covernews-medium-square":["https:\/\/infoecos.com.ar\/wp-content\/uploads\/2026\/04\/image-240-400x250.png",400,250,true]},"author_info":{"info":["Jorge Matheus"]},"category_info":"<a href=\"https:\/\/infoecos.com.ar\/index.php\/category\/sin-categoria\/\" rel=\"category tag\">Sin categor\u00eda<\/a>","tag_info":"Sin categor\u00eda","comment_count":"0","_links":{"self":[{"href":"https:\/\/infoecos.com.ar\/index.php\/wp-json\/wp\/v2\/posts\/157392"}],"collection":[{"href":"https:\/\/infoecos.com.ar\/index.php\/wp-json\/wp\/v2\/posts"}],"about":[{"href":"https:\/\/infoecos.com.ar\/index.php\/wp-json\/wp\/v2\/types\/post"}],"author":[{"embeddable":true,"href":"https:\/\/infoecos.com.ar\/index.php\/wp-json\/wp\/v2\/users\/2"}],"replies":[{"embeddable":true,"href":"https:\/\/infoecos.com.ar\/index.php\/wp-json\/wp\/v2\/comments?post=157392"}],"version-history":[{"count":1,"href":"https:\/\/infoecos.com.ar\/index.php\/wp-json\/wp\/v2\/posts\/157392\/revisions"}],"predecessor-version":[{"id":157395,"href":"https:\/\/infoecos.com.ar\/index.php\/wp-json\/wp\/v2\/posts\/157392\/revisions\/157395"}],"wp:featuredmedia":[{"embeddable":true,"href":"https:\/\/infoecos.com.ar\/index.php\/wp-json\/wp\/v2\/media\/157394"}],"wp:attachment":[{"href":"https:\/\/infoecos.com.ar\/index.php\/wp-json\/wp\/v2\/media?parent=157392"}],"wp:term":[{"taxonomy":"category","embeddable":true,"href":"https:\/\/infoecos.com.ar\/index.php\/wp-json\/wp\/v2\/categories?post=157392"},{"taxonomy":"post_tag","embeddable":true,"href":"https:\/\/infoecos.com.ar\/index.php\/wp-json\/wp\/v2\/tags?post=157392"}],"curies":[{"name":"wp","href":"https:\/\/api.w.org\/{rel}","templated":true}]}}