{"id":157400,"date":"2026-04-26T22:34:46","date_gmt":"2026-04-27T01:34:46","guid":{"rendered":"https:\/\/infoecos.com.ar\/?p=157400"},"modified":"2026-04-26T22:57:14","modified_gmt":"2026-04-27T01:57:14","slug":"liga-profesional-de-futbol-gimnasia-y-esgrima-de-la-plata-continua-ganando","status":"publish","type":"post","link":"https:\/\/infoecos.com.ar\/index.php\/liga-profesional-de-futbol-gimnasia-y-esgrima-de-la-plata-continua-ganando\/","title":{"rendered":"Liga Profesional de F\u00fatbol: Gimnasia y Esgrima de La Plata contin\u00faa ganando"},"content":{"rendered":"\n<p><strong>Belgrano 0 \u2013 Gimnasia 1 \u2013 Zona B (ESPN Premium)<\/strong><\/p>\n\n\n\n<p><strong><a href=\"https:\/\/www.espn.com.ar\/futbol\/equipo\/_\/id\/9\/gimnasia-la-plata\" target=\"_blank\" rel=\"noreferrer noopener\">Gimnasia y Esgrima La Plata<\/a>&nbsp;le gan\u00f3 1-0 a&nbsp;<a href=\"https:\/\/www.espn.com.ar\/futbol\/equipo\/_\/id\/4\/belgrano-cordoba\" target=\"_blank\" rel=\"noreferrer noopener\">Belgrano<\/a>&nbsp;<\/strong>por la fecha 16 del&nbsp;<strong><a href=\"https:\/\/www.espn.com.ar\/futbol\/liga\/_\/nombre\/arg.1\/primera-division-de-argentina\" target=\"_blank\" rel=\"noreferrer noopener\">Torneo Apertura 2026<\/a>.&nbsp;<\/strong>Nicol\u00e1s Barros Schelotto anot\u00f3 para la visita, que sum\u00f3 de a tres por tercera vez consecutiva y puso un pie y medio en los octavos de final.<\/p>\n\n\n\n<p><strong>El gol: Nicol\u00e1s Barros Schelotto<\/strong> }<\/p>\n\n\n\n<figure class=\"wp-block-embed is-type-video is-provider-youtube wp-block-embed-youtube wp-embed-aspect-16-9 wp-has-aspect-ratio\"><div class=\"wp-block-embed__wrapper\">\n<iframe loading=\"lazy\" title=\"Gol de Barros y Gimnasia festej\u00f3 en C\u00f3rdoba | #Belgrano 0-1 #Gimnasia | Resumen\" width=\"640\" height=\"360\" src=\"https:\/\/www.youtube.com\/embed\/AxnJYP2jukc?feature=oembed\" frameborder=\"0\" allow=\"accelerometer; autoplay; clipboard-write; encrypted-media; gyroscope; picture-in-picture; web-share\" referrerpolicy=\"strict-origin-when-cross-origin\" allowfullscreen><\/iframe>\n<\/div><\/figure>\n\n\n\n<figure class=\"wp-block-image aligncenter size-full\"><img loading=\"lazy\" decoding=\"async\" width=\"570\" height=\"320\" src=\"https:\/\/infoecos.com.ar\/wp-content\/uploads\/2026\/04\/image-243.png\" alt=\"\" class=\"wp-image-157401\"\/><\/figure>\n","protected":false},"excerpt":{"rendered":"<p>Belgrano 0 \u2013 Gimnasia 1 \u2013 Zona B (ESPN Premium) Gimnasia y Esgrima La Plata&nbsp;le&#8230;<\/p>\n","protected":false},"author":2,"featured_media":157401,"comment_status":"closed","ping_status":"open","sticky":false,"template":"","format":"standard","meta":{"footnotes":""},"categories":[1],"tags":[97,155,1500],"class_list":["post-157400","post","type-post","status-publish","format-standard","has-post-thumbnail","hentry","category-sin-categoria","tag-economia","tag-politica","tag-regional"],"yoast_head":"<!-- This site is optimized with the Yoast SEO plugin v23.4 - https:\/\/yoast.com\/wordpress\/plugins\/seo\/ -->\n<title>Liga Profesional de F\u00fatbol: Gimnasia y Esgrima de La Plata contin\u00faa ganando - Infoecos<\/title>\n<meta name=\"robots\" content=\"index, follow, max-snippet:-1, max-image-preview:large, max-video-preview:-1\" \/>\n<link rel=\"canonical\" href=\"https:\/\/infoecos.com.ar\/index.php\/liga-profesional-de-futbol-gimnasia-y-esgrima-de-la-plata-continua-ganando\/\" \/>\n<meta property=\"og:locale\" content=\"es_ES\" \/>\n<meta property=\"og:type\" content=\"article\" \/>\n<meta property=\"og:title\" content=\"Liga Profesional de F\u00fatbol: Gimnasia y Esgrima de La Plata contin\u00faa ganando - Infoecos\" \/>\n<meta property=\"og:description\" content=\"Belgrano 0 \u2013 Gimnasia 1 \u2013 Zona B (ESPN Premium) Gimnasia y Esgrima La Plata&nbsp;le...\" \/>\n<meta property=\"og:url\" content=\"https:\/\/infoecos.com.ar\/index.php\/liga-profesional-de-futbol-gimnasia-y-esgrima-de-la-plata-continua-ganando\/\" \/>\n<meta property=\"og:site_name\" content=\"Infoecos\" \/>\n<meta property=\"article:publisher\" content=\"https:\/\/www.facebook.com\/profile.php?id=100063200290284\" \/>\n<meta property=\"article:published_time\" content=\"2026-04-27T01:34:46+00:00\" \/>\n<meta property=\"article:modified_time\" content=\"2026-04-27T01:57:14+00:00\" \/>\n<meta property=\"og:image\" content=\"https:\/\/infoecos.com.ar\/wp-content\/uploads\/2026\/04\/image-243.png\" \/>\n\t<meta property=\"og:image:width\" content=\"570\" \/>\n\t<meta property=\"og:image:height\" content=\"320\" \/>\n\t<meta property=\"og:image:type\" content=\"image\/png\" \/>\n<meta name=\"author\" content=\"Jorge Matheus\" \/>\n<meta name=\"twitter:card\" content=\"summary_large_image\" \/>\n<meta name=\"twitter:creator\" content=\"@infoecos\" \/>\n<meta name=\"twitter:site\" content=\"@infoecos\" \/>\n<meta name=\"twitter:label1\" content=\"Escrito por\" \/>\n\t<meta name=\"twitter:data1\" content=\"Jorge Matheus\" \/>\n\t<meta name=\"twitter:label2\" content=\"Tiempo de lectura\" \/>\n\t<meta name=\"twitter:data2\" content=\"1 minuto\" \/>\n<script type=\"application\/ld+json\" class=\"yoast-schema-graph\">{\"@context\":\"https:\/\/schema.org\",\"@graph\":[{\"@type\":\"Article\",\"@id\":\"https:\/\/infoecos.com.ar\/index.php\/liga-profesional-de-futbol-gimnasia-y-esgrima-de-la-plata-continua-ganando\/#article\",\"isPartOf\":{\"@id\":\"https:\/\/infoecos.com.ar\/index.php\/liga-profesional-de-futbol-gimnasia-y-esgrima-de-la-plata-continua-ganando\/\"},\"author\":{\"name\":\"Jorge Matheus\",\"@id\":\"https:\/\/infoecos.com.ar\/#\/schema\/person\/8f5ace5ce73b4b4aac4b7245aee6f191\"},\"headline\":\"Liga Profesional de F\u00fatbol: Gimnasia y Esgrima de La Plata contin\u00faa ganando\",\"datePublished\":\"2026-04-27T01:34:46+00:00\",\"dateModified\":\"2026-04-27T01:57:14+00:00\",\"mainEntityOfPage\":{\"@id\":\"https:\/\/infoecos.com.ar\/index.php\/liga-profesional-de-futbol-gimnasia-y-esgrima-de-la-plata-continua-ganando\/\"},\"wordCount\":83,\"publisher\":{\"@id\":\"https:\/\/infoecos.com.ar\/#organization\"},\"image\":{\"@id\":\"https:\/\/infoecos.com.ar\/index.php\/liga-profesional-de-futbol-gimnasia-y-esgrima-de-la-plata-continua-ganando\/#primaryimage\"},\"thumbnailUrl\":\"https:\/\/infoecos.com.ar\/wp-content\/uploads\/2026\/04\/image-243.png\",\"keywords\":[\"ECONOM\u00cdA\",\"POL\u00cdTICA\",\"REGIONAL\"],\"inLanguage\":\"es\"},{\"@type\":\"WebPage\",\"@id\":\"https:\/\/infoecos.com.ar\/index.php\/liga-profesional-de-futbol-gimnasia-y-esgrima-de-la-plata-continua-ganando\/\",\"url\":\"https:\/\/infoecos.com.ar\/index.php\/liga-profesional-de-futbol-gimnasia-y-esgrima-de-la-plata-continua-ganando\/\",\"name\":\"Liga Profesional de F\u00fatbol: Gimnasia y Esgrima de La Plata contin\u00faa ganando - Infoecos\",\"isPartOf\":{\"@id\":\"https:\/\/infoecos.com.ar\/#website\"},\"primaryImageOfPage\":{\"@id\":\"https:\/\/infoecos.com.ar\/index.php\/liga-profesional-de-futbol-gimnasia-y-esgrima-de-la-plata-continua-ganando\/#primaryimage\"},\"image\":{\"@id\":\"https:\/\/infoecos.com.ar\/index.php\/liga-profesional-de-futbol-gimnasia-y-esgrima-de-la-plata-continua-ganando\/#primaryimage\"},\"thumbnailUrl\":\"https:\/\/infoecos.com.ar\/wp-content\/uploads\/2026\/04\/image-243.png\",\"datePublished\":\"2026-04-27T01:34:46+00:00\",\"dateModified\":\"2026-04-27T01:57:14+00:00\",\"breadcrumb\":{\"@id\":\"https:\/\/infoecos.com.ar\/index.php\/liga-profesional-de-futbol-gimnasia-y-esgrima-de-la-plata-continua-ganando\/#breadcrumb\"},\"inLanguage\":\"es\",\"potentialAction\":[{\"@type\":\"ReadAction\",\"target\":[\"https:\/\/infoecos.com.ar\/index.php\/liga-profesional-de-futbol-gimnasia-y-esgrima-de-la-plata-continua-ganando\/\"]}]},{\"@type\":\"ImageObject\",\"inLanguage\":\"es\",\"@id\":\"https:\/\/infoecos.com.ar\/index.php\/liga-profesional-de-futbol-gimnasia-y-esgrima-de-la-plata-continua-ganando\/#primaryimage\",\"url\":\"https:\/\/infoecos.com.ar\/wp-content\/uploads\/2026\/04\/image-243.png\",\"contentUrl\":\"https:\/\/infoecos.com.ar\/wp-content\/uploads\/2026\/04\/image-243.png\",\"width\":570,\"height\":320},{\"@type\":\"BreadcrumbList\",\"@id\":\"https:\/\/infoecos.com.ar\/index.php\/liga-profesional-de-futbol-gimnasia-y-esgrima-de-la-plata-continua-ganando\/#breadcrumb\",\"itemListElement\":[{\"@type\":\"ListItem\",\"position\":1,\"name\":\"Portada\",\"item\":\"https:\/\/infoecos.com.ar\/\"},{\"@type\":\"ListItem\",\"position\":2,\"name\":\"Liga Profesional de F\u00fatbol: Gimnasia y Esgrima de La Plata contin\u00faa ganando\"}]},{\"@type\":\"WebSite\",\"@id\":\"https:\/\/infoecos.com.ar\/#website\",\"url\":\"https:\/\/infoecos.com.ar\/\",\"name\":\"Infoecos\",\"description\":\"Noticias de trenque lauquen y la zona\",\"publisher\":{\"@id\":\"https:\/\/infoecos.com.ar\/#organization\"},\"alternateName\":\"Noticias\",\"potentialAction\":[{\"@type\":\"SearchAction\",\"target\":{\"@type\":\"EntryPoint\",\"urlTemplate\":\"https:\/\/infoecos.com.ar\/?s={search_term_string}\"},\"query-input\":{\"@type\":\"PropertyValueSpecification\",\"valueRequired\":true,\"valueName\":\"search_term_string\"}}],\"inLanguage\":\"es\"},{\"@type\":\"Organization\",\"@id\":\"https:\/\/infoecos.com.ar\/#organization\",\"name\":\"Infoecos\",\"alternateName\":\"Noticias\",\"url\":\"https:\/\/infoecos.com.ar\/\",\"logo\":{\"@type\":\"ImageObject\",\"inLanguage\":\"es\",\"@id\":\"https:\/\/infoecos.com.ar\/#\/schema\/logo\/image\/\",\"url\":\"https:\/\/infoecos.com.ar\/wp-content\/uploads\/2024\/03\/cropped-logo.png\",\"contentUrl\":\"https:\/\/infoecos.com.ar\/wp-content\/uploads\/2024\/03\/cropped-logo.png\",\"width\":374,\"height\":90,\"caption\":\"Infoecos\"},\"image\":{\"@id\":\"https:\/\/infoecos.com.ar\/#\/schema\/logo\/image\/\"},\"sameAs\":[\"https:\/\/www.facebook.com\/profile.php?id=100063200290284\",\"https:\/\/x.com\/infoecos\"]},{\"@type\":\"Person\",\"@id\":\"https:\/\/infoecos.com.ar\/#\/schema\/person\/8f5ace5ce73b4b4aac4b7245aee6f191\",\"name\":\"Jorge Matheus\",\"url\":\"https:\/\/infoecos.com.ar\/index.php\/author\/jomatheus\/\"}]}<\/script>\n<!-- \/ Yoast SEO plugin. -->","yoast_head_json":{"title":"Liga Profesional de F\u00fatbol: Gimnasia y Esgrima de La Plata contin\u00faa ganando - Infoecos","robots":{"index":"index","follow":"follow","max-snippet":"max-snippet:-1","max-image-preview":"max-image-preview:large","max-video-preview":"max-video-preview:-1"},"canonical":"https:\/\/infoecos.com.ar\/index.php\/liga-profesional-de-futbol-gimnasia-y-esgrima-de-la-plata-continua-ganando\/","og_locale":"es_ES","og_type":"article","og_title":"Liga Profesional de F\u00fatbol: Gimnasia y Esgrima de La Plata contin\u00faa ganando - Infoecos","og_description":"Belgrano 0 \u2013 Gimnasia 1 \u2013 Zona B (ESPN Premium) Gimnasia y Esgrima La Plata&nbsp;le...","og_url":"https:\/\/infoecos.com.ar\/index.php\/liga-profesional-de-futbol-gimnasia-y-esgrima-de-la-plata-continua-ganando\/","og_site_name":"Infoecos","article_publisher":"https:\/\/www.facebook.com\/profile.php?id=100063200290284","article_published_time":"2026-04-27T01:34:46+00:00","article_modified_time":"2026-04-27T01:57:14+00:00","og_image":[{"width":570,"height":320,"url":"https:\/\/infoecos.com.ar\/wp-content\/uploads\/2026\/04\/image-243.png","type":"image\/png"}],"author":"Jorge Matheus","twitter_card":"summary_large_image","twitter_creator":"@infoecos","twitter_site":"@infoecos","twitter_misc":{"Escrito por":"Jorge Matheus","Tiempo de lectura":"1 minuto"},"schema":{"@context":"https:\/\/schema.org","@graph":[{"@type":"Article","@id":"https:\/\/infoecos.com.ar\/index.php\/liga-profesional-de-futbol-gimnasia-y-esgrima-de-la-plata-continua-ganando\/#article","isPartOf":{"@id":"https:\/\/infoecos.com.ar\/index.php\/liga-profesional-de-futbol-gimnasia-y-esgrima-de-la-plata-continua-ganando\/"},"author":{"name":"Jorge Matheus","@id":"https:\/\/infoecos.com.ar\/#\/schema\/person\/8f5ace5ce73b4b4aac4b7245aee6f191"},"headline":"Liga Profesional de F\u00fatbol: Gimnasia y Esgrima de La Plata contin\u00faa ganando","datePublished":"2026-04-27T01:34:46+00:00","dateModified":"2026-04-27T01:57:14+00:00","mainEntityOfPage":{"@id":"https:\/\/infoecos.com.ar\/index.php\/liga-profesional-de-futbol-gimnasia-y-esgrima-de-la-plata-continua-ganando\/"},"wordCount":83,"publisher":{"@id":"https:\/\/infoecos.com.ar\/#organization"},"image":{"@id":"https:\/\/infoecos.com.ar\/index.php\/liga-profesional-de-futbol-gimnasia-y-esgrima-de-la-plata-continua-ganando\/#primaryimage"},"thumbnailUrl":"https:\/\/infoecos.com.ar\/wp-content\/uploads\/2026\/04\/image-243.png","keywords":["ECONOM\u00cdA","POL\u00cdTICA","REGIONAL"],"inLanguage":"es"},{"@type":"WebPage","@id":"https:\/\/infoecos.com.ar\/index.php\/liga-profesional-de-futbol-gimnasia-y-esgrima-de-la-plata-continua-ganando\/","url":"https:\/\/infoecos.com.ar\/index.php\/liga-profesional-de-futbol-gimnasia-y-esgrima-de-la-plata-continua-ganando\/","name":"Liga Profesional de F\u00fatbol: Gimnasia y Esgrima de La Plata contin\u00faa ganando - Infoecos","isPartOf":{"@id":"https:\/\/infoecos.com.ar\/#website"},"primaryImageOfPage":{"@id":"https:\/\/infoecos.com.ar\/index.php\/liga-profesional-de-futbol-gimnasia-y-esgrima-de-la-plata-continua-ganando\/#primaryimage"},"image":{"@id":"https:\/\/infoecos.com.ar\/index.php\/liga-profesional-de-futbol-gimnasia-y-esgrima-de-la-plata-continua-ganando\/#primaryimage"},"thumbnailUrl":"https:\/\/infoecos.com.ar\/wp-content\/uploads\/2026\/04\/image-243.png","datePublished":"2026-04-27T01:34:46+00:00","dateModified":"2026-04-27T01:57:14+00:00","breadcrumb":{"@id":"https:\/\/infoecos.com.ar\/index.php\/liga-profesional-de-futbol-gimnasia-y-esgrima-de-la-plata-continua-ganando\/#breadcrumb"},"inLanguage":"es","potentialAction":[{"@type":"ReadAction","target":["https:\/\/infoecos.com.ar\/index.php\/liga-profesional-de-futbol-gimnasia-y-esgrima-de-la-plata-continua-ganando\/"]}]},{"@type":"ImageObject","inLanguage":"es","@id":"https:\/\/infoecos.com.ar\/index.php\/liga-profesional-de-futbol-gimnasia-y-esgrima-de-la-plata-continua-ganando\/#primaryimage","url":"https:\/\/infoecos.com.ar\/wp-content\/uploads\/2026\/04\/image-243.png","contentUrl":"https:\/\/infoecos.com.ar\/wp-content\/uploads\/2026\/04\/image-243.png","width":570,"height":320},{"@type":"BreadcrumbList","@id":"https:\/\/infoecos.com.ar\/index.php\/liga-profesional-de-futbol-gimnasia-y-esgrima-de-la-plata-continua-ganando\/#breadcrumb","itemListElement":[{"@type":"ListItem","position":1,"name":"Portada","item":"https:\/\/infoecos.com.ar\/"},{"@type":"ListItem","position":2,"name":"Liga Profesional de F\u00fatbol: Gimnasia y Esgrima de La Plata contin\u00faa ganando"}]},{"@type":"WebSite","@id":"https:\/\/infoecos.com.ar\/#website","url":"https:\/\/infoecos.com.ar\/","name":"Infoecos","description":"Noticias de trenque lauquen y la zona","publisher":{"@id":"https:\/\/infoecos.com.ar\/#organization"},"alternateName":"Noticias","potentialAction":[{"@type":"SearchAction","target":{"@type":"EntryPoint","urlTemplate":"https:\/\/infoecos.com.ar\/?s={search_term_string}"},"query-input":{"@type":"PropertyValueSpecification","valueRequired":true,"valueName":"search_term_string"}}],"inLanguage":"es"},{"@type":"Organization","@id":"https:\/\/infoecos.com.ar\/#organization","name":"Infoecos","alternateName":"Noticias","url":"https:\/\/infoecos.com.ar\/","logo":{"@type":"ImageObject","inLanguage":"es","@id":"https:\/\/infoecos.com.ar\/#\/schema\/logo\/image\/","url":"https:\/\/infoecos.com.ar\/wp-content\/uploads\/2024\/03\/cropped-logo.png","contentUrl":"https:\/\/infoecos.com.ar\/wp-content\/uploads\/2024\/03\/cropped-logo.png","width":374,"height":90,"caption":"Infoecos"},"image":{"@id":"https:\/\/infoecos.com.ar\/#\/schema\/logo\/image\/"},"sameAs":["https:\/\/www.facebook.com\/profile.php?id=100063200290284","https:\/\/x.com\/infoecos"]},{"@type":"Person","@id":"https:\/\/infoecos.com.ar\/#\/schema\/person\/8f5ace5ce73b4b4aac4b7245aee6f191","name":"Jorge Matheus","url":"https:\/\/infoecos.com.ar\/index.php\/author\/jomatheus\/"}]}},"featured_image_urls":{"full":["https:\/\/infoecos.com.ar\/wp-content\/uploads\/2026\/04\/image-243.png",570,320,false],"thumbnail":["https:\/\/infoecos.com.ar\/wp-content\/uploads\/2026\/04\/image-243-300x150.png",300,150,true],"medium":["https:\/\/infoecos.com.ar\/wp-content\/uploads\/2026\/04\/image-243.png",570,320,false],"medium_large":["https:\/\/infoecos.com.ar\/wp-content\/uploads\/2026\/04\/image-243.png",570,320,false],"large":["https:\/\/infoecos.com.ar\/wp-content\/uploads\/2026\/04\/image-243.png",570,320,false],"1536x1536":["https:\/\/infoecos.com.ar\/wp-content\/uploads\/2026\/04\/image-243.png",570,320,false],"2048x2048":["https:\/\/infoecos.com.ar\/wp-content\/uploads\/2026\/04\/image-243.png",570,320,false],"covernews-slider-full":["https:\/\/infoecos.com.ar\/wp-content\/uploads\/2026\/04\/image-243.png",570,320,false],"covernews-slider-center":["https:\/\/infoecos.com.ar\/wp-content\/uploads\/2026\/04\/image-243.png",570,320,false],"covernews-featured":["https:\/\/infoecos.com.ar\/wp-content\/uploads\/2026\/04\/image-243.png",570,320,false],"covernews-medium":["https:\/\/infoecos.com.ar\/wp-content\/uploads\/2026\/04\/image-243-540x320.png",540,320,true],"covernews-medium-square":["https:\/\/infoecos.com.ar\/wp-content\/uploads\/2026\/04\/image-243-400x250.png",400,250,true]},"author_info":{"info":["Jorge Matheus"]},"category_info":"<a href=\"https:\/\/infoecos.com.ar\/index.php\/category\/sin-categoria\/\" rel=\"category tag\">Sin categor\u00eda<\/a>","tag_info":"Sin categor\u00eda","comment_count":"0","_links":{"self":[{"href":"https:\/\/infoecos.com.ar\/index.php\/wp-json\/wp\/v2\/posts\/157400"}],"collection":[{"href":"https:\/\/infoecos.com.ar\/index.php\/wp-json\/wp\/v2\/posts"}],"about":[{"href":"https:\/\/infoecos.com.ar\/index.php\/wp-json\/wp\/v2\/types\/post"}],"author":[{"embeddable":true,"href":"https:\/\/infoecos.com.ar\/index.php\/wp-json\/wp\/v2\/users\/2"}],"replies":[{"embeddable":true,"href":"https:\/\/infoecos.com.ar\/index.php\/wp-json\/wp\/v2\/comments?post=157400"}],"version-history":[{"count":1,"href":"https:\/\/infoecos.com.ar\/index.php\/wp-json\/wp\/v2\/posts\/157400\/revisions"}],"predecessor-version":[{"id":157402,"href":"https:\/\/infoecos.com.ar\/index.php\/wp-json\/wp\/v2\/posts\/157400\/revisions\/157402"}],"wp:featuredmedia":[{"embeddable":true,"href":"https:\/\/infoecos.com.ar\/index.php\/wp-json\/wp\/v2\/media\/157401"}],"wp:attachment":[{"href":"https:\/\/infoecos.com.ar\/index.php\/wp-json\/wp\/v2\/media?parent=157400"}],"wp:term":[{"taxonomy":"category","embeddable":true,"href":"https:\/\/infoecos.com.ar\/index.php\/wp-json\/wp\/v2\/categories?post=157400"},{"taxonomy":"post_tag","embeddable":true,"href":"https:\/\/infoecos.com.ar\/index.php\/wp-json\/wp\/v2\/tags?post=157400"}],"curies":[{"name":"wp","href":"https:\/\/api.w.org\/{rel}","templated":true}]}}