{"id":157403,"date":"2026-04-26T22:55:46","date_gmt":"2026-04-27T01:55:46","guid":{"rendered":"https:\/\/infoecos.com.ar\/?p=157403"},"modified":"2026-04-26T22:56:43","modified_gmt":"2026-04-27T01:56:43","slug":"el-intendente-municipal-de-rivadavia-manifesto-el-orgullo-de-haber-representado-a-su-distrito-en-la-cumbre-de-alcaldes-de-las-americas-2026","status":"publish","type":"post","link":"https:\/\/infoecos.com.ar\/index.php\/el-intendente-municipal-de-rivadavia-manifesto-el-orgullo-de-haber-representado-a-su-distrito-en-la-cumbre-de-alcaldes-de-las-americas-2026\/","title":{"rendered":"El intendente municipal de Rivadavia manifest\u00f3 el orgullo de haber representado a su distrito en la Cumbre de Alcaldes de las Am\u00e9ricas 2026"},"content":{"rendered":"\n<p>El intendente municipal de Rivadavia, Juanci Mart\u00ednez transmiti\u00f3 a trav\u00e9s de su cuenta de Facebook la satisfacci\u00f3n de haber participado de la Cumbre de Alcaldes de las Am\u00e9ricas 2026 en Florida, Estados Unidos.<\/p>\n\n\n\n<figure class=\"wp-block-image aligncenter size-full is-resized\"><img loading=\"lazy\" decoding=\"async\" width=\"1280\" height=\"957\" src=\"https:\/\/infoecos.com.ar\/wp-content\/uploads\/2026\/04\/martinezjuanci1.jpg\" alt=\"\" class=\"wp-image-157404\" style=\"width:432px;height:auto\" srcset=\"https:\/\/infoecos.com.ar\/wp-content\/uploads\/2026\/04\/martinezjuanci1.jpg 1280w, https:\/\/infoecos.com.ar\/wp-content\/uploads\/2026\/04\/martinezjuanci1-800x598.jpg 800w, https:\/\/infoecos.com.ar\/wp-content\/uploads\/2026\/04\/martinezjuanci1-768x574.jpg 768w, https:\/\/infoecos.com.ar\/wp-content\/uploads\/2026\/04\/martinezjuanci1-1024x766.jpg 1024w\" sizes=\"(max-width: 1280px) 100vw, 1280px\" \/><\/figure>\n\n\n\n<p>En el encuentro se intercambiaron experiencias y problem\u00e1ticas comunes de los gobiernos locales. <\/p>\n\n\n\n<figure class=\"wp-block-image aligncenter size-full is-resized\"><img loading=\"lazy\" decoding=\"async\" width=\"1280\" height=\"1018\" src=\"https:\/\/infoecos.com.ar\/wp-content\/uploads\/2026\/04\/martinezjuanci2.jpg\" alt=\"\" class=\"wp-image-157405\" style=\"width:436px;height:auto\" srcset=\"https:\/\/infoecos.com.ar\/wp-content\/uploads\/2026\/04\/martinezjuanci2.jpg 1280w, https:\/\/infoecos.com.ar\/wp-content\/uploads\/2026\/04\/martinezjuanci2-800x636.jpg 800w, https:\/\/infoecos.com.ar\/wp-content\/uploads\/2026\/04\/martinezjuanci2-768x611.jpg 768w, https:\/\/infoecos.com.ar\/wp-content\/uploads\/2026\/04\/martinezjuanci2-1024x814.jpg 1024w\" sizes=\"(max-width: 1280px) 100vw, 1280px\" \/><\/figure>\n\n\n\n<p>El mandatario comunal escribe en la red <em>\u00abfue un gran orgullo representar a Rivadavia en esta actividad, que nos permite llevar a nuestro distrito a distintas partes del continente, y aprender e incorporar herramientas que puedan ser implementadas en nuestra comunidad\u00bb<\/em> y agradece <em>\u00abal centro de estudios Adam Smith Center for Economic Freedom de Florida International University (FIU) por la invitaci\u00f3n\u00bb<\/em>.<\/p>\n\n\n\n<p><\/p>\n","protected":false},"excerpt":{"rendered":"<p>El intendente municipal de Rivadavia, Juanci Mart\u00ednez transmiti\u00f3 a trav\u00e9s de su cuenta de Facebook&#8230;<\/p>\n","protected":false},"author":2,"featured_media":157405,"comment_status":"closed","ping_status":"open","sticky":false,"template":"","format":"standard","meta":{"footnotes":""},"categories":[1613],"tags":[10290,156],"class_list":["post-157403","post","type-post","status-publish","format-standard","has-post-thumbnail","hentry","category-noticia-secundaria","tag-entretenimiento","tag-salud"],"yoast_head":"<!-- This site is optimized with the Yoast SEO plugin v23.4 - https:\/\/yoast.com\/wordpress\/plugins\/seo\/ -->\n<title>El intendente municipal de Rivadavia manifest\u00f3 el orgullo de haber representado a su distrito en la Cumbre de Alcaldes de las Am\u00e9ricas 2026 - Infoecos<\/title>\n<meta name=\"robots\" content=\"index, follow, max-snippet:-1, max-image-preview:large, max-video-preview:-1\" \/>\n<link rel=\"canonical\" href=\"https:\/\/infoecos.com.ar\/index.php\/el-intendente-municipal-de-rivadavia-manifesto-el-orgullo-de-haber-representado-a-su-distrito-en-la-cumbre-de-alcaldes-de-las-americas-2026\/\" \/>\n<meta property=\"og:locale\" content=\"es_ES\" \/>\n<meta property=\"og:type\" content=\"article\" \/>\n<meta property=\"og:title\" content=\"El intendente municipal de Rivadavia manifest\u00f3 el orgullo de haber representado a su distrito en la Cumbre de Alcaldes de las Am\u00e9ricas 2026 - Infoecos\" \/>\n<meta property=\"og:description\" content=\"El intendente municipal de Rivadavia, Juanci Mart\u00ednez transmiti\u00f3 a trav\u00e9s de su cuenta de Facebook...\" \/>\n<meta property=\"og:url\" content=\"https:\/\/infoecos.com.ar\/index.php\/el-intendente-municipal-de-rivadavia-manifesto-el-orgullo-de-haber-representado-a-su-distrito-en-la-cumbre-de-alcaldes-de-las-americas-2026\/\" \/>\n<meta property=\"og:site_name\" content=\"Infoecos\" \/>\n<meta property=\"article:publisher\" content=\"https:\/\/www.facebook.com\/profile.php?id=100063200290284\" \/>\n<meta property=\"article:published_time\" content=\"2026-04-27T01:55:46+00:00\" \/>\n<meta property=\"article:modified_time\" content=\"2026-04-27T01:56:43+00:00\" \/>\n<meta property=\"og:image\" content=\"https:\/\/infoecos.com.ar\/wp-content\/uploads\/2026\/04\/martinezjuanci2.jpg\" \/>\n\t<meta property=\"og:image:width\" content=\"1280\" \/>\n\t<meta property=\"og:image:height\" content=\"1018\" \/>\n\t<meta property=\"og:image:type\" content=\"image\/jpeg\" \/>\n<meta name=\"author\" content=\"Jorge Matheus\" \/>\n<meta name=\"twitter:card\" content=\"summary_large_image\" \/>\n<meta name=\"twitter:creator\" content=\"@infoecos\" \/>\n<meta name=\"twitter:site\" content=\"@infoecos\" \/>\n<meta name=\"twitter:label1\" content=\"Escrito por\" \/>\n\t<meta name=\"twitter:data1\" content=\"Jorge Matheus\" \/>\n\t<meta name=\"twitter:label2\" content=\"Tiempo de lectura\" \/>\n\t<meta name=\"twitter:data2\" content=\"2 minutos\" \/>\n<script type=\"application\/ld+json\" class=\"yoast-schema-graph\">{\"@context\":\"https:\/\/schema.org\",\"@graph\":[{\"@type\":\"Article\",\"@id\":\"https:\/\/infoecos.com.ar\/index.php\/el-intendente-municipal-de-rivadavia-manifesto-el-orgullo-de-haber-representado-a-su-distrito-en-la-cumbre-de-alcaldes-de-las-americas-2026\/#article\",\"isPartOf\":{\"@id\":\"https:\/\/infoecos.com.ar\/index.php\/el-intendente-municipal-de-rivadavia-manifesto-el-orgullo-de-haber-representado-a-su-distrito-en-la-cumbre-de-alcaldes-de-las-americas-2026\/\"},\"author\":{\"name\":\"Jorge Matheus\",\"@id\":\"https:\/\/infoecos.com.ar\/#\/schema\/person\/8f5ace5ce73b4b4aac4b7245aee6f191\"},\"headline\":\"El intendente municipal de Rivadavia manifest\u00f3 el orgullo de haber representado a su distrito en la Cumbre de Alcaldes de las Am\u00e9ricas 2026\",\"datePublished\":\"2026-04-27T01:55:46+00:00\",\"dateModified\":\"2026-04-27T01:56:43+00:00\",\"mainEntityOfPage\":{\"@id\":\"https:\/\/infoecos.com.ar\/index.php\/el-intendente-municipal-de-rivadavia-manifesto-el-orgullo-de-haber-representado-a-su-distrito-en-la-cumbre-de-alcaldes-de-las-americas-2026\/\"},\"wordCount\":135,\"publisher\":{\"@id\":\"https:\/\/infoecos.com.ar\/#organization\"},\"image\":{\"@id\":\"https:\/\/infoecos.com.ar\/index.php\/el-intendente-municipal-de-rivadavia-manifesto-el-orgullo-de-haber-representado-a-su-distrito-en-la-cumbre-de-alcaldes-de-las-americas-2026\/#primaryimage\"},\"thumbnailUrl\":\"https:\/\/infoecos.com.ar\/wp-content\/uploads\/2026\/04\/martinezjuanci2.jpg\",\"keywords\":[\"Entretenimiento\",\"SALUD\"],\"articleSection\":[\"Noticia Secundaria\"],\"inLanguage\":\"es\"},{\"@type\":\"WebPage\",\"@id\":\"https:\/\/infoecos.com.ar\/index.php\/el-intendente-municipal-de-rivadavia-manifesto-el-orgullo-de-haber-representado-a-su-distrito-en-la-cumbre-de-alcaldes-de-las-americas-2026\/\",\"url\":\"https:\/\/infoecos.com.ar\/index.php\/el-intendente-municipal-de-rivadavia-manifesto-el-orgullo-de-haber-representado-a-su-distrito-en-la-cumbre-de-alcaldes-de-las-americas-2026\/\",\"name\":\"El intendente municipal de Rivadavia manifest\u00f3 el orgullo de haber representado a su distrito en la Cumbre de Alcaldes de las Am\u00e9ricas 2026 - Infoecos\",\"isPartOf\":{\"@id\":\"https:\/\/infoecos.com.ar\/#website\"},\"primaryImageOfPage\":{\"@id\":\"https:\/\/infoecos.com.ar\/index.php\/el-intendente-municipal-de-rivadavia-manifesto-el-orgullo-de-haber-representado-a-su-distrito-en-la-cumbre-de-alcaldes-de-las-americas-2026\/#primaryimage\"},\"image\":{\"@id\":\"https:\/\/infoecos.com.ar\/index.php\/el-intendente-municipal-de-rivadavia-manifesto-el-orgullo-de-haber-representado-a-su-distrito-en-la-cumbre-de-alcaldes-de-las-americas-2026\/#primaryimage\"},\"thumbnailUrl\":\"https:\/\/infoecos.com.ar\/wp-content\/uploads\/2026\/04\/martinezjuanci2.jpg\",\"datePublished\":\"2026-04-27T01:55:46+00:00\",\"dateModified\":\"2026-04-27T01:56:43+00:00\",\"breadcrumb\":{\"@id\":\"https:\/\/infoecos.com.ar\/index.php\/el-intendente-municipal-de-rivadavia-manifesto-el-orgullo-de-haber-representado-a-su-distrito-en-la-cumbre-de-alcaldes-de-las-americas-2026\/#breadcrumb\"},\"inLanguage\":\"es\",\"potentialAction\":[{\"@type\":\"ReadAction\",\"target\":[\"https:\/\/infoecos.com.ar\/index.php\/el-intendente-municipal-de-rivadavia-manifesto-el-orgullo-de-haber-representado-a-su-distrito-en-la-cumbre-de-alcaldes-de-las-americas-2026\/\"]}]},{\"@type\":\"ImageObject\",\"inLanguage\":\"es\",\"@id\":\"https:\/\/infoecos.com.ar\/index.php\/el-intendente-municipal-de-rivadavia-manifesto-el-orgullo-de-haber-representado-a-su-distrito-en-la-cumbre-de-alcaldes-de-las-americas-2026\/#primaryimage\",\"url\":\"https:\/\/infoecos.com.ar\/wp-content\/uploads\/2026\/04\/martinezjuanci2.jpg\",\"contentUrl\":\"https:\/\/infoecos.com.ar\/wp-content\/uploads\/2026\/04\/martinezjuanci2.jpg\",\"width\":1280,\"height\":1018},{\"@type\":\"BreadcrumbList\",\"@id\":\"https:\/\/infoecos.com.ar\/index.php\/el-intendente-municipal-de-rivadavia-manifesto-el-orgullo-de-haber-representado-a-su-distrito-en-la-cumbre-de-alcaldes-de-las-americas-2026\/#breadcrumb\",\"itemListElement\":[{\"@type\":\"ListItem\",\"position\":1,\"name\":\"Portada\",\"item\":\"https:\/\/infoecos.com.ar\/\"},{\"@type\":\"ListItem\",\"position\":2,\"name\":\"El intendente municipal de Rivadavia manifest\u00f3 el orgullo de haber representado a su distrito en la Cumbre de Alcaldes de las Am\u00e9ricas 2026\"}]},{\"@type\":\"WebSite\",\"@id\":\"https:\/\/infoecos.com.ar\/#website\",\"url\":\"https:\/\/infoecos.com.ar\/\",\"name\":\"Infoecos\",\"description\":\"Noticias de trenque lauquen y la zona\",\"publisher\":{\"@id\":\"https:\/\/infoecos.com.ar\/#organization\"},\"alternateName\":\"Noticias\",\"potentialAction\":[{\"@type\":\"SearchAction\",\"target\":{\"@type\":\"EntryPoint\",\"urlTemplate\":\"https:\/\/infoecos.com.ar\/?s={search_term_string}\"},\"query-input\":{\"@type\":\"PropertyValueSpecification\",\"valueRequired\":true,\"valueName\":\"search_term_string\"}}],\"inLanguage\":\"es\"},{\"@type\":\"Organization\",\"@id\":\"https:\/\/infoecos.com.ar\/#organization\",\"name\":\"Infoecos\",\"alternateName\":\"Noticias\",\"url\":\"https:\/\/infoecos.com.ar\/\",\"logo\":{\"@type\":\"ImageObject\",\"inLanguage\":\"es\",\"@id\":\"https:\/\/infoecos.com.ar\/#\/schema\/logo\/image\/\",\"url\":\"https:\/\/infoecos.com.ar\/wp-content\/uploads\/2024\/03\/cropped-logo.png\",\"contentUrl\":\"https:\/\/infoecos.com.ar\/wp-content\/uploads\/2024\/03\/cropped-logo.png\",\"width\":374,\"height\":90,\"caption\":\"Infoecos\"},\"image\":{\"@id\":\"https:\/\/infoecos.com.ar\/#\/schema\/logo\/image\/\"},\"sameAs\":[\"https:\/\/www.facebook.com\/profile.php?id=100063200290284\",\"https:\/\/x.com\/infoecos\"]},{\"@type\":\"Person\",\"@id\":\"https:\/\/infoecos.com.ar\/#\/schema\/person\/8f5ace5ce73b4b4aac4b7245aee6f191\",\"name\":\"Jorge Matheus\",\"url\":\"https:\/\/infoecos.com.ar\/index.php\/author\/jomatheus\/\"}]}<\/script>\n<!-- \/ Yoast SEO plugin. -->","yoast_head_json":{"title":"El intendente municipal de Rivadavia manifest\u00f3 el orgullo de haber representado a su distrito en la Cumbre de Alcaldes de las Am\u00e9ricas 2026 - Infoecos","robots":{"index":"index","follow":"follow","max-snippet":"max-snippet:-1","max-image-preview":"max-image-preview:large","max-video-preview":"max-video-preview:-1"},"canonical":"https:\/\/infoecos.com.ar\/index.php\/el-intendente-municipal-de-rivadavia-manifesto-el-orgullo-de-haber-representado-a-su-distrito-en-la-cumbre-de-alcaldes-de-las-americas-2026\/","og_locale":"es_ES","og_type":"article","og_title":"El intendente municipal de Rivadavia manifest\u00f3 el orgullo de haber representado a su distrito en la Cumbre de Alcaldes de las Am\u00e9ricas 2026 - Infoecos","og_description":"El intendente municipal de Rivadavia, Juanci Mart\u00ednez transmiti\u00f3 a trav\u00e9s de su cuenta de Facebook...","og_url":"https:\/\/infoecos.com.ar\/index.php\/el-intendente-municipal-de-rivadavia-manifesto-el-orgullo-de-haber-representado-a-su-distrito-en-la-cumbre-de-alcaldes-de-las-americas-2026\/","og_site_name":"Infoecos","article_publisher":"https:\/\/www.facebook.com\/profile.php?id=100063200290284","article_published_time":"2026-04-27T01:55:46+00:00","article_modified_time":"2026-04-27T01:56:43+00:00","og_image":[{"width":1280,"height":1018,"url":"https:\/\/infoecos.com.ar\/wp-content\/uploads\/2026\/04\/martinezjuanci2.jpg","type":"image\/jpeg"}],"author":"Jorge Matheus","twitter_card":"summary_large_image","twitter_creator":"@infoecos","twitter_site":"@infoecos","twitter_misc":{"Escrito por":"Jorge Matheus","Tiempo de lectura":"2 minutos"},"schema":{"@context":"https:\/\/schema.org","@graph":[{"@type":"Article","@id":"https:\/\/infoecos.com.ar\/index.php\/el-intendente-municipal-de-rivadavia-manifesto-el-orgullo-de-haber-representado-a-su-distrito-en-la-cumbre-de-alcaldes-de-las-americas-2026\/#article","isPartOf":{"@id":"https:\/\/infoecos.com.ar\/index.php\/el-intendente-municipal-de-rivadavia-manifesto-el-orgullo-de-haber-representado-a-su-distrito-en-la-cumbre-de-alcaldes-de-las-americas-2026\/"},"author":{"name":"Jorge Matheus","@id":"https:\/\/infoecos.com.ar\/#\/schema\/person\/8f5ace5ce73b4b4aac4b7245aee6f191"},"headline":"El intendente municipal de Rivadavia manifest\u00f3 el orgullo de haber representado a su distrito en la Cumbre de Alcaldes de las Am\u00e9ricas 2026","datePublished":"2026-04-27T01:55:46+00:00","dateModified":"2026-04-27T01:56:43+00:00","mainEntityOfPage":{"@id":"https:\/\/infoecos.com.ar\/index.php\/el-intendente-municipal-de-rivadavia-manifesto-el-orgullo-de-haber-representado-a-su-distrito-en-la-cumbre-de-alcaldes-de-las-americas-2026\/"},"wordCount":135,"publisher":{"@id":"https:\/\/infoecos.com.ar\/#organization"},"image":{"@id":"https:\/\/infoecos.com.ar\/index.php\/el-intendente-municipal-de-rivadavia-manifesto-el-orgullo-de-haber-representado-a-su-distrito-en-la-cumbre-de-alcaldes-de-las-americas-2026\/#primaryimage"},"thumbnailUrl":"https:\/\/infoecos.com.ar\/wp-content\/uploads\/2026\/04\/martinezjuanci2.jpg","keywords":["Entretenimiento","SALUD"],"articleSection":["Noticia Secundaria"],"inLanguage":"es"},{"@type":"WebPage","@id":"https:\/\/infoecos.com.ar\/index.php\/el-intendente-municipal-de-rivadavia-manifesto-el-orgullo-de-haber-representado-a-su-distrito-en-la-cumbre-de-alcaldes-de-las-americas-2026\/","url":"https:\/\/infoecos.com.ar\/index.php\/el-intendente-municipal-de-rivadavia-manifesto-el-orgullo-de-haber-representado-a-su-distrito-en-la-cumbre-de-alcaldes-de-las-americas-2026\/","name":"El intendente municipal de Rivadavia manifest\u00f3 el orgullo de haber representado a su distrito en la Cumbre de Alcaldes de las Am\u00e9ricas 2026 - Infoecos","isPartOf":{"@id":"https:\/\/infoecos.com.ar\/#website"},"primaryImageOfPage":{"@id":"https:\/\/infoecos.com.ar\/index.php\/el-intendente-municipal-de-rivadavia-manifesto-el-orgullo-de-haber-representado-a-su-distrito-en-la-cumbre-de-alcaldes-de-las-americas-2026\/#primaryimage"},"image":{"@id":"https:\/\/infoecos.com.ar\/index.php\/el-intendente-municipal-de-rivadavia-manifesto-el-orgullo-de-haber-representado-a-su-distrito-en-la-cumbre-de-alcaldes-de-las-americas-2026\/#primaryimage"},"thumbnailUrl":"https:\/\/infoecos.com.ar\/wp-content\/uploads\/2026\/04\/martinezjuanci2.jpg","datePublished":"2026-04-27T01:55:46+00:00","dateModified":"2026-04-27T01:56:43+00:00","breadcrumb":{"@id":"https:\/\/infoecos.com.ar\/index.php\/el-intendente-municipal-de-rivadavia-manifesto-el-orgullo-de-haber-representado-a-su-distrito-en-la-cumbre-de-alcaldes-de-las-americas-2026\/#breadcrumb"},"inLanguage":"es","potentialAction":[{"@type":"ReadAction","target":["https:\/\/infoecos.com.ar\/index.php\/el-intendente-municipal-de-rivadavia-manifesto-el-orgullo-de-haber-representado-a-su-distrito-en-la-cumbre-de-alcaldes-de-las-americas-2026\/"]}]},{"@type":"ImageObject","inLanguage":"es","@id":"https:\/\/infoecos.com.ar\/index.php\/el-intendente-municipal-de-rivadavia-manifesto-el-orgullo-de-haber-representado-a-su-distrito-en-la-cumbre-de-alcaldes-de-las-americas-2026\/#primaryimage","url":"https:\/\/infoecos.com.ar\/wp-content\/uploads\/2026\/04\/martinezjuanci2.jpg","contentUrl":"https:\/\/infoecos.com.ar\/wp-content\/uploads\/2026\/04\/martinezjuanci2.jpg","width":1280,"height":1018},{"@type":"BreadcrumbList","@id":"https:\/\/infoecos.com.ar\/index.php\/el-intendente-municipal-de-rivadavia-manifesto-el-orgullo-de-haber-representado-a-su-distrito-en-la-cumbre-de-alcaldes-de-las-americas-2026\/#breadcrumb","itemListElement":[{"@type":"ListItem","position":1,"name":"Portada","item":"https:\/\/infoecos.com.ar\/"},{"@type":"ListItem","position":2,"name":"El intendente municipal de Rivadavia manifest\u00f3 el orgullo de haber representado a su distrito en la Cumbre de Alcaldes de las Am\u00e9ricas 2026"}]},{"@type":"WebSite","@id":"https:\/\/infoecos.com.ar\/#website","url":"https:\/\/infoecos.com.ar\/","name":"Infoecos","description":"Noticias de trenque lauquen y la zona","publisher":{"@id":"https:\/\/infoecos.com.ar\/#organization"},"alternateName":"Noticias","potentialAction":[{"@type":"SearchAction","target":{"@type":"EntryPoint","urlTemplate":"https:\/\/infoecos.com.ar\/?s={search_term_string}"},"query-input":{"@type":"PropertyValueSpecification","valueRequired":true,"valueName":"search_term_string"}}],"inLanguage":"es"},{"@type":"Organization","@id":"https:\/\/infoecos.com.ar\/#organization","name":"Infoecos","alternateName":"Noticias","url":"https:\/\/infoecos.com.ar\/","logo":{"@type":"ImageObject","inLanguage":"es","@id":"https:\/\/infoecos.com.ar\/#\/schema\/logo\/image\/","url":"https:\/\/infoecos.com.ar\/wp-content\/uploads\/2024\/03\/cropped-logo.png","contentUrl":"https:\/\/infoecos.com.ar\/wp-content\/uploads\/2024\/03\/cropped-logo.png","width":374,"height":90,"caption":"Infoecos"},"image":{"@id":"https:\/\/infoecos.com.ar\/#\/schema\/logo\/image\/"},"sameAs":["https:\/\/www.facebook.com\/profile.php?id=100063200290284","https:\/\/x.com\/infoecos"]},{"@type":"Person","@id":"https:\/\/infoecos.com.ar\/#\/schema\/person\/8f5ace5ce73b4b4aac4b7245aee6f191","name":"Jorge Matheus","url":"https:\/\/infoecos.com.ar\/index.php\/author\/jomatheus\/"}]}},"featured_image_urls":{"full":["https:\/\/infoecos.com.ar\/wp-content\/uploads\/2026\/04\/martinezjuanci2.jpg",1280,1018,false],"thumbnail":["https:\/\/infoecos.com.ar\/wp-content\/uploads\/2026\/04\/martinezjuanci2-300x150.jpg",300,150,true],"medium":["https:\/\/infoecos.com.ar\/wp-content\/uploads\/2026\/04\/martinezjuanci2-800x636.jpg",800,636,true],"medium_large":["https:\/\/infoecos.com.ar\/wp-content\/uploads\/2026\/04\/martinezjuanci2-768x611.jpg",640,509,true],"large":["https:\/\/infoecos.com.ar\/wp-content\/uploads\/2026\/04\/martinezjuanci2.jpg",640,509,false],"1536x1536":["https:\/\/infoecos.com.ar\/wp-content\/uploads\/2026\/04\/martinezjuanci2.jpg",1280,1018,false],"2048x2048":["https:\/\/infoecos.com.ar\/wp-content\/uploads\/2026\/04\/martinezjuanci2.jpg",1280,1018,false],"covernews-slider-full":["https:\/\/infoecos.com.ar\/wp-content\/uploads\/2026\/04\/martinezjuanci2-1115x715.jpg",1115,715,true],"covernews-slider-center":["https:\/\/infoecos.com.ar\/wp-content\/uploads\/2026\/04\/martinezjuanci2-800x500.jpg",800,500,true],"covernews-featured":["https:\/\/infoecos.com.ar\/wp-content\/uploads\/2026\/04\/martinezjuanci2-1024x814.jpg",1024,814,true],"covernews-medium":["https:\/\/infoecos.com.ar\/wp-content\/uploads\/2026\/04\/martinezjuanci2-540x340.jpg",540,340,true],"covernews-medium-square":["https:\/\/infoecos.com.ar\/wp-content\/uploads\/2026\/04\/martinezjuanci2-400x250.jpg",400,250,true]},"author_info":{"info":["Jorge Matheus"]},"category_info":"<a href=\"https:\/\/infoecos.com.ar\/index.php\/category\/noticia-secundaria\/\" rel=\"category tag\">Noticia Secundaria<\/a>","tag_info":"Noticia Secundaria","comment_count":"0","_links":{"self":[{"href":"https:\/\/infoecos.com.ar\/index.php\/wp-json\/wp\/v2\/posts\/157403"}],"collection":[{"href":"https:\/\/infoecos.com.ar\/index.php\/wp-json\/wp\/v2\/posts"}],"about":[{"href":"https:\/\/infoecos.com.ar\/index.php\/wp-json\/wp\/v2\/types\/post"}],"author":[{"embeddable":true,"href":"https:\/\/infoecos.com.ar\/index.php\/wp-json\/wp\/v2\/users\/2"}],"replies":[{"embeddable":true,"href":"https:\/\/infoecos.com.ar\/index.php\/wp-json\/wp\/v2\/comments?post=157403"}],"version-history":[{"count":1,"href":"https:\/\/infoecos.com.ar\/index.php\/wp-json\/wp\/v2\/posts\/157403\/revisions"}],"predecessor-version":[{"id":157406,"href":"https:\/\/infoecos.com.ar\/index.php\/wp-json\/wp\/v2\/posts\/157403\/revisions\/157406"}],"wp:featuredmedia":[{"embeddable":true,"href":"https:\/\/infoecos.com.ar\/index.php\/wp-json\/wp\/v2\/media\/157405"}],"wp:attachment":[{"href":"https:\/\/infoecos.com.ar\/index.php\/wp-json\/wp\/v2\/media?parent=157403"}],"wp:term":[{"taxonomy":"category","embeddable":true,"href":"https:\/\/infoecos.com.ar\/index.php\/wp-json\/wp\/v2\/categories?post=157403"},{"taxonomy":"post_tag","embeddable":true,"href":"https:\/\/infoecos.com.ar\/index.php\/wp-json\/wp\/v2\/tags?post=157403"}],"curies":[{"name":"wp","href":"https:\/\/api.w.org\/{rel}","templated":true}]}}