{"id":157412,"date":"2026-04-26T23:42:00","date_gmt":"2026-04-27T02:42:00","guid":{"rendered":"https:\/\/infoecos.com.ar\/?p=157412"},"modified":"2026-04-26T23:42:01","modified_gmt":"2026-04-27T02:42:01","slug":"fallecio-adolfo-aristarain-a-los-82-anos-director-entre-otras-peliculas-de-un-lugar-en-el-mundo-filmada-en-gran-parte-en-san-luis","status":"publish","type":"post","link":"https:\/\/infoecos.com.ar\/index.php\/fallecio-adolfo-aristarain-a-los-82-anos-director-entre-otras-peliculas-de-un-lugar-en-el-mundo-filmada-en-gran-parte-en-san-luis\/","title":{"rendered":"Falleci\u00f3 Adolfo Aristarain a los 82 a\u00f1os, director entre otras pel\u00edculas de Un lugar en el Mundo, filmada en gran parte en San Luis"},"content":{"rendered":"\n<p>El cine argentino y espa\u00f1ol perdi\u00f3 a una de sus figuras m\u00e1s influyentes con el fallecimiento en Buenos Aires del director Adolfo Aristarain a los 82 a\u00f1os, quien deja como legado una filmograf\u00eda esencial y una reciente distinci\u00f3n: la Medalla de Oro 2024 otorgada por la Academia de Cine por ser uno de los nombres fundamentales en la historia del cine en espa\u00f1ol.<\/p>\n\n\n\n<p>Aristarain, nacido en 1943 en el barrio porte\u00f1o de Parque Chas, fue el primer director argentino en recibir este reconocimiento, que la Academia de Cine justific\u00f3 por su contribuci\u00f3n decisiva al cine argentino y su marcado aporte a la cinematograf\u00eda en espa\u00f1ol. Entre los galardones m\u00e1s destacados de su carrera figuran el Goya a la Mejor Pel\u00edcula Iberoamericana por Un lugar en el mundo y el Goya al Mejor Guion Adaptado por Lugares comunes.<\/p>\n\n\n\n<p>Su filmograf\u00eda incluye t\u00edtulos esenciales como Tiempo de revancha, Un lugar en el mundo, La ley de la frontera, Mart\u00edn (Hache), Lugares comunes y Roma, su \u00faltima producci\u00f3n.<\/p>\n\n\n\n<p>Entre los nombres m\u00e1s recurrentes y admirados por Aristarain figuran actores y actrices como Federico Luppi, Jos\u00e9 Sacrist\u00e1n, Mercedes Sampietro, Eusebio Poncela, Aitana S\u00e1nchez-Gij\u00f3n, Cecilia Roth, Juan Diego Botto y Sus\u00fa Pecoraro.\u00a0<\/p>\n\n\n\n<figure class=\"wp-block-image size-full\"><img loading=\"lazy\" decoding=\"async\" width=\"901\" height=\"535\" src=\"https:\/\/infoecos.com.ar\/wp-content\/uploads\/2026\/04\/image-245.png\" alt=\"\" class=\"wp-image-157413\" srcset=\"https:\/\/infoecos.com.ar\/wp-content\/uploads\/2026\/04\/image-245.png 901w, https:\/\/infoecos.com.ar\/wp-content\/uploads\/2026\/04\/image-245-800x475.png 800w, https:\/\/infoecos.com.ar\/wp-content\/uploads\/2026\/04\/image-245-768x456.png 768w\" sizes=\"(max-width: 901px) 100vw, 901px\" \/><\/figure>\n","protected":false},"excerpt":{"rendered":"<p>El cine argentino y espa\u00f1ol perdi\u00f3 a una de sus figuras m\u00e1s influyentes con el&#8230;<\/p>\n","protected":false},"author":2,"featured_media":157413,"comment_status":"closed","ping_status":"open","sticky":false,"template":"","format":"standard","meta":{"footnotes":""},"categories":[1613],"tags":[10298,156],"class_list":["post-157412","post","type-post","status-publish","format-standard","has-post-thumbnail","hentry","category-noticia-secundaria","tag-bloque-inferior","tag-salud"],"yoast_head":"<!-- This site is optimized with the Yoast SEO plugin v23.4 - https:\/\/yoast.com\/wordpress\/plugins\/seo\/ -->\n<title>Falleci\u00f3 Adolfo Aristarain a los 82 a\u00f1os, director entre otras pel\u00edculas de Un lugar en el Mundo, filmada en gran parte en San Luis - Infoecos<\/title>\n<meta name=\"robots\" content=\"index, follow, max-snippet:-1, max-image-preview:large, max-video-preview:-1\" \/>\n<link rel=\"canonical\" href=\"https:\/\/infoecos.com.ar\/index.php\/fallecio-adolfo-aristarain-a-los-82-anos-director-entre-otras-peliculas-de-un-lugar-en-el-mundo-filmada-en-gran-parte-en-san-luis\/\" \/>\n<meta property=\"og:locale\" content=\"es_ES\" \/>\n<meta property=\"og:type\" content=\"article\" \/>\n<meta property=\"og:title\" content=\"Falleci\u00f3 Adolfo Aristarain a los 82 a\u00f1os, director entre otras pel\u00edculas de Un lugar en el Mundo, filmada en gran parte en San Luis - Infoecos\" \/>\n<meta property=\"og:description\" content=\"El cine argentino y espa\u00f1ol perdi\u00f3 a una de sus figuras m\u00e1s influyentes con el...\" \/>\n<meta property=\"og:url\" content=\"https:\/\/infoecos.com.ar\/index.php\/fallecio-adolfo-aristarain-a-los-82-anos-director-entre-otras-peliculas-de-un-lugar-en-el-mundo-filmada-en-gran-parte-en-san-luis\/\" \/>\n<meta property=\"og:site_name\" content=\"Infoecos\" \/>\n<meta property=\"article:publisher\" content=\"https:\/\/www.facebook.com\/profile.php?id=100063200290284\" \/>\n<meta property=\"article:published_time\" content=\"2026-04-27T02:42:00+00:00\" \/>\n<meta property=\"article:modified_time\" content=\"2026-04-27T02:42:01+00:00\" \/>\n<meta property=\"og:image\" content=\"https:\/\/infoecos.com.ar\/wp-content\/uploads\/2026\/04\/image-245.png\" \/>\n\t<meta property=\"og:image:width\" content=\"901\" \/>\n\t<meta property=\"og:image:height\" content=\"535\" \/>\n\t<meta property=\"og:image:type\" content=\"image\/png\" \/>\n<meta name=\"author\" content=\"Jorge Matheus\" \/>\n<meta name=\"twitter:card\" content=\"summary_large_image\" \/>\n<meta name=\"twitter:creator\" content=\"@infoecos\" \/>\n<meta name=\"twitter:site\" content=\"@infoecos\" \/>\n<meta name=\"twitter:label1\" content=\"Escrito por\" \/>\n\t<meta name=\"twitter:data1\" content=\"Jorge Matheus\" \/>\n\t<meta name=\"twitter:label2\" content=\"Tiempo de lectura\" \/>\n\t<meta name=\"twitter:data2\" content=\"2 minutos\" \/>\n<script type=\"application\/ld+json\" class=\"yoast-schema-graph\">{\"@context\":\"https:\/\/schema.org\",\"@graph\":[{\"@type\":\"Article\",\"@id\":\"https:\/\/infoecos.com.ar\/index.php\/fallecio-adolfo-aristarain-a-los-82-anos-director-entre-otras-peliculas-de-un-lugar-en-el-mundo-filmada-en-gran-parte-en-san-luis\/#article\",\"isPartOf\":{\"@id\":\"https:\/\/infoecos.com.ar\/index.php\/fallecio-adolfo-aristarain-a-los-82-anos-director-entre-otras-peliculas-de-un-lugar-en-el-mundo-filmada-en-gran-parte-en-san-luis\/\"},\"author\":{\"name\":\"Jorge Matheus\",\"@id\":\"https:\/\/infoecos.com.ar\/#\/schema\/person\/8f5ace5ce73b4b4aac4b7245aee6f191\"},\"headline\":\"Falleci\u00f3 Adolfo Aristarain a los 82 a\u00f1os, director entre otras pel\u00edculas de Un lugar en el Mundo, filmada en gran parte en San Luis\",\"datePublished\":\"2026-04-27T02:42:00+00:00\",\"dateModified\":\"2026-04-27T02:42:01+00:00\",\"mainEntityOfPage\":{\"@id\":\"https:\/\/infoecos.com.ar\/index.php\/fallecio-adolfo-aristarain-a-los-82-anos-director-entre-otras-peliculas-de-un-lugar-en-el-mundo-filmada-en-gran-parte-en-san-luis\/\"},\"wordCount\":239,\"publisher\":{\"@id\":\"https:\/\/infoecos.com.ar\/#organization\"},\"image\":{\"@id\":\"https:\/\/infoecos.com.ar\/index.php\/fallecio-adolfo-aristarain-a-los-82-anos-director-entre-otras-peliculas-de-un-lugar-en-el-mundo-filmada-en-gran-parte-en-san-luis\/#primaryimage\"},\"thumbnailUrl\":\"https:\/\/infoecos.com.ar\/wp-content\/uploads\/2026\/04\/image-245.png\",\"keywords\":[\"Bloque inferior\",\"SALUD\"],\"articleSection\":[\"Noticia Secundaria\"],\"inLanguage\":\"es\"},{\"@type\":\"WebPage\",\"@id\":\"https:\/\/infoecos.com.ar\/index.php\/fallecio-adolfo-aristarain-a-los-82-anos-director-entre-otras-peliculas-de-un-lugar-en-el-mundo-filmada-en-gran-parte-en-san-luis\/\",\"url\":\"https:\/\/infoecos.com.ar\/index.php\/fallecio-adolfo-aristarain-a-los-82-anos-director-entre-otras-peliculas-de-un-lugar-en-el-mundo-filmada-en-gran-parte-en-san-luis\/\",\"name\":\"Falleci\u00f3 Adolfo Aristarain a los 82 a\u00f1os, director entre otras pel\u00edculas de Un lugar en el Mundo, filmada en gran parte en San Luis - Infoecos\",\"isPartOf\":{\"@id\":\"https:\/\/infoecos.com.ar\/#website\"},\"primaryImageOfPage\":{\"@id\":\"https:\/\/infoecos.com.ar\/index.php\/fallecio-adolfo-aristarain-a-los-82-anos-director-entre-otras-peliculas-de-un-lugar-en-el-mundo-filmada-en-gran-parte-en-san-luis\/#primaryimage\"},\"image\":{\"@id\":\"https:\/\/infoecos.com.ar\/index.php\/fallecio-adolfo-aristarain-a-los-82-anos-director-entre-otras-peliculas-de-un-lugar-en-el-mundo-filmada-en-gran-parte-en-san-luis\/#primaryimage\"},\"thumbnailUrl\":\"https:\/\/infoecos.com.ar\/wp-content\/uploads\/2026\/04\/image-245.png\",\"datePublished\":\"2026-04-27T02:42:00+00:00\",\"dateModified\":\"2026-04-27T02:42:01+00:00\",\"breadcrumb\":{\"@id\":\"https:\/\/infoecos.com.ar\/index.php\/fallecio-adolfo-aristarain-a-los-82-anos-director-entre-otras-peliculas-de-un-lugar-en-el-mundo-filmada-en-gran-parte-en-san-luis\/#breadcrumb\"},\"inLanguage\":\"es\",\"potentialAction\":[{\"@type\":\"ReadAction\",\"target\":[\"https:\/\/infoecos.com.ar\/index.php\/fallecio-adolfo-aristarain-a-los-82-anos-director-entre-otras-peliculas-de-un-lugar-en-el-mundo-filmada-en-gran-parte-en-san-luis\/\"]}]},{\"@type\":\"ImageObject\",\"inLanguage\":\"es\",\"@id\":\"https:\/\/infoecos.com.ar\/index.php\/fallecio-adolfo-aristarain-a-los-82-anos-director-entre-otras-peliculas-de-un-lugar-en-el-mundo-filmada-en-gran-parte-en-san-luis\/#primaryimage\",\"url\":\"https:\/\/infoecos.com.ar\/wp-content\/uploads\/2026\/04\/image-245.png\",\"contentUrl\":\"https:\/\/infoecos.com.ar\/wp-content\/uploads\/2026\/04\/image-245.png\",\"width\":901,\"height\":535},{\"@type\":\"BreadcrumbList\",\"@id\":\"https:\/\/infoecos.com.ar\/index.php\/fallecio-adolfo-aristarain-a-los-82-anos-director-entre-otras-peliculas-de-un-lugar-en-el-mundo-filmada-en-gran-parte-en-san-luis\/#breadcrumb\",\"itemListElement\":[{\"@type\":\"ListItem\",\"position\":1,\"name\":\"Portada\",\"item\":\"https:\/\/infoecos.com.ar\/\"},{\"@type\":\"ListItem\",\"position\":2,\"name\":\"Falleci\u00f3 Adolfo Aristarain a los 82 a\u00f1os, director entre otras pel\u00edculas de Un lugar en el Mundo, filmada en gran parte en San Luis\"}]},{\"@type\":\"WebSite\",\"@id\":\"https:\/\/infoecos.com.ar\/#website\",\"url\":\"https:\/\/infoecos.com.ar\/\",\"name\":\"Infoecos\",\"description\":\"Noticias de trenque lauquen y la zona\",\"publisher\":{\"@id\":\"https:\/\/infoecos.com.ar\/#organization\"},\"alternateName\":\"Noticias\",\"potentialAction\":[{\"@type\":\"SearchAction\",\"target\":{\"@type\":\"EntryPoint\",\"urlTemplate\":\"https:\/\/infoecos.com.ar\/?s={search_term_string}\"},\"query-input\":{\"@type\":\"PropertyValueSpecification\",\"valueRequired\":true,\"valueName\":\"search_term_string\"}}],\"inLanguage\":\"es\"},{\"@type\":\"Organization\",\"@id\":\"https:\/\/infoecos.com.ar\/#organization\",\"name\":\"Infoecos\",\"alternateName\":\"Noticias\",\"url\":\"https:\/\/infoecos.com.ar\/\",\"logo\":{\"@type\":\"ImageObject\",\"inLanguage\":\"es\",\"@id\":\"https:\/\/infoecos.com.ar\/#\/schema\/logo\/image\/\",\"url\":\"https:\/\/infoecos.com.ar\/wp-content\/uploads\/2024\/03\/cropped-logo.png\",\"contentUrl\":\"https:\/\/infoecos.com.ar\/wp-content\/uploads\/2024\/03\/cropped-logo.png\",\"width\":374,\"height\":90,\"caption\":\"Infoecos\"},\"image\":{\"@id\":\"https:\/\/infoecos.com.ar\/#\/schema\/logo\/image\/\"},\"sameAs\":[\"https:\/\/www.facebook.com\/profile.php?id=100063200290284\",\"https:\/\/x.com\/infoecos\"]},{\"@type\":\"Person\",\"@id\":\"https:\/\/infoecos.com.ar\/#\/schema\/person\/8f5ace5ce73b4b4aac4b7245aee6f191\",\"name\":\"Jorge Matheus\",\"url\":\"https:\/\/infoecos.com.ar\/index.php\/author\/jomatheus\/\"}]}<\/script>\n<!-- \/ Yoast SEO plugin. -->","yoast_head_json":{"title":"Falleci\u00f3 Adolfo Aristarain a los 82 a\u00f1os, director entre otras pel\u00edculas de Un lugar en el Mundo, filmada en gran parte en San Luis - Infoecos","robots":{"index":"index","follow":"follow","max-snippet":"max-snippet:-1","max-image-preview":"max-image-preview:large","max-video-preview":"max-video-preview:-1"},"canonical":"https:\/\/infoecos.com.ar\/index.php\/fallecio-adolfo-aristarain-a-los-82-anos-director-entre-otras-peliculas-de-un-lugar-en-el-mundo-filmada-en-gran-parte-en-san-luis\/","og_locale":"es_ES","og_type":"article","og_title":"Falleci\u00f3 Adolfo Aristarain a los 82 a\u00f1os, director entre otras pel\u00edculas de Un lugar en el Mundo, filmada en gran parte en San Luis - Infoecos","og_description":"El cine argentino y espa\u00f1ol perdi\u00f3 a una de sus figuras m\u00e1s influyentes con el...","og_url":"https:\/\/infoecos.com.ar\/index.php\/fallecio-adolfo-aristarain-a-los-82-anos-director-entre-otras-peliculas-de-un-lugar-en-el-mundo-filmada-en-gran-parte-en-san-luis\/","og_site_name":"Infoecos","article_publisher":"https:\/\/www.facebook.com\/profile.php?id=100063200290284","article_published_time":"2026-04-27T02:42:00+00:00","article_modified_time":"2026-04-27T02:42:01+00:00","og_image":[{"width":901,"height":535,"url":"https:\/\/infoecos.com.ar\/wp-content\/uploads\/2026\/04\/image-245.png","type":"image\/png"}],"author":"Jorge Matheus","twitter_card":"summary_large_image","twitter_creator":"@infoecos","twitter_site":"@infoecos","twitter_misc":{"Escrito por":"Jorge Matheus","Tiempo de lectura":"2 minutos"},"schema":{"@context":"https:\/\/schema.org","@graph":[{"@type":"Article","@id":"https:\/\/infoecos.com.ar\/index.php\/fallecio-adolfo-aristarain-a-los-82-anos-director-entre-otras-peliculas-de-un-lugar-en-el-mundo-filmada-en-gran-parte-en-san-luis\/#article","isPartOf":{"@id":"https:\/\/infoecos.com.ar\/index.php\/fallecio-adolfo-aristarain-a-los-82-anos-director-entre-otras-peliculas-de-un-lugar-en-el-mundo-filmada-en-gran-parte-en-san-luis\/"},"author":{"name":"Jorge Matheus","@id":"https:\/\/infoecos.com.ar\/#\/schema\/person\/8f5ace5ce73b4b4aac4b7245aee6f191"},"headline":"Falleci\u00f3 Adolfo Aristarain a los 82 a\u00f1os, director entre otras pel\u00edculas de Un lugar en el Mundo, filmada en gran parte en San Luis","datePublished":"2026-04-27T02:42:00+00:00","dateModified":"2026-04-27T02:42:01+00:00","mainEntityOfPage":{"@id":"https:\/\/infoecos.com.ar\/index.php\/fallecio-adolfo-aristarain-a-los-82-anos-director-entre-otras-peliculas-de-un-lugar-en-el-mundo-filmada-en-gran-parte-en-san-luis\/"},"wordCount":239,"publisher":{"@id":"https:\/\/infoecos.com.ar\/#organization"},"image":{"@id":"https:\/\/infoecos.com.ar\/index.php\/fallecio-adolfo-aristarain-a-los-82-anos-director-entre-otras-peliculas-de-un-lugar-en-el-mundo-filmada-en-gran-parte-en-san-luis\/#primaryimage"},"thumbnailUrl":"https:\/\/infoecos.com.ar\/wp-content\/uploads\/2026\/04\/image-245.png","keywords":["Bloque inferior","SALUD"],"articleSection":["Noticia Secundaria"],"inLanguage":"es"},{"@type":"WebPage","@id":"https:\/\/infoecos.com.ar\/index.php\/fallecio-adolfo-aristarain-a-los-82-anos-director-entre-otras-peliculas-de-un-lugar-en-el-mundo-filmada-en-gran-parte-en-san-luis\/","url":"https:\/\/infoecos.com.ar\/index.php\/fallecio-adolfo-aristarain-a-los-82-anos-director-entre-otras-peliculas-de-un-lugar-en-el-mundo-filmada-en-gran-parte-en-san-luis\/","name":"Falleci\u00f3 Adolfo Aristarain a los 82 a\u00f1os, director entre otras pel\u00edculas de Un lugar en el Mundo, filmada en gran parte en San Luis - Infoecos","isPartOf":{"@id":"https:\/\/infoecos.com.ar\/#website"},"primaryImageOfPage":{"@id":"https:\/\/infoecos.com.ar\/index.php\/fallecio-adolfo-aristarain-a-los-82-anos-director-entre-otras-peliculas-de-un-lugar-en-el-mundo-filmada-en-gran-parte-en-san-luis\/#primaryimage"},"image":{"@id":"https:\/\/infoecos.com.ar\/index.php\/fallecio-adolfo-aristarain-a-los-82-anos-director-entre-otras-peliculas-de-un-lugar-en-el-mundo-filmada-en-gran-parte-en-san-luis\/#primaryimage"},"thumbnailUrl":"https:\/\/infoecos.com.ar\/wp-content\/uploads\/2026\/04\/image-245.png","datePublished":"2026-04-27T02:42:00+00:00","dateModified":"2026-04-27T02:42:01+00:00","breadcrumb":{"@id":"https:\/\/infoecos.com.ar\/index.php\/fallecio-adolfo-aristarain-a-los-82-anos-director-entre-otras-peliculas-de-un-lugar-en-el-mundo-filmada-en-gran-parte-en-san-luis\/#breadcrumb"},"inLanguage":"es","potentialAction":[{"@type":"ReadAction","target":["https:\/\/infoecos.com.ar\/index.php\/fallecio-adolfo-aristarain-a-los-82-anos-director-entre-otras-peliculas-de-un-lugar-en-el-mundo-filmada-en-gran-parte-en-san-luis\/"]}]},{"@type":"ImageObject","inLanguage":"es","@id":"https:\/\/infoecos.com.ar\/index.php\/fallecio-adolfo-aristarain-a-los-82-anos-director-entre-otras-peliculas-de-un-lugar-en-el-mundo-filmada-en-gran-parte-en-san-luis\/#primaryimage","url":"https:\/\/infoecos.com.ar\/wp-content\/uploads\/2026\/04\/image-245.png","contentUrl":"https:\/\/infoecos.com.ar\/wp-content\/uploads\/2026\/04\/image-245.png","width":901,"height":535},{"@type":"BreadcrumbList","@id":"https:\/\/infoecos.com.ar\/index.php\/fallecio-adolfo-aristarain-a-los-82-anos-director-entre-otras-peliculas-de-un-lugar-en-el-mundo-filmada-en-gran-parte-en-san-luis\/#breadcrumb","itemListElement":[{"@type":"ListItem","position":1,"name":"Portada","item":"https:\/\/infoecos.com.ar\/"},{"@type":"ListItem","position":2,"name":"Falleci\u00f3 Adolfo Aristarain a los 82 a\u00f1os, director entre otras pel\u00edculas de Un lugar en el Mundo, filmada en gran parte en San Luis"}]},{"@type":"WebSite","@id":"https:\/\/infoecos.com.ar\/#website","url":"https:\/\/infoecos.com.ar\/","name":"Infoecos","description":"Noticias de trenque lauquen y la zona","publisher":{"@id":"https:\/\/infoecos.com.ar\/#organization"},"alternateName":"Noticias","potentialAction":[{"@type":"SearchAction","target":{"@type":"EntryPoint","urlTemplate":"https:\/\/infoecos.com.ar\/?s={search_term_string}"},"query-input":{"@type":"PropertyValueSpecification","valueRequired":true,"valueName":"search_term_string"}}],"inLanguage":"es"},{"@type":"Organization","@id":"https:\/\/infoecos.com.ar\/#organization","name":"Infoecos","alternateName":"Noticias","url":"https:\/\/infoecos.com.ar\/","logo":{"@type":"ImageObject","inLanguage":"es","@id":"https:\/\/infoecos.com.ar\/#\/schema\/logo\/image\/","url":"https:\/\/infoecos.com.ar\/wp-content\/uploads\/2024\/03\/cropped-logo.png","contentUrl":"https:\/\/infoecos.com.ar\/wp-content\/uploads\/2024\/03\/cropped-logo.png","width":374,"height":90,"caption":"Infoecos"},"image":{"@id":"https:\/\/infoecos.com.ar\/#\/schema\/logo\/image\/"},"sameAs":["https:\/\/www.facebook.com\/profile.php?id=100063200290284","https:\/\/x.com\/infoecos"]},{"@type":"Person","@id":"https:\/\/infoecos.com.ar\/#\/schema\/person\/8f5ace5ce73b4b4aac4b7245aee6f191","name":"Jorge Matheus","url":"https:\/\/infoecos.com.ar\/index.php\/author\/jomatheus\/"}]}},"featured_image_urls":{"full":["https:\/\/infoecos.com.ar\/wp-content\/uploads\/2026\/04\/image-245.png",901,535,false],"thumbnail":["https:\/\/infoecos.com.ar\/wp-content\/uploads\/2026\/04\/image-245-300x150.png",300,150,true],"medium":["https:\/\/infoecos.com.ar\/wp-content\/uploads\/2026\/04\/image-245-800x475.png",800,475,true],"medium_large":["https:\/\/infoecos.com.ar\/wp-content\/uploads\/2026\/04\/image-245-768x456.png",640,380,true],"large":["https:\/\/infoecos.com.ar\/wp-content\/uploads\/2026\/04\/image-245.png",640,380,false],"1536x1536":["https:\/\/infoecos.com.ar\/wp-content\/uploads\/2026\/04\/image-245.png",901,535,false],"2048x2048":["https:\/\/infoecos.com.ar\/wp-content\/uploads\/2026\/04\/image-245.png",901,535,false],"covernews-slider-full":["https:\/\/infoecos.com.ar\/wp-content\/uploads\/2026\/04\/image-245.png",901,535,false],"covernews-slider-center":["https:\/\/infoecos.com.ar\/wp-content\/uploads\/2026\/04\/image-245-800x500.png",800,500,true],"covernews-featured":["https:\/\/infoecos.com.ar\/wp-content\/uploads\/2026\/04\/image-245.png",901,535,false],"covernews-medium":["https:\/\/infoecos.com.ar\/wp-content\/uploads\/2026\/04\/image-245-540x340.png",540,340,true],"covernews-medium-square":["https:\/\/infoecos.com.ar\/wp-content\/uploads\/2026\/04\/image-245-400x250.png",400,250,true]},"author_info":{"info":["Jorge Matheus"]},"category_info":"<a href=\"https:\/\/infoecos.com.ar\/index.php\/category\/noticia-secundaria\/\" rel=\"category tag\">Noticia Secundaria<\/a>","tag_info":"Noticia Secundaria","comment_count":"0","_links":{"self":[{"href":"https:\/\/infoecos.com.ar\/index.php\/wp-json\/wp\/v2\/posts\/157412"}],"collection":[{"href":"https:\/\/infoecos.com.ar\/index.php\/wp-json\/wp\/v2\/posts"}],"about":[{"href":"https:\/\/infoecos.com.ar\/index.php\/wp-json\/wp\/v2\/types\/post"}],"author":[{"embeddable":true,"href":"https:\/\/infoecos.com.ar\/index.php\/wp-json\/wp\/v2\/users\/2"}],"replies":[{"embeddable":true,"href":"https:\/\/infoecos.com.ar\/index.php\/wp-json\/wp\/v2\/comments?post=157412"}],"version-history":[{"count":1,"href":"https:\/\/infoecos.com.ar\/index.php\/wp-json\/wp\/v2\/posts\/157412\/revisions"}],"predecessor-version":[{"id":157414,"href":"https:\/\/infoecos.com.ar\/index.php\/wp-json\/wp\/v2\/posts\/157412\/revisions\/157414"}],"wp:featuredmedia":[{"embeddable":true,"href":"https:\/\/infoecos.com.ar\/index.php\/wp-json\/wp\/v2\/media\/157413"}],"wp:attachment":[{"href":"https:\/\/infoecos.com.ar\/index.php\/wp-json\/wp\/v2\/media?parent=157412"}],"wp:term":[{"taxonomy":"category","embeddable":true,"href":"https:\/\/infoecos.com.ar\/index.php\/wp-json\/wp\/v2\/categories?post=157412"},{"taxonomy":"post_tag","embeddable":true,"href":"https:\/\/infoecos.com.ar\/index.php\/wp-json\/wp\/v2\/tags?post=157412"}],"curies":[{"name":"wp","href":"https:\/\/api.w.org\/{rel}","templated":true}]}}