{"id":157430,"date":"2026-04-27T18:52:14","date_gmt":"2026-04-27T21:52:14","guid":{"rendered":"https:\/\/infoecos.com.ar\/?p=157430"},"modified":"2026-04-28T02:29:07","modified_gmt":"2026-04-28T05:29:07","slug":"heladas-de-hasta-8-grados-bajo-cero-cayeron-en-el-oeste-de-la-pampa","status":"publish","type":"post","link":"https:\/\/infoecos.com.ar\/index.php\/heladas-de-hasta-8-grados-bajo-cero-cayeron-en-el-oeste-de-la-pampa\/","title":{"rendered":"Heladas de hasta 8 grados bajo cero cayeron en el oeste de La Pampa"},"content":{"rendered":"\n<p>Se registraron fuertes heladas en La Pampa. Las m\u00e1s importantes fueron en el oeste, donde el r\u00e9cord de temperatura m\u00ednima fue en La Reforma donde los term\u00f3metros marcaron 8\u00ba bajo cero, en El Carancho en El  -7.8, y -6.6 en 25 de Mayo.<\/p>\n\n\n\n<p>Al podio de mayores heladas, se\u00f1ala <strong>laaarena.com.ar<\/strong>, se sumaron otras localidades del oeste como Chacharramendi (-6.3); Jag\u00fcel del Monte (-6.4); Santa Isabel (-6.1); Victorica (-5); La Humada (-4.7); Puelches (-4.7), entre otras.<\/p>\n\n\n\n<figure class=\"wp-block-image aligncenter size-full\"><img loading=\"lazy\" decoding=\"async\" width=\"526\" height=\"450\" src=\"https:\/\/infoecos.com.ar\/wp-content\/uploads\/2026\/04\/LA-PAMPA-HELADAS-JEREMIAS-BARALDI.jpg\" alt=\"\" class=\"wp-image-157431\"\/><\/figure>\n","protected":false},"excerpt":{"rendered":"<p>Se registraron fuertes heladas en La Pampa. Las m\u00e1s importantes fueron en el oeste, donde&#8230;<\/p>\n","protected":false},"author":2,"featured_media":157431,"comment_status":"closed","ping_status":"open","sticky":false,"template":"","format":"standard","meta":{"footnotes":""},"categories":[1613],"tags":[10298,1750,155],"class_list":["post-157430","post","type-post","status-publish","format-standard","has-post-thumbnail","hentry","category-noticia-secundaria","tag-bloque-inferior","tag-deporte","tag-politica"],"yoast_head":"<!-- This site is optimized with the Yoast SEO plugin v23.4 - https:\/\/yoast.com\/wordpress\/plugins\/seo\/ -->\n<title>Heladas de hasta 8 grados bajo cero cayeron en el oeste de La Pampa - Infoecos<\/title>\n<meta name=\"robots\" content=\"index, follow, max-snippet:-1, max-image-preview:large, max-video-preview:-1\" \/>\n<link rel=\"canonical\" href=\"https:\/\/infoecos.com.ar\/index.php\/heladas-de-hasta-8-grados-bajo-cero-cayeron-en-el-oeste-de-la-pampa\/\" \/>\n<meta property=\"og:locale\" content=\"es_ES\" \/>\n<meta property=\"og:type\" content=\"article\" \/>\n<meta property=\"og:title\" content=\"Heladas de hasta 8 grados bajo cero cayeron en el oeste de La Pampa - Infoecos\" \/>\n<meta property=\"og:description\" content=\"Se registraron fuertes heladas en La Pampa. Las m\u00e1s importantes fueron en el oeste, donde...\" \/>\n<meta property=\"og:url\" content=\"https:\/\/infoecos.com.ar\/index.php\/heladas-de-hasta-8-grados-bajo-cero-cayeron-en-el-oeste-de-la-pampa\/\" \/>\n<meta property=\"og:site_name\" content=\"Infoecos\" \/>\n<meta property=\"article:publisher\" content=\"https:\/\/www.facebook.com\/profile.php?id=100063200290284\" \/>\n<meta property=\"article:published_time\" content=\"2026-04-27T21:52:14+00:00\" \/>\n<meta property=\"article:modified_time\" content=\"2026-04-28T05:29:07+00:00\" \/>\n<meta property=\"og:image\" content=\"https:\/\/infoecos.com.ar\/wp-content\/uploads\/2026\/04\/LA-PAMPA-HELADAS-JEREMIAS-BARALDI.jpg\" \/>\n\t<meta property=\"og:image:width\" content=\"526\" \/>\n\t<meta property=\"og:image:height\" content=\"450\" \/>\n\t<meta property=\"og:image:type\" content=\"image\/jpeg\" \/>\n<meta name=\"author\" content=\"Jorge Matheus\" \/>\n<meta name=\"twitter:card\" content=\"summary_large_image\" \/>\n<meta name=\"twitter:creator\" content=\"@infoecos\" \/>\n<meta name=\"twitter:site\" content=\"@infoecos\" \/>\n<meta name=\"twitter:label1\" content=\"Escrito por\" \/>\n\t<meta name=\"twitter:data1\" content=\"Jorge Matheus\" \/>\n\t<meta name=\"twitter:label2\" content=\"Tiempo de lectura\" \/>\n\t<meta name=\"twitter:data2\" content=\"1 minuto\" \/>\n<script type=\"application\/ld+json\" class=\"yoast-schema-graph\">{\"@context\":\"https:\/\/schema.org\",\"@graph\":[{\"@type\":\"Article\",\"@id\":\"https:\/\/infoecos.com.ar\/index.php\/heladas-de-hasta-8-grados-bajo-cero-cayeron-en-el-oeste-de-la-pampa\/#article\",\"isPartOf\":{\"@id\":\"https:\/\/infoecos.com.ar\/index.php\/heladas-de-hasta-8-grados-bajo-cero-cayeron-en-el-oeste-de-la-pampa\/\"},\"author\":{\"name\":\"Jorge Matheus\",\"@id\":\"https:\/\/infoecos.com.ar\/#\/schema\/person\/8f5ace5ce73b4b4aac4b7245aee6f191\"},\"headline\":\"Heladas de hasta 8 grados bajo cero cayeron en el oeste de La Pampa\",\"datePublished\":\"2026-04-27T21:52:14+00:00\",\"dateModified\":\"2026-04-28T05:29:07+00:00\",\"mainEntityOfPage\":{\"@id\":\"https:\/\/infoecos.com.ar\/index.php\/heladas-de-hasta-8-grados-bajo-cero-cayeron-en-el-oeste-de-la-pampa\/\"},\"wordCount\":94,\"publisher\":{\"@id\":\"https:\/\/infoecos.com.ar\/#organization\"},\"image\":{\"@id\":\"https:\/\/infoecos.com.ar\/index.php\/heladas-de-hasta-8-grados-bajo-cero-cayeron-en-el-oeste-de-la-pampa\/#primaryimage\"},\"thumbnailUrl\":\"https:\/\/infoecos.com.ar\/wp-content\/uploads\/2026\/04\/LA-PAMPA-HELADAS-JEREMIAS-BARALDI.jpg\",\"keywords\":[\"Bloque inferior\",\"DEPORTE\",\"POL\u00cdTICA\"],\"articleSection\":[\"Noticia Secundaria\"],\"inLanguage\":\"es\"},{\"@type\":\"WebPage\",\"@id\":\"https:\/\/infoecos.com.ar\/index.php\/heladas-de-hasta-8-grados-bajo-cero-cayeron-en-el-oeste-de-la-pampa\/\",\"url\":\"https:\/\/infoecos.com.ar\/index.php\/heladas-de-hasta-8-grados-bajo-cero-cayeron-en-el-oeste-de-la-pampa\/\",\"name\":\"Heladas de hasta 8 grados bajo cero cayeron en el oeste de La Pampa - Infoecos\",\"isPartOf\":{\"@id\":\"https:\/\/infoecos.com.ar\/#website\"},\"primaryImageOfPage\":{\"@id\":\"https:\/\/infoecos.com.ar\/index.php\/heladas-de-hasta-8-grados-bajo-cero-cayeron-en-el-oeste-de-la-pampa\/#primaryimage\"},\"image\":{\"@id\":\"https:\/\/infoecos.com.ar\/index.php\/heladas-de-hasta-8-grados-bajo-cero-cayeron-en-el-oeste-de-la-pampa\/#primaryimage\"},\"thumbnailUrl\":\"https:\/\/infoecos.com.ar\/wp-content\/uploads\/2026\/04\/LA-PAMPA-HELADAS-JEREMIAS-BARALDI.jpg\",\"datePublished\":\"2026-04-27T21:52:14+00:00\",\"dateModified\":\"2026-04-28T05:29:07+00:00\",\"breadcrumb\":{\"@id\":\"https:\/\/infoecos.com.ar\/index.php\/heladas-de-hasta-8-grados-bajo-cero-cayeron-en-el-oeste-de-la-pampa\/#breadcrumb\"},\"inLanguage\":\"es\",\"potentialAction\":[{\"@type\":\"ReadAction\",\"target\":[\"https:\/\/infoecos.com.ar\/index.php\/heladas-de-hasta-8-grados-bajo-cero-cayeron-en-el-oeste-de-la-pampa\/\"]}]},{\"@type\":\"ImageObject\",\"inLanguage\":\"es\",\"@id\":\"https:\/\/infoecos.com.ar\/index.php\/heladas-de-hasta-8-grados-bajo-cero-cayeron-en-el-oeste-de-la-pampa\/#primaryimage\",\"url\":\"https:\/\/infoecos.com.ar\/wp-content\/uploads\/2026\/04\/LA-PAMPA-HELADAS-JEREMIAS-BARALDI.jpg\",\"contentUrl\":\"https:\/\/infoecos.com.ar\/wp-content\/uploads\/2026\/04\/LA-PAMPA-HELADAS-JEREMIAS-BARALDI.jpg\",\"width\":526,\"height\":450},{\"@type\":\"BreadcrumbList\",\"@id\":\"https:\/\/infoecos.com.ar\/index.php\/heladas-de-hasta-8-grados-bajo-cero-cayeron-en-el-oeste-de-la-pampa\/#breadcrumb\",\"itemListElement\":[{\"@type\":\"ListItem\",\"position\":1,\"name\":\"Portada\",\"item\":\"https:\/\/infoecos.com.ar\/\"},{\"@type\":\"ListItem\",\"position\":2,\"name\":\"Heladas de hasta 8 grados bajo cero cayeron en el oeste de La Pampa\"}]},{\"@type\":\"WebSite\",\"@id\":\"https:\/\/infoecos.com.ar\/#website\",\"url\":\"https:\/\/infoecos.com.ar\/\",\"name\":\"Infoecos\",\"description\":\"Noticias de trenque lauquen y la zona\",\"publisher\":{\"@id\":\"https:\/\/infoecos.com.ar\/#organization\"},\"alternateName\":\"Noticias\",\"potentialAction\":[{\"@type\":\"SearchAction\",\"target\":{\"@type\":\"EntryPoint\",\"urlTemplate\":\"https:\/\/infoecos.com.ar\/?s={search_term_string}\"},\"query-input\":{\"@type\":\"PropertyValueSpecification\",\"valueRequired\":true,\"valueName\":\"search_term_string\"}}],\"inLanguage\":\"es\"},{\"@type\":\"Organization\",\"@id\":\"https:\/\/infoecos.com.ar\/#organization\",\"name\":\"Infoecos\",\"alternateName\":\"Noticias\",\"url\":\"https:\/\/infoecos.com.ar\/\",\"logo\":{\"@type\":\"ImageObject\",\"inLanguage\":\"es\",\"@id\":\"https:\/\/infoecos.com.ar\/#\/schema\/logo\/image\/\",\"url\":\"https:\/\/infoecos.com.ar\/wp-content\/uploads\/2024\/03\/cropped-logo.png\",\"contentUrl\":\"https:\/\/infoecos.com.ar\/wp-content\/uploads\/2024\/03\/cropped-logo.png\",\"width\":374,\"height\":90,\"caption\":\"Infoecos\"},\"image\":{\"@id\":\"https:\/\/infoecos.com.ar\/#\/schema\/logo\/image\/\"},\"sameAs\":[\"https:\/\/www.facebook.com\/profile.php?id=100063200290284\",\"https:\/\/x.com\/infoecos\"]},{\"@type\":\"Person\",\"@id\":\"https:\/\/infoecos.com.ar\/#\/schema\/person\/8f5ace5ce73b4b4aac4b7245aee6f191\",\"name\":\"Jorge Matheus\",\"url\":\"https:\/\/infoecos.com.ar\/index.php\/author\/jomatheus\/\"}]}<\/script>\n<!-- \/ Yoast SEO plugin. -->","yoast_head_json":{"title":"Heladas de hasta 8 grados bajo cero cayeron en el oeste de La Pampa - Infoecos","robots":{"index":"index","follow":"follow","max-snippet":"max-snippet:-1","max-image-preview":"max-image-preview:large","max-video-preview":"max-video-preview:-1"},"canonical":"https:\/\/infoecos.com.ar\/index.php\/heladas-de-hasta-8-grados-bajo-cero-cayeron-en-el-oeste-de-la-pampa\/","og_locale":"es_ES","og_type":"article","og_title":"Heladas de hasta 8 grados bajo cero cayeron en el oeste de La Pampa - Infoecos","og_description":"Se registraron fuertes heladas en La Pampa. Las m\u00e1s importantes fueron en el oeste, donde...","og_url":"https:\/\/infoecos.com.ar\/index.php\/heladas-de-hasta-8-grados-bajo-cero-cayeron-en-el-oeste-de-la-pampa\/","og_site_name":"Infoecos","article_publisher":"https:\/\/www.facebook.com\/profile.php?id=100063200290284","article_published_time":"2026-04-27T21:52:14+00:00","article_modified_time":"2026-04-28T05:29:07+00:00","og_image":[{"width":526,"height":450,"url":"https:\/\/infoecos.com.ar\/wp-content\/uploads\/2026\/04\/LA-PAMPA-HELADAS-JEREMIAS-BARALDI.jpg","type":"image\/jpeg"}],"author":"Jorge Matheus","twitter_card":"summary_large_image","twitter_creator":"@infoecos","twitter_site":"@infoecos","twitter_misc":{"Escrito por":"Jorge Matheus","Tiempo de lectura":"1 minuto"},"schema":{"@context":"https:\/\/schema.org","@graph":[{"@type":"Article","@id":"https:\/\/infoecos.com.ar\/index.php\/heladas-de-hasta-8-grados-bajo-cero-cayeron-en-el-oeste-de-la-pampa\/#article","isPartOf":{"@id":"https:\/\/infoecos.com.ar\/index.php\/heladas-de-hasta-8-grados-bajo-cero-cayeron-en-el-oeste-de-la-pampa\/"},"author":{"name":"Jorge Matheus","@id":"https:\/\/infoecos.com.ar\/#\/schema\/person\/8f5ace5ce73b4b4aac4b7245aee6f191"},"headline":"Heladas de hasta 8 grados bajo cero cayeron en el oeste de La Pampa","datePublished":"2026-04-27T21:52:14+00:00","dateModified":"2026-04-28T05:29:07+00:00","mainEntityOfPage":{"@id":"https:\/\/infoecos.com.ar\/index.php\/heladas-de-hasta-8-grados-bajo-cero-cayeron-en-el-oeste-de-la-pampa\/"},"wordCount":94,"publisher":{"@id":"https:\/\/infoecos.com.ar\/#organization"},"image":{"@id":"https:\/\/infoecos.com.ar\/index.php\/heladas-de-hasta-8-grados-bajo-cero-cayeron-en-el-oeste-de-la-pampa\/#primaryimage"},"thumbnailUrl":"https:\/\/infoecos.com.ar\/wp-content\/uploads\/2026\/04\/LA-PAMPA-HELADAS-JEREMIAS-BARALDI.jpg","keywords":["Bloque inferior","DEPORTE","POL\u00cdTICA"],"articleSection":["Noticia Secundaria"],"inLanguage":"es"},{"@type":"WebPage","@id":"https:\/\/infoecos.com.ar\/index.php\/heladas-de-hasta-8-grados-bajo-cero-cayeron-en-el-oeste-de-la-pampa\/","url":"https:\/\/infoecos.com.ar\/index.php\/heladas-de-hasta-8-grados-bajo-cero-cayeron-en-el-oeste-de-la-pampa\/","name":"Heladas de hasta 8 grados bajo cero cayeron en el oeste de La Pampa - Infoecos","isPartOf":{"@id":"https:\/\/infoecos.com.ar\/#website"},"primaryImageOfPage":{"@id":"https:\/\/infoecos.com.ar\/index.php\/heladas-de-hasta-8-grados-bajo-cero-cayeron-en-el-oeste-de-la-pampa\/#primaryimage"},"image":{"@id":"https:\/\/infoecos.com.ar\/index.php\/heladas-de-hasta-8-grados-bajo-cero-cayeron-en-el-oeste-de-la-pampa\/#primaryimage"},"thumbnailUrl":"https:\/\/infoecos.com.ar\/wp-content\/uploads\/2026\/04\/LA-PAMPA-HELADAS-JEREMIAS-BARALDI.jpg","datePublished":"2026-04-27T21:52:14+00:00","dateModified":"2026-04-28T05:29:07+00:00","breadcrumb":{"@id":"https:\/\/infoecos.com.ar\/index.php\/heladas-de-hasta-8-grados-bajo-cero-cayeron-en-el-oeste-de-la-pampa\/#breadcrumb"},"inLanguage":"es","potentialAction":[{"@type":"ReadAction","target":["https:\/\/infoecos.com.ar\/index.php\/heladas-de-hasta-8-grados-bajo-cero-cayeron-en-el-oeste-de-la-pampa\/"]}]},{"@type":"ImageObject","inLanguage":"es","@id":"https:\/\/infoecos.com.ar\/index.php\/heladas-de-hasta-8-grados-bajo-cero-cayeron-en-el-oeste-de-la-pampa\/#primaryimage","url":"https:\/\/infoecos.com.ar\/wp-content\/uploads\/2026\/04\/LA-PAMPA-HELADAS-JEREMIAS-BARALDI.jpg","contentUrl":"https:\/\/infoecos.com.ar\/wp-content\/uploads\/2026\/04\/LA-PAMPA-HELADAS-JEREMIAS-BARALDI.jpg","width":526,"height":450},{"@type":"BreadcrumbList","@id":"https:\/\/infoecos.com.ar\/index.php\/heladas-de-hasta-8-grados-bajo-cero-cayeron-en-el-oeste-de-la-pampa\/#breadcrumb","itemListElement":[{"@type":"ListItem","position":1,"name":"Portada","item":"https:\/\/infoecos.com.ar\/"},{"@type":"ListItem","position":2,"name":"Heladas de hasta 8 grados bajo cero cayeron en el oeste de La Pampa"}]},{"@type":"WebSite","@id":"https:\/\/infoecos.com.ar\/#website","url":"https:\/\/infoecos.com.ar\/","name":"Infoecos","description":"Noticias de trenque lauquen y la zona","publisher":{"@id":"https:\/\/infoecos.com.ar\/#organization"},"alternateName":"Noticias","potentialAction":[{"@type":"SearchAction","target":{"@type":"EntryPoint","urlTemplate":"https:\/\/infoecos.com.ar\/?s={search_term_string}"},"query-input":{"@type":"PropertyValueSpecification","valueRequired":true,"valueName":"search_term_string"}}],"inLanguage":"es"},{"@type":"Organization","@id":"https:\/\/infoecos.com.ar\/#organization","name":"Infoecos","alternateName":"Noticias","url":"https:\/\/infoecos.com.ar\/","logo":{"@type":"ImageObject","inLanguage":"es","@id":"https:\/\/infoecos.com.ar\/#\/schema\/logo\/image\/","url":"https:\/\/infoecos.com.ar\/wp-content\/uploads\/2024\/03\/cropped-logo.png","contentUrl":"https:\/\/infoecos.com.ar\/wp-content\/uploads\/2024\/03\/cropped-logo.png","width":374,"height":90,"caption":"Infoecos"},"image":{"@id":"https:\/\/infoecos.com.ar\/#\/schema\/logo\/image\/"},"sameAs":["https:\/\/www.facebook.com\/profile.php?id=100063200290284","https:\/\/x.com\/infoecos"]},{"@type":"Person","@id":"https:\/\/infoecos.com.ar\/#\/schema\/person\/8f5ace5ce73b4b4aac4b7245aee6f191","name":"Jorge Matheus","url":"https:\/\/infoecos.com.ar\/index.php\/author\/jomatheus\/"}]}},"featured_image_urls":{"full":["https:\/\/infoecos.com.ar\/wp-content\/uploads\/2026\/04\/LA-PAMPA-HELADAS-JEREMIAS-BARALDI.jpg",526,450,false],"thumbnail":["https:\/\/infoecos.com.ar\/wp-content\/uploads\/2026\/04\/LA-PAMPA-HELADAS-JEREMIAS-BARALDI-300x150.jpg",300,150,true],"medium":["https:\/\/infoecos.com.ar\/wp-content\/uploads\/2026\/04\/LA-PAMPA-HELADAS-JEREMIAS-BARALDI.jpg",526,450,false],"medium_large":["https:\/\/infoecos.com.ar\/wp-content\/uploads\/2026\/04\/LA-PAMPA-HELADAS-JEREMIAS-BARALDI.jpg",526,450,false],"large":["https:\/\/infoecos.com.ar\/wp-content\/uploads\/2026\/04\/LA-PAMPA-HELADAS-JEREMIAS-BARALDI.jpg",526,450,false],"1536x1536":["https:\/\/infoecos.com.ar\/wp-content\/uploads\/2026\/04\/LA-PAMPA-HELADAS-JEREMIAS-BARALDI.jpg",526,450,false],"2048x2048":["https:\/\/infoecos.com.ar\/wp-content\/uploads\/2026\/04\/LA-PAMPA-HELADAS-JEREMIAS-BARALDI.jpg",526,450,false],"covernews-slider-full":["https:\/\/infoecos.com.ar\/wp-content\/uploads\/2026\/04\/LA-PAMPA-HELADAS-JEREMIAS-BARALDI.jpg",526,450,false],"covernews-slider-center":["https:\/\/infoecos.com.ar\/wp-content\/uploads\/2026\/04\/LA-PAMPA-HELADAS-JEREMIAS-BARALDI.jpg",526,450,false],"covernews-featured":["https:\/\/infoecos.com.ar\/wp-content\/uploads\/2026\/04\/LA-PAMPA-HELADAS-JEREMIAS-BARALDI.jpg",526,450,false],"covernews-medium":["https:\/\/infoecos.com.ar\/wp-content\/uploads\/2026\/04\/LA-PAMPA-HELADAS-JEREMIAS-BARALDI-526x340.jpg",526,340,true],"covernews-medium-square":["https:\/\/infoecos.com.ar\/wp-content\/uploads\/2026\/04\/LA-PAMPA-HELADAS-JEREMIAS-BARALDI-400x250.jpg",400,250,true]},"author_info":{"info":["Jorge Matheus"]},"category_info":"<a href=\"https:\/\/infoecos.com.ar\/index.php\/category\/noticia-secundaria\/\" rel=\"category tag\">Noticia Secundaria<\/a>","tag_info":"Noticia Secundaria","comment_count":"0","_links":{"self":[{"href":"https:\/\/infoecos.com.ar\/index.php\/wp-json\/wp\/v2\/posts\/157430"}],"collection":[{"href":"https:\/\/infoecos.com.ar\/index.php\/wp-json\/wp\/v2\/posts"}],"about":[{"href":"https:\/\/infoecos.com.ar\/index.php\/wp-json\/wp\/v2\/types\/post"}],"author":[{"embeddable":true,"href":"https:\/\/infoecos.com.ar\/index.php\/wp-json\/wp\/v2\/users\/2"}],"replies":[{"embeddable":true,"href":"https:\/\/infoecos.com.ar\/index.php\/wp-json\/wp\/v2\/comments?post=157430"}],"version-history":[{"count":1,"href":"https:\/\/infoecos.com.ar\/index.php\/wp-json\/wp\/v2\/posts\/157430\/revisions"}],"predecessor-version":[{"id":157432,"href":"https:\/\/infoecos.com.ar\/index.php\/wp-json\/wp\/v2\/posts\/157430\/revisions\/157432"}],"wp:featuredmedia":[{"embeddable":true,"href":"https:\/\/infoecos.com.ar\/index.php\/wp-json\/wp\/v2\/media\/157431"}],"wp:attachment":[{"href":"https:\/\/infoecos.com.ar\/index.php\/wp-json\/wp\/v2\/media?parent=157430"}],"wp:term":[{"taxonomy":"category","embeddable":true,"href":"https:\/\/infoecos.com.ar\/index.php\/wp-json\/wp\/v2\/categories?post=157430"},{"taxonomy":"post_tag","embeddable":true,"href":"https:\/\/infoecos.com.ar\/index.php\/wp-json\/wp\/v2\/tags?post=157430"}],"curies":[{"name":"wp","href":"https:\/\/api.w.org\/{rel}","templated":true}]}}