{"id":157433,"date":"2026-04-28T01:24:30","date_gmt":"2026-04-28T04:24:30","guid":{"rendered":"https:\/\/infoecos.com.ar\/?p=157433"},"modified":"2026-04-28T01:24:31","modified_gmt":"2026-04-28T04:24:31","slug":"vuelco-de-un-camion-del-municipio-de-general-villegas-en-la-ruta-33-con-un-empleado-internado-por-lesiones-en-la-clavicula","status":"publish","type":"post","link":"https:\/\/infoecos.com.ar\/index.php\/vuelco-de-un-camion-del-municipio-de-general-villegas-en-la-ruta-33-con-un-empleado-internado-por-lesiones-en-la-clavicula\/","title":{"rendered":"Vuelco de un cami\u00f3n del municipio de General Villegas en la Ruta 33, con un empleado internado por lesiones en la clav\u00edcula"},"content":{"rendered":"\n<p>Un cami\u00f3n de la Municipalidad de General Villegas volc\u00f3 en la Ruta 33. Hubo dos empleados heridos, uno de los cuales se encuentra internado a ra\u00edz de lesiones en la clav\u00edcula. <\/p>\n\n\n\n<p>La causa del siniestro fue al producirse una brusca maniobra al borde de la banquina donde hay una diferencia significativa con la cinta asf\u00e1ltica. El veh\u00edculo municipal trasladaba una m\u00e1quina topadora en la caja volcadora. Los ocupantes del mismo salieron despedidos por el parabrisas, mientras que el equipo cay\u00f3 en el pr\u00e9stamo vial donde hay agua. El cami\u00f3n fue a dar en la mano contraria y la cabina sobre el pavimento. <\/p>\n\n\n\n<p>La ruta estuvo cortada por varias horas.<\/p>\n\n\n\n<p><strong>Fuentes consultadas: distritointerior.com.ar; Noticias en el Face y propias<\/strong><\/p>\n\n\n\n<figure class=\"wp-block-video\"><video controls src=\"https:\/\/infoecos.com.ar\/wp-content\/uploads\/2026\/04\/GENERAL-VILLEGAS-VUELCO-DE-UN-CAMION-MUNICIPAL-R33.mp4\"><\/video><\/figure>\n\n\n\n<p> <\/p>\n\n\n\n<figure class=\"wp-block-image aligncenter size-full\"><img loading=\"lazy\" decoding=\"async\" width=\"620\" height=\"300\" src=\"https:\/\/infoecos.com.ar\/wp-content\/uploads\/2026\/04\/image-249.png\" alt=\"\" class=\"wp-image-157435\"\/><\/figure>\n","protected":false},"excerpt":{"rendered":"<p>Un cami\u00f3n de la Municipalidad de General Villegas volc\u00f3 en la Ruta 33. Hubo dos&#8230;<\/p>\n","protected":false},"author":2,"featured_media":157435,"comment_status":"closed","ping_status":"open","sticky":false,"template":"","format":"standard","meta":{"footnotes":""},"categories":[1613],"tags":[10298,10291,155],"class_list":["post-157433","post","type-post","status-publish","format-standard","has-post-thumbnail","hentry","category-noticia-secundaria","tag-bloque-inferior","tag-nacional","tag-politica"],"yoast_head":"<!-- This site is optimized with the Yoast SEO plugin v23.4 - https:\/\/yoast.com\/wordpress\/plugins\/seo\/ -->\n<title>Vuelco de un cami\u00f3n del municipio de General Villegas en la Ruta 33, con un empleado internado por lesiones en la clav\u00edcula - Infoecos<\/title>\n<meta name=\"robots\" content=\"index, follow, max-snippet:-1, max-image-preview:large, max-video-preview:-1\" \/>\n<link rel=\"canonical\" href=\"https:\/\/infoecos.com.ar\/index.php\/vuelco-de-un-camion-del-municipio-de-general-villegas-en-la-ruta-33-con-un-empleado-internado-por-lesiones-en-la-clavicula\/\" \/>\n<meta property=\"og:locale\" content=\"es_ES\" \/>\n<meta property=\"og:type\" content=\"article\" \/>\n<meta property=\"og:title\" content=\"Vuelco de un cami\u00f3n del municipio de General Villegas en la Ruta 33, con un empleado internado por lesiones en la clav\u00edcula - Infoecos\" \/>\n<meta property=\"og:description\" content=\"Un cami\u00f3n de la Municipalidad de General Villegas volc\u00f3 en la Ruta 33. Hubo dos...\" \/>\n<meta property=\"og:url\" content=\"https:\/\/infoecos.com.ar\/index.php\/vuelco-de-un-camion-del-municipio-de-general-villegas-en-la-ruta-33-con-un-empleado-internado-por-lesiones-en-la-clavicula\/\" \/>\n<meta property=\"og:site_name\" content=\"Infoecos\" \/>\n<meta property=\"article:publisher\" content=\"https:\/\/www.facebook.com\/profile.php?id=100063200290284\" \/>\n<meta property=\"article:published_time\" content=\"2026-04-28T04:24:30+00:00\" \/>\n<meta property=\"article:modified_time\" content=\"2026-04-28T04:24:31+00:00\" \/>\n<meta property=\"og:image\" content=\"https:\/\/infoecos.com.ar\/wp-content\/uploads\/2026\/04\/image-249.png\" \/>\n\t<meta property=\"og:image:width\" content=\"620\" \/>\n\t<meta property=\"og:image:height\" content=\"300\" \/>\n\t<meta property=\"og:image:type\" content=\"image\/png\" \/>\n<meta name=\"author\" content=\"Jorge Matheus\" \/>\n<meta name=\"twitter:card\" content=\"summary_large_image\" \/>\n<meta name=\"twitter:creator\" content=\"@infoecos\" \/>\n<meta name=\"twitter:site\" content=\"@infoecos\" \/>\n<meta name=\"twitter:label1\" content=\"Escrito por\" \/>\n\t<meta name=\"twitter:data1\" content=\"Jorge Matheus\" \/>\n\t<meta name=\"twitter:label2\" content=\"Tiempo de lectura\" \/>\n\t<meta name=\"twitter:data2\" content=\"1 minuto\" \/>\n<script type=\"application\/ld+json\" class=\"yoast-schema-graph\">{\"@context\":\"https:\/\/schema.org\",\"@graph\":[{\"@type\":\"Article\",\"@id\":\"https:\/\/infoecos.com.ar\/index.php\/vuelco-de-un-camion-del-municipio-de-general-villegas-en-la-ruta-33-con-un-empleado-internado-por-lesiones-en-la-clavicula\/#article\",\"isPartOf\":{\"@id\":\"https:\/\/infoecos.com.ar\/index.php\/vuelco-de-un-camion-del-municipio-de-general-villegas-en-la-ruta-33-con-un-empleado-internado-por-lesiones-en-la-clavicula\/\"},\"author\":{\"name\":\"Jorge Matheus\",\"@id\":\"https:\/\/infoecos.com.ar\/#\/schema\/person\/8f5ace5ce73b4b4aac4b7245aee6f191\"},\"headline\":\"Vuelco de un cami\u00f3n del municipio de General Villegas en la Ruta 33, con un empleado internado por lesiones en la clav\u00edcula\",\"datePublished\":\"2026-04-28T04:24:30+00:00\",\"dateModified\":\"2026-04-28T04:24:31+00:00\",\"mainEntityOfPage\":{\"@id\":\"https:\/\/infoecos.com.ar\/index.php\/vuelco-de-un-camion-del-municipio-de-general-villegas-en-la-ruta-33-con-un-empleado-internado-por-lesiones-en-la-clavicula\/\"},\"wordCount\":150,\"publisher\":{\"@id\":\"https:\/\/infoecos.com.ar\/#organization\"},\"image\":{\"@id\":\"https:\/\/infoecos.com.ar\/index.php\/vuelco-de-un-camion-del-municipio-de-general-villegas-en-la-ruta-33-con-un-empleado-internado-por-lesiones-en-la-clavicula\/#primaryimage\"},\"thumbnailUrl\":\"https:\/\/infoecos.com.ar\/wp-content\/uploads\/2026\/04\/image-249.png\",\"keywords\":[\"Bloque inferior\",\"Nacional\",\"POL\u00cdTICA\"],\"articleSection\":[\"Noticia Secundaria\"],\"inLanguage\":\"es\"},{\"@type\":\"WebPage\",\"@id\":\"https:\/\/infoecos.com.ar\/index.php\/vuelco-de-un-camion-del-municipio-de-general-villegas-en-la-ruta-33-con-un-empleado-internado-por-lesiones-en-la-clavicula\/\",\"url\":\"https:\/\/infoecos.com.ar\/index.php\/vuelco-de-un-camion-del-municipio-de-general-villegas-en-la-ruta-33-con-un-empleado-internado-por-lesiones-en-la-clavicula\/\",\"name\":\"Vuelco de un cami\u00f3n del municipio de General Villegas en la Ruta 33, con un empleado internado por lesiones en la clav\u00edcula - Infoecos\",\"isPartOf\":{\"@id\":\"https:\/\/infoecos.com.ar\/#website\"},\"primaryImageOfPage\":{\"@id\":\"https:\/\/infoecos.com.ar\/index.php\/vuelco-de-un-camion-del-municipio-de-general-villegas-en-la-ruta-33-con-un-empleado-internado-por-lesiones-en-la-clavicula\/#primaryimage\"},\"image\":{\"@id\":\"https:\/\/infoecos.com.ar\/index.php\/vuelco-de-un-camion-del-municipio-de-general-villegas-en-la-ruta-33-con-un-empleado-internado-por-lesiones-en-la-clavicula\/#primaryimage\"},\"thumbnailUrl\":\"https:\/\/infoecos.com.ar\/wp-content\/uploads\/2026\/04\/image-249.png\",\"datePublished\":\"2026-04-28T04:24:30+00:00\",\"dateModified\":\"2026-04-28T04:24:31+00:00\",\"breadcrumb\":{\"@id\":\"https:\/\/infoecos.com.ar\/index.php\/vuelco-de-un-camion-del-municipio-de-general-villegas-en-la-ruta-33-con-un-empleado-internado-por-lesiones-en-la-clavicula\/#breadcrumb\"},\"inLanguage\":\"es\",\"potentialAction\":[{\"@type\":\"ReadAction\",\"target\":[\"https:\/\/infoecos.com.ar\/index.php\/vuelco-de-un-camion-del-municipio-de-general-villegas-en-la-ruta-33-con-un-empleado-internado-por-lesiones-en-la-clavicula\/\"]}]},{\"@type\":\"ImageObject\",\"inLanguage\":\"es\",\"@id\":\"https:\/\/infoecos.com.ar\/index.php\/vuelco-de-un-camion-del-municipio-de-general-villegas-en-la-ruta-33-con-un-empleado-internado-por-lesiones-en-la-clavicula\/#primaryimage\",\"url\":\"https:\/\/infoecos.com.ar\/wp-content\/uploads\/2026\/04\/image-249.png\",\"contentUrl\":\"https:\/\/infoecos.com.ar\/wp-content\/uploads\/2026\/04\/image-249.png\",\"width\":620,\"height\":300},{\"@type\":\"BreadcrumbList\",\"@id\":\"https:\/\/infoecos.com.ar\/index.php\/vuelco-de-un-camion-del-municipio-de-general-villegas-en-la-ruta-33-con-un-empleado-internado-por-lesiones-en-la-clavicula\/#breadcrumb\",\"itemListElement\":[{\"@type\":\"ListItem\",\"position\":1,\"name\":\"Portada\",\"item\":\"https:\/\/infoecos.com.ar\/\"},{\"@type\":\"ListItem\",\"position\":2,\"name\":\"Vuelco de un cami\u00f3n del municipio de General Villegas en la Ruta 33, con un empleado internado por lesiones en la clav\u00edcula\"}]},{\"@type\":\"WebSite\",\"@id\":\"https:\/\/infoecos.com.ar\/#website\",\"url\":\"https:\/\/infoecos.com.ar\/\",\"name\":\"Infoecos\",\"description\":\"Noticias de trenque lauquen y la zona\",\"publisher\":{\"@id\":\"https:\/\/infoecos.com.ar\/#organization\"},\"alternateName\":\"Noticias\",\"potentialAction\":[{\"@type\":\"SearchAction\",\"target\":{\"@type\":\"EntryPoint\",\"urlTemplate\":\"https:\/\/infoecos.com.ar\/?s={search_term_string}\"},\"query-input\":{\"@type\":\"PropertyValueSpecification\",\"valueRequired\":true,\"valueName\":\"search_term_string\"}}],\"inLanguage\":\"es\"},{\"@type\":\"Organization\",\"@id\":\"https:\/\/infoecos.com.ar\/#organization\",\"name\":\"Infoecos\",\"alternateName\":\"Noticias\",\"url\":\"https:\/\/infoecos.com.ar\/\",\"logo\":{\"@type\":\"ImageObject\",\"inLanguage\":\"es\",\"@id\":\"https:\/\/infoecos.com.ar\/#\/schema\/logo\/image\/\",\"url\":\"https:\/\/infoecos.com.ar\/wp-content\/uploads\/2024\/03\/cropped-logo.png\",\"contentUrl\":\"https:\/\/infoecos.com.ar\/wp-content\/uploads\/2024\/03\/cropped-logo.png\",\"width\":374,\"height\":90,\"caption\":\"Infoecos\"},\"image\":{\"@id\":\"https:\/\/infoecos.com.ar\/#\/schema\/logo\/image\/\"},\"sameAs\":[\"https:\/\/www.facebook.com\/profile.php?id=100063200290284\",\"https:\/\/x.com\/infoecos\"]},{\"@type\":\"Person\",\"@id\":\"https:\/\/infoecos.com.ar\/#\/schema\/person\/8f5ace5ce73b4b4aac4b7245aee6f191\",\"name\":\"Jorge Matheus\",\"url\":\"https:\/\/infoecos.com.ar\/index.php\/author\/jomatheus\/\"}]}<\/script>\n<!-- \/ Yoast SEO plugin. -->","yoast_head_json":{"title":"Vuelco de un cami\u00f3n del municipio de General Villegas en la Ruta 33, con un empleado internado por lesiones en la clav\u00edcula - Infoecos","robots":{"index":"index","follow":"follow","max-snippet":"max-snippet:-1","max-image-preview":"max-image-preview:large","max-video-preview":"max-video-preview:-1"},"canonical":"https:\/\/infoecos.com.ar\/index.php\/vuelco-de-un-camion-del-municipio-de-general-villegas-en-la-ruta-33-con-un-empleado-internado-por-lesiones-en-la-clavicula\/","og_locale":"es_ES","og_type":"article","og_title":"Vuelco de un cami\u00f3n del municipio de General Villegas en la Ruta 33, con un empleado internado por lesiones en la clav\u00edcula - Infoecos","og_description":"Un cami\u00f3n de la Municipalidad de General Villegas volc\u00f3 en la Ruta 33. Hubo dos...","og_url":"https:\/\/infoecos.com.ar\/index.php\/vuelco-de-un-camion-del-municipio-de-general-villegas-en-la-ruta-33-con-un-empleado-internado-por-lesiones-en-la-clavicula\/","og_site_name":"Infoecos","article_publisher":"https:\/\/www.facebook.com\/profile.php?id=100063200290284","article_published_time":"2026-04-28T04:24:30+00:00","article_modified_time":"2026-04-28T04:24:31+00:00","og_image":[{"width":620,"height":300,"url":"https:\/\/infoecos.com.ar\/wp-content\/uploads\/2026\/04\/image-249.png","type":"image\/png"}],"author":"Jorge Matheus","twitter_card":"summary_large_image","twitter_creator":"@infoecos","twitter_site":"@infoecos","twitter_misc":{"Escrito por":"Jorge Matheus","Tiempo de lectura":"1 minuto"},"schema":{"@context":"https:\/\/schema.org","@graph":[{"@type":"Article","@id":"https:\/\/infoecos.com.ar\/index.php\/vuelco-de-un-camion-del-municipio-de-general-villegas-en-la-ruta-33-con-un-empleado-internado-por-lesiones-en-la-clavicula\/#article","isPartOf":{"@id":"https:\/\/infoecos.com.ar\/index.php\/vuelco-de-un-camion-del-municipio-de-general-villegas-en-la-ruta-33-con-un-empleado-internado-por-lesiones-en-la-clavicula\/"},"author":{"name":"Jorge Matheus","@id":"https:\/\/infoecos.com.ar\/#\/schema\/person\/8f5ace5ce73b4b4aac4b7245aee6f191"},"headline":"Vuelco de un cami\u00f3n del municipio de General Villegas en la Ruta 33, con un empleado internado por lesiones en la clav\u00edcula","datePublished":"2026-04-28T04:24:30+00:00","dateModified":"2026-04-28T04:24:31+00:00","mainEntityOfPage":{"@id":"https:\/\/infoecos.com.ar\/index.php\/vuelco-de-un-camion-del-municipio-de-general-villegas-en-la-ruta-33-con-un-empleado-internado-por-lesiones-en-la-clavicula\/"},"wordCount":150,"publisher":{"@id":"https:\/\/infoecos.com.ar\/#organization"},"image":{"@id":"https:\/\/infoecos.com.ar\/index.php\/vuelco-de-un-camion-del-municipio-de-general-villegas-en-la-ruta-33-con-un-empleado-internado-por-lesiones-en-la-clavicula\/#primaryimage"},"thumbnailUrl":"https:\/\/infoecos.com.ar\/wp-content\/uploads\/2026\/04\/image-249.png","keywords":["Bloque inferior","Nacional","POL\u00cdTICA"],"articleSection":["Noticia Secundaria"],"inLanguage":"es"},{"@type":"WebPage","@id":"https:\/\/infoecos.com.ar\/index.php\/vuelco-de-un-camion-del-municipio-de-general-villegas-en-la-ruta-33-con-un-empleado-internado-por-lesiones-en-la-clavicula\/","url":"https:\/\/infoecos.com.ar\/index.php\/vuelco-de-un-camion-del-municipio-de-general-villegas-en-la-ruta-33-con-un-empleado-internado-por-lesiones-en-la-clavicula\/","name":"Vuelco de un cami\u00f3n del municipio de General Villegas en la Ruta 33, con un empleado internado por lesiones en la clav\u00edcula - Infoecos","isPartOf":{"@id":"https:\/\/infoecos.com.ar\/#website"},"primaryImageOfPage":{"@id":"https:\/\/infoecos.com.ar\/index.php\/vuelco-de-un-camion-del-municipio-de-general-villegas-en-la-ruta-33-con-un-empleado-internado-por-lesiones-en-la-clavicula\/#primaryimage"},"image":{"@id":"https:\/\/infoecos.com.ar\/index.php\/vuelco-de-un-camion-del-municipio-de-general-villegas-en-la-ruta-33-con-un-empleado-internado-por-lesiones-en-la-clavicula\/#primaryimage"},"thumbnailUrl":"https:\/\/infoecos.com.ar\/wp-content\/uploads\/2026\/04\/image-249.png","datePublished":"2026-04-28T04:24:30+00:00","dateModified":"2026-04-28T04:24:31+00:00","breadcrumb":{"@id":"https:\/\/infoecos.com.ar\/index.php\/vuelco-de-un-camion-del-municipio-de-general-villegas-en-la-ruta-33-con-un-empleado-internado-por-lesiones-en-la-clavicula\/#breadcrumb"},"inLanguage":"es","potentialAction":[{"@type":"ReadAction","target":["https:\/\/infoecos.com.ar\/index.php\/vuelco-de-un-camion-del-municipio-de-general-villegas-en-la-ruta-33-con-un-empleado-internado-por-lesiones-en-la-clavicula\/"]}]},{"@type":"ImageObject","inLanguage":"es","@id":"https:\/\/infoecos.com.ar\/index.php\/vuelco-de-un-camion-del-municipio-de-general-villegas-en-la-ruta-33-con-un-empleado-internado-por-lesiones-en-la-clavicula\/#primaryimage","url":"https:\/\/infoecos.com.ar\/wp-content\/uploads\/2026\/04\/image-249.png","contentUrl":"https:\/\/infoecos.com.ar\/wp-content\/uploads\/2026\/04\/image-249.png","width":620,"height":300},{"@type":"BreadcrumbList","@id":"https:\/\/infoecos.com.ar\/index.php\/vuelco-de-un-camion-del-municipio-de-general-villegas-en-la-ruta-33-con-un-empleado-internado-por-lesiones-en-la-clavicula\/#breadcrumb","itemListElement":[{"@type":"ListItem","position":1,"name":"Portada","item":"https:\/\/infoecos.com.ar\/"},{"@type":"ListItem","position":2,"name":"Vuelco de un cami\u00f3n del municipio de General Villegas en la Ruta 33, con un empleado internado por lesiones en la clav\u00edcula"}]},{"@type":"WebSite","@id":"https:\/\/infoecos.com.ar\/#website","url":"https:\/\/infoecos.com.ar\/","name":"Infoecos","description":"Noticias de trenque lauquen y la zona","publisher":{"@id":"https:\/\/infoecos.com.ar\/#organization"},"alternateName":"Noticias","potentialAction":[{"@type":"SearchAction","target":{"@type":"EntryPoint","urlTemplate":"https:\/\/infoecos.com.ar\/?s={search_term_string}"},"query-input":{"@type":"PropertyValueSpecification","valueRequired":true,"valueName":"search_term_string"}}],"inLanguage":"es"},{"@type":"Organization","@id":"https:\/\/infoecos.com.ar\/#organization","name":"Infoecos","alternateName":"Noticias","url":"https:\/\/infoecos.com.ar\/","logo":{"@type":"ImageObject","inLanguage":"es","@id":"https:\/\/infoecos.com.ar\/#\/schema\/logo\/image\/","url":"https:\/\/infoecos.com.ar\/wp-content\/uploads\/2024\/03\/cropped-logo.png","contentUrl":"https:\/\/infoecos.com.ar\/wp-content\/uploads\/2024\/03\/cropped-logo.png","width":374,"height":90,"caption":"Infoecos"},"image":{"@id":"https:\/\/infoecos.com.ar\/#\/schema\/logo\/image\/"},"sameAs":["https:\/\/www.facebook.com\/profile.php?id=100063200290284","https:\/\/x.com\/infoecos"]},{"@type":"Person","@id":"https:\/\/infoecos.com.ar\/#\/schema\/person\/8f5ace5ce73b4b4aac4b7245aee6f191","name":"Jorge Matheus","url":"https:\/\/infoecos.com.ar\/index.php\/author\/jomatheus\/"}]}},"featured_image_urls":{"full":["https:\/\/infoecos.com.ar\/wp-content\/uploads\/2026\/04\/image-249.png",620,300,false],"thumbnail":["https:\/\/infoecos.com.ar\/wp-content\/uploads\/2026\/04\/image-249-300x150.png",300,150,true],"medium":["https:\/\/infoecos.com.ar\/wp-content\/uploads\/2026\/04\/image-249.png",620,300,false],"medium_large":["https:\/\/infoecos.com.ar\/wp-content\/uploads\/2026\/04\/image-249.png",620,300,false],"large":["https:\/\/infoecos.com.ar\/wp-content\/uploads\/2026\/04\/image-249.png",620,300,false],"1536x1536":["https:\/\/infoecos.com.ar\/wp-content\/uploads\/2026\/04\/image-249.png",620,300,false],"2048x2048":["https:\/\/infoecos.com.ar\/wp-content\/uploads\/2026\/04\/image-249.png",620,300,false],"covernews-slider-full":["https:\/\/infoecos.com.ar\/wp-content\/uploads\/2026\/04\/image-249.png",620,300,false],"covernews-slider-center":["https:\/\/infoecos.com.ar\/wp-content\/uploads\/2026\/04\/image-249.png",620,300,false],"covernews-featured":["https:\/\/infoecos.com.ar\/wp-content\/uploads\/2026\/04\/image-249.png",620,300,false],"covernews-medium":["https:\/\/infoecos.com.ar\/wp-content\/uploads\/2026\/04\/image-249-540x300.png",540,300,true],"covernews-medium-square":["https:\/\/infoecos.com.ar\/wp-content\/uploads\/2026\/04\/image-249-400x250.png",400,250,true]},"author_info":{"info":["Jorge Matheus"]},"category_info":"<a href=\"https:\/\/infoecos.com.ar\/index.php\/category\/noticia-secundaria\/\" rel=\"category tag\">Noticia Secundaria<\/a>","tag_info":"Noticia Secundaria","comment_count":"0","_links":{"self":[{"href":"https:\/\/infoecos.com.ar\/index.php\/wp-json\/wp\/v2\/posts\/157433"}],"collection":[{"href":"https:\/\/infoecos.com.ar\/index.php\/wp-json\/wp\/v2\/posts"}],"about":[{"href":"https:\/\/infoecos.com.ar\/index.php\/wp-json\/wp\/v2\/types\/post"}],"author":[{"embeddable":true,"href":"https:\/\/infoecos.com.ar\/index.php\/wp-json\/wp\/v2\/users\/2"}],"replies":[{"embeddable":true,"href":"https:\/\/infoecos.com.ar\/index.php\/wp-json\/wp\/v2\/comments?post=157433"}],"version-history":[{"count":1,"href":"https:\/\/infoecos.com.ar\/index.php\/wp-json\/wp\/v2\/posts\/157433\/revisions"}],"predecessor-version":[{"id":157436,"href":"https:\/\/infoecos.com.ar\/index.php\/wp-json\/wp\/v2\/posts\/157433\/revisions\/157436"}],"wp:featuredmedia":[{"embeddable":true,"href":"https:\/\/infoecos.com.ar\/index.php\/wp-json\/wp\/v2\/media\/157435"}],"wp:attachment":[{"href":"https:\/\/infoecos.com.ar\/index.php\/wp-json\/wp\/v2\/media?parent=157433"}],"wp:term":[{"taxonomy":"category","embeddable":true,"href":"https:\/\/infoecos.com.ar\/index.php\/wp-json\/wp\/v2\/categories?post=157433"},{"taxonomy":"post_tag","embeddable":true,"href":"https:\/\/infoecos.com.ar\/index.php\/wp-json\/wp\/v2\/tags?post=157433"}],"curies":[{"name":"wp","href":"https:\/\/api.w.org\/{rel}","templated":true}]}}