{"id":157437,"date":"2026-04-28T01:58:39","date_gmt":"2026-04-28T04:58:39","guid":{"rendered":"https:\/\/infoecos.com.ar\/?p=157437"},"modified":"2026-04-28T02:04:06","modified_gmt":"2026-04-28T05:04:06","slug":"157437","status":"publish","type":"post","link":"https:\/\/infoecos.com.ar\/index.php\/157437\/","title":{"rendered":"Primer estudio nacional dise\u00f1ado espec\u00edficamente para conocer c\u00f3mo se manifiesta, se diagnostica y se trata la insuficiencia card\u00edaca"},"content":{"rendered":"\n<figure class=\"wp-block-image size-full\"><img loading=\"lazy\" decoding=\"async\" width=\"1080\" height=\"182\" src=\"https:\/\/infoecos.com.ar\/wp-content\/uploads\/2026\/04\/image-250.png\" alt=\"\" class=\"wp-image-157438\" srcset=\"https:\/\/infoecos.com.ar\/wp-content\/uploads\/2026\/04\/image-250.png 1080w, https:\/\/infoecos.com.ar\/wp-content\/uploads\/2026\/04\/image-250-800x135.png 800w, https:\/\/infoecos.com.ar\/wp-content\/uploads\/2026\/04\/image-250-768x129.png 768w, https:\/\/infoecos.com.ar\/wp-content\/uploads\/2026\/04\/image-250-1024x173.png 1024w\" sizes=\"(max-width: 1080px) 100vw, 1080px\" \/><\/figure>\n\n\n\n<p>La <strong>Federaci\u00f3n Argentina de Cardiolog\u00eda (FAC) present\u00f3 los resultados finales del Registro ARFEY-Preser, el primer estudio nacional <\/strong>dise\u00f1ado espec\u00edficamente para conocer c\u00f3mo se manifiesta, se diagnostica y se trata la insuficiencia card\u00edaca con funci\u00f3n card\u00edaca preservada, una forma frecuente pero poco estudiada de esta enfermedad.<\/p>\n\n\n\n<p>La insuficiencia card\u00edaca es una condici\u00f3n en la que el coraz\u00f3n no puede funcionar de manera adecuada. En muchos pacientes, el problema no est\u00e1 en la fuerza de contracci\u00f3n, sino en la capacidad del coraz\u00f3n para relajarse y llenarse correctamente. \u201cEsta forma, llamada insuficiencia card\u00edaca con fracci\u00f3n de eyecci\u00f3n preservada, representa actualmente m\u00e1s de la mitad de los casos y est\u00e1 en aumento debido al envejecimiento de la poblaci\u00f3n\u201d, se\u00f1ala el <strong>Dr. Eduardo Perna (MP 1971), cardi\u00f3logo integrante de la FAC<\/strong>.<\/p>\n\n\n\n<p><a><\/a>El registro incluy\u00f3 a <strong>638 pacientes de 18 provincias argentinas<\/strong>, con una <strong>edad promedio de 72 a\u00f1os<\/strong>. Hubo un <strong>predominio de mujeres<\/strong> y casi todos presentaban <strong>m\u00faltiples enfermedades asociadas, como hipertensi\u00f3n arterial, diabetes, obesidad o enfermedad renal.<\/strong> \u201cEste hallazgo confirma que se trata de una patolog\u00eda compleja, que no depende de una sola causa sino de la combinaci\u00f3n de varios factores de riesgo, dice la<strong> Dra. Lorena Coronel (MP 4458),<\/strong> cardi\u00f3loga que tambi\u00e9n forma parte de la instituci\u00f3n.<\/p>\n\n\n\n<p>Uno de los aspectos m\u00e1s relevantes del estudio fue evidenciar c\u00f3mo se eval\u00faa esta enfermedad en la pr\u00e1ctica real. Si bien todos los pacientes contaron con estudios b\u00e1sicos como electrocardiograma y ecocardiograma, se observ\u00f3 un uso limitado de m\u00e9todos m\u00e1s avanzados que permiten identificar con mayor precisi\u00f3n las causas subyacentes.<br><br>En cuanto al tratamiento, Perna recalca que \u201cel estudio mostr\u00f3 que, aunque se utilizan ampliamente medicamentos tradicionales, las terapias m\u00e1s modernas a\u00fan no se emplean en todos los pacientes que podr\u00edan beneficiarse. Sin embargo, se observ\u00f3 una tendencia positiva en su utilizaci\u00f3n durante el seguimiento\u201d.<\/p>\n\n\n\n<p>En relaci\u00f3n con la evoluci\u00f3n, aproximadamente 1 de cada 10 pacientes fue internado por insuficiencia card\u00edaca en el primer a\u00f1o y la mortalidad anual fue del 7%. Estos datos ponen de manifiesto que, a pesar de los avances, la enfermedad contin\u00faa teniendo un impacto significativo en la salud de la poblaci\u00f3n.<\/p>\n\n\n\n<p>Desde la FAC destacan que este registro permite conocer con mayor precisi\u00f3n la realidad del pa\u00eds y detectar brechas entre la pr\u00e1ctica cl\u00ednica y las recomendaciones internacionales. Esto resulta fundamental para mejorar la atenci\u00f3n y la calidad de vida de los pacientes.<\/p>\n","protected":false},"excerpt":{"rendered":"<p>La Federaci\u00f3n Argentina de Cardiolog\u00eda (FAC) present\u00f3 los resultados finales del Registro ARFEY-Preser, el primer&#8230;<\/p>\n","protected":false},"author":2,"featured_media":157440,"comment_status":"closed","ping_status":"open","sticky":false,"template":"","format":"standard","meta":{"footnotes":""},"categories":[1613],"tags":[10298,10291,156],"class_list":["post-157437","post","type-post","status-publish","format-standard","has-post-thumbnail","hentry","category-noticia-secundaria","tag-bloque-inferior","tag-nacional","tag-salud"],"yoast_head":"<!-- This site is optimized with the Yoast SEO plugin v23.4 - https:\/\/yoast.com\/wordpress\/plugins\/seo\/ -->\n<title>Primer estudio nacional dise\u00f1ado espec\u00edficamente para conocer c\u00f3mo se manifiesta, se diagnostica y se trata la insuficiencia card\u00edaca - Infoecos<\/title>\n<meta name=\"robots\" content=\"index, follow, max-snippet:-1, max-image-preview:large, max-video-preview:-1\" \/>\n<link rel=\"canonical\" href=\"https:\/\/infoecos.com.ar\/index.php\/157437\/\" \/>\n<meta property=\"og:locale\" content=\"es_ES\" \/>\n<meta property=\"og:type\" content=\"article\" \/>\n<meta property=\"og:title\" content=\"Primer estudio nacional dise\u00f1ado espec\u00edficamente para conocer c\u00f3mo se manifiesta, se diagnostica y se trata la insuficiencia card\u00edaca - Infoecos\" \/>\n<meta property=\"og:description\" content=\"La Federaci\u00f3n Argentina de Cardiolog\u00eda (FAC) present\u00f3 los resultados finales del Registro ARFEY-Preser, el primer...\" \/>\n<meta property=\"og:url\" content=\"https:\/\/infoecos.com.ar\/index.php\/157437\/\" \/>\n<meta property=\"og:site_name\" content=\"Infoecos\" \/>\n<meta property=\"article:publisher\" content=\"https:\/\/www.facebook.com\/profile.php?id=100063200290284\" \/>\n<meta property=\"article:published_time\" content=\"2026-04-28T04:58:39+00:00\" \/>\n<meta property=\"article:modified_time\" content=\"2026-04-28T05:04:06+00:00\" \/>\n<meta property=\"og:image\" content=\"https:\/\/infoecos.com.ar\/wp-content\/uploads\/2026\/04\/Diseno-Sin-Titulo-1-Editada.png\" \/>\n\t<meta property=\"og:image:width\" content=\"182\" \/>\n\t<meta property=\"og:image:height\" content=\"182\" \/>\n\t<meta property=\"og:image:type\" content=\"image\/png\" \/>\n<meta name=\"author\" content=\"Jorge Matheus\" \/>\n<meta name=\"twitter:card\" content=\"summary_large_image\" \/>\n<meta name=\"twitter:creator\" content=\"@infoecos\" \/>\n<meta name=\"twitter:site\" content=\"@infoecos\" \/>\n<meta name=\"twitter:label1\" content=\"Escrito por\" \/>\n\t<meta name=\"twitter:data1\" content=\"Jorge Matheus\" \/>\n\t<meta name=\"twitter:label2\" content=\"Tiempo de lectura\" \/>\n\t<meta name=\"twitter:data2\" content=\"3 minutos\" \/>\n<script type=\"application\/ld+json\" class=\"yoast-schema-graph\">{\"@context\":\"https:\/\/schema.org\",\"@graph\":[{\"@type\":\"Article\",\"@id\":\"https:\/\/infoecos.com.ar\/index.php\/157437\/#article\",\"isPartOf\":{\"@id\":\"https:\/\/infoecos.com.ar\/index.php\/157437\/\"},\"author\":{\"name\":\"Jorge Matheus\",\"@id\":\"https:\/\/infoecos.com.ar\/#\/schema\/person\/8f5ace5ce73b4b4aac4b7245aee6f191\"},\"headline\":\"Primer estudio nacional dise\u00f1ado espec\u00edficamente para conocer c\u00f3mo se manifiesta, se diagnostica y se trata la insuficiencia card\u00edaca\",\"datePublished\":\"2026-04-28T04:58:39+00:00\",\"dateModified\":\"2026-04-28T05:04:06+00:00\",\"mainEntityOfPage\":{\"@id\":\"https:\/\/infoecos.com.ar\/index.php\/157437\/\"},\"wordCount\":457,\"publisher\":{\"@id\":\"https:\/\/infoecos.com.ar\/#organization\"},\"image\":{\"@id\":\"https:\/\/infoecos.com.ar\/index.php\/157437\/#primaryimage\"},\"thumbnailUrl\":\"https:\/\/infoecos.com.ar\/wp-content\/uploads\/2026\/04\/Diseno-Sin-Titulo-1-Editada.png\",\"keywords\":[\"Bloque inferior\",\"Nacional\",\"SALUD\"],\"articleSection\":[\"Noticia Secundaria\"],\"inLanguage\":\"es\"},{\"@type\":\"WebPage\",\"@id\":\"https:\/\/infoecos.com.ar\/index.php\/157437\/\",\"url\":\"https:\/\/infoecos.com.ar\/index.php\/157437\/\",\"name\":\"Primer estudio nacional dise\u00f1ado espec\u00edficamente para conocer c\u00f3mo se manifiesta, se diagnostica y se trata la insuficiencia card\u00edaca - Infoecos\",\"isPartOf\":{\"@id\":\"https:\/\/infoecos.com.ar\/#website\"},\"primaryImageOfPage\":{\"@id\":\"https:\/\/infoecos.com.ar\/index.php\/157437\/#primaryimage\"},\"image\":{\"@id\":\"https:\/\/infoecos.com.ar\/index.php\/157437\/#primaryimage\"},\"thumbnailUrl\":\"https:\/\/infoecos.com.ar\/wp-content\/uploads\/2026\/04\/Diseno-Sin-Titulo-1-Editada.png\",\"datePublished\":\"2026-04-28T04:58:39+00:00\",\"dateModified\":\"2026-04-28T05:04:06+00:00\",\"breadcrumb\":{\"@id\":\"https:\/\/infoecos.com.ar\/index.php\/157437\/#breadcrumb\"},\"inLanguage\":\"es\",\"potentialAction\":[{\"@type\":\"ReadAction\",\"target\":[\"https:\/\/infoecos.com.ar\/index.php\/157437\/\"]}]},{\"@type\":\"ImageObject\",\"inLanguage\":\"es\",\"@id\":\"https:\/\/infoecos.com.ar\/index.php\/157437\/#primaryimage\",\"url\":\"https:\/\/infoecos.com.ar\/wp-content\/uploads\/2026\/04\/Diseno-Sin-Titulo-1-Editada.png\",\"contentUrl\":\"https:\/\/infoecos.com.ar\/wp-content\/uploads\/2026\/04\/Diseno-Sin-Titulo-1-Editada.png\",\"width\":182,\"height\":182},{\"@type\":\"BreadcrumbList\",\"@id\":\"https:\/\/infoecos.com.ar\/index.php\/157437\/#breadcrumb\",\"itemListElement\":[{\"@type\":\"ListItem\",\"position\":1,\"name\":\"Portada\",\"item\":\"https:\/\/infoecos.com.ar\/\"},{\"@type\":\"ListItem\",\"position\":2,\"name\":\"Primer estudio nacional dise\u00f1ado espec\u00edficamente para conocer c\u00f3mo se manifiesta, se diagnostica y se trata la insuficiencia card\u00edaca\"}]},{\"@type\":\"WebSite\",\"@id\":\"https:\/\/infoecos.com.ar\/#website\",\"url\":\"https:\/\/infoecos.com.ar\/\",\"name\":\"Infoecos\",\"description\":\"Noticias de trenque lauquen y la zona\",\"publisher\":{\"@id\":\"https:\/\/infoecos.com.ar\/#organization\"},\"alternateName\":\"Noticias\",\"potentialAction\":[{\"@type\":\"SearchAction\",\"target\":{\"@type\":\"EntryPoint\",\"urlTemplate\":\"https:\/\/infoecos.com.ar\/?s={search_term_string}\"},\"query-input\":{\"@type\":\"PropertyValueSpecification\",\"valueRequired\":true,\"valueName\":\"search_term_string\"}}],\"inLanguage\":\"es\"},{\"@type\":\"Organization\",\"@id\":\"https:\/\/infoecos.com.ar\/#organization\",\"name\":\"Infoecos\",\"alternateName\":\"Noticias\",\"url\":\"https:\/\/infoecos.com.ar\/\",\"logo\":{\"@type\":\"ImageObject\",\"inLanguage\":\"es\",\"@id\":\"https:\/\/infoecos.com.ar\/#\/schema\/logo\/image\/\",\"url\":\"https:\/\/infoecos.com.ar\/wp-content\/uploads\/2024\/03\/cropped-logo.png\",\"contentUrl\":\"https:\/\/infoecos.com.ar\/wp-content\/uploads\/2024\/03\/cropped-logo.png\",\"width\":374,\"height\":90,\"caption\":\"Infoecos\"},\"image\":{\"@id\":\"https:\/\/infoecos.com.ar\/#\/schema\/logo\/image\/\"},\"sameAs\":[\"https:\/\/www.facebook.com\/profile.php?id=100063200290284\",\"https:\/\/x.com\/infoecos\"]},{\"@type\":\"Person\",\"@id\":\"https:\/\/infoecos.com.ar\/#\/schema\/person\/8f5ace5ce73b4b4aac4b7245aee6f191\",\"name\":\"Jorge Matheus\",\"url\":\"https:\/\/infoecos.com.ar\/index.php\/author\/jomatheus\/\"}]}<\/script>\n<!-- \/ Yoast SEO plugin. -->","yoast_head_json":{"title":"Primer estudio nacional dise\u00f1ado espec\u00edficamente para conocer c\u00f3mo se manifiesta, se diagnostica y se trata la insuficiencia card\u00edaca - Infoecos","robots":{"index":"index","follow":"follow","max-snippet":"max-snippet:-1","max-image-preview":"max-image-preview:large","max-video-preview":"max-video-preview:-1"},"canonical":"https:\/\/infoecos.com.ar\/index.php\/157437\/","og_locale":"es_ES","og_type":"article","og_title":"Primer estudio nacional dise\u00f1ado espec\u00edficamente para conocer c\u00f3mo se manifiesta, se diagnostica y se trata la insuficiencia card\u00edaca - Infoecos","og_description":"La Federaci\u00f3n Argentina de Cardiolog\u00eda (FAC) present\u00f3 los resultados finales del Registro ARFEY-Preser, el primer...","og_url":"https:\/\/infoecos.com.ar\/index.php\/157437\/","og_site_name":"Infoecos","article_publisher":"https:\/\/www.facebook.com\/profile.php?id=100063200290284","article_published_time":"2026-04-28T04:58:39+00:00","article_modified_time":"2026-04-28T05:04:06+00:00","og_image":[{"width":182,"height":182,"url":"https:\/\/infoecos.com.ar\/wp-content\/uploads\/2026\/04\/Diseno-Sin-Titulo-1-Editada.png","type":"image\/png"}],"author":"Jorge Matheus","twitter_card":"summary_large_image","twitter_creator":"@infoecos","twitter_site":"@infoecos","twitter_misc":{"Escrito por":"Jorge Matheus","Tiempo de lectura":"3 minutos"},"schema":{"@context":"https:\/\/schema.org","@graph":[{"@type":"Article","@id":"https:\/\/infoecos.com.ar\/index.php\/157437\/#article","isPartOf":{"@id":"https:\/\/infoecos.com.ar\/index.php\/157437\/"},"author":{"name":"Jorge Matheus","@id":"https:\/\/infoecos.com.ar\/#\/schema\/person\/8f5ace5ce73b4b4aac4b7245aee6f191"},"headline":"Primer estudio nacional dise\u00f1ado espec\u00edficamente para conocer c\u00f3mo se manifiesta, se diagnostica y se trata la insuficiencia card\u00edaca","datePublished":"2026-04-28T04:58:39+00:00","dateModified":"2026-04-28T05:04:06+00:00","mainEntityOfPage":{"@id":"https:\/\/infoecos.com.ar\/index.php\/157437\/"},"wordCount":457,"publisher":{"@id":"https:\/\/infoecos.com.ar\/#organization"},"image":{"@id":"https:\/\/infoecos.com.ar\/index.php\/157437\/#primaryimage"},"thumbnailUrl":"https:\/\/infoecos.com.ar\/wp-content\/uploads\/2026\/04\/Diseno-Sin-Titulo-1-Editada.png","keywords":["Bloque inferior","Nacional","SALUD"],"articleSection":["Noticia Secundaria"],"inLanguage":"es"},{"@type":"WebPage","@id":"https:\/\/infoecos.com.ar\/index.php\/157437\/","url":"https:\/\/infoecos.com.ar\/index.php\/157437\/","name":"Primer estudio nacional dise\u00f1ado espec\u00edficamente para conocer c\u00f3mo se manifiesta, se diagnostica y se trata la insuficiencia card\u00edaca - Infoecos","isPartOf":{"@id":"https:\/\/infoecos.com.ar\/#website"},"primaryImageOfPage":{"@id":"https:\/\/infoecos.com.ar\/index.php\/157437\/#primaryimage"},"image":{"@id":"https:\/\/infoecos.com.ar\/index.php\/157437\/#primaryimage"},"thumbnailUrl":"https:\/\/infoecos.com.ar\/wp-content\/uploads\/2026\/04\/Diseno-Sin-Titulo-1-Editada.png","datePublished":"2026-04-28T04:58:39+00:00","dateModified":"2026-04-28T05:04:06+00:00","breadcrumb":{"@id":"https:\/\/infoecos.com.ar\/index.php\/157437\/#breadcrumb"},"inLanguage":"es","potentialAction":[{"@type":"ReadAction","target":["https:\/\/infoecos.com.ar\/index.php\/157437\/"]}]},{"@type":"ImageObject","inLanguage":"es","@id":"https:\/\/infoecos.com.ar\/index.php\/157437\/#primaryimage","url":"https:\/\/infoecos.com.ar\/wp-content\/uploads\/2026\/04\/Diseno-Sin-Titulo-1-Editada.png","contentUrl":"https:\/\/infoecos.com.ar\/wp-content\/uploads\/2026\/04\/Diseno-Sin-Titulo-1-Editada.png","width":182,"height":182},{"@type":"BreadcrumbList","@id":"https:\/\/infoecos.com.ar\/index.php\/157437\/#breadcrumb","itemListElement":[{"@type":"ListItem","position":1,"name":"Portada","item":"https:\/\/infoecos.com.ar\/"},{"@type":"ListItem","position":2,"name":"Primer estudio nacional dise\u00f1ado espec\u00edficamente para conocer c\u00f3mo se manifiesta, se diagnostica y se trata la insuficiencia card\u00edaca"}]},{"@type":"WebSite","@id":"https:\/\/infoecos.com.ar\/#website","url":"https:\/\/infoecos.com.ar\/","name":"Infoecos","description":"Noticias de trenque lauquen y la zona","publisher":{"@id":"https:\/\/infoecos.com.ar\/#organization"},"alternateName":"Noticias","potentialAction":[{"@type":"SearchAction","target":{"@type":"EntryPoint","urlTemplate":"https:\/\/infoecos.com.ar\/?s={search_term_string}"},"query-input":{"@type":"PropertyValueSpecification","valueRequired":true,"valueName":"search_term_string"}}],"inLanguage":"es"},{"@type":"Organization","@id":"https:\/\/infoecos.com.ar\/#organization","name":"Infoecos","alternateName":"Noticias","url":"https:\/\/infoecos.com.ar\/","logo":{"@type":"ImageObject","inLanguage":"es","@id":"https:\/\/infoecos.com.ar\/#\/schema\/logo\/image\/","url":"https:\/\/infoecos.com.ar\/wp-content\/uploads\/2024\/03\/cropped-logo.png","contentUrl":"https:\/\/infoecos.com.ar\/wp-content\/uploads\/2024\/03\/cropped-logo.png","width":374,"height":90,"caption":"Infoecos"},"image":{"@id":"https:\/\/infoecos.com.ar\/#\/schema\/logo\/image\/"},"sameAs":["https:\/\/www.facebook.com\/profile.php?id=100063200290284","https:\/\/x.com\/infoecos"]},{"@type":"Person","@id":"https:\/\/infoecos.com.ar\/#\/schema\/person\/8f5ace5ce73b4b4aac4b7245aee6f191","name":"Jorge Matheus","url":"https:\/\/infoecos.com.ar\/index.php\/author\/jomatheus\/"}]}},"featured_image_urls":{"full":["https:\/\/infoecos.com.ar\/wp-content\/uploads\/2026\/04\/Diseno-Sin-Titulo-1-Editada.png",182,182,false],"thumbnail":["https:\/\/infoecos.com.ar\/wp-content\/uploads\/2026\/04\/Diseno-Sin-Titulo-1-Editada-182x150.png",182,150,true],"medium":["https:\/\/infoecos.com.ar\/wp-content\/uploads\/2026\/04\/Diseno-Sin-Titulo-1-Editada.png",182,182,false],"medium_large":["https:\/\/infoecos.com.ar\/wp-content\/uploads\/2026\/04\/Diseno-Sin-Titulo-1-Editada.png",182,182,false],"large":["https:\/\/infoecos.com.ar\/wp-content\/uploads\/2026\/04\/Diseno-Sin-Titulo-1-Editada.png",182,182,false],"1536x1536":["https:\/\/infoecos.com.ar\/wp-content\/uploads\/2026\/04\/Diseno-Sin-Titulo-1-Editada.png",182,182,false],"2048x2048":["https:\/\/infoecos.com.ar\/wp-content\/uploads\/2026\/04\/Diseno-Sin-Titulo-1-Editada.png",182,182,false],"covernews-slider-full":["https:\/\/infoecos.com.ar\/wp-content\/uploads\/2026\/04\/Diseno-Sin-Titulo-1-Editada.png",182,182,false],"covernews-slider-center":["https:\/\/infoecos.com.ar\/wp-content\/uploads\/2026\/04\/Diseno-Sin-Titulo-1-Editada.png",182,182,false],"covernews-featured":["https:\/\/infoecos.com.ar\/wp-content\/uploads\/2026\/04\/Diseno-Sin-Titulo-1-Editada.png",182,182,false],"covernews-medium":["https:\/\/infoecos.com.ar\/wp-content\/uploads\/2026\/04\/Diseno-Sin-Titulo-1-Editada.png",182,182,false],"covernews-medium-square":["https:\/\/infoecos.com.ar\/wp-content\/uploads\/2026\/04\/Diseno-Sin-Titulo-1-Editada.png",182,182,false]},"author_info":{"info":["Jorge Matheus"]},"category_info":"<a href=\"https:\/\/infoecos.com.ar\/index.php\/category\/noticia-secundaria\/\" rel=\"category tag\">Noticia Secundaria<\/a>","tag_info":"Noticia Secundaria","comment_count":"0","_links":{"self":[{"href":"https:\/\/infoecos.com.ar\/index.php\/wp-json\/wp\/v2\/posts\/157437"}],"collection":[{"href":"https:\/\/infoecos.com.ar\/index.php\/wp-json\/wp\/v2\/posts"}],"about":[{"href":"https:\/\/infoecos.com.ar\/index.php\/wp-json\/wp\/v2\/types\/post"}],"author":[{"embeddable":true,"href":"https:\/\/infoecos.com.ar\/index.php\/wp-json\/wp\/v2\/users\/2"}],"replies":[{"embeddable":true,"href":"https:\/\/infoecos.com.ar\/index.php\/wp-json\/wp\/v2\/comments?post=157437"}],"version-history":[{"count":2,"href":"https:\/\/infoecos.com.ar\/index.php\/wp-json\/wp\/v2\/posts\/157437\/revisions"}],"predecessor-version":[{"id":157442,"href":"https:\/\/infoecos.com.ar\/index.php\/wp-json\/wp\/v2\/posts\/157437\/revisions\/157442"}],"wp:featuredmedia":[{"embeddable":true,"href":"https:\/\/infoecos.com.ar\/index.php\/wp-json\/wp\/v2\/media\/157440"}],"wp:attachment":[{"href":"https:\/\/infoecos.com.ar\/index.php\/wp-json\/wp\/v2\/media?parent=157437"}],"wp:term":[{"taxonomy":"category","embeddable":true,"href":"https:\/\/infoecos.com.ar\/index.php\/wp-json\/wp\/v2\/categories?post=157437"},{"taxonomy":"post_tag","embeddable":true,"href":"https:\/\/infoecos.com.ar\/index.php\/wp-json\/wp\/v2\/tags?post=157437"}],"curies":[{"name":"wp","href":"https:\/\/api.w.org\/{rel}","templated":true}]}}