{"id":157447,"date":"2026-04-28T02:46:43","date_gmt":"2026-04-28T05:46:43","guid":{"rendered":"https:\/\/infoecos.com.ar\/?p=157447"},"modified":"2026-04-28T02:46:44","modified_gmt":"2026-04-28T05:46:44","slug":"que-despelote-se-puede-armar-el-gobierno-nacional-insistira-en-dar-de-baja-el-regimen-de-zona-fria-en-las-tarifas-del-gas","status":"publish","type":"post","link":"https:\/\/infoecos.com.ar\/index.php\/que-despelote-se-puede-armar-el-gobierno-nacional-insistira-en-dar-de-baja-el-regimen-de-zona-fria-en-las-tarifas-del-gas\/","title":{"rendered":"Que \u00abdespelote\u00bb se puede armar: el Gobierno Nacional insistir\u00e1 en dar de baja el R\u00e9gimen de Zona Fr\u00eda en las tarifas del gas"},"content":{"rendered":"\n<p>El Gobierno nacional estar\u00eda analizando nuevamente la posibilidad de dar de baja el R\u00e9gimen de Zona Fr\u00eda que permite descuentos de entre el 30 y el 50 por ciento en los valores del consumo de gas en las tarifas que pagan los usuarios que viven en lugares con bajas temperaturas.<\/p>\n\n\n\n<p>Fuentes bien informadas se\u00f1alaron que\u00a0el Gobierno prev\u00e9 discutir en el Congreso, la Casa Rosada analiza enviar un proyecto para recuperar el apartado energ\u00e9tico que qued\u00f3 fuera del cap\u00edtulo XI del Presupuesto 2026.<\/p>\n\n\n\n<p>Entre los puntos centrales, la medida busca introducir cambios al r\u00e9gimen de Zona Fr\u00eda.<\/p>\n\n\n\n<p>El rechazo al cap\u00edtulo XI fue la principal derrota que recibi\u00f3 el oficialismo en la discusi\u00f3n por la ley que marca la evoluci\u00f3n de los ingresos y los gastos.<\/p>\n\n\n\n<p>Dentro de ese \u00faltimo bloque, el paquete legislativo propon\u00eda la exclusi\u00f3n de m\u00e1s de 3 millones de hogares de Buenos Aires, Santa Fe, C\u00f3rdoba y Mendoza del esquema de subsidios vigente que cubre entre el 30% y el 50% de la tarifa de gas.<\/p>\n\n\n\n<p><strong>Fuente: TN (Todo Noticias)<\/strong><\/p>\n\n\n\n<figure class=\"wp-block-image size-full\"><img loading=\"lazy\" decoding=\"async\" width=\"1121\" height=\"633\" src=\"https:\/\/infoecos.com.ar\/wp-content\/uploads\/2026\/04\/image-252.png\" alt=\"\" class=\"wp-image-157448\" srcset=\"https:\/\/infoecos.com.ar\/wp-content\/uploads\/2026\/04\/image-252.png 1121w, https:\/\/infoecos.com.ar\/wp-content\/uploads\/2026\/04\/image-252-800x452.png 800w, https:\/\/infoecos.com.ar\/wp-content\/uploads\/2026\/04\/image-252-768x434.png 768w, https:\/\/infoecos.com.ar\/wp-content\/uploads\/2026\/04\/image-252-1024x578.png 1024w\" sizes=\"(max-width: 1121px) 100vw, 1121px\" \/><\/figure>\n","protected":false},"excerpt":{"rendered":"<p>El Gobierno nacional estar\u00eda analizando nuevamente la posibilidad de dar de baja el R\u00e9gimen de&#8230;<\/p>\n","protected":false},"author":2,"featured_media":157448,"comment_status":"closed","ping_status":"open","sticky":false,"template":"","format":"standard","meta":{"footnotes":""},"categories":[1613],"tags":[1750,6831],"class_list":["post-157447","post","type-post","status-publish","format-standard","has-post-thumbnail","hentry","category-noticia-secundaria","tag-deporte","tag-servicios-comunitarios"],"yoast_head":"<!-- This site is optimized with the Yoast SEO plugin v23.4 - https:\/\/yoast.com\/wordpress\/plugins\/seo\/ -->\n<title>Que &quot;despelote&quot; se puede armar: el Gobierno Nacional insistir\u00e1 en dar de baja el R\u00e9gimen de Zona Fr\u00eda en las tarifas del gas - Infoecos<\/title>\n<meta name=\"robots\" content=\"index, follow, max-snippet:-1, max-image-preview:large, max-video-preview:-1\" \/>\n<link rel=\"canonical\" href=\"https:\/\/infoecos.com.ar\/index.php\/que-despelote-se-puede-armar-el-gobierno-nacional-insistira-en-dar-de-baja-el-regimen-de-zona-fria-en-las-tarifas-del-gas\/\" \/>\n<meta property=\"og:locale\" content=\"es_ES\" \/>\n<meta property=\"og:type\" content=\"article\" \/>\n<meta property=\"og:title\" content=\"Que &quot;despelote&quot; se puede armar: el Gobierno Nacional insistir\u00e1 en dar de baja el R\u00e9gimen de Zona Fr\u00eda en las tarifas del gas - Infoecos\" \/>\n<meta property=\"og:description\" content=\"El Gobierno nacional estar\u00eda analizando nuevamente la posibilidad de dar de baja el R\u00e9gimen de...\" \/>\n<meta property=\"og:url\" content=\"https:\/\/infoecos.com.ar\/index.php\/que-despelote-se-puede-armar-el-gobierno-nacional-insistira-en-dar-de-baja-el-regimen-de-zona-fria-en-las-tarifas-del-gas\/\" \/>\n<meta property=\"og:site_name\" content=\"Infoecos\" \/>\n<meta property=\"article:publisher\" content=\"https:\/\/www.facebook.com\/profile.php?id=100063200290284\" \/>\n<meta property=\"article:published_time\" content=\"2026-04-28T05:46:43+00:00\" \/>\n<meta property=\"article:modified_time\" content=\"2026-04-28T05:46:44+00:00\" \/>\n<meta property=\"og:image\" content=\"https:\/\/infoecos.com.ar\/wp-content\/uploads\/2026\/04\/image-252.png\" \/>\n\t<meta property=\"og:image:width\" content=\"1121\" \/>\n\t<meta property=\"og:image:height\" content=\"633\" \/>\n\t<meta property=\"og:image:type\" content=\"image\/png\" \/>\n<meta name=\"author\" content=\"Jorge Matheus\" \/>\n<meta name=\"twitter:card\" content=\"summary_large_image\" \/>\n<meta name=\"twitter:creator\" content=\"@infoecos\" \/>\n<meta name=\"twitter:site\" content=\"@infoecos\" \/>\n<meta name=\"twitter:label1\" content=\"Escrito por\" \/>\n\t<meta name=\"twitter:data1\" content=\"Jorge Matheus\" \/>\n\t<meta name=\"twitter:label2\" content=\"Tiempo de lectura\" \/>\n\t<meta name=\"twitter:data2\" content=\"2 minutos\" \/>\n<script type=\"application\/ld+json\" class=\"yoast-schema-graph\">{\"@context\":\"https:\/\/schema.org\",\"@graph\":[{\"@type\":\"Article\",\"@id\":\"https:\/\/infoecos.com.ar\/index.php\/que-despelote-se-puede-armar-el-gobierno-nacional-insistira-en-dar-de-baja-el-regimen-de-zona-fria-en-las-tarifas-del-gas\/#article\",\"isPartOf\":{\"@id\":\"https:\/\/infoecos.com.ar\/index.php\/que-despelote-se-puede-armar-el-gobierno-nacional-insistira-en-dar-de-baja-el-regimen-de-zona-fria-en-las-tarifas-del-gas\/\"},\"author\":{\"name\":\"Jorge Matheus\",\"@id\":\"https:\/\/infoecos.com.ar\/#\/schema\/person\/8f5ace5ce73b4b4aac4b7245aee6f191\"},\"headline\":\"Que \u00abdespelote\u00bb se puede armar: el Gobierno Nacional insistir\u00e1 en dar de baja el R\u00e9gimen de Zona Fr\u00eda en las tarifas del gas\",\"datePublished\":\"2026-04-28T05:46:43+00:00\",\"dateModified\":\"2026-04-28T05:46:44+00:00\",\"mainEntityOfPage\":{\"@id\":\"https:\/\/infoecos.com.ar\/index.php\/que-despelote-se-puede-armar-el-gobierno-nacional-insistira-en-dar-de-baja-el-regimen-de-zona-fria-en-las-tarifas-del-gas\/\"},\"wordCount\":208,\"publisher\":{\"@id\":\"https:\/\/infoecos.com.ar\/#organization\"},\"image\":{\"@id\":\"https:\/\/infoecos.com.ar\/index.php\/que-despelote-se-puede-armar-el-gobierno-nacional-insistira-en-dar-de-baja-el-regimen-de-zona-fria-en-las-tarifas-del-gas\/#primaryimage\"},\"thumbnailUrl\":\"https:\/\/infoecos.com.ar\/wp-content\/uploads\/2026\/04\/image-252.png\",\"keywords\":[\"DEPORTE\",\"SERVICIOS COMUNITARIOS\"],\"articleSection\":[\"Noticia Secundaria\"],\"inLanguage\":\"es\"},{\"@type\":\"WebPage\",\"@id\":\"https:\/\/infoecos.com.ar\/index.php\/que-despelote-se-puede-armar-el-gobierno-nacional-insistira-en-dar-de-baja-el-regimen-de-zona-fria-en-las-tarifas-del-gas\/\",\"url\":\"https:\/\/infoecos.com.ar\/index.php\/que-despelote-se-puede-armar-el-gobierno-nacional-insistira-en-dar-de-baja-el-regimen-de-zona-fria-en-las-tarifas-del-gas\/\",\"name\":\"Que \\\"despelote\\\" se puede armar: el Gobierno Nacional insistir\u00e1 en dar de baja el R\u00e9gimen de Zona Fr\u00eda en las tarifas del gas - Infoecos\",\"isPartOf\":{\"@id\":\"https:\/\/infoecos.com.ar\/#website\"},\"primaryImageOfPage\":{\"@id\":\"https:\/\/infoecos.com.ar\/index.php\/que-despelote-se-puede-armar-el-gobierno-nacional-insistira-en-dar-de-baja-el-regimen-de-zona-fria-en-las-tarifas-del-gas\/#primaryimage\"},\"image\":{\"@id\":\"https:\/\/infoecos.com.ar\/index.php\/que-despelote-se-puede-armar-el-gobierno-nacional-insistira-en-dar-de-baja-el-regimen-de-zona-fria-en-las-tarifas-del-gas\/#primaryimage\"},\"thumbnailUrl\":\"https:\/\/infoecos.com.ar\/wp-content\/uploads\/2026\/04\/image-252.png\",\"datePublished\":\"2026-04-28T05:46:43+00:00\",\"dateModified\":\"2026-04-28T05:46:44+00:00\",\"breadcrumb\":{\"@id\":\"https:\/\/infoecos.com.ar\/index.php\/que-despelote-se-puede-armar-el-gobierno-nacional-insistira-en-dar-de-baja-el-regimen-de-zona-fria-en-las-tarifas-del-gas\/#breadcrumb\"},\"inLanguage\":\"es\",\"potentialAction\":[{\"@type\":\"ReadAction\",\"target\":[\"https:\/\/infoecos.com.ar\/index.php\/que-despelote-se-puede-armar-el-gobierno-nacional-insistira-en-dar-de-baja-el-regimen-de-zona-fria-en-las-tarifas-del-gas\/\"]}]},{\"@type\":\"ImageObject\",\"inLanguage\":\"es\",\"@id\":\"https:\/\/infoecos.com.ar\/index.php\/que-despelote-se-puede-armar-el-gobierno-nacional-insistira-en-dar-de-baja-el-regimen-de-zona-fria-en-las-tarifas-del-gas\/#primaryimage\",\"url\":\"https:\/\/infoecos.com.ar\/wp-content\/uploads\/2026\/04\/image-252.png\",\"contentUrl\":\"https:\/\/infoecos.com.ar\/wp-content\/uploads\/2026\/04\/image-252.png\",\"width\":1121,\"height\":633},{\"@type\":\"BreadcrumbList\",\"@id\":\"https:\/\/infoecos.com.ar\/index.php\/que-despelote-se-puede-armar-el-gobierno-nacional-insistira-en-dar-de-baja-el-regimen-de-zona-fria-en-las-tarifas-del-gas\/#breadcrumb\",\"itemListElement\":[{\"@type\":\"ListItem\",\"position\":1,\"name\":\"Portada\",\"item\":\"https:\/\/infoecos.com.ar\/\"},{\"@type\":\"ListItem\",\"position\":2,\"name\":\"Que \u00abdespelote\u00bb se puede armar: el Gobierno Nacional insistir\u00e1 en dar de baja el R\u00e9gimen de Zona Fr\u00eda en las tarifas del gas\"}]},{\"@type\":\"WebSite\",\"@id\":\"https:\/\/infoecos.com.ar\/#website\",\"url\":\"https:\/\/infoecos.com.ar\/\",\"name\":\"Infoecos\",\"description\":\"Noticias de trenque lauquen y la zona\",\"publisher\":{\"@id\":\"https:\/\/infoecos.com.ar\/#organization\"},\"alternateName\":\"Noticias\",\"potentialAction\":[{\"@type\":\"SearchAction\",\"target\":{\"@type\":\"EntryPoint\",\"urlTemplate\":\"https:\/\/infoecos.com.ar\/?s={search_term_string}\"},\"query-input\":{\"@type\":\"PropertyValueSpecification\",\"valueRequired\":true,\"valueName\":\"search_term_string\"}}],\"inLanguage\":\"es\"},{\"@type\":\"Organization\",\"@id\":\"https:\/\/infoecos.com.ar\/#organization\",\"name\":\"Infoecos\",\"alternateName\":\"Noticias\",\"url\":\"https:\/\/infoecos.com.ar\/\",\"logo\":{\"@type\":\"ImageObject\",\"inLanguage\":\"es\",\"@id\":\"https:\/\/infoecos.com.ar\/#\/schema\/logo\/image\/\",\"url\":\"https:\/\/infoecos.com.ar\/wp-content\/uploads\/2024\/03\/cropped-logo.png\",\"contentUrl\":\"https:\/\/infoecos.com.ar\/wp-content\/uploads\/2024\/03\/cropped-logo.png\",\"width\":374,\"height\":90,\"caption\":\"Infoecos\"},\"image\":{\"@id\":\"https:\/\/infoecos.com.ar\/#\/schema\/logo\/image\/\"},\"sameAs\":[\"https:\/\/www.facebook.com\/profile.php?id=100063200290284\",\"https:\/\/x.com\/infoecos\"]},{\"@type\":\"Person\",\"@id\":\"https:\/\/infoecos.com.ar\/#\/schema\/person\/8f5ace5ce73b4b4aac4b7245aee6f191\",\"name\":\"Jorge Matheus\",\"url\":\"https:\/\/infoecos.com.ar\/index.php\/author\/jomatheus\/\"}]}<\/script>\n<!-- \/ Yoast SEO plugin. -->","yoast_head_json":{"title":"Que \"despelote\" se puede armar: el Gobierno Nacional insistir\u00e1 en dar de baja el R\u00e9gimen de Zona Fr\u00eda en las tarifas del gas - Infoecos","robots":{"index":"index","follow":"follow","max-snippet":"max-snippet:-1","max-image-preview":"max-image-preview:large","max-video-preview":"max-video-preview:-1"},"canonical":"https:\/\/infoecos.com.ar\/index.php\/que-despelote-se-puede-armar-el-gobierno-nacional-insistira-en-dar-de-baja-el-regimen-de-zona-fria-en-las-tarifas-del-gas\/","og_locale":"es_ES","og_type":"article","og_title":"Que \"despelote\" se puede armar: el Gobierno Nacional insistir\u00e1 en dar de baja el R\u00e9gimen de Zona Fr\u00eda en las tarifas del gas - Infoecos","og_description":"El Gobierno nacional estar\u00eda analizando nuevamente la posibilidad de dar de baja el R\u00e9gimen de...","og_url":"https:\/\/infoecos.com.ar\/index.php\/que-despelote-se-puede-armar-el-gobierno-nacional-insistira-en-dar-de-baja-el-regimen-de-zona-fria-en-las-tarifas-del-gas\/","og_site_name":"Infoecos","article_publisher":"https:\/\/www.facebook.com\/profile.php?id=100063200290284","article_published_time":"2026-04-28T05:46:43+00:00","article_modified_time":"2026-04-28T05:46:44+00:00","og_image":[{"width":1121,"height":633,"url":"https:\/\/infoecos.com.ar\/wp-content\/uploads\/2026\/04\/image-252.png","type":"image\/png"}],"author":"Jorge Matheus","twitter_card":"summary_large_image","twitter_creator":"@infoecos","twitter_site":"@infoecos","twitter_misc":{"Escrito por":"Jorge Matheus","Tiempo de lectura":"2 minutos"},"schema":{"@context":"https:\/\/schema.org","@graph":[{"@type":"Article","@id":"https:\/\/infoecos.com.ar\/index.php\/que-despelote-se-puede-armar-el-gobierno-nacional-insistira-en-dar-de-baja-el-regimen-de-zona-fria-en-las-tarifas-del-gas\/#article","isPartOf":{"@id":"https:\/\/infoecos.com.ar\/index.php\/que-despelote-se-puede-armar-el-gobierno-nacional-insistira-en-dar-de-baja-el-regimen-de-zona-fria-en-las-tarifas-del-gas\/"},"author":{"name":"Jorge Matheus","@id":"https:\/\/infoecos.com.ar\/#\/schema\/person\/8f5ace5ce73b4b4aac4b7245aee6f191"},"headline":"Que \u00abdespelote\u00bb se puede armar: el Gobierno Nacional insistir\u00e1 en dar de baja el R\u00e9gimen de Zona Fr\u00eda en las tarifas del gas","datePublished":"2026-04-28T05:46:43+00:00","dateModified":"2026-04-28T05:46:44+00:00","mainEntityOfPage":{"@id":"https:\/\/infoecos.com.ar\/index.php\/que-despelote-se-puede-armar-el-gobierno-nacional-insistira-en-dar-de-baja-el-regimen-de-zona-fria-en-las-tarifas-del-gas\/"},"wordCount":208,"publisher":{"@id":"https:\/\/infoecos.com.ar\/#organization"},"image":{"@id":"https:\/\/infoecos.com.ar\/index.php\/que-despelote-se-puede-armar-el-gobierno-nacional-insistira-en-dar-de-baja-el-regimen-de-zona-fria-en-las-tarifas-del-gas\/#primaryimage"},"thumbnailUrl":"https:\/\/infoecos.com.ar\/wp-content\/uploads\/2026\/04\/image-252.png","keywords":["DEPORTE","SERVICIOS COMUNITARIOS"],"articleSection":["Noticia Secundaria"],"inLanguage":"es"},{"@type":"WebPage","@id":"https:\/\/infoecos.com.ar\/index.php\/que-despelote-se-puede-armar-el-gobierno-nacional-insistira-en-dar-de-baja-el-regimen-de-zona-fria-en-las-tarifas-del-gas\/","url":"https:\/\/infoecos.com.ar\/index.php\/que-despelote-se-puede-armar-el-gobierno-nacional-insistira-en-dar-de-baja-el-regimen-de-zona-fria-en-las-tarifas-del-gas\/","name":"Que \"despelote\" se puede armar: el Gobierno Nacional insistir\u00e1 en dar de baja el R\u00e9gimen de Zona Fr\u00eda en las tarifas del gas - Infoecos","isPartOf":{"@id":"https:\/\/infoecos.com.ar\/#website"},"primaryImageOfPage":{"@id":"https:\/\/infoecos.com.ar\/index.php\/que-despelote-se-puede-armar-el-gobierno-nacional-insistira-en-dar-de-baja-el-regimen-de-zona-fria-en-las-tarifas-del-gas\/#primaryimage"},"image":{"@id":"https:\/\/infoecos.com.ar\/index.php\/que-despelote-se-puede-armar-el-gobierno-nacional-insistira-en-dar-de-baja-el-regimen-de-zona-fria-en-las-tarifas-del-gas\/#primaryimage"},"thumbnailUrl":"https:\/\/infoecos.com.ar\/wp-content\/uploads\/2026\/04\/image-252.png","datePublished":"2026-04-28T05:46:43+00:00","dateModified":"2026-04-28T05:46:44+00:00","breadcrumb":{"@id":"https:\/\/infoecos.com.ar\/index.php\/que-despelote-se-puede-armar-el-gobierno-nacional-insistira-en-dar-de-baja-el-regimen-de-zona-fria-en-las-tarifas-del-gas\/#breadcrumb"},"inLanguage":"es","potentialAction":[{"@type":"ReadAction","target":["https:\/\/infoecos.com.ar\/index.php\/que-despelote-se-puede-armar-el-gobierno-nacional-insistira-en-dar-de-baja-el-regimen-de-zona-fria-en-las-tarifas-del-gas\/"]}]},{"@type":"ImageObject","inLanguage":"es","@id":"https:\/\/infoecos.com.ar\/index.php\/que-despelote-se-puede-armar-el-gobierno-nacional-insistira-en-dar-de-baja-el-regimen-de-zona-fria-en-las-tarifas-del-gas\/#primaryimage","url":"https:\/\/infoecos.com.ar\/wp-content\/uploads\/2026\/04\/image-252.png","contentUrl":"https:\/\/infoecos.com.ar\/wp-content\/uploads\/2026\/04\/image-252.png","width":1121,"height":633},{"@type":"BreadcrumbList","@id":"https:\/\/infoecos.com.ar\/index.php\/que-despelote-se-puede-armar-el-gobierno-nacional-insistira-en-dar-de-baja-el-regimen-de-zona-fria-en-las-tarifas-del-gas\/#breadcrumb","itemListElement":[{"@type":"ListItem","position":1,"name":"Portada","item":"https:\/\/infoecos.com.ar\/"},{"@type":"ListItem","position":2,"name":"Que \u00abdespelote\u00bb se puede armar: el Gobierno Nacional insistir\u00e1 en dar de baja el R\u00e9gimen de Zona Fr\u00eda en las tarifas del gas"}]},{"@type":"WebSite","@id":"https:\/\/infoecos.com.ar\/#website","url":"https:\/\/infoecos.com.ar\/","name":"Infoecos","description":"Noticias de trenque lauquen y la zona","publisher":{"@id":"https:\/\/infoecos.com.ar\/#organization"},"alternateName":"Noticias","potentialAction":[{"@type":"SearchAction","target":{"@type":"EntryPoint","urlTemplate":"https:\/\/infoecos.com.ar\/?s={search_term_string}"},"query-input":{"@type":"PropertyValueSpecification","valueRequired":true,"valueName":"search_term_string"}}],"inLanguage":"es"},{"@type":"Organization","@id":"https:\/\/infoecos.com.ar\/#organization","name":"Infoecos","alternateName":"Noticias","url":"https:\/\/infoecos.com.ar\/","logo":{"@type":"ImageObject","inLanguage":"es","@id":"https:\/\/infoecos.com.ar\/#\/schema\/logo\/image\/","url":"https:\/\/infoecos.com.ar\/wp-content\/uploads\/2024\/03\/cropped-logo.png","contentUrl":"https:\/\/infoecos.com.ar\/wp-content\/uploads\/2024\/03\/cropped-logo.png","width":374,"height":90,"caption":"Infoecos"},"image":{"@id":"https:\/\/infoecos.com.ar\/#\/schema\/logo\/image\/"},"sameAs":["https:\/\/www.facebook.com\/profile.php?id=100063200290284","https:\/\/x.com\/infoecos"]},{"@type":"Person","@id":"https:\/\/infoecos.com.ar\/#\/schema\/person\/8f5ace5ce73b4b4aac4b7245aee6f191","name":"Jorge Matheus","url":"https:\/\/infoecos.com.ar\/index.php\/author\/jomatheus\/"}]}},"featured_image_urls":{"full":["https:\/\/infoecos.com.ar\/wp-content\/uploads\/2026\/04\/image-252.png",1121,633,false],"thumbnail":["https:\/\/infoecos.com.ar\/wp-content\/uploads\/2026\/04\/image-252-300x150.png",300,150,true],"medium":["https:\/\/infoecos.com.ar\/wp-content\/uploads\/2026\/04\/image-252-800x452.png",800,452,true],"medium_large":["https:\/\/infoecos.com.ar\/wp-content\/uploads\/2026\/04\/image-252-768x434.png",640,362,true],"large":["https:\/\/infoecos.com.ar\/wp-content\/uploads\/2026\/04\/image-252.png",640,361,false],"1536x1536":["https:\/\/infoecos.com.ar\/wp-content\/uploads\/2026\/04\/image-252.png",1121,633,false],"2048x2048":["https:\/\/infoecos.com.ar\/wp-content\/uploads\/2026\/04\/image-252.png",1121,633,false],"covernews-slider-full":["https:\/\/infoecos.com.ar\/wp-content\/uploads\/2026\/04\/image-252-1115x633.png",1115,633,true],"covernews-slider-center":["https:\/\/infoecos.com.ar\/wp-content\/uploads\/2026\/04\/image-252-800x500.png",800,500,true],"covernews-featured":["https:\/\/infoecos.com.ar\/wp-content\/uploads\/2026\/04\/image-252-1024x578.png",1024,578,true],"covernews-medium":["https:\/\/infoecos.com.ar\/wp-content\/uploads\/2026\/04\/image-252-540x340.png",540,340,true],"covernews-medium-square":["https:\/\/infoecos.com.ar\/wp-content\/uploads\/2026\/04\/image-252-400x250.png",400,250,true]},"author_info":{"info":["Jorge Matheus"]},"category_info":"<a href=\"https:\/\/infoecos.com.ar\/index.php\/category\/noticia-secundaria\/\" rel=\"category tag\">Noticia Secundaria<\/a>","tag_info":"Noticia Secundaria","comment_count":"0","_links":{"self":[{"href":"https:\/\/infoecos.com.ar\/index.php\/wp-json\/wp\/v2\/posts\/157447"}],"collection":[{"href":"https:\/\/infoecos.com.ar\/index.php\/wp-json\/wp\/v2\/posts"}],"about":[{"href":"https:\/\/infoecos.com.ar\/index.php\/wp-json\/wp\/v2\/types\/post"}],"author":[{"embeddable":true,"href":"https:\/\/infoecos.com.ar\/index.php\/wp-json\/wp\/v2\/users\/2"}],"replies":[{"embeddable":true,"href":"https:\/\/infoecos.com.ar\/index.php\/wp-json\/wp\/v2\/comments?post=157447"}],"version-history":[{"count":1,"href":"https:\/\/infoecos.com.ar\/index.php\/wp-json\/wp\/v2\/posts\/157447\/revisions"}],"predecessor-version":[{"id":157449,"href":"https:\/\/infoecos.com.ar\/index.php\/wp-json\/wp\/v2\/posts\/157447\/revisions\/157449"}],"wp:featuredmedia":[{"embeddable":true,"href":"https:\/\/infoecos.com.ar\/index.php\/wp-json\/wp\/v2\/media\/157448"}],"wp:attachment":[{"href":"https:\/\/infoecos.com.ar\/index.php\/wp-json\/wp\/v2\/media?parent=157447"}],"wp:term":[{"taxonomy":"category","embeddable":true,"href":"https:\/\/infoecos.com.ar\/index.php\/wp-json\/wp\/v2\/categories?post=157447"},{"taxonomy":"post_tag","embeddable":true,"href":"https:\/\/infoecos.com.ar\/index.php\/wp-json\/wp\/v2\/tags?post=157447"}],"curies":[{"name":"wp","href":"https:\/\/api.w.org\/{rel}","templated":true}]}}