{"id":157453,"date":"2026-04-28T03:18:29","date_gmt":"2026-04-28T06:18:29","guid":{"rendered":"https:\/\/infoecos.com.ar\/?p=157453"},"modified":"2026-04-28T03:18:30","modified_gmt":"2026-04-28T06:18:30","slug":"liga-profesional-de-futbol-se-cerro-la-fecha-con-una-victoria-de-argentinos-juniors-ante-huracan-2-a-1","status":"publish","type":"post","link":"https:\/\/infoecos.com.ar\/index.php\/liga-profesional-de-futbol-se-cerro-la-fecha-con-una-victoria-de-argentinos-juniors-ante-huracan-2-a-1\/","title":{"rendered":"Liga Profesional de F\u00fatbol: se cerr\u00f3 la fecha con una victoria de Argentinos Juniors ante Hurac\u00e1n, 2 a 1"},"content":{"rendered":"\n<p><strong>Hurac\u00e1n 1 \u2013 Argentinos 2 \u2013 Zona B<\/strong><\/p>\n\n\n\n<p><strong>Argentinos Juniors\u00a0le gan\u00f3 2-1 a<\/strong>\u00a0<a href=\"https:\/\/www.espn.com.ar\/futbol\/equipo\/_\/id\/3\/argentinos-juniors\" target=\"_blank\" rel=\"noreferrer noopener\"><strong>Hurac\u00e1n<\/strong><\/a> en el Estadio Tom\u00e1s A. Duc\u00f3 por la fecha 16 de la Zona B del\u00a0<strong><a href=\"https:\/\/www.espn.com.ar\/futbol\/resultados\/_\/liga\/arg.1\" target=\"_blank\" rel=\"noreferrer noopener\">Torneo Apertura 2026<\/a>. Facundo Waller\u00a0<\/strong>anot\u00f3 para el local.\u00a0<strong>Tom\u00e1s Molina<\/strong>\u00a0e<strong>\u00a0Iv\u00e1n Morales\u00a0<\/strong>lo hicieron para la visita.<\/p>\n\n\n\n<figure class=\"wp-block-embed is-type-video is-provider-youtube wp-block-embed-youtube wp-embed-aspect-16-9 wp-has-aspect-ratio\"><div class=\"wp-block-embed__wrapper\">\n<iframe loading=\"lazy\" title=\"Con GOL de Morales y Molina GANA ARGENTINOS | #Hurac\u00e1n 1-2 #Argentinos | Resumen\" width=\"640\" height=\"360\" src=\"https:\/\/www.youtube.com\/embed\/a1CYSyH2Dt8?feature=oembed\" frameborder=\"0\" allow=\"accelerometer; autoplay; clipboard-write; encrypted-media; gyroscope; picture-in-picture; web-share\" referrerpolicy=\"strict-origin-when-cross-origin\" allowfullscreen><\/iframe>\n<\/div><\/figure>\n\n\n\n<figure class=\"wp-block-image size-full\"><img loading=\"lazy\" decoding=\"async\" width=\"819\" height=\"1024\" src=\"https:\/\/infoecos.com.ar\/wp-content\/uploads\/2026\/04\/image-254.png\" alt=\"\" class=\"wp-image-157454\" srcset=\"https:\/\/infoecos.com.ar\/wp-content\/uploads\/2026\/04\/image-254.png 819w, https:\/\/infoecos.com.ar\/wp-content\/uploads\/2026\/04\/image-254-640x800.png 640w, https:\/\/infoecos.com.ar\/wp-content\/uploads\/2026\/04\/image-254-768x960.png 768w\" sizes=\"(max-width: 819px) 100vw, 819px\" \/><\/figure>\n","protected":false},"excerpt":{"rendered":"<p>Hurac\u00e1n 1 \u2013 Argentinos 2 \u2013 Zona B Argentinos Juniors\u00a0le gan\u00f3 2-1 a\u00a0Hurac\u00e1n en el&#8230;<\/p>\n","protected":false},"author":2,"featured_media":157454,"comment_status":"closed","ping_status":"open","sticky":false,"template":"","format":"standard","meta":{"footnotes":""},"categories":[1],"tags":[10298,97,1500,156],"class_list":["post-157453","post","type-post","status-publish","format-standard","has-post-thumbnail","hentry","category-sin-categoria","tag-bloque-inferior","tag-economia","tag-regional","tag-salud"],"yoast_head":"<!-- This site is optimized with the Yoast SEO plugin v23.4 - https:\/\/yoast.com\/wordpress\/plugins\/seo\/ -->\n<title>Liga Profesional de F\u00fatbol: se cerr\u00f3 la fecha con una victoria de Argentinos Juniors ante Hurac\u00e1n, 2 a 1 - Infoecos<\/title>\n<meta name=\"robots\" content=\"index, follow, max-snippet:-1, max-image-preview:large, max-video-preview:-1\" \/>\n<link rel=\"canonical\" href=\"https:\/\/infoecos.com.ar\/index.php\/liga-profesional-de-futbol-se-cerro-la-fecha-con-una-victoria-de-argentinos-juniors-ante-huracan-2-a-1\/\" \/>\n<meta property=\"og:locale\" content=\"es_ES\" \/>\n<meta property=\"og:type\" content=\"article\" \/>\n<meta property=\"og:title\" content=\"Liga Profesional de F\u00fatbol: se cerr\u00f3 la fecha con una victoria de Argentinos Juniors ante Hurac\u00e1n, 2 a 1 - Infoecos\" \/>\n<meta property=\"og:description\" content=\"Hurac\u00e1n 1 \u2013 Argentinos 2 \u2013 Zona B Argentinos Juniors\u00a0le gan\u00f3 2-1 a\u00a0Hurac\u00e1n en el...\" \/>\n<meta property=\"og:url\" content=\"https:\/\/infoecos.com.ar\/index.php\/liga-profesional-de-futbol-se-cerro-la-fecha-con-una-victoria-de-argentinos-juniors-ante-huracan-2-a-1\/\" \/>\n<meta property=\"og:site_name\" content=\"Infoecos\" \/>\n<meta property=\"article:publisher\" content=\"https:\/\/www.facebook.com\/profile.php?id=100063200290284\" \/>\n<meta property=\"article:published_time\" content=\"2026-04-28T06:18:29+00:00\" \/>\n<meta property=\"article:modified_time\" content=\"2026-04-28T06:18:30+00:00\" \/>\n<meta property=\"og:image\" content=\"https:\/\/infoecos.com.ar\/wp-content\/uploads\/2026\/04\/image-254.png\" \/>\n\t<meta property=\"og:image:width\" content=\"819\" \/>\n\t<meta property=\"og:image:height\" content=\"1024\" \/>\n\t<meta property=\"og:image:type\" content=\"image\/png\" \/>\n<meta name=\"author\" content=\"Jorge Matheus\" \/>\n<meta name=\"twitter:card\" content=\"summary_large_image\" \/>\n<meta name=\"twitter:creator\" content=\"@infoecos\" \/>\n<meta name=\"twitter:site\" content=\"@infoecos\" \/>\n<meta name=\"twitter:label1\" content=\"Escrito por\" \/>\n\t<meta name=\"twitter:data1\" content=\"Jorge Matheus\" \/>\n\t<meta name=\"twitter:label2\" content=\"Tiempo de lectura\" \/>\n\t<meta name=\"twitter:data2\" content=\"1 minuto\" \/>\n<script type=\"application\/ld+json\" class=\"yoast-schema-graph\">{\"@context\":\"https:\/\/schema.org\",\"@graph\":[{\"@type\":\"Article\",\"@id\":\"https:\/\/infoecos.com.ar\/index.php\/liga-profesional-de-futbol-se-cerro-la-fecha-con-una-victoria-de-argentinos-juniors-ante-huracan-2-a-1\/#article\",\"isPartOf\":{\"@id\":\"https:\/\/infoecos.com.ar\/index.php\/liga-profesional-de-futbol-se-cerro-la-fecha-con-una-victoria-de-argentinos-juniors-ante-huracan-2-a-1\/\"},\"author\":{\"name\":\"Jorge Matheus\",\"@id\":\"https:\/\/infoecos.com.ar\/#\/schema\/person\/8f5ace5ce73b4b4aac4b7245aee6f191\"},\"headline\":\"Liga Profesional de F\u00fatbol: se cerr\u00f3 la fecha con una victoria de Argentinos Juniors ante Hurac\u00e1n, 2 a 1\",\"datePublished\":\"2026-04-28T06:18:29+00:00\",\"dateModified\":\"2026-04-28T06:18:30+00:00\",\"mainEntityOfPage\":{\"@id\":\"https:\/\/infoecos.com.ar\/index.php\/liga-profesional-de-futbol-se-cerro-la-fecha-con-una-victoria-de-argentinos-juniors-ante-huracan-2-a-1\/\"},\"wordCount\":76,\"publisher\":{\"@id\":\"https:\/\/infoecos.com.ar\/#organization\"},\"image\":{\"@id\":\"https:\/\/infoecos.com.ar\/index.php\/liga-profesional-de-futbol-se-cerro-la-fecha-con-una-victoria-de-argentinos-juniors-ante-huracan-2-a-1\/#primaryimage\"},\"thumbnailUrl\":\"https:\/\/infoecos.com.ar\/wp-content\/uploads\/2026\/04\/image-254.png\",\"keywords\":[\"Bloque inferior\",\"ECONOM\u00cdA\",\"REGIONAL\",\"SALUD\"],\"inLanguage\":\"es\"},{\"@type\":\"WebPage\",\"@id\":\"https:\/\/infoecos.com.ar\/index.php\/liga-profesional-de-futbol-se-cerro-la-fecha-con-una-victoria-de-argentinos-juniors-ante-huracan-2-a-1\/\",\"url\":\"https:\/\/infoecos.com.ar\/index.php\/liga-profesional-de-futbol-se-cerro-la-fecha-con-una-victoria-de-argentinos-juniors-ante-huracan-2-a-1\/\",\"name\":\"Liga Profesional de F\u00fatbol: se cerr\u00f3 la fecha con una victoria de Argentinos Juniors ante Hurac\u00e1n, 2 a 1 - Infoecos\",\"isPartOf\":{\"@id\":\"https:\/\/infoecos.com.ar\/#website\"},\"primaryImageOfPage\":{\"@id\":\"https:\/\/infoecos.com.ar\/index.php\/liga-profesional-de-futbol-se-cerro-la-fecha-con-una-victoria-de-argentinos-juniors-ante-huracan-2-a-1\/#primaryimage\"},\"image\":{\"@id\":\"https:\/\/infoecos.com.ar\/index.php\/liga-profesional-de-futbol-se-cerro-la-fecha-con-una-victoria-de-argentinos-juniors-ante-huracan-2-a-1\/#primaryimage\"},\"thumbnailUrl\":\"https:\/\/infoecos.com.ar\/wp-content\/uploads\/2026\/04\/image-254.png\",\"datePublished\":\"2026-04-28T06:18:29+00:00\",\"dateModified\":\"2026-04-28T06:18:30+00:00\",\"breadcrumb\":{\"@id\":\"https:\/\/infoecos.com.ar\/index.php\/liga-profesional-de-futbol-se-cerro-la-fecha-con-una-victoria-de-argentinos-juniors-ante-huracan-2-a-1\/#breadcrumb\"},\"inLanguage\":\"es\",\"potentialAction\":[{\"@type\":\"ReadAction\",\"target\":[\"https:\/\/infoecos.com.ar\/index.php\/liga-profesional-de-futbol-se-cerro-la-fecha-con-una-victoria-de-argentinos-juniors-ante-huracan-2-a-1\/\"]}]},{\"@type\":\"ImageObject\",\"inLanguage\":\"es\",\"@id\":\"https:\/\/infoecos.com.ar\/index.php\/liga-profesional-de-futbol-se-cerro-la-fecha-con-una-victoria-de-argentinos-juniors-ante-huracan-2-a-1\/#primaryimage\",\"url\":\"https:\/\/infoecos.com.ar\/wp-content\/uploads\/2026\/04\/image-254.png\",\"contentUrl\":\"https:\/\/infoecos.com.ar\/wp-content\/uploads\/2026\/04\/image-254.png\",\"width\":819,\"height\":1024},{\"@type\":\"BreadcrumbList\",\"@id\":\"https:\/\/infoecos.com.ar\/index.php\/liga-profesional-de-futbol-se-cerro-la-fecha-con-una-victoria-de-argentinos-juniors-ante-huracan-2-a-1\/#breadcrumb\",\"itemListElement\":[{\"@type\":\"ListItem\",\"position\":1,\"name\":\"Portada\",\"item\":\"https:\/\/infoecos.com.ar\/\"},{\"@type\":\"ListItem\",\"position\":2,\"name\":\"Liga Profesional de F\u00fatbol: se cerr\u00f3 la fecha con una victoria de Argentinos Juniors ante Hurac\u00e1n, 2 a 1\"}]},{\"@type\":\"WebSite\",\"@id\":\"https:\/\/infoecos.com.ar\/#website\",\"url\":\"https:\/\/infoecos.com.ar\/\",\"name\":\"Infoecos\",\"description\":\"Noticias de trenque lauquen y la zona\",\"publisher\":{\"@id\":\"https:\/\/infoecos.com.ar\/#organization\"},\"alternateName\":\"Noticias\",\"potentialAction\":[{\"@type\":\"SearchAction\",\"target\":{\"@type\":\"EntryPoint\",\"urlTemplate\":\"https:\/\/infoecos.com.ar\/?s={search_term_string}\"},\"query-input\":{\"@type\":\"PropertyValueSpecification\",\"valueRequired\":true,\"valueName\":\"search_term_string\"}}],\"inLanguage\":\"es\"},{\"@type\":\"Organization\",\"@id\":\"https:\/\/infoecos.com.ar\/#organization\",\"name\":\"Infoecos\",\"alternateName\":\"Noticias\",\"url\":\"https:\/\/infoecos.com.ar\/\",\"logo\":{\"@type\":\"ImageObject\",\"inLanguage\":\"es\",\"@id\":\"https:\/\/infoecos.com.ar\/#\/schema\/logo\/image\/\",\"url\":\"https:\/\/infoecos.com.ar\/wp-content\/uploads\/2024\/03\/cropped-logo.png\",\"contentUrl\":\"https:\/\/infoecos.com.ar\/wp-content\/uploads\/2024\/03\/cropped-logo.png\",\"width\":374,\"height\":90,\"caption\":\"Infoecos\"},\"image\":{\"@id\":\"https:\/\/infoecos.com.ar\/#\/schema\/logo\/image\/\"},\"sameAs\":[\"https:\/\/www.facebook.com\/profile.php?id=100063200290284\",\"https:\/\/x.com\/infoecos\"]},{\"@type\":\"Person\",\"@id\":\"https:\/\/infoecos.com.ar\/#\/schema\/person\/8f5ace5ce73b4b4aac4b7245aee6f191\",\"name\":\"Jorge Matheus\",\"url\":\"https:\/\/infoecos.com.ar\/index.php\/author\/jomatheus\/\"}]}<\/script>\n<!-- \/ Yoast SEO plugin. -->","yoast_head_json":{"title":"Liga Profesional de F\u00fatbol: se cerr\u00f3 la fecha con una victoria de Argentinos Juniors ante Hurac\u00e1n, 2 a 1 - Infoecos","robots":{"index":"index","follow":"follow","max-snippet":"max-snippet:-1","max-image-preview":"max-image-preview:large","max-video-preview":"max-video-preview:-1"},"canonical":"https:\/\/infoecos.com.ar\/index.php\/liga-profesional-de-futbol-se-cerro-la-fecha-con-una-victoria-de-argentinos-juniors-ante-huracan-2-a-1\/","og_locale":"es_ES","og_type":"article","og_title":"Liga Profesional de F\u00fatbol: se cerr\u00f3 la fecha con una victoria de Argentinos Juniors ante Hurac\u00e1n, 2 a 1 - Infoecos","og_description":"Hurac\u00e1n 1 \u2013 Argentinos 2 \u2013 Zona B Argentinos Juniors\u00a0le gan\u00f3 2-1 a\u00a0Hurac\u00e1n en el...","og_url":"https:\/\/infoecos.com.ar\/index.php\/liga-profesional-de-futbol-se-cerro-la-fecha-con-una-victoria-de-argentinos-juniors-ante-huracan-2-a-1\/","og_site_name":"Infoecos","article_publisher":"https:\/\/www.facebook.com\/profile.php?id=100063200290284","article_published_time":"2026-04-28T06:18:29+00:00","article_modified_time":"2026-04-28T06:18:30+00:00","og_image":[{"width":819,"height":1024,"url":"https:\/\/infoecos.com.ar\/wp-content\/uploads\/2026\/04\/image-254.png","type":"image\/png"}],"author":"Jorge Matheus","twitter_card":"summary_large_image","twitter_creator":"@infoecos","twitter_site":"@infoecos","twitter_misc":{"Escrito por":"Jorge Matheus","Tiempo de lectura":"1 minuto"},"schema":{"@context":"https:\/\/schema.org","@graph":[{"@type":"Article","@id":"https:\/\/infoecos.com.ar\/index.php\/liga-profesional-de-futbol-se-cerro-la-fecha-con-una-victoria-de-argentinos-juniors-ante-huracan-2-a-1\/#article","isPartOf":{"@id":"https:\/\/infoecos.com.ar\/index.php\/liga-profesional-de-futbol-se-cerro-la-fecha-con-una-victoria-de-argentinos-juniors-ante-huracan-2-a-1\/"},"author":{"name":"Jorge Matheus","@id":"https:\/\/infoecos.com.ar\/#\/schema\/person\/8f5ace5ce73b4b4aac4b7245aee6f191"},"headline":"Liga Profesional de F\u00fatbol: se cerr\u00f3 la fecha con una victoria de Argentinos Juniors ante Hurac\u00e1n, 2 a 1","datePublished":"2026-04-28T06:18:29+00:00","dateModified":"2026-04-28T06:18:30+00:00","mainEntityOfPage":{"@id":"https:\/\/infoecos.com.ar\/index.php\/liga-profesional-de-futbol-se-cerro-la-fecha-con-una-victoria-de-argentinos-juniors-ante-huracan-2-a-1\/"},"wordCount":76,"publisher":{"@id":"https:\/\/infoecos.com.ar\/#organization"},"image":{"@id":"https:\/\/infoecos.com.ar\/index.php\/liga-profesional-de-futbol-se-cerro-la-fecha-con-una-victoria-de-argentinos-juniors-ante-huracan-2-a-1\/#primaryimage"},"thumbnailUrl":"https:\/\/infoecos.com.ar\/wp-content\/uploads\/2026\/04\/image-254.png","keywords":["Bloque inferior","ECONOM\u00cdA","REGIONAL","SALUD"],"inLanguage":"es"},{"@type":"WebPage","@id":"https:\/\/infoecos.com.ar\/index.php\/liga-profesional-de-futbol-se-cerro-la-fecha-con-una-victoria-de-argentinos-juniors-ante-huracan-2-a-1\/","url":"https:\/\/infoecos.com.ar\/index.php\/liga-profesional-de-futbol-se-cerro-la-fecha-con-una-victoria-de-argentinos-juniors-ante-huracan-2-a-1\/","name":"Liga Profesional de F\u00fatbol: se cerr\u00f3 la fecha con una victoria de Argentinos Juniors ante Hurac\u00e1n, 2 a 1 - Infoecos","isPartOf":{"@id":"https:\/\/infoecos.com.ar\/#website"},"primaryImageOfPage":{"@id":"https:\/\/infoecos.com.ar\/index.php\/liga-profesional-de-futbol-se-cerro-la-fecha-con-una-victoria-de-argentinos-juniors-ante-huracan-2-a-1\/#primaryimage"},"image":{"@id":"https:\/\/infoecos.com.ar\/index.php\/liga-profesional-de-futbol-se-cerro-la-fecha-con-una-victoria-de-argentinos-juniors-ante-huracan-2-a-1\/#primaryimage"},"thumbnailUrl":"https:\/\/infoecos.com.ar\/wp-content\/uploads\/2026\/04\/image-254.png","datePublished":"2026-04-28T06:18:29+00:00","dateModified":"2026-04-28T06:18:30+00:00","breadcrumb":{"@id":"https:\/\/infoecos.com.ar\/index.php\/liga-profesional-de-futbol-se-cerro-la-fecha-con-una-victoria-de-argentinos-juniors-ante-huracan-2-a-1\/#breadcrumb"},"inLanguage":"es","potentialAction":[{"@type":"ReadAction","target":["https:\/\/infoecos.com.ar\/index.php\/liga-profesional-de-futbol-se-cerro-la-fecha-con-una-victoria-de-argentinos-juniors-ante-huracan-2-a-1\/"]}]},{"@type":"ImageObject","inLanguage":"es","@id":"https:\/\/infoecos.com.ar\/index.php\/liga-profesional-de-futbol-se-cerro-la-fecha-con-una-victoria-de-argentinos-juniors-ante-huracan-2-a-1\/#primaryimage","url":"https:\/\/infoecos.com.ar\/wp-content\/uploads\/2026\/04\/image-254.png","contentUrl":"https:\/\/infoecos.com.ar\/wp-content\/uploads\/2026\/04\/image-254.png","width":819,"height":1024},{"@type":"BreadcrumbList","@id":"https:\/\/infoecos.com.ar\/index.php\/liga-profesional-de-futbol-se-cerro-la-fecha-con-una-victoria-de-argentinos-juniors-ante-huracan-2-a-1\/#breadcrumb","itemListElement":[{"@type":"ListItem","position":1,"name":"Portada","item":"https:\/\/infoecos.com.ar\/"},{"@type":"ListItem","position":2,"name":"Liga Profesional de F\u00fatbol: se cerr\u00f3 la fecha con una victoria de Argentinos Juniors ante Hurac\u00e1n, 2 a 1"}]},{"@type":"WebSite","@id":"https:\/\/infoecos.com.ar\/#website","url":"https:\/\/infoecos.com.ar\/","name":"Infoecos","description":"Noticias de trenque lauquen y la zona","publisher":{"@id":"https:\/\/infoecos.com.ar\/#organization"},"alternateName":"Noticias","potentialAction":[{"@type":"SearchAction","target":{"@type":"EntryPoint","urlTemplate":"https:\/\/infoecos.com.ar\/?s={search_term_string}"},"query-input":{"@type":"PropertyValueSpecification","valueRequired":true,"valueName":"search_term_string"}}],"inLanguage":"es"},{"@type":"Organization","@id":"https:\/\/infoecos.com.ar\/#organization","name":"Infoecos","alternateName":"Noticias","url":"https:\/\/infoecos.com.ar\/","logo":{"@type":"ImageObject","inLanguage":"es","@id":"https:\/\/infoecos.com.ar\/#\/schema\/logo\/image\/","url":"https:\/\/infoecos.com.ar\/wp-content\/uploads\/2024\/03\/cropped-logo.png","contentUrl":"https:\/\/infoecos.com.ar\/wp-content\/uploads\/2024\/03\/cropped-logo.png","width":374,"height":90,"caption":"Infoecos"},"image":{"@id":"https:\/\/infoecos.com.ar\/#\/schema\/logo\/image\/"},"sameAs":["https:\/\/www.facebook.com\/profile.php?id=100063200290284","https:\/\/x.com\/infoecos"]},{"@type":"Person","@id":"https:\/\/infoecos.com.ar\/#\/schema\/person\/8f5ace5ce73b4b4aac4b7245aee6f191","name":"Jorge Matheus","url":"https:\/\/infoecos.com.ar\/index.php\/author\/jomatheus\/"}]}},"featured_image_urls":{"full":["https:\/\/infoecos.com.ar\/wp-content\/uploads\/2026\/04\/image-254.png",819,1024,false],"thumbnail":["https:\/\/infoecos.com.ar\/wp-content\/uploads\/2026\/04\/image-254-300x150.png",300,150,true],"medium":["https:\/\/infoecos.com.ar\/wp-content\/uploads\/2026\/04\/image-254-640x800.png",640,800,true],"medium_large":["https:\/\/infoecos.com.ar\/wp-content\/uploads\/2026\/04\/image-254-768x960.png",640,800,true],"large":["https:\/\/infoecos.com.ar\/wp-content\/uploads\/2026\/04\/image-254.png",640,800,false],"1536x1536":["https:\/\/infoecos.com.ar\/wp-content\/uploads\/2026\/04\/image-254.png",819,1024,false],"2048x2048":["https:\/\/infoecos.com.ar\/wp-content\/uploads\/2026\/04\/image-254.png",819,1024,false],"covernews-slider-full":["https:\/\/infoecos.com.ar\/wp-content\/uploads\/2026\/04\/image-254-819x715.png",819,715,true],"covernews-slider-center":["https:\/\/infoecos.com.ar\/wp-content\/uploads\/2026\/04\/image-254-800x500.png",800,500,true],"covernews-featured":["https:\/\/infoecos.com.ar\/wp-content\/uploads\/2026\/04\/image-254.png",819,1024,false],"covernews-medium":["https:\/\/infoecos.com.ar\/wp-content\/uploads\/2026\/04\/image-254-540x340.png",540,340,true],"covernews-medium-square":["https:\/\/infoecos.com.ar\/wp-content\/uploads\/2026\/04\/image-254-400x250.png",400,250,true]},"author_info":{"info":["Jorge Matheus"]},"category_info":"<a href=\"https:\/\/infoecos.com.ar\/index.php\/category\/sin-categoria\/\" rel=\"category tag\">Sin categor\u00eda<\/a>","tag_info":"Sin categor\u00eda","comment_count":"0","_links":{"self":[{"href":"https:\/\/infoecos.com.ar\/index.php\/wp-json\/wp\/v2\/posts\/157453"}],"collection":[{"href":"https:\/\/infoecos.com.ar\/index.php\/wp-json\/wp\/v2\/posts"}],"about":[{"href":"https:\/\/infoecos.com.ar\/index.php\/wp-json\/wp\/v2\/types\/post"}],"author":[{"embeddable":true,"href":"https:\/\/infoecos.com.ar\/index.php\/wp-json\/wp\/v2\/users\/2"}],"replies":[{"embeddable":true,"href":"https:\/\/infoecos.com.ar\/index.php\/wp-json\/wp\/v2\/comments?post=157453"}],"version-history":[{"count":1,"href":"https:\/\/infoecos.com.ar\/index.php\/wp-json\/wp\/v2\/posts\/157453\/revisions"}],"predecessor-version":[{"id":157455,"href":"https:\/\/infoecos.com.ar\/index.php\/wp-json\/wp\/v2\/posts\/157453\/revisions\/157455"}],"wp:featuredmedia":[{"embeddable":true,"href":"https:\/\/infoecos.com.ar\/index.php\/wp-json\/wp\/v2\/media\/157454"}],"wp:attachment":[{"href":"https:\/\/infoecos.com.ar\/index.php\/wp-json\/wp\/v2\/media?parent=157453"}],"wp:term":[{"taxonomy":"category","embeddable":true,"href":"https:\/\/infoecos.com.ar\/index.php\/wp-json\/wp\/v2\/categories?post=157453"},{"taxonomy":"post_tag","embeddable":true,"href":"https:\/\/infoecos.com.ar\/index.php\/wp-json\/wp\/v2\/tags?post=157453"}],"curies":[{"name":"wp","href":"https:\/\/api.w.org\/{rel}","templated":true}]}}