{"id":157456,"date":"2026-04-28T03:23:04","date_gmt":"2026-04-28T06:23:04","guid":{"rendered":"https:\/\/infoecos.com.ar\/?p=157456"},"modified":"2026-04-28T03:23:05","modified_gmt":"2026-04-28T06:23:05","slug":"el-gobierno-bonaerense-oficializo-la-suspension-por-noventa-dias-del-programa-mesa","status":"publish","type":"post","link":"https:\/\/infoecos.com.ar\/index.php\/el-gobierno-bonaerense-oficializo-la-suspension-por-noventa-dias-del-programa-mesa\/","title":{"rendered":"El Gobierno bonaerense oficializ\u00f3 la suspensi\u00f3n por noventa d\u00edas del programa MESA"},"content":{"rendered":"\n<p><br>El Gobierno bonaerense oficializ\u00f3 la suspensi\u00f3n por noventa d\u00edas del programa MESA.<\/p>\n\n\n\n<p>Lo hizo a trav\u00e9s de la publiaci\u00f3n en el Bolet\u00edn Oficial de la resoluci\u00f3n 2026-842. Entre los considerandos de la misma el Ministerio de Desarrollo de la Comunidad se\u00f1ala que se impulsa la presente medida en el marco de la Ley N\u00b0 15.557, por la cual se declar\u00f3 el estado de emergencia econ\u00f3mica en la Provincia, \u201cen atenci\u00f3n a la profunda recesi\u00f3n y a la afectaci\u00f3n de los recursos provinciales, debido al incumplimiento, mora y\/o detracci\u00f3n por parte del Estado Nacional de las transferencias autom\u00e1ticas y no autom\u00e1ticas que le corresponden a la Provincia de Buenos Aires\u201d.<\/p>\n\n\n\n<figure class=\"wp-block-image aligncenter size-full is-resized\"><img loading=\"lazy\" decoding=\"async\" width=\"354\" height=\"236\" src=\"https:\/\/infoecos.com.ar\/wp-content\/uploads\/2026\/04\/image-255.png\" alt=\"\" class=\"wp-image-157457\" style=\"width:602px;height:auto\"\/><\/figure>\n","protected":false},"excerpt":{"rendered":"<p>El Gobierno bonaerense oficializ\u00f3 la suspensi\u00f3n por noventa d\u00edas del programa MESA. Lo hizo a&#8230;<\/p>\n","protected":false},"author":2,"featured_media":157457,"comment_status":"closed","ping_status":"open","sticky":false,"template":"","format":"standard","meta":{"footnotes":""},"categories":[1],"tags":[10298,1500,6831],"class_list":["post-157456","post","type-post","status-publish","format-standard","has-post-thumbnail","hentry","category-sin-categoria","tag-bloque-inferior","tag-regional","tag-servicios-comunitarios"],"yoast_head":"<!-- This site is optimized with the Yoast SEO plugin v23.4 - https:\/\/yoast.com\/wordpress\/plugins\/seo\/ -->\n<title>El Gobierno bonaerense oficializ\u00f3 la suspensi\u00f3n por noventa d\u00edas del programa MESA - Infoecos<\/title>\n<meta name=\"robots\" content=\"index, follow, max-snippet:-1, max-image-preview:large, max-video-preview:-1\" \/>\n<link rel=\"canonical\" href=\"https:\/\/infoecos.com.ar\/index.php\/el-gobierno-bonaerense-oficializo-la-suspension-por-noventa-dias-del-programa-mesa\/\" \/>\n<meta property=\"og:locale\" content=\"es_ES\" \/>\n<meta property=\"og:type\" content=\"article\" \/>\n<meta property=\"og:title\" content=\"El Gobierno bonaerense oficializ\u00f3 la suspensi\u00f3n por noventa d\u00edas del programa MESA - Infoecos\" \/>\n<meta property=\"og:description\" content=\"El Gobierno bonaerense oficializ\u00f3 la suspensi\u00f3n por noventa d\u00edas del programa MESA. Lo hizo a...\" \/>\n<meta property=\"og:url\" content=\"https:\/\/infoecos.com.ar\/index.php\/el-gobierno-bonaerense-oficializo-la-suspension-por-noventa-dias-del-programa-mesa\/\" \/>\n<meta property=\"og:site_name\" content=\"Infoecos\" \/>\n<meta property=\"article:publisher\" content=\"https:\/\/www.facebook.com\/profile.php?id=100063200290284\" \/>\n<meta property=\"article:published_time\" content=\"2026-04-28T06:23:04+00:00\" \/>\n<meta property=\"article:modified_time\" content=\"2026-04-28T06:23:05+00:00\" \/>\n<meta property=\"og:image\" content=\"https:\/\/infoecos.com.ar\/wp-content\/uploads\/2026\/04\/image-255.png\" \/>\n\t<meta property=\"og:image:width\" content=\"354\" \/>\n\t<meta property=\"og:image:height\" content=\"236\" \/>\n\t<meta property=\"og:image:type\" content=\"image\/png\" \/>\n<meta name=\"author\" content=\"Jorge Matheus\" \/>\n<meta name=\"twitter:card\" content=\"summary_large_image\" \/>\n<meta name=\"twitter:creator\" content=\"@infoecos\" \/>\n<meta name=\"twitter:site\" content=\"@infoecos\" \/>\n<meta name=\"twitter:label1\" content=\"Escrito por\" \/>\n\t<meta name=\"twitter:data1\" content=\"Jorge Matheus\" \/>\n\t<meta name=\"twitter:label2\" content=\"Tiempo de lectura\" \/>\n\t<meta name=\"twitter:data2\" content=\"1 minuto\" \/>\n<script type=\"application\/ld+json\" class=\"yoast-schema-graph\">{\"@context\":\"https:\/\/schema.org\",\"@graph\":[{\"@type\":\"Article\",\"@id\":\"https:\/\/infoecos.com.ar\/index.php\/el-gobierno-bonaerense-oficializo-la-suspension-por-noventa-dias-del-programa-mesa\/#article\",\"isPartOf\":{\"@id\":\"https:\/\/infoecos.com.ar\/index.php\/el-gobierno-bonaerense-oficializo-la-suspension-por-noventa-dias-del-programa-mesa\/\"},\"author\":{\"name\":\"Jorge Matheus\",\"@id\":\"https:\/\/infoecos.com.ar\/#\/schema\/person\/8f5ace5ce73b4b4aac4b7245aee6f191\"},\"headline\":\"El Gobierno bonaerense oficializ\u00f3 la suspensi\u00f3n por noventa d\u00edas del programa MESA\",\"datePublished\":\"2026-04-28T06:23:04+00:00\",\"dateModified\":\"2026-04-28T06:23:05+00:00\",\"mainEntityOfPage\":{\"@id\":\"https:\/\/infoecos.com.ar\/index.php\/el-gobierno-bonaerense-oficializo-la-suspension-por-noventa-dias-del-programa-mesa\/\"},\"wordCount\":137,\"publisher\":{\"@id\":\"https:\/\/infoecos.com.ar\/#organization\"},\"image\":{\"@id\":\"https:\/\/infoecos.com.ar\/index.php\/el-gobierno-bonaerense-oficializo-la-suspension-por-noventa-dias-del-programa-mesa\/#primaryimage\"},\"thumbnailUrl\":\"https:\/\/infoecos.com.ar\/wp-content\/uploads\/2026\/04\/image-255.png\",\"keywords\":[\"Bloque inferior\",\"REGIONAL\",\"SERVICIOS COMUNITARIOS\"],\"inLanguage\":\"es\"},{\"@type\":\"WebPage\",\"@id\":\"https:\/\/infoecos.com.ar\/index.php\/el-gobierno-bonaerense-oficializo-la-suspension-por-noventa-dias-del-programa-mesa\/\",\"url\":\"https:\/\/infoecos.com.ar\/index.php\/el-gobierno-bonaerense-oficializo-la-suspension-por-noventa-dias-del-programa-mesa\/\",\"name\":\"El Gobierno bonaerense oficializ\u00f3 la suspensi\u00f3n por noventa d\u00edas del programa MESA - Infoecos\",\"isPartOf\":{\"@id\":\"https:\/\/infoecos.com.ar\/#website\"},\"primaryImageOfPage\":{\"@id\":\"https:\/\/infoecos.com.ar\/index.php\/el-gobierno-bonaerense-oficializo-la-suspension-por-noventa-dias-del-programa-mesa\/#primaryimage\"},\"image\":{\"@id\":\"https:\/\/infoecos.com.ar\/index.php\/el-gobierno-bonaerense-oficializo-la-suspension-por-noventa-dias-del-programa-mesa\/#primaryimage\"},\"thumbnailUrl\":\"https:\/\/infoecos.com.ar\/wp-content\/uploads\/2026\/04\/image-255.png\",\"datePublished\":\"2026-04-28T06:23:04+00:00\",\"dateModified\":\"2026-04-28T06:23:05+00:00\",\"breadcrumb\":{\"@id\":\"https:\/\/infoecos.com.ar\/index.php\/el-gobierno-bonaerense-oficializo-la-suspension-por-noventa-dias-del-programa-mesa\/#breadcrumb\"},\"inLanguage\":\"es\",\"potentialAction\":[{\"@type\":\"ReadAction\",\"target\":[\"https:\/\/infoecos.com.ar\/index.php\/el-gobierno-bonaerense-oficializo-la-suspension-por-noventa-dias-del-programa-mesa\/\"]}]},{\"@type\":\"ImageObject\",\"inLanguage\":\"es\",\"@id\":\"https:\/\/infoecos.com.ar\/index.php\/el-gobierno-bonaerense-oficializo-la-suspension-por-noventa-dias-del-programa-mesa\/#primaryimage\",\"url\":\"https:\/\/infoecos.com.ar\/wp-content\/uploads\/2026\/04\/image-255.png\",\"contentUrl\":\"https:\/\/infoecos.com.ar\/wp-content\/uploads\/2026\/04\/image-255.png\",\"width\":354,\"height\":236},{\"@type\":\"BreadcrumbList\",\"@id\":\"https:\/\/infoecos.com.ar\/index.php\/el-gobierno-bonaerense-oficializo-la-suspension-por-noventa-dias-del-programa-mesa\/#breadcrumb\",\"itemListElement\":[{\"@type\":\"ListItem\",\"position\":1,\"name\":\"Portada\",\"item\":\"https:\/\/infoecos.com.ar\/\"},{\"@type\":\"ListItem\",\"position\":2,\"name\":\"El Gobierno bonaerense oficializ\u00f3 la suspensi\u00f3n por noventa d\u00edas del programa MESA\"}]},{\"@type\":\"WebSite\",\"@id\":\"https:\/\/infoecos.com.ar\/#website\",\"url\":\"https:\/\/infoecos.com.ar\/\",\"name\":\"Infoecos\",\"description\":\"Noticias de trenque lauquen y la zona\",\"publisher\":{\"@id\":\"https:\/\/infoecos.com.ar\/#organization\"},\"alternateName\":\"Noticias\",\"potentialAction\":[{\"@type\":\"SearchAction\",\"target\":{\"@type\":\"EntryPoint\",\"urlTemplate\":\"https:\/\/infoecos.com.ar\/?s={search_term_string}\"},\"query-input\":{\"@type\":\"PropertyValueSpecification\",\"valueRequired\":true,\"valueName\":\"search_term_string\"}}],\"inLanguage\":\"es\"},{\"@type\":\"Organization\",\"@id\":\"https:\/\/infoecos.com.ar\/#organization\",\"name\":\"Infoecos\",\"alternateName\":\"Noticias\",\"url\":\"https:\/\/infoecos.com.ar\/\",\"logo\":{\"@type\":\"ImageObject\",\"inLanguage\":\"es\",\"@id\":\"https:\/\/infoecos.com.ar\/#\/schema\/logo\/image\/\",\"url\":\"https:\/\/infoecos.com.ar\/wp-content\/uploads\/2024\/03\/cropped-logo.png\",\"contentUrl\":\"https:\/\/infoecos.com.ar\/wp-content\/uploads\/2024\/03\/cropped-logo.png\",\"width\":374,\"height\":90,\"caption\":\"Infoecos\"},\"image\":{\"@id\":\"https:\/\/infoecos.com.ar\/#\/schema\/logo\/image\/\"},\"sameAs\":[\"https:\/\/www.facebook.com\/profile.php?id=100063200290284\",\"https:\/\/x.com\/infoecos\"]},{\"@type\":\"Person\",\"@id\":\"https:\/\/infoecos.com.ar\/#\/schema\/person\/8f5ace5ce73b4b4aac4b7245aee6f191\",\"name\":\"Jorge Matheus\",\"url\":\"https:\/\/infoecos.com.ar\/index.php\/author\/jomatheus\/\"}]}<\/script>\n<!-- \/ Yoast SEO plugin. -->","yoast_head_json":{"title":"El Gobierno bonaerense oficializ\u00f3 la suspensi\u00f3n por noventa d\u00edas del programa MESA - Infoecos","robots":{"index":"index","follow":"follow","max-snippet":"max-snippet:-1","max-image-preview":"max-image-preview:large","max-video-preview":"max-video-preview:-1"},"canonical":"https:\/\/infoecos.com.ar\/index.php\/el-gobierno-bonaerense-oficializo-la-suspension-por-noventa-dias-del-programa-mesa\/","og_locale":"es_ES","og_type":"article","og_title":"El Gobierno bonaerense oficializ\u00f3 la suspensi\u00f3n por noventa d\u00edas del programa MESA - Infoecos","og_description":"El Gobierno bonaerense oficializ\u00f3 la suspensi\u00f3n por noventa d\u00edas del programa MESA. Lo hizo a...","og_url":"https:\/\/infoecos.com.ar\/index.php\/el-gobierno-bonaerense-oficializo-la-suspension-por-noventa-dias-del-programa-mesa\/","og_site_name":"Infoecos","article_publisher":"https:\/\/www.facebook.com\/profile.php?id=100063200290284","article_published_time":"2026-04-28T06:23:04+00:00","article_modified_time":"2026-04-28T06:23:05+00:00","og_image":[{"width":354,"height":236,"url":"https:\/\/infoecos.com.ar\/wp-content\/uploads\/2026\/04\/image-255.png","type":"image\/png"}],"author":"Jorge Matheus","twitter_card":"summary_large_image","twitter_creator":"@infoecos","twitter_site":"@infoecos","twitter_misc":{"Escrito por":"Jorge Matheus","Tiempo de lectura":"1 minuto"},"schema":{"@context":"https:\/\/schema.org","@graph":[{"@type":"Article","@id":"https:\/\/infoecos.com.ar\/index.php\/el-gobierno-bonaerense-oficializo-la-suspension-por-noventa-dias-del-programa-mesa\/#article","isPartOf":{"@id":"https:\/\/infoecos.com.ar\/index.php\/el-gobierno-bonaerense-oficializo-la-suspension-por-noventa-dias-del-programa-mesa\/"},"author":{"name":"Jorge Matheus","@id":"https:\/\/infoecos.com.ar\/#\/schema\/person\/8f5ace5ce73b4b4aac4b7245aee6f191"},"headline":"El Gobierno bonaerense oficializ\u00f3 la suspensi\u00f3n por noventa d\u00edas del programa MESA","datePublished":"2026-04-28T06:23:04+00:00","dateModified":"2026-04-28T06:23:05+00:00","mainEntityOfPage":{"@id":"https:\/\/infoecos.com.ar\/index.php\/el-gobierno-bonaerense-oficializo-la-suspension-por-noventa-dias-del-programa-mesa\/"},"wordCount":137,"publisher":{"@id":"https:\/\/infoecos.com.ar\/#organization"},"image":{"@id":"https:\/\/infoecos.com.ar\/index.php\/el-gobierno-bonaerense-oficializo-la-suspension-por-noventa-dias-del-programa-mesa\/#primaryimage"},"thumbnailUrl":"https:\/\/infoecos.com.ar\/wp-content\/uploads\/2026\/04\/image-255.png","keywords":["Bloque inferior","REGIONAL","SERVICIOS COMUNITARIOS"],"inLanguage":"es"},{"@type":"WebPage","@id":"https:\/\/infoecos.com.ar\/index.php\/el-gobierno-bonaerense-oficializo-la-suspension-por-noventa-dias-del-programa-mesa\/","url":"https:\/\/infoecos.com.ar\/index.php\/el-gobierno-bonaerense-oficializo-la-suspension-por-noventa-dias-del-programa-mesa\/","name":"El Gobierno bonaerense oficializ\u00f3 la suspensi\u00f3n por noventa d\u00edas del programa MESA - Infoecos","isPartOf":{"@id":"https:\/\/infoecos.com.ar\/#website"},"primaryImageOfPage":{"@id":"https:\/\/infoecos.com.ar\/index.php\/el-gobierno-bonaerense-oficializo-la-suspension-por-noventa-dias-del-programa-mesa\/#primaryimage"},"image":{"@id":"https:\/\/infoecos.com.ar\/index.php\/el-gobierno-bonaerense-oficializo-la-suspension-por-noventa-dias-del-programa-mesa\/#primaryimage"},"thumbnailUrl":"https:\/\/infoecos.com.ar\/wp-content\/uploads\/2026\/04\/image-255.png","datePublished":"2026-04-28T06:23:04+00:00","dateModified":"2026-04-28T06:23:05+00:00","breadcrumb":{"@id":"https:\/\/infoecos.com.ar\/index.php\/el-gobierno-bonaerense-oficializo-la-suspension-por-noventa-dias-del-programa-mesa\/#breadcrumb"},"inLanguage":"es","potentialAction":[{"@type":"ReadAction","target":["https:\/\/infoecos.com.ar\/index.php\/el-gobierno-bonaerense-oficializo-la-suspension-por-noventa-dias-del-programa-mesa\/"]}]},{"@type":"ImageObject","inLanguage":"es","@id":"https:\/\/infoecos.com.ar\/index.php\/el-gobierno-bonaerense-oficializo-la-suspension-por-noventa-dias-del-programa-mesa\/#primaryimage","url":"https:\/\/infoecos.com.ar\/wp-content\/uploads\/2026\/04\/image-255.png","contentUrl":"https:\/\/infoecos.com.ar\/wp-content\/uploads\/2026\/04\/image-255.png","width":354,"height":236},{"@type":"BreadcrumbList","@id":"https:\/\/infoecos.com.ar\/index.php\/el-gobierno-bonaerense-oficializo-la-suspension-por-noventa-dias-del-programa-mesa\/#breadcrumb","itemListElement":[{"@type":"ListItem","position":1,"name":"Portada","item":"https:\/\/infoecos.com.ar\/"},{"@type":"ListItem","position":2,"name":"El Gobierno bonaerense oficializ\u00f3 la suspensi\u00f3n por noventa d\u00edas del programa MESA"}]},{"@type":"WebSite","@id":"https:\/\/infoecos.com.ar\/#website","url":"https:\/\/infoecos.com.ar\/","name":"Infoecos","description":"Noticias de trenque lauquen y la zona","publisher":{"@id":"https:\/\/infoecos.com.ar\/#organization"},"alternateName":"Noticias","potentialAction":[{"@type":"SearchAction","target":{"@type":"EntryPoint","urlTemplate":"https:\/\/infoecos.com.ar\/?s={search_term_string}"},"query-input":{"@type":"PropertyValueSpecification","valueRequired":true,"valueName":"search_term_string"}}],"inLanguage":"es"},{"@type":"Organization","@id":"https:\/\/infoecos.com.ar\/#organization","name":"Infoecos","alternateName":"Noticias","url":"https:\/\/infoecos.com.ar\/","logo":{"@type":"ImageObject","inLanguage":"es","@id":"https:\/\/infoecos.com.ar\/#\/schema\/logo\/image\/","url":"https:\/\/infoecos.com.ar\/wp-content\/uploads\/2024\/03\/cropped-logo.png","contentUrl":"https:\/\/infoecos.com.ar\/wp-content\/uploads\/2024\/03\/cropped-logo.png","width":374,"height":90,"caption":"Infoecos"},"image":{"@id":"https:\/\/infoecos.com.ar\/#\/schema\/logo\/image\/"},"sameAs":["https:\/\/www.facebook.com\/profile.php?id=100063200290284","https:\/\/x.com\/infoecos"]},{"@type":"Person","@id":"https:\/\/infoecos.com.ar\/#\/schema\/person\/8f5ace5ce73b4b4aac4b7245aee6f191","name":"Jorge Matheus","url":"https:\/\/infoecos.com.ar\/index.php\/author\/jomatheus\/"}]}},"featured_image_urls":{"full":["https:\/\/infoecos.com.ar\/wp-content\/uploads\/2026\/04\/image-255.png",354,236,false],"thumbnail":["https:\/\/infoecos.com.ar\/wp-content\/uploads\/2026\/04\/image-255-300x150.png",300,150,true],"medium":["https:\/\/infoecos.com.ar\/wp-content\/uploads\/2026\/04\/image-255.png",354,236,false],"medium_large":["https:\/\/infoecos.com.ar\/wp-content\/uploads\/2026\/04\/image-255.png",354,236,false],"large":["https:\/\/infoecos.com.ar\/wp-content\/uploads\/2026\/04\/image-255.png",354,236,false],"1536x1536":["https:\/\/infoecos.com.ar\/wp-content\/uploads\/2026\/04\/image-255.png",354,236,false],"2048x2048":["https:\/\/infoecos.com.ar\/wp-content\/uploads\/2026\/04\/image-255.png",354,236,false],"covernews-slider-full":["https:\/\/infoecos.com.ar\/wp-content\/uploads\/2026\/04\/image-255.png",354,236,false],"covernews-slider-center":["https:\/\/infoecos.com.ar\/wp-content\/uploads\/2026\/04\/image-255.png",354,236,false],"covernews-featured":["https:\/\/infoecos.com.ar\/wp-content\/uploads\/2026\/04\/image-255.png",354,236,false],"covernews-medium":["https:\/\/infoecos.com.ar\/wp-content\/uploads\/2026\/04\/image-255.png",354,236,false],"covernews-medium-square":["https:\/\/infoecos.com.ar\/wp-content\/uploads\/2026\/04\/image-255.png",354,236,false]},"author_info":{"info":["Jorge Matheus"]},"category_info":"<a href=\"https:\/\/infoecos.com.ar\/index.php\/category\/sin-categoria\/\" rel=\"category tag\">Sin categor\u00eda<\/a>","tag_info":"Sin categor\u00eda","comment_count":"0","_links":{"self":[{"href":"https:\/\/infoecos.com.ar\/index.php\/wp-json\/wp\/v2\/posts\/157456"}],"collection":[{"href":"https:\/\/infoecos.com.ar\/index.php\/wp-json\/wp\/v2\/posts"}],"about":[{"href":"https:\/\/infoecos.com.ar\/index.php\/wp-json\/wp\/v2\/types\/post"}],"author":[{"embeddable":true,"href":"https:\/\/infoecos.com.ar\/index.php\/wp-json\/wp\/v2\/users\/2"}],"replies":[{"embeddable":true,"href":"https:\/\/infoecos.com.ar\/index.php\/wp-json\/wp\/v2\/comments?post=157456"}],"version-history":[{"count":1,"href":"https:\/\/infoecos.com.ar\/index.php\/wp-json\/wp\/v2\/posts\/157456\/revisions"}],"predecessor-version":[{"id":157458,"href":"https:\/\/infoecos.com.ar\/index.php\/wp-json\/wp\/v2\/posts\/157456\/revisions\/157458"}],"wp:featuredmedia":[{"embeddable":true,"href":"https:\/\/infoecos.com.ar\/index.php\/wp-json\/wp\/v2\/media\/157457"}],"wp:attachment":[{"href":"https:\/\/infoecos.com.ar\/index.php\/wp-json\/wp\/v2\/media?parent=157456"}],"wp:term":[{"taxonomy":"category","embeddable":true,"href":"https:\/\/infoecos.com.ar\/index.php\/wp-json\/wp\/v2\/categories?post=157456"},{"taxonomy":"post_tag","embeddable":true,"href":"https:\/\/infoecos.com.ar\/index.php\/wp-json\/wp\/v2\/tags?post=157456"}],"curies":[{"name":"wp","href":"https:\/\/api.w.org\/{rel}","templated":true}]}}