{"id":157459,"date":"2026-04-28T03:28:44","date_gmt":"2026-04-28T06:28:44","guid":{"rendered":"https:\/\/infoecos.com.ar\/?p=157459"},"modified":"2026-04-28T03:28:45","modified_gmt":"2026-04-28T06:28:45","slug":"se-estima-buen-tiempo-para-hoy-con-temperatura-mas-elevada-que-la-del-lunes","status":"publish","type":"post","link":"https:\/\/infoecos.com.ar\/index.php\/se-estima-buen-tiempo-para-hoy-con-temperatura-mas-elevada-que-la-del-lunes\/","title":{"rendered":"Se estima buen tiempo para hoy con temperatura m\u00e1s elevada que la del lunes"},"content":{"rendered":"\n<p class=\"has-text-align-center\"><strong>Servicio Meteorol\u00f3gico Nacional <\/strong><\/p>\n\n\n\n<p><strong><mark style=\"background-color:rgba(0, 0, 0, 0)\" class=\"has-inline-color has-vivid-red-color\">Se estima buen tiempo para hoy con temperatura m\u00e1s elevada que la del lunes <\/mark><\/strong><\/p>\n\n\n\n<figure class=\"wp-block-image aligncenter size-full\"><img loading=\"lazy\" decoding=\"async\" width=\"418\" height=\"222\" src=\"https:\/\/infoecos.com.ar\/wp-content\/uploads\/2026\/04\/image-256.png\" alt=\"\" class=\"wp-image-157460\"\/><\/figure>\n\n\n\n<p class=\"has-text-align-center\"><strong>Sensores Clim\u00e1ticos Municipalidad de Trenque Lauquen <\/strong><\/p>\n\n\n\n<p><strong><mark style=\"background-color:rgba(0, 0, 0, 0)\" class=\"has-inline-color has-vivid-red-color\">En <a href=\"https:\/\/www.facebook.com\/hashtag\/trenquelauquen?__cft__[0]=AZbIJd1ot9QFxi_FCWTR4DR_peZ6cADlUuEAze-YjXZi205NmPPWKgGHRyQWbhgEyuGcvZAexG9OXo9uGFXJ5HM1wq6wCL_MxvoGCwamTYBujiaxONncGd77be8uLMcoAzTMMIxPFlStbDIU152fwGEJc_E7PLKn8pjcQ3SLbQ3rafdnojmVBUe_F7di5cTMb_U&amp;__tn__=*NK-R\">#TrenqueLauquen<\/a>, siempre se debe considerar que la Estaci\u00f3n Meteorol\u00f3gica Digital propiedad del <a href=\"https:\/\/www.facebook.com\/municipio.trenquelauquen?__cft__[0]=AZbIJd1ot9QFxi_FCWTR4DR_peZ6cADlUuEAze-YjXZi205NmPPWKgGHRyQWbhgEyuGcvZAexG9OXo9uGFXJ5HM1wq6wCL_MxvoGCwamTYBujiaxONncGd77be8uLMcoAzTMMIxPFlStbDIU152fwGEJc_E7PLKn8pjcQ3SLbQ3rafdnojmVBUe_F7di5cTMb_U&amp;__tn__=-]K-R\">Municipio Trenque Lauquen<\/a> est\u00e1 instalada en el Club de Planeadores a 6.6 km de la Plaza Principal, la temperatura m\u00ednima de ayer fue de 0.4\u00b0 a las 7.15 y que la m\u00e1xima no alcanz\u00f3 a los 16\u00b0.<\/mark><\/strong><\/p>\n\n\n\n<figure class=\"wp-block-image size-full\"><img loading=\"lazy\" decoding=\"async\" width=\"1089\" height=\"386\" src=\"https:\/\/infoecos.com.ar\/wp-content\/uploads\/2026\/04\/image-257.png\" alt=\"\" class=\"wp-image-157461\" srcset=\"https:\/\/infoecos.com.ar\/wp-content\/uploads\/2026\/04\/image-257.png 1089w, https:\/\/infoecos.com.ar\/wp-content\/uploads\/2026\/04\/image-257-800x284.png 800w, https:\/\/infoecos.com.ar\/wp-content\/uploads\/2026\/04\/image-257-768x272.png 768w, https:\/\/infoecos.com.ar\/wp-content\/uploads\/2026\/04\/image-257-1024x363.png 1024w\" sizes=\"(max-width: 1089px) 100vw, 1089px\" \/><\/figure>\n","protected":false},"excerpt":{"rendered":"<p>Servicio Meteorol\u00f3gico Nacional Se estima buen tiempo para hoy con temperatura m\u00e1s elevada que la&#8230;<\/p>\n","protected":false},"author":2,"featured_media":145340,"comment_status":"closed","ping_status":"open","sticky":false,"template":"","format":"standard","meta":{"footnotes":""},"categories":[1],"tags":[1500,156],"class_list":["post-157459","post","type-post","status-publish","format-standard","has-post-thumbnail","hentry","category-sin-categoria","tag-regional","tag-salud"],"yoast_head":"<!-- This site is optimized with the Yoast SEO plugin v23.4 - https:\/\/yoast.com\/wordpress\/plugins\/seo\/ -->\n<title>Se estima buen tiempo para hoy con temperatura m\u00e1s elevada que la del lunes - Infoecos<\/title>\n<meta name=\"robots\" content=\"index, follow, max-snippet:-1, max-image-preview:large, max-video-preview:-1\" \/>\n<link rel=\"canonical\" href=\"https:\/\/infoecos.com.ar\/index.php\/se-estima-buen-tiempo-para-hoy-con-temperatura-mas-elevada-que-la-del-lunes\/\" \/>\n<meta property=\"og:locale\" content=\"es_ES\" \/>\n<meta property=\"og:type\" content=\"article\" \/>\n<meta property=\"og:title\" content=\"Se estima buen tiempo para hoy con temperatura m\u00e1s elevada que la del lunes - Infoecos\" \/>\n<meta property=\"og:description\" content=\"Servicio Meteorol\u00f3gico Nacional Se estima buen tiempo para hoy con temperatura m\u00e1s elevada que la...\" \/>\n<meta property=\"og:url\" content=\"https:\/\/infoecos.com.ar\/index.php\/se-estima-buen-tiempo-para-hoy-con-temperatura-mas-elevada-que-la-del-lunes\/\" \/>\n<meta property=\"og:site_name\" content=\"Infoecos\" \/>\n<meta property=\"article:publisher\" content=\"https:\/\/www.facebook.com\/profile.php?id=100063200290284\" \/>\n<meta property=\"article:published_time\" content=\"2026-04-28T06:28:44+00:00\" \/>\n<meta property=\"article:modified_time\" content=\"2026-04-28T06:28:45+00:00\" \/>\n<meta property=\"og:image\" content=\"https:\/\/infoecos.com.ar\/wp-content\/uploads\/2025\/08\/20201006_190445-scaled.jpg\" \/>\n\t<meta property=\"og:image:width\" content=\"2560\" \/>\n\t<meta property=\"og:image:height\" content=\"1440\" \/>\n\t<meta property=\"og:image:type\" content=\"image\/jpeg\" \/>\n<meta name=\"author\" content=\"Jorge Matheus\" \/>\n<meta name=\"twitter:card\" content=\"summary_large_image\" \/>\n<meta name=\"twitter:creator\" content=\"@infoecos\" \/>\n<meta name=\"twitter:site\" content=\"@infoecos\" \/>\n<meta name=\"twitter:label1\" content=\"Escrito por\" \/>\n\t<meta name=\"twitter:data1\" content=\"Jorge Matheus\" \/>\n\t<meta name=\"twitter:label2\" content=\"Tiempo de lectura\" \/>\n\t<meta name=\"twitter:data2\" content=\"1 minuto\" \/>\n<script type=\"application\/ld+json\" class=\"yoast-schema-graph\">{\"@context\":\"https:\/\/schema.org\",\"@graph\":[{\"@type\":\"Article\",\"@id\":\"https:\/\/infoecos.com.ar\/index.php\/se-estima-buen-tiempo-para-hoy-con-temperatura-mas-elevada-que-la-del-lunes\/#article\",\"isPartOf\":{\"@id\":\"https:\/\/infoecos.com.ar\/index.php\/se-estima-buen-tiempo-para-hoy-con-temperatura-mas-elevada-que-la-del-lunes\/\"},\"author\":{\"name\":\"Jorge Matheus\",\"@id\":\"https:\/\/infoecos.com.ar\/#\/schema\/person\/8f5ace5ce73b4b4aac4b7245aee6f191\"},\"headline\":\"Se estima buen tiempo para hoy con temperatura m\u00e1s elevada que la del lunes\",\"datePublished\":\"2026-04-28T06:28:44+00:00\",\"dateModified\":\"2026-04-28T06:28:45+00:00\",\"mainEntityOfPage\":{\"@id\":\"https:\/\/infoecos.com.ar\/index.php\/se-estima-buen-tiempo-para-hoy-con-temperatura-mas-elevada-que-la-del-lunes\/\"},\"wordCount\":91,\"publisher\":{\"@id\":\"https:\/\/infoecos.com.ar\/#organization\"},\"image\":{\"@id\":\"https:\/\/infoecos.com.ar\/index.php\/se-estima-buen-tiempo-para-hoy-con-temperatura-mas-elevada-que-la-del-lunes\/#primaryimage\"},\"thumbnailUrl\":\"https:\/\/infoecos.com.ar\/wp-content\/uploads\/2025\/08\/20201006_190445-scaled.jpg\",\"keywords\":[\"REGIONAL\",\"SALUD\"],\"inLanguage\":\"es\"},{\"@type\":\"WebPage\",\"@id\":\"https:\/\/infoecos.com.ar\/index.php\/se-estima-buen-tiempo-para-hoy-con-temperatura-mas-elevada-que-la-del-lunes\/\",\"url\":\"https:\/\/infoecos.com.ar\/index.php\/se-estima-buen-tiempo-para-hoy-con-temperatura-mas-elevada-que-la-del-lunes\/\",\"name\":\"Se estima buen tiempo para hoy con temperatura m\u00e1s elevada que la del lunes - Infoecos\",\"isPartOf\":{\"@id\":\"https:\/\/infoecos.com.ar\/#website\"},\"primaryImageOfPage\":{\"@id\":\"https:\/\/infoecos.com.ar\/index.php\/se-estima-buen-tiempo-para-hoy-con-temperatura-mas-elevada-que-la-del-lunes\/#primaryimage\"},\"image\":{\"@id\":\"https:\/\/infoecos.com.ar\/index.php\/se-estima-buen-tiempo-para-hoy-con-temperatura-mas-elevada-que-la-del-lunes\/#primaryimage\"},\"thumbnailUrl\":\"https:\/\/infoecos.com.ar\/wp-content\/uploads\/2025\/08\/20201006_190445-scaled.jpg\",\"datePublished\":\"2026-04-28T06:28:44+00:00\",\"dateModified\":\"2026-04-28T06:28:45+00:00\",\"breadcrumb\":{\"@id\":\"https:\/\/infoecos.com.ar\/index.php\/se-estima-buen-tiempo-para-hoy-con-temperatura-mas-elevada-que-la-del-lunes\/#breadcrumb\"},\"inLanguage\":\"es\",\"potentialAction\":[{\"@type\":\"ReadAction\",\"target\":[\"https:\/\/infoecos.com.ar\/index.php\/se-estima-buen-tiempo-para-hoy-con-temperatura-mas-elevada-que-la-del-lunes\/\"]}]},{\"@type\":\"ImageObject\",\"inLanguage\":\"es\",\"@id\":\"https:\/\/infoecos.com.ar\/index.php\/se-estima-buen-tiempo-para-hoy-con-temperatura-mas-elevada-que-la-del-lunes\/#primaryimage\",\"url\":\"https:\/\/infoecos.com.ar\/wp-content\/uploads\/2025\/08\/20201006_190445-scaled.jpg\",\"contentUrl\":\"https:\/\/infoecos.com.ar\/wp-content\/uploads\/2025\/08\/20201006_190445-scaled.jpg\",\"width\":2560,\"height\":1440},{\"@type\":\"BreadcrumbList\",\"@id\":\"https:\/\/infoecos.com.ar\/index.php\/se-estima-buen-tiempo-para-hoy-con-temperatura-mas-elevada-que-la-del-lunes\/#breadcrumb\",\"itemListElement\":[{\"@type\":\"ListItem\",\"position\":1,\"name\":\"Portada\",\"item\":\"https:\/\/infoecos.com.ar\/\"},{\"@type\":\"ListItem\",\"position\":2,\"name\":\"Se estima buen tiempo para hoy con temperatura m\u00e1s elevada que la del lunes\"}]},{\"@type\":\"WebSite\",\"@id\":\"https:\/\/infoecos.com.ar\/#website\",\"url\":\"https:\/\/infoecos.com.ar\/\",\"name\":\"Infoecos\",\"description\":\"Noticias de trenque lauquen y la zona\",\"publisher\":{\"@id\":\"https:\/\/infoecos.com.ar\/#organization\"},\"alternateName\":\"Noticias\",\"potentialAction\":[{\"@type\":\"SearchAction\",\"target\":{\"@type\":\"EntryPoint\",\"urlTemplate\":\"https:\/\/infoecos.com.ar\/?s={search_term_string}\"},\"query-input\":{\"@type\":\"PropertyValueSpecification\",\"valueRequired\":true,\"valueName\":\"search_term_string\"}}],\"inLanguage\":\"es\"},{\"@type\":\"Organization\",\"@id\":\"https:\/\/infoecos.com.ar\/#organization\",\"name\":\"Infoecos\",\"alternateName\":\"Noticias\",\"url\":\"https:\/\/infoecos.com.ar\/\",\"logo\":{\"@type\":\"ImageObject\",\"inLanguage\":\"es\",\"@id\":\"https:\/\/infoecos.com.ar\/#\/schema\/logo\/image\/\",\"url\":\"https:\/\/infoecos.com.ar\/wp-content\/uploads\/2024\/03\/cropped-logo.png\",\"contentUrl\":\"https:\/\/infoecos.com.ar\/wp-content\/uploads\/2024\/03\/cropped-logo.png\",\"width\":374,\"height\":90,\"caption\":\"Infoecos\"},\"image\":{\"@id\":\"https:\/\/infoecos.com.ar\/#\/schema\/logo\/image\/\"},\"sameAs\":[\"https:\/\/www.facebook.com\/profile.php?id=100063200290284\",\"https:\/\/x.com\/infoecos\"]},{\"@type\":\"Person\",\"@id\":\"https:\/\/infoecos.com.ar\/#\/schema\/person\/8f5ace5ce73b4b4aac4b7245aee6f191\",\"name\":\"Jorge Matheus\",\"url\":\"https:\/\/infoecos.com.ar\/index.php\/author\/jomatheus\/\"}]}<\/script>\n<!-- \/ Yoast SEO plugin. -->","yoast_head_json":{"title":"Se estima buen tiempo para hoy con temperatura m\u00e1s elevada que la del lunes - Infoecos","robots":{"index":"index","follow":"follow","max-snippet":"max-snippet:-1","max-image-preview":"max-image-preview:large","max-video-preview":"max-video-preview:-1"},"canonical":"https:\/\/infoecos.com.ar\/index.php\/se-estima-buen-tiempo-para-hoy-con-temperatura-mas-elevada-que-la-del-lunes\/","og_locale":"es_ES","og_type":"article","og_title":"Se estima buen tiempo para hoy con temperatura m\u00e1s elevada que la del lunes - Infoecos","og_description":"Servicio Meteorol\u00f3gico Nacional Se estima buen tiempo para hoy con temperatura m\u00e1s elevada que la...","og_url":"https:\/\/infoecos.com.ar\/index.php\/se-estima-buen-tiempo-para-hoy-con-temperatura-mas-elevada-que-la-del-lunes\/","og_site_name":"Infoecos","article_publisher":"https:\/\/www.facebook.com\/profile.php?id=100063200290284","article_published_time":"2026-04-28T06:28:44+00:00","article_modified_time":"2026-04-28T06:28:45+00:00","og_image":[{"width":2560,"height":1440,"url":"https:\/\/infoecos.com.ar\/wp-content\/uploads\/2025\/08\/20201006_190445-scaled.jpg","type":"image\/jpeg"}],"author":"Jorge Matheus","twitter_card":"summary_large_image","twitter_creator":"@infoecos","twitter_site":"@infoecos","twitter_misc":{"Escrito por":"Jorge Matheus","Tiempo de lectura":"1 minuto"},"schema":{"@context":"https:\/\/schema.org","@graph":[{"@type":"Article","@id":"https:\/\/infoecos.com.ar\/index.php\/se-estima-buen-tiempo-para-hoy-con-temperatura-mas-elevada-que-la-del-lunes\/#article","isPartOf":{"@id":"https:\/\/infoecos.com.ar\/index.php\/se-estima-buen-tiempo-para-hoy-con-temperatura-mas-elevada-que-la-del-lunes\/"},"author":{"name":"Jorge Matheus","@id":"https:\/\/infoecos.com.ar\/#\/schema\/person\/8f5ace5ce73b4b4aac4b7245aee6f191"},"headline":"Se estima buen tiempo para hoy con temperatura m\u00e1s elevada que la del lunes","datePublished":"2026-04-28T06:28:44+00:00","dateModified":"2026-04-28T06:28:45+00:00","mainEntityOfPage":{"@id":"https:\/\/infoecos.com.ar\/index.php\/se-estima-buen-tiempo-para-hoy-con-temperatura-mas-elevada-que-la-del-lunes\/"},"wordCount":91,"publisher":{"@id":"https:\/\/infoecos.com.ar\/#organization"},"image":{"@id":"https:\/\/infoecos.com.ar\/index.php\/se-estima-buen-tiempo-para-hoy-con-temperatura-mas-elevada-que-la-del-lunes\/#primaryimage"},"thumbnailUrl":"https:\/\/infoecos.com.ar\/wp-content\/uploads\/2025\/08\/20201006_190445-scaled.jpg","keywords":["REGIONAL","SALUD"],"inLanguage":"es"},{"@type":"WebPage","@id":"https:\/\/infoecos.com.ar\/index.php\/se-estima-buen-tiempo-para-hoy-con-temperatura-mas-elevada-que-la-del-lunes\/","url":"https:\/\/infoecos.com.ar\/index.php\/se-estima-buen-tiempo-para-hoy-con-temperatura-mas-elevada-que-la-del-lunes\/","name":"Se estima buen tiempo para hoy con temperatura m\u00e1s elevada que la del lunes - Infoecos","isPartOf":{"@id":"https:\/\/infoecos.com.ar\/#website"},"primaryImageOfPage":{"@id":"https:\/\/infoecos.com.ar\/index.php\/se-estima-buen-tiempo-para-hoy-con-temperatura-mas-elevada-que-la-del-lunes\/#primaryimage"},"image":{"@id":"https:\/\/infoecos.com.ar\/index.php\/se-estima-buen-tiempo-para-hoy-con-temperatura-mas-elevada-que-la-del-lunes\/#primaryimage"},"thumbnailUrl":"https:\/\/infoecos.com.ar\/wp-content\/uploads\/2025\/08\/20201006_190445-scaled.jpg","datePublished":"2026-04-28T06:28:44+00:00","dateModified":"2026-04-28T06:28:45+00:00","breadcrumb":{"@id":"https:\/\/infoecos.com.ar\/index.php\/se-estima-buen-tiempo-para-hoy-con-temperatura-mas-elevada-que-la-del-lunes\/#breadcrumb"},"inLanguage":"es","potentialAction":[{"@type":"ReadAction","target":["https:\/\/infoecos.com.ar\/index.php\/se-estima-buen-tiempo-para-hoy-con-temperatura-mas-elevada-que-la-del-lunes\/"]}]},{"@type":"ImageObject","inLanguage":"es","@id":"https:\/\/infoecos.com.ar\/index.php\/se-estima-buen-tiempo-para-hoy-con-temperatura-mas-elevada-que-la-del-lunes\/#primaryimage","url":"https:\/\/infoecos.com.ar\/wp-content\/uploads\/2025\/08\/20201006_190445-scaled.jpg","contentUrl":"https:\/\/infoecos.com.ar\/wp-content\/uploads\/2025\/08\/20201006_190445-scaled.jpg","width":2560,"height":1440},{"@type":"BreadcrumbList","@id":"https:\/\/infoecos.com.ar\/index.php\/se-estima-buen-tiempo-para-hoy-con-temperatura-mas-elevada-que-la-del-lunes\/#breadcrumb","itemListElement":[{"@type":"ListItem","position":1,"name":"Portada","item":"https:\/\/infoecos.com.ar\/"},{"@type":"ListItem","position":2,"name":"Se estima buen tiempo para hoy con temperatura m\u00e1s elevada que la del lunes"}]},{"@type":"WebSite","@id":"https:\/\/infoecos.com.ar\/#website","url":"https:\/\/infoecos.com.ar\/","name":"Infoecos","description":"Noticias de trenque lauquen y la zona","publisher":{"@id":"https:\/\/infoecos.com.ar\/#organization"},"alternateName":"Noticias","potentialAction":[{"@type":"SearchAction","target":{"@type":"EntryPoint","urlTemplate":"https:\/\/infoecos.com.ar\/?s={search_term_string}"},"query-input":{"@type":"PropertyValueSpecification","valueRequired":true,"valueName":"search_term_string"}}],"inLanguage":"es"},{"@type":"Organization","@id":"https:\/\/infoecos.com.ar\/#organization","name":"Infoecos","alternateName":"Noticias","url":"https:\/\/infoecos.com.ar\/","logo":{"@type":"ImageObject","inLanguage":"es","@id":"https:\/\/infoecos.com.ar\/#\/schema\/logo\/image\/","url":"https:\/\/infoecos.com.ar\/wp-content\/uploads\/2024\/03\/cropped-logo.png","contentUrl":"https:\/\/infoecos.com.ar\/wp-content\/uploads\/2024\/03\/cropped-logo.png","width":374,"height":90,"caption":"Infoecos"},"image":{"@id":"https:\/\/infoecos.com.ar\/#\/schema\/logo\/image\/"},"sameAs":["https:\/\/www.facebook.com\/profile.php?id=100063200290284","https:\/\/x.com\/infoecos"]},{"@type":"Person","@id":"https:\/\/infoecos.com.ar\/#\/schema\/person\/8f5ace5ce73b4b4aac4b7245aee6f191","name":"Jorge Matheus","url":"https:\/\/infoecos.com.ar\/index.php\/author\/jomatheus\/"}]}},"featured_image_urls":{"full":["https:\/\/infoecos.com.ar\/wp-content\/uploads\/2025\/08\/20201006_190445-scaled.jpg",2560,1440,false],"thumbnail":["https:\/\/infoecos.com.ar\/wp-content\/uploads\/2025\/08\/20201006_190445-300x150.jpg",300,150,true],"medium":["https:\/\/infoecos.com.ar\/wp-content\/uploads\/2025\/08\/20201006_190445-800x450.jpg",800,450,true],"medium_large":["https:\/\/infoecos.com.ar\/wp-content\/uploads\/2025\/08\/20201006_190445-768x432.jpg",640,360,true],"large":["https:\/\/infoecos.com.ar\/wp-content\/uploads\/2025\/08\/20201006_190445-1600x900.jpg",640,360,true],"1536x1536":["https:\/\/infoecos.com.ar\/wp-content\/uploads\/2025\/08\/20201006_190445-1536x864.jpg",1536,864,true],"2048x2048":["https:\/\/infoecos.com.ar\/wp-content\/uploads\/2025\/08\/20201006_190445-2048x1152.jpg",2048,1152,true],"covernews-slider-full":["https:\/\/infoecos.com.ar\/wp-content\/uploads\/2025\/08\/20201006_190445-1115x715.jpg",1115,715,true],"covernews-slider-center":["https:\/\/infoecos.com.ar\/wp-content\/uploads\/2025\/08\/20201006_190445-800x500.jpg",800,500,true],"covernews-featured":["https:\/\/infoecos.com.ar\/wp-content\/uploads\/2025\/08\/20201006_190445-1024x576.jpg",1024,576,true],"covernews-medium":["https:\/\/infoecos.com.ar\/wp-content\/uploads\/2025\/08\/20201006_190445-540x340.jpg",540,340,true],"covernews-medium-square":["https:\/\/infoecos.com.ar\/wp-content\/uploads\/2025\/08\/20201006_190445-400x250.jpg",400,250,true]},"author_info":{"info":["Jorge Matheus"]},"category_info":"<a href=\"https:\/\/infoecos.com.ar\/index.php\/category\/sin-categoria\/\" rel=\"category tag\">Sin categor\u00eda<\/a>","tag_info":"Sin categor\u00eda","comment_count":"0","_links":{"self":[{"href":"https:\/\/infoecos.com.ar\/index.php\/wp-json\/wp\/v2\/posts\/157459"}],"collection":[{"href":"https:\/\/infoecos.com.ar\/index.php\/wp-json\/wp\/v2\/posts"}],"about":[{"href":"https:\/\/infoecos.com.ar\/index.php\/wp-json\/wp\/v2\/types\/post"}],"author":[{"embeddable":true,"href":"https:\/\/infoecos.com.ar\/index.php\/wp-json\/wp\/v2\/users\/2"}],"replies":[{"embeddable":true,"href":"https:\/\/infoecos.com.ar\/index.php\/wp-json\/wp\/v2\/comments?post=157459"}],"version-history":[{"count":1,"href":"https:\/\/infoecos.com.ar\/index.php\/wp-json\/wp\/v2\/posts\/157459\/revisions"}],"predecessor-version":[{"id":157462,"href":"https:\/\/infoecos.com.ar\/index.php\/wp-json\/wp\/v2\/posts\/157459\/revisions\/157462"}],"wp:featuredmedia":[{"embeddable":true,"href":"https:\/\/infoecos.com.ar\/index.php\/wp-json\/wp\/v2\/media\/145340"}],"wp:attachment":[{"href":"https:\/\/infoecos.com.ar\/index.php\/wp-json\/wp\/v2\/media?parent=157459"}],"wp:term":[{"taxonomy":"category","embeddable":true,"href":"https:\/\/infoecos.com.ar\/index.php\/wp-json\/wp\/v2\/categories?post=157459"},{"taxonomy":"post_tag","embeddable":true,"href":"https:\/\/infoecos.com.ar\/index.php\/wp-json\/wp\/v2\/tags?post=157459"}],"curies":[{"name":"wp","href":"https:\/\/api.w.org\/{rel}","templated":true}]}}