{"id":157469,"date":"2026-04-28T19:52:43","date_gmt":"2026-04-28T22:52:43","guid":{"rendered":"https:\/\/infoecos.com.ar\/?p=157469"},"modified":"2026-04-28T21:20:36","modified_gmt":"2026-04-29T00:20:36","slug":"analisis-de-la-universidad-austral-muestra-una-caida-significativa-de-la-confianza-en-los-productores-agropecuarios","status":"publish","type":"post","link":"https:\/\/infoecos.com.ar\/index.php\/analisis-de-la-universidad-austral-muestra-una-caida-significativa-de-la-confianza-en-los-productores-agropecuarios\/","title":{"rendered":"Cae la confianza de los productores registrando una ca\u00edda significativa al ubicarse muy abajo de enero y febrero"},"content":{"rendered":"\n<p>La confianza de los productores agropecuarios registr\u00f3 una&nbsp;<strong>ca\u00edda significativa del 16%<\/strong>en la medici\u00f3n marzo\/abril del Ag Barometer Austral, al ubicarse en&nbsp;<strong>132 puntos frente a los 158 de enero\/febrero<\/strong>, seg\u00fan el \u00faltimo informe elaborado por el Centro de Agronegocios y Alimentos de la Universidad Austral.<\/p>\n\n\n\n<figure class=\"wp-block-image alignright size-full is-resized\"><img loading=\"lazy\" decoding=\"async\" width=\"740\" height=\"493\" src=\"https:\/\/infoecos.com.ar\/wp-content\/uploads\/2026\/04\/image-261.png\" alt=\"\" class=\"wp-image-157473\" style=\"width:443px;height:auto\"\/><\/figure>\n\n\n\n<p>El retroceso tambi\u00e9n se evidencia frente al pico hist\u00f3rico de&nbsp;<strong>159 puntos registrado en noviembre\/diciembre de 2025<\/strong>, lo que marca un punto de inflexi\u00f3n tras los m\u00e1ximos alcanzados luego de las elecciones legislativas de medio t\u00e9rmino de ese a\u00f1o. En t\u00e9rminos interanuales, la baja es m\u00e1s moderada (<strong>3,6%<\/strong>) y el \u00edndice se mantiene por encima de los 100 puntos desde noviembre de 2023.<\/p>\n\n\n\n<p>\u201c<strong>El cambio de tendencia responde, en gran medida, al impacto del contexto internacional sobre los costos de producci\u00f3n, particularmente por la suba del precio del petr\u00f3leo y su efecto en insumos clave como el gasoil y los fertilizantes<\/strong>\u201d, explic\u00f3&nbsp;<strong>Carlos Steiger, director del Ag Barometer Austral e investigador del Centro de Agronegocios y Alimentos de la Universidad Austral<\/strong>.<\/p>\n\n\n\n<p><strong>Ca\u00edda generalizada y deterioro de las condiciones<\/strong><\/p>\n\n\n\n<p>La baja del \u00edndice se explica por un retroceso en todos sus componentes. La mayor ca\u00edda se observa en el&nbsp;<strong>\u00cdndice de Condiciones Presentes<\/strong>, que descendi\u00f3 un<strong>18% (108 vs 138)<\/strong>. Dentro de este indicador, la&nbsp;<strong>situaci\u00f3n financiera actual cay\u00f3 un 21% (107 vs 138)<\/strong>, reflejando el deterioro en los m\u00e1rgenes de los productores.<\/p>\n\n\n\n<p>Por su parte, las&nbsp;<strong>expectativas de inversi\u00f3n en activos fijos se contrajeron un 14% (109 vs 127)<\/strong>. Aun as\u00ed, un&nbsp;<strong>54% de los productores considera que sigue siendo un buen momento para invertir<\/strong>, aunque s\u00f3lo un&nbsp;<strong>43% prev\u00e9 concretar esas inversiones en el corto plazo<\/strong>, lo que confirma un escenario de cautela.<\/p>\n\n\n\n<p>\u201c<strong>Se mantiene la intenci\u00f3n de inversi\u00f3n, pero no necesariamente su concreci\u00f3n. La incertidumbre sobre los costos y la rentabilidad futura est\u00e1 generando cautela en la toma de decisiones<\/strong>\u201d, se\u00f1al\u00f3 Steiger.<\/p>\n\n\n\n<figure class=\"wp-block-image aligncenter size-full\"><img loading=\"lazy\" decoding=\"async\" width=\"1047\" height=\"635\" src=\"https:\/\/infoecos.com.ar\/wp-content\/uploads\/2026\/04\/image-259.png\" alt=\"\" class=\"wp-image-157470\" srcset=\"https:\/\/infoecos.com.ar\/wp-content\/uploads\/2026\/04\/image-259.png 1047w, https:\/\/infoecos.com.ar\/wp-content\/uploads\/2026\/04\/image-259-800x485.png 800w, https:\/\/infoecos.com.ar\/wp-content\/uploads\/2026\/04\/image-259-768x466.png 768w, https:\/\/infoecos.com.ar\/wp-content\/uploads\/2026\/04\/image-259-1024x621.png 1024w\" sizes=\"(max-width: 1047px) 100vw, 1047px\" \/><\/figure>\n\n\n\n<p>En paralelo, el&nbsp;<strong>\u00cdndice de Expectativas Futuras<\/strong>&nbsp;registr\u00f3 una ca\u00edda del&nbsp;<strong>14,8% (149 vs 175)<\/strong>. La&nbsp;<strong>situaci\u00f3n financiera esperada a 12 meses cay\u00f3 un 13% (144 vs 167)<\/strong>, mientras que las&nbsp;<strong>expectativas sobre el sector se redujeron un 20% (136 vs 170)<\/strong>, evidenciando un ajuste en la mirada de mediano plazo.<\/p>\n\n\n\n<p><strong>Impacto internacional y presi\u00f3n sobre los costos<\/strong><\/p>\n\n\n\n<p>Uno de los factores centrales detr\u00e1s de este cambio de tendencia es el efecto del conflicto en Medio Oriente sobre los costos productivos. El aumento del precio del petr\u00f3leo impacta directamente en el valor del gasoil (clave para labores y fletes) y tambi\u00e9n en el precio de los fertilizantes, especialmente la urea, afectando la rentabilidad actual y proyectada.<\/p>\n\n\n\n<p>Este impacto se refleja claramente en las preocupaciones de los productores: el&nbsp;<strong>66% identifica el aumento de los precios de los insumos en d\u00f3lares como su principal desaf\u00edo<\/strong>&nbsp;para los pr\u00f3ximos 12 meses, seguido por el&nbsp;<strong>clima (35%)<\/strong>, los&nbsp;<strong>precios de los productos agr\u00edcolas (33%)<\/strong>, las&nbsp;<strong>altas tasas de inter\u00e9s en pesos (24%)<\/strong>&nbsp;y la&nbsp;<strong>baja rentabilidad agr\u00edcola (19%)<\/strong>. En contraste, la&nbsp;<strong>incertidumbre econ\u00f3mica (12%) y pol\u00edtica (12%) pierden relevancia<\/strong>, luego de haber sido los principales factores en mediciones anteriores.<\/p>\n\n\n\n<p>\u201c<strong>El aumento de costos derivado del conflicto internacional ya est\u00e1 influyendo en las decisiones productivas y en la planificaci\u00f3n de la pr\u00f3xima campa\u00f1a<\/strong>\u201d, advirti\u00f3 Steiger.<\/p>\n\n\n\n<p>En este contexto, la campa\u00f1a de trigo 2026\/27 aparece particularmente condicionada: un&nbsp;<strong>61% de los productores enfrenta un escenario desfavorable para la siembra<\/strong>, y como consecuencia un&nbsp;<strong>41% planea reducir el \u00e1rea sembrada<\/strong>, mientras que un&nbsp;<strong>49% la mantendr\u00eda y solo un 9% la incrementar\u00eda<\/strong>, tras una campa\u00f1a r\u00e9cord en 2025\/26.<\/p>\n\n\n\n<p>La presi\u00f3n sobre los &nbsp;m\u00e1rgenes no es exclusiva de la Argentina. En Brasil se observa un&nbsp;estrechamiento de los m\u00e1rgenes de la soja, mientras que en Estados Unidos los &nbsp;productores enfrentan resultados negativos y reciben apoyo estatal para &nbsp;sostener la actividad.<\/p>\n\n\n\n<figure class=\"wp-block-image size-full\"><img loading=\"lazy\" decoding=\"async\" width=\"1274\" height=\"663\" src=\"https:\/\/infoecos.com.ar\/wp-content\/uploads\/2026\/04\/image-260.png\" alt=\"\" class=\"wp-image-157471\" srcset=\"https:\/\/infoecos.com.ar\/wp-content\/uploads\/2026\/04\/image-260.png 1274w, https:\/\/infoecos.com.ar\/wp-content\/uploads\/2026\/04\/image-260-800x416.png 800w, https:\/\/infoecos.com.ar\/wp-content\/uploads\/2026\/04\/image-260-768x400.png 768w, https:\/\/infoecos.com.ar\/wp-content\/uploads\/2026\/04\/image-260-1024x533.png 1024w\" sizes=\"(max-width: 1274px) 100vw, 1274px\" \/><\/figure>\n\n\n\n<p><strong>Inversi\u00f3n frenada y cambio en las preocupaciones<\/strong><\/p>\n\n\n\n<p>Las inversiones contin\u00faan sin consolidarse. En caso de concretarse, las&nbsp;<strong>maquinarias lideran las decisiones (57%)<\/strong>, seguidas por&nbsp;<strong>vientres vacunos (25%)<\/strong>,&nbsp;<strong>instalaciones (22%)<\/strong>&nbsp;y, en menor medida, la&nbsp;<strong>compra de tierras (9%)<\/strong>.<\/p>\n\n\n\n<p>\u201c<strong>Las altas tasas de inter\u00e9s siguen siendo un factor limitante. Aunque hubo una baja en las tasas pasivas, el cr\u00e9dito todav\u00eda no refleja plenamente esa mejora y eso condiciona las decisiones de inversi\u00f3n<\/strong>\u201d, explic\u00f3 Steiger.<\/p>\n\n\n\n<p>En cuanto a la comercializaci\u00f3n, luego de cubrir los costos de la campa\u00f1a 2025\/26, la mayor\u00eda de los productores prioriza la venta de&nbsp;<strong>trigo<\/strong>, seguido por&nbsp;<strong>ma\u00edz y soja<\/strong>, aunque otro grupo relevante invierte ese orden entre soja y ma\u00edz. Al mismo tiempo, se destaca que un&nbsp;<strong>71% de los productores increment\u00f3 sus stocks de ma\u00edz<\/strong>, principalmente por su uso en alimentaci\u00f3n animal, mayores rindes o como reserva de valor, lo que refleja una estrategia m\u00e1s conservadora frente a la incertidumbre de precios.<\/p>\n\n\n\n<p>\u201c<strong>Hoy las preocupaciones del productor est\u00e1n mucho m\u00e1s asociadas a variables concretas del negocio que al contexto pol\u00edtico local, lo que marca un cambio relevante en la percepci\u00f3n del sector<\/strong>\u201d, concluy\u00f3 Steiger.<\/p>\n\n\n\n<div data-wp-interactive=\"core\/file\" class=\"wp-block-file\"><object data-wp-bind--hidden=\"!state.hasPdfPreview\"  class=\"wp-block-file__embed\" data=\"https:\/\/infoecos.com.ar\/wp-content\/uploads\/2026\/04\/universidad-austral-campo.pdf\" type=\"application\/pdf\" style=\"width:100%;height:600px\" aria-label=\"Incrustado de universidad austral campo.\"><\/object><a id=\"wp-block-file--media-82afe3d9-0ea9-4433-b62a-6bbfdedc96dc\" href=\"https:\/\/infoecos.com.ar\/wp-content\/uploads\/2026\/04\/universidad-austral-campo.pdf\">universidad austral campo<\/a><a href=\"https:\/\/infoecos.com.ar\/wp-content\/uploads\/2026\/04\/universidad-austral-campo.pdf\" class=\"wp-block-file__button wp-element-button\" download aria-describedby=\"wp-block-file--media-82afe3d9-0ea9-4433-b62a-6bbfdedc96dc\">Descarga<\/a><\/div>\n","protected":false},"excerpt":{"rendered":"<p>La confianza de los productores agropecuarios registr\u00f3 una&nbsp;ca\u00edda significativa del 16%en la medici\u00f3n marzo\/abril del&#8230;<\/p>\n","protected":false},"author":2,"featured_media":157473,"comment_status":"closed","ping_status":"open","sticky":false,"template":"","format":"standard","meta":{"footnotes":""},"categories":[1],"tags":[1750,1500,156],"class_list":["post-157469","post","type-post","status-publish","format-standard","has-post-thumbnail","hentry","category-sin-categoria","tag-deporte","tag-regional","tag-salud"],"yoast_head":"<!-- This site is optimized with the Yoast SEO plugin v23.4 - https:\/\/yoast.com\/wordpress\/plugins\/seo\/ -->\n<title>Cae la confianza de los productores registrando una ca\u00edda significativa al ubicarse muy abajo de enero y febrero - Infoecos<\/title>\n<meta name=\"robots\" content=\"index, follow, max-snippet:-1, max-image-preview:large, max-video-preview:-1\" \/>\n<link rel=\"canonical\" href=\"https:\/\/infoecos.com.ar\/index.php\/analisis-de-la-universidad-austral-muestra-una-caida-significativa-de-la-confianza-en-los-productores-agropecuarios\/\" \/>\n<meta property=\"og:locale\" content=\"es_ES\" \/>\n<meta property=\"og:type\" content=\"article\" \/>\n<meta property=\"og:title\" content=\"Cae la confianza de los productores registrando una ca\u00edda significativa al ubicarse muy abajo de enero y febrero - Infoecos\" \/>\n<meta property=\"og:description\" content=\"La confianza de los productores agropecuarios registr\u00f3 una&nbsp;ca\u00edda significativa del 16%en la medici\u00f3n marzo\/abril del...\" \/>\n<meta property=\"og:url\" content=\"https:\/\/infoecos.com.ar\/index.php\/analisis-de-la-universidad-austral-muestra-una-caida-significativa-de-la-confianza-en-los-productores-agropecuarios\/\" \/>\n<meta property=\"og:site_name\" content=\"Infoecos\" \/>\n<meta property=\"article:publisher\" content=\"https:\/\/www.facebook.com\/profile.php?id=100063200290284\" \/>\n<meta property=\"article:published_time\" content=\"2026-04-28T22:52:43+00:00\" \/>\n<meta property=\"article:modified_time\" content=\"2026-04-29T00:20:36+00:00\" \/>\n<meta property=\"og:image\" content=\"https:\/\/infoecos.com.ar\/wp-content\/uploads\/2026\/04\/image-261.png\" \/>\n\t<meta property=\"og:image:width\" content=\"740\" \/>\n\t<meta property=\"og:image:height\" content=\"493\" \/>\n\t<meta property=\"og:image:type\" content=\"image\/png\" \/>\n<meta name=\"author\" content=\"Jorge Matheus\" \/>\n<meta name=\"twitter:card\" content=\"summary_large_image\" \/>\n<meta name=\"twitter:creator\" content=\"@infoecos\" \/>\n<meta name=\"twitter:site\" content=\"@infoecos\" \/>\n<meta name=\"twitter:label1\" content=\"Escrito por\" \/>\n\t<meta name=\"twitter:data1\" content=\"Jorge Matheus\" \/>\n\t<meta name=\"twitter:label2\" content=\"Tiempo de lectura\" \/>\n\t<meta name=\"twitter:data2\" content=\"5 minutos\" \/>\n<script type=\"application\/ld+json\" class=\"yoast-schema-graph\">{\"@context\":\"https:\/\/schema.org\",\"@graph\":[{\"@type\":\"Article\",\"@id\":\"https:\/\/infoecos.com.ar\/index.php\/analisis-de-la-universidad-austral-muestra-una-caida-significativa-de-la-confianza-en-los-productores-agropecuarios\/#article\",\"isPartOf\":{\"@id\":\"https:\/\/infoecos.com.ar\/index.php\/analisis-de-la-universidad-austral-muestra-una-caida-significativa-de-la-confianza-en-los-productores-agropecuarios\/\"},\"author\":{\"name\":\"Jorge Matheus\",\"@id\":\"https:\/\/infoecos.com.ar\/#\/schema\/person\/8f5ace5ce73b4b4aac4b7245aee6f191\"},\"headline\":\"Cae la confianza de los productores registrando una ca\u00edda significativa al ubicarse muy abajo de enero y febrero\",\"datePublished\":\"2026-04-28T22:52:43+00:00\",\"dateModified\":\"2026-04-29T00:20:36+00:00\",\"mainEntityOfPage\":{\"@id\":\"https:\/\/infoecos.com.ar\/index.php\/analisis-de-la-universidad-austral-muestra-una-caida-significativa-de-la-confianza-en-los-productores-agropecuarios\/\"},\"wordCount\":892,\"publisher\":{\"@id\":\"https:\/\/infoecos.com.ar\/#organization\"},\"image\":{\"@id\":\"https:\/\/infoecos.com.ar\/index.php\/analisis-de-la-universidad-austral-muestra-una-caida-significativa-de-la-confianza-en-los-productores-agropecuarios\/#primaryimage\"},\"thumbnailUrl\":\"https:\/\/infoecos.com.ar\/wp-content\/uploads\/2026\/04\/image-261.png\",\"keywords\":[\"DEPORTE\",\"REGIONAL\",\"SALUD\"],\"inLanguage\":\"es\"},{\"@type\":\"WebPage\",\"@id\":\"https:\/\/infoecos.com.ar\/index.php\/analisis-de-la-universidad-austral-muestra-una-caida-significativa-de-la-confianza-en-los-productores-agropecuarios\/\",\"url\":\"https:\/\/infoecos.com.ar\/index.php\/analisis-de-la-universidad-austral-muestra-una-caida-significativa-de-la-confianza-en-los-productores-agropecuarios\/\",\"name\":\"Cae la confianza de los productores registrando una ca\u00edda significativa al ubicarse muy abajo de enero y febrero - Infoecos\",\"isPartOf\":{\"@id\":\"https:\/\/infoecos.com.ar\/#website\"},\"primaryImageOfPage\":{\"@id\":\"https:\/\/infoecos.com.ar\/index.php\/analisis-de-la-universidad-austral-muestra-una-caida-significativa-de-la-confianza-en-los-productores-agropecuarios\/#primaryimage\"},\"image\":{\"@id\":\"https:\/\/infoecos.com.ar\/index.php\/analisis-de-la-universidad-austral-muestra-una-caida-significativa-de-la-confianza-en-los-productores-agropecuarios\/#primaryimage\"},\"thumbnailUrl\":\"https:\/\/infoecos.com.ar\/wp-content\/uploads\/2026\/04\/image-261.png\",\"datePublished\":\"2026-04-28T22:52:43+00:00\",\"dateModified\":\"2026-04-29T00:20:36+00:00\",\"breadcrumb\":{\"@id\":\"https:\/\/infoecos.com.ar\/index.php\/analisis-de-la-universidad-austral-muestra-una-caida-significativa-de-la-confianza-en-los-productores-agropecuarios\/#breadcrumb\"},\"inLanguage\":\"es\",\"potentialAction\":[{\"@type\":\"ReadAction\",\"target\":[\"https:\/\/infoecos.com.ar\/index.php\/analisis-de-la-universidad-austral-muestra-una-caida-significativa-de-la-confianza-en-los-productores-agropecuarios\/\"]}]},{\"@type\":\"ImageObject\",\"inLanguage\":\"es\",\"@id\":\"https:\/\/infoecos.com.ar\/index.php\/analisis-de-la-universidad-austral-muestra-una-caida-significativa-de-la-confianza-en-los-productores-agropecuarios\/#primaryimage\",\"url\":\"https:\/\/infoecos.com.ar\/wp-content\/uploads\/2026\/04\/image-261.png\",\"contentUrl\":\"https:\/\/infoecos.com.ar\/wp-content\/uploads\/2026\/04\/image-261.png\",\"width\":740,\"height\":493},{\"@type\":\"BreadcrumbList\",\"@id\":\"https:\/\/infoecos.com.ar\/index.php\/analisis-de-la-universidad-austral-muestra-una-caida-significativa-de-la-confianza-en-los-productores-agropecuarios\/#breadcrumb\",\"itemListElement\":[{\"@type\":\"ListItem\",\"position\":1,\"name\":\"Portada\",\"item\":\"https:\/\/infoecos.com.ar\/\"},{\"@type\":\"ListItem\",\"position\":2,\"name\":\"Cae la confianza de los productores registrando una ca\u00edda significativa al ubicarse muy abajo de enero y febrero\"}]},{\"@type\":\"WebSite\",\"@id\":\"https:\/\/infoecos.com.ar\/#website\",\"url\":\"https:\/\/infoecos.com.ar\/\",\"name\":\"Infoecos\",\"description\":\"Noticias de trenque lauquen y la zona\",\"publisher\":{\"@id\":\"https:\/\/infoecos.com.ar\/#organization\"},\"alternateName\":\"Noticias\",\"potentialAction\":[{\"@type\":\"SearchAction\",\"target\":{\"@type\":\"EntryPoint\",\"urlTemplate\":\"https:\/\/infoecos.com.ar\/?s={search_term_string}\"},\"query-input\":{\"@type\":\"PropertyValueSpecification\",\"valueRequired\":true,\"valueName\":\"search_term_string\"}}],\"inLanguage\":\"es\"},{\"@type\":\"Organization\",\"@id\":\"https:\/\/infoecos.com.ar\/#organization\",\"name\":\"Infoecos\",\"alternateName\":\"Noticias\",\"url\":\"https:\/\/infoecos.com.ar\/\",\"logo\":{\"@type\":\"ImageObject\",\"inLanguage\":\"es\",\"@id\":\"https:\/\/infoecos.com.ar\/#\/schema\/logo\/image\/\",\"url\":\"https:\/\/infoecos.com.ar\/wp-content\/uploads\/2024\/03\/cropped-logo.png\",\"contentUrl\":\"https:\/\/infoecos.com.ar\/wp-content\/uploads\/2024\/03\/cropped-logo.png\",\"width\":374,\"height\":90,\"caption\":\"Infoecos\"},\"image\":{\"@id\":\"https:\/\/infoecos.com.ar\/#\/schema\/logo\/image\/\"},\"sameAs\":[\"https:\/\/www.facebook.com\/profile.php?id=100063200290284\",\"https:\/\/x.com\/infoecos\"]},{\"@type\":\"Person\",\"@id\":\"https:\/\/infoecos.com.ar\/#\/schema\/person\/8f5ace5ce73b4b4aac4b7245aee6f191\",\"name\":\"Jorge Matheus\",\"url\":\"https:\/\/infoecos.com.ar\/index.php\/author\/jomatheus\/\"}]}<\/script>\n<!-- \/ Yoast SEO plugin. -->","yoast_head_json":{"title":"Cae la confianza de los productores registrando una ca\u00edda significativa al ubicarse muy abajo de enero y febrero - Infoecos","robots":{"index":"index","follow":"follow","max-snippet":"max-snippet:-1","max-image-preview":"max-image-preview:large","max-video-preview":"max-video-preview:-1"},"canonical":"https:\/\/infoecos.com.ar\/index.php\/analisis-de-la-universidad-austral-muestra-una-caida-significativa-de-la-confianza-en-los-productores-agropecuarios\/","og_locale":"es_ES","og_type":"article","og_title":"Cae la confianza de los productores registrando una ca\u00edda significativa al ubicarse muy abajo de enero y febrero - Infoecos","og_description":"La confianza de los productores agropecuarios registr\u00f3 una&nbsp;ca\u00edda significativa del 16%en la medici\u00f3n marzo\/abril del...","og_url":"https:\/\/infoecos.com.ar\/index.php\/analisis-de-la-universidad-austral-muestra-una-caida-significativa-de-la-confianza-en-los-productores-agropecuarios\/","og_site_name":"Infoecos","article_publisher":"https:\/\/www.facebook.com\/profile.php?id=100063200290284","article_published_time":"2026-04-28T22:52:43+00:00","article_modified_time":"2026-04-29T00:20:36+00:00","og_image":[{"width":740,"height":493,"url":"https:\/\/infoecos.com.ar\/wp-content\/uploads\/2026\/04\/image-261.png","type":"image\/png"}],"author":"Jorge Matheus","twitter_card":"summary_large_image","twitter_creator":"@infoecos","twitter_site":"@infoecos","twitter_misc":{"Escrito por":"Jorge Matheus","Tiempo de lectura":"5 minutos"},"schema":{"@context":"https:\/\/schema.org","@graph":[{"@type":"Article","@id":"https:\/\/infoecos.com.ar\/index.php\/analisis-de-la-universidad-austral-muestra-una-caida-significativa-de-la-confianza-en-los-productores-agropecuarios\/#article","isPartOf":{"@id":"https:\/\/infoecos.com.ar\/index.php\/analisis-de-la-universidad-austral-muestra-una-caida-significativa-de-la-confianza-en-los-productores-agropecuarios\/"},"author":{"name":"Jorge Matheus","@id":"https:\/\/infoecos.com.ar\/#\/schema\/person\/8f5ace5ce73b4b4aac4b7245aee6f191"},"headline":"Cae la confianza de los productores registrando una ca\u00edda significativa al ubicarse muy abajo de enero y febrero","datePublished":"2026-04-28T22:52:43+00:00","dateModified":"2026-04-29T00:20:36+00:00","mainEntityOfPage":{"@id":"https:\/\/infoecos.com.ar\/index.php\/analisis-de-la-universidad-austral-muestra-una-caida-significativa-de-la-confianza-en-los-productores-agropecuarios\/"},"wordCount":892,"publisher":{"@id":"https:\/\/infoecos.com.ar\/#organization"},"image":{"@id":"https:\/\/infoecos.com.ar\/index.php\/analisis-de-la-universidad-austral-muestra-una-caida-significativa-de-la-confianza-en-los-productores-agropecuarios\/#primaryimage"},"thumbnailUrl":"https:\/\/infoecos.com.ar\/wp-content\/uploads\/2026\/04\/image-261.png","keywords":["DEPORTE","REGIONAL","SALUD"],"inLanguage":"es"},{"@type":"WebPage","@id":"https:\/\/infoecos.com.ar\/index.php\/analisis-de-la-universidad-austral-muestra-una-caida-significativa-de-la-confianza-en-los-productores-agropecuarios\/","url":"https:\/\/infoecos.com.ar\/index.php\/analisis-de-la-universidad-austral-muestra-una-caida-significativa-de-la-confianza-en-los-productores-agropecuarios\/","name":"Cae la confianza de los productores registrando una ca\u00edda significativa al ubicarse muy abajo de enero y febrero - Infoecos","isPartOf":{"@id":"https:\/\/infoecos.com.ar\/#website"},"primaryImageOfPage":{"@id":"https:\/\/infoecos.com.ar\/index.php\/analisis-de-la-universidad-austral-muestra-una-caida-significativa-de-la-confianza-en-los-productores-agropecuarios\/#primaryimage"},"image":{"@id":"https:\/\/infoecos.com.ar\/index.php\/analisis-de-la-universidad-austral-muestra-una-caida-significativa-de-la-confianza-en-los-productores-agropecuarios\/#primaryimage"},"thumbnailUrl":"https:\/\/infoecos.com.ar\/wp-content\/uploads\/2026\/04\/image-261.png","datePublished":"2026-04-28T22:52:43+00:00","dateModified":"2026-04-29T00:20:36+00:00","breadcrumb":{"@id":"https:\/\/infoecos.com.ar\/index.php\/analisis-de-la-universidad-austral-muestra-una-caida-significativa-de-la-confianza-en-los-productores-agropecuarios\/#breadcrumb"},"inLanguage":"es","potentialAction":[{"@type":"ReadAction","target":["https:\/\/infoecos.com.ar\/index.php\/analisis-de-la-universidad-austral-muestra-una-caida-significativa-de-la-confianza-en-los-productores-agropecuarios\/"]}]},{"@type":"ImageObject","inLanguage":"es","@id":"https:\/\/infoecos.com.ar\/index.php\/analisis-de-la-universidad-austral-muestra-una-caida-significativa-de-la-confianza-en-los-productores-agropecuarios\/#primaryimage","url":"https:\/\/infoecos.com.ar\/wp-content\/uploads\/2026\/04\/image-261.png","contentUrl":"https:\/\/infoecos.com.ar\/wp-content\/uploads\/2026\/04\/image-261.png","width":740,"height":493},{"@type":"BreadcrumbList","@id":"https:\/\/infoecos.com.ar\/index.php\/analisis-de-la-universidad-austral-muestra-una-caida-significativa-de-la-confianza-en-los-productores-agropecuarios\/#breadcrumb","itemListElement":[{"@type":"ListItem","position":1,"name":"Portada","item":"https:\/\/infoecos.com.ar\/"},{"@type":"ListItem","position":2,"name":"Cae la confianza de los productores registrando una ca\u00edda significativa al ubicarse muy abajo de enero y febrero"}]},{"@type":"WebSite","@id":"https:\/\/infoecos.com.ar\/#website","url":"https:\/\/infoecos.com.ar\/","name":"Infoecos","description":"Noticias de trenque lauquen y la zona","publisher":{"@id":"https:\/\/infoecos.com.ar\/#organization"},"alternateName":"Noticias","potentialAction":[{"@type":"SearchAction","target":{"@type":"EntryPoint","urlTemplate":"https:\/\/infoecos.com.ar\/?s={search_term_string}"},"query-input":{"@type":"PropertyValueSpecification","valueRequired":true,"valueName":"search_term_string"}}],"inLanguage":"es"},{"@type":"Organization","@id":"https:\/\/infoecos.com.ar\/#organization","name":"Infoecos","alternateName":"Noticias","url":"https:\/\/infoecos.com.ar\/","logo":{"@type":"ImageObject","inLanguage":"es","@id":"https:\/\/infoecos.com.ar\/#\/schema\/logo\/image\/","url":"https:\/\/infoecos.com.ar\/wp-content\/uploads\/2024\/03\/cropped-logo.png","contentUrl":"https:\/\/infoecos.com.ar\/wp-content\/uploads\/2024\/03\/cropped-logo.png","width":374,"height":90,"caption":"Infoecos"},"image":{"@id":"https:\/\/infoecos.com.ar\/#\/schema\/logo\/image\/"},"sameAs":["https:\/\/www.facebook.com\/profile.php?id=100063200290284","https:\/\/x.com\/infoecos"]},{"@type":"Person","@id":"https:\/\/infoecos.com.ar\/#\/schema\/person\/8f5ace5ce73b4b4aac4b7245aee6f191","name":"Jorge Matheus","url":"https:\/\/infoecos.com.ar\/index.php\/author\/jomatheus\/"}]}},"featured_image_urls":{"full":["https:\/\/infoecos.com.ar\/wp-content\/uploads\/2026\/04\/image-261.png",740,493,false],"thumbnail":["https:\/\/infoecos.com.ar\/wp-content\/uploads\/2026\/04\/image-261-300x150.png",300,150,true],"medium":["https:\/\/infoecos.com.ar\/wp-content\/uploads\/2026\/04\/image-261.png",740,493,false],"medium_large":["https:\/\/infoecos.com.ar\/wp-content\/uploads\/2026\/04\/image-261.png",640,426,false],"large":["https:\/\/infoecos.com.ar\/wp-content\/uploads\/2026\/04\/image-261.png",640,426,false],"1536x1536":["https:\/\/infoecos.com.ar\/wp-content\/uploads\/2026\/04\/image-261.png",740,493,false],"2048x2048":["https:\/\/infoecos.com.ar\/wp-content\/uploads\/2026\/04\/image-261.png",740,493,false],"covernews-slider-full":["https:\/\/infoecos.com.ar\/wp-content\/uploads\/2026\/04\/image-261.png",740,493,false],"covernews-slider-center":["https:\/\/infoecos.com.ar\/wp-content\/uploads\/2026\/04\/image-261.png",740,493,false],"covernews-featured":["https:\/\/infoecos.com.ar\/wp-content\/uploads\/2026\/04\/image-261.png",740,493,false],"covernews-medium":["https:\/\/infoecos.com.ar\/wp-content\/uploads\/2026\/04\/image-261-540x340.png",540,340,true],"covernews-medium-square":["https:\/\/infoecos.com.ar\/wp-content\/uploads\/2026\/04\/image-261-400x250.png",400,250,true]},"author_info":{"info":["Jorge Matheus"]},"category_info":"<a href=\"https:\/\/infoecos.com.ar\/index.php\/category\/sin-categoria\/\" rel=\"category tag\">Sin categor\u00eda<\/a>","tag_info":"Sin categor\u00eda","comment_count":"0","_links":{"self":[{"href":"https:\/\/infoecos.com.ar\/index.php\/wp-json\/wp\/v2\/posts\/157469"}],"collection":[{"href":"https:\/\/infoecos.com.ar\/index.php\/wp-json\/wp\/v2\/posts"}],"about":[{"href":"https:\/\/infoecos.com.ar\/index.php\/wp-json\/wp\/v2\/types\/post"}],"author":[{"embeddable":true,"href":"https:\/\/infoecos.com.ar\/index.php\/wp-json\/wp\/v2\/users\/2"}],"replies":[{"embeddable":true,"href":"https:\/\/infoecos.com.ar\/index.php\/wp-json\/wp\/v2\/comments?post=157469"}],"version-history":[{"count":2,"href":"https:\/\/infoecos.com.ar\/index.php\/wp-json\/wp\/v2\/posts\/157469\/revisions"}],"predecessor-version":[{"id":157476,"href":"https:\/\/infoecos.com.ar\/index.php\/wp-json\/wp\/v2\/posts\/157469\/revisions\/157476"}],"wp:featuredmedia":[{"embeddable":true,"href":"https:\/\/infoecos.com.ar\/index.php\/wp-json\/wp\/v2\/media\/157473"}],"wp:attachment":[{"href":"https:\/\/infoecos.com.ar\/index.php\/wp-json\/wp\/v2\/media?parent=157469"}],"wp:term":[{"taxonomy":"category","embeddable":true,"href":"https:\/\/infoecos.com.ar\/index.php\/wp-json\/wp\/v2\/categories?post=157469"},{"taxonomy":"post_tag","embeddable":true,"href":"https:\/\/infoecos.com.ar\/index.php\/wp-json\/wp\/v2\/tags?post=157469"}],"curies":[{"name":"wp","href":"https:\/\/api.w.org\/{rel}","templated":true}]}}