{"id":157487,"date":"2026-04-28T21:12:44","date_gmt":"2026-04-29T00:12:44","guid":{"rendered":"https:\/\/infoecos.com.ar\/?p=157487"},"modified":"2026-04-28T21:13:22","modified_gmt":"2026-04-29T00:13:22","slug":"se-inauguro-la-repavimentacion-de-la-ruta-provincial-85-entre-la-ruta-nacional-33-y-el-limite-con-coronel-suarez","status":"publish","type":"post","link":"https:\/\/infoecos.com.ar\/index.php\/se-inauguro-la-repavimentacion-de-la-ruta-provincial-85-entre-la-ruta-nacional-33-y-el-limite-con-coronel-suarez\/","title":{"rendered":"Se inaugur\u00f3 la repavimentaci\u00f3n de la Ruta Provincial 85, entre la Nacional 33 y el l\u00edmite con Coronel Su\u00e1rez"},"content":{"rendered":"\n<p>Se inaugur\u00f3 la repavimentaci\u00f3n de la Ruta Provincial 85, entre la Ruta Nacional 33 y el l\u00edmite con Coronel Su\u00e1rez. <\/p>\n\n\n\n<p>La obra impacta directo en la producci\u00f3n agr\u00edcola-ganadera y en la vida cotidiana de la gente. <\/p>\n\n\n\n<figure class=\"wp-block-gallery has-nested-images columns-default is-cropped wp-block-gallery-1 is-layout-flex wp-block-gallery-is-layout-flex\">\n<figure class=\"wp-block-image size-large\"><img loading=\"lazy\" decoding=\"async\" width=\"1600\" height=\"1069\" data-id=\"157489\" src=\"https:\/\/infoecos.com.ar\/wp-content\/uploads\/2026\/04\/KATOCNELSUAREZ2-1600x1069.jpg\" alt=\"\" class=\"wp-image-157489\" srcset=\"https:\/\/infoecos.com.ar\/wp-content\/uploads\/2026\/04\/KATOCNELSUAREZ2-1600x1069.jpg 1600w, https:\/\/infoecos.com.ar\/wp-content\/uploads\/2026\/04\/KATOCNELSUAREZ2-800x534.jpg 800w, https:\/\/infoecos.com.ar\/wp-content\/uploads\/2026\/04\/KATOCNELSUAREZ2-768x513.jpg 768w, https:\/\/infoecos.com.ar\/wp-content\/uploads\/2026\/04\/KATOCNELSUAREZ2-1536x1026.jpg 1536w, https:\/\/infoecos.com.ar\/wp-content\/uploads\/2026\/04\/KATOCNELSUAREZ2-1024x684.jpg 1024w, https:\/\/infoecos.com.ar\/wp-content\/uploads\/2026\/04\/KATOCNELSUAREZ2.jpg 2048w\" sizes=\"(max-width: 1600px) 100vw, 1600px\" \/><\/figure>\n\n\n\n<figure class=\"wp-block-image size-large\"><img loading=\"lazy\" decoding=\"async\" width=\"1600\" height=\"1067\" data-id=\"157488\" src=\"https:\/\/infoecos.com.ar\/wp-content\/uploads\/2026\/04\/kiciruta85.jpg\" alt=\"\" class=\"wp-image-157488\" srcset=\"https:\/\/infoecos.com.ar\/wp-content\/uploads\/2026\/04\/kiciruta85.jpg 1600w, https:\/\/infoecos.com.ar\/wp-content\/uploads\/2026\/04\/kiciruta85-800x534.jpg 800w, https:\/\/infoecos.com.ar\/wp-content\/uploads\/2026\/04\/kiciruta85-768x512.jpg 768w, https:\/\/infoecos.com.ar\/wp-content\/uploads\/2026\/04\/kiciruta85-1536x1024.jpg 1536w, https:\/\/infoecos.com.ar\/wp-content\/uploads\/2026\/04\/kiciruta85-1024x683.jpg 1024w\" sizes=\"(max-width: 1600px) 100vw, 1600px\" \/><\/figure>\n<\/figure>\n\n\n\n<p>La municipalidad de Guamin\u00ed a trav\u00e9s de su cuenta oficial indic\u00f3 que <em>la repavimentaci\u00f3n integral es una realidad. Pasamos de la angustia a la tranquilidad de transitar por una ruta segura, con asfalto nuevo, banquinas en condiciones, se\u00f1alizaci\u00f3n e iluminaci\u00f3n de primer nivel.<\/em><\/p>\n\n\n\n<figure class=\"wp-block-gallery has-nested-images columns-default is-cropped wp-block-gallery-2 is-layout-flex wp-block-gallery-is-layout-flex\">\n<figure class=\"wp-block-image size-large\"><img loading=\"lazy\" decoding=\"async\" width=\"1600\" height=\"1066\" data-id=\"157493\" src=\"https:\/\/infoecos.com.ar\/wp-content\/uploads\/2026\/04\/kiciruta851.jpg\" alt=\"\" class=\"wp-image-157493\" srcset=\"https:\/\/infoecos.com.ar\/wp-content\/uploads\/2026\/04\/kiciruta851.jpg 1600w, https:\/\/infoecos.com.ar\/wp-content\/uploads\/2026\/04\/kiciruta851-800x533.jpg 800w, https:\/\/infoecos.com.ar\/wp-content\/uploads\/2026\/04\/kiciruta851-768x512.jpg 768w, https:\/\/infoecos.com.ar\/wp-content\/uploads\/2026\/04\/kiciruta851-1536x1023.jpg 1536w, https:\/\/infoecos.com.ar\/wp-content\/uploads\/2026\/04\/kiciruta851-1024x682.jpg 1024w\" sizes=\"(max-width: 1600px) 100vw, 1600px\" \/><\/figure>\n\n\n\n<figure class=\"wp-block-image size-large\"><img loading=\"lazy\" decoding=\"async\" width=\"1600\" height=\"1066\" data-id=\"157496\" src=\"https:\/\/infoecos.com.ar\/wp-content\/uploads\/2026\/04\/kiciruta852.jpg\" alt=\"\" class=\"wp-image-157496\" srcset=\"https:\/\/infoecos.com.ar\/wp-content\/uploads\/2026\/04\/kiciruta852.jpg 1600w, https:\/\/infoecos.com.ar\/wp-content\/uploads\/2026\/04\/kiciruta852-800x533.jpg 800w, https:\/\/infoecos.com.ar\/wp-content\/uploads\/2026\/04\/kiciruta852-768x512.jpg 768w, https:\/\/infoecos.com.ar\/wp-content\/uploads\/2026\/04\/kiciruta852-1536x1023.jpg 1536w, https:\/\/infoecos.com.ar\/wp-content\/uploads\/2026\/04\/kiciruta852-1024x682.jpg 1024w\" sizes=\"(max-width: 1600px) 100vw, 1600px\" \/><\/figure>\n<\/figure>\n\n\n\n<p>La oportunidad le vino como anillo al dedo al ejecutivo guaminense para cuestionar al gobierno nacional indicando que<em> En un momento donde a nivel nacional se paraliza la obra p\u00fablica, en Guamin\u00ed y en la Provincia de Buenos Aires demostramos que el Estado es el motor que asfalta los caminos para que nuestra producci\u00f3n agropecuaria llegue m\u00e1s r\u00e1pido y, lo m\u00e1s importante, para que cada vecino que sale a la ruta vuelva sano y salvo a su casa.<\/em><\/p>\n","protected":false},"excerpt":{"rendered":"<p>Se inaugur\u00f3 la repavimentaci\u00f3n de la Ruta Provincial 85, entre la Ruta Nacional 33 y&#8230;<\/p>\n","protected":false},"author":2,"featured_media":157500,"comment_status":"closed","ping_status":"open","sticky":false,"template":"","format":"standard","meta":{"footnotes":""},"categories":[1612],"tags":[10298,10290],"class_list":["post-157487","post","type-post","status-publish","format-standard","has-post-thumbnail","hentry","category-noticia-principal","tag-bloque-inferior","tag-entretenimiento"],"yoast_head":"<!-- This site is optimized with the Yoast SEO plugin v23.4 - https:\/\/yoast.com\/wordpress\/plugins\/seo\/ -->\n<title>Se inaugur\u00f3 la repavimentaci\u00f3n de la Ruta Provincial 85, entre la Nacional 33 y el l\u00edmite con Coronel Su\u00e1rez - Infoecos<\/title>\n<meta name=\"robots\" content=\"index, follow, max-snippet:-1, max-image-preview:large, max-video-preview:-1\" \/>\n<link rel=\"canonical\" href=\"https:\/\/infoecos.com.ar\/index.php\/se-inauguro-la-repavimentacion-de-la-ruta-provincial-85-entre-la-ruta-nacional-33-y-el-limite-con-coronel-suarez\/\" \/>\n<meta property=\"og:locale\" content=\"es_ES\" \/>\n<meta property=\"og:type\" content=\"article\" \/>\n<meta property=\"og:title\" content=\"Se inaugur\u00f3 la repavimentaci\u00f3n de la Ruta Provincial 85, entre la Nacional 33 y el l\u00edmite con Coronel Su\u00e1rez - Infoecos\" \/>\n<meta property=\"og:description\" content=\"Se inaugur\u00f3 la repavimentaci\u00f3n de la Ruta Provincial 85, entre la Ruta Nacional 33 y...\" \/>\n<meta property=\"og:url\" content=\"https:\/\/infoecos.com.ar\/index.php\/se-inauguro-la-repavimentacion-de-la-ruta-provincial-85-entre-la-ruta-nacional-33-y-el-limite-con-coronel-suarez\/\" \/>\n<meta property=\"og:site_name\" content=\"Infoecos\" \/>\n<meta property=\"article:publisher\" content=\"https:\/\/www.facebook.com\/profile.php?id=100063200290284\" \/>\n<meta property=\"article:published_time\" content=\"2026-04-29T00:12:44+00:00\" \/>\n<meta property=\"article:modified_time\" content=\"2026-04-29T00:13:22+00:00\" \/>\n<meta property=\"og:image\" content=\"https:\/\/infoecos.com.ar\/wp-content\/uploads\/2026\/04\/682158896_1506202514193668_6069199866317732428_n.jpg\" \/>\n\t<meta property=\"og:image:width\" content=\"2048\" \/>\n\t<meta property=\"og:image:height\" content=\"1152\" \/>\n\t<meta property=\"og:image:type\" content=\"image\/jpeg\" \/>\n<meta name=\"author\" content=\"Jorge Matheus\" \/>\n<meta name=\"twitter:card\" content=\"summary_large_image\" \/>\n<meta name=\"twitter:creator\" content=\"@infoecos\" \/>\n<meta name=\"twitter:site\" content=\"@infoecos\" \/>\n<meta name=\"twitter:label1\" content=\"Escrito por\" \/>\n\t<meta name=\"twitter:data1\" content=\"Jorge Matheus\" \/>\n\t<meta name=\"twitter:label2\" content=\"Tiempo de lectura\" \/>\n\t<meta name=\"twitter:data2\" content=\"2 minutos\" \/>\n<script type=\"application\/ld+json\" class=\"yoast-schema-graph\">{\"@context\":\"https:\/\/schema.org\",\"@graph\":[{\"@type\":\"Article\",\"@id\":\"https:\/\/infoecos.com.ar\/index.php\/se-inauguro-la-repavimentacion-de-la-ruta-provincial-85-entre-la-ruta-nacional-33-y-el-limite-con-coronel-suarez\/#article\",\"isPartOf\":{\"@id\":\"https:\/\/infoecos.com.ar\/index.php\/se-inauguro-la-repavimentacion-de-la-ruta-provincial-85-entre-la-ruta-nacional-33-y-el-limite-con-coronel-suarez\/\"},\"author\":{\"name\":\"Jorge Matheus\",\"@id\":\"https:\/\/infoecos.com.ar\/#\/schema\/person\/8f5ace5ce73b4b4aac4b7245aee6f191\"},\"headline\":\"Se inaugur\u00f3 la repavimentaci\u00f3n de la Ruta Provincial 85, entre la Nacional 33 y el l\u00edmite con Coronel Su\u00e1rez\",\"datePublished\":\"2026-04-29T00:12:44+00:00\",\"dateModified\":\"2026-04-29T00:13:22+00:00\",\"mainEntityOfPage\":{\"@id\":\"https:\/\/infoecos.com.ar\/index.php\/se-inauguro-la-repavimentacion-de-la-ruta-provincial-85-entre-la-ruta-nacional-33-y-el-limite-con-coronel-suarez\/\"},\"wordCount\":190,\"publisher\":{\"@id\":\"https:\/\/infoecos.com.ar\/#organization\"},\"image\":{\"@id\":\"https:\/\/infoecos.com.ar\/index.php\/se-inauguro-la-repavimentacion-de-la-ruta-provincial-85-entre-la-ruta-nacional-33-y-el-limite-con-coronel-suarez\/#primaryimage\"},\"thumbnailUrl\":\"https:\/\/infoecos.com.ar\/wp-content\/uploads\/2026\/04\/682158896_1506202514193668_6069199866317732428_n.jpg\",\"keywords\":[\"Bloque inferior\",\"Entretenimiento\"],\"articleSection\":[\"Noticia Principal\"],\"inLanguage\":\"es\"},{\"@type\":\"WebPage\",\"@id\":\"https:\/\/infoecos.com.ar\/index.php\/se-inauguro-la-repavimentacion-de-la-ruta-provincial-85-entre-la-ruta-nacional-33-y-el-limite-con-coronel-suarez\/\",\"url\":\"https:\/\/infoecos.com.ar\/index.php\/se-inauguro-la-repavimentacion-de-la-ruta-provincial-85-entre-la-ruta-nacional-33-y-el-limite-con-coronel-suarez\/\",\"name\":\"Se inaugur\u00f3 la repavimentaci\u00f3n de la Ruta Provincial 85, entre la Nacional 33 y el l\u00edmite con Coronel Su\u00e1rez - Infoecos\",\"isPartOf\":{\"@id\":\"https:\/\/infoecos.com.ar\/#website\"},\"primaryImageOfPage\":{\"@id\":\"https:\/\/infoecos.com.ar\/index.php\/se-inauguro-la-repavimentacion-de-la-ruta-provincial-85-entre-la-ruta-nacional-33-y-el-limite-con-coronel-suarez\/#primaryimage\"},\"image\":{\"@id\":\"https:\/\/infoecos.com.ar\/index.php\/se-inauguro-la-repavimentacion-de-la-ruta-provincial-85-entre-la-ruta-nacional-33-y-el-limite-con-coronel-suarez\/#primaryimage\"},\"thumbnailUrl\":\"https:\/\/infoecos.com.ar\/wp-content\/uploads\/2026\/04\/682158896_1506202514193668_6069199866317732428_n.jpg\",\"datePublished\":\"2026-04-29T00:12:44+00:00\",\"dateModified\":\"2026-04-29T00:13:22+00:00\",\"breadcrumb\":{\"@id\":\"https:\/\/infoecos.com.ar\/index.php\/se-inauguro-la-repavimentacion-de-la-ruta-provincial-85-entre-la-ruta-nacional-33-y-el-limite-con-coronel-suarez\/#breadcrumb\"},\"inLanguage\":\"es\",\"potentialAction\":[{\"@type\":\"ReadAction\",\"target\":[\"https:\/\/infoecos.com.ar\/index.php\/se-inauguro-la-repavimentacion-de-la-ruta-provincial-85-entre-la-ruta-nacional-33-y-el-limite-con-coronel-suarez\/\"]}]},{\"@type\":\"ImageObject\",\"inLanguage\":\"es\",\"@id\":\"https:\/\/infoecos.com.ar\/index.php\/se-inauguro-la-repavimentacion-de-la-ruta-provincial-85-entre-la-ruta-nacional-33-y-el-limite-con-coronel-suarez\/#primaryimage\",\"url\":\"https:\/\/infoecos.com.ar\/wp-content\/uploads\/2026\/04\/682158896_1506202514193668_6069199866317732428_n.jpg\",\"contentUrl\":\"https:\/\/infoecos.com.ar\/wp-content\/uploads\/2026\/04\/682158896_1506202514193668_6069199866317732428_n.jpg\",\"width\":2048,\"height\":1152,\"caption\":\"default\"},{\"@type\":\"BreadcrumbList\",\"@id\":\"https:\/\/infoecos.com.ar\/index.php\/se-inauguro-la-repavimentacion-de-la-ruta-provincial-85-entre-la-ruta-nacional-33-y-el-limite-con-coronel-suarez\/#breadcrumb\",\"itemListElement\":[{\"@type\":\"ListItem\",\"position\":1,\"name\":\"Portada\",\"item\":\"https:\/\/infoecos.com.ar\/\"},{\"@type\":\"ListItem\",\"position\":2,\"name\":\"Se inaugur\u00f3 la repavimentaci\u00f3n de la Ruta Provincial 85, entre la Nacional 33 y el l\u00edmite con Coronel Su\u00e1rez\"}]},{\"@type\":\"WebSite\",\"@id\":\"https:\/\/infoecos.com.ar\/#website\",\"url\":\"https:\/\/infoecos.com.ar\/\",\"name\":\"Infoecos\",\"description\":\"Noticias de trenque lauquen y la zona\",\"publisher\":{\"@id\":\"https:\/\/infoecos.com.ar\/#organization\"},\"alternateName\":\"Noticias\",\"potentialAction\":[{\"@type\":\"SearchAction\",\"target\":{\"@type\":\"EntryPoint\",\"urlTemplate\":\"https:\/\/infoecos.com.ar\/?s={search_term_string}\"},\"query-input\":{\"@type\":\"PropertyValueSpecification\",\"valueRequired\":true,\"valueName\":\"search_term_string\"}}],\"inLanguage\":\"es\"},{\"@type\":\"Organization\",\"@id\":\"https:\/\/infoecos.com.ar\/#organization\",\"name\":\"Infoecos\",\"alternateName\":\"Noticias\",\"url\":\"https:\/\/infoecos.com.ar\/\",\"logo\":{\"@type\":\"ImageObject\",\"inLanguage\":\"es\",\"@id\":\"https:\/\/infoecos.com.ar\/#\/schema\/logo\/image\/\",\"url\":\"https:\/\/infoecos.com.ar\/wp-content\/uploads\/2024\/03\/cropped-logo.png\",\"contentUrl\":\"https:\/\/infoecos.com.ar\/wp-content\/uploads\/2024\/03\/cropped-logo.png\",\"width\":374,\"height\":90,\"caption\":\"Infoecos\"},\"image\":{\"@id\":\"https:\/\/infoecos.com.ar\/#\/schema\/logo\/image\/\"},\"sameAs\":[\"https:\/\/www.facebook.com\/profile.php?id=100063200290284\",\"https:\/\/x.com\/infoecos\"]},{\"@type\":\"Person\",\"@id\":\"https:\/\/infoecos.com.ar\/#\/schema\/person\/8f5ace5ce73b4b4aac4b7245aee6f191\",\"name\":\"Jorge Matheus\",\"url\":\"https:\/\/infoecos.com.ar\/index.php\/author\/jomatheus\/\"}]}<\/script>\n<!-- \/ Yoast SEO plugin. -->","yoast_head_json":{"title":"Se inaugur\u00f3 la repavimentaci\u00f3n de la Ruta Provincial 85, entre la Nacional 33 y el l\u00edmite con Coronel Su\u00e1rez - Infoecos","robots":{"index":"index","follow":"follow","max-snippet":"max-snippet:-1","max-image-preview":"max-image-preview:large","max-video-preview":"max-video-preview:-1"},"canonical":"https:\/\/infoecos.com.ar\/index.php\/se-inauguro-la-repavimentacion-de-la-ruta-provincial-85-entre-la-ruta-nacional-33-y-el-limite-con-coronel-suarez\/","og_locale":"es_ES","og_type":"article","og_title":"Se inaugur\u00f3 la repavimentaci\u00f3n de la Ruta Provincial 85, entre la Nacional 33 y el l\u00edmite con Coronel Su\u00e1rez - Infoecos","og_description":"Se inaugur\u00f3 la repavimentaci\u00f3n de la Ruta Provincial 85, entre la Ruta Nacional 33 y...","og_url":"https:\/\/infoecos.com.ar\/index.php\/se-inauguro-la-repavimentacion-de-la-ruta-provincial-85-entre-la-ruta-nacional-33-y-el-limite-con-coronel-suarez\/","og_site_name":"Infoecos","article_publisher":"https:\/\/www.facebook.com\/profile.php?id=100063200290284","article_published_time":"2026-04-29T00:12:44+00:00","article_modified_time":"2026-04-29T00:13:22+00:00","og_image":[{"width":2048,"height":1152,"url":"https:\/\/infoecos.com.ar\/wp-content\/uploads\/2026\/04\/682158896_1506202514193668_6069199866317732428_n.jpg","type":"image\/jpeg"}],"author":"Jorge Matheus","twitter_card":"summary_large_image","twitter_creator":"@infoecos","twitter_site":"@infoecos","twitter_misc":{"Escrito por":"Jorge Matheus","Tiempo de lectura":"2 minutos"},"schema":{"@context":"https:\/\/schema.org","@graph":[{"@type":"Article","@id":"https:\/\/infoecos.com.ar\/index.php\/se-inauguro-la-repavimentacion-de-la-ruta-provincial-85-entre-la-ruta-nacional-33-y-el-limite-con-coronel-suarez\/#article","isPartOf":{"@id":"https:\/\/infoecos.com.ar\/index.php\/se-inauguro-la-repavimentacion-de-la-ruta-provincial-85-entre-la-ruta-nacional-33-y-el-limite-con-coronel-suarez\/"},"author":{"name":"Jorge Matheus","@id":"https:\/\/infoecos.com.ar\/#\/schema\/person\/8f5ace5ce73b4b4aac4b7245aee6f191"},"headline":"Se inaugur\u00f3 la repavimentaci\u00f3n de la Ruta Provincial 85, entre la Nacional 33 y el l\u00edmite con Coronel Su\u00e1rez","datePublished":"2026-04-29T00:12:44+00:00","dateModified":"2026-04-29T00:13:22+00:00","mainEntityOfPage":{"@id":"https:\/\/infoecos.com.ar\/index.php\/se-inauguro-la-repavimentacion-de-la-ruta-provincial-85-entre-la-ruta-nacional-33-y-el-limite-con-coronel-suarez\/"},"wordCount":190,"publisher":{"@id":"https:\/\/infoecos.com.ar\/#organization"},"image":{"@id":"https:\/\/infoecos.com.ar\/index.php\/se-inauguro-la-repavimentacion-de-la-ruta-provincial-85-entre-la-ruta-nacional-33-y-el-limite-con-coronel-suarez\/#primaryimage"},"thumbnailUrl":"https:\/\/infoecos.com.ar\/wp-content\/uploads\/2026\/04\/682158896_1506202514193668_6069199866317732428_n.jpg","keywords":["Bloque inferior","Entretenimiento"],"articleSection":["Noticia Principal"],"inLanguage":"es"},{"@type":"WebPage","@id":"https:\/\/infoecos.com.ar\/index.php\/se-inauguro-la-repavimentacion-de-la-ruta-provincial-85-entre-la-ruta-nacional-33-y-el-limite-con-coronel-suarez\/","url":"https:\/\/infoecos.com.ar\/index.php\/se-inauguro-la-repavimentacion-de-la-ruta-provincial-85-entre-la-ruta-nacional-33-y-el-limite-con-coronel-suarez\/","name":"Se inaugur\u00f3 la repavimentaci\u00f3n de la Ruta Provincial 85, entre la Nacional 33 y el l\u00edmite con Coronel Su\u00e1rez - Infoecos","isPartOf":{"@id":"https:\/\/infoecos.com.ar\/#website"},"primaryImageOfPage":{"@id":"https:\/\/infoecos.com.ar\/index.php\/se-inauguro-la-repavimentacion-de-la-ruta-provincial-85-entre-la-ruta-nacional-33-y-el-limite-con-coronel-suarez\/#primaryimage"},"image":{"@id":"https:\/\/infoecos.com.ar\/index.php\/se-inauguro-la-repavimentacion-de-la-ruta-provincial-85-entre-la-ruta-nacional-33-y-el-limite-con-coronel-suarez\/#primaryimage"},"thumbnailUrl":"https:\/\/infoecos.com.ar\/wp-content\/uploads\/2026\/04\/682158896_1506202514193668_6069199866317732428_n.jpg","datePublished":"2026-04-29T00:12:44+00:00","dateModified":"2026-04-29T00:13:22+00:00","breadcrumb":{"@id":"https:\/\/infoecos.com.ar\/index.php\/se-inauguro-la-repavimentacion-de-la-ruta-provincial-85-entre-la-ruta-nacional-33-y-el-limite-con-coronel-suarez\/#breadcrumb"},"inLanguage":"es","potentialAction":[{"@type":"ReadAction","target":["https:\/\/infoecos.com.ar\/index.php\/se-inauguro-la-repavimentacion-de-la-ruta-provincial-85-entre-la-ruta-nacional-33-y-el-limite-con-coronel-suarez\/"]}]},{"@type":"ImageObject","inLanguage":"es","@id":"https:\/\/infoecos.com.ar\/index.php\/se-inauguro-la-repavimentacion-de-la-ruta-provincial-85-entre-la-ruta-nacional-33-y-el-limite-con-coronel-suarez\/#primaryimage","url":"https:\/\/infoecos.com.ar\/wp-content\/uploads\/2026\/04\/682158896_1506202514193668_6069199866317732428_n.jpg","contentUrl":"https:\/\/infoecos.com.ar\/wp-content\/uploads\/2026\/04\/682158896_1506202514193668_6069199866317732428_n.jpg","width":2048,"height":1152,"caption":"default"},{"@type":"BreadcrumbList","@id":"https:\/\/infoecos.com.ar\/index.php\/se-inauguro-la-repavimentacion-de-la-ruta-provincial-85-entre-la-ruta-nacional-33-y-el-limite-con-coronel-suarez\/#breadcrumb","itemListElement":[{"@type":"ListItem","position":1,"name":"Portada","item":"https:\/\/infoecos.com.ar\/"},{"@type":"ListItem","position":2,"name":"Se inaugur\u00f3 la repavimentaci\u00f3n de la Ruta Provincial 85, entre la Nacional 33 y el l\u00edmite con Coronel Su\u00e1rez"}]},{"@type":"WebSite","@id":"https:\/\/infoecos.com.ar\/#website","url":"https:\/\/infoecos.com.ar\/","name":"Infoecos","description":"Noticias de trenque lauquen y la zona","publisher":{"@id":"https:\/\/infoecos.com.ar\/#organization"},"alternateName":"Noticias","potentialAction":[{"@type":"SearchAction","target":{"@type":"EntryPoint","urlTemplate":"https:\/\/infoecos.com.ar\/?s={search_term_string}"},"query-input":{"@type":"PropertyValueSpecification","valueRequired":true,"valueName":"search_term_string"}}],"inLanguage":"es"},{"@type":"Organization","@id":"https:\/\/infoecos.com.ar\/#organization","name":"Infoecos","alternateName":"Noticias","url":"https:\/\/infoecos.com.ar\/","logo":{"@type":"ImageObject","inLanguage":"es","@id":"https:\/\/infoecos.com.ar\/#\/schema\/logo\/image\/","url":"https:\/\/infoecos.com.ar\/wp-content\/uploads\/2024\/03\/cropped-logo.png","contentUrl":"https:\/\/infoecos.com.ar\/wp-content\/uploads\/2024\/03\/cropped-logo.png","width":374,"height":90,"caption":"Infoecos"},"image":{"@id":"https:\/\/infoecos.com.ar\/#\/schema\/logo\/image\/"},"sameAs":["https:\/\/www.facebook.com\/profile.php?id=100063200290284","https:\/\/x.com\/infoecos"]},{"@type":"Person","@id":"https:\/\/infoecos.com.ar\/#\/schema\/person\/8f5ace5ce73b4b4aac4b7245aee6f191","name":"Jorge Matheus","url":"https:\/\/infoecos.com.ar\/index.php\/author\/jomatheus\/"}]}},"featured_image_urls":{"full":["https:\/\/infoecos.com.ar\/wp-content\/uploads\/2026\/04\/682158896_1506202514193668_6069199866317732428_n.jpg",2048,1152,false],"thumbnail":["https:\/\/infoecos.com.ar\/wp-content\/uploads\/2026\/04\/682158896_1506202514193668_6069199866317732428_n-300x150.jpg",300,150,true],"medium":["https:\/\/infoecos.com.ar\/wp-content\/uploads\/2026\/04\/682158896_1506202514193668_6069199866317732428_n-800x450.jpg",800,450,true],"medium_large":["https:\/\/infoecos.com.ar\/wp-content\/uploads\/2026\/04\/682158896_1506202514193668_6069199866317732428_n-768x432.jpg",640,360,true],"large":["https:\/\/infoecos.com.ar\/wp-content\/uploads\/2026\/04\/682158896_1506202514193668_6069199866317732428_n-1600x900.jpg",640,360,true],"1536x1536":["https:\/\/infoecos.com.ar\/wp-content\/uploads\/2026\/04\/682158896_1506202514193668_6069199866317732428_n-1536x864.jpg",1536,864,true],"2048x2048":["https:\/\/infoecos.com.ar\/wp-content\/uploads\/2026\/04\/682158896_1506202514193668_6069199866317732428_n.jpg",2048,1152,false],"covernews-slider-full":["https:\/\/infoecos.com.ar\/wp-content\/uploads\/2026\/04\/682158896_1506202514193668_6069199866317732428_n-1115x715.jpg",1115,715,true],"covernews-slider-center":["https:\/\/infoecos.com.ar\/wp-content\/uploads\/2026\/04\/682158896_1506202514193668_6069199866317732428_n-800x500.jpg",800,500,true],"covernews-featured":["https:\/\/infoecos.com.ar\/wp-content\/uploads\/2026\/04\/682158896_1506202514193668_6069199866317732428_n-1024x576.jpg",1024,576,true],"covernews-medium":["https:\/\/infoecos.com.ar\/wp-content\/uploads\/2026\/04\/682158896_1506202514193668_6069199866317732428_n-540x340.jpg",540,340,true],"covernews-medium-square":["https:\/\/infoecos.com.ar\/wp-content\/uploads\/2026\/04\/682158896_1506202514193668_6069199866317732428_n-400x250.jpg",400,250,true]},"author_info":{"info":["Jorge Matheus"]},"category_info":"<a href=\"https:\/\/infoecos.com.ar\/index.php\/category\/noticia-principal\/\" rel=\"category tag\">Noticia Principal<\/a>","tag_info":"Noticia Principal","comment_count":"0","_links":{"self":[{"href":"https:\/\/infoecos.com.ar\/index.php\/wp-json\/wp\/v2\/posts\/157487"}],"collection":[{"href":"https:\/\/infoecos.com.ar\/index.php\/wp-json\/wp\/v2\/posts"}],"about":[{"href":"https:\/\/infoecos.com.ar\/index.php\/wp-json\/wp\/v2\/types\/post"}],"author":[{"embeddable":true,"href":"https:\/\/infoecos.com.ar\/index.php\/wp-json\/wp\/v2\/users\/2"}],"replies":[{"embeddable":true,"href":"https:\/\/infoecos.com.ar\/index.php\/wp-json\/wp\/v2\/comments?post=157487"}],"version-history":[{"count":2,"href":"https:\/\/infoecos.com.ar\/index.php\/wp-json\/wp\/v2\/posts\/157487\/revisions"}],"predecessor-version":[{"id":157502,"href":"https:\/\/infoecos.com.ar\/index.php\/wp-json\/wp\/v2\/posts\/157487\/revisions\/157502"}],"wp:featuredmedia":[{"embeddable":true,"href":"https:\/\/infoecos.com.ar\/index.php\/wp-json\/wp\/v2\/media\/157500"}],"wp:attachment":[{"href":"https:\/\/infoecos.com.ar\/index.php\/wp-json\/wp\/v2\/media?parent=157487"}],"wp:term":[{"taxonomy":"category","embeddable":true,"href":"https:\/\/infoecos.com.ar\/index.php\/wp-json\/wp\/v2\/categories?post=157487"},{"taxonomy":"post_tag","embeddable":true,"href":"https:\/\/infoecos.com.ar\/index.php\/wp-json\/wp\/v2\/tags?post=157487"}],"curies":[{"name":"wp","href":"https:\/\/api.w.org\/{rel}","templated":true}]}}