{"id":157503,"date":"2026-04-28T21:51:26","date_gmt":"2026-04-29T00:51:26","guid":{"rendered":"https:\/\/infoecos.com.ar\/?p=157503"},"modified":"2026-04-28T21:51:26","modified_gmt":"2026-04-29T00:51:26","slug":"este-miercoles-primer-acto-de-firma-de-boletos-de-compraventa-para-adjudicatarios-de-terrenos-del-programa-mi-lote-en-trenque-lauquen","status":"publish","type":"post","link":"https:\/\/infoecos.com.ar\/index.php\/este-miercoles-primer-acto-de-firma-de-boletos-de-compraventa-para-adjudicatarios-de-terrenos-del-programa-mi-lote-en-trenque-lauquen\/","title":{"rendered":"Este mi\u00e9rcoles primer acto de firma de boletos de compraventa para adjudicatarios de terrenos del programa \u201cMi Lote\u201d, en Trenque Lauquen"},"content":{"rendered":"\n<p>Se realizar\u00e1 este mi\u00e9rcoles el primer acto de firma de los boletos de compraventa correspondientes a adjudicatarios de terrenos del programa \u201cMi Lote\u201d, destinado a la construcci\u00f3n de viviendas, gestado por el actual gobierno municipal. <\/p>\n\n\n\n<p>En esta primera instancia participar\u00e1n el segmento de Grupo Familiar incluidos en el listado definitivo del 1 al 30.<\/p>\n\n\n\n<figure class=\"wp-block-image size-full\"><img loading=\"lazy\" decoding=\"async\" width=\"1080\" height=\"1350\" src=\"https:\/\/infoecos.com.ar\/wp-content\/uploads\/2026\/04\/Mi-Lote-1.jpg\" alt=\"\" class=\"wp-image-157504\" srcset=\"https:\/\/infoecos.com.ar\/wp-content\/uploads\/2026\/04\/Mi-Lote-1.jpg 1080w, https:\/\/infoecos.com.ar\/wp-content\/uploads\/2026\/04\/Mi-Lote-1-640x800.jpg 640w, https:\/\/infoecos.com.ar\/wp-content\/uploads\/2026\/04\/Mi-Lote-1-768x960.jpg 768w, https:\/\/infoecos.com.ar\/wp-content\/uploads\/2026\/04\/Mi-Lote-1-1024x1280.jpg 1024w\" sizes=\"(max-width: 1080px) 100vw, 1080px\" \/><\/figure>\n\n\n\n<p>El acto \u2013que ser\u00e1 el primero de los tres previstos\u2013 se llevar\u00e1 a cabo a partir de las 19 h en la Casa de la Historia y la Cultura, ubicada en el Parque Municipal \u201cConrado Villegas\u201d, en la esquina de Belgrano y Scalese.<\/p>\n\n\n\n<figure class=\"wp-block-image aligncenter size-full\"><img loading=\"lazy\" decoding=\"async\" width=\"680\" height=\"306\" src=\"https:\/\/infoecos.com.ar\/wp-content\/uploads\/2026\/04\/image-264.png\" alt=\"\" class=\"wp-image-157507\"\/><\/figure>\n\n\n\n<p>Incluye 90 lotes municipales con servicios ubicados en la ciudad de Trenque Lauquen, 30 de Agosto, Beruti y Garr\u00e9, con un valor por debajo de mercado y en condiciones de pago accesibles, destinado exclusivamente a la construcci\u00f3n de vivienda \u00fanica, familiar y de ocupaci\u00f3n permanente.<\/p>\n\n\n\n<figure class=\"wp-block-gallery has-nested-images columns-default is-cropped wp-block-gallery-1 is-layout-flex wp-block-gallery-is-layout-flex\">\n<figure class=\"wp-block-image size-large\"><img loading=\"lazy\" decoding=\"async\" width=\"1080\" height=\"1350\" data-id=\"157505\" src=\"https:\/\/infoecos.com.ar\/wp-content\/uploads\/2026\/04\/Mi-Lote-3.jpg\" alt=\"\" class=\"wp-image-157505\" srcset=\"https:\/\/infoecos.com.ar\/wp-content\/uploads\/2026\/04\/Mi-Lote-3.jpg 1080w, https:\/\/infoecos.com.ar\/wp-content\/uploads\/2026\/04\/Mi-Lote-3-640x800.jpg 640w, https:\/\/infoecos.com.ar\/wp-content\/uploads\/2026\/04\/Mi-Lote-3-768x960.jpg 768w, https:\/\/infoecos.com.ar\/wp-content\/uploads\/2026\/04\/Mi-Lote-3-1024x1280.jpg 1024w\" sizes=\"(max-width: 1080px) 100vw, 1080px\" \/><\/figure>\n\n\n\n<figure class=\"wp-block-image size-large\"><img loading=\"lazy\" decoding=\"async\" width=\"1080\" height=\"1350\" data-id=\"157506\" src=\"https:\/\/infoecos.com.ar\/wp-content\/uploads\/2026\/04\/Mi-Lote-4.jpg\" alt=\"\" class=\"wp-image-157506\" srcset=\"https:\/\/infoecos.com.ar\/wp-content\/uploads\/2026\/04\/Mi-Lote-4.jpg 1080w, https:\/\/infoecos.com.ar\/wp-content\/uploads\/2026\/04\/Mi-Lote-4-640x800.jpg 640w, https:\/\/infoecos.com.ar\/wp-content\/uploads\/2026\/04\/Mi-Lote-4-768x960.jpg 768w, https:\/\/infoecos.com.ar\/wp-content\/uploads\/2026\/04\/Mi-Lote-4-1024x1280.jpg 1024w\" sizes=\"(max-width: 1080px) 100vw, 1080px\" \/><\/figure>\n<\/figure>\n","protected":false},"excerpt":{"rendered":"<p>Se realizar\u00e1 este mi\u00e9rcoles el primer acto de firma de los boletos de compraventa correspondientes&#8230;<\/p>\n","protected":false},"author":2,"featured_media":157507,"comment_status":"closed","ping_status":"open","sticky":false,"template":"","format":"standard","meta":{"footnotes":""},"categories":[1612],"tags":[10298,155,6831],"class_list":["post-157503","post","type-post","status-publish","format-standard","has-post-thumbnail","hentry","category-noticia-principal","tag-bloque-inferior","tag-politica","tag-servicios-comunitarios"],"yoast_head":"<!-- This site is optimized with the Yoast SEO plugin v23.4 - https:\/\/yoast.com\/wordpress\/plugins\/seo\/ -->\n<title>Este mi\u00e9rcoles primer acto de firma de boletos de compraventa para adjudicatarios de terrenos del programa \u201cMi Lote\u201d, en Trenque Lauquen - Infoecos<\/title>\n<meta name=\"robots\" content=\"index, follow, max-snippet:-1, max-image-preview:large, max-video-preview:-1\" \/>\n<link rel=\"canonical\" href=\"https:\/\/infoecos.com.ar\/index.php\/este-miercoles-primer-acto-de-firma-de-boletos-de-compraventa-para-adjudicatarios-de-terrenos-del-programa-mi-lote-en-trenque-lauquen\/\" \/>\n<meta property=\"og:locale\" content=\"es_ES\" \/>\n<meta property=\"og:type\" content=\"article\" \/>\n<meta property=\"og:title\" content=\"Este mi\u00e9rcoles primer acto de firma de boletos de compraventa para adjudicatarios de terrenos del programa \u201cMi Lote\u201d, en Trenque Lauquen - Infoecos\" \/>\n<meta property=\"og:description\" content=\"Se realizar\u00e1 este mi\u00e9rcoles el primer acto de firma de los boletos de compraventa correspondientes...\" \/>\n<meta property=\"og:url\" content=\"https:\/\/infoecos.com.ar\/index.php\/este-miercoles-primer-acto-de-firma-de-boletos-de-compraventa-para-adjudicatarios-de-terrenos-del-programa-mi-lote-en-trenque-lauquen\/\" \/>\n<meta property=\"og:site_name\" content=\"Infoecos\" \/>\n<meta property=\"article:publisher\" content=\"https:\/\/www.facebook.com\/profile.php?id=100063200290284\" \/>\n<meta property=\"article:published_time\" content=\"2026-04-29T00:51:26+00:00\" \/>\n<meta property=\"og:image\" content=\"https:\/\/infoecos.com.ar\/wp-content\/uploads\/2026\/04\/image-264.png\" \/>\n\t<meta property=\"og:image:width\" content=\"680\" \/>\n\t<meta property=\"og:image:height\" content=\"306\" \/>\n\t<meta property=\"og:image:type\" content=\"image\/png\" \/>\n<meta name=\"author\" content=\"Jorge Matheus\" \/>\n<meta name=\"twitter:card\" content=\"summary_large_image\" \/>\n<meta name=\"twitter:creator\" content=\"@infoecos\" \/>\n<meta name=\"twitter:site\" content=\"@infoecos\" \/>\n<meta name=\"twitter:label1\" content=\"Escrito por\" \/>\n\t<meta name=\"twitter:data1\" content=\"Jorge Matheus\" \/>\n\t<meta name=\"twitter:label2\" content=\"Tiempo de lectura\" \/>\n\t<meta name=\"twitter:data2\" content=\"2 minutos\" \/>\n<script type=\"application\/ld+json\" class=\"yoast-schema-graph\">{\"@context\":\"https:\/\/schema.org\",\"@graph\":[{\"@type\":\"Article\",\"@id\":\"https:\/\/infoecos.com.ar\/index.php\/este-miercoles-primer-acto-de-firma-de-boletos-de-compraventa-para-adjudicatarios-de-terrenos-del-programa-mi-lote-en-trenque-lauquen\/#article\",\"isPartOf\":{\"@id\":\"https:\/\/infoecos.com.ar\/index.php\/este-miercoles-primer-acto-de-firma-de-boletos-de-compraventa-para-adjudicatarios-de-terrenos-del-programa-mi-lote-en-trenque-lauquen\/\"},\"author\":{\"name\":\"Jorge Matheus\",\"@id\":\"https:\/\/infoecos.com.ar\/#\/schema\/person\/8f5ace5ce73b4b4aac4b7245aee6f191\"},\"headline\":\"Este mi\u00e9rcoles primer acto de firma de boletos de compraventa para adjudicatarios de terrenos del programa \u201cMi Lote\u201d, en Trenque Lauquen\",\"datePublished\":\"2026-04-29T00:51:26+00:00\",\"dateModified\":\"2026-04-29T00:51:26+00:00\",\"mainEntityOfPage\":{\"@id\":\"https:\/\/infoecos.com.ar\/index.php\/este-miercoles-primer-acto-de-firma-de-boletos-de-compraventa-para-adjudicatarios-de-terrenos-del-programa-mi-lote-en-trenque-lauquen\/\"},\"wordCount\":164,\"publisher\":{\"@id\":\"https:\/\/infoecos.com.ar\/#organization\"},\"image\":{\"@id\":\"https:\/\/infoecos.com.ar\/index.php\/este-miercoles-primer-acto-de-firma-de-boletos-de-compraventa-para-adjudicatarios-de-terrenos-del-programa-mi-lote-en-trenque-lauquen\/#primaryimage\"},\"thumbnailUrl\":\"https:\/\/infoecos.com.ar\/wp-content\/uploads\/2026\/04\/image-264.png\",\"keywords\":[\"Bloque inferior\",\"POL\u00cdTICA\",\"SERVICIOS COMUNITARIOS\"],\"articleSection\":[\"Noticia Principal\"],\"inLanguage\":\"es\"},{\"@type\":\"WebPage\",\"@id\":\"https:\/\/infoecos.com.ar\/index.php\/este-miercoles-primer-acto-de-firma-de-boletos-de-compraventa-para-adjudicatarios-de-terrenos-del-programa-mi-lote-en-trenque-lauquen\/\",\"url\":\"https:\/\/infoecos.com.ar\/index.php\/este-miercoles-primer-acto-de-firma-de-boletos-de-compraventa-para-adjudicatarios-de-terrenos-del-programa-mi-lote-en-trenque-lauquen\/\",\"name\":\"Este mi\u00e9rcoles primer acto de firma de boletos de compraventa para adjudicatarios de terrenos del programa \u201cMi Lote\u201d, en Trenque Lauquen - Infoecos\",\"isPartOf\":{\"@id\":\"https:\/\/infoecos.com.ar\/#website\"},\"primaryImageOfPage\":{\"@id\":\"https:\/\/infoecos.com.ar\/index.php\/este-miercoles-primer-acto-de-firma-de-boletos-de-compraventa-para-adjudicatarios-de-terrenos-del-programa-mi-lote-en-trenque-lauquen\/#primaryimage\"},\"image\":{\"@id\":\"https:\/\/infoecos.com.ar\/index.php\/este-miercoles-primer-acto-de-firma-de-boletos-de-compraventa-para-adjudicatarios-de-terrenos-del-programa-mi-lote-en-trenque-lauquen\/#primaryimage\"},\"thumbnailUrl\":\"https:\/\/infoecos.com.ar\/wp-content\/uploads\/2026\/04\/image-264.png\",\"datePublished\":\"2026-04-29T00:51:26+00:00\",\"dateModified\":\"2026-04-29T00:51:26+00:00\",\"breadcrumb\":{\"@id\":\"https:\/\/infoecos.com.ar\/index.php\/este-miercoles-primer-acto-de-firma-de-boletos-de-compraventa-para-adjudicatarios-de-terrenos-del-programa-mi-lote-en-trenque-lauquen\/#breadcrumb\"},\"inLanguage\":\"es\",\"potentialAction\":[{\"@type\":\"ReadAction\",\"target\":[\"https:\/\/infoecos.com.ar\/index.php\/este-miercoles-primer-acto-de-firma-de-boletos-de-compraventa-para-adjudicatarios-de-terrenos-del-programa-mi-lote-en-trenque-lauquen\/\"]}]},{\"@type\":\"ImageObject\",\"inLanguage\":\"es\",\"@id\":\"https:\/\/infoecos.com.ar\/index.php\/este-miercoles-primer-acto-de-firma-de-boletos-de-compraventa-para-adjudicatarios-de-terrenos-del-programa-mi-lote-en-trenque-lauquen\/#primaryimage\",\"url\":\"https:\/\/infoecos.com.ar\/wp-content\/uploads\/2026\/04\/image-264.png\",\"contentUrl\":\"https:\/\/infoecos.com.ar\/wp-content\/uploads\/2026\/04\/image-264.png\",\"width\":680,\"height\":306},{\"@type\":\"BreadcrumbList\",\"@id\":\"https:\/\/infoecos.com.ar\/index.php\/este-miercoles-primer-acto-de-firma-de-boletos-de-compraventa-para-adjudicatarios-de-terrenos-del-programa-mi-lote-en-trenque-lauquen\/#breadcrumb\",\"itemListElement\":[{\"@type\":\"ListItem\",\"position\":1,\"name\":\"Portada\",\"item\":\"https:\/\/infoecos.com.ar\/\"},{\"@type\":\"ListItem\",\"position\":2,\"name\":\"Este mi\u00e9rcoles primer acto de firma de boletos de compraventa para adjudicatarios de terrenos del programa \u201cMi Lote\u201d, en Trenque Lauquen\"}]},{\"@type\":\"WebSite\",\"@id\":\"https:\/\/infoecos.com.ar\/#website\",\"url\":\"https:\/\/infoecos.com.ar\/\",\"name\":\"Infoecos\",\"description\":\"Noticias de trenque lauquen y la zona\",\"publisher\":{\"@id\":\"https:\/\/infoecos.com.ar\/#organization\"},\"alternateName\":\"Noticias\",\"potentialAction\":[{\"@type\":\"SearchAction\",\"target\":{\"@type\":\"EntryPoint\",\"urlTemplate\":\"https:\/\/infoecos.com.ar\/?s={search_term_string}\"},\"query-input\":{\"@type\":\"PropertyValueSpecification\",\"valueRequired\":true,\"valueName\":\"search_term_string\"}}],\"inLanguage\":\"es\"},{\"@type\":\"Organization\",\"@id\":\"https:\/\/infoecos.com.ar\/#organization\",\"name\":\"Infoecos\",\"alternateName\":\"Noticias\",\"url\":\"https:\/\/infoecos.com.ar\/\",\"logo\":{\"@type\":\"ImageObject\",\"inLanguage\":\"es\",\"@id\":\"https:\/\/infoecos.com.ar\/#\/schema\/logo\/image\/\",\"url\":\"https:\/\/infoecos.com.ar\/wp-content\/uploads\/2024\/03\/cropped-logo.png\",\"contentUrl\":\"https:\/\/infoecos.com.ar\/wp-content\/uploads\/2024\/03\/cropped-logo.png\",\"width\":374,\"height\":90,\"caption\":\"Infoecos\"},\"image\":{\"@id\":\"https:\/\/infoecos.com.ar\/#\/schema\/logo\/image\/\"},\"sameAs\":[\"https:\/\/www.facebook.com\/profile.php?id=100063200290284\",\"https:\/\/x.com\/infoecos\"]},{\"@type\":\"Person\",\"@id\":\"https:\/\/infoecos.com.ar\/#\/schema\/person\/8f5ace5ce73b4b4aac4b7245aee6f191\",\"name\":\"Jorge Matheus\",\"url\":\"https:\/\/infoecos.com.ar\/index.php\/author\/jomatheus\/\"}]}<\/script>\n<!-- \/ Yoast SEO plugin. -->","yoast_head_json":{"title":"Este mi\u00e9rcoles primer acto de firma de boletos de compraventa para adjudicatarios de terrenos del programa \u201cMi Lote\u201d, en Trenque Lauquen - Infoecos","robots":{"index":"index","follow":"follow","max-snippet":"max-snippet:-1","max-image-preview":"max-image-preview:large","max-video-preview":"max-video-preview:-1"},"canonical":"https:\/\/infoecos.com.ar\/index.php\/este-miercoles-primer-acto-de-firma-de-boletos-de-compraventa-para-adjudicatarios-de-terrenos-del-programa-mi-lote-en-trenque-lauquen\/","og_locale":"es_ES","og_type":"article","og_title":"Este mi\u00e9rcoles primer acto de firma de boletos de compraventa para adjudicatarios de terrenos del programa \u201cMi Lote\u201d, en Trenque Lauquen - Infoecos","og_description":"Se realizar\u00e1 este mi\u00e9rcoles el primer acto de firma de los boletos de compraventa correspondientes...","og_url":"https:\/\/infoecos.com.ar\/index.php\/este-miercoles-primer-acto-de-firma-de-boletos-de-compraventa-para-adjudicatarios-de-terrenos-del-programa-mi-lote-en-trenque-lauquen\/","og_site_name":"Infoecos","article_publisher":"https:\/\/www.facebook.com\/profile.php?id=100063200290284","article_published_time":"2026-04-29T00:51:26+00:00","og_image":[{"width":680,"height":306,"url":"https:\/\/infoecos.com.ar\/wp-content\/uploads\/2026\/04\/image-264.png","type":"image\/png"}],"author":"Jorge Matheus","twitter_card":"summary_large_image","twitter_creator":"@infoecos","twitter_site":"@infoecos","twitter_misc":{"Escrito por":"Jorge Matheus","Tiempo de lectura":"2 minutos"},"schema":{"@context":"https:\/\/schema.org","@graph":[{"@type":"Article","@id":"https:\/\/infoecos.com.ar\/index.php\/este-miercoles-primer-acto-de-firma-de-boletos-de-compraventa-para-adjudicatarios-de-terrenos-del-programa-mi-lote-en-trenque-lauquen\/#article","isPartOf":{"@id":"https:\/\/infoecos.com.ar\/index.php\/este-miercoles-primer-acto-de-firma-de-boletos-de-compraventa-para-adjudicatarios-de-terrenos-del-programa-mi-lote-en-trenque-lauquen\/"},"author":{"name":"Jorge Matheus","@id":"https:\/\/infoecos.com.ar\/#\/schema\/person\/8f5ace5ce73b4b4aac4b7245aee6f191"},"headline":"Este mi\u00e9rcoles primer acto de firma de boletos de compraventa para adjudicatarios de terrenos del programa \u201cMi Lote\u201d, en Trenque Lauquen","datePublished":"2026-04-29T00:51:26+00:00","dateModified":"2026-04-29T00:51:26+00:00","mainEntityOfPage":{"@id":"https:\/\/infoecos.com.ar\/index.php\/este-miercoles-primer-acto-de-firma-de-boletos-de-compraventa-para-adjudicatarios-de-terrenos-del-programa-mi-lote-en-trenque-lauquen\/"},"wordCount":164,"publisher":{"@id":"https:\/\/infoecos.com.ar\/#organization"},"image":{"@id":"https:\/\/infoecos.com.ar\/index.php\/este-miercoles-primer-acto-de-firma-de-boletos-de-compraventa-para-adjudicatarios-de-terrenos-del-programa-mi-lote-en-trenque-lauquen\/#primaryimage"},"thumbnailUrl":"https:\/\/infoecos.com.ar\/wp-content\/uploads\/2026\/04\/image-264.png","keywords":["Bloque inferior","POL\u00cdTICA","SERVICIOS COMUNITARIOS"],"articleSection":["Noticia Principal"],"inLanguage":"es"},{"@type":"WebPage","@id":"https:\/\/infoecos.com.ar\/index.php\/este-miercoles-primer-acto-de-firma-de-boletos-de-compraventa-para-adjudicatarios-de-terrenos-del-programa-mi-lote-en-trenque-lauquen\/","url":"https:\/\/infoecos.com.ar\/index.php\/este-miercoles-primer-acto-de-firma-de-boletos-de-compraventa-para-adjudicatarios-de-terrenos-del-programa-mi-lote-en-trenque-lauquen\/","name":"Este mi\u00e9rcoles primer acto de firma de boletos de compraventa para adjudicatarios de terrenos del programa \u201cMi Lote\u201d, en Trenque Lauquen - Infoecos","isPartOf":{"@id":"https:\/\/infoecos.com.ar\/#website"},"primaryImageOfPage":{"@id":"https:\/\/infoecos.com.ar\/index.php\/este-miercoles-primer-acto-de-firma-de-boletos-de-compraventa-para-adjudicatarios-de-terrenos-del-programa-mi-lote-en-trenque-lauquen\/#primaryimage"},"image":{"@id":"https:\/\/infoecos.com.ar\/index.php\/este-miercoles-primer-acto-de-firma-de-boletos-de-compraventa-para-adjudicatarios-de-terrenos-del-programa-mi-lote-en-trenque-lauquen\/#primaryimage"},"thumbnailUrl":"https:\/\/infoecos.com.ar\/wp-content\/uploads\/2026\/04\/image-264.png","datePublished":"2026-04-29T00:51:26+00:00","dateModified":"2026-04-29T00:51:26+00:00","breadcrumb":{"@id":"https:\/\/infoecos.com.ar\/index.php\/este-miercoles-primer-acto-de-firma-de-boletos-de-compraventa-para-adjudicatarios-de-terrenos-del-programa-mi-lote-en-trenque-lauquen\/#breadcrumb"},"inLanguage":"es","potentialAction":[{"@type":"ReadAction","target":["https:\/\/infoecos.com.ar\/index.php\/este-miercoles-primer-acto-de-firma-de-boletos-de-compraventa-para-adjudicatarios-de-terrenos-del-programa-mi-lote-en-trenque-lauquen\/"]}]},{"@type":"ImageObject","inLanguage":"es","@id":"https:\/\/infoecos.com.ar\/index.php\/este-miercoles-primer-acto-de-firma-de-boletos-de-compraventa-para-adjudicatarios-de-terrenos-del-programa-mi-lote-en-trenque-lauquen\/#primaryimage","url":"https:\/\/infoecos.com.ar\/wp-content\/uploads\/2026\/04\/image-264.png","contentUrl":"https:\/\/infoecos.com.ar\/wp-content\/uploads\/2026\/04\/image-264.png","width":680,"height":306},{"@type":"BreadcrumbList","@id":"https:\/\/infoecos.com.ar\/index.php\/este-miercoles-primer-acto-de-firma-de-boletos-de-compraventa-para-adjudicatarios-de-terrenos-del-programa-mi-lote-en-trenque-lauquen\/#breadcrumb","itemListElement":[{"@type":"ListItem","position":1,"name":"Portada","item":"https:\/\/infoecos.com.ar\/"},{"@type":"ListItem","position":2,"name":"Este mi\u00e9rcoles primer acto de firma de boletos de compraventa para adjudicatarios de terrenos del programa \u201cMi Lote\u201d, en Trenque Lauquen"}]},{"@type":"WebSite","@id":"https:\/\/infoecos.com.ar\/#website","url":"https:\/\/infoecos.com.ar\/","name":"Infoecos","description":"Noticias de trenque lauquen y la zona","publisher":{"@id":"https:\/\/infoecos.com.ar\/#organization"},"alternateName":"Noticias","potentialAction":[{"@type":"SearchAction","target":{"@type":"EntryPoint","urlTemplate":"https:\/\/infoecos.com.ar\/?s={search_term_string}"},"query-input":{"@type":"PropertyValueSpecification","valueRequired":true,"valueName":"search_term_string"}}],"inLanguage":"es"},{"@type":"Organization","@id":"https:\/\/infoecos.com.ar\/#organization","name":"Infoecos","alternateName":"Noticias","url":"https:\/\/infoecos.com.ar\/","logo":{"@type":"ImageObject","inLanguage":"es","@id":"https:\/\/infoecos.com.ar\/#\/schema\/logo\/image\/","url":"https:\/\/infoecos.com.ar\/wp-content\/uploads\/2024\/03\/cropped-logo.png","contentUrl":"https:\/\/infoecos.com.ar\/wp-content\/uploads\/2024\/03\/cropped-logo.png","width":374,"height":90,"caption":"Infoecos"},"image":{"@id":"https:\/\/infoecos.com.ar\/#\/schema\/logo\/image\/"},"sameAs":["https:\/\/www.facebook.com\/profile.php?id=100063200290284","https:\/\/x.com\/infoecos"]},{"@type":"Person","@id":"https:\/\/infoecos.com.ar\/#\/schema\/person\/8f5ace5ce73b4b4aac4b7245aee6f191","name":"Jorge Matheus","url":"https:\/\/infoecos.com.ar\/index.php\/author\/jomatheus\/"}]}},"featured_image_urls":{"full":["https:\/\/infoecos.com.ar\/wp-content\/uploads\/2026\/04\/image-264.png",680,306,false],"thumbnail":["https:\/\/infoecos.com.ar\/wp-content\/uploads\/2026\/04\/image-264-300x150.png",300,150,true],"medium":["https:\/\/infoecos.com.ar\/wp-content\/uploads\/2026\/04\/image-264.png",680,306,false],"medium_large":["https:\/\/infoecos.com.ar\/wp-content\/uploads\/2026\/04\/image-264.png",640,288,false],"large":["https:\/\/infoecos.com.ar\/wp-content\/uploads\/2026\/04\/image-264.png",640,288,false],"1536x1536":["https:\/\/infoecos.com.ar\/wp-content\/uploads\/2026\/04\/image-264.png",680,306,false],"2048x2048":["https:\/\/infoecos.com.ar\/wp-content\/uploads\/2026\/04\/image-264.png",680,306,false],"covernews-slider-full":["https:\/\/infoecos.com.ar\/wp-content\/uploads\/2026\/04\/image-264.png",680,306,false],"covernews-slider-center":["https:\/\/infoecos.com.ar\/wp-content\/uploads\/2026\/04\/image-264.png",680,306,false],"covernews-featured":["https:\/\/infoecos.com.ar\/wp-content\/uploads\/2026\/04\/image-264.png",680,306,false],"covernews-medium":["https:\/\/infoecos.com.ar\/wp-content\/uploads\/2026\/04\/image-264-540x306.png",540,306,true],"covernews-medium-square":["https:\/\/infoecos.com.ar\/wp-content\/uploads\/2026\/04\/image-264-400x250.png",400,250,true]},"author_info":{"info":["Jorge Matheus"]},"category_info":"<a href=\"https:\/\/infoecos.com.ar\/index.php\/category\/noticia-principal\/\" rel=\"category tag\">Noticia Principal<\/a>","tag_info":"Noticia Principal","comment_count":"0","_links":{"self":[{"href":"https:\/\/infoecos.com.ar\/index.php\/wp-json\/wp\/v2\/posts\/157503"}],"collection":[{"href":"https:\/\/infoecos.com.ar\/index.php\/wp-json\/wp\/v2\/posts"}],"about":[{"href":"https:\/\/infoecos.com.ar\/index.php\/wp-json\/wp\/v2\/types\/post"}],"author":[{"embeddable":true,"href":"https:\/\/infoecos.com.ar\/index.php\/wp-json\/wp\/v2\/users\/2"}],"replies":[{"embeddable":true,"href":"https:\/\/infoecos.com.ar\/index.php\/wp-json\/wp\/v2\/comments?post=157503"}],"version-history":[{"count":1,"href":"https:\/\/infoecos.com.ar\/index.php\/wp-json\/wp\/v2\/posts\/157503\/revisions"}],"predecessor-version":[{"id":157508,"href":"https:\/\/infoecos.com.ar\/index.php\/wp-json\/wp\/v2\/posts\/157503\/revisions\/157508"}],"wp:featuredmedia":[{"embeddable":true,"href":"https:\/\/infoecos.com.ar\/index.php\/wp-json\/wp\/v2\/media\/157507"}],"wp:attachment":[{"href":"https:\/\/infoecos.com.ar\/index.php\/wp-json\/wp\/v2\/media?parent=157503"}],"wp:term":[{"taxonomy":"category","embeddable":true,"href":"https:\/\/infoecos.com.ar\/index.php\/wp-json\/wp\/v2\/categories?post=157503"},{"taxonomy":"post_tag","embeddable":true,"href":"https:\/\/infoecos.com.ar\/index.php\/wp-json\/wp\/v2\/tags?post=157503"}],"curies":[{"name":"wp","href":"https:\/\/api.w.org\/{rel}","templated":true}]}}