{"id":157509,"date":"2026-04-28T22:44:03","date_gmt":"2026-04-29T01:44:03","guid":{"rendered":"https:\/\/infoecos.com.ar\/?p=157509"},"modified":"2026-04-28T22:47:30","modified_gmt":"2026-04-29T01:47:30","slug":"157509","status":"publish","type":"post","link":"https:\/\/infoecos.com.ar\/index.php\/157509\/","title":{"rendered":"La Fundaci\u00f3n Garrahan don\u00f3 al Hospital Municipal \u201cDr. Pedro T. Orellana\u201d de Trenque Lauquen camillas de traslado de pacientes"},"content":{"rendered":"\n<p>La Fundaci\u00f3n Garrahan, a trav\u00e9s del grupo de voluntarias que trabajan en Trenque Lauquen, don\u00f3 al Hospital Municipal \u201cDr. Pedro T. Orellana\u201d tres camillas de traslado de pacientes de \u00faltima generaci\u00f3n.<\/p>\n\n\n\n<p>Desde el Municipio y el Hospital, agradecieron el aporte de la Fundaci\u00f3n que siempre est\u00e1 colaborando con nuevo equipamiento y aparatolog\u00eda para el centro de salud.<\/p>\n\n\n\n<p> Claudia Peirone agradeci\u00f3 el apoyo de la comunidad que colabora con papel y tapitas en las distintas colectas que organizan en Trenque Lauquen y tambi\u00e9n a la empresa Truck Sur que ayuda con los traslados, a Auditorio Cristiano Evang\u00e9lico, que encabeza el Pastor Ricardo Saavedra por su colaboraci\u00f3n y a la Sociedad Rural de Trenque Lauquen que presta los galpones para el acopio de los materiales.<\/p>\n\n\n\n<figure class=\"wp-block-gallery has-nested-images columns-default is-cropped wp-block-gallery-1 is-layout-flex wp-block-gallery-is-layout-flex\">\n<figure class=\"wp-block-image size-large\"><img loading=\"lazy\" decoding=\"async\" width=\"1600\" height=\"1067\" data-id=\"157512\" src=\"https:\/\/infoecos.com.ar\/wp-content\/uploads\/2026\/04\/Donacion-camillas-1-1600x1067.jpg\" alt=\"\" class=\"wp-image-157512\" srcset=\"https:\/\/infoecos.com.ar\/wp-content\/uploads\/2026\/04\/Donacion-camillas-1-1600x1067.jpg 1600w, https:\/\/infoecos.com.ar\/wp-content\/uploads\/2026\/04\/Donacion-camillas-1-800x533.jpg 800w, https:\/\/infoecos.com.ar\/wp-content\/uploads\/2026\/04\/Donacion-camillas-1-768x512.jpg 768w, https:\/\/infoecos.com.ar\/wp-content\/uploads\/2026\/04\/Donacion-camillas-1-1536x1024.jpg 1536w, https:\/\/infoecos.com.ar\/wp-content\/uploads\/2026\/04\/Donacion-camillas-1-2048x1365.jpg 2048w, https:\/\/infoecos.com.ar\/wp-content\/uploads\/2026\/04\/Donacion-camillas-1-1024x683.jpg 1024w\" sizes=\"(max-width: 1600px) 100vw, 1600px\" \/><\/figure>\n\n\n\n<figure class=\"wp-block-image size-large\"><img loading=\"lazy\" decoding=\"async\" width=\"1600\" height=\"1067\" data-id=\"157513\" src=\"https:\/\/infoecos.com.ar\/wp-content\/uploads\/2026\/04\/Donacion-camillas-9-1600x1067.jpg\" alt=\"\" class=\"wp-image-157513\" srcset=\"https:\/\/infoecos.com.ar\/wp-content\/uploads\/2026\/04\/Donacion-camillas-9-1600x1067.jpg 1600w, https:\/\/infoecos.com.ar\/wp-content\/uploads\/2026\/04\/Donacion-camillas-9-800x533.jpg 800w, https:\/\/infoecos.com.ar\/wp-content\/uploads\/2026\/04\/Donacion-camillas-9-768x512.jpg 768w, https:\/\/infoecos.com.ar\/wp-content\/uploads\/2026\/04\/Donacion-camillas-9-1536x1024.jpg 1536w, https:\/\/infoecos.com.ar\/wp-content\/uploads\/2026\/04\/Donacion-camillas-9-2048x1365.jpg 2048w, https:\/\/infoecos.com.ar\/wp-content\/uploads\/2026\/04\/Donacion-camillas-9-1024x683.jpg 1024w\" sizes=\"(max-width: 1600px) 100vw, 1600px\" \/><\/figure>\n\n\n\n<figure class=\"wp-block-image size-large\"><img loading=\"lazy\" decoding=\"async\" width=\"1600\" height=\"1067\" data-id=\"157511\" src=\"https:\/\/infoecos.com.ar\/wp-content\/uploads\/2026\/04\/Donacion-camillas-11-1600x1067.jpg\" alt=\"\" class=\"wp-image-157511\" srcset=\"https:\/\/infoecos.com.ar\/wp-content\/uploads\/2026\/04\/Donacion-camillas-11-1600x1067.jpg 1600w, https:\/\/infoecos.com.ar\/wp-content\/uploads\/2026\/04\/Donacion-camillas-11-800x533.jpg 800w, https:\/\/infoecos.com.ar\/wp-content\/uploads\/2026\/04\/Donacion-camillas-11-768x512.jpg 768w, https:\/\/infoecos.com.ar\/wp-content\/uploads\/2026\/04\/Donacion-camillas-11-1536x1024.jpg 1536w, https:\/\/infoecos.com.ar\/wp-content\/uploads\/2026\/04\/Donacion-camillas-11-2048x1365.jpg 2048w, https:\/\/infoecos.com.ar\/wp-content\/uploads\/2026\/04\/Donacion-camillas-11-1024x683.jpg 1024w\" sizes=\"(max-width: 1600px) 100vw, 1600px\" \/><\/figure>\n<\/figure>\n\n\n\n<p>Las camillas son de \u00faltima generaci\u00f3n y tienen entre otras caracter\u00edsticas:<\/p>\n\n\n\n<p>. <strong>Sistema de manivela<\/strong><\/p>\n\n\n\n<p>. <strong>Resorte neum\u00e1tico de respaldo<\/strong><\/p>\n\n\n\n<p>. <strong>Barandas laterales (la plataforma de la camilla y la baranda est\u00e1n hechas de material PP de alta calidad).<\/strong><\/p>\n\n\n\n<p>. <strong>Ruedas de 6\u201d con bloqueo de freno centralizado<\/strong><\/p>\n\n\n\n<p>. <strong>Ruedas direccionales (puede activarse para facilitar el control de la direcci\u00f3n, lo que permite a los usuarios desplazarse con la camilla f\u00e1cilmente en entornos agitados y din\u00e1micos)<\/strong><\/p>\n\n\n\n<p>. <strong>Pedal de bloqueo central 2<\/strong><\/p>\n\n\n\n<p>. <strong>Pedal de la quinta rueda direccional<\/strong><\/p>\n\n\n\n<p>. <strong>Porta Suero con 4 ganchos<\/strong><\/p>\n\n\n\n<p>. <strong>Sujeci\u00f3n de porta suero<\/strong><\/p>\n\n\n\n<p>. <strong>Sujeci\u00f3n para tubo de O2<\/strong><\/p>\n\n\n\n<p>.<strong> Colch\u00f3n para camilla de transferencia<\/strong><\/p>\n\n\n\n<p>Del acto, que se concret\u00f3 esta ma\u00f1ana (martes) en el centro de salud, participaron el secretario de Legal y T\u00e9cnica, Gustavo Marchabalo; el Dr. Sergio Valente, del \u00e1rea de Salud Municipal; Claudia Peirone e integrantes de la Fundaci\u00f3n Garrahan con representaci\u00f3n en Trenque Lauquen.<\/p>\n\n\n\n<p><\/p>\n","protected":false},"excerpt":{"rendered":"<p>La Fundaci\u00f3n Garrahan, a trav\u00e9s del grupo de voluntarias que trabajan en Trenque Lauquen, don\u00f3&#8230;<\/p>\n","protected":false},"author":2,"featured_media":157510,"comment_status":"closed","ping_status":"open","sticky":false,"template":"","format":"standard","meta":{"footnotes":""},"categories":[1],"tags":[10298,155,1500],"class_list":["post-157509","post","type-post","status-publish","format-standard","has-post-thumbnail","hentry","category-sin-categoria","tag-bloque-inferior","tag-politica","tag-regional"],"yoast_head":"<!-- This site is optimized with the Yoast SEO plugin v23.4 - https:\/\/yoast.com\/wordpress\/plugins\/seo\/ -->\n<title>La Fundaci\u00f3n Garrahan don\u00f3 al Hospital Municipal \u201cDr. Pedro T. Orellana\u201d de Trenque Lauquen camillas de traslado de pacientes - Infoecos<\/title>\n<meta name=\"robots\" content=\"index, follow, max-snippet:-1, max-image-preview:large, max-video-preview:-1\" \/>\n<link rel=\"canonical\" href=\"https:\/\/infoecos.com.ar\/index.php\/157509\/\" \/>\n<meta property=\"og:locale\" content=\"es_ES\" \/>\n<meta property=\"og:type\" content=\"article\" \/>\n<meta property=\"og:title\" content=\"La Fundaci\u00f3n Garrahan don\u00f3 al Hospital Municipal \u201cDr. Pedro T. Orellana\u201d de Trenque Lauquen camillas de traslado de pacientes - Infoecos\" \/>\n<meta property=\"og:description\" content=\"La Fundaci\u00f3n Garrahan, a trav\u00e9s del grupo de voluntarias que trabajan en Trenque Lauquen, don\u00f3...\" \/>\n<meta property=\"og:url\" content=\"https:\/\/infoecos.com.ar\/index.php\/157509\/\" \/>\n<meta property=\"og:site_name\" content=\"Infoecos\" \/>\n<meta property=\"article:publisher\" content=\"https:\/\/www.facebook.com\/profile.php?id=100063200290284\" \/>\n<meta property=\"article:published_time\" content=\"2026-04-29T01:44:03+00:00\" \/>\n<meta property=\"article:modified_time\" content=\"2026-04-29T01:47:30+00:00\" \/>\n<meta property=\"og:image\" content=\"https:\/\/infoecos.com.ar\/wp-content\/uploads\/2026\/04\/Donacion-camillas-10-scaled.jpg\" \/>\n\t<meta property=\"og:image:width\" content=\"2560\" \/>\n\t<meta property=\"og:image:height\" content=\"1706\" \/>\n\t<meta property=\"og:image:type\" content=\"image\/jpeg\" \/>\n<meta name=\"author\" content=\"Jorge Matheus\" \/>\n<meta name=\"twitter:card\" content=\"summary_large_image\" \/>\n<meta name=\"twitter:creator\" content=\"@infoecos\" \/>\n<meta name=\"twitter:site\" content=\"@infoecos\" \/>\n<meta name=\"twitter:label1\" content=\"Escrito por\" \/>\n\t<meta name=\"twitter:data1\" content=\"Jorge Matheus\" \/>\n\t<meta name=\"twitter:label2\" content=\"Tiempo de lectura\" \/>\n\t<meta name=\"twitter:data2\" content=\"3 minutos\" \/>\n<script type=\"application\/ld+json\" class=\"yoast-schema-graph\">{\"@context\":\"https:\/\/schema.org\",\"@graph\":[{\"@type\":\"Article\",\"@id\":\"https:\/\/infoecos.com.ar\/index.php\/157509\/#article\",\"isPartOf\":{\"@id\":\"https:\/\/infoecos.com.ar\/index.php\/157509\/\"},\"author\":{\"name\":\"Jorge Matheus\",\"@id\":\"https:\/\/infoecos.com.ar\/#\/schema\/person\/8f5ace5ce73b4b4aac4b7245aee6f191\"},\"headline\":\"La Fundaci\u00f3n Garrahan don\u00f3 al Hospital Municipal \u201cDr. Pedro T. Orellana\u201d de Trenque Lauquen camillas de traslado de pacientes\",\"datePublished\":\"2026-04-29T01:44:03+00:00\",\"dateModified\":\"2026-04-29T01:47:30+00:00\",\"mainEntityOfPage\":{\"@id\":\"https:\/\/infoecos.com.ar\/index.php\/157509\/\"},\"wordCount\":307,\"publisher\":{\"@id\":\"https:\/\/infoecos.com.ar\/#organization\"},\"image\":{\"@id\":\"https:\/\/infoecos.com.ar\/index.php\/157509\/#primaryimage\"},\"thumbnailUrl\":\"https:\/\/infoecos.com.ar\/wp-content\/uploads\/2026\/04\/Donacion-camillas-10-scaled.jpg\",\"keywords\":[\"Bloque inferior\",\"POL\u00cdTICA\",\"REGIONAL\"],\"inLanguage\":\"es\"},{\"@type\":\"WebPage\",\"@id\":\"https:\/\/infoecos.com.ar\/index.php\/157509\/\",\"url\":\"https:\/\/infoecos.com.ar\/index.php\/157509\/\",\"name\":\"La Fundaci\u00f3n Garrahan don\u00f3 al Hospital Municipal \u201cDr. Pedro T. Orellana\u201d de Trenque Lauquen camillas de traslado de pacientes - Infoecos\",\"isPartOf\":{\"@id\":\"https:\/\/infoecos.com.ar\/#website\"},\"primaryImageOfPage\":{\"@id\":\"https:\/\/infoecos.com.ar\/index.php\/157509\/#primaryimage\"},\"image\":{\"@id\":\"https:\/\/infoecos.com.ar\/index.php\/157509\/#primaryimage\"},\"thumbnailUrl\":\"https:\/\/infoecos.com.ar\/wp-content\/uploads\/2026\/04\/Donacion-camillas-10-scaled.jpg\",\"datePublished\":\"2026-04-29T01:44:03+00:00\",\"dateModified\":\"2026-04-29T01:47:30+00:00\",\"breadcrumb\":{\"@id\":\"https:\/\/infoecos.com.ar\/index.php\/157509\/#breadcrumb\"},\"inLanguage\":\"es\",\"potentialAction\":[{\"@type\":\"ReadAction\",\"target\":[\"https:\/\/infoecos.com.ar\/index.php\/157509\/\"]}]},{\"@type\":\"ImageObject\",\"inLanguage\":\"es\",\"@id\":\"https:\/\/infoecos.com.ar\/index.php\/157509\/#primaryimage\",\"url\":\"https:\/\/infoecos.com.ar\/wp-content\/uploads\/2026\/04\/Donacion-camillas-10-scaled.jpg\",\"contentUrl\":\"https:\/\/infoecos.com.ar\/wp-content\/uploads\/2026\/04\/Donacion-camillas-10-scaled.jpg\",\"width\":2560,\"height\":1706},{\"@type\":\"BreadcrumbList\",\"@id\":\"https:\/\/infoecos.com.ar\/index.php\/157509\/#breadcrumb\",\"itemListElement\":[{\"@type\":\"ListItem\",\"position\":1,\"name\":\"Portada\",\"item\":\"https:\/\/infoecos.com.ar\/\"},{\"@type\":\"ListItem\",\"position\":2,\"name\":\"La Fundaci\u00f3n Garrahan don\u00f3 al Hospital Municipal \u201cDr. Pedro T. Orellana\u201d de Trenque Lauquen camillas de traslado de pacientes\"}]},{\"@type\":\"WebSite\",\"@id\":\"https:\/\/infoecos.com.ar\/#website\",\"url\":\"https:\/\/infoecos.com.ar\/\",\"name\":\"Infoecos\",\"description\":\"Noticias de trenque lauquen y la zona\",\"publisher\":{\"@id\":\"https:\/\/infoecos.com.ar\/#organization\"},\"alternateName\":\"Noticias\",\"potentialAction\":[{\"@type\":\"SearchAction\",\"target\":{\"@type\":\"EntryPoint\",\"urlTemplate\":\"https:\/\/infoecos.com.ar\/?s={search_term_string}\"},\"query-input\":{\"@type\":\"PropertyValueSpecification\",\"valueRequired\":true,\"valueName\":\"search_term_string\"}}],\"inLanguage\":\"es\"},{\"@type\":\"Organization\",\"@id\":\"https:\/\/infoecos.com.ar\/#organization\",\"name\":\"Infoecos\",\"alternateName\":\"Noticias\",\"url\":\"https:\/\/infoecos.com.ar\/\",\"logo\":{\"@type\":\"ImageObject\",\"inLanguage\":\"es\",\"@id\":\"https:\/\/infoecos.com.ar\/#\/schema\/logo\/image\/\",\"url\":\"https:\/\/infoecos.com.ar\/wp-content\/uploads\/2024\/03\/cropped-logo.png\",\"contentUrl\":\"https:\/\/infoecos.com.ar\/wp-content\/uploads\/2024\/03\/cropped-logo.png\",\"width\":374,\"height\":90,\"caption\":\"Infoecos\"},\"image\":{\"@id\":\"https:\/\/infoecos.com.ar\/#\/schema\/logo\/image\/\"},\"sameAs\":[\"https:\/\/www.facebook.com\/profile.php?id=100063200290284\",\"https:\/\/x.com\/infoecos\"]},{\"@type\":\"Person\",\"@id\":\"https:\/\/infoecos.com.ar\/#\/schema\/person\/8f5ace5ce73b4b4aac4b7245aee6f191\",\"name\":\"Jorge Matheus\",\"url\":\"https:\/\/infoecos.com.ar\/index.php\/author\/jomatheus\/\"}]}<\/script>\n<!-- \/ Yoast SEO plugin. -->","yoast_head_json":{"title":"La Fundaci\u00f3n Garrahan don\u00f3 al Hospital Municipal \u201cDr. Pedro T. Orellana\u201d de Trenque Lauquen camillas de traslado de pacientes - Infoecos","robots":{"index":"index","follow":"follow","max-snippet":"max-snippet:-1","max-image-preview":"max-image-preview:large","max-video-preview":"max-video-preview:-1"},"canonical":"https:\/\/infoecos.com.ar\/index.php\/157509\/","og_locale":"es_ES","og_type":"article","og_title":"La Fundaci\u00f3n Garrahan don\u00f3 al Hospital Municipal \u201cDr. Pedro T. Orellana\u201d de Trenque Lauquen camillas de traslado de pacientes - Infoecos","og_description":"La Fundaci\u00f3n Garrahan, a trav\u00e9s del grupo de voluntarias que trabajan en Trenque Lauquen, don\u00f3...","og_url":"https:\/\/infoecos.com.ar\/index.php\/157509\/","og_site_name":"Infoecos","article_publisher":"https:\/\/www.facebook.com\/profile.php?id=100063200290284","article_published_time":"2026-04-29T01:44:03+00:00","article_modified_time":"2026-04-29T01:47:30+00:00","og_image":[{"width":2560,"height":1706,"url":"https:\/\/infoecos.com.ar\/wp-content\/uploads\/2026\/04\/Donacion-camillas-10-scaled.jpg","type":"image\/jpeg"}],"author":"Jorge Matheus","twitter_card":"summary_large_image","twitter_creator":"@infoecos","twitter_site":"@infoecos","twitter_misc":{"Escrito por":"Jorge Matheus","Tiempo de lectura":"3 minutos"},"schema":{"@context":"https:\/\/schema.org","@graph":[{"@type":"Article","@id":"https:\/\/infoecos.com.ar\/index.php\/157509\/#article","isPartOf":{"@id":"https:\/\/infoecos.com.ar\/index.php\/157509\/"},"author":{"name":"Jorge Matheus","@id":"https:\/\/infoecos.com.ar\/#\/schema\/person\/8f5ace5ce73b4b4aac4b7245aee6f191"},"headline":"La Fundaci\u00f3n Garrahan don\u00f3 al Hospital Municipal \u201cDr. Pedro T. Orellana\u201d de Trenque Lauquen camillas de traslado de pacientes","datePublished":"2026-04-29T01:44:03+00:00","dateModified":"2026-04-29T01:47:30+00:00","mainEntityOfPage":{"@id":"https:\/\/infoecos.com.ar\/index.php\/157509\/"},"wordCount":307,"publisher":{"@id":"https:\/\/infoecos.com.ar\/#organization"},"image":{"@id":"https:\/\/infoecos.com.ar\/index.php\/157509\/#primaryimage"},"thumbnailUrl":"https:\/\/infoecos.com.ar\/wp-content\/uploads\/2026\/04\/Donacion-camillas-10-scaled.jpg","keywords":["Bloque inferior","POL\u00cdTICA","REGIONAL"],"inLanguage":"es"},{"@type":"WebPage","@id":"https:\/\/infoecos.com.ar\/index.php\/157509\/","url":"https:\/\/infoecos.com.ar\/index.php\/157509\/","name":"La Fundaci\u00f3n Garrahan don\u00f3 al Hospital Municipal \u201cDr. Pedro T. Orellana\u201d de Trenque Lauquen camillas de traslado de pacientes - Infoecos","isPartOf":{"@id":"https:\/\/infoecos.com.ar\/#website"},"primaryImageOfPage":{"@id":"https:\/\/infoecos.com.ar\/index.php\/157509\/#primaryimage"},"image":{"@id":"https:\/\/infoecos.com.ar\/index.php\/157509\/#primaryimage"},"thumbnailUrl":"https:\/\/infoecos.com.ar\/wp-content\/uploads\/2026\/04\/Donacion-camillas-10-scaled.jpg","datePublished":"2026-04-29T01:44:03+00:00","dateModified":"2026-04-29T01:47:30+00:00","breadcrumb":{"@id":"https:\/\/infoecos.com.ar\/index.php\/157509\/#breadcrumb"},"inLanguage":"es","potentialAction":[{"@type":"ReadAction","target":["https:\/\/infoecos.com.ar\/index.php\/157509\/"]}]},{"@type":"ImageObject","inLanguage":"es","@id":"https:\/\/infoecos.com.ar\/index.php\/157509\/#primaryimage","url":"https:\/\/infoecos.com.ar\/wp-content\/uploads\/2026\/04\/Donacion-camillas-10-scaled.jpg","contentUrl":"https:\/\/infoecos.com.ar\/wp-content\/uploads\/2026\/04\/Donacion-camillas-10-scaled.jpg","width":2560,"height":1706},{"@type":"BreadcrumbList","@id":"https:\/\/infoecos.com.ar\/index.php\/157509\/#breadcrumb","itemListElement":[{"@type":"ListItem","position":1,"name":"Portada","item":"https:\/\/infoecos.com.ar\/"},{"@type":"ListItem","position":2,"name":"La Fundaci\u00f3n Garrahan don\u00f3 al Hospital Municipal \u201cDr. Pedro T. Orellana\u201d de Trenque Lauquen camillas de traslado de pacientes"}]},{"@type":"WebSite","@id":"https:\/\/infoecos.com.ar\/#website","url":"https:\/\/infoecos.com.ar\/","name":"Infoecos","description":"Noticias de trenque lauquen y la zona","publisher":{"@id":"https:\/\/infoecos.com.ar\/#organization"},"alternateName":"Noticias","potentialAction":[{"@type":"SearchAction","target":{"@type":"EntryPoint","urlTemplate":"https:\/\/infoecos.com.ar\/?s={search_term_string}"},"query-input":{"@type":"PropertyValueSpecification","valueRequired":true,"valueName":"search_term_string"}}],"inLanguage":"es"},{"@type":"Organization","@id":"https:\/\/infoecos.com.ar\/#organization","name":"Infoecos","alternateName":"Noticias","url":"https:\/\/infoecos.com.ar\/","logo":{"@type":"ImageObject","inLanguage":"es","@id":"https:\/\/infoecos.com.ar\/#\/schema\/logo\/image\/","url":"https:\/\/infoecos.com.ar\/wp-content\/uploads\/2024\/03\/cropped-logo.png","contentUrl":"https:\/\/infoecos.com.ar\/wp-content\/uploads\/2024\/03\/cropped-logo.png","width":374,"height":90,"caption":"Infoecos"},"image":{"@id":"https:\/\/infoecos.com.ar\/#\/schema\/logo\/image\/"},"sameAs":["https:\/\/www.facebook.com\/profile.php?id=100063200290284","https:\/\/x.com\/infoecos"]},{"@type":"Person","@id":"https:\/\/infoecos.com.ar\/#\/schema\/person\/8f5ace5ce73b4b4aac4b7245aee6f191","name":"Jorge Matheus","url":"https:\/\/infoecos.com.ar\/index.php\/author\/jomatheus\/"}]}},"featured_image_urls":{"full":["https:\/\/infoecos.com.ar\/wp-content\/uploads\/2026\/04\/Donacion-camillas-10-scaled.jpg",2560,1706,false],"thumbnail":["https:\/\/infoecos.com.ar\/wp-content\/uploads\/2026\/04\/Donacion-camillas-10-scaled.jpg",225,150,false],"medium":["https:\/\/infoecos.com.ar\/wp-content\/uploads\/2026\/04\/Donacion-camillas-10-800x533.jpg",800,533,true],"medium_large":["https:\/\/infoecos.com.ar\/wp-content\/uploads\/2026\/04\/Donacion-camillas-10-scaled.jpg",640,427,false],"large":["https:\/\/infoecos.com.ar\/wp-content\/uploads\/2026\/04\/Donacion-camillas-10-scaled.jpg",640,427,false],"1536x1536":["https:\/\/infoecos.com.ar\/wp-content\/uploads\/2026\/04\/Donacion-camillas-10-scaled.jpg",1536,1024,false],"2048x2048":["https:\/\/infoecos.com.ar\/wp-content\/uploads\/2026\/04\/Donacion-camillas-10-scaled.jpg",2048,1365,false],"covernews-slider-full":["https:\/\/infoecos.com.ar\/wp-content\/uploads\/2026\/04\/Donacion-camillas-10-scaled.jpg",1073,715,false],"covernews-slider-center":["https:\/\/infoecos.com.ar\/wp-content\/uploads\/2026\/04\/Donacion-camillas-10-scaled.jpg",750,500,false],"covernews-featured":["https:\/\/infoecos.com.ar\/wp-content\/uploads\/2026\/04\/Donacion-camillas-10-scaled.jpg",1024,682,false],"covernews-medium":["https:\/\/infoecos.com.ar\/wp-content\/uploads\/2026\/04\/Donacion-camillas-10-scaled.jpg",510,340,false],"covernews-medium-square":["https:\/\/infoecos.com.ar\/wp-content\/uploads\/2026\/04\/Donacion-camillas-10-scaled.jpg",375,250,false]},"author_info":{"info":["Jorge Matheus"]},"category_info":"<a href=\"https:\/\/infoecos.com.ar\/index.php\/category\/sin-categoria\/\" rel=\"category tag\">Sin categor\u00eda<\/a>","tag_info":"Sin categor\u00eda","comment_count":"0","_links":{"self":[{"href":"https:\/\/infoecos.com.ar\/index.php\/wp-json\/wp\/v2\/posts\/157509"}],"collection":[{"href":"https:\/\/infoecos.com.ar\/index.php\/wp-json\/wp\/v2\/posts"}],"about":[{"href":"https:\/\/infoecos.com.ar\/index.php\/wp-json\/wp\/v2\/types\/post"}],"author":[{"embeddable":true,"href":"https:\/\/infoecos.com.ar\/index.php\/wp-json\/wp\/v2\/users\/2"}],"replies":[{"embeddable":true,"href":"https:\/\/infoecos.com.ar\/index.php\/wp-json\/wp\/v2\/comments?post=157509"}],"version-history":[{"count":2,"href":"https:\/\/infoecos.com.ar\/index.php\/wp-json\/wp\/v2\/posts\/157509\/revisions"}],"predecessor-version":[{"id":157516,"href":"https:\/\/infoecos.com.ar\/index.php\/wp-json\/wp\/v2\/posts\/157509\/revisions\/157516"}],"wp:featuredmedia":[{"embeddable":true,"href":"https:\/\/infoecos.com.ar\/index.php\/wp-json\/wp\/v2\/media\/157510"}],"wp:attachment":[{"href":"https:\/\/infoecos.com.ar\/index.php\/wp-json\/wp\/v2\/media?parent=157509"}],"wp:term":[{"taxonomy":"category","embeddable":true,"href":"https:\/\/infoecos.com.ar\/index.php\/wp-json\/wp\/v2\/categories?post=157509"},{"taxonomy":"post_tag","embeddable":true,"href":"https:\/\/infoecos.com.ar\/index.php\/wp-json\/wp\/v2\/tags?post=157509"}],"curies":[{"name":"wp","href":"https:\/\/api.w.org\/{rel}","templated":true}]}}