{"id":157524,"date":"2026-04-29T01:32:33","date_gmt":"2026-04-29T04:32:33","guid":{"rendered":"https:\/\/infoecos.com.ar\/?p=157524"},"modified":"2026-04-29T01:33:28","modified_gmt":"2026-04-29T04:33:28","slug":"producto-del-estado-de-la-ruta-y-la-falta-de-seguridad-en-la-carga-un-camion-que-transitaba-por-la-ruta-151-que-lleva-a-vaca-muerta-provoco-un-accidente","status":"publish","type":"post","link":"https:\/\/infoecos.com.ar\/index.php\/producto-del-estado-de-la-ruta-y-la-falta-de-seguridad-en-la-carga-un-camion-que-transitaba-por-la-ruta-151-que-lleva-a-vaca-muerta-provoco-un-accidente\/","title":{"rendered":"Producto del estado de la ruta y falta de seguridad en la carga, un cami\u00f3n que transitaba por la Nacional 151 que lleva a Vaca Muerta provoc\u00f3 un accidente"},"content":{"rendered":"\n<p><strong>Fuente: catriel25noticias.com<\/strong><\/p>\n\n\n\n<p>Un cami\u00f3n circulaba por la ruta 151 cargado con ca\u00f1os provoc\u00f3 un accidente al desprenderse parte de la carga. Una persona result\u00f3 herida.<\/p>\n\n\n\n<p>Seg\u00fan se pudo saber, ocurri\u00f3 en el kil\u00f3metro 124 cerca de Catriel cuando el veh\u00edculo de transporte circulaba en sentido Norte \u2013 Sur. En igual direcci\u00f3n lo hac\u00eda un una camioneta que transportaba a operarios petroleros de la empresa \u201cTango Energy\u201d.<\/p>\n\n\n\n<p>Producto del estado de la ruta y la falta de seguridad en la carga, se desprendi\u00f3 uno de los ca\u00f1os e impact\u00f3 en el veh\u00edculo menor ingresando por el parabrisas e hiriendo a un trabajador.<\/p>\n\n\n\n<p>Se activ\u00f3 el protocolo de seguridad y el hombre fue trasladado a la cl\u00ednica Juan Domingo Per\u00f3n de Catriel.<\/p>\n\n\n\n<figure class=\"wp-block-image size-full\"><img loading=\"lazy\" decoding=\"async\" width=\"744\" height=\"302\" src=\"https:\/\/infoecos.com.ar\/wp-content\/uploads\/2026\/04\/image-267.png\" alt=\"\" class=\"wp-image-157525\"\/><\/figure>\n","protected":false},"excerpt":{"rendered":"<p>Fuente: catriel25noticias.com Un cami\u00f3n circulaba por la ruta 151 cargado con ca\u00f1os provoc\u00f3 un accidente&#8230;<\/p>\n","protected":false},"author":2,"featured_media":157525,"comment_status":"closed","ping_status":"open","sticky":false,"template":"","format":"standard","meta":{"footnotes":""},"categories":[1613],"tags":[155],"class_list":["post-157524","post","type-post","status-publish","format-standard","has-post-thumbnail","hentry","category-noticia-secundaria","tag-politica"],"yoast_head":"<!-- This site is optimized with the Yoast SEO plugin v23.4 - https:\/\/yoast.com\/wordpress\/plugins\/seo\/ -->\n<title>Producto del estado de la ruta y falta de seguridad en la carga, un cami\u00f3n que transitaba por la Nacional 151 que lleva a Vaca Muerta provoc\u00f3 un accidente - Infoecos<\/title>\n<meta name=\"robots\" content=\"index, follow, max-snippet:-1, max-image-preview:large, max-video-preview:-1\" \/>\n<link rel=\"canonical\" href=\"https:\/\/infoecos.com.ar\/index.php\/producto-del-estado-de-la-ruta-y-la-falta-de-seguridad-en-la-carga-un-camion-que-transitaba-por-la-ruta-151-que-lleva-a-vaca-muerta-provoco-un-accidente\/\" \/>\n<meta property=\"og:locale\" content=\"es_ES\" \/>\n<meta property=\"og:type\" content=\"article\" \/>\n<meta property=\"og:title\" content=\"Producto del estado de la ruta y falta de seguridad en la carga, un cami\u00f3n que transitaba por la Nacional 151 que lleva a Vaca Muerta provoc\u00f3 un accidente - Infoecos\" \/>\n<meta property=\"og:description\" content=\"Fuente: catriel25noticias.com Un cami\u00f3n circulaba por la ruta 151 cargado con ca\u00f1os provoc\u00f3 un accidente...\" \/>\n<meta property=\"og:url\" content=\"https:\/\/infoecos.com.ar\/index.php\/producto-del-estado-de-la-ruta-y-la-falta-de-seguridad-en-la-carga-un-camion-que-transitaba-por-la-ruta-151-que-lleva-a-vaca-muerta-provoco-un-accidente\/\" \/>\n<meta property=\"og:site_name\" content=\"Infoecos\" \/>\n<meta property=\"article:publisher\" content=\"https:\/\/www.facebook.com\/profile.php?id=100063200290284\" \/>\n<meta property=\"article:published_time\" content=\"2026-04-29T04:32:33+00:00\" \/>\n<meta property=\"article:modified_time\" content=\"2026-04-29T04:33:28+00:00\" \/>\n<meta property=\"og:image\" content=\"https:\/\/infoecos.com.ar\/wp-content\/uploads\/2026\/04\/image-267.png\" \/>\n\t<meta property=\"og:image:width\" content=\"744\" \/>\n\t<meta property=\"og:image:height\" content=\"302\" \/>\n\t<meta property=\"og:image:type\" content=\"image\/png\" \/>\n<meta name=\"author\" content=\"Jorge Matheus\" \/>\n<meta name=\"twitter:card\" content=\"summary_large_image\" \/>\n<meta name=\"twitter:creator\" content=\"@infoecos\" \/>\n<meta name=\"twitter:site\" content=\"@infoecos\" \/>\n<meta name=\"twitter:label1\" content=\"Escrito por\" \/>\n\t<meta name=\"twitter:data1\" content=\"Jorge Matheus\" \/>\n\t<meta name=\"twitter:label2\" content=\"Tiempo de lectura\" \/>\n\t<meta name=\"twitter:data2\" content=\"1 minuto\" \/>\n<script type=\"application\/ld+json\" class=\"yoast-schema-graph\">{\"@context\":\"https:\/\/schema.org\",\"@graph\":[{\"@type\":\"Article\",\"@id\":\"https:\/\/infoecos.com.ar\/index.php\/producto-del-estado-de-la-ruta-y-la-falta-de-seguridad-en-la-carga-un-camion-que-transitaba-por-la-ruta-151-que-lleva-a-vaca-muerta-provoco-un-accidente\/#article\",\"isPartOf\":{\"@id\":\"https:\/\/infoecos.com.ar\/index.php\/producto-del-estado-de-la-ruta-y-la-falta-de-seguridad-en-la-carga-un-camion-que-transitaba-por-la-ruta-151-que-lleva-a-vaca-muerta-provoco-un-accidente\/\"},\"author\":{\"name\":\"Jorge Matheus\",\"@id\":\"https:\/\/infoecos.com.ar\/#\/schema\/person\/8f5ace5ce73b4b4aac4b7245aee6f191\"},\"headline\":\"Producto del estado de la ruta y falta de seguridad en la carga, un cami\u00f3n que transitaba por la Nacional 151 que lleva a Vaca Muerta provoc\u00f3 un accidente\",\"datePublished\":\"2026-04-29T04:32:33+00:00\",\"dateModified\":\"2026-04-29T04:33:28+00:00\",\"mainEntityOfPage\":{\"@id\":\"https:\/\/infoecos.com.ar\/index.php\/producto-del-estado-de-la-ruta-y-la-falta-de-seguridad-en-la-carga-un-camion-que-transitaba-por-la-ruta-151-que-lleva-a-vaca-muerta-provoco-un-accidente\/\"},\"wordCount\":159,\"publisher\":{\"@id\":\"https:\/\/infoecos.com.ar\/#organization\"},\"image\":{\"@id\":\"https:\/\/infoecos.com.ar\/index.php\/producto-del-estado-de-la-ruta-y-la-falta-de-seguridad-en-la-carga-un-camion-que-transitaba-por-la-ruta-151-que-lleva-a-vaca-muerta-provoco-un-accidente\/#primaryimage\"},\"thumbnailUrl\":\"https:\/\/infoecos.com.ar\/wp-content\/uploads\/2026\/04\/image-267.png\",\"keywords\":[\"POL\u00cdTICA\"],\"articleSection\":[\"Noticia Secundaria\"],\"inLanguage\":\"es\"},{\"@type\":\"WebPage\",\"@id\":\"https:\/\/infoecos.com.ar\/index.php\/producto-del-estado-de-la-ruta-y-la-falta-de-seguridad-en-la-carga-un-camion-que-transitaba-por-la-ruta-151-que-lleva-a-vaca-muerta-provoco-un-accidente\/\",\"url\":\"https:\/\/infoecos.com.ar\/index.php\/producto-del-estado-de-la-ruta-y-la-falta-de-seguridad-en-la-carga-un-camion-que-transitaba-por-la-ruta-151-que-lleva-a-vaca-muerta-provoco-un-accidente\/\",\"name\":\"Producto del estado de la ruta y falta de seguridad en la carga, un cami\u00f3n que transitaba por la Nacional 151 que lleva a Vaca Muerta provoc\u00f3 un accidente - Infoecos\",\"isPartOf\":{\"@id\":\"https:\/\/infoecos.com.ar\/#website\"},\"primaryImageOfPage\":{\"@id\":\"https:\/\/infoecos.com.ar\/index.php\/producto-del-estado-de-la-ruta-y-la-falta-de-seguridad-en-la-carga-un-camion-que-transitaba-por-la-ruta-151-que-lleva-a-vaca-muerta-provoco-un-accidente\/#primaryimage\"},\"image\":{\"@id\":\"https:\/\/infoecos.com.ar\/index.php\/producto-del-estado-de-la-ruta-y-la-falta-de-seguridad-en-la-carga-un-camion-que-transitaba-por-la-ruta-151-que-lleva-a-vaca-muerta-provoco-un-accidente\/#primaryimage\"},\"thumbnailUrl\":\"https:\/\/infoecos.com.ar\/wp-content\/uploads\/2026\/04\/image-267.png\",\"datePublished\":\"2026-04-29T04:32:33+00:00\",\"dateModified\":\"2026-04-29T04:33:28+00:00\",\"breadcrumb\":{\"@id\":\"https:\/\/infoecos.com.ar\/index.php\/producto-del-estado-de-la-ruta-y-la-falta-de-seguridad-en-la-carga-un-camion-que-transitaba-por-la-ruta-151-que-lleva-a-vaca-muerta-provoco-un-accidente\/#breadcrumb\"},\"inLanguage\":\"es\",\"potentialAction\":[{\"@type\":\"ReadAction\",\"target\":[\"https:\/\/infoecos.com.ar\/index.php\/producto-del-estado-de-la-ruta-y-la-falta-de-seguridad-en-la-carga-un-camion-que-transitaba-por-la-ruta-151-que-lleva-a-vaca-muerta-provoco-un-accidente\/\"]}]},{\"@type\":\"ImageObject\",\"inLanguage\":\"es\",\"@id\":\"https:\/\/infoecos.com.ar\/index.php\/producto-del-estado-de-la-ruta-y-la-falta-de-seguridad-en-la-carga-un-camion-que-transitaba-por-la-ruta-151-que-lleva-a-vaca-muerta-provoco-un-accidente\/#primaryimage\",\"url\":\"https:\/\/infoecos.com.ar\/wp-content\/uploads\/2026\/04\/image-267.png\",\"contentUrl\":\"https:\/\/infoecos.com.ar\/wp-content\/uploads\/2026\/04\/image-267.png\",\"width\":744,\"height\":302},{\"@type\":\"BreadcrumbList\",\"@id\":\"https:\/\/infoecos.com.ar\/index.php\/producto-del-estado-de-la-ruta-y-la-falta-de-seguridad-en-la-carga-un-camion-que-transitaba-por-la-ruta-151-que-lleva-a-vaca-muerta-provoco-un-accidente\/#breadcrumb\",\"itemListElement\":[{\"@type\":\"ListItem\",\"position\":1,\"name\":\"Portada\",\"item\":\"https:\/\/infoecos.com.ar\/\"},{\"@type\":\"ListItem\",\"position\":2,\"name\":\"Producto del estado de la ruta y falta de seguridad en la carga, un cami\u00f3n que transitaba por la Nacional 151 que lleva a Vaca Muerta provoc\u00f3 un accidente\"}]},{\"@type\":\"WebSite\",\"@id\":\"https:\/\/infoecos.com.ar\/#website\",\"url\":\"https:\/\/infoecos.com.ar\/\",\"name\":\"Infoecos\",\"description\":\"Noticias de trenque lauquen y la zona\",\"publisher\":{\"@id\":\"https:\/\/infoecos.com.ar\/#organization\"},\"alternateName\":\"Noticias\",\"potentialAction\":[{\"@type\":\"SearchAction\",\"target\":{\"@type\":\"EntryPoint\",\"urlTemplate\":\"https:\/\/infoecos.com.ar\/?s={search_term_string}\"},\"query-input\":{\"@type\":\"PropertyValueSpecification\",\"valueRequired\":true,\"valueName\":\"search_term_string\"}}],\"inLanguage\":\"es\"},{\"@type\":\"Organization\",\"@id\":\"https:\/\/infoecos.com.ar\/#organization\",\"name\":\"Infoecos\",\"alternateName\":\"Noticias\",\"url\":\"https:\/\/infoecos.com.ar\/\",\"logo\":{\"@type\":\"ImageObject\",\"inLanguage\":\"es\",\"@id\":\"https:\/\/infoecos.com.ar\/#\/schema\/logo\/image\/\",\"url\":\"https:\/\/infoecos.com.ar\/wp-content\/uploads\/2024\/03\/cropped-logo.png\",\"contentUrl\":\"https:\/\/infoecos.com.ar\/wp-content\/uploads\/2024\/03\/cropped-logo.png\",\"width\":374,\"height\":90,\"caption\":\"Infoecos\"},\"image\":{\"@id\":\"https:\/\/infoecos.com.ar\/#\/schema\/logo\/image\/\"},\"sameAs\":[\"https:\/\/www.facebook.com\/profile.php?id=100063200290284\",\"https:\/\/x.com\/infoecos\"]},{\"@type\":\"Person\",\"@id\":\"https:\/\/infoecos.com.ar\/#\/schema\/person\/8f5ace5ce73b4b4aac4b7245aee6f191\",\"name\":\"Jorge Matheus\",\"url\":\"https:\/\/infoecos.com.ar\/index.php\/author\/jomatheus\/\"}]}<\/script>\n<!-- \/ Yoast SEO plugin. -->","yoast_head_json":{"title":"Producto del estado de la ruta y falta de seguridad en la carga, un cami\u00f3n que transitaba por la Nacional 151 que lleva a Vaca Muerta provoc\u00f3 un accidente - Infoecos","robots":{"index":"index","follow":"follow","max-snippet":"max-snippet:-1","max-image-preview":"max-image-preview:large","max-video-preview":"max-video-preview:-1"},"canonical":"https:\/\/infoecos.com.ar\/index.php\/producto-del-estado-de-la-ruta-y-la-falta-de-seguridad-en-la-carga-un-camion-que-transitaba-por-la-ruta-151-que-lleva-a-vaca-muerta-provoco-un-accidente\/","og_locale":"es_ES","og_type":"article","og_title":"Producto del estado de la ruta y falta de seguridad en la carga, un cami\u00f3n que transitaba por la Nacional 151 que lleva a Vaca Muerta provoc\u00f3 un accidente - Infoecos","og_description":"Fuente: catriel25noticias.com Un cami\u00f3n circulaba por la ruta 151 cargado con ca\u00f1os provoc\u00f3 un accidente...","og_url":"https:\/\/infoecos.com.ar\/index.php\/producto-del-estado-de-la-ruta-y-la-falta-de-seguridad-en-la-carga-un-camion-que-transitaba-por-la-ruta-151-que-lleva-a-vaca-muerta-provoco-un-accidente\/","og_site_name":"Infoecos","article_publisher":"https:\/\/www.facebook.com\/profile.php?id=100063200290284","article_published_time":"2026-04-29T04:32:33+00:00","article_modified_time":"2026-04-29T04:33:28+00:00","og_image":[{"width":744,"height":302,"url":"https:\/\/infoecos.com.ar\/wp-content\/uploads\/2026\/04\/image-267.png","type":"image\/png"}],"author":"Jorge Matheus","twitter_card":"summary_large_image","twitter_creator":"@infoecos","twitter_site":"@infoecos","twitter_misc":{"Escrito por":"Jorge Matheus","Tiempo de lectura":"1 minuto"},"schema":{"@context":"https:\/\/schema.org","@graph":[{"@type":"Article","@id":"https:\/\/infoecos.com.ar\/index.php\/producto-del-estado-de-la-ruta-y-la-falta-de-seguridad-en-la-carga-un-camion-que-transitaba-por-la-ruta-151-que-lleva-a-vaca-muerta-provoco-un-accidente\/#article","isPartOf":{"@id":"https:\/\/infoecos.com.ar\/index.php\/producto-del-estado-de-la-ruta-y-la-falta-de-seguridad-en-la-carga-un-camion-que-transitaba-por-la-ruta-151-que-lleva-a-vaca-muerta-provoco-un-accidente\/"},"author":{"name":"Jorge Matheus","@id":"https:\/\/infoecos.com.ar\/#\/schema\/person\/8f5ace5ce73b4b4aac4b7245aee6f191"},"headline":"Producto del estado de la ruta y falta de seguridad en la carga, un cami\u00f3n que transitaba por la Nacional 151 que lleva a Vaca Muerta provoc\u00f3 un accidente","datePublished":"2026-04-29T04:32:33+00:00","dateModified":"2026-04-29T04:33:28+00:00","mainEntityOfPage":{"@id":"https:\/\/infoecos.com.ar\/index.php\/producto-del-estado-de-la-ruta-y-la-falta-de-seguridad-en-la-carga-un-camion-que-transitaba-por-la-ruta-151-que-lleva-a-vaca-muerta-provoco-un-accidente\/"},"wordCount":159,"publisher":{"@id":"https:\/\/infoecos.com.ar\/#organization"},"image":{"@id":"https:\/\/infoecos.com.ar\/index.php\/producto-del-estado-de-la-ruta-y-la-falta-de-seguridad-en-la-carga-un-camion-que-transitaba-por-la-ruta-151-que-lleva-a-vaca-muerta-provoco-un-accidente\/#primaryimage"},"thumbnailUrl":"https:\/\/infoecos.com.ar\/wp-content\/uploads\/2026\/04\/image-267.png","keywords":["POL\u00cdTICA"],"articleSection":["Noticia Secundaria"],"inLanguage":"es"},{"@type":"WebPage","@id":"https:\/\/infoecos.com.ar\/index.php\/producto-del-estado-de-la-ruta-y-la-falta-de-seguridad-en-la-carga-un-camion-que-transitaba-por-la-ruta-151-que-lleva-a-vaca-muerta-provoco-un-accidente\/","url":"https:\/\/infoecos.com.ar\/index.php\/producto-del-estado-de-la-ruta-y-la-falta-de-seguridad-en-la-carga-un-camion-que-transitaba-por-la-ruta-151-que-lleva-a-vaca-muerta-provoco-un-accidente\/","name":"Producto del estado de la ruta y falta de seguridad en la carga, un cami\u00f3n que transitaba por la Nacional 151 que lleva a Vaca Muerta provoc\u00f3 un accidente - Infoecos","isPartOf":{"@id":"https:\/\/infoecos.com.ar\/#website"},"primaryImageOfPage":{"@id":"https:\/\/infoecos.com.ar\/index.php\/producto-del-estado-de-la-ruta-y-la-falta-de-seguridad-en-la-carga-un-camion-que-transitaba-por-la-ruta-151-que-lleva-a-vaca-muerta-provoco-un-accidente\/#primaryimage"},"image":{"@id":"https:\/\/infoecos.com.ar\/index.php\/producto-del-estado-de-la-ruta-y-la-falta-de-seguridad-en-la-carga-un-camion-que-transitaba-por-la-ruta-151-que-lleva-a-vaca-muerta-provoco-un-accidente\/#primaryimage"},"thumbnailUrl":"https:\/\/infoecos.com.ar\/wp-content\/uploads\/2026\/04\/image-267.png","datePublished":"2026-04-29T04:32:33+00:00","dateModified":"2026-04-29T04:33:28+00:00","breadcrumb":{"@id":"https:\/\/infoecos.com.ar\/index.php\/producto-del-estado-de-la-ruta-y-la-falta-de-seguridad-en-la-carga-un-camion-que-transitaba-por-la-ruta-151-que-lleva-a-vaca-muerta-provoco-un-accidente\/#breadcrumb"},"inLanguage":"es","potentialAction":[{"@type":"ReadAction","target":["https:\/\/infoecos.com.ar\/index.php\/producto-del-estado-de-la-ruta-y-la-falta-de-seguridad-en-la-carga-un-camion-que-transitaba-por-la-ruta-151-que-lleva-a-vaca-muerta-provoco-un-accidente\/"]}]},{"@type":"ImageObject","inLanguage":"es","@id":"https:\/\/infoecos.com.ar\/index.php\/producto-del-estado-de-la-ruta-y-la-falta-de-seguridad-en-la-carga-un-camion-que-transitaba-por-la-ruta-151-que-lleva-a-vaca-muerta-provoco-un-accidente\/#primaryimage","url":"https:\/\/infoecos.com.ar\/wp-content\/uploads\/2026\/04\/image-267.png","contentUrl":"https:\/\/infoecos.com.ar\/wp-content\/uploads\/2026\/04\/image-267.png","width":744,"height":302},{"@type":"BreadcrumbList","@id":"https:\/\/infoecos.com.ar\/index.php\/producto-del-estado-de-la-ruta-y-la-falta-de-seguridad-en-la-carga-un-camion-que-transitaba-por-la-ruta-151-que-lleva-a-vaca-muerta-provoco-un-accidente\/#breadcrumb","itemListElement":[{"@type":"ListItem","position":1,"name":"Portada","item":"https:\/\/infoecos.com.ar\/"},{"@type":"ListItem","position":2,"name":"Producto del estado de la ruta y falta de seguridad en la carga, un cami\u00f3n que transitaba por la Nacional 151 que lleva a Vaca Muerta provoc\u00f3 un accidente"}]},{"@type":"WebSite","@id":"https:\/\/infoecos.com.ar\/#website","url":"https:\/\/infoecos.com.ar\/","name":"Infoecos","description":"Noticias de trenque lauquen y la zona","publisher":{"@id":"https:\/\/infoecos.com.ar\/#organization"},"alternateName":"Noticias","potentialAction":[{"@type":"SearchAction","target":{"@type":"EntryPoint","urlTemplate":"https:\/\/infoecos.com.ar\/?s={search_term_string}"},"query-input":{"@type":"PropertyValueSpecification","valueRequired":true,"valueName":"search_term_string"}}],"inLanguage":"es"},{"@type":"Organization","@id":"https:\/\/infoecos.com.ar\/#organization","name":"Infoecos","alternateName":"Noticias","url":"https:\/\/infoecos.com.ar\/","logo":{"@type":"ImageObject","inLanguage":"es","@id":"https:\/\/infoecos.com.ar\/#\/schema\/logo\/image\/","url":"https:\/\/infoecos.com.ar\/wp-content\/uploads\/2024\/03\/cropped-logo.png","contentUrl":"https:\/\/infoecos.com.ar\/wp-content\/uploads\/2024\/03\/cropped-logo.png","width":374,"height":90,"caption":"Infoecos"},"image":{"@id":"https:\/\/infoecos.com.ar\/#\/schema\/logo\/image\/"},"sameAs":["https:\/\/www.facebook.com\/profile.php?id=100063200290284","https:\/\/x.com\/infoecos"]},{"@type":"Person","@id":"https:\/\/infoecos.com.ar\/#\/schema\/person\/8f5ace5ce73b4b4aac4b7245aee6f191","name":"Jorge Matheus","url":"https:\/\/infoecos.com.ar\/index.php\/author\/jomatheus\/"}]}},"featured_image_urls":{"full":["https:\/\/infoecos.com.ar\/wp-content\/uploads\/2026\/04\/image-267.png",744,302,false],"thumbnail":["https:\/\/infoecos.com.ar\/wp-content\/uploads\/2026\/04\/image-267-300x150.png",300,150,true],"medium":["https:\/\/infoecos.com.ar\/wp-content\/uploads\/2026\/04\/image-267.png",744,302,false],"medium_large":["https:\/\/infoecos.com.ar\/wp-content\/uploads\/2026\/04\/image-267.png",640,260,false],"large":["https:\/\/infoecos.com.ar\/wp-content\/uploads\/2026\/04\/image-267.png",640,260,false],"1536x1536":["https:\/\/infoecos.com.ar\/wp-content\/uploads\/2026\/04\/image-267.png",744,302,false],"2048x2048":["https:\/\/infoecos.com.ar\/wp-content\/uploads\/2026\/04\/image-267.png",744,302,false],"covernews-slider-full":["https:\/\/infoecos.com.ar\/wp-content\/uploads\/2026\/04\/image-267.png",744,302,false],"covernews-slider-center":["https:\/\/infoecos.com.ar\/wp-content\/uploads\/2026\/04\/image-267.png",744,302,false],"covernews-featured":["https:\/\/infoecos.com.ar\/wp-content\/uploads\/2026\/04\/image-267.png",744,302,false],"covernews-medium":["https:\/\/infoecos.com.ar\/wp-content\/uploads\/2026\/04\/image-267-540x302.png",540,302,true],"covernews-medium-square":["https:\/\/infoecos.com.ar\/wp-content\/uploads\/2026\/04\/image-267-400x250.png",400,250,true]},"author_info":{"info":["Jorge Matheus"]},"category_info":"<a href=\"https:\/\/infoecos.com.ar\/index.php\/category\/noticia-secundaria\/\" rel=\"category tag\">Noticia Secundaria<\/a>","tag_info":"Noticia Secundaria","comment_count":"0","_links":{"self":[{"href":"https:\/\/infoecos.com.ar\/index.php\/wp-json\/wp\/v2\/posts\/157524"}],"collection":[{"href":"https:\/\/infoecos.com.ar\/index.php\/wp-json\/wp\/v2\/posts"}],"about":[{"href":"https:\/\/infoecos.com.ar\/index.php\/wp-json\/wp\/v2\/types\/post"}],"author":[{"embeddable":true,"href":"https:\/\/infoecos.com.ar\/index.php\/wp-json\/wp\/v2\/users\/2"}],"replies":[{"embeddable":true,"href":"https:\/\/infoecos.com.ar\/index.php\/wp-json\/wp\/v2\/comments?post=157524"}],"version-history":[{"count":2,"href":"https:\/\/infoecos.com.ar\/index.php\/wp-json\/wp\/v2\/posts\/157524\/revisions"}],"predecessor-version":[{"id":157528,"href":"https:\/\/infoecos.com.ar\/index.php\/wp-json\/wp\/v2\/posts\/157524\/revisions\/157528"}],"wp:featuredmedia":[{"embeddable":true,"href":"https:\/\/infoecos.com.ar\/index.php\/wp-json\/wp\/v2\/media\/157525"}],"wp:attachment":[{"href":"https:\/\/infoecos.com.ar\/index.php\/wp-json\/wp\/v2\/media?parent=157524"}],"wp:term":[{"taxonomy":"category","embeddable":true,"href":"https:\/\/infoecos.com.ar\/index.php\/wp-json\/wp\/v2\/categories?post=157524"},{"taxonomy":"post_tag","embeddable":true,"href":"https:\/\/infoecos.com.ar\/index.php\/wp-json\/wp\/v2\/tags?post=157524"}],"curies":[{"name":"wp","href":"https:\/\/api.w.org\/{rel}","templated":true}]}}