{"id":157543,"date":"2026-04-29T17:17:25","date_gmt":"2026-04-29T20:17:25","guid":{"rendered":"https:\/\/infoecos.com.ar\/?p=157543"},"modified":"2026-04-29T17:22:40","modified_gmt":"2026-04-29T20:22:40","slug":"kicillof-y-parte-de-su-gabinete-en-guamini-se-inauguro-la-planta-potabilizadora-de-agua","status":"publish","type":"post","link":"https:\/\/infoecos.com.ar\/index.php\/kicillof-y-parte-de-su-gabinete-en-guamini-se-inauguro-la-planta-potabilizadora-de-agua\/","title":{"rendered":"Kicillof y parte de su gabinete en Guamin\u00ed: se inaugur\u00f3 la Planta Potabilizadora de Agua"},"content":{"rendered":"\n<p>Con la presencia del gobernador Axel Kicillof y el intendente municipal, Jos\u00e9 Nobre Ferreira, qued\u00f3 inaugurada ayer la nueva Planta Potabilizadora de agua en Guamin\u00ed. Se ven beneficiados con esta obra 4000 vecinos y vecinas de la capital del distrito.  <\/p>\n\n\n\n<figure class=\"wp-block-gallery has-nested-images columns-default is-cropped wp-block-gallery-1 is-layout-flex wp-block-gallery-is-layout-flex\">\n<figure class=\"wp-block-image size-large\"><img loading=\"lazy\" decoding=\"async\" width=\"1600\" height=\"1066\" data-id=\"157550\" src=\"https:\/\/infoecos.com.ar\/wp-content\/uploads\/2026\/04\/Guamini-2.jpeg\" alt=\"\" class=\"wp-image-157550\" srcset=\"https:\/\/infoecos.com.ar\/wp-content\/uploads\/2026\/04\/Guamini-2.jpeg 1600w, https:\/\/infoecos.com.ar\/wp-content\/uploads\/2026\/04\/Guamini-2-800x533.jpeg 800w, https:\/\/infoecos.com.ar\/wp-content\/uploads\/2026\/04\/Guamini-2-768x512.jpeg 768w, https:\/\/infoecos.com.ar\/wp-content\/uploads\/2026\/04\/Guamini-2-1536x1023.jpeg 1536w, https:\/\/infoecos.com.ar\/wp-content\/uploads\/2026\/04\/Guamini-2-1024x682.jpeg 1024w\" sizes=\"(max-width: 1600px) 100vw, 1600px\" \/><\/figure>\n\n\n\n<figure class=\"wp-block-image size-large\"><img loading=\"lazy\" decoding=\"async\" width=\"1600\" height=\"946\" data-id=\"157551\" src=\"https:\/\/infoecos.com.ar\/wp-content\/uploads\/2026\/04\/Guamini-3.jpeg\" alt=\"\" class=\"wp-image-157551\" srcset=\"https:\/\/infoecos.com.ar\/wp-content\/uploads\/2026\/04\/Guamini-3.jpeg 1600w, https:\/\/infoecos.com.ar\/wp-content\/uploads\/2026\/04\/Guamini-3-800x473.jpeg 800w, https:\/\/infoecos.com.ar\/wp-content\/uploads\/2026\/04\/Guamini-3-768x454.jpeg 768w, https:\/\/infoecos.com.ar\/wp-content\/uploads\/2026\/04\/Guamini-3-1536x908.jpeg 1536w, https:\/\/infoecos.com.ar\/wp-content\/uploads\/2026\/04\/Guamini-3-1024x605.jpeg 1024w\" sizes=\"(max-width: 1600px) 100vw, 1600px\" \/><\/figure>\n\n\n\n<figure class=\"wp-block-image size-large\"><img loading=\"lazy\" decoding=\"async\" width=\"1600\" height=\"900\" data-id=\"157549\" src=\"https:\/\/infoecos.com.ar\/wp-content\/uploads\/2026\/04\/Guamini-4.jpeg\" alt=\"\" class=\"wp-image-157549\" srcset=\"https:\/\/infoecos.com.ar\/wp-content\/uploads\/2026\/04\/Guamini-4.jpeg 1600w, https:\/\/infoecos.com.ar\/wp-content\/uploads\/2026\/04\/Guamini-4-800x450.jpeg 800w, https:\/\/infoecos.com.ar\/wp-content\/uploads\/2026\/04\/Guamini-4-768x432.jpeg 768w, https:\/\/infoecos.com.ar\/wp-content\/uploads\/2026\/04\/Guamini-4-1536x864.jpeg 1536w, https:\/\/infoecos.com.ar\/wp-content\/uploads\/2026\/04\/Guamini-4-1024x576.jpeg 1024w\" sizes=\"(max-width: 1600px) 100vw, 1600px\" \/><\/figure>\n<\/figure>\n\n\n\n<p>En la obra se instalaron dos m\u00f3dulos, se construy\u00f3 una cisterna de almacenamiento de 100 metros c\u00fabicos y una estaci\u00f3n de bombeo. Estos nuevos m\u00f3dulos instalados, producen 50 m3\/h de agua y han sido dise\u00f1ados con un sistema de tratamiento convencional que incluye los procesos de coagulaci\u00f3n, floculaci\u00f3n, sedimentaci\u00f3n y filtraci\u00f3n.<\/p>\n\n\n\n<figure class=\"wp-block-gallery has-nested-images columns-default is-cropped wp-block-gallery-2 is-layout-flex wp-block-gallery-is-layout-flex\">\n<figure class=\"wp-block-image size-large\"><img loading=\"lazy\" decoding=\"async\" width=\"1600\" height=\"1066\" data-id=\"157553\" src=\"https:\/\/infoecos.com.ar\/wp-content\/uploads\/2026\/04\/685287286_1415835987247153_1610624403485505520_n.jpg\" alt=\"\" class=\"wp-image-157553\" srcset=\"https:\/\/infoecos.com.ar\/wp-content\/uploads\/2026\/04\/685287286_1415835987247153_1610624403485505520_n.jpg 1600w, https:\/\/infoecos.com.ar\/wp-content\/uploads\/2026\/04\/685287286_1415835987247153_1610624403485505520_n-800x533.jpg 800w, https:\/\/infoecos.com.ar\/wp-content\/uploads\/2026\/04\/685287286_1415835987247153_1610624403485505520_n-768x512.jpg 768w, https:\/\/infoecos.com.ar\/wp-content\/uploads\/2026\/04\/685287286_1415835987247153_1610624403485505520_n-1536x1023.jpg 1536w, https:\/\/infoecos.com.ar\/wp-content\/uploads\/2026\/04\/685287286_1415835987247153_1610624403485505520_n-1024x682.jpg 1024w\" sizes=\"(max-width: 1600px) 100vw, 1600px\" \/><\/figure>\n\n\n\n<figure class=\"wp-block-image size-large\"><img loading=\"lazy\" decoding=\"async\" width=\"1600\" height=\"1066\" data-id=\"157552\" src=\"https:\/\/infoecos.com.ar\/wp-content\/uploads\/2026\/04\/685658212_1415834900580595_426568947785227462_n.jpg\" alt=\"\" class=\"wp-image-157552\" srcset=\"https:\/\/infoecos.com.ar\/wp-content\/uploads\/2026\/04\/685658212_1415834900580595_426568947785227462_n.jpg 1600w, https:\/\/infoecos.com.ar\/wp-content\/uploads\/2026\/04\/685658212_1415834900580595_426568947785227462_n-800x533.jpg 800w, https:\/\/infoecos.com.ar\/wp-content\/uploads\/2026\/04\/685658212_1415834900580595_426568947785227462_n-768x512.jpg 768w, https:\/\/infoecos.com.ar\/wp-content\/uploads\/2026\/04\/685658212_1415834900580595_426568947785227462_n-1536x1023.jpg 1536w, https:\/\/infoecos.com.ar\/wp-content\/uploads\/2026\/04\/685658212_1415834900580595_426568947785227462_n-1024x682.jpg 1024w\" sizes=\"(max-width: 1600px) 100vw, 1600px\" \/><\/figure>\n\n\n\n<figure class=\"wp-block-image size-large\"><img loading=\"lazy\" decoding=\"async\" width=\"1600\" height=\"1066\" data-id=\"157554\" src=\"https:\/\/infoecos.com.ar\/wp-content\/uploads\/2026\/04\/685825657_1415835693913849_8122074764994178096_n.jpg\" alt=\"\" class=\"wp-image-157554\" srcset=\"https:\/\/infoecos.com.ar\/wp-content\/uploads\/2026\/04\/685825657_1415835693913849_8122074764994178096_n.jpg 1600w, https:\/\/infoecos.com.ar\/wp-content\/uploads\/2026\/04\/685825657_1415835693913849_8122074764994178096_n-800x533.jpg 800w, https:\/\/infoecos.com.ar\/wp-content\/uploads\/2026\/04\/685825657_1415835693913849_8122074764994178096_n-768x512.jpg 768w, https:\/\/infoecos.com.ar\/wp-content\/uploads\/2026\/04\/685825657_1415835693913849_8122074764994178096_n-1536x1023.jpg 1536w, https:\/\/infoecos.com.ar\/wp-content\/uploads\/2026\/04\/685825657_1415835693913849_8122074764994178096_n-1024x682.jpg 1024w\" sizes=\"(max-width: 1600px) 100vw, 1600px\" \/><\/figure>\n<\/figure>\n\n\n\n<p>La obra fue reactivada por decisi\u00f3n del Gobierno de la Provincia de Buenos Aires, tras haber sido abandonada por decisi\u00f3n del Gobierno Nacional el 10 de diciembre de 2023.<\/p>\n\n\n\n<p>En el acto, el Gobernador estuvo acompa\u00f1ado por el Ministro de Infraestructura y Servicios P\u00fablicos, Gabriel Katopodis; el Subsecretario de Recursos H\u00eddricos, N\u00e9stor \u00c1lvarez; la Jefa de Asesores del Gobernador, Cristina \u00c1lvarez Rodr\u00edguez; junto a otras autoridades provinciales, municipales y personal de ABSA.<\/p>\n\n\n\n<p><strong>En <a href=\"http:\/\/www.lenspeugeot.com.ar\/?fbclid=IwZXh0bgNhZW0CMTAAYnJpZBExRGVhY0lSSGdVUERIQ3dBRXNydGMGYXBwX2lkEDIyMjAzOTE3ODgyMDA4OTIAAR4PAhLb5gA_ZAv9zaV7MiCTod-l71srz0HnP3xXSJPI5v8be22w3Dcn7ApvMw_aem_NzrnZqud7gaytHS3I5f0Vw\" target=\"_blank\" rel=\"noreferrer noopener\">www.lenspeugeot.com.ar<\/a><\/strong><\/p>\n\n\n\n<p><a href=\"https:\/\/www.facebook.com\/hashtag\/trenquelauquen?__cft__[0]=AZbaZNaqZtUDFYAYKz65FNTnUSeczsfFGAgpQncQBkM1wOUJxn7wOjf0wIoNXiKFSK06tUAq6bxgoWH9wCtlIsU3z07IvZriLD0diDktDhxNYX1hnLKNYiARhoXcHvrFQX5F0y7nnufoONdx30oKQf78IfS38-IBChVbz2EXVcEMGOA6qhrNNaQH8gjV1neA9dM&amp;__tn__=*NK-R\"><strong>#TrenqueLauquen<\/strong><\/a><\/p>\n\n\n\n<p><strong>Av. Garcia Salinas 1270<\/strong><\/p>\n\n\n\n<p><img loading=\"lazy\" decoding=\"async\" height=\"16\" width=\"16\" src=\"https:\/\/static.xx.fbcdn.net\/images\/emoji.php\/v9\/t22\/1\/16\/260e.png\" alt=\"\u260e\ufe0f\"><strong>Ventas:<\/strong> <strong><mark style=\"background-color:rgba(0, 0, 0, 0)\" class=\"has-inline-color has-vivid-red-color\">2392544337<\/mark><\/strong><\/p>\n\n\n\n<p><a href=\"https:\/\/www.facebook.com\/hashtag\/9dejulio?__cft__[0]=AZbaZNaqZtUDFYAYKz65FNTnUSeczsfFGAgpQncQBkM1wOUJxn7wOjf0wIoNXiKFSK06tUAq6bxgoWH9wCtlIsU3z07IvZriLD0diDktDhxNYX1hnLKNYiARhoXcHvrFQX5F0y7nnufoONdx30oKQf78IfS38-IBChVbz2EXVcEMGOA6qhrNNaQH8gjV1neA9dM&amp;__tn__=*NK-R\"><strong>#9deJulio<\/strong><\/a><\/p>\n\n\n\n<p><strong>Bartolom\u00e9 Mitre 3410,<\/strong><\/p>\n\n\n\n<p><img loading=\"lazy\" decoding=\"async\" height=\"16\" width=\"16\" src=\"https:\/\/static.xx.fbcdn.net\/images\/emoji.php\/v9\/t22\/1\/16\/260e.png\" alt=\"\u260e\ufe0f\"><strong>Ventas:<\/strong> <strong><mark style=\"background-color:rgba(0, 0, 0, 0)\" class=\"has-inline-color has-vivid-red-color\">02317 42-7550<\/mark><\/strong><\/p>\n\n\n\n<p><a href=\"https:\/\/www.facebook.com\/hashtag\/chivilcoy?__cft__[0]=AZbaZNaqZtUDFYAYKz65FNTnUSeczsfFGAgpQncQBkM1wOUJxn7wOjf0wIoNXiKFSK06tUAq6bxgoWH9wCtlIsU3z07IvZriLD0diDktDhxNYX1hnLKNYiARhoXcHvrFQX5F0y7nnufoONdx30oKQf78IfS38-IBChVbz2EXVcEMGOA6qhrNNaQH8gjV1neA9dM&amp;__tn__=*NK-R\"><strong>#Chivilcoy<\/strong><\/a><\/p>\n\n\n\n<p><strong>Av. Avellaneda 430<\/strong><\/p>\n\n\n\n<p><img loading=\"lazy\" decoding=\"async\" height=\"16\" width=\"16\" src=\"https:\/\/static.xx.fbcdn.net\/images\/emoji.php\/v9\/t22\/1\/16\/260e.png\" alt=\"\u260e\ufe0f\"><strong>Ventas:<\/strong> <strong><mark style=\"background-color:rgba(0, 0, 0, 0)\" class=\"has-inline-color has-vivid-red-color\">02346 420232<\/mark><\/strong><\/p>\n\n\n\n<figure class=\"wp-block-gallery has-nested-images columns-default is-cropped wp-block-gallery-3 is-layout-flex wp-block-gallery-is-layout-flex\">\n<figure class=\"wp-block-image size-large\"><img loading=\"lazy\" decoding=\"async\" width=\"1280\" height=\"1600\" data-id=\"157545\" src=\"https:\/\/infoecos.com.ar\/wp-content\/uploads\/2026\/04\/abril_2026_peugeot-02-1-1280x1600.jpg\" alt=\"\" class=\"wp-image-157545\" srcset=\"https:\/\/infoecos.com.ar\/wp-content\/uploads\/2026\/04\/abril_2026_peugeot-02-1-1280x1600.jpg 1280w, https:\/\/infoecos.com.ar\/wp-content\/uploads\/2026\/04\/abril_2026_peugeot-02-1-640x800.jpg 640w, https:\/\/infoecos.com.ar\/wp-content\/uploads\/2026\/04\/abril_2026_peugeot-02-1-768x960.jpg 768w, https:\/\/infoecos.com.ar\/wp-content\/uploads\/2026\/04\/abril_2026_peugeot-02-1-1229x1536.jpg 1229w, https:\/\/infoecos.com.ar\/wp-content\/uploads\/2026\/04\/abril_2026_peugeot-02-1-1639x2048.jpg 1639w, https:\/\/infoecos.com.ar\/wp-content\/uploads\/2026\/04\/abril_2026_peugeot-02-1-1024x1280.jpg 1024w, https:\/\/infoecos.com.ar\/wp-content\/uploads\/2026\/04\/abril_2026_peugeot-02-1-scaled.jpg 2048w\" sizes=\"(max-width: 1280px) 100vw, 1280px\" \/><\/figure>\n\n\n\n<figure class=\"wp-block-image size-large\"><img loading=\"lazy\" decoding=\"async\" width=\"1280\" height=\"1600\" data-id=\"157544\" src=\"https:\/\/infoecos.com.ar\/wp-content\/uploads\/2026\/04\/abril_2026_peugeot-03-1-1280x1600.jpg\" alt=\"\" class=\"wp-image-157544\" srcset=\"https:\/\/infoecos.com.ar\/wp-content\/uploads\/2026\/04\/abril_2026_peugeot-03-1-1280x1600.jpg 1280w, https:\/\/infoecos.com.ar\/wp-content\/uploads\/2026\/04\/abril_2026_peugeot-03-1-640x800.jpg 640w, https:\/\/infoecos.com.ar\/wp-content\/uploads\/2026\/04\/abril_2026_peugeot-03-1-768x960.jpg 768w, https:\/\/infoecos.com.ar\/wp-content\/uploads\/2026\/04\/abril_2026_peugeot-03-1-1229x1536.jpg 1229w, https:\/\/infoecos.com.ar\/wp-content\/uploads\/2026\/04\/abril_2026_peugeot-03-1-1639x2048.jpg 1639w, https:\/\/infoecos.com.ar\/wp-content\/uploads\/2026\/04\/abril_2026_peugeot-03-1-1024x1280.jpg 1024w, https:\/\/infoecos.com.ar\/wp-content\/uploads\/2026\/04\/abril_2026_peugeot-03-1-scaled.jpg 2048w\" sizes=\"(max-width: 1280px) 100vw, 1280px\" \/><\/figure>\n\n\n\n<figure class=\"wp-block-image size-large\"><img loading=\"lazy\" decoding=\"async\" width=\"900\" height=\"1600\" data-id=\"157546\" src=\"https:\/\/infoecos.com.ar\/wp-content\/uploads\/2026\/04\/abril_2026_peugeot-04-1-900x1600.jpg\" alt=\"\" class=\"wp-image-157546\" srcset=\"https:\/\/infoecos.com.ar\/wp-content\/uploads\/2026\/04\/abril_2026_peugeot-04-1-900x1600.jpg 900w, https:\/\/infoecos.com.ar\/wp-content\/uploads\/2026\/04\/abril_2026_peugeot-04-1-450x800.jpg 450w, https:\/\/infoecos.com.ar\/wp-content\/uploads\/2026\/04\/abril_2026_peugeot-04-1-768x1365.jpg 768w, https:\/\/infoecos.com.ar\/wp-content\/uploads\/2026\/04\/abril_2026_peugeot-04-1-864x1536.jpg 864w, https:\/\/infoecos.com.ar\/wp-content\/uploads\/2026\/04\/abril_2026_peugeot-04-1-1152x2048.jpg 1152w, https:\/\/infoecos.com.ar\/wp-content\/uploads\/2026\/04\/abril_2026_peugeot-04-1-1024x1820.jpg 1024w, https:\/\/infoecos.com.ar\/wp-content\/uploads\/2026\/04\/abril_2026_peugeot-04-1-scaled.jpg 1440w\" sizes=\"(max-width: 900px) 100vw, 900px\" \/><\/figure>\n\n\n\n<figure class=\"wp-block-image size-large\"><img loading=\"lazy\" decoding=\"async\" width=\"900\" height=\"1600\" data-id=\"157547\" src=\"https:\/\/infoecos.com.ar\/wp-content\/uploads\/2026\/04\/basalt_abril_2026-01-1-900x1600.jpg\" alt=\"\" class=\"wp-image-157547\" srcset=\"https:\/\/infoecos.com.ar\/wp-content\/uploads\/2026\/04\/basalt_abril_2026-01-1-900x1600.jpg 900w, https:\/\/infoecos.com.ar\/wp-content\/uploads\/2026\/04\/basalt_abril_2026-01-1-450x800.jpg 450w, https:\/\/infoecos.com.ar\/wp-content\/uploads\/2026\/04\/basalt_abril_2026-01-1-768x1365.jpg 768w, https:\/\/infoecos.com.ar\/wp-content\/uploads\/2026\/04\/basalt_abril_2026-01-1-864x1536.jpg 864w, https:\/\/infoecos.com.ar\/wp-content\/uploads\/2026\/04\/basalt_abril_2026-01-1-1152x2048.jpg 1152w, https:\/\/infoecos.com.ar\/wp-content\/uploads\/2026\/04\/basalt_abril_2026-01-1-1024x1820.jpg 1024w, https:\/\/infoecos.com.ar\/wp-content\/uploads\/2026\/04\/basalt_abril_2026-01-1-scaled.jpg 1440w\" sizes=\"(max-width: 900px) 100vw, 900px\" \/><\/figure>\n\n\n\n<figure class=\"wp-block-image size-large\"><img loading=\"lazy\" decoding=\"async\" width=\"900\" height=\"1600\" data-id=\"157548\" src=\"https:\/\/infoecos.com.ar\/wp-content\/uploads\/2026\/04\/basalt_abril_2026-03-1-900x1600.jpg\" alt=\"\" class=\"wp-image-157548\" srcset=\"https:\/\/infoecos.com.ar\/wp-content\/uploads\/2026\/04\/basalt_abril_2026-03-1-900x1600.jpg 900w, https:\/\/infoecos.com.ar\/wp-content\/uploads\/2026\/04\/basalt_abril_2026-03-1-450x800.jpg 450w, https:\/\/infoecos.com.ar\/wp-content\/uploads\/2026\/04\/basalt_abril_2026-03-1-768x1365.jpg 768w, https:\/\/infoecos.com.ar\/wp-content\/uploads\/2026\/04\/basalt_abril_2026-03-1-864x1536.jpg 864w, https:\/\/infoecos.com.ar\/wp-content\/uploads\/2026\/04\/basalt_abril_2026-03-1-1152x2048.jpg 1152w, https:\/\/infoecos.com.ar\/wp-content\/uploads\/2026\/04\/basalt_abril_2026-03-1-1024x1820.jpg 1024w, https:\/\/infoecos.com.ar\/wp-content\/uploads\/2026\/04\/basalt_abril_2026-03-1-scaled.jpg 1440w\" sizes=\"(max-width: 900px) 100vw, 900px\" \/><\/figure>\n<\/figure>\n","protected":false},"excerpt":{"rendered":"<p>Con la presencia del gobernador Axel Kicillof y el intendente municipal, Jos\u00e9 Nobre Ferreira, qued\u00f3&#8230;<\/p>\n","protected":false},"author":2,"featured_media":157552,"comment_status":"closed","ping_status":"open","sticky":false,"template":"","format":"standard","meta":{"footnotes":""},"categories":[1612],"tags":[1750,156],"class_list":["post-157543","post","type-post","status-publish","format-standard","has-post-thumbnail","hentry","category-noticia-principal","tag-deporte","tag-salud"],"yoast_head":"<!-- This site is optimized with the Yoast SEO plugin v23.4 - https:\/\/yoast.com\/wordpress\/plugins\/seo\/ -->\n<title>Kicillof y parte de su gabinete en Guamin\u00ed: se inaugur\u00f3 la Planta Potabilizadora de Agua - Infoecos<\/title>\n<meta name=\"robots\" content=\"index, follow, max-snippet:-1, max-image-preview:large, max-video-preview:-1\" \/>\n<link rel=\"canonical\" href=\"https:\/\/infoecos.com.ar\/index.php\/kicillof-y-parte-de-su-gabinete-en-guamini-se-inauguro-la-planta-potabilizadora-de-agua\/\" \/>\n<meta property=\"og:locale\" content=\"es_ES\" \/>\n<meta property=\"og:type\" content=\"article\" \/>\n<meta property=\"og:title\" content=\"Kicillof y parte de su gabinete en Guamin\u00ed: se inaugur\u00f3 la Planta Potabilizadora de Agua - Infoecos\" \/>\n<meta property=\"og:description\" content=\"Con la presencia del gobernador Axel Kicillof y el intendente municipal, Jos\u00e9 Nobre Ferreira, qued\u00f3...\" \/>\n<meta property=\"og:url\" content=\"https:\/\/infoecos.com.ar\/index.php\/kicillof-y-parte-de-su-gabinete-en-guamini-se-inauguro-la-planta-potabilizadora-de-agua\/\" \/>\n<meta property=\"og:site_name\" content=\"Infoecos\" \/>\n<meta property=\"article:publisher\" content=\"https:\/\/www.facebook.com\/profile.php?id=100063200290284\" \/>\n<meta property=\"article:published_time\" content=\"2026-04-29T20:17:25+00:00\" \/>\n<meta property=\"article:modified_time\" content=\"2026-04-29T20:22:40+00:00\" \/>\n<meta property=\"og:image\" content=\"https:\/\/infoecos.com.ar\/wp-content\/uploads\/2026\/04\/685658212_1415834900580595_426568947785227462_n.jpg\" \/>\n\t<meta property=\"og:image:width\" content=\"1600\" \/>\n\t<meta property=\"og:image:height\" content=\"1066\" \/>\n\t<meta property=\"og:image:type\" content=\"image\/jpeg\" \/>\n<meta name=\"author\" content=\"Jorge Matheus\" \/>\n<meta name=\"twitter:card\" content=\"summary_large_image\" \/>\n<meta name=\"twitter:creator\" content=\"@infoecos\" \/>\n<meta name=\"twitter:site\" content=\"@infoecos\" \/>\n<meta name=\"twitter:label1\" content=\"Escrito por\" \/>\n\t<meta name=\"twitter:data1\" content=\"Jorge Matheus\" \/>\n\t<meta name=\"twitter:label2\" content=\"Tiempo de lectura\" \/>\n\t<meta name=\"twitter:data2\" content=\"4 minutos\" \/>\n<script type=\"application\/ld+json\" class=\"yoast-schema-graph\">{\"@context\":\"https:\/\/schema.org\",\"@graph\":[{\"@type\":\"Article\",\"@id\":\"https:\/\/infoecos.com.ar\/index.php\/kicillof-y-parte-de-su-gabinete-en-guamini-se-inauguro-la-planta-potabilizadora-de-agua\/#article\",\"isPartOf\":{\"@id\":\"https:\/\/infoecos.com.ar\/index.php\/kicillof-y-parte-de-su-gabinete-en-guamini-se-inauguro-la-planta-potabilizadora-de-agua\/\"},\"author\":{\"name\":\"Jorge Matheus\",\"@id\":\"https:\/\/infoecos.com.ar\/#\/schema\/person\/8f5ace5ce73b4b4aac4b7245aee6f191\"},\"headline\":\"Kicillof y parte de su gabinete en Guamin\u00ed: se inaugur\u00f3 la Planta Potabilizadora de Agua\",\"datePublished\":\"2026-04-29T20:17:25+00:00\",\"dateModified\":\"2026-04-29T20:22:40+00:00\",\"mainEntityOfPage\":{\"@id\":\"https:\/\/infoecos.com.ar\/index.php\/kicillof-y-parte-de-su-gabinete-en-guamini-se-inauguro-la-planta-potabilizadora-de-agua\/\"},\"wordCount\":209,\"publisher\":{\"@id\":\"https:\/\/infoecos.com.ar\/#organization\"},\"image\":{\"@id\":\"https:\/\/infoecos.com.ar\/index.php\/kicillof-y-parte-de-su-gabinete-en-guamini-se-inauguro-la-planta-potabilizadora-de-agua\/#primaryimage\"},\"thumbnailUrl\":\"https:\/\/infoecos.com.ar\/wp-content\/uploads\/2026\/04\/685658212_1415834900580595_426568947785227462_n.jpg\",\"keywords\":[\"DEPORTE\",\"SALUD\"],\"articleSection\":[\"Noticia Principal\"],\"inLanguage\":\"es\"},{\"@type\":\"WebPage\",\"@id\":\"https:\/\/infoecos.com.ar\/index.php\/kicillof-y-parte-de-su-gabinete-en-guamini-se-inauguro-la-planta-potabilizadora-de-agua\/\",\"url\":\"https:\/\/infoecos.com.ar\/index.php\/kicillof-y-parte-de-su-gabinete-en-guamini-se-inauguro-la-planta-potabilizadora-de-agua\/\",\"name\":\"Kicillof y parte de su gabinete en Guamin\u00ed: se inaugur\u00f3 la Planta Potabilizadora de Agua - Infoecos\",\"isPartOf\":{\"@id\":\"https:\/\/infoecos.com.ar\/#website\"},\"primaryImageOfPage\":{\"@id\":\"https:\/\/infoecos.com.ar\/index.php\/kicillof-y-parte-de-su-gabinete-en-guamini-se-inauguro-la-planta-potabilizadora-de-agua\/#primaryimage\"},\"image\":{\"@id\":\"https:\/\/infoecos.com.ar\/index.php\/kicillof-y-parte-de-su-gabinete-en-guamini-se-inauguro-la-planta-potabilizadora-de-agua\/#primaryimage\"},\"thumbnailUrl\":\"https:\/\/infoecos.com.ar\/wp-content\/uploads\/2026\/04\/685658212_1415834900580595_426568947785227462_n.jpg\",\"datePublished\":\"2026-04-29T20:17:25+00:00\",\"dateModified\":\"2026-04-29T20:22:40+00:00\",\"breadcrumb\":{\"@id\":\"https:\/\/infoecos.com.ar\/index.php\/kicillof-y-parte-de-su-gabinete-en-guamini-se-inauguro-la-planta-potabilizadora-de-agua\/#breadcrumb\"},\"inLanguage\":\"es\",\"potentialAction\":[{\"@type\":\"ReadAction\",\"target\":[\"https:\/\/infoecos.com.ar\/index.php\/kicillof-y-parte-de-su-gabinete-en-guamini-se-inauguro-la-planta-potabilizadora-de-agua\/\"]}]},{\"@type\":\"ImageObject\",\"inLanguage\":\"es\",\"@id\":\"https:\/\/infoecos.com.ar\/index.php\/kicillof-y-parte-de-su-gabinete-en-guamini-se-inauguro-la-planta-potabilizadora-de-agua\/#primaryimage\",\"url\":\"https:\/\/infoecos.com.ar\/wp-content\/uploads\/2026\/04\/685658212_1415834900580595_426568947785227462_n.jpg\",\"contentUrl\":\"https:\/\/infoecos.com.ar\/wp-content\/uploads\/2026\/04\/685658212_1415834900580595_426568947785227462_n.jpg\",\"width\":1600,\"height\":1066},{\"@type\":\"BreadcrumbList\",\"@id\":\"https:\/\/infoecos.com.ar\/index.php\/kicillof-y-parte-de-su-gabinete-en-guamini-se-inauguro-la-planta-potabilizadora-de-agua\/#breadcrumb\",\"itemListElement\":[{\"@type\":\"ListItem\",\"position\":1,\"name\":\"Portada\",\"item\":\"https:\/\/infoecos.com.ar\/\"},{\"@type\":\"ListItem\",\"position\":2,\"name\":\"Kicillof y parte de su gabinete en Guamin\u00ed: se inaugur\u00f3 la Planta Potabilizadora de Agua\"}]},{\"@type\":\"WebSite\",\"@id\":\"https:\/\/infoecos.com.ar\/#website\",\"url\":\"https:\/\/infoecos.com.ar\/\",\"name\":\"Infoecos\",\"description\":\"Noticias de trenque lauquen y la zona\",\"publisher\":{\"@id\":\"https:\/\/infoecos.com.ar\/#organization\"},\"alternateName\":\"Noticias\",\"potentialAction\":[{\"@type\":\"SearchAction\",\"target\":{\"@type\":\"EntryPoint\",\"urlTemplate\":\"https:\/\/infoecos.com.ar\/?s={search_term_string}\"},\"query-input\":{\"@type\":\"PropertyValueSpecification\",\"valueRequired\":true,\"valueName\":\"search_term_string\"}}],\"inLanguage\":\"es\"},{\"@type\":\"Organization\",\"@id\":\"https:\/\/infoecos.com.ar\/#organization\",\"name\":\"Infoecos\",\"alternateName\":\"Noticias\",\"url\":\"https:\/\/infoecos.com.ar\/\",\"logo\":{\"@type\":\"ImageObject\",\"inLanguage\":\"es\",\"@id\":\"https:\/\/infoecos.com.ar\/#\/schema\/logo\/image\/\",\"url\":\"https:\/\/infoecos.com.ar\/wp-content\/uploads\/2024\/03\/cropped-logo.png\",\"contentUrl\":\"https:\/\/infoecos.com.ar\/wp-content\/uploads\/2024\/03\/cropped-logo.png\",\"width\":374,\"height\":90,\"caption\":\"Infoecos\"},\"image\":{\"@id\":\"https:\/\/infoecos.com.ar\/#\/schema\/logo\/image\/\"},\"sameAs\":[\"https:\/\/www.facebook.com\/profile.php?id=100063200290284\",\"https:\/\/x.com\/infoecos\"]},{\"@type\":\"Person\",\"@id\":\"https:\/\/infoecos.com.ar\/#\/schema\/person\/8f5ace5ce73b4b4aac4b7245aee6f191\",\"name\":\"Jorge Matheus\",\"url\":\"https:\/\/infoecos.com.ar\/index.php\/author\/jomatheus\/\"}]}<\/script>\n<!-- \/ Yoast SEO plugin. -->","yoast_head_json":{"title":"Kicillof y parte de su gabinete en Guamin\u00ed: se inaugur\u00f3 la Planta Potabilizadora de Agua - Infoecos","robots":{"index":"index","follow":"follow","max-snippet":"max-snippet:-1","max-image-preview":"max-image-preview:large","max-video-preview":"max-video-preview:-1"},"canonical":"https:\/\/infoecos.com.ar\/index.php\/kicillof-y-parte-de-su-gabinete-en-guamini-se-inauguro-la-planta-potabilizadora-de-agua\/","og_locale":"es_ES","og_type":"article","og_title":"Kicillof y parte de su gabinete en Guamin\u00ed: se inaugur\u00f3 la Planta Potabilizadora de Agua - Infoecos","og_description":"Con la presencia del gobernador Axel Kicillof y el intendente municipal, Jos\u00e9 Nobre Ferreira, qued\u00f3...","og_url":"https:\/\/infoecos.com.ar\/index.php\/kicillof-y-parte-de-su-gabinete-en-guamini-se-inauguro-la-planta-potabilizadora-de-agua\/","og_site_name":"Infoecos","article_publisher":"https:\/\/www.facebook.com\/profile.php?id=100063200290284","article_published_time":"2026-04-29T20:17:25+00:00","article_modified_time":"2026-04-29T20:22:40+00:00","og_image":[{"width":1600,"height":1066,"url":"https:\/\/infoecos.com.ar\/wp-content\/uploads\/2026\/04\/685658212_1415834900580595_426568947785227462_n.jpg","type":"image\/jpeg"}],"author":"Jorge Matheus","twitter_card":"summary_large_image","twitter_creator":"@infoecos","twitter_site":"@infoecos","twitter_misc":{"Escrito por":"Jorge Matheus","Tiempo de lectura":"4 minutos"},"schema":{"@context":"https:\/\/schema.org","@graph":[{"@type":"Article","@id":"https:\/\/infoecos.com.ar\/index.php\/kicillof-y-parte-de-su-gabinete-en-guamini-se-inauguro-la-planta-potabilizadora-de-agua\/#article","isPartOf":{"@id":"https:\/\/infoecos.com.ar\/index.php\/kicillof-y-parte-de-su-gabinete-en-guamini-se-inauguro-la-planta-potabilizadora-de-agua\/"},"author":{"name":"Jorge Matheus","@id":"https:\/\/infoecos.com.ar\/#\/schema\/person\/8f5ace5ce73b4b4aac4b7245aee6f191"},"headline":"Kicillof y parte de su gabinete en Guamin\u00ed: se inaugur\u00f3 la Planta Potabilizadora de Agua","datePublished":"2026-04-29T20:17:25+00:00","dateModified":"2026-04-29T20:22:40+00:00","mainEntityOfPage":{"@id":"https:\/\/infoecos.com.ar\/index.php\/kicillof-y-parte-de-su-gabinete-en-guamini-se-inauguro-la-planta-potabilizadora-de-agua\/"},"wordCount":209,"publisher":{"@id":"https:\/\/infoecos.com.ar\/#organization"},"image":{"@id":"https:\/\/infoecos.com.ar\/index.php\/kicillof-y-parte-de-su-gabinete-en-guamini-se-inauguro-la-planta-potabilizadora-de-agua\/#primaryimage"},"thumbnailUrl":"https:\/\/infoecos.com.ar\/wp-content\/uploads\/2026\/04\/685658212_1415834900580595_426568947785227462_n.jpg","keywords":["DEPORTE","SALUD"],"articleSection":["Noticia Principal"],"inLanguage":"es"},{"@type":"WebPage","@id":"https:\/\/infoecos.com.ar\/index.php\/kicillof-y-parte-de-su-gabinete-en-guamini-se-inauguro-la-planta-potabilizadora-de-agua\/","url":"https:\/\/infoecos.com.ar\/index.php\/kicillof-y-parte-de-su-gabinete-en-guamini-se-inauguro-la-planta-potabilizadora-de-agua\/","name":"Kicillof y parte de su gabinete en Guamin\u00ed: se inaugur\u00f3 la Planta Potabilizadora de Agua - Infoecos","isPartOf":{"@id":"https:\/\/infoecos.com.ar\/#website"},"primaryImageOfPage":{"@id":"https:\/\/infoecos.com.ar\/index.php\/kicillof-y-parte-de-su-gabinete-en-guamini-se-inauguro-la-planta-potabilizadora-de-agua\/#primaryimage"},"image":{"@id":"https:\/\/infoecos.com.ar\/index.php\/kicillof-y-parte-de-su-gabinete-en-guamini-se-inauguro-la-planta-potabilizadora-de-agua\/#primaryimage"},"thumbnailUrl":"https:\/\/infoecos.com.ar\/wp-content\/uploads\/2026\/04\/685658212_1415834900580595_426568947785227462_n.jpg","datePublished":"2026-04-29T20:17:25+00:00","dateModified":"2026-04-29T20:22:40+00:00","breadcrumb":{"@id":"https:\/\/infoecos.com.ar\/index.php\/kicillof-y-parte-de-su-gabinete-en-guamini-se-inauguro-la-planta-potabilizadora-de-agua\/#breadcrumb"},"inLanguage":"es","potentialAction":[{"@type":"ReadAction","target":["https:\/\/infoecos.com.ar\/index.php\/kicillof-y-parte-de-su-gabinete-en-guamini-se-inauguro-la-planta-potabilizadora-de-agua\/"]}]},{"@type":"ImageObject","inLanguage":"es","@id":"https:\/\/infoecos.com.ar\/index.php\/kicillof-y-parte-de-su-gabinete-en-guamini-se-inauguro-la-planta-potabilizadora-de-agua\/#primaryimage","url":"https:\/\/infoecos.com.ar\/wp-content\/uploads\/2026\/04\/685658212_1415834900580595_426568947785227462_n.jpg","contentUrl":"https:\/\/infoecos.com.ar\/wp-content\/uploads\/2026\/04\/685658212_1415834900580595_426568947785227462_n.jpg","width":1600,"height":1066},{"@type":"BreadcrumbList","@id":"https:\/\/infoecos.com.ar\/index.php\/kicillof-y-parte-de-su-gabinete-en-guamini-se-inauguro-la-planta-potabilizadora-de-agua\/#breadcrumb","itemListElement":[{"@type":"ListItem","position":1,"name":"Portada","item":"https:\/\/infoecos.com.ar\/"},{"@type":"ListItem","position":2,"name":"Kicillof y parte de su gabinete en Guamin\u00ed: se inaugur\u00f3 la Planta Potabilizadora de Agua"}]},{"@type":"WebSite","@id":"https:\/\/infoecos.com.ar\/#website","url":"https:\/\/infoecos.com.ar\/","name":"Infoecos","description":"Noticias de trenque lauquen y la zona","publisher":{"@id":"https:\/\/infoecos.com.ar\/#organization"},"alternateName":"Noticias","potentialAction":[{"@type":"SearchAction","target":{"@type":"EntryPoint","urlTemplate":"https:\/\/infoecos.com.ar\/?s={search_term_string}"},"query-input":{"@type":"PropertyValueSpecification","valueRequired":true,"valueName":"search_term_string"}}],"inLanguage":"es"},{"@type":"Organization","@id":"https:\/\/infoecos.com.ar\/#organization","name":"Infoecos","alternateName":"Noticias","url":"https:\/\/infoecos.com.ar\/","logo":{"@type":"ImageObject","inLanguage":"es","@id":"https:\/\/infoecos.com.ar\/#\/schema\/logo\/image\/","url":"https:\/\/infoecos.com.ar\/wp-content\/uploads\/2024\/03\/cropped-logo.png","contentUrl":"https:\/\/infoecos.com.ar\/wp-content\/uploads\/2024\/03\/cropped-logo.png","width":374,"height":90,"caption":"Infoecos"},"image":{"@id":"https:\/\/infoecos.com.ar\/#\/schema\/logo\/image\/"},"sameAs":["https:\/\/www.facebook.com\/profile.php?id=100063200290284","https:\/\/x.com\/infoecos"]},{"@type":"Person","@id":"https:\/\/infoecos.com.ar\/#\/schema\/person\/8f5ace5ce73b4b4aac4b7245aee6f191","name":"Jorge Matheus","url":"https:\/\/infoecos.com.ar\/index.php\/author\/jomatheus\/"}]}},"featured_image_urls":{"full":["https:\/\/infoecos.com.ar\/wp-content\/uploads\/2026\/04\/685658212_1415834900580595_426568947785227462_n.jpg",1600,1066,false],"thumbnail":["https:\/\/infoecos.com.ar\/wp-content\/uploads\/2026\/04\/685658212_1415834900580595_426568947785227462_n-300x150.jpg",300,150,true],"medium":["https:\/\/infoecos.com.ar\/wp-content\/uploads\/2026\/04\/685658212_1415834900580595_426568947785227462_n-800x533.jpg",800,533,true],"medium_large":["https:\/\/infoecos.com.ar\/wp-content\/uploads\/2026\/04\/685658212_1415834900580595_426568947785227462_n-768x512.jpg",640,427,true],"large":["https:\/\/infoecos.com.ar\/wp-content\/uploads\/2026\/04\/685658212_1415834900580595_426568947785227462_n.jpg",640,426,false],"1536x1536":["https:\/\/infoecos.com.ar\/wp-content\/uploads\/2026\/04\/685658212_1415834900580595_426568947785227462_n-1536x1023.jpg",1536,1023,true],"2048x2048":["https:\/\/infoecos.com.ar\/wp-content\/uploads\/2026\/04\/685658212_1415834900580595_426568947785227462_n.jpg",1600,1066,false],"covernews-slider-full":["https:\/\/infoecos.com.ar\/wp-content\/uploads\/2026\/04\/685658212_1415834900580595_426568947785227462_n-1115x715.jpg",1115,715,true],"covernews-slider-center":["https:\/\/infoecos.com.ar\/wp-content\/uploads\/2026\/04\/685658212_1415834900580595_426568947785227462_n-800x500.jpg",800,500,true],"covernews-featured":["https:\/\/infoecos.com.ar\/wp-content\/uploads\/2026\/04\/685658212_1415834900580595_426568947785227462_n-1024x682.jpg",1024,682,true],"covernews-medium":["https:\/\/infoecos.com.ar\/wp-content\/uploads\/2026\/04\/685658212_1415834900580595_426568947785227462_n-540x340.jpg",540,340,true],"covernews-medium-square":["https:\/\/infoecos.com.ar\/wp-content\/uploads\/2026\/04\/685658212_1415834900580595_426568947785227462_n-400x250.jpg",400,250,true]},"author_info":{"info":["Jorge Matheus"]},"category_info":"<a href=\"https:\/\/infoecos.com.ar\/index.php\/category\/noticia-principal\/\" rel=\"category tag\">Noticia Principal<\/a>","tag_info":"Noticia Principal","comment_count":"0","_links":{"self":[{"href":"https:\/\/infoecos.com.ar\/index.php\/wp-json\/wp\/v2\/posts\/157543"}],"collection":[{"href":"https:\/\/infoecos.com.ar\/index.php\/wp-json\/wp\/v2\/posts"}],"about":[{"href":"https:\/\/infoecos.com.ar\/index.php\/wp-json\/wp\/v2\/types\/post"}],"author":[{"embeddable":true,"href":"https:\/\/infoecos.com.ar\/index.php\/wp-json\/wp\/v2\/users\/2"}],"replies":[{"embeddable":true,"href":"https:\/\/infoecos.com.ar\/index.php\/wp-json\/wp\/v2\/comments?post=157543"}],"version-history":[{"count":2,"href":"https:\/\/infoecos.com.ar\/index.php\/wp-json\/wp\/v2\/posts\/157543\/revisions"}],"predecessor-version":[{"id":157557,"href":"https:\/\/infoecos.com.ar\/index.php\/wp-json\/wp\/v2\/posts\/157543\/revisions\/157557"}],"wp:featuredmedia":[{"embeddable":true,"href":"https:\/\/infoecos.com.ar\/index.php\/wp-json\/wp\/v2\/media\/157552"}],"wp:attachment":[{"href":"https:\/\/infoecos.com.ar\/index.php\/wp-json\/wp\/v2\/media?parent=157543"}],"wp:term":[{"taxonomy":"category","embeddable":true,"href":"https:\/\/infoecos.com.ar\/index.php\/wp-json\/wp\/v2\/categories?post=157543"},{"taxonomy":"post_tag","embeddable":true,"href":"https:\/\/infoecos.com.ar\/index.php\/wp-json\/wp\/v2\/tags?post=157543"}],"curies":[{"name":"wp","href":"https:\/\/api.w.org\/{rel}","templated":true}]}}