{"id":157558,"date":"2026-04-29T18:52:37","date_gmt":"2026-04-29T21:52:37","guid":{"rendered":"https:\/\/infoecos.com.ar\/?p=157558"},"modified":"2026-04-29T18:52:38","modified_gmt":"2026-04-29T21:52:38","slug":"denominaron-malvinas-argentinas-al-jardin-de-infantes-numero-918-de-general-villegas","status":"publish","type":"post","link":"https:\/\/infoecos.com.ar\/index.php\/denominaron-malvinas-argentinas-al-jardin-de-infantes-numero-918-de-general-villegas\/","title":{"rendered":"Denominaron \u00abMalvinas Argentinas\u00bb al Jard\u00edn de Infantes n\u00famero 918 de General Villegas"},"content":{"rendered":"\n<p>El Jard\u00edn de Infantes N\u00b0 918 de General Villegas se denomina desde este mi\u00e9rcoles <strong>\u201cMalvinas Argentinas\u201d<\/strong> al Jard\u00edn de Infantes N\u00b0 918. <\/p>\n\n\n\n<p>En la sede del establecimiento se llev\u00f3 a cabo un acto donde se remarc\u00f3 el profundo significado de nombrar una instituci\u00f3n educativa, porque es otorgarle identidad, memoria y sentido de pertenencia.<\/p>\n\n\n\n<figure class=\"wp-block-gallery has-nested-images columns-default is-cropped wp-block-gallery-1 is-layout-flex wp-block-gallery-is-layout-flex\">\n<figure class=\"wp-block-image size-large\"><img loading=\"lazy\" decoding=\"async\" width=\"1600\" height=\"900\" data-id=\"157560\" src=\"https:\/\/infoecos.com.ar\/wp-content\/uploads\/2026\/04\/WhatsApp-Image-2026-04-29-at-11.29.30.jpeg\" alt=\"\" class=\"wp-image-157560\" srcset=\"https:\/\/infoecos.com.ar\/wp-content\/uploads\/2026\/04\/WhatsApp-Image-2026-04-29-at-11.29.30.jpeg 1600w, https:\/\/infoecos.com.ar\/wp-content\/uploads\/2026\/04\/WhatsApp-Image-2026-04-29-at-11.29.30-800x450.jpeg 800w, https:\/\/infoecos.com.ar\/wp-content\/uploads\/2026\/04\/WhatsApp-Image-2026-04-29-at-11.29.30-768x432.jpeg 768w, https:\/\/infoecos.com.ar\/wp-content\/uploads\/2026\/04\/WhatsApp-Image-2026-04-29-at-11.29.30-1536x864.jpeg 1536w, https:\/\/infoecos.com.ar\/wp-content\/uploads\/2026\/04\/WhatsApp-Image-2026-04-29-at-11.29.30-1024x576.jpeg 1024w\" sizes=\"(max-width: 1600px) 100vw, 1600px\" \/><\/figure>\n\n\n\n<figure class=\"wp-block-image size-large\"><img loading=\"lazy\" decoding=\"async\" width=\"1600\" height=\"900\" data-id=\"157561\" src=\"https:\/\/infoecos.com.ar\/wp-content\/uploads\/2026\/04\/WhatsApp-Image-2026-04-29-at-11.32.53.jpeg\" alt=\"\" class=\"wp-image-157561\" srcset=\"https:\/\/infoecos.com.ar\/wp-content\/uploads\/2026\/04\/WhatsApp-Image-2026-04-29-at-11.32.53.jpeg 1600w, https:\/\/infoecos.com.ar\/wp-content\/uploads\/2026\/04\/WhatsApp-Image-2026-04-29-at-11.32.53-800x450.jpeg 800w, https:\/\/infoecos.com.ar\/wp-content\/uploads\/2026\/04\/WhatsApp-Image-2026-04-29-at-11.32.53-768x432.jpeg 768w, https:\/\/infoecos.com.ar\/wp-content\/uploads\/2026\/04\/WhatsApp-Image-2026-04-29-at-11.32.53-1536x864.jpeg 1536w, https:\/\/infoecos.com.ar\/wp-content\/uploads\/2026\/04\/WhatsApp-Image-2026-04-29-at-11.32.53-1024x576.jpeg 1024w\" sizes=\"(max-width: 1600px) 100vw, 1600px\" \/><\/figure>\n\n\n\n<figure class=\"wp-block-image size-large\"><img loading=\"lazy\" decoding=\"async\" width=\"1600\" height=\"900\" data-id=\"157559\" src=\"https:\/\/infoecos.com.ar\/wp-content\/uploads\/2026\/04\/WhatsApp-Image-2026-04-29-at-11.32.54.jpeg\" alt=\"\" class=\"wp-image-157559\" srcset=\"https:\/\/infoecos.com.ar\/wp-content\/uploads\/2026\/04\/WhatsApp-Image-2026-04-29-at-11.32.54.jpeg 1600w, https:\/\/infoecos.com.ar\/wp-content\/uploads\/2026\/04\/WhatsApp-Image-2026-04-29-at-11.32.54-800x450.jpeg 800w, https:\/\/infoecos.com.ar\/wp-content\/uploads\/2026\/04\/WhatsApp-Image-2026-04-29-at-11.32.54-768x432.jpeg 768w, https:\/\/infoecos.com.ar\/wp-content\/uploads\/2026\/04\/WhatsApp-Image-2026-04-29-at-11.32.54-1536x864.jpeg 1536w, https:\/\/infoecos.com.ar\/wp-content\/uploads\/2026\/04\/WhatsApp-Image-2026-04-29-at-11.32.54-1024x576.jpeg 1024w\" sizes=\"(max-width: 1600px) 100vw, 1600px\" \/><\/figure>\n<\/figure>\n\n\n\n<p>Fue descubierta una placa del Departamento Ejecutivo Municipal, a cargo de la secretaria de Gobierno, Valeria Iglesias, que reemplaz\u00f3 al intendente Alegre que no estaba en la ciudad.<\/p>\n\n\n\n<p>La directora del establecimiento, Paula Far\u00edas, que fue una de las oradoras, se\u00f1al\u00f3 entre otras cosas que \u201cnombrar a nuestro jard\u00edn como Malvinas Argentinas es tambi\u00e9n sembrar en las nuevas generaciones valores que perduren en el tiempo: memoria, respeto, identidad y amor por nuestro pa\u00eds\u201d.\u00a0<\/p>\n\n\n\n<figure class=\"wp-block-gallery has-nested-images columns-default is-cropped wp-block-gallery-2 is-layout-flex wp-block-gallery-is-layout-flex\">\n<figure class=\"wp-block-image size-large\"><img loading=\"lazy\" decoding=\"async\" width=\"1600\" height=\"900\" data-id=\"157562\" src=\"https:\/\/infoecos.com.ar\/wp-content\/uploads\/2026\/04\/WhatsApp-Image-2026-04-29-at-11.35.55.jpeg\" alt=\"\" class=\"wp-image-157562\" srcset=\"https:\/\/infoecos.com.ar\/wp-content\/uploads\/2026\/04\/WhatsApp-Image-2026-04-29-at-11.35.55.jpeg 1600w, https:\/\/infoecos.com.ar\/wp-content\/uploads\/2026\/04\/WhatsApp-Image-2026-04-29-at-11.35.55-800x450.jpeg 800w, https:\/\/infoecos.com.ar\/wp-content\/uploads\/2026\/04\/WhatsApp-Image-2026-04-29-at-11.35.55-768x432.jpeg 768w, https:\/\/infoecos.com.ar\/wp-content\/uploads\/2026\/04\/WhatsApp-Image-2026-04-29-at-11.35.55-1536x864.jpeg 1536w, https:\/\/infoecos.com.ar\/wp-content\/uploads\/2026\/04\/WhatsApp-Image-2026-04-29-at-11.35.55-1024x576.jpeg 1024w\" sizes=\"(max-width: 1600px) 100vw, 1600px\" \/><\/figure>\n\n\n\n<figure class=\"wp-block-image size-large\"><img loading=\"lazy\" decoding=\"async\" width=\"1600\" height=\"900\" data-id=\"157563\" src=\"https:\/\/infoecos.com.ar\/wp-content\/uploads\/2026\/04\/WhatsApp-Image-2026-04-29-at-11.35.57-2.jpeg\" alt=\"\" class=\"wp-image-157563\" srcset=\"https:\/\/infoecos.com.ar\/wp-content\/uploads\/2026\/04\/WhatsApp-Image-2026-04-29-at-11.35.57-2.jpeg 1600w, https:\/\/infoecos.com.ar\/wp-content\/uploads\/2026\/04\/WhatsApp-Image-2026-04-29-at-11.35.57-2-800x450.jpeg 800w, https:\/\/infoecos.com.ar\/wp-content\/uploads\/2026\/04\/WhatsApp-Image-2026-04-29-at-11.35.57-2-768x432.jpeg 768w, https:\/\/infoecos.com.ar\/wp-content\/uploads\/2026\/04\/WhatsApp-Image-2026-04-29-at-11.35.57-2-1536x864.jpeg 1536w, https:\/\/infoecos.com.ar\/wp-content\/uploads\/2026\/04\/WhatsApp-Image-2026-04-29-at-11.35.57-2-1024x576.jpeg 1024w\" sizes=\"(max-width: 1600px) 100vw, 1600px\" \/><\/figure>\n<\/figure>\n\n\n\n<p>La ex docente Silvia Moreno, impulsora junto de la propuesta seleccionada por la comunidad. Destac\u00f3 que el nombre surgi\u00f3 del deseo de mantener viva la causa Malvinas y de sembrar memoria desde las primeras infancias, como parte de una construcci\u00f3n colectiva que identifica al pueblo argentino.<\/p>\n\n\n\n<p><a href=\"https:\/\/www.facebook.com\/hashtag\/trenquelauquen?__cft__[0]=AZa9CUe-pdOrCGS7qOhhE32fsDBEeDSpDuUVuvv6YimXUOMLa2ndpAKUfvItKCRYCziaM4aX1AdJbCppDpj3njXXBAHTKFr3hdGPputfDO_vY3fz5twv3qHEybP6zUMofLJgqm34EnWgAHZlNIgjZnF1Kd5FCBFLto0tko2ygtwD5jofYYkFGaiOqr7WRmPDNeo&amp;__tn__=*NK-R\"><strong>#TRENQUELAUQUEN<\/strong><\/a><\/p>\n\n\n\n<p><a href=\"https:\/\/www.facebook.com\/hashtag\/alauxneum%C3%A1ticos?__cft__[0]=AZa9CUe-pdOrCGS7qOhhE32fsDBEeDSpDuUVuvv6YimXUOMLa2ndpAKUfvItKCRYCziaM4aX1AdJbCppDpj3njXXBAHTKFr3hdGPputfDO_vY3fz5twv3qHEybP6zUMofLJgqm34EnWgAHZlNIgjZnF1Kd5FCBFLto0tko2ygtwD5jofYYkFGaiOqr7WRmPDNeo&amp;__tn__=*NK-R\"><strong>#ALAUXNEUM\u00c1TICOS<\/strong><\/a><\/p>\n\n\n\n<p><strong>Av Garc\u00eda Salinas 1811<\/strong><\/p>\n\n\n\n<p><a href=\"https:\/\/www.facebook.com\/hashtag\/trenquelauquen?__cft__[0]=AZa9CUe-pdOrCGS7qOhhE32fsDBEeDSpDuUVuvv6YimXUOMLa2ndpAKUfvItKCRYCziaM4aX1AdJbCppDpj3njXXBAHTKFr3hdGPputfDO_vY3fz5twv3qHEybP6zUMofLJgqm34EnWgAHZlNIgjZnF1Kd5FCBFLto0tko2ygtwD5jofYYkFGaiOqr7WRmPDNeo&amp;__tn__=*NK-R\"><strong>#TrenqueLauquen<\/strong><\/a><\/p>\n\n\n\n<p><strong>02392-495252\/418030<\/strong><\/p>\n\n\n\n<p><strong>Whatsap: 2392493716<\/strong><\/p>\n\n\n\n<figure class=\"wp-block-gallery has-nested-images columns-default is-cropped wp-block-gallery-3 is-layout-flex wp-block-gallery-is-layout-flex\">\n<figure class=\"wp-block-image size-large\"><img loading=\"lazy\" decoding=\"async\" width=\"1024\" height=\"1280\" data-id=\"157564\" src=\"https:\/\/infoecos.com.ar\/wp-content\/uploads\/2026\/04\/PHOTO-2026-04-09-17-10-05-1.jpg\" alt=\"\" class=\"wp-image-157564\" srcset=\"https:\/\/infoecos.com.ar\/wp-content\/uploads\/2026\/04\/PHOTO-2026-04-09-17-10-05-1.jpg 1024w, https:\/\/infoecos.com.ar\/wp-content\/uploads\/2026\/04\/PHOTO-2026-04-09-17-10-05-1-640x800.jpg 640w, https:\/\/infoecos.com.ar\/wp-content\/uploads\/2026\/04\/PHOTO-2026-04-09-17-10-05-1-768x960.jpg 768w\" sizes=\"(max-width: 1024px) 100vw, 1024px\" \/><\/figure>\n\n\n\n<figure class=\"wp-block-image size-large\"><img loading=\"lazy\" decoding=\"async\" width=\"1024\" height=\"1280\" data-id=\"157565\" src=\"https:\/\/infoecos.com.ar\/wp-content\/uploads\/2026\/04\/PHOTO-2026-04-09-17-10-05-2.jpg\" alt=\"\" class=\"wp-image-157565\" srcset=\"https:\/\/infoecos.com.ar\/wp-content\/uploads\/2026\/04\/PHOTO-2026-04-09-17-10-05-2.jpg 1024w, https:\/\/infoecos.com.ar\/wp-content\/uploads\/2026\/04\/PHOTO-2026-04-09-17-10-05-2-640x800.jpg 640w, https:\/\/infoecos.com.ar\/wp-content\/uploads\/2026\/04\/PHOTO-2026-04-09-17-10-05-2-768x960.jpg 768w\" sizes=\"(max-width: 1024px) 100vw, 1024px\" \/><\/figure>\n\n\n\n<figure class=\"wp-block-image size-large\"><img loading=\"lazy\" decoding=\"async\" width=\"1024\" height=\"1280\" data-id=\"157566\" src=\"https:\/\/infoecos.com.ar\/wp-content\/uploads\/2026\/04\/PHOTO-2026-04-09-17-10-05.jpg\" alt=\"\" class=\"wp-image-157566\" srcset=\"https:\/\/infoecos.com.ar\/wp-content\/uploads\/2026\/04\/PHOTO-2026-04-09-17-10-05.jpg 1024w, https:\/\/infoecos.com.ar\/wp-content\/uploads\/2026\/04\/PHOTO-2026-04-09-17-10-05-640x800.jpg 640w, https:\/\/infoecos.com.ar\/wp-content\/uploads\/2026\/04\/PHOTO-2026-04-09-17-10-05-768x960.jpg 768w\" sizes=\"(max-width: 1024px) 100vw, 1024px\" \/><\/figure>\n<\/figure>\n","protected":false},"excerpt":{"rendered":"<p>El Jard\u00edn de Infantes N\u00b0 918 de General Villegas se denomina desde este mi\u00e9rcoles \u201cMalvinas&#8230;<\/p>\n","protected":false},"author":2,"featured_media":157562,"comment_status":"closed","ping_status":"open","sticky":false,"template":"","format":"standard","meta":{"footnotes":""},"categories":[1612],"tags":[1750,156],"class_list":["post-157558","post","type-post","status-publish","format-standard","has-post-thumbnail","hentry","category-noticia-principal","tag-deporte","tag-salud"],"yoast_head":"<!-- This site is optimized with the Yoast SEO plugin v23.4 - https:\/\/yoast.com\/wordpress\/plugins\/seo\/ -->\n<title>Denominaron &quot;Malvinas Argentinas&quot; al Jard\u00edn de Infantes n\u00famero 918 de General Villegas - Infoecos<\/title>\n<meta name=\"robots\" content=\"index, follow, max-snippet:-1, max-image-preview:large, max-video-preview:-1\" \/>\n<link rel=\"canonical\" href=\"https:\/\/infoecos.com.ar\/index.php\/denominaron-malvinas-argentinas-al-jardin-de-infantes-numero-918-de-general-villegas\/\" \/>\n<meta property=\"og:locale\" content=\"es_ES\" \/>\n<meta property=\"og:type\" content=\"article\" \/>\n<meta property=\"og:title\" content=\"Denominaron &quot;Malvinas Argentinas&quot; al Jard\u00edn de Infantes n\u00famero 918 de General Villegas - Infoecos\" \/>\n<meta property=\"og:description\" content=\"El Jard\u00edn de Infantes N\u00b0 918 de General Villegas se denomina desde este mi\u00e9rcoles \u201cMalvinas...\" \/>\n<meta property=\"og:url\" content=\"https:\/\/infoecos.com.ar\/index.php\/denominaron-malvinas-argentinas-al-jardin-de-infantes-numero-918-de-general-villegas\/\" \/>\n<meta property=\"og:site_name\" content=\"Infoecos\" \/>\n<meta property=\"article:publisher\" content=\"https:\/\/www.facebook.com\/profile.php?id=100063200290284\" \/>\n<meta property=\"article:published_time\" content=\"2026-04-29T21:52:37+00:00\" \/>\n<meta property=\"article:modified_time\" content=\"2026-04-29T21:52:38+00:00\" \/>\n<meta property=\"og:image\" content=\"https:\/\/infoecos.com.ar\/wp-content\/uploads\/2026\/04\/WhatsApp-Image-2026-04-29-at-11.35.55.jpeg\" \/>\n\t<meta property=\"og:image:width\" content=\"1600\" \/>\n\t<meta property=\"og:image:height\" content=\"900\" \/>\n\t<meta property=\"og:image:type\" content=\"image\/jpeg\" \/>\n<meta name=\"author\" content=\"Jorge Matheus\" \/>\n<meta name=\"twitter:card\" content=\"summary_large_image\" \/>\n<meta name=\"twitter:creator\" content=\"@infoecos\" \/>\n<meta name=\"twitter:site\" content=\"@infoecos\" \/>\n<meta name=\"twitter:label1\" content=\"Escrito por\" \/>\n\t<meta name=\"twitter:data1\" content=\"Jorge Matheus\" \/>\n\t<meta name=\"twitter:label2\" content=\"Tiempo de lectura\" \/>\n\t<meta name=\"twitter:data2\" content=\"3 minutos\" \/>\n<script type=\"application\/ld+json\" class=\"yoast-schema-graph\">{\"@context\":\"https:\/\/schema.org\",\"@graph\":[{\"@type\":\"Article\",\"@id\":\"https:\/\/infoecos.com.ar\/index.php\/denominaron-malvinas-argentinas-al-jardin-de-infantes-numero-918-de-general-villegas\/#article\",\"isPartOf\":{\"@id\":\"https:\/\/infoecos.com.ar\/index.php\/denominaron-malvinas-argentinas-al-jardin-de-infantes-numero-918-de-general-villegas\/\"},\"author\":{\"name\":\"Jorge Matheus\",\"@id\":\"https:\/\/infoecos.com.ar\/#\/schema\/person\/8f5ace5ce73b4b4aac4b7245aee6f191\"},\"headline\":\"Denominaron \u00abMalvinas Argentinas\u00bb al Jard\u00edn de Infantes n\u00famero 918 de General Villegas\",\"datePublished\":\"2026-04-29T21:52:37+00:00\",\"dateModified\":\"2026-04-29T21:52:38+00:00\",\"mainEntityOfPage\":{\"@id\":\"https:\/\/infoecos.com.ar\/index.php\/denominaron-malvinas-argentinas-al-jardin-de-infantes-numero-918-de-general-villegas\/\"},\"wordCount\":203,\"publisher\":{\"@id\":\"https:\/\/infoecos.com.ar\/#organization\"},\"image\":{\"@id\":\"https:\/\/infoecos.com.ar\/index.php\/denominaron-malvinas-argentinas-al-jardin-de-infantes-numero-918-de-general-villegas\/#primaryimage\"},\"thumbnailUrl\":\"https:\/\/infoecos.com.ar\/wp-content\/uploads\/2026\/04\/WhatsApp-Image-2026-04-29-at-11.35.55.jpeg\",\"keywords\":[\"DEPORTE\",\"SALUD\"],\"articleSection\":[\"Noticia Principal\"],\"inLanguage\":\"es\"},{\"@type\":\"WebPage\",\"@id\":\"https:\/\/infoecos.com.ar\/index.php\/denominaron-malvinas-argentinas-al-jardin-de-infantes-numero-918-de-general-villegas\/\",\"url\":\"https:\/\/infoecos.com.ar\/index.php\/denominaron-malvinas-argentinas-al-jardin-de-infantes-numero-918-de-general-villegas\/\",\"name\":\"Denominaron \\\"Malvinas Argentinas\\\" al Jard\u00edn de Infantes n\u00famero 918 de General Villegas - Infoecos\",\"isPartOf\":{\"@id\":\"https:\/\/infoecos.com.ar\/#website\"},\"primaryImageOfPage\":{\"@id\":\"https:\/\/infoecos.com.ar\/index.php\/denominaron-malvinas-argentinas-al-jardin-de-infantes-numero-918-de-general-villegas\/#primaryimage\"},\"image\":{\"@id\":\"https:\/\/infoecos.com.ar\/index.php\/denominaron-malvinas-argentinas-al-jardin-de-infantes-numero-918-de-general-villegas\/#primaryimage\"},\"thumbnailUrl\":\"https:\/\/infoecos.com.ar\/wp-content\/uploads\/2026\/04\/WhatsApp-Image-2026-04-29-at-11.35.55.jpeg\",\"datePublished\":\"2026-04-29T21:52:37+00:00\",\"dateModified\":\"2026-04-29T21:52:38+00:00\",\"breadcrumb\":{\"@id\":\"https:\/\/infoecos.com.ar\/index.php\/denominaron-malvinas-argentinas-al-jardin-de-infantes-numero-918-de-general-villegas\/#breadcrumb\"},\"inLanguage\":\"es\",\"potentialAction\":[{\"@type\":\"ReadAction\",\"target\":[\"https:\/\/infoecos.com.ar\/index.php\/denominaron-malvinas-argentinas-al-jardin-de-infantes-numero-918-de-general-villegas\/\"]}]},{\"@type\":\"ImageObject\",\"inLanguage\":\"es\",\"@id\":\"https:\/\/infoecos.com.ar\/index.php\/denominaron-malvinas-argentinas-al-jardin-de-infantes-numero-918-de-general-villegas\/#primaryimage\",\"url\":\"https:\/\/infoecos.com.ar\/wp-content\/uploads\/2026\/04\/WhatsApp-Image-2026-04-29-at-11.35.55.jpeg\",\"contentUrl\":\"https:\/\/infoecos.com.ar\/wp-content\/uploads\/2026\/04\/WhatsApp-Image-2026-04-29-at-11.35.55.jpeg\",\"width\":1600,\"height\":900},{\"@type\":\"BreadcrumbList\",\"@id\":\"https:\/\/infoecos.com.ar\/index.php\/denominaron-malvinas-argentinas-al-jardin-de-infantes-numero-918-de-general-villegas\/#breadcrumb\",\"itemListElement\":[{\"@type\":\"ListItem\",\"position\":1,\"name\":\"Portada\",\"item\":\"https:\/\/infoecos.com.ar\/\"},{\"@type\":\"ListItem\",\"position\":2,\"name\":\"Denominaron \u00abMalvinas Argentinas\u00bb al Jard\u00edn de Infantes n\u00famero 918 de General Villegas\"}]},{\"@type\":\"WebSite\",\"@id\":\"https:\/\/infoecos.com.ar\/#website\",\"url\":\"https:\/\/infoecos.com.ar\/\",\"name\":\"Infoecos\",\"description\":\"Noticias de trenque lauquen y la zona\",\"publisher\":{\"@id\":\"https:\/\/infoecos.com.ar\/#organization\"},\"alternateName\":\"Noticias\",\"potentialAction\":[{\"@type\":\"SearchAction\",\"target\":{\"@type\":\"EntryPoint\",\"urlTemplate\":\"https:\/\/infoecos.com.ar\/?s={search_term_string}\"},\"query-input\":{\"@type\":\"PropertyValueSpecification\",\"valueRequired\":true,\"valueName\":\"search_term_string\"}}],\"inLanguage\":\"es\"},{\"@type\":\"Organization\",\"@id\":\"https:\/\/infoecos.com.ar\/#organization\",\"name\":\"Infoecos\",\"alternateName\":\"Noticias\",\"url\":\"https:\/\/infoecos.com.ar\/\",\"logo\":{\"@type\":\"ImageObject\",\"inLanguage\":\"es\",\"@id\":\"https:\/\/infoecos.com.ar\/#\/schema\/logo\/image\/\",\"url\":\"https:\/\/infoecos.com.ar\/wp-content\/uploads\/2024\/03\/cropped-logo.png\",\"contentUrl\":\"https:\/\/infoecos.com.ar\/wp-content\/uploads\/2024\/03\/cropped-logo.png\",\"width\":374,\"height\":90,\"caption\":\"Infoecos\"},\"image\":{\"@id\":\"https:\/\/infoecos.com.ar\/#\/schema\/logo\/image\/\"},\"sameAs\":[\"https:\/\/www.facebook.com\/profile.php?id=100063200290284\",\"https:\/\/x.com\/infoecos\"]},{\"@type\":\"Person\",\"@id\":\"https:\/\/infoecos.com.ar\/#\/schema\/person\/8f5ace5ce73b4b4aac4b7245aee6f191\",\"name\":\"Jorge Matheus\",\"url\":\"https:\/\/infoecos.com.ar\/index.php\/author\/jomatheus\/\"}]}<\/script>\n<!-- \/ Yoast SEO plugin. -->","yoast_head_json":{"title":"Denominaron \"Malvinas Argentinas\" al Jard\u00edn de Infantes n\u00famero 918 de General Villegas - Infoecos","robots":{"index":"index","follow":"follow","max-snippet":"max-snippet:-1","max-image-preview":"max-image-preview:large","max-video-preview":"max-video-preview:-1"},"canonical":"https:\/\/infoecos.com.ar\/index.php\/denominaron-malvinas-argentinas-al-jardin-de-infantes-numero-918-de-general-villegas\/","og_locale":"es_ES","og_type":"article","og_title":"Denominaron \"Malvinas Argentinas\" al Jard\u00edn de Infantes n\u00famero 918 de General Villegas - Infoecos","og_description":"El Jard\u00edn de Infantes N\u00b0 918 de General Villegas se denomina desde este mi\u00e9rcoles \u201cMalvinas...","og_url":"https:\/\/infoecos.com.ar\/index.php\/denominaron-malvinas-argentinas-al-jardin-de-infantes-numero-918-de-general-villegas\/","og_site_name":"Infoecos","article_publisher":"https:\/\/www.facebook.com\/profile.php?id=100063200290284","article_published_time":"2026-04-29T21:52:37+00:00","article_modified_time":"2026-04-29T21:52:38+00:00","og_image":[{"width":1600,"height":900,"url":"https:\/\/infoecos.com.ar\/wp-content\/uploads\/2026\/04\/WhatsApp-Image-2026-04-29-at-11.35.55.jpeg","type":"image\/jpeg"}],"author":"Jorge Matheus","twitter_card":"summary_large_image","twitter_creator":"@infoecos","twitter_site":"@infoecos","twitter_misc":{"Escrito por":"Jorge Matheus","Tiempo de lectura":"3 minutos"},"schema":{"@context":"https:\/\/schema.org","@graph":[{"@type":"Article","@id":"https:\/\/infoecos.com.ar\/index.php\/denominaron-malvinas-argentinas-al-jardin-de-infantes-numero-918-de-general-villegas\/#article","isPartOf":{"@id":"https:\/\/infoecos.com.ar\/index.php\/denominaron-malvinas-argentinas-al-jardin-de-infantes-numero-918-de-general-villegas\/"},"author":{"name":"Jorge Matheus","@id":"https:\/\/infoecos.com.ar\/#\/schema\/person\/8f5ace5ce73b4b4aac4b7245aee6f191"},"headline":"Denominaron \u00abMalvinas Argentinas\u00bb al Jard\u00edn de Infantes n\u00famero 918 de General Villegas","datePublished":"2026-04-29T21:52:37+00:00","dateModified":"2026-04-29T21:52:38+00:00","mainEntityOfPage":{"@id":"https:\/\/infoecos.com.ar\/index.php\/denominaron-malvinas-argentinas-al-jardin-de-infantes-numero-918-de-general-villegas\/"},"wordCount":203,"publisher":{"@id":"https:\/\/infoecos.com.ar\/#organization"},"image":{"@id":"https:\/\/infoecos.com.ar\/index.php\/denominaron-malvinas-argentinas-al-jardin-de-infantes-numero-918-de-general-villegas\/#primaryimage"},"thumbnailUrl":"https:\/\/infoecos.com.ar\/wp-content\/uploads\/2026\/04\/WhatsApp-Image-2026-04-29-at-11.35.55.jpeg","keywords":["DEPORTE","SALUD"],"articleSection":["Noticia Principal"],"inLanguage":"es"},{"@type":"WebPage","@id":"https:\/\/infoecos.com.ar\/index.php\/denominaron-malvinas-argentinas-al-jardin-de-infantes-numero-918-de-general-villegas\/","url":"https:\/\/infoecos.com.ar\/index.php\/denominaron-malvinas-argentinas-al-jardin-de-infantes-numero-918-de-general-villegas\/","name":"Denominaron \"Malvinas Argentinas\" al Jard\u00edn de Infantes n\u00famero 918 de General Villegas - Infoecos","isPartOf":{"@id":"https:\/\/infoecos.com.ar\/#website"},"primaryImageOfPage":{"@id":"https:\/\/infoecos.com.ar\/index.php\/denominaron-malvinas-argentinas-al-jardin-de-infantes-numero-918-de-general-villegas\/#primaryimage"},"image":{"@id":"https:\/\/infoecos.com.ar\/index.php\/denominaron-malvinas-argentinas-al-jardin-de-infantes-numero-918-de-general-villegas\/#primaryimage"},"thumbnailUrl":"https:\/\/infoecos.com.ar\/wp-content\/uploads\/2026\/04\/WhatsApp-Image-2026-04-29-at-11.35.55.jpeg","datePublished":"2026-04-29T21:52:37+00:00","dateModified":"2026-04-29T21:52:38+00:00","breadcrumb":{"@id":"https:\/\/infoecos.com.ar\/index.php\/denominaron-malvinas-argentinas-al-jardin-de-infantes-numero-918-de-general-villegas\/#breadcrumb"},"inLanguage":"es","potentialAction":[{"@type":"ReadAction","target":["https:\/\/infoecos.com.ar\/index.php\/denominaron-malvinas-argentinas-al-jardin-de-infantes-numero-918-de-general-villegas\/"]}]},{"@type":"ImageObject","inLanguage":"es","@id":"https:\/\/infoecos.com.ar\/index.php\/denominaron-malvinas-argentinas-al-jardin-de-infantes-numero-918-de-general-villegas\/#primaryimage","url":"https:\/\/infoecos.com.ar\/wp-content\/uploads\/2026\/04\/WhatsApp-Image-2026-04-29-at-11.35.55.jpeg","contentUrl":"https:\/\/infoecos.com.ar\/wp-content\/uploads\/2026\/04\/WhatsApp-Image-2026-04-29-at-11.35.55.jpeg","width":1600,"height":900},{"@type":"BreadcrumbList","@id":"https:\/\/infoecos.com.ar\/index.php\/denominaron-malvinas-argentinas-al-jardin-de-infantes-numero-918-de-general-villegas\/#breadcrumb","itemListElement":[{"@type":"ListItem","position":1,"name":"Portada","item":"https:\/\/infoecos.com.ar\/"},{"@type":"ListItem","position":2,"name":"Denominaron \u00abMalvinas Argentinas\u00bb al Jard\u00edn de Infantes n\u00famero 918 de General Villegas"}]},{"@type":"WebSite","@id":"https:\/\/infoecos.com.ar\/#website","url":"https:\/\/infoecos.com.ar\/","name":"Infoecos","description":"Noticias de trenque lauquen y la zona","publisher":{"@id":"https:\/\/infoecos.com.ar\/#organization"},"alternateName":"Noticias","potentialAction":[{"@type":"SearchAction","target":{"@type":"EntryPoint","urlTemplate":"https:\/\/infoecos.com.ar\/?s={search_term_string}"},"query-input":{"@type":"PropertyValueSpecification","valueRequired":true,"valueName":"search_term_string"}}],"inLanguage":"es"},{"@type":"Organization","@id":"https:\/\/infoecos.com.ar\/#organization","name":"Infoecos","alternateName":"Noticias","url":"https:\/\/infoecos.com.ar\/","logo":{"@type":"ImageObject","inLanguage":"es","@id":"https:\/\/infoecos.com.ar\/#\/schema\/logo\/image\/","url":"https:\/\/infoecos.com.ar\/wp-content\/uploads\/2024\/03\/cropped-logo.png","contentUrl":"https:\/\/infoecos.com.ar\/wp-content\/uploads\/2024\/03\/cropped-logo.png","width":374,"height":90,"caption":"Infoecos"},"image":{"@id":"https:\/\/infoecos.com.ar\/#\/schema\/logo\/image\/"},"sameAs":["https:\/\/www.facebook.com\/profile.php?id=100063200290284","https:\/\/x.com\/infoecos"]},{"@type":"Person","@id":"https:\/\/infoecos.com.ar\/#\/schema\/person\/8f5ace5ce73b4b4aac4b7245aee6f191","name":"Jorge Matheus","url":"https:\/\/infoecos.com.ar\/index.php\/author\/jomatheus\/"}]}},"featured_image_urls":{"full":["https:\/\/infoecos.com.ar\/wp-content\/uploads\/2026\/04\/WhatsApp-Image-2026-04-29-at-11.35.55.jpeg",1600,900,false],"thumbnail":["https:\/\/infoecos.com.ar\/wp-content\/uploads\/2026\/04\/WhatsApp-Image-2026-04-29-at-11.35.55-300x150.jpeg",300,150,true],"medium":["https:\/\/infoecos.com.ar\/wp-content\/uploads\/2026\/04\/WhatsApp-Image-2026-04-29-at-11.35.55-800x450.jpeg",800,450,true],"medium_large":["https:\/\/infoecos.com.ar\/wp-content\/uploads\/2026\/04\/WhatsApp-Image-2026-04-29-at-11.35.55-768x432.jpeg",640,360,true],"large":["https:\/\/infoecos.com.ar\/wp-content\/uploads\/2026\/04\/WhatsApp-Image-2026-04-29-at-11.35.55.jpeg",640,360,false],"1536x1536":["https:\/\/infoecos.com.ar\/wp-content\/uploads\/2026\/04\/WhatsApp-Image-2026-04-29-at-11.35.55-1536x864.jpeg",1536,864,true],"2048x2048":["https:\/\/infoecos.com.ar\/wp-content\/uploads\/2026\/04\/WhatsApp-Image-2026-04-29-at-11.35.55.jpeg",1600,900,false],"covernews-slider-full":["https:\/\/infoecos.com.ar\/wp-content\/uploads\/2026\/04\/WhatsApp-Image-2026-04-29-at-11.35.55-1115x715.jpeg",1115,715,true],"covernews-slider-center":["https:\/\/infoecos.com.ar\/wp-content\/uploads\/2026\/04\/WhatsApp-Image-2026-04-29-at-11.35.55-800x500.jpeg",800,500,true],"covernews-featured":["https:\/\/infoecos.com.ar\/wp-content\/uploads\/2026\/04\/WhatsApp-Image-2026-04-29-at-11.35.55-1024x576.jpeg",1024,576,true],"covernews-medium":["https:\/\/infoecos.com.ar\/wp-content\/uploads\/2026\/04\/WhatsApp-Image-2026-04-29-at-11.35.55-540x340.jpeg",540,340,true],"covernews-medium-square":["https:\/\/infoecos.com.ar\/wp-content\/uploads\/2026\/04\/WhatsApp-Image-2026-04-29-at-11.35.55-400x250.jpeg",400,250,true]},"author_info":{"info":["Jorge Matheus"]},"category_info":"<a href=\"https:\/\/infoecos.com.ar\/index.php\/category\/noticia-principal\/\" rel=\"category tag\">Noticia Principal<\/a>","tag_info":"Noticia Principal","comment_count":"0","_links":{"self":[{"href":"https:\/\/infoecos.com.ar\/index.php\/wp-json\/wp\/v2\/posts\/157558"}],"collection":[{"href":"https:\/\/infoecos.com.ar\/index.php\/wp-json\/wp\/v2\/posts"}],"about":[{"href":"https:\/\/infoecos.com.ar\/index.php\/wp-json\/wp\/v2\/types\/post"}],"author":[{"embeddable":true,"href":"https:\/\/infoecos.com.ar\/index.php\/wp-json\/wp\/v2\/users\/2"}],"replies":[{"embeddable":true,"href":"https:\/\/infoecos.com.ar\/index.php\/wp-json\/wp\/v2\/comments?post=157558"}],"version-history":[{"count":1,"href":"https:\/\/infoecos.com.ar\/index.php\/wp-json\/wp\/v2\/posts\/157558\/revisions"}],"predecessor-version":[{"id":157567,"href":"https:\/\/infoecos.com.ar\/index.php\/wp-json\/wp\/v2\/posts\/157558\/revisions\/157567"}],"wp:featuredmedia":[{"embeddable":true,"href":"https:\/\/infoecos.com.ar\/index.php\/wp-json\/wp\/v2\/media\/157562"}],"wp:attachment":[{"href":"https:\/\/infoecos.com.ar\/index.php\/wp-json\/wp\/v2\/media?parent=157558"}],"wp:term":[{"taxonomy":"category","embeddable":true,"href":"https:\/\/infoecos.com.ar\/index.php\/wp-json\/wp\/v2\/categories?post=157558"},{"taxonomy":"post_tag","embeddable":true,"href":"https:\/\/infoecos.com.ar\/index.php\/wp-json\/wp\/v2\/tags?post=157558"}],"curies":[{"name":"wp","href":"https:\/\/api.w.org\/{rel}","templated":true}]}}