{"id":157568,"date":"2026-04-29T19:03:41","date_gmt":"2026-04-29T22:03:41","guid":{"rendered":"https:\/\/infoecos.com.ar\/?p=157568"},"modified":"2026-04-29T20:46:31","modified_gmt":"2026-04-29T23:46:31","slug":"jueves-viernes-y-domingo-restriccion-para-el-transito-pesado-autovia-2-rutas-provinciales-no11-36-56-63-74-y-autopista-buenos-aires-la-plata","status":"publish","type":"post","link":"https:\/\/infoecos.com.ar\/index.php\/jueves-viernes-y-domingo-restriccion-para-el-transito-pesado-autovia-2-rutas-provinciales-no11-36-56-63-74-y-autopista-buenos-aires-la-plata\/","title":{"rendered":"Jueves, viernes y domingo restricci\u00f3n para el tr\u00e1nsito pesado Autov\u00eda 2, Rutas Provinciales N\u00ba11, 36, 56, 63, 74, y Autopista Buenos Aires\u2013La Plata"},"content":{"rendered":"\n<p>La Direcci\u00f3n de Vialidad de la Provincia de Buenos Aires, dependiente del Ministerio de Infraestructura y Servicios P\u00fablicos, comunica que, debido al Feriado por el D\u00eda del Trabajador, los d\u00edas jueves 30 de abril, viernes 1 de mayo y domingo 3 de mayo del 2026, se restringir\u00e1 la circulaci\u00f3n de camiones con carga de m\u00e1s de 7 (siete) toneladas de porte bruto en la Autov\u00eda 2, las Rutas Provinciales N\u00ba11, N\u00ba36, N\u00ba56, N\u00ba63, N\u00ba74, y la Autopista Buenos Aires\u2013La Plata, con el objetivo de facilitar el desplazamiento vehicular y prevenir siniestros de tr\u00e1nsito en rutas tur\u00edsticas.<\/p>\n\n\n\n<p><strong>Sentido a Costa Atl\u00e1ntica<br><\/strong>Jueves 30 de abril de 18:00 a 23:59 hs<br>Viernes 1 de mayo de 06:00 a 14:00 hs<\/p>\n\n\n\n<p><strong>Sentido a CABA<br><\/strong>Domingo 3 de mayo de 14:00 a 23:59 hs<\/p>\n\n\n\n<p>Autopista Buenos Aires \u2013 La Plata<br>Desde Ciudad Aut\u00f3noma de Buenos Aires hasta la ciudad de La Plata.<br>Ruta Provincial N \u00ba 2 (AUTOV\u00cdA 2)<br>Desde km 40,5 del Ramal Buenos Aires \u2013 Mar del Plata de la Autopista Buenos Aires \u2013 La Plata hasta el Km. 400 (Camet).<\/p>\n\n\n\n<p>Ruta Provincial N\u00ba11<br>Desde intersecci\u00f3n con RP N\u00ba 36 (Pipinas) hasta el Km. 537 (Chapadmalal)<br>Ruta Provincial N\u00ba36<\/p>\n\n\n\n<p>Desde Rotonda RP N \u00ba 10 (Prolongaci\u00f3n Av. 66 &#8211; La Plata) hasta la intersecci\u00f3n con RP N \u00ba 11 (Pipinas)<\/p>\n\n\n\n<p>Ruta Provincial N\u00ba56<\/p>\n\n\n\n<p>Desde su intersecci\u00f3n con la RP N \u00ba 11 (Gral. Conesa) hasta su intersecci\u00f3n con la RP N\u00ba 74 (Gral. Madariaga).<\/p>\n\n\n\n<p>Ruta Provincial N\u00ba63<\/p>\n\n\n\n<p>Desde Distribuidor de Transito con RP N \u00ba 2 (Dolores) hasta Intersecci\u00f3n con RP N \u00ba 11 (Esquina de Crotto).<\/p>\n\n\n\n<p>Ruta Provincial N\u00ba74<\/p>\n\n\n\n<p>Desde su intersecci\u00f3n con la RP N \u00ba 56 (Maip\u00fa) hasta su intersecci\u00f3n con la RP N \u00ba 11 (Pinamar).<\/p>\n\n\n\n<p>Exceptuar de toda restricci\u00f3n para circular, temporaria o permanente, a los veh\u00edculos de autotransporte de cargas menores a SIETE (7) toneladas de porte bruto y a los veh\u00edculos que a continuaci\u00f3n se detallan:<\/p>\n\n\n\n<p>a) De transporte de leche cruda, sus productos derivados, y envases asociados.<\/p>\n\n\n\n<p>b) De transporte de animales vivos.<\/p>\n\n\n\n<p>c) De transporte de pescado y mariscos congelados.<\/p>\n\n\n\n<p>d) De transporte de productos frutihort\u00edcolas en tr\u00e1nsito.<\/p>\n\n\n\n<p>e) De transporte exclusivo de prensa y de unidades m\u00f3viles de medios de comunicaci\u00f3n audiovisual.<\/p>\n\n\n\n<p>f) De atenci\u00f3n de emergencias.<\/p>\n\n\n\n<p>g) De gr\u00faas\/asistencia a veh\u00edculos averiados o accidentados, en el lugar del suceso o para su traslado al punto m\u00e1s pr\u00f3ximo a aquel donde pueda quedar depositado, y en regreso en vac\u00edo.<\/p>\n\n\n\n<p>h) De transporte de combustible, de gas natural comprimido y gas licuado de petr\u00f3leo.<\/p>\n\n\n\n<p>i) De transporte de gases necesarios para el funcionamiento de centros sanitarios, as\u00ed como de gases transportados a particulares para asistencias sanitarias domiciliaria, en ambos casos, cuando se acredite que se transportan a dichos destinos.<\/p>\n\n\n\n<p>j) De transporte de medicinas.<\/p>\n\n\n\n<p>k) De transporte de dep\u00f3sitos final de residuos s\u00f3lidos urbanos y\/o patog\u00e9nicos.<\/p>\n\n\n\n<p>l) De transporte que deba circular en cumplimiento directo e inmediato de una orden judicial.<\/p>\n\n\n\n<p>m) &nbsp;De transporte de sebo, hueso y cueros.<\/p>\n\n\n\n<p>n) &nbsp;Cuando se oponga a disposiciones que en id\u00e9ntico sentido dicte la Secretar\u00eda de Gesti\u00f3n del Transporte de la Naci\u00f3n, y\/o la Comisi\u00f3n Nacional del Tr\u00e1nsito y la Seguridad Vial, y\/o la Agencia Nacional de seguridad Vial, sobre una misma v\u00eda, d\u00eda y horario.<\/p>\n\n\n\n<figure class=\"wp-block-video\"><video controls src=\"https:\/\/infoecos.com.ar\/wp-content\/uploads\/2026\/04\/LA-POSTA-AUTOMOTORES.mp4\"><\/video><\/figure>\n","protected":false},"excerpt":{"rendered":"<p>La Direcci\u00f3n de Vialidad de la Provincia de Buenos Aires, dependiente del Ministerio de Infraestructura&#8230;<\/p>\n","protected":false},"author":2,"featured_media":157570,"comment_status":"closed","ping_status":"open","sticky":false,"template":"","format":"standard","meta":{"footnotes":""},"categories":[1613],"tags":[1750,156],"class_list":["post-157568","post","type-post","status-publish","format-standard","has-post-thumbnail","hentry","category-noticia-secundaria","tag-deporte","tag-salud"],"yoast_head":"<!-- This site is optimized with the Yoast SEO plugin v23.4 - https:\/\/yoast.com\/wordpress\/plugins\/seo\/ -->\n<title>Jueves, viernes y domingo restricci\u00f3n para el tr\u00e1nsito pesado Autov\u00eda 2, Rutas Provinciales N\u00ba11, 36, 56, 63, 74, y Autopista Buenos Aires\u2013La Plata - Infoecos<\/title>\n<meta name=\"robots\" content=\"index, follow, max-snippet:-1, max-image-preview:large, max-video-preview:-1\" \/>\n<link rel=\"canonical\" href=\"https:\/\/infoecos.com.ar\/index.php\/jueves-viernes-y-domingo-restriccion-para-el-transito-pesado-autovia-2-rutas-provinciales-no11-36-56-63-74-y-autopista-buenos-aires-la-plata\/\" \/>\n<meta property=\"og:locale\" content=\"es_ES\" \/>\n<meta property=\"og:type\" content=\"article\" \/>\n<meta property=\"og:title\" content=\"Jueves, viernes y domingo restricci\u00f3n para el tr\u00e1nsito pesado Autov\u00eda 2, Rutas Provinciales N\u00ba11, 36, 56, 63, 74, y Autopista Buenos Aires\u2013La Plata - Infoecos\" \/>\n<meta property=\"og:description\" content=\"La Direcci\u00f3n de Vialidad de la Provincia de Buenos Aires, dependiente del Ministerio de Infraestructura...\" \/>\n<meta property=\"og:url\" content=\"https:\/\/infoecos.com.ar\/index.php\/jueves-viernes-y-domingo-restriccion-para-el-transito-pesado-autovia-2-rutas-provinciales-no11-36-56-63-74-y-autopista-buenos-aires-la-plata\/\" \/>\n<meta property=\"og:site_name\" content=\"Infoecos\" \/>\n<meta property=\"article:publisher\" content=\"https:\/\/www.facebook.com\/profile.php?id=100063200290284\" \/>\n<meta property=\"article:published_time\" content=\"2026-04-29T22:03:41+00:00\" \/>\n<meta property=\"article:modified_time\" content=\"2026-04-29T23:46:31+00:00\" \/>\n<meta property=\"og:image\" content=\"https:\/\/infoecos.com.ar\/wp-content\/uploads\/2026\/04\/TRANSITO-RUTAS-DIA-DEL-TRABAJADOR.jpeg\" \/>\n\t<meta property=\"og:image:width\" content=\"1600\" \/>\n\t<meta property=\"og:image:height\" content=\"1066\" \/>\n\t<meta property=\"og:image:type\" content=\"image\/jpeg\" \/>\n<meta name=\"author\" content=\"Jorge Matheus\" \/>\n<meta name=\"twitter:card\" content=\"summary_large_image\" \/>\n<meta name=\"twitter:creator\" content=\"@infoecos\" \/>\n<meta name=\"twitter:site\" content=\"@infoecos\" \/>\n<meta name=\"twitter:label1\" content=\"Escrito por\" \/>\n\t<meta name=\"twitter:data1\" content=\"Jorge Matheus\" \/>\n\t<meta name=\"twitter:label2\" content=\"Tiempo de lectura\" \/>\n\t<meta name=\"twitter:data2\" content=\"3 minutos\" \/>\n<script type=\"application\/ld+json\" class=\"yoast-schema-graph\">{\"@context\":\"https:\/\/schema.org\",\"@graph\":[{\"@type\":\"Article\",\"@id\":\"https:\/\/infoecos.com.ar\/index.php\/jueves-viernes-y-domingo-restriccion-para-el-transito-pesado-autovia-2-rutas-provinciales-no11-36-56-63-74-y-autopista-buenos-aires-la-plata\/#article\",\"isPartOf\":{\"@id\":\"https:\/\/infoecos.com.ar\/index.php\/jueves-viernes-y-domingo-restriccion-para-el-transito-pesado-autovia-2-rutas-provinciales-no11-36-56-63-74-y-autopista-buenos-aires-la-plata\/\"},\"author\":{\"name\":\"Jorge Matheus\",\"@id\":\"https:\/\/infoecos.com.ar\/#\/schema\/person\/8f5ace5ce73b4b4aac4b7245aee6f191\"},\"headline\":\"Jueves, viernes y domingo restricci\u00f3n para el tr\u00e1nsito pesado Autov\u00eda 2, Rutas Provinciales N\u00ba11, 36, 56, 63, 74, y Autopista Buenos Aires\u2013La Plata\",\"datePublished\":\"2026-04-29T22:03:41+00:00\",\"dateModified\":\"2026-04-29T23:46:31+00:00\",\"mainEntityOfPage\":{\"@id\":\"https:\/\/infoecos.com.ar\/index.php\/jueves-viernes-y-domingo-restriccion-para-el-transito-pesado-autovia-2-rutas-provinciales-no11-36-56-63-74-y-autopista-buenos-aires-la-plata\/\"},\"wordCount\":571,\"publisher\":{\"@id\":\"https:\/\/infoecos.com.ar\/#organization\"},\"image\":{\"@id\":\"https:\/\/infoecos.com.ar\/index.php\/jueves-viernes-y-domingo-restriccion-para-el-transito-pesado-autovia-2-rutas-provinciales-no11-36-56-63-74-y-autopista-buenos-aires-la-plata\/#primaryimage\"},\"thumbnailUrl\":\"https:\/\/infoecos.com.ar\/wp-content\/uploads\/2026\/04\/TRANSITO-RUTAS-DIA-DEL-TRABAJADOR.jpeg\",\"keywords\":[\"DEPORTE\",\"SALUD\"],\"articleSection\":[\"Noticia Secundaria\"],\"inLanguage\":\"es\"},{\"@type\":\"WebPage\",\"@id\":\"https:\/\/infoecos.com.ar\/index.php\/jueves-viernes-y-domingo-restriccion-para-el-transito-pesado-autovia-2-rutas-provinciales-no11-36-56-63-74-y-autopista-buenos-aires-la-plata\/\",\"url\":\"https:\/\/infoecos.com.ar\/index.php\/jueves-viernes-y-domingo-restriccion-para-el-transito-pesado-autovia-2-rutas-provinciales-no11-36-56-63-74-y-autopista-buenos-aires-la-plata\/\",\"name\":\"Jueves, viernes y domingo restricci\u00f3n para el tr\u00e1nsito pesado Autov\u00eda 2, Rutas Provinciales N\u00ba11, 36, 56, 63, 74, y Autopista Buenos Aires\u2013La Plata - Infoecos\",\"isPartOf\":{\"@id\":\"https:\/\/infoecos.com.ar\/#website\"},\"primaryImageOfPage\":{\"@id\":\"https:\/\/infoecos.com.ar\/index.php\/jueves-viernes-y-domingo-restriccion-para-el-transito-pesado-autovia-2-rutas-provinciales-no11-36-56-63-74-y-autopista-buenos-aires-la-plata\/#primaryimage\"},\"image\":{\"@id\":\"https:\/\/infoecos.com.ar\/index.php\/jueves-viernes-y-domingo-restriccion-para-el-transito-pesado-autovia-2-rutas-provinciales-no11-36-56-63-74-y-autopista-buenos-aires-la-plata\/#primaryimage\"},\"thumbnailUrl\":\"https:\/\/infoecos.com.ar\/wp-content\/uploads\/2026\/04\/TRANSITO-RUTAS-DIA-DEL-TRABAJADOR.jpeg\",\"datePublished\":\"2026-04-29T22:03:41+00:00\",\"dateModified\":\"2026-04-29T23:46:31+00:00\",\"breadcrumb\":{\"@id\":\"https:\/\/infoecos.com.ar\/index.php\/jueves-viernes-y-domingo-restriccion-para-el-transito-pesado-autovia-2-rutas-provinciales-no11-36-56-63-74-y-autopista-buenos-aires-la-plata\/#breadcrumb\"},\"inLanguage\":\"es\",\"potentialAction\":[{\"@type\":\"ReadAction\",\"target\":[\"https:\/\/infoecos.com.ar\/index.php\/jueves-viernes-y-domingo-restriccion-para-el-transito-pesado-autovia-2-rutas-provinciales-no11-36-56-63-74-y-autopista-buenos-aires-la-plata\/\"]}]},{\"@type\":\"ImageObject\",\"inLanguage\":\"es\",\"@id\":\"https:\/\/infoecos.com.ar\/index.php\/jueves-viernes-y-domingo-restriccion-para-el-transito-pesado-autovia-2-rutas-provinciales-no11-36-56-63-74-y-autopista-buenos-aires-la-plata\/#primaryimage\",\"url\":\"https:\/\/infoecos.com.ar\/wp-content\/uploads\/2026\/04\/TRANSITO-RUTAS-DIA-DEL-TRABAJADOR.jpeg\",\"contentUrl\":\"https:\/\/infoecos.com.ar\/wp-content\/uploads\/2026\/04\/TRANSITO-RUTAS-DIA-DEL-TRABAJADOR.jpeg\",\"width\":1600,\"height\":1066},{\"@type\":\"BreadcrumbList\",\"@id\":\"https:\/\/infoecos.com.ar\/index.php\/jueves-viernes-y-domingo-restriccion-para-el-transito-pesado-autovia-2-rutas-provinciales-no11-36-56-63-74-y-autopista-buenos-aires-la-plata\/#breadcrumb\",\"itemListElement\":[{\"@type\":\"ListItem\",\"position\":1,\"name\":\"Portada\",\"item\":\"https:\/\/infoecos.com.ar\/\"},{\"@type\":\"ListItem\",\"position\":2,\"name\":\"Jueves, viernes y domingo restricci\u00f3n para el tr\u00e1nsito pesado Autov\u00eda 2, Rutas Provinciales N\u00ba11, 36, 56, 63, 74, y Autopista Buenos Aires\u2013La Plata\"}]},{\"@type\":\"WebSite\",\"@id\":\"https:\/\/infoecos.com.ar\/#website\",\"url\":\"https:\/\/infoecos.com.ar\/\",\"name\":\"Infoecos\",\"description\":\"Noticias de trenque lauquen y la zona\",\"publisher\":{\"@id\":\"https:\/\/infoecos.com.ar\/#organization\"},\"alternateName\":\"Noticias\",\"potentialAction\":[{\"@type\":\"SearchAction\",\"target\":{\"@type\":\"EntryPoint\",\"urlTemplate\":\"https:\/\/infoecos.com.ar\/?s={search_term_string}\"},\"query-input\":{\"@type\":\"PropertyValueSpecification\",\"valueRequired\":true,\"valueName\":\"search_term_string\"}}],\"inLanguage\":\"es\"},{\"@type\":\"Organization\",\"@id\":\"https:\/\/infoecos.com.ar\/#organization\",\"name\":\"Infoecos\",\"alternateName\":\"Noticias\",\"url\":\"https:\/\/infoecos.com.ar\/\",\"logo\":{\"@type\":\"ImageObject\",\"inLanguage\":\"es\",\"@id\":\"https:\/\/infoecos.com.ar\/#\/schema\/logo\/image\/\",\"url\":\"https:\/\/infoecos.com.ar\/wp-content\/uploads\/2024\/03\/cropped-logo.png\",\"contentUrl\":\"https:\/\/infoecos.com.ar\/wp-content\/uploads\/2024\/03\/cropped-logo.png\",\"width\":374,\"height\":90,\"caption\":\"Infoecos\"},\"image\":{\"@id\":\"https:\/\/infoecos.com.ar\/#\/schema\/logo\/image\/\"},\"sameAs\":[\"https:\/\/www.facebook.com\/profile.php?id=100063200290284\",\"https:\/\/x.com\/infoecos\"]},{\"@type\":\"Person\",\"@id\":\"https:\/\/infoecos.com.ar\/#\/schema\/person\/8f5ace5ce73b4b4aac4b7245aee6f191\",\"name\":\"Jorge Matheus\",\"url\":\"https:\/\/infoecos.com.ar\/index.php\/author\/jomatheus\/\"}]}<\/script>\n<!-- \/ Yoast SEO plugin. -->","yoast_head_json":{"title":"Jueves, viernes y domingo restricci\u00f3n para el tr\u00e1nsito pesado Autov\u00eda 2, Rutas Provinciales N\u00ba11, 36, 56, 63, 74, y Autopista Buenos Aires\u2013La Plata - Infoecos","robots":{"index":"index","follow":"follow","max-snippet":"max-snippet:-1","max-image-preview":"max-image-preview:large","max-video-preview":"max-video-preview:-1"},"canonical":"https:\/\/infoecos.com.ar\/index.php\/jueves-viernes-y-domingo-restriccion-para-el-transito-pesado-autovia-2-rutas-provinciales-no11-36-56-63-74-y-autopista-buenos-aires-la-plata\/","og_locale":"es_ES","og_type":"article","og_title":"Jueves, viernes y domingo restricci\u00f3n para el tr\u00e1nsito pesado Autov\u00eda 2, Rutas Provinciales N\u00ba11, 36, 56, 63, 74, y Autopista Buenos Aires\u2013La Plata - Infoecos","og_description":"La Direcci\u00f3n de Vialidad de la Provincia de Buenos Aires, dependiente del Ministerio de Infraestructura...","og_url":"https:\/\/infoecos.com.ar\/index.php\/jueves-viernes-y-domingo-restriccion-para-el-transito-pesado-autovia-2-rutas-provinciales-no11-36-56-63-74-y-autopista-buenos-aires-la-plata\/","og_site_name":"Infoecos","article_publisher":"https:\/\/www.facebook.com\/profile.php?id=100063200290284","article_published_time":"2026-04-29T22:03:41+00:00","article_modified_time":"2026-04-29T23:46:31+00:00","og_image":[{"width":1600,"height":1066,"url":"https:\/\/infoecos.com.ar\/wp-content\/uploads\/2026\/04\/TRANSITO-RUTAS-DIA-DEL-TRABAJADOR.jpeg","type":"image\/jpeg"}],"author":"Jorge Matheus","twitter_card":"summary_large_image","twitter_creator":"@infoecos","twitter_site":"@infoecos","twitter_misc":{"Escrito por":"Jorge Matheus","Tiempo de lectura":"3 minutos"},"schema":{"@context":"https:\/\/schema.org","@graph":[{"@type":"Article","@id":"https:\/\/infoecos.com.ar\/index.php\/jueves-viernes-y-domingo-restriccion-para-el-transito-pesado-autovia-2-rutas-provinciales-no11-36-56-63-74-y-autopista-buenos-aires-la-plata\/#article","isPartOf":{"@id":"https:\/\/infoecos.com.ar\/index.php\/jueves-viernes-y-domingo-restriccion-para-el-transito-pesado-autovia-2-rutas-provinciales-no11-36-56-63-74-y-autopista-buenos-aires-la-plata\/"},"author":{"name":"Jorge Matheus","@id":"https:\/\/infoecos.com.ar\/#\/schema\/person\/8f5ace5ce73b4b4aac4b7245aee6f191"},"headline":"Jueves, viernes y domingo restricci\u00f3n para el tr\u00e1nsito pesado Autov\u00eda 2, Rutas Provinciales N\u00ba11, 36, 56, 63, 74, y Autopista Buenos Aires\u2013La Plata","datePublished":"2026-04-29T22:03:41+00:00","dateModified":"2026-04-29T23:46:31+00:00","mainEntityOfPage":{"@id":"https:\/\/infoecos.com.ar\/index.php\/jueves-viernes-y-domingo-restriccion-para-el-transito-pesado-autovia-2-rutas-provinciales-no11-36-56-63-74-y-autopista-buenos-aires-la-plata\/"},"wordCount":571,"publisher":{"@id":"https:\/\/infoecos.com.ar\/#organization"},"image":{"@id":"https:\/\/infoecos.com.ar\/index.php\/jueves-viernes-y-domingo-restriccion-para-el-transito-pesado-autovia-2-rutas-provinciales-no11-36-56-63-74-y-autopista-buenos-aires-la-plata\/#primaryimage"},"thumbnailUrl":"https:\/\/infoecos.com.ar\/wp-content\/uploads\/2026\/04\/TRANSITO-RUTAS-DIA-DEL-TRABAJADOR.jpeg","keywords":["DEPORTE","SALUD"],"articleSection":["Noticia Secundaria"],"inLanguage":"es"},{"@type":"WebPage","@id":"https:\/\/infoecos.com.ar\/index.php\/jueves-viernes-y-domingo-restriccion-para-el-transito-pesado-autovia-2-rutas-provinciales-no11-36-56-63-74-y-autopista-buenos-aires-la-plata\/","url":"https:\/\/infoecos.com.ar\/index.php\/jueves-viernes-y-domingo-restriccion-para-el-transito-pesado-autovia-2-rutas-provinciales-no11-36-56-63-74-y-autopista-buenos-aires-la-plata\/","name":"Jueves, viernes y domingo restricci\u00f3n para el tr\u00e1nsito pesado Autov\u00eda 2, Rutas Provinciales N\u00ba11, 36, 56, 63, 74, y Autopista Buenos Aires\u2013La Plata - Infoecos","isPartOf":{"@id":"https:\/\/infoecos.com.ar\/#website"},"primaryImageOfPage":{"@id":"https:\/\/infoecos.com.ar\/index.php\/jueves-viernes-y-domingo-restriccion-para-el-transito-pesado-autovia-2-rutas-provinciales-no11-36-56-63-74-y-autopista-buenos-aires-la-plata\/#primaryimage"},"image":{"@id":"https:\/\/infoecos.com.ar\/index.php\/jueves-viernes-y-domingo-restriccion-para-el-transito-pesado-autovia-2-rutas-provinciales-no11-36-56-63-74-y-autopista-buenos-aires-la-plata\/#primaryimage"},"thumbnailUrl":"https:\/\/infoecos.com.ar\/wp-content\/uploads\/2026\/04\/TRANSITO-RUTAS-DIA-DEL-TRABAJADOR.jpeg","datePublished":"2026-04-29T22:03:41+00:00","dateModified":"2026-04-29T23:46:31+00:00","breadcrumb":{"@id":"https:\/\/infoecos.com.ar\/index.php\/jueves-viernes-y-domingo-restriccion-para-el-transito-pesado-autovia-2-rutas-provinciales-no11-36-56-63-74-y-autopista-buenos-aires-la-plata\/#breadcrumb"},"inLanguage":"es","potentialAction":[{"@type":"ReadAction","target":["https:\/\/infoecos.com.ar\/index.php\/jueves-viernes-y-domingo-restriccion-para-el-transito-pesado-autovia-2-rutas-provinciales-no11-36-56-63-74-y-autopista-buenos-aires-la-plata\/"]}]},{"@type":"ImageObject","inLanguage":"es","@id":"https:\/\/infoecos.com.ar\/index.php\/jueves-viernes-y-domingo-restriccion-para-el-transito-pesado-autovia-2-rutas-provinciales-no11-36-56-63-74-y-autopista-buenos-aires-la-plata\/#primaryimage","url":"https:\/\/infoecos.com.ar\/wp-content\/uploads\/2026\/04\/TRANSITO-RUTAS-DIA-DEL-TRABAJADOR.jpeg","contentUrl":"https:\/\/infoecos.com.ar\/wp-content\/uploads\/2026\/04\/TRANSITO-RUTAS-DIA-DEL-TRABAJADOR.jpeg","width":1600,"height":1066},{"@type":"BreadcrumbList","@id":"https:\/\/infoecos.com.ar\/index.php\/jueves-viernes-y-domingo-restriccion-para-el-transito-pesado-autovia-2-rutas-provinciales-no11-36-56-63-74-y-autopista-buenos-aires-la-plata\/#breadcrumb","itemListElement":[{"@type":"ListItem","position":1,"name":"Portada","item":"https:\/\/infoecos.com.ar\/"},{"@type":"ListItem","position":2,"name":"Jueves, viernes y domingo restricci\u00f3n para el tr\u00e1nsito pesado Autov\u00eda 2, Rutas Provinciales N\u00ba11, 36, 56, 63, 74, y Autopista Buenos Aires\u2013La Plata"}]},{"@type":"WebSite","@id":"https:\/\/infoecos.com.ar\/#website","url":"https:\/\/infoecos.com.ar\/","name":"Infoecos","description":"Noticias de trenque lauquen y la zona","publisher":{"@id":"https:\/\/infoecos.com.ar\/#organization"},"alternateName":"Noticias","potentialAction":[{"@type":"SearchAction","target":{"@type":"EntryPoint","urlTemplate":"https:\/\/infoecos.com.ar\/?s={search_term_string}"},"query-input":{"@type":"PropertyValueSpecification","valueRequired":true,"valueName":"search_term_string"}}],"inLanguage":"es"},{"@type":"Organization","@id":"https:\/\/infoecos.com.ar\/#organization","name":"Infoecos","alternateName":"Noticias","url":"https:\/\/infoecos.com.ar\/","logo":{"@type":"ImageObject","inLanguage":"es","@id":"https:\/\/infoecos.com.ar\/#\/schema\/logo\/image\/","url":"https:\/\/infoecos.com.ar\/wp-content\/uploads\/2024\/03\/cropped-logo.png","contentUrl":"https:\/\/infoecos.com.ar\/wp-content\/uploads\/2024\/03\/cropped-logo.png","width":374,"height":90,"caption":"Infoecos"},"image":{"@id":"https:\/\/infoecos.com.ar\/#\/schema\/logo\/image\/"},"sameAs":["https:\/\/www.facebook.com\/profile.php?id=100063200290284","https:\/\/x.com\/infoecos"]},{"@type":"Person","@id":"https:\/\/infoecos.com.ar\/#\/schema\/person\/8f5ace5ce73b4b4aac4b7245aee6f191","name":"Jorge Matheus","url":"https:\/\/infoecos.com.ar\/index.php\/author\/jomatheus\/"}]}},"featured_image_urls":{"full":["https:\/\/infoecos.com.ar\/wp-content\/uploads\/2026\/04\/TRANSITO-RUTAS-DIA-DEL-TRABAJADOR.jpeg",1600,1066,false],"thumbnail":["https:\/\/infoecos.com.ar\/wp-content\/uploads\/2026\/04\/TRANSITO-RUTAS-DIA-DEL-TRABAJADOR-300x150.jpeg",300,150,true],"medium":["https:\/\/infoecos.com.ar\/wp-content\/uploads\/2026\/04\/TRANSITO-RUTAS-DIA-DEL-TRABAJADOR-800x533.jpeg",800,533,true],"medium_large":["https:\/\/infoecos.com.ar\/wp-content\/uploads\/2026\/04\/TRANSITO-RUTAS-DIA-DEL-TRABAJADOR-768x512.jpeg",640,427,true],"large":["https:\/\/infoecos.com.ar\/wp-content\/uploads\/2026\/04\/TRANSITO-RUTAS-DIA-DEL-TRABAJADOR.jpeg",640,426,false],"1536x1536":["https:\/\/infoecos.com.ar\/wp-content\/uploads\/2026\/04\/TRANSITO-RUTAS-DIA-DEL-TRABAJADOR-1536x1023.jpeg",1536,1023,true],"2048x2048":["https:\/\/infoecos.com.ar\/wp-content\/uploads\/2026\/04\/TRANSITO-RUTAS-DIA-DEL-TRABAJADOR.jpeg",1600,1066,false],"covernews-slider-full":["https:\/\/infoecos.com.ar\/wp-content\/uploads\/2026\/04\/TRANSITO-RUTAS-DIA-DEL-TRABAJADOR-1115x715.jpeg",1115,715,true],"covernews-slider-center":["https:\/\/infoecos.com.ar\/wp-content\/uploads\/2026\/04\/TRANSITO-RUTAS-DIA-DEL-TRABAJADOR-800x500.jpeg",800,500,true],"covernews-featured":["https:\/\/infoecos.com.ar\/wp-content\/uploads\/2026\/04\/TRANSITO-RUTAS-DIA-DEL-TRABAJADOR-1024x682.jpeg",1024,682,true],"covernews-medium":["https:\/\/infoecos.com.ar\/wp-content\/uploads\/2026\/04\/TRANSITO-RUTAS-DIA-DEL-TRABAJADOR-540x340.jpeg",540,340,true],"covernews-medium-square":["https:\/\/infoecos.com.ar\/wp-content\/uploads\/2026\/04\/TRANSITO-RUTAS-DIA-DEL-TRABAJADOR-400x250.jpeg",400,250,true]},"author_info":{"info":["Jorge Matheus"]},"category_info":"<a href=\"https:\/\/infoecos.com.ar\/index.php\/category\/noticia-secundaria\/\" rel=\"category tag\">Noticia Secundaria<\/a>","tag_info":"Noticia Secundaria","comment_count":"0","_links":{"self":[{"href":"https:\/\/infoecos.com.ar\/index.php\/wp-json\/wp\/v2\/posts\/157568"}],"collection":[{"href":"https:\/\/infoecos.com.ar\/index.php\/wp-json\/wp\/v2\/posts"}],"about":[{"href":"https:\/\/infoecos.com.ar\/index.php\/wp-json\/wp\/v2\/types\/post"}],"author":[{"embeddable":true,"href":"https:\/\/infoecos.com.ar\/index.php\/wp-json\/wp\/v2\/users\/2"}],"replies":[{"embeddable":true,"href":"https:\/\/infoecos.com.ar\/index.php\/wp-json\/wp\/v2\/comments?post=157568"}],"version-history":[{"count":2,"href":"https:\/\/infoecos.com.ar\/index.php\/wp-json\/wp\/v2\/posts\/157568\/revisions"}],"predecessor-version":[{"id":157590,"href":"https:\/\/infoecos.com.ar\/index.php\/wp-json\/wp\/v2\/posts\/157568\/revisions\/157590"}],"wp:featuredmedia":[{"embeddable":true,"href":"https:\/\/infoecos.com.ar\/index.php\/wp-json\/wp\/v2\/media\/157570"}],"wp:attachment":[{"href":"https:\/\/infoecos.com.ar\/index.php\/wp-json\/wp\/v2\/media?parent=157568"}],"wp:term":[{"taxonomy":"category","embeddable":true,"href":"https:\/\/infoecos.com.ar\/index.php\/wp-json\/wp\/v2\/categories?post=157568"},{"taxonomy":"post_tag","embeddable":true,"href":"https:\/\/infoecos.com.ar\/index.php\/wp-json\/wp\/v2\/tags?post=157568"}],"curies":[{"name":"wp","href":"https:\/\/api.w.org\/{rel}","templated":true}]}}