{"id":157580,"date":"2026-04-29T19:48:59","date_gmt":"2026-04-29T22:48:59","guid":{"rendered":"https:\/\/infoecos.com.ar\/?p=157580"},"modified":"2026-04-29T19:49:00","modified_gmt":"2026-04-29T22:49:00","slug":"medidas-de-prevencion-publicadas-por-bomberos-voluntarios-frente-a-la-llegada-de-frias-temperaturas","status":"publish","type":"post","link":"https:\/\/infoecos.com.ar\/index.php\/medidas-de-prevencion-publicadas-por-bomberos-voluntarios-frente-a-la-llegada-de-frias-temperaturas\/","title":{"rendered":"Medidas de prevenci\u00f3n publicadas por Bomberos Voluntarios frente a la llegada de fr\u00edas temperaturas"},"content":{"rendered":"\n<p>Por el fr\u00edo los Bomberos Voluntarios de Trenque Lauquen <a href=\"https:\/\/www.facebook.com\/bomberoshoy?__cft__[0]=AZayQXbbmhaHDHp8n7l3yn01ia9E9S_3kclcJlMqQjwJCf_w_Chamn7JHvXtBltG-28MVOqUHgRJYAfCcA0gEw1BpgMlBIHoc4Xcifei8vletKOz1o8gfHqb697aDqWEgpPELO4uFqgyf7bQxG6YbAzs4ZFJ6ni_XKxn6q8xQiqII4sIdYulm0fOZEXwoeBTPjA&amp;__tn__=-UC%2CP-R\"><strong>Soy Bombero Voluntario de Trenque Lauquen<\/strong><\/a> dieron a conocer  en su cuenta de Facebook una serie de medidas para prevenir posibles incendios. <\/p>\n\n\n\n<figure class=\"wp-block-image alignright size-full is-resized\"><img loading=\"lazy\" decoding=\"async\" width=\"526\" height=\"526\" src=\"https:\/\/infoecos.com.ar\/wp-content\/uploads\/2026\/04\/image-272.png\" alt=\"\" class=\"wp-image-157581\" style=\"width:444px;height:auto\"\/><\/figure>\n\n\n\n<p>El texto publicado en la p\u00e1gina de la instituci\u00f3n. <\/p>\n\n\n\n<p>+ Con el comienzo de bajas temperaturas es habitual volver a encender los artefactos para calefacci\u00f3n, pero si los mismos no tuvieron un mantenimiento previo puede provocar un incendio.<\/p>\n\n\n\n<p>+ Estos se pueden evitar f\u00e1cilmente con prevenci\u00f3n.<\/p>\n\n\n\n<ul class=\"wp-block-list\">\n<li>Si tenes sistemas de calefacci\u00f3n como estufas hogar,salamandras o calefactores.<\/li>\n<\/ul>\n\n\n\n<ul class=\"wp-block-list\">\n<li>Te recomendamos que realices la limpieza de sus conductos de ventilaci\u00f3n, ya sean paredes de ladrillo o de ca\u00f1o.<\/li>\n<\/ul>\n\n\n\n<ul class=\"wp-block-list\">\n<li>En caso de no saber como realizarlo, contactate con una persona que se encargue de dicha tarea.<\/li>\n<\/ul>\n\n\n\n<ul class=\"wp-block-list\">\n<li>El holl\u00edn y restos de la combusti\u00f3n que en ellos se depositan, son los causantes de los incendios de las mismas.<\/li>\n<\/ul>\n\n\n\n<ul class=\"wp-block-list\">\n<li>Estos incendios mayormente se contienen dentro del conducto, pero el recalentamiento del per\u00edmetro y su proximidad con la estructura de los techos, puede provocar que el incendio pase a mayores propag\u00e1ndose por toda la estructura.<\/li>\n<\/ul>\n\n\n\n<ul class=\"wp-block-list\">\n<li>Es por esto que queremos recomendarte que mantengas limpias las chimeneas y ca\u00f1o de salamandra para evitar cualquier tipo de incidente.<\/li>\n<\/ul>\n\n\n\n<p><strong>IMPORTANTE: <\/strong>Ante la presencia de incendio de chimenea comun\u00edquese inmediatamente con la central de emergencias.<\/p>\n\n\n\n<p><strong>N\u00famero de emergencias:<\/strong> <strong><mark style=\"background-color:rgba(0, 0, 0, 0)\" class=\"has-inline-color has-vivid-red-color\">100 o 422100<\/mark><\/strong>  Guardia las 24hs del d\u00eda.<\/p>\n\n\n\n<figure class=\"wp-block-gallery has-nested-images columns-default is-cropped wp-block-gallery-1 is-layout-flex wp-block-gallery-is-layout-flex\">\n<figure class=\"wp-block-image size-large\"><img loading=\"lazy\" decoding=\"async\" width=\"1080\" height=\"1350\" data-id=\"157582\" src=\"https:\/\/infoecos.com.ar\/wp-content\/uploads\/2026\/04\/Mi-Lote-3-1.jpg\" alt=\"\" class=\"wp-image-157582\" srcset=\"https:\/\/infoecos.com.ar\/wp-content\/uploads\/2026\/04\/Mi-Lote-3-1.jpg 1080w, https:\/\/infoecos.com.ar\/wp-content\/uploads\/2026\/04\/Mi-Lote-3-1-640x800.jpg 640w, https:\/\/infoecos.com.ar\/wp-content\/uploads\/2026\/04\/Mi-Lote-3-1-768x960.jpg 768w, https:\/\/infoecos.com.ar\/wp-content\/uploads\/2026\/04\/Mi-Lote-3-1-1024x1280.jpg 1024w\" sizes=\"(max-width: 1080px) 100vw, 1080px\" \/><\/figure>\n\n\n\n<figure class=\"wp-block-image size-large\"><img loading=\"lazy\" decoding=\"async\" width=\"1080\" height=\"1350\" data-id=\"157583\" src=\"https:\/\/infoecos.com.ar\/wp-content\/uploads\/2026\/04\/Mi-Lote-4-1.jpg\" alt=\"\" class=\"wp-image-157583\" srcset=\"https:\/\/infoecos.com.ar\/wp-content\/uploads\/2026\/04\/Mi-Lote-4-1.jpg 1080w, https:\/\/infoecos.com.ar\/wp-content\/uploads\/2026\/04\/Mi-Lote-4-1-640x800.jpg 640w, https:\/\/infoecos.com.ar\/wp-content\/uploads\/2026\/04\/Mi-Lote-4-1-768x960.jpg 768w, https:\/\/infoecos.com.ar\/wp-content\/uploads\/2026\/04\/Mi-Lote-4-1-1024x1280.jpg 1024w\" sizes=\"(max-width: 1080px) 100vw, 1080px\" \/><\/figure>\n<\/figure>\n","protected":false},"excerpt":{"rendered":"<p>Por el fr\u00edo los Bomberos Voluntarios de Trenque Lauquen Soy Bombero Voluntario de Trenque Lauquen&#8230;<\/p>\n","protected":false},"author":2,"featured_media":157581,"comment_status":"closed","ping_status":"open","sticky":false,"template":"","format":"standard","meta":{"footnotes":""},"categories":[1613],"tags":[10298,10290,155],"class_list":["post-157580","post","type-post","status-publish","format-standard","has-post-thumbnail","hentry","category-noticia-secundaria","tag-bloque-inferior","tag-entretenimiento","tag-politica"],"yoast_head":"<!-- This site is optimized with the Yoast SEO plugin v23.4 - https:\/\/yoast.com\/wordpress\/plugins\/seo\/ -->\n<title>Medidas de prevenci\u00f3n publicadas por Bomberos Voluntarios frente a la llegada de fr\u00edas temperaturas - Infoecos<\/title>\n<meta name=\"robots\" content=\"index, follow, max-snippet:-1, max-image-preview:large, max-video-preview:-1\" \/>\n<link rel=\"canonical\" href=\"https:\/\/infoecos.com.ar\/index.php\/medidas-de-prevencion-publicadas-por-bomberos-voluntarios-frente-a-la-llegada-de-frias-temperaturas\/\" \/>\n<meta property=\"og:locale\" content=\"es_ES\" \/>\n<meta property=\"og:type\" content=\"article\" \/>\n<meta property=\"og:title\" content=\"Medidas de prevenci\u00f3n publicadas por Bomberos Voluntarios frente a la llegada de fr\u00edas temperaturas - Infoecos\" \/>\n<meta property=\"og:description\" content=\"Por el fr\u00edo los Bomberos Voluntarios de Trenque Lauquen Soy Bombero Voluntario de Trenque Lauquen...\" \/>\n<meta property=\"og:url\" content=\"https:\/\/infoecos.com.ar\/index.php\/medidas-de-prevencion-publicadas-por-bomberos-voluntarios-frente-a-la-llegada-de-frias-temperaturas\/\" \/>\n<meta property=\"og:site_name\" content=\"Infoecos\" \/>\n<meta property=\"article:publisher\" content=\"https:\/\/www.facebook.com\/profile.php?id=100063200290284\" \/>\n<meta property=\"article:published_time\" content=\"2026-04-29T22:48:59+00:00\" \/>\n<meta property=\"article:modified_time\" content=\"2026-04-29T22:49:00+00:00\" \/>\n<meta property=\"og:image\" content=\"https:\/\/infoecos.com.ar\/wp-content\/uploads\/2026\/04\/image-272.png\" \/>\n\t<meta property=\"og:image:width\" content=\"526\" \/>\n\t<meta property=\"og:image:height\" content=\"526\" \/>\n\t<meta property=\"og:image:type\" content=\"image\/png\" \/>\n<meta name=\"author\" content=\"Jorge Matheus\" \/>\n<meta name=\"twitter:card\" content=\"summary_large_image\" \/>\n<meta name=\"twitter:creator\" content=\"@infoecos\" \/>\n<meta name=\"twitter:site\" content=\"@infoecos\" \/>\n<meta name=\"twitter:label1\" content=\"Escrito por\" \/>\n\t<meta name=\"twitter:data1\" content=\"Jorge Matheus\" \/>\n\t<meta name=\"twitter:label2\" content=\"Tiempo de lectura\" \/>\n\t<meta name=\"twitter:data2\" content=\"2 minutos\" \/>\n<script type=\"application\/ld+json\" class=\"yoast-schema-graph\">{\"@context\":\"https:\/\/schema.org\",\"@graph\":[{\"@type\":\"Article\",\"@id\":\"https:\/\/infoecos.com.ar\/index.php\/medidas-de-prevencion-publicadas-por-bomberos-voluntarios-frente-a-la-llegada-de-frias-temperaturas\/#article\",\"isPartOf\":{\"@id\":\"https:\/\/infoecos.com.ar\/index.php\/medidas-de-prevencion-publicadas-por-bomberos-voluntarios-frente-a-la-llegada-de-frias-temperaturas\/\"},\"author\":{\"name\":\"Jorge Matheus\",\"@id\":\"https:\/\/infoecos.com.ar\/#\/schema\/person\/8f5ace5ce73b4b4aac4b7245aee6f191\"},\"headline\":\"Medidas de prevenci\u00f3n publicadas por Bomberos Voluntarios frente a la llegada de fr\u00edas temperaturas\",\"datePublished\":\"2026-04-29T22:48:59+00:00\",\"dateModified\":\"2026-04-29T22:49:00+00:00\",\"mainEntityOfPage\":{\"@id\":\"https:\/\/infoecos.com.ar\/index.php\/medidas-de-prevencion-publicadas-por-bomberos-voluntarios-frente-a-la-llegada-de-frias-temperaturas\/\"},\"wordCount\":256,\"publisher\":{\"@id\":\"https:\/\/infoecos.com.ar\/#organization\"},\"image\":{\"@id\":\"https:\/\/infoecos.com.ar\/index.php\/medidas-de-prevencion-publicadas-por-bomberos-voluntarios-frente-a-la-llegada-de-frias-temperaturas\/#primaryimage\"},\"thumbnailUrl\":\"https:\/\/infoecos.com.ar\/wp-content\/uploads\/2026\/04\/image-272.png\",\"keywords\":[\"Bloque inferior\",\"Entretenimiento\",\"POL\u00cdTICA\"],\"articleSection\":[\"Noticia Secundaria\"],\"inLanguage\":\"es\"},{\"@type\":\"WebPage\",\"@id\":\"https:\/\/infoecos.com.ar\/index.php\/medidas-de-prevencion-publicadas-por-bomberos-voluntarios-frente-a-la-llegada-de-frias-temperaturas\/\",\"url\":\"https:\/\/infoecos.com.ar\/index.php\/medidas-de-prevencion-publicadas-por-bomberos-voluntarios-frente-a-la-llegada-de-frias-temperaturas\/\",\"name\":\"Medidas de prevenci\u00f3n publicadas por Bomberos Voluntarios frente a la llegada de fr\u00edas temperaturas - Infoecos\",\"isPartOf\":{\"@id\":\"https:\/\/infoecos.com.ar\/#website\"},\"primaryImageOfPage\":{\"@id\":\"https:\/\/infoecos.com.ar\/index.php\/medidas-de-prevencion-publicadas-por-bomberos-voluntarios-frente-a-la-llegada-de-frias-temperaturas\/#primaryimage\"},\"image\":{\"@id\":\"https:\/\/infoecos.com.ar\/index.php\/medidas-de-prevencion-publicadas-por-bomberos-voluntarios-frente-a-la-llegada-de-frias-temperaturas\/#primaryimage\"},\"thumbnailUrl\":\"https:\/\/infoecos.com.ar\/wp-content\/uploads\/2026\/04\/image-272.png\",\"datePublished\":\"2026-04-29T22:48:59+00:00\",\"dateModified\":\"2026-04-29T22:49:00+00:00\",\"breadcrumb\":{\"@id\":\"https:\/\/infoecos.com.ar\/index.php\/medidas-de-prevencion-publicadas-por-bomberos-voluntarios-frente-a-la-llegada-de-frias-temperaturas\/#breadcrumb\"},\"inLanguage\":\"es\",\"potentialAction\":[{\"@type\":\"ReadAction\",\"target\":[\"https:\/\/infoecos.com.ar\/index.php\/medidas-de-prevencion-publicadas-por-bomberos-voluntarios-frente-a-la-llegada-de-frias-temperaturas\/\"]}]},{\"@type\":\"ImageObject\",\"inLanguage\":\"es\",\"@id\":\"https:\/\/infoecos.com.ar\/index.php\/medidas-de-prevencion-publicadas-por-bomberos-voluntarios-frente-a-la-llegada-de-frias-temperaturas\/#primaryimage\",\"url\":\"https:\/\/infoecos.com.ar\/wp-content\/uploads\/2026\/04\/image-272.png\",\"contentUrl\":\"https:\/\/infoecos.com.ar\/wp-content\/uploads\/2026\/04\/image-272.png\",\"width\":526,\"height\":526},{\"@type\":\"BreadcrumbList\",\"@id\":\"https:\/\/infoecos.com.ar\/index.php\/medidas-de-prevencion-publicadas-por-bomberos-voluntarios-frente-a-la-llegada-de-frias-temperaturas\/#breadcrumb\",\"itemListElement\":[{\"@type\":\"ListItem\",\"position\":1,\"name\":\"Portada\",\"item\":\"https:\/\/infoecos.com.ar\/\"},{\"@type\":\"ListItem\",\"position\":2,\"name\":\"Medidas de prevenci\u00f3n publicadas por Bomberos Voluntarios frente a la llegada de fr\u00edas temperaturas\"}]},{\"@type\":\"WebSite\",\"@id\":\"https:\/\/infoecos.com.ar\/#website\",\"url\":\"https:\/\/infoecos.com.ar\/\",\"name\":\"Infoecos\",\"description\":\"Noticias de trenque lauquen y la zona\",\"publisher\":{\"@id\":\"https:\/\/infoecos.com.ar\/#organization\"},\"alternateName\":\"Noticias\",\"potentialAction\":[{\"@type\":\"SearchAction\",\"target\":{\"@type\":\"EntryPoint\",\"urlTemplate\":\"https:\/\/infoecos.com.ar\/?s={search_term_string}\"},\"query-input\":{\"@type\":\"PropertyValueSpecification\",\"valueRequired\":true,\"valueName\":\"search_term_string\"}}],\"inLanguage\":\"es\"},{\"@type\":\"Organization\",\"@id\":\"https:\/\/infoecos.com.ar\/#organization\",\"name\":\"Infoecos\",\"alternateName\":\"Noticias\",\"url\":\"https:\/\/infoecos.com.ar\/\",\"logo\":{\"@type\":\"ImageObject\",\"inLanguage\":\"es\",\"@id\":\"https:\/\/infoecos.com.ar\/#\/schema\/logo\/image\/\",\"url\":\"https:\/\/infoecos.com.ar\/wp-content\/uploads\/2024\/03\/cropped-logo.png\",\"contentUrl\":\"https:\/\/infoecos.com.ar\/wp-content\/uploads\/2024\/03\/cropped-logo.png\",\"width\":374,\"height\":90,\"caption\":\"Infoecos\"},\"image\":{\"@id\":\"https:\/\/infoecos.com.ar\/#\/schema\/logo\/image\/\"},\"sameAs\":[\"https:\/\/www.facebook.com\/profile.php?id=100063200290284\",\"https:\/\/x.com\/infoecos\"]},{\"@type\":\"Person\",\"@id\":\"https:\/\/infoecos.com.ar\/#\/schema\/person\/8f5ace5ce73b4b4aac4b7245aee6f191\",\"name\":\"Jorge Matheus\",\"url\":\"https:\/\/infoecos.com.ar\/index.php\/author\/jomatheus\/\"}]}<\/script>\n<!-- \/ Yoast SEO plugin. -->","yoast_head_json":{"title":"Medidas de prevenci\u00f3n publicadas por Bomberos Voluntarios frente a la llegada de fr\u00edas temperaturas - Infoecos","robots":{"index":"index","follow":"follow","max-snippet":"max-snippet:-1","max-image-preview":"max-image-preview:large","max-video-preview":"max-video-preview:-1"},"canonical":"https:\/\/infoecos.com.ar\/index.php\/medidas-de-prevencion-publicadas-por-bomberos-voluntarios-frente-a-la-llegada-de-frias-temperaturas\/","og_locale":"es_ES","og_type":"article","og_title":"Medidas de prevenci\u00f3n publicadas por Bomberos Voluntarios frente a la llegada de fr\u00edas temperaturas - Infoecos","og_description":"Por el fr\u00edo los Bomberos Voluntarios de Trenque Lauquen Soy Bombero Voluntario de Trenque Lauquen...","og_url":"https:\/\/infoecos.com.ar\/index.php\/medidas-de-prevencion-publicadas-por-bomberos-voluntarios-frente-a-la-llegada-de-frias-temperaturas\/","og_site_name":"Infoecos","article_publisher":"https:\/\/www.facebook.com\/profile.php?id=100063200290284","article_published_time":"2026-04-29T22:48:59+00:00","article_modified_time":"2026-04-29T22:49:00+00:00","og_image":[{"width":526,"height":526,"url":"https:\/\/infoecos.com.ar\/wp-content\/uploads\/2026\/04\/image-272.png","type":"image\/png"}],"author":"Jorge Matheus","twitter_card":"summary_large_image","twitter_creator":"@infoecos","twitter_site":"@infoecos","twitter_misc":{"Escrito por":"Jorge Matheus","Tiempo de lectura":"2 minutos"},"schema":{"@context":"https:\/\/schema.org","@graph":[{"@type":"Article","@id":"https:\/\/infoecos.com.ar\/index.php\/medidas-de-prevencion-publicadas-por-bomberos-voluntarios-frente-a-la-llegada-de-frias-temperaturas\/#article","isPartOf":{"@id":"https:\/\/infoecos.com.ar\/index.php\/medidas-de-prevencion-publicadas-por-bomberos-voluntarios-frente-a-la-llegada-de-frias-temperaturas\/"},"author":{"name":"Jorge Matheus","@id":"https:\/\/infoecos.com.ar\/#\/schema\/person\/8f5ace5ce73b4b4aac4b7245aee6f191"},"headline":"Medidas de prevenci\u00f3n publicadas por Bomberos Voluntarios frente a la llegada de fr\u00edas temperaturas","datePublished":"2026-04-29T22:48:59+00:00","dateModified":"2026-04-29T22:49:00+00:00","mainEntityOfPage":{"@id":"https:\/\/infoecos.com.ar\/index.php\/medidas-de-prevencion-publicadas-por-bomberos-voluntarios-frente-a-la-llegada-de-frias-temperaturas\/"},"wordCount":256,"publisher":{"@id":"https:\/\/infoecos.com.ar\/#organization"},"image":{"@id":"https:\/\/infoecos.com.ar\/index.php\/medidas-de-prevencion-publicadas-por-bomberos-voluntarios-frente-a-la-llegada-de-frias-temperaturas\/#primaryimage"},"thumbnailUrl":"https:\/\/infoecos.com.ar\/wp-content\/uploads\/2026\/04\/image-272.png","keywords":["Bloque inferior","Entretenimiento","POL\u00cdTICA"],"articleSection":["Noticia Secundaria"],"inLanguage":"es"},{"@type":"WebPage","@id":"https:\/\/infoecos.com.ar\/index.php\/medidas-de-prevencion-publicadas-por-bomberos-voluntarios-frente-a-la-llegada-de-frias-temperaturas\/","url":"https:\/\/infoecos.com.ar\/index.php\/medidas-de-prevencion-publicadas-por-bomberos-voluntarios-frente-a-la-llegada-de-frias-temperaturas\/","name":"Medidas de prevenci\u00f3n publicadas por Bomberos Voluntarios frente a la llegada de fr\u00edas temperaturas - Infoecos","isPartOf":{"@id":"https:\/\/infoecos.com.ar\/#website"},"primaryImageOfPage":{"@id":"https:\/\/infoecos.com.ar\/index.php\/medidas-de-prevencion-publicadas-por-bomberos-voluntarios-frente-a-la-llegada-de-frias-temperaturas\/#primaryimage"},"image":{"@id":"https:\/\/infoecos.com.ar\/index.php\/medidas-de-prevencion-publicadas-por-bomberos-voluntarios-frente-a-la-llegada-de-frias-temperaturas\/#primaryimage"},"thumbnailUrl":"https:\/\/infoecos.com.ar\/wp-content\/uploads\/2026\/04\/image-272.png","datePublished":"2026-04-29T22:48:59+00:00","dateModified":"2026-04-29T22:49:00+00:00","breadcrumb":{"@id":"https:\/\/infoecos.com.ar\/index.php\/medidas-de-prevencion-publicadas-por-bomberos-voluntarios-frente-a-la-llegada-de-frias-temperaturas\/#breadcrumb"},"inLanguage":"es","potentialAction":[{"@type":"ReadAction","target":["https:\/\/infoecos.com.ar\/index.php\/medidas-de-prevencion-publicadas-por-bomberos-voluntarios-frente-a-la-llegada-de-frias-temperaturas\/"]}]},{"@type":"ImageObject","inLanguage":"es","@id":"https:\/\/infoecos.com.ar\/index.php\/medidas-de-prevencion-publicadas-por-bomberos-voluntarios-frente-a-la-llegada-de-frias-temperaturas\/#primaryimage","url":"https:\/\/infoecos.com.ar\/wp-content\/uploads\/2026\/04\/image-272.png","contentUrl":"https:\/\/infoecos.com.ar\/wp-content\/uploads\/2026\/04\/image-272.png","width":526,"height":526},{"@type":"BreadcrumbList","@id":"https:\/\/infoecos.com.ar\/index.php\/medidas-de-prevencion-publicadas-por-bomberos-voluntarios-frente-a-la-llegada-de-frias-temperaturas\/#breadcrumb","itemListElement":[{"@type":"ListItem","position":1,"name":"Portada","item":"https:\/\/infoecos.com.ar\/"},{"@type":"ListItem","position":2,"name":"Medidas de prevenci\u00f3n publicadas por Bomberos Voluntarios frente a la llegada de fr\u00edas temperaturas"}]},{"@type":"WebSite","@id":"https:\/\/infoecos.com.ar\/#website","url":"https:\/\/infoecos.com.ar\/","name":"Infoecos","description":"Noticias de trenque lauquen y la zona","publisher":{"@id":"https:\/\/infoecos.com.ar\/#organization"},"alternateName":"Noticias","potentialAction":[{"@type":"SearchAction","target":{"@type":"EntryPoint","urlTemplate":"https:\/\/infoecos.com.ar\/?s={search_term_string}"},"query-input":{"@type":"PropertyValueSpecification","valueRequired":true,"valueName":"search_term_string"}}],"inLanguage":"es"},{"@type":"Organization","@id":"https:\/\/infoecos.com.ar\/#organization","name":"Infoecos","alternateName":"Noticias","url":"https:\/\/infoecos.com.ar\/","logo":{"@type":"ImageObject","inLanguage":"es","@id":"https:\/\/infoecos.com.ar\/#\/schema\/logo\/image\/","url":"https:\/\/infoecos.com.ar\/wp-content\/uploads\/2024\/03\/cropped-logo.png","contentUrl":"https:\/\/infoecos.com.ar\/wp-content\/uploads\/2024\/03\/cropped-logo.png","width":374,"height":90,"caption":"Infoecos"},"image":{"@id":"https:\/\/infoecos.com.ar\/#\/schema\/logo\/image\/"},"sameAs":["https:\/\/www.facebook.com\/profile.php?id=100063200290284","https:\/\/x.com\/infoecos"]},{"@type":"Person","@id":"https:\/\/infoecos.com.ar\/#\/schema\/person\/8f5ace5ce73b4b4aac4b7245aee6f191","name":"Jorge Matheus","url":"https:\/\/infoecos.com.ar\/index.php\/author\/jomatheus\/"}]}},"featured_image_urls":{"full":["https:\/\/infoecos.com.ar\/wp-content\/uploads\/2026\/04\/image-272.png",526,526,false],"thumbnail":["https:\/\/infoecos.com.ar\/wp-content\/uploads\/2026\/04\/image-272-300x150.png",300,150,true],"medium":["https:\/\/infoecos.com.ar\/wp-content\/uploads\/2026\/04\/image-272.png",526,526,false],"medium_large":["https:\/\/infoecos.com.ar\/wp-content\/uploads\/2026\/04\/image-272.png",526,526,false],"large":["https:\/\/infoecos.com.ar\/wp-content\/uploads\/2026\/04\/image-272.png",526,526,false],"1536x1536":["https:\/\/infoecos.com.ar\/wp-content\/uploads\/2026\/04\/image-272.png",526,526,false],"2048x2048":["https:\/\/infoecos.com.ar\/wp-content\/uploads\/2026\/04\/image-272.png",526,526,false],"covernews-slider-full":["https:\/\/infoecos.com.ar\/wp-content\/uploads\/2026\/04\/image-272.png",526,526,false],"covernews-slider-center":["https:\/\/infoecos.com.ar\/wp-content\/uploads\/2026\/04\/image-272-526x500.png",526,500,true],"covernews-featured":["https:\/\/infoecos.com.ar\/wp-content\/uploads\/2026\/04\/image-272.png",526,526,false],"covernews-medium":["https:\/\/infoecos.com.ar\/wp-content\/uploads\/2026\/04\/image-272-526x340.png",526,340,true],"covernews-medium-square":["https:\/\/infoecos.com.ar\/wp-content\/uploads\/2026\/04\/image-272-400x250.png",400,250,true]},"author_info":{"info":["Jorge Matheus"]},"category_info":"<a href=\"https:\/\/infoecos.com.ar\/index.php\/category\/noticia-secundaria\/\" rel=\"category tag\">Noticia Secundaria<\/a>","tag_info":"Noticia Secundaria","comment_count":"0","_links":{"self":[{"href":"https:\/\/infoecos.com.ar\/index.php\/wp-json\/wp\/v2\/posts\/157580"}],"collection":[{"href":"https:\/\/infoecos.com.ar\/index.php\/wp-json\/wp\/v2\/posts"}],"about":[{"href":"https:\/\/infoecos.com.ar\/index.php\/wp-json\/wp\/v2\/types\/post"}],"author":[{"embeddable":true,"href":"https:\/\/infoecos.com.ar\/index.php\/wp-json\/wp\/v2\/users\/2"}],"replies":[{"embeddable":true,"href":"https:\/\/infoecos.com.ar\/index.php\/wp-json\/wp\/v2\/comments?post=157580"}],"version-history":[{"count":1,"href":"https:\/\/infoecos.com.ar\/index.php\/wp-json\/wp\/v2\/posts\/157580\/revisions"}],"predecessor-version":[{"id":157584,"href":"https:\/\/infoecos.com.ar\/index.php\/wp-json\/wp\/v2\/posts\/157580\/revisions\/157584"}],"wp:featuredmedia":[{"embeddable":true,"href":"https:\/\/infoecos.com.ar\/index.php\/wp-json\/wp\/v2\/media\/157581"}],"wp:attachment":[{"href":"https:\/\/infoecos.com.ar\/index.php\/wp-json\/wp\/v2\/media?parent=157580"}],"wp:term":[{"taxonomy":"category","embeddable":true,"href":"https:\/\/infoecos.com.ar\/index.php\/wp-json\/wp\/v2\/categories?post=157580"},{"taxonomy":"post_tag","embeddable":true,"href":"https:\/\/infoecos.com.ar\/index.php\/wp-json\/wp\/v2\/tags?post=157580"}],"curies":[{"name":"wp","href":"https:\/\/api.w.org\/{rel}","templated":true}]}}