{"id":157593,"date":"2026-04-29T20:56:59","date_gmt":"2026-04-29T23:56:59","guid":{"rendered":"https:\/\/infoecos.com.ar\/?p=157593"},"modified":"2026-04-29T20:57:00","modified_gmt":"2026-04-29T23:57:00","slug":"transformacion-digital-la-competencia-ya-no-es-entre-empresas-sino-entre-cadenas-de-suministro","status":"publish","type":"post","link":"https:\/\/infoecos.com.ar\/index.php\/transformacion-digital-la-competencia-ya-no-es-entre-empresas-sino-entre-cadenas-de-suministro\/","title":{"rendered":"Transformaci\u00f3n digital: la competencia ya no es entre empresas, sino entre cadenas de suministro"},"content":{"rendered":"\n<p><strong>Informe de la Universidad Austral:<\/strong><\/p>\n\n\n\n<p>Una investigaci\u00f3n acad\u00e9mica desarrollada por&nbsp;<strong>Lucila Palandella y Lourdes Perea Mu\u00f1oz<\/strong>, de la&nbsp;<strong>Universidad Austral<\/strong>, propone un&nbsp;<strong>nuevo marco conceptual<\/strong>&nbsp;para comprender c\u00f3mo deben transformarse las&nbsp;<strong>cadenas de suministro<\/strong>&nbsp;en un contexto de&nbsp;<strong>creciente digitalizaci\u00f3n, exigencias ambientales y disrupciones log\u00edsticas globales<\/strong>.<\/p>\n\n\n\n<p>El estudio parte de una&nbsp;<strong>conclusi\u00f3n central<\/strong>: en la econom\u00eda actual la competencia ya no se produce \u00fanicamente entre&nbsp;<strong>empresas individuales<\/strong>, sino entre&nbsp;<strong>redes completas de suministro<\/strong>, en las que m\u00faltiples organizaciones participan en la producci\u00f3n, coordinaci\u00f3n y entrega de bienes y servicios.<\/p>\n\n\n\n<p>Este cambio implica que la&nbsp;<strong>competitividad de una empresa<\/strong>&nbsp;depende cada vez m\u00e1s de la&nbsp;<strong>capacidad de coordinaci\u00f3n y adaptaci\u00f3n de toda la red<\/strong>, siendo la&nbsp;<strong>transformaci\u00f3n digital<\/strong>&nbsp;una gran aliada para alcanzarla.<\/p>\n\n\n\n<p>Para analizar este fen\u00f3meno, la investigaci\u00f3n se apoya en una&nbsp;<strong>s\u00edntesis de la literatura cient\u00edfica reciente<\/strong>&nbsp;sobre el desarrollo de metodolog\u00edas para la transformaci\u00f3n digital en cadenas de suministro. En lugar de centrarse en una \u00fanica base emp\u00edrica, el trabajo revisa&nbsp;<strong>13 revisiones sistem\u00e1ticas de literatura acad\u00e9mica<\/strong>, que a su vez analizan numerosos estudios sobre el&nbsp;<strong>desarrollo de capacidades digitales<\/strong>&nbsp;y la&nbsp;<strong>implementaci\u00f3n de tecnolog\u00edas en redes productivas<\/strong>.<\/p>\n\n\n\n<p>A partir de esta revisi\u00f3n, las autoras identifican un&nbsp;<strong>problema frecuente en los modelos existentes<\/strong>&nbsp;de transformaci\u00f3n digital: muchos enfoques se concentran principalmente en la&nbsp;<strong>adopci\u00f3n de tecnolog\u00edas asociadas a la Industria 4.0<\/strong>, pero no integran adecuadamente&nbsp;<strong>dimensiones estrat\u00e9gicas, organizacionales, culturales y de sostenibilidad<\/strong>. Si bien se ha avanzado mucho a nivel de organizaci\u00f3n, el abordaje de la&nbsp;<strong>cadena de suministro<\/strong>&nbsp;carece de&nbsp;<strong>marcos conceptuales integrales<\/strong>.<\/p>\n\n\n\n<p>Para abordar esta limitaci\u00f3n, el estudio propone un&nbsp;<strong>nuevo marco conceptual<\/strong>&nbsp;denominado&nbsp;<strong>Agile and Sustainable Supply Network Compass<\/strong>, dise\u00f1ado para ayudar a las organizaciones a&nbsp;<strong>coordinar procesos de transformaci\u00f3n digital y sostenibilidad<\/strong>&nbsp;a lo largo de toda la red de suministro.<\/p>\n\n\n\n<p>El modelo plantea que la&nbsp;<strong>transformaci\u00f3n digital no puede implementarse de manera aislada<\/strong>, sino que requiere&nbsp;<strong>coordinaci\u00f3n estrat\u00e9gica entre m\u00faltiples actores<\/strong>, incluyendo&nbsp;<strong>proveedores, distribuidores y socios log\u00edsticos<\/strong>.<\/p>\n\n\n\n<p>En este contexto, las&nbsp;<strong>tecnolog\u00edas digitales<\/strong>&nbsp;\u2014como&nbsp;<strong>plataformas de datos, sistemas de monitoreo, inteligencia artificial y herramientas de an\u00e1lisis predictivo<\/strong>\u2014 pueden contribuir a mejorar la&nbsp;<strong>visibilidad, capacidad de respuesta y eficiencia<\/strong>&nbsp;de las redes productivas.<\/p>\n\n\n\n<p>Al mismo tiempo, el marco propuesto busca integrar estas innovaciones con&nbsp;<strong>objetivos de sostenibilidad ambiental y resiliencia operativa<\/strong>. En este sentido, resulta fundamental promover la&nbsp;<strong>homogeneizaci\u00f3n de las formas de trabajo, los criterios de gesti\u00f3n y la cultura organizacional<\/strong>&nbsp;a lo largo de toda la cadena, facilitando una&nbsp;<strong>mayor coordinaci\u00f3n<\/strong>&nbsp;y un&nbsp;<strong>proceso de toma de decisiones m\u00e1s \u00e1gil<\/strong>. Estas dimensiones han adquirido una&nbsp;<strong>importancia creciente<\/strong>&nbsp;en la gesti\u00f3n de cadenas de suministro globales.<\/p>\n\n\n\n<p>Para las autoras, comprender la&nbsp;<strong>l\u00f3gica de funcionamiento de las redes de suministro<\/strong>&nbsp;resulta cada vez m\u00e1s relevante en un escenario caracterizado por&nbsp;<strong>interrupciones log\u00edsticas, cambios en la demanda y crecientes exigencias regulatorias y ambientales<\/strong>.<\/p>\n\n\n\n<p>El estudio aporta as\u00ed una&nbsp;<strong>nueva perspectiva<\/strong>&nbsp;para analizar c\u00f3mo las empresas pueden&nbsp;<strong>coordinar la transformaci\u00f3n digital y la sostenibilidad<\/strong>&nbsp;a lo largo de sus redes de producci\u00f3n y distribuci\u00f3n, en un contexto en el que las&nbsp;<strong>cadenas de suministro<\/strong>&nbsp;se han convertido en uno de los&nbsp;<strong>principales espacios de competencia en la econom\u00eda global<\/strong>.<\/p>\n\n\n\n<div data-wp-interactive=\"core\/file\" class=\"wp-block-file\"><object data-wp-bind--hidden=\"!state.hasPdfPreview\"  class=\"wp-block-file__embed\" data=\"https:\/\/infoecos.com.ar\/wp-content\/uploads\/2026\/04\/Cadenas_de_suministro-universidad-austral.pdf\" type=\"application\/pdf\" style=\"width:100%;height:600px\" aria-label=\"Incrustado de Cadenas_de_suministro universidad austral.\"><\/object><a id=\"wp-block-file--media-71bbe3b5-edd7-4465-98de-8e9554181ff9\" href=\"https:\/\/infoecos.com.ar\/wp-content\/uploads\/2026\/04\/Cadenas_de_suministro-universidad-austral.pdf\">Cadenas_de_suministro universidad austral<\/a><a href=\"https:\/\/infoecos.com.ar\/wp-content\/uploads\/2026\/04\/Cadenas_de_suministro-universidad-austral.pdf\" class=\"wp-block-file__button wp-element-button\" download aria-describedby=\"wp-block-file--media-71bbe3b5-edd7-4465-98de-8e9554181ff9\">Descarga<\/a><\/div>\n","protected":false},"excerpt":{"rendered":"<p>Informe de la Universidad Austral: Una investigaci\u00f3n acad\u00e9mica desarrollada por&nbsp;Lucila Palandella y Lourdes Perea Mu\u00f1oz,&#8230;<\/p>\n","protected":false},"author":2,"featured_media":152758,"comment_status":"closed","ping_status":"open","sticky":false,"template":"","format":"standard","meta":{"footnotes":""},"categories":[1],"tags":[1750,1500],"class_list":["post-157593","post","type-post","status-publish","format-standard","has-post-thumbnail","hentry","category-sin-categoria","tag-deporte","tag-regional"],"yoast_head":"<!-- This site is optimized with the Yoast SEO plugin v23.4 - https:\/\/yoast.com\/wordpress\/plugins\/seo\/ -->\n<title>Transformaci\u00f3n digital: la competencia ya no es entre empresas, sino entre cadenas de suministro - Infoecos<\/title>\n<meta name=\"robots\" content=\"index, follow, max-snippet:-1, max-image-preview:large, max-video-preview:-1\" \/>\n<link rel=\"canonical\" href=\"https:\/\/infoecos.com.ar\/index.php\/transformacion-digital-la-competencia-ya-no-es-entre-empresas-sino-entre-cadenas-de-suministro\/\" \/>\n<meta property=\"og:locale\" content=\"es_ES\" \/>\n<meta property=\"og:type\" content=\"article\" \/>\n<meta property=\"og:title\" content=\"Transformaci\u00f3n digital: la competencia ya no es entre empresas, sino entre cadenas de suministro - Infoecos\" \/>\n<meta property=\"og:description\" content=\"Informe de la Universidad Austral: Una investigaci\u00f3n acad\u00e9mica desarrollada por&nbsp;Lucila Palandella y Lourdes Perea Mu\u00f1oz,...\" \/>\n<meta property=\"og:url\" content=\"https:\/\/infoecos.com.ar\/index.php\/transformacion-digital-la-competencia-ya-no-es-entre-empresas-sino-entre-cadenas-de-suministro\/\" \/>\n<meta property=\"og:site_name\" content=\"Infoecos\" \/>\n<meta property=\"article:publisher\" content=\"https:\/\/www.facebook.com\/profile.php?id=100063200290284\" \/>\n<meta property=\"article:published_time\" content=\"2026-04-29T23:56:59+00:00\" \/>\n<meta property=\"article:modified_time\" content=\"2026-04-29T23:57:00+00:00\" \/>\n<meta property=\"og:image\" content=\"https:\/\/infoecos.com.ar\/wp-content\/uploads\/2026\/01\/image-107.png\" \/>\n\t<meta property=\"og:image:width\" content=\"302\" \/>\n\t<meta property=\"og:image:height\" content=\"104\" \/>\n\t<meta property=\"og:image:type\" content=\"image\/png\" \/>\n<meta name=\"author\" content=\"Jorge Matheus\" \/>\n<meta name=\"twitter:card\" content=\"summary_large_image\" \/>\n<meta name=\"twitter:creator\" content=\"@infoecos\" \/>\n<meta name=\"twitter:site\" content=\"@infoecos\" \/>\n<meta name=\"twitter:label1\" content=\"Escrito por\" \/>\n\t<meta name=\"twitter:data1\" content=\"Jorge Matheus\" \/>\n\t<meta name=\"twitter:label2\" content=\"Tiempo de lectura\" \/>\n\t<meta name=\"twitter:data2\" content=\"3 minutos\" \/>\n<script type=\"application\/ld+json\" class=\"yoast-schema-graph\">{\"@context\":\"https:\/\/schema.org\",\"@graph\":[{\"@type\":\"Article\",\"@id\":\"https:\/\/infoecos.com.ar\/index.php\/transformacion-digital-la-competencia-ya-no-es-entre-empresas-sino-entre-cadenas-de-suministro\/#article\",\"isPartOf\":{\"@id\":\"https:\/\/infoecos.com.ar\/index.php\/transformacion-digital-la-competencia-ya-no-es-entre-empresas-sino-entre-cadenas-de-suministro\/\"},\"author\":{\"name\":\"Jorge Matheus\",\"@id\":\"https:\/\/infoecos.com.ar\/#\/schema\/person\/8f5ace5ce73b4b4aac4b7245aee6f191\"},\"headline\":\"Transformaci\u00f3n digital: la competencia ya no es entre empresas, sino entre cadenas de suministro\",\"datePublished\":\"2026-04-29T23:56:59+00:00\",\"dateModified\":\"2026-04-29T23:57:00+00:00\",\"mainEntityOfPage\":{\"@id\":\"https:\/\/infoecos.com.ar\/index.php\/transformacion-digital-la-competencia-ya-no-es-entre-empresas-sino-entre-cadenas-de-suministro\/\"},\"wordCount\":656,\"publisher\":{\"@id\":\"https:\/\/infoecos.com.ar\/#organization\"},\"image\":{\"@id\":\"https:\/\/infoecos.com.ar\/index.php\/transformacion-digital-la-competencia-ya-no-es-entre-empresas-sino-entre-cadenas-de-suministro\/#primaryimage\"},\"thumbnailUrl\":\"https:\/\/infoecos.com.ar\/wp-content\/uploads\/2026\/01\/image-107.png\",\"keywords\":[\"DEPORTE\",\"REGIONAL\"],\"inLanguage\":\"es\"},{\"@type\":\"WebPage\",\"@id\":\"https:\/\/infoecos.com.ar\/index.php\/transformacion-digital-la-competencia-ya-no-es-entre-empresas-sino-entre-cadenas-de-suministro\/\",\"url\":\"https:\/\/infoecos.com.ar\/index.php\/transformacion-digital-la-competencia-ya-no-es-entre-empresas-sino-entre-cadenas-de-suministro\/\",\"name\":\"Transformaci\u00f3n digital: la competencia ya no es entre empresas, sino entre cadenas de suministro - Infoecos\",\"isPartOf\":{\"@id\":\"https:\/\/infoecos.com.ar\/#website\"},\"primaryImageOfPage\":{\"@id\":\"https:\/\/infoecos.com.ar\/index.php\/transformacion-digital-la-competencia-ya-no-es-entre-empresas-sino-entre-cadenas-de-suministro\/#primaryimage\"},\"image\":{\"@id\":\"https:\/\/infoecos.com.ar\/index.php\/transformacion-digital-la-competencia-ya-no-es-entre-empresas-sino-entre-cadenas-de-suministro\/#primaryimage\"},\"thumbnailUrl\":\"https:\/\/infoecos.com.ar\/wp-content\/uploads\/2026\/01\/image-107.png\",\"datePublished\":\"2026-04-29T23:56:59+00:00\",\"dateModified\":\"2026-04-29T23:57:00+00:00\",\"breadcrumb\":{\"@id\":\"https:\/\/infoecos.com.ar\/index.php\/transformacion-digital-la-competencia-ya-no-es-entre-empresas-sino-entre-cadenas-de-suministro\/#breadcrumb\"},\"inLanguage\":\"es\",\"potentialAction\":[{\"@type\":\"ReadAction\",\"target\":[\"https:\/\/infoecos.com.ar\/index.php\/transformacion-digital-la-competencia-ya-no-es-entre-empresas-sino-entre-cadenas-de-suministro\/\"]}]},{\"@type\":\"ImageObject\",\"inLanguage\":\"es\",\"@id\":\"https:\/\/infoecos.com.ar\/index.php\/transformacion-digital-la-competencia-ya-no-es-entre-empresas-sino-entre-cadenas-de-suministro\/#primaryimage\",\"url\":\"https:\/\/infoecos.com.ar\/wp-content\/uploads\/2026\/01\/image-107.png\",\"contentUrl\":\"https:\/\/infoecos.com.ar\/wp-content\/uploads\/2026\/01\/image-107.png\",\"width\":302,\"height\":104},{\"@type\":\"BreadcrumbList\",\"@id\":\"https:\/\/infoecos.com.ar\/index.php\/transformacion-digital-la-competencia-ya-no-es-entre-empresas-sino-entre-cadenas-de-suministro\/#breadcrumb\",\"itemListElement\":[{\"@type\":\"ListItem\",\"position\":1,\"name\":\"Portada\",\"item\":\"https:\/\/infoecos.com.ar\/\"},{\"@type\":\"ListItem\",\"position\":2,\"name\":\"Transformaci\u00f3n digital: la competencia ya no es entre empresas, sino entre cadenas de suministro\"}]},{\"@type\":\"WebSite\",\"@id\":\"https:\/\/infoecos.com.ar\/#website\",\"url\":\"https:\/\/infoecos.com.ar\/\",\"name\":\"Infoecos\",\"description\":\"Noticias de trenque lauquen y la zona\",\"publisher\":{\"@id\":\"https:\/\/infoecos.com.ar\/#organization\"},\"alternateName\":\"Noticias\",\"potentialAction\":[{\"@type\":\"SearchAction\",\"target\":{\"@type\":\"EntryPoint\",\"urlTemplate\":\"https:\/\/infoecos.com.ar\/?s={search_term_string}\"},\"query-input\":{\"@type\":\"PropertyValueSpecification\",\"valueRequired\":true,\"valueName\":\"search_term_string\"}}],\"inLanguage\":\"es\"},{\"@type\":\"Organization\",\"@id\":\"https:\/\/infoecos.com.ar\/#organization\",\"name\":\"Infoecos\",\"alternateName\":\"Noticias\",\"url\":\"https:\/\/infoecos.com.ar\/\",\"logo\":{\"@type\":\"ImageObject\",\"inLanguage\":\"es\",\"@id\":\"https:\/\/infoecos.com.ar\/#\/schema\/logo\/image\/\",\"url\":\"https:\/\/infoecos.com.ar\/wp-content\/uploads\/2024\/03\/cropped-logo.png\",\"contentUrl\":\"https:\/\/infoecos.com.ar\/wp-content\/uploads\/2024\/03\/cropped-logo.png\",\"width\":374,\"height\":90,\"caption\":\"Infoecos\"},\"image\":{\"@id\":\"https:\/\/infoecos.com.ar\/#\/schema\/logo\/image\/\"},\"sameAs\":[\"https:\/\/www.facebook.com\/profile.php?id=100063200290284\",\"https:\/\/x.com\/infoecos\"]},{\"@type\":\"Person\",\"@id\":\"https:\/\/infoecos.com.ar\/#\/schema\/person\/8f5ace5ce73b4b4aac4b7245aee6f191\",\"name\":\"Jorge Matheus\",\"url\":\"https:\/\/infoecos.com.ar\/index.php\/author\/jomatheus\/\"}]}<\/script>\n<!-- \/ Yoast SEO plugin. -->","yoast_head_json":{"title":"Transformaci\u00f3n digital: la competencia ya no es entre empresas, sino entre cadenas de suministro - Infoecos","robots":{"index":"index","follow":"follow","max-snippet":"max-snippet:-1","max-image-preview":"max-image-preview:large","max-video-preview":"max-video-preview:-1"},"canonical":"https:\/\/infoecos.com.ar\/index.php\/transformacion-digital-la-competencia-ya-no-es-entre-empresas-sino-entre-cadenas-de-suministro\/","og_locale":"es_ES","og_type":"article","og_title":"Transformaci\u00f3n digital: la competencia ya no es entre empresas, sino entre cadenas de suministro - Infoecos","og_description":"Informe de la Universidad Austral: Una investigaci\u00f3n acad\u00e9mica desarrollada por&nbsp;Lucila Palandella y Lourdes Perea Mu\u00f1oz,...","og_url":"https:\/\/infoecos.com.ar\/index.php\/transformacion-digital-la-competencia-ya-no-es-entre-empresas-sino-entre-cadenas-de-suministro\/","og_site_name":"Infoecos","article_publisher":"https:\/\/www.facebook.com\/profile.php?id=100063200290284","article_published_time":"2026-04-29T23:56:59+00:00","article_modified_time":"2026-04-29T23:57:00+00:00","og_image":[{"width":302,"height":104,"url":"https:\/\/infoecos.com.ar\/wp-content\/uploads\/2026\/01\/image-107.png","type":"image\/png"}],"author":"Jorge Matheus","twitter_card":"summary_large_image","twitter_creator":"@infoecos","twitter_site":"@infoecos","twitter_misc":{"Escrito por":"Jorge Matheus","Tiempo de lectura":"3 minutos"},"schema":{"@context":"https:\/\/schema.org","@graph":[{"@type":"Article","@id":"https:\/\/infoecos.com.ar\/index.php\/transformacion-digital-la-competencia-ya-no-es-entre-empresas-sino-entre-cadenas-de-suministro\/#article","isPartOf":{"@id":"https:\/\/infoecos.com.ar\/index.php\/transformacion-digital-la-competencia-ya-no-es-entre-empresas-sino-entre-cadenas-de-suministro\/"},"author":{"name":"Jorge Matheus","@id":"https:\/\/infoecos.com.ar\/#\/schema\/person\/8f5ace5ce73b4b4aac4b7245aee6f191"},"headline":"Transformaci\u00f3n digital: la competencia ya no es entre empresas, sino entre cadenas de suministro","datePublished":"2026-04-29T23:56:59+00:00","dateModified":"2026-04-29T23:57:00+00:00","mainEntityOfPage":{"@id":"https:\/\/infoecos.com.ar\/index.php\/transformacion-digital-la-competencia-ya-no-es-entre-empresas-sino-entre-cadenas-de-suministro\/"},"wordCount":656,"publisher":{"@id":"https:\/\/infoecos.com.ar\/#organization"},"image":{"@id":"https:\/\/infoecos.com.ar\/index.php\/transformacion-digital-la-competencia-ya-no-es-entre-empresas-sino-entre-cadenas-de-suministro\/#primaryimage"},"thumbnailUrl":"https:\/\/infoecos.com.ar\/wp-content\/uploads\/2026\/01\/image-107.png","keywords":["DEPORTE","REGIONAL"],"inLanguage":"es"},{"@type":"WebPage","@id":"https:\/\/infoecos.com.ar\/index.php\/transformacion-digital-la-competencia-ya-no-es-entre-empresas-sino-entre-cadenas-de-suministro\/","url":"https:\/\/infoecos.com.ar\/index.php\/transformacion-digital-la-competencia-ya-no-es-entre-empresas-sino-entre-cadenas-de-suministro\/","name":"Transformaci\u00f3n digital: la competencia ya no es entre empresas, sino entre cadenas de suministro - Infoecos","isPartOf":{"@id":"https:\/\/infoecos.com.ar\/#website"},"primaryImageOfPage":{"@id":"https:\/\/infoecos.com.ar\/index.php\/transformacion-digital-la-competencia-ya-no-es-entre-empresas-sino-entre-cadenas-de-suministro\/#primaryimage"},"image":{"@id":"https:\/\/infoecos.com.ar\/index.php\/transformacion-digital-la-competencia-ya-no-es-entre-empresas-sino-entre-cadenas-de-suministro\/#primaryimage"},"thumbnailUrl":"https:\/\/infoecos.com.ar\/wp-content\/uploads\/2026\/01\/image-107.png","datePublished":"2026-04-29T23:56:59+00:00","dateModified":"2026-04-29T23:57:00+00:00","breadcrumb":{"@id":"https:\/\/infoecos.com.ar\/index.php\/transformacion-digital-la-competencia-ya-no-es-entre-empresas-sino-entre-cadenas-de-suministro\/#breadcrumb"},"inLanguage":"es","potentialAction":[{"@type":"ReadAction","target":["https:\/\/infoecos.com.ar\/index.php\/transformacion-digital-la-competencia-ya-no-es-entre-empresas-sino-entre-cadenas-de-suministro\/"]}]},{"@type":"ImageObject","inLanguage":"es","@id":"https:\/\/infoecos.com.ar\/index.php\/transformacion-digital-la-competencia-ya-no-es-entre-empresas-sino-entre-cadenas-de-suministro\/#primaryimage","url":"https:\/\/infoecos.com.ar\/wp-content\/uploads\/2026\/01\/image-107.png","contentUrl":"https:\/\/infoecos.com.ar\/wp-content\/uploads\/2026\/01\/image-107.png","width":302,"height":104},{"@type":"BreadcrumbList","@id":"https:\/\/infoecos.com.ar\/index.php\/transformacion-digital-la-competencia-ya-no-es-entre-empresas-sino-entre-cadenas-de-suministro\/#breadcrumb","itemListElement":[{"@type":"ListItem","position":1,"name":"Portada","item":"https:\/\/infoecos.com.ar\/"},{"@type":"ListItem","position":2,"name":"Transformaci\u00f3n digital: la competencia ya no es entre empresas, sino entre cadenas de suministro"}]},{"@type":"WebSite","@id":"https:\/\/infoecos.com.ar\/#website","url":"https:\/\/infoecos.com.ar\/","name":"Infoecos","description":"Noticias de trenque lauquen y la zona","publisher":{"@id":"https:\/\/infoecos.com.ar\/#organization"},"alternateName":"Noticias","potentialAction":[{"@type":"SearchAction","target":{"@type":"EntryPoint","urlTemplate":"https:\/\/infoecos.com.ar\/?s={search_term_string}"},"query-input":{"@type":"PropertyValueSpecification","valueRequired":true,"valueName":"search_term_string"}}],"inLanguage":"es"},{"@type":"Organization","@id":"https:\/\/infoecos.com.ar\/#organization","name":"Infoecos","alternateName":"Noticias","url":"https:\/\/infoecos.com.ar\/","logo":{"@type":"ImageObject","inLanguage":"es","@id":"https:\/\/infoecos.com.ar\/#\/schema\/logo\/image\/","url":"https:\/\/infoecos.com.ar\/wp-content\/uploads\/2024\/03\/cropped-logo.png","contentUrl":"https:\/\/infoecos.com.ar\/wp-content\/uploads\/2024\/03\/cropped-logo.png","width":374,"height":90,"caption":"Infoecos"},"image":{"@id":"https:\/\/infoecos.com.ar\/#\/schema\/logo\/image\/"},"sameAs":["https:\/\/www.facebook.com\/profile.php?id=100063200290284","https:\/\/x.com\/infoecos"]},{"@type":"Person","@id":"https:\/\/infoecos.com.ar\/#\/schema\/person\/8f5ace5ce73b4b4aac4b7245aee6f191","name":"Jorge Matheus","url":"https:\/\/infoecos.com.ar\/index.php\/author\/jomatheus\/"}]}},"featured_image_urls":{"full":["https:\/\/infoecos.com.ar\/wp-content\/uploads\/2026\/01\/image-107.png",302,104,false],"thumbnail":["https:\/\/infoecos.com.ar\/wp-content\/uploads\/2026\/01\/image-107-300x104.png",300,104,true],"medium":["https:\/\/infoecos.com.ar\/wp-content\/uploads\/2026\/01\/image-107.png",302,104,false],"medium_large":["https:\/\/infoecos.com.ar\/wp-content\/uploads\/2026\/01\/image-107.png",302,104,false],"large":["https:\/\/infoecos.com.ar\/wp-content\/uploads\/2026\/01\/image-107.png",302,104,false],"1536x1536":["https:\/\/infoecos.com.ar\/wp-content\/uploads\/2026\/01\/image-107.png",302,104,false],"2048x2048":["https:\/\/infoecos.com.ar\/wp-content\/uploads\/2026\/01\/image-107.png",302,104,false],"covernews-slider-full":["https:\/\/infoecos.com.ar\/wp-content\/uploads\/2026\/01\/image-107.png",302,104,false],"covernews-slider-center":["https:\/\/infoecos.com.ar\/wp-content\/uploads\/2026\/01\/image-107.png",302,104,false],"covernews-featured":["https:\/\/infoecos.com.ar\/wp-content\/uploads\/2026\/01\/image-107.png",302,104,false],"covernews-medium":["https:\/\/infoecos.com.ar\/wp-content\/uploads\/2026\/01\/image-107.png",302,104,false],"covernews-medium-square":["https:\/\/infoecos.com.ar\/wp-content\/uploads\/2026\/01\/image-107.png",302,104,false]},"author_info":{"info":["Jorge Matheus"]},"category_info":"<a href=\"https:\/\/infoecos.com.ar\/index.php\/category\/sin-categoria\/\" rel=\"category tag\">Sin categor\u00eda<\/a>","tag_info":"Sin categor\u00eda","comment_count":"0","_links":{"self":[{"href":"https:\/\/infoecos.com.ar\/index.php\/wp-json\/wp\/v2\/posts\/157593"}],"collection":[{"href":"https:\/\/infoecos.com.ar\/index.php\/wp-json\/wp\/v2\/posts"}],"about":[{"href":"https:\/\/infoecos.com.ar\/index.php\/wp-json\/wp\/v2\/types\/post"}],"author":[{"embeddable":true,"href":"https:\/\/infoecos.com.ar\/index.php\/wp-json\/wp\/v2\/users\/2"}],"replies":[{"embeddable":true,"href":"https:\/\/infoecos.com.ar\/index.php\/wp-json\/wp\/v2\/comments?post=157593"}],"version-history":[{"count":1,"href":"https:\/\/infoecos.com.ar\/index.php\/wp-json\/wp\/v2\/posts\/157593\/revisions"}],"predecessor-version":[{"id":157595,"href":"https:\/\/infoecos.com.ar\/index.php\/wp-json\/wp\/v2\/posts\/157593\/revisions\/157595"}],"wp:featuredmedia":[{"embeddable":true,"href":"https:\/\/infoecos.com.ar\/index.php\/wp-json\/wp\/v2\/media\/152758"}],"wp:attachment":[{"href":"https:\/\/infoecos.com.ar\/index.php\/wp-json\/wp\/v2\/media?parent=157593"}],"wp:term":[{"taxonomy":"category","embeddable":true,"href":"https:\/\/infoecos.com.ar\/index.php\/wp-json\/wp\/v2\/categories?post=157593"},{"taxonomy":"post_tag","embeddable":true,"href":"https:\/\/infoecos.com.ar\/index.php\/wp-json\/wp\/v2\/tags?post=157593"}],"curies":[{"name":"wp","href":"https:\/\/api.w.org\/{rel}","templated":true}]}}