{"id":157596,"date":"2026-04-29T21:06:16","date_gmt":"2026-04-30T00:06:16","guid":{"rendered":"https:\/\/infoecos.com.ar\/?p=157596"},"modified":"2026-04-29T21:12:15","modified_gmt":"2026-04-30T00:12:15","slug":"el-sabado-2-de-mayo-desde-las-15-h-y-con-salida-desde-la-oficina-de-turismo-ubicada-en-la-esquina-de-la-terminal-de-omnibus-de-trenque-lauquen","status":"publish","type":"post","link":"https:\/\/infoecos.com.ar\/index.php\/el-sabado-2-de-mayo-desde-las-15-h-y-con-salida-desde-la-oficina-de-turismo-ubicada-en-la-esquina-de-la-terminal-de-omnibus-de-trenque-lauquen\/","title":{"rendered":"Biciturismo: s\u00e1bado 2 de mayo, desde las 15 hs y con salida en la esquina de la Terminal de \u00d3mnibus de Trenque Lauquen"},"content":{"rendered":"\n<p>El s\u00e1bado 2 de mayo, desde las 15 h y con salida desde la Oficina de Turismo, ubicada en la esquina de la Terminal de \u00d3mnibus, en Pereyra Rozas y Avenida Garc\u00eda Salinas, se realizar\u00e1 una nueva jornada de Biciturismo por la ciudad.<\/p>\n\n\n\n<p>La propuesta es impulsada por la Oficina de Promoci\u00f3n Tur\u00edstica, en el marco del programa \u201cViv\u00ed Trenque en Bici\u201d, en conjunto con la Direcci\u00f3n de Espacios Verdes, que invitan a la comunidad a pedalear y sumarse al concurso fotogr\u00e1fico \u201c150 Oto\u00f1os. Captura el bosque urbano que respira con nosotros\u00bb.<\/p>\n\n\n\n<p>Durante el recorrido, los participantes transitar\u00e1n en bicicleta por algunas de las calles m\u00e1s pintorescas de Trenque Lauquen, especialmente aquellas donde el oto\u00f1o se refleja en los colores de los \u00e1rboles. En cada parada se brindar\u00e1 informaci\u00f3n sobre las distintas especies, sus caracter\u00edsticas y los cambios que experimentan, como la ca\u00edda de las hojas o la variaci\u00f3n de colores.<\/p>\n\n\n\n<p>La actividad est\u00e1 pensada para disfrutar en familia, no tiene l\u00edmite de edad y es gratuita. Adem\u00e1s, quienes participen podr\u00e1n aprovechar para tomar fotograf\u00edas y formar parte del concurso.<\/p>\n\n\n\n<p>Las personas que no cuenten con bicicleta podr\u00e1n reservar una a trav\u00e9s del programa \u201cViv\u00ed Trenque en Bici\u201d, comunic\u00e1ndose al tel\u00e9fono 2392-611980. Se recomienda llevar mate y celular o c\u00e1mara de fotos.<\/p>\n\n\n\n<p>El recorrido contar\u00e1 con el acompa\u00f1amiento de personal de Tr\u00e1nsito para garantizar la seguridad de los asistentes, y se recomienda el uso de casco como medida de seguridad.<\/p>\n","protected":false},"excerpt":{"rendered":"<p>El s\u00e1bado 2 de mayo, desde las 15 h y con salida desde la Oficina&#8230;<\/p>\n","protected":false},"author":2,"featured_media":118689,"comment_status":"closed","ping_status":"open","sticky":false,"template":"","format":"standard","meta":{"footnotes":""},"categories":[1],"tags":[10298,10290],"class_list":["post-157596","post","type-post","status-publish","format-standard","has-post-thumbnail","hentry","category-sin-categoria","tag-bloque-inferior","tag-entretenimiento"],"yoast_head":"<!-- This site is optimized with the Yoast SEO plugin v23.4 - https:\/\/yoast.com\/wordpress\/plugins\/seo\/ -->\n<title>Biciturismo: s\u00e1bado 2 de mayo, desde las 15 hs y con salida en la esquina de la Terminal de \u00d3mnibus de Trenque Lauquen - Infoecos<\/title>\n<meta name=\"robots\" content=\"index, follow, max-snippet:-1, max-image-preview:large, max-video-preview:-1\" \/>\n<link rel=\"canonical\" href=\"https:\/\/infoecos.com.ar\/index.php\/el-sabado-2-de-mayo-desde-las-15-h-y-con-salida-desde-la-oficina-de-turismo-ubicada-en-la-esquina-de-la-terminal-de-omnibus-de-trenque-lauquen\/\" \/>\n<meta property=\"og:locale\" content=\"es_ES\" \/>\n<meta property=\"og:type\" content=\"article\" \/>\n<meta property=\"og:title\" content=\"Biciturismo: s\u00e1bado 2 de mayo, desde las 15 hs y con salida en la esquina de la Terminal de \u00d3mnibus de Trenque Lauquen - Infoecos\" \/>\n<meta property=\"og:description\" content=\"El s\u00e1bado 2 de mayo, desde las 15 h y con salida desde la Oficina...\" \/>\n<meta property=\"og:url\" content=\"https:\/\/infoecos.com.ar\/index.php\/el-sabado-2-de-mayo-desde-las-15-h-y-con-salida-desde-la-oficina-de-turismo-ubicada-en-la-esquina-de-la-terminal-de-omnibus-de-trenque-lauquen\/\" \/>\n<meta property=\"og:site_name\" content=\"Infoecos\" \/>\n<meta property=\"article:publisher\" content=\"https:\/\/www.facebook.com\/profile.php?id=100063200290284\" \/>\n<meta property=\"article:published_time\" content=\"2026-04-30T00:06:16+00:00\" \/>\n<meta property=\"article:modified_time\" content=\"2026-04-30T00:12:15+00:00\" \/>\n<meta property=\"og:image\" content=\"https:\/\/infoecos.com.ar\/wp-content\/uploads\/2024\/02\/Biciturismo-3.jpeg\" \/>\n\t<meta property=\"og:image:width\" content=\"1080\" \/>\n\t<meta property=\"og:image:height\" content=\"1352\" \/>\n\t<meta property=\"og:image:type\" content=\"image\/jpeg\" \/>\n<meta name=\"author\" content=\"Jorge Matheus\" \/>\n<meta name=\"twitter:card\" content=\"summary_large_image\" \/>\n<meta name=\"twitter:creator\" content=\"@infoecos\" \/>\n<meta name=\"twitter:site\" content=\"@infoecos\" \/>\n<meta name=\"twitter:label1\" content=\"Escrito por\" \/>\n\t<meta name=\"twitter:data1\" content=\"Jorge Matheus\" \/>\n\t<meta name=\"twitter:label2\" content=\"Tiempo de lectura\" \/>\n\t<meta name=\"twitter:data2\" content=\"2 minutos\" \/>\n<script type=\"application\/ld+json\" class=\"yoast-schema-graph\">{\"@context\":\"https:\/\/schema.org\",\"@graph\":[{\"@type\":\"Article\",\"@id\":\"https:\/\/infoecos.com.ar\/index.php\/el-sabado-2-de-mayo-desde-las-15-h-y-con-salida-desde-la-oficina-de-turismo-ubicada-en-la-esquina-de-la-terminal-de-omnibus-de-trenque-lauquen\/#article\",\"isPartOf\":{\"@id\":\"https:\/\/infoecos.com.ar\/index.php\/el-sabado-2-de-mayo-desde-las-15-h-y-con-salida-desde-la-oficina-de-turismo-ubicada-en-la-esquina-de-la-terminal-de-omnibus-de-trenque-lauquen\/\"},\"author\":{\"name\":\"Jorge Matheus\",\"@id\":\"https:\/\/infoecos.com.ar\/#\/schema\/person\/8f5ace5ce73b4b4aac4b7245aee6f191\"},\"headline\":\"Biciturismo: s\u00e1bado 2 de mayo, desde las 15 hs y con salida en la esquina de la Terminal de \u00d3mnibus de Trenque Lauquen\",\"datePublished\":\"2026-04-30T00:06:16+00:00\",\"dateModified\":\"2026-04-30T00:12:15+00:00\",\"mainEntityOfPage\":{\"@id\":\"https:\/\/infoecos.com.ar\/index.php\/el-sabado-2-de-mayo-desde-las-15-h-y-con-salida-desde-la-oficina-de-turismo-ubicada-en-la-esquina-de-la-terminal-de-omnibus-de-trenque-lauquen\/\"},\"wordCount\":284,\"publisher\":{\"@id\":\"https:\/\/infoecos.com.ar\/#organization\"},\"image\":{\"@id\":\"https:\/\/infoecos.com.ar\/index.php\/el-sabado-2-de-mayo-desde-las-15-h-y-con-salida-desde-la-oficina-de-turismo-ubicada-en-la-esquina-de-la-terminal-de-omnibus-de-trenque-lauquen\/#primaryimage\"},\"thumbnailUrl\":\"https:\/\/infoecos.com.ar\/wp-content\/uploads\/2024\/02\/Biciturismo-3.jpeg\",\"keywords\":[\"Bloque inferior\",\"Entretenimiento\"],\"inLanguage\":\"es\"},{\"@type\":\"WebPage\",\"@id\":\"https:\/\/infoecos.com.ar\/index.php\/el-sabado-2-de-mayo-desde-las-15-h-y-con-salida-desde-la-oficina-de-turismo-ubicada-en-la-esquina-de-la-terminal-de-omnibus-de-trenque-lauquen\/\",\"url\":\"https:\/\/infoecos.com.ar\/index.php\/el-sabado-2-de-mayo-desde-las-15-h-y-con-salida-desde-la-oficina-de-turismo-ubicada-en-la-esquina-de-la-terminal-de-omnibus-de-trenque-lauquen\/\",\"name\":\"Biciturismo: s\u00e1bado 2 de mayo, desde las 15 hs y con salida en la esquina de la Terminal de \u00d3mnibus de Trenque Lauquen - Infoecos\",\"isPartOf\":{\"@id\":\"https:\/\/infoecos.com.ar\/#website\"},\"primaryImageOfPage\":{\"@id\":\"https:\/\/infoecos.com.ar\/index.php\/el-sabado-2-de-mayo-desde-las-15-h-y-con-salida-desde-la-oficina-de-turismo-ubicada-en-la-esquina-de-la-terminal-de-omnibus-de-trenque-lauquen\/#primaryimage\"},\"image\":{\"@id\":\"https:\/\/infoecos.com.ar\/index.php\/el-sabado-2-de-mayo-desde-las-15-h-y-con-salida-desde-la-oficina-de-turismo-ubicada-en-la-esquina-de-la-terminal-de-omnibus-de-trenque-lauquen\/#primaryimage\"},\"thumbnailUrl\":\"https:\/\/infoecos.com.ar\/wp-content\/uploads\/2024\/02\/Biciturismo-3.jpeg\",\"datePublished\":\"2026-04-30T00:06:16+00:00\",\"dateModified\":\"2026-04-30T00:12:15+00:00\",\"breadcrumb\":{\"@id\":\"https:\/\/infoecos.com.ar\/index.php\/el-sabado-2-de-mayo-desde-las-15-h-y-con-salida-desde-la-oficina-de-turismo-ubicada-en-la-esquina-de-la-terminal-de-omnibus-de-trenque-lauquen\/#breadcrumb\"},\"inLanguage\":\"es\",\"potentialAction\":[{\"@type\":\"ReadAction\",\"target\":[\"https:\/\/infoecos.com.ar\/index.php\/el-sabado-2-de-mayo-desde-las-15-h-y-con-salida-desde-la-oficina-de-turismo-ubicada-en-la-esquina-de-la-terminal-de-omnibus-de-trenque-lauquen\/\"]}]},{\"@type\":\"ImageObject\",\"inLanguage\":\"es\",\"@id\":\"https:\/\/infoecos.com.ar\/index.php\/el-sabado-2-de-mayo-desde-las-15-h-y-con-salida-desde-la-oficina-de-turismo-ubicada-en-la-esquina-de-la-terminal-de-omnibus-de-trenque-lauquen\/#primaryimage\",\"url\":\"https:\/\/infoecos.com.ar\/wp-content\/uploads\/2024\/02\/Biciturismo-3.jpeg\",\"contentUrl\":\"https:\/\/infoecos.com.ar\/wp-content\/uploads\/2024\/02\/Biciturismo-3.jpeg\",\"width\":1080,\"height\":1352},{\"@type\":\"BreadcrumbList\",\"@id\":\"https:\/\/infoecos.com.ar\/index.php\/el-sabado-2-de-mayo-desde-las-15-h-y-con-salida-desde-la-oficina-de-turismo-ubicada-en-la-esquina-de-la-terminal-de-omnibus-de-trenque-lauquen\/#breadcrumb\",\"itemListElement\":[{\"@type\":\"ListItem\",\"position\":1,\"name\":\"Portada\",\"item\":\"https:\/\/infoecos.com.ar\/\"},{\"@type\":\"ListItem\",\"position\":2,\"name\":\"Biciturismo: s\u00e1bado 2 de mayo, desde las 15 hs y con salida en la esquina de la Terminal de \u00d3mnibus de Trenque Lauquen\"}]},{\"@type\":\"WebSite\",\"@id\":\"https:\/\/infoecos.com.ar\/#website\",\"url\":\"https:\/\/infoecos.com.ar\/\",\"name\":\"Infoecos\",\"description\":\"Noticias de trenque lauquen y la zona\",\"publisher\":{\"@id\":\"https:\/\/infoecos.com.ar\/#organization\"},\"alternateName\":\"Noticias\",\"potentialAction\":[{\"@type\":\"SearchAction\",\"target\":{\"@type\":\"EntryPoint\",\"urlTemplate\":\"https:\/\/infoecos.com.ar\/?s={search_term_string}\"},\"query-input\":{\"@type\":\"PropertyValueSpecification\",\"valueRequired\":true,\"valueName\":\"search_term_string\"}}],\"inLanguage\":\"es\"},{\"@type\":\"Organization\",\"@id\":\"https:\/\/infoecos.com.ar\/#organization\",\"name\":\"Infoecos\",\"alternateName\":\"Noticias\",\"url\":\"https:\/\/infoecos.com.ar\/\",\"logo\":{\"@type\":\"ImageObject\",\"inLanguage\":\"es\",\"@id\":\"https:\/\/infoecos.com.ar\/#\/schema\/logo\/image\/\",\"url\":\"https:\/\/infoecos.com.ar\/wp-content\/uploads\/2024\/03\/cropped-logo.png\",\"contentUrl\":\"https:\/\/infoecos.com.ar\/wp-content\/uploads\/2024\/03\/cropped-logo.png\",\"width\":374,\"height\":90,\"caption\":\"Infoecos\"},\"image\":{\"@id\":\"https:\/\/infoecos.com.ar\/#\/schema\/logo\/image\/\"},\"sameAs\":[\"https:\/\/www.facebook.com\/profile.php?id=100063200290284\",\"https:\/\/x.com\/infoecos\"]},{\"@type\":\"Person\",\"@id\":\"https:\/\/infoecos.com.ar\/#\/schema\/person\/8f5ace5ce73b4b4aac4b7245aee6f191\",\"name\":\"Jorge Matheus\",\"url\":\"https:\/\/infoecos.com.ar\/index.php\/author\/jomatheus\/\"}]}<\/script>\n<!-- \/ Yoast SEO plugin. -->","yoast_head_json":{"title":"Biciturismo: s\u00e1bado 2 de mayo, desde las 15 hs y con salida en la esquina de la Terminal de \u00d3mnibus de Trenque Lauquen - Infoecos","robots":{"index":"index","follow":"follow","max-snippet":"max-snippet:-1","max-image-preview":"max-image-preview:large","max-video-preview":"max-video-preview:-1"},"canonical":"https:\/\/infoecos.com.ar\/index.php\/el-sabado-2-de-mayo-desde-las-15-h-y-con-salida-desde-la-oficina-de-turismo-ubicada-en-la-esquina-de-la-terminal-de-omnibus-de-trenque-lauquen\/","og_locale":"es_ES","og_type":"article","og_title":"Biciturismo: s\u00e1bado 2 de mayo, desde las 15 hs y con salida en la esquina de la Terminal de \u00d3mnibus de Trenque Lauquen - Infoecos","og_description":"El s\u00e1bado 2 de mayo, desde las 15 h y con salida desde la Oficina...","og_url":"https:\/\/infoecos.com.ar\/index.php\/el-sabado-2-de-mayo-desde-las-15-h-y-con-salida-desde-la-oficina-de-turismo-ubicada-en-la-esquina-de-la-terminal-de-omnibus-de-trenque-lauquen\/","og_site_name":"Infoecos","article_publisher":"https:\/\/www.facebook.com\/profile.php?id=100063200290284","article_published_time":"2026-04-30T00:06:16+00:00","article_modified_time":"2026-04-30T00:12:15+00:00","og_image":[{"width":1080,"height":1352,"url":"https:\/\/infoecos.com.ar\/wp-content\/uploads\/2024\/02\/Biciturismo-3.jpeg","type":"image\/jpeg"}],"author":"Jorge Matheus","twitter_card":"summary_large_image","twitter_creator":"@infoecos","twitter_site":"@infoecos","twitter_misc":{"Escrito por":"Jorge Matheus","Tiempo de lectura":"2 minutos"},"schema":{"@context":"https:\/\/schema.org","@graph":[{"@type":"Article","@id":"https:\/\/infoecos.com.ar\/index.php\/el-sabado-2-de-mayo-desde-las-15-h-y-con-salida-desde-la-oficina-de-turismo-ubicada-en-la-esquina-de-la-terminal-de-omnibus-de-trenque-lauquen\/#article","isPartOf":{"@id":"https:\/\/infoecos.com.ar\/index.php\/el-sabado-2-de-mayo-desde-las-15-h-y-con-salida-desde-la-oficina-de-turismo-ubicada-en-la-esquina-de-la-terminal-de-omnibus-de-trenque-lauquen\/"},"author":{"name":"Jorge Matheus","@id":"https:\/\/infoecos.com.ar\/#\/schema\/person\/8f5ace5ce73b4b4aac4b7245aee6f191"},"headline":"Biciturismo: s\u00e1bado 2 de mayo, desde las 15 hs y con salida en la esquina de la Terminal de \u00d3mnibus de Trenque Lauquen","datePublished":"2026-04-30T00:06:16+00:00","dateModified":"2026-04-30T00:12:15+00:00","mainEntityOfPage":{"@id":"https:\/\/infoecos.com.ar\/index.php\/el-sabado-2-de-mayo-desde-las-15-h-y-con-salida-desde-la-oficina-de-turismo-ubicada-en-la-esquina-de-la-terminal-de-omnibus-de-trenque-lauquen\/"},"wordCount":284,"publisher":{"@id":"https:\/\/infoecos.com.ar\/#organization"},"image":{"@id":"https:\/\/infoecos.com.ar\/index.php\/el-sabado-2-de-mayo-desde-las-15-h-y-con-salida-desde-la-oficina-de-turismo-ubicada-en-la-esquina-de-la-terminal-de-omnibus-de-trenque-lauquen\/#primaryimage"},"thumbnailUrl":"https:\/\/infoecos.com.ar\/wp-content\/uploads\/2024\/02\/Biciturismo-3.jpeg","keywords":["Bloque inferior","Entretenimiento"],"inLanguage":"es"},{"@type":"WebPage","@id":"https:\/\/infoecos.com.ar\/index.php\/el-sabado-2-de-mayo-desde-las-15-h-y-con-salida-desde-la-oficina-de-turismo-ubicada-en-la-esquina-de-la-terminal-de-omnibus-de-trenque-lauquen\/","url":"https:\/\/infoecos.com.ar\/index.php\/el-sabado-2-de-mayo-desde-las-15-h-y-con-salida-desde-la-oficina-de-turismo-ubicada-en-la-esquina-de-la-terminal-de-omnibus-de-trenque-lauquen\/","name":"Biciturismo: s\u00e1bado 2 de mayo, desde las 15 hs y con salida en la esquina de la Terminal de \u00d3mnibus de Trenque Lauquen - Infoecos","isPartOf":{"@id":"https:\/\/infoecos.com.ar\/#website"},"primaryImageOfPage":{"@id":"https:\/\/infoecos.com.ar\/index.php\/el-sabado-2-de-mayo-desde-las-15-h-y-con-salida-desde-la-oficina-de-turismo-ubicada-en-la-esquina-de-la-terminal-de-omnibus-de-trenque-lauquen\/#primaryimage"},"image":{"@id":"https:\/\/infoecos.com.ar\/index.php\/el-sabado-2-de-mayo-desde-las-15-h-y-con-salida-desde-la-oficina-de-turismo-ubicada-en-la-esquina-de-la-terminal-de-omnibus-de-trenque-lauquen\/#primaryimage"},"thumbnailUrl":"https:\/\/infoecos.com.ar\/wp-content\/uploads\/2024\/02\/Biciturismo-3.jpeg","datePublished":"2026-04-30T00:06:16+00:00","dateModified":"2026-04-30T00:12:15+00:00","breadcrumb":{"@id":"https:\/\/infoecos.com.ar\/index.php\/el-sabado-2-de-mayo-desde-las-15-h-y-con-salida-desde-la-oficina-de-turismo-ubicada-en-la-esquina-de-la-terminal-de-omnibus-de-trenque-lauquen\/#breadcrumb"},"inLanguage":"es","potentialAction":[{"@type":"ReadAction","target":["https:\/\/infoecos.com.ar\/index.php\/el-sabado-2-de-mayo-desde-las-15-h-y-con-salida-desde-la-oficina-de-turismo-ubicada-en-la-esquina-de-la-terminal-de-omnibus-de-trenque-lauquen\/"]}]},{"@type":"ImageObject","inLanguage":"es","@id":"https:\/\/infoecos.com.ar\/index.php\/el-sabado-2-de-mayo-desde-las-15-h-y-con-salida-desde-la-oficina-de-turismo-ubicada-en-la-esquina-de-la-terminal-de-omnibus-de-trenque-lauquen\/#primaryimage","url":"https:\/\/infoecos.com.ar\/wp-content\/uploads\/2024\/02\/Biciturismo-3.jpeg","contentUrl":"https:\/\/infoecos.com.ar\/wp-content\/uploads\/2024\/02\/Biciturismo-3.jpeg","width":1080,"height":1352},{"@type":"BreadcrumbList","@id":"https:\/\/infoecos.com.ar\/index.php\/el-sabado-2-de-mayo-desde-las-15-h-y-con-salida-desde-la-oficina-de-turismo-ubicada-en-la-esquina-de-la-terminal-de-omnibus-de-trenque-lauquen\/#breadcrumb","itemListElement":[{"@type":"ListItem","position":1,"name":"Portada","item":"https:\/\/infoecos.com.ar\/"},{"@type":"ListItem","position":2,"name":"Biciturismo: s\u00e1bado 2 de mayo, desde las 15 hs y con salida en la esquina de la Terminal de \u00d3mnibus de Trenque Lauquen"}]},{"@type":"WebSite","@id":"https:\/\/infoecos.com.ar\/#website","url":"https:\/\/infoecos.com.ar\/","name":"Infoecos","description":"Noticias de trenque lauquen y la zona","publisher":{"@id":"https:\/\/infoecos.com.ar\/#organization"},"alternateName":"Noticias","potentialAction":[{"@type":"SearchAction","target":{"@type":"EntryPoint","urlTemplate":"https:\/\/infoecos.com.ar\/?s={search_term_string}"},"query-input":{"@type":"PropertyValueSpecification","valueRequired":true,"valueName":"search_term_string"}}],"inLanguage":"es"},{"@type":"Organization","@id":"https:\/\/infoecos.com.ar\/#organization","name":"Infoecos","alternateName":"Noticias","url":"https:\/\/infoecos.com.ar\/","logo":{"@type":"ImageObject","inLanguage":"es","@id":"https:\/\/infoecos.com.ar\/#\/schema\/logo\/image\/","url":"https:\/\/infoecos.com.ar\/wp-content\/uploads\/2024\/03\/cropped-logo.png","contentUrl":"https:\/\/infoecos.com.ar\/wp-content\/uploads\/2024\/03\/cropped-logo.png","width":374,"height":90,"caption":"Infoecos"},"image":{"@id":"https:\/\/infoecos.com.ar\/#\/schema\/logo\/image\/"},"sameAs":["https:\/\/www.facebook.com\/profile.php?id=100063200290284","https:\/\/x.com\/infoecos"]},{"@type":"Person","@id":"https:\/\/infoecos.com.ar\/#\/schema\/person\/8f5ace5ce73b4b4aac4b7245aee6f191","name":"Jorge Matheus","url":"https:\/\/infoecos.com.ar\/index.php\/author\/jomatheus\/"}]}},"featured_image_urls":{"full":["https:\/\/infoecos.com.ar\/wp-content\/uploads\/2024\/02\/Biciturismo-3.jpeg",1080,1352,false],"thumbnail":["https:\/\/infoecos.com.ar\/wp-content\/uploads\/2024\/02\/Biciturismo-3-300x150.jpeg",300,150,true],"medium":["https:\/\/infoecos.com.ar\/wp-content\/uploads\/2024\/02\/Biciturismo-3-639x800.jpeg",639,800,true],"medium_large":["https:\/\/infoecos.com.ar\/wp-content\/uploads\/2024\/02\/Biciturismo-3-768x961.jpeg",640,801,true],"large":["https:\/\/infoecos.com.ar\/wp-content\/uploads\/2024\/02\/Biciturismo-3.jpeg",640,801,false],"1536x1536":["https:\/\/infoecos.com.ar\/wp-content\/uploads\/2024\/02\/Biciturismo-3.jpeg",1080,1352,false],"2048x2048":["https:\/\/infoecos.com.ar\/wp-content\/uploads\/2024\/02\/Biciturismo-3.jpeg",1080,1352,false],"covernews-slider-full":["https:\/\/infoecos.com.ar\/wp-content\/uploads\/2024\/02\/Biciturismo-3-1080x1020.jpeg",757,715,true],"covernews-slider-center":["https:\/\/infoecos.com.ar\/wp-content\/uploads\/2024\/02\/Biciturismo-3-936x897.jpeg",522,500,true],"covernews-featured":["https:\/\/infoecos.com.ar\/wp-content\/uploads\/2024\/02\/Biciturismo-3-1024x1282.jpeg",1024,1282,true],"covernews-medium":["https:\/\/infoecos.com.ar\/wp-content\/uploads\/2024\/02\/Biciturismo-3-720x380.jpeg",540,285,true],"covernews-medium-square":["https:\/\/infoecos.com.ar\/wp-content\/uploads\/2024\/02\/Biciturismo-3-675x450.jpeg",375,250,true]},"author_info":{"info":["Jorge Matheus"]},"category_info":"<a href=\"https:\/\/infoecos.com.ar\/index.php\/category\/sin-categoria\/\" rel=\"category tag\">Sin categor\u00eda<\/a>","tag_info":"Sin categor\u00eda","comment_count":"0","_links":{"self":[{"href":"https:\/\/infoecos.com.ar\/index.php\/wp-json\/wp\/v2\/posts\/157596"}],"collection":[{"href":"https:\/\/infoecos.com.ar\/index.php\/wp-json\/wp\/v2\/posts"}],"about":[{"href":"https:\/\/infoecos.com.ar\/index.php\/wp-json\/wp\/v2\/types\/post"}],"author":[{"embeddable":true,"href":"https:\/\/infoecos.com.ar\/index.php\/wp-json\/wp\/v2\/users\/2"}],"replies":[{"embeddable":true,"href":"https:\/\/infoecos.com.ar\/index.php\/wp-json\/wp\/v2\/comments?post=157596"}],"version-history":[{"count":3,"href":"https:\/\/infoecos.com.ar\/index.php\/wp-json\/wp\/v2\/posts\/157596\/revisions"}],"predecessor-version":[{"id":157601,"href":"https:\/\/infoecos.com.ar\/index.php\/wp-json\/wp\/v2\/posts\/157596\/revisions\/157601"}],"wp:featuredmedia":[{"embeddable":true,"href":"https:\/\/infoecos.com.ar\/index.php\/wp-json\/wp\/v2\/media\/118689"}],"wp:attachment":[{"href":"https:\/\/infoecos.com.ar\/index.php\/wp-json\/wp\/v2\/media?parent=157596"}],"wp:term":[{"taxonomy":"category","embeddable":true,"href":"https:\/\/infoecos.com.ar\/index.php\/wp-json\/wp\/v2\/categories?post=157596"},{"taxonomy":"post_tag","embeddable":true,"href":"https:\/\/infoecos.com.ar\/index.php\/wp-json\/wp\/v2\/tags?post=157596"}],"curies":[{"name":"wp","href":"https:\/\/api.w.org\/{rel}","templated":true}]}}