{"id":157599,"date":"2026-04-29T21:11:33","date_gmt":"2026-04-30T00:11:33","guid":{"rendered":"https:\/\/infoecos.com.ar\/?p=157599"},"modified":"2026-04-29T21:11:33","modified_gmt":"2026-04-30T00:11:33","slug":"jornada-de-destrezas-gauchas-en-el-ex-3-de-fierro-ubicado-en-macaya-y-mirabelli-de-trenque-lauquen","status":"publish","type":"post","link":"https:\/\/infoecos.com.ar\/index.php\/jornada-de-destrezas-gauchas-en-el-ex-3-de-fierro-ubicado-en-macaya-y-mirabelli-de-trenque-lauquen\/","title":{"rendered":"Jornada de Destrezas Gauchas en el ex 3 de Fierro, ubicado en Macaya y Mirabelli de Trenque Lauquen"},"content":{"rendered":"\n<p>Este viernes 1\u00ba de mayo a partir de las 10 hs en el Ex 3 de Fierro (Macaya y Mirabelli) se realizar\u00e1 una jornada de Destrezas Gauchas, organizada por la Direcci\u00f3n de Cultura con la coordinaci\u00f3n del tradicionalista Marcelo Luengo.<\/p>\n\n\n\n<p>\u201cEste 1\u00ba de mayo, D\u00eda del Trabajador, decidimos festejarlo con actividades ecuestres en el campito de Macaya y Mirabelli y como en a\u00f1os anteriores vamos a estar con carreras de sortija, pruebas de tambores, juegos y entretenimientos, sin costo y para divertirse en familia\u201d, coment\u00f3 Marcelo Luengo.<\/p>\n\n\n\n<p>La inscripci\u00f3n para participar de las pruebas no tendr\u00e1 costo y se podr\u00e1 realizar en el mismo d\u00eda.<\/p>\n\n\n\n<p><\/p>\n","protected":false},"excerpt":{"rendered":"<p>Este viernes 1\u00ba de mayo a partir de las 10 hs en el Ex 3&#8230;<\/p>\n","protected":false},"author":2,"featured_media":153691,"comment_status":"closed","ping_status":"open","sticky":false,"template":"","format":"standard","meta":{"footnotes":""},"categories":[1],"tags":[10298,97],"class_list":["post-157599","post","type-post","status-publish","format-standard","has-post-thumbnail","hentry","category-sin-categoria","tag-bloque-inferior","tag-economia"],"yoast_head":"<!-- This site is optimized with the Yoast SEO plugin v23.4 - https:\/\/yoast.com\/wordpress\/plugins\/seo\/ -->\n<title>Jornada de Destrezas Gauchas en el ex 3 de Fierro, ubicado en Macaya y Mirabelli de Trenque Lauquen - Infoecos<\/title>\n<meta name=\"robots\" content=\"index, follow, max-snippet:-1, max-image-preview:large, max-video-preview:-1\" \/>\n<link rel=\"canonical\" href=\"https:\/\/infoecos.com.ar\/index.php\/jornada-de-destrezas-gauchas-en-el-ex-3-de-fierro-ubicado-en-macaya-y-mirabelli-de-trenque-lauquen\/\" \/>\n<meta property=\"og:locale\" content=\"es_ES\" \/>\n<meta property=\"og:type\" content=\"article\" \/>\n<meta property=\"og:title\" content=\"Jornada de Destrezas Gauchas en el ex 3 de Fierro, ubicado en Macaya y Mirabelli de Trenque Lauquen - Infoecos\" \/>\n<meta property=\"og:description\" content=\"Este viernes 1\u00ba de mayo a partir de las 10 hs en el Ex 3...\" \/>\n<meta property=\"og:url\" content=\"https:\/\/infoecos.com.ar\/index.php\/jornada-de-destrezas-gauchas-en-el-ex-3-de-fierro-ubicado-en-macaya-y-mirabelli-de-trenque-lauquen\/\" \/>\n<meta property=\"og:site_name\" content=\"Infoecos\" \/>\n<meta property=\"article:publisher\" content=\"https:\/\/www.facebook.com\/profile.php?id=100063200290284\" \/>\n<meta property=\"article:published_time\" content=\"2026-04-30T00:11:33+00:00\" \/>\n<meta property=\"og:image\" content=\"https:\/\/infoecos.com.ar\/wp-content\/uploads\/2026\/02\/olavarria-doma-y-folclore-1300x934-copia.jpg\" \/>\n\t<meta property=\"og:image:width\" content=\"1300\" \/>\n\t<meta property=\"og:image:height\" content=\"934\" \/>\n\t<meta property=\"og:image:type\" content=\"image\/jpeg\" \/>\n<meta name=\"author\" content=\"Jorge Matheus\" \/>\n<meta name=\"twitter:card\" content=\"summary_large_image\" \/>\n<meta name=\"twitter:creator\" content=\"@infoecos\" \/>\n<meta name=\"twitter:site\" content=\"@infoecos\" \/>\n<meta name=\"twitter:label1\" content=\"Escrito por\" \/>\n\t<meta name=\"twitter:data1\" content=\"Jorge Matheus\" \/>\n\t<meta name=\"twitter:label2\" content=\"Tiempo de lectura\" \/>\n\t<meta name=\"twitter:data2\" content=\"1 minuto\" \/>\n<script type=\"application\/ld+json\" class=\"yoast-schema-graph\">{\"@context\":\"https:\/\/schema.org\",\"@graph\":[{\"@type\":\"Article\",\"@id\":\"https:\/\/infoecos.com.ar\/index.php\/jornada-de-destrezas-gauchas-en-el-ex-3-de-fierro-ubicado-en-macaya-y-mirabelli-de-trenque-lauquen\/#article\",\"isPartOf\":{\"@id\":\"https:\/\/infoecos.com.ar\/index.php\/jornada-de-destrezas-gauchas-en-el-ex-3-de-fierro-ubicado-en-macaya-y-mirabelli-de-trenque-lauquen\/\"},\"author\":{\"name\":\"Jorge Matheus\",\"@id\":\"https:\/\/infoecos.com.ar\/#\/schema\/person\/8f5ace5ce73b4b4aac4b7245aee6f191\"},\"headline\":\"Jornada de Destrezas Gauchas en el ex 3 de Fierro, ubicado en Macaya y Mirabelli de Trenque Lauquen\",\"datePublished\":\"2026-04-30T00:11:33+00:00\",\"dateModified\":\"2026-04-30T00:11:33+00:00\",\"mainEntityOfPage\":{\"@id\":\"https:\/\/infoecos.com.ar\/index.php\/jornada-de-destrezas-gauchas-en-el-ex-3-de-fierro-ubicado-en-macaya-y-mirabelli-de-trenque-lauquen\/\"},\"wordCount\":124,\"publisher\":{\"@id\":\"https:\/\/infoecos.com.ar\/#organization\"},\"image\":{\"@id\":\"https:\/\/infoecos.com.ar\/index.php\/jornada-de-destrezas-gauchas-en-el-ex-3-de-fierro-ubicado-en-macaya-y-mirabelli-de-trenque-lauquen\/#primaryimage\"},\"thumbnailUrl\":\"https:\/\/infoecos.com.ar\/wp-content\/uploads\/2026\/02\/olavarria-doma-y-folclore-1300x934-copia.jpg\",\"keywords\":[\"Bloque inferior\",\"ECONOM\u00cdA\"],\"inLanguage\":\"es\"},{\"@type\":\"WebPage\",\"@id\":\"https:\/\/infoecos.com.ar\/index.php\/jornada-de-destrezas-gauchas-en-el-ex-3-de-fierro-ubicado-en-macaya-y-mirabelli-de-trenque-lauquen\/\",\"url\":\"https:\/\/infoecos.com.ar\/index.php\/jornada-de-destrezas-gauchas-en-el-ex-3-de-fierro-ubicado-en-macaya-y-mirabelli-de-trenque-lauquen\/\",\"name\":\"Jornada de Destrezas Gauchas en el ex 3 de Fierro, ubicado en Macaya y Mirabelli de Trenque Lauquen - Infoecos\",\"isPartOf\":{\"@id\":\"https:\/\/infoecos.com.ar\/#website\"},\"primaryImageOfPage\":{\"@id\":\"https:\/\/infoecos.com.ar\/index.php\/jornada-de-destrezas-gauchas-en-el-ex-3-de-fierro-ubicado-en-macaya-y-mirabelli-de-trenque-lauquen\/#primaryimage\"},\"image\":{\"@id\":\"https:\/\/infoecos.com.ar\/index.php\/jornada-de-destrezas-gauchas-en-el-ex-3-de-fierro-ubicado-en-macaya-y-mirabelli-de-trenque-lauquen\/#primaryimage\"},\"thumbnailUrl\":\"https:\/\/infoecos.com.ar\/wp-content\/uploads\/2026\/02\/olavarria-doma-y-folclore-1300x934-copia.jpg\",\"datePublished\":\"2026-04-30T00:11:33+00:00\",\"dateModified\":\"2026-04-30T00:11:33+00:00\",\"breadcrumb\":{\"@id\":\"https:\/\/infoecos.com.ar\/index.php\/jornada-de-destrezas-gauchas-en-el-ex-3-de-fierro-ubicado-en-macaya-y-mirabelli-de-trenque-lauquen\/#breadcrumb\"},\"inLanguage\":\"es\",\"potentialAction\":[{\"@type\":\"ReadAction\",\"target\":[\"https:\/\/infoecos.com.ar\/index.php\/jornada-de-destrezas-gauchas-en-el-ex-3-de-fierro-ubicado-en-macaya-y-mirabelli-de-trenque-lauquen\/\"]}]},{\"@type\":\"ImageObject\",\"inLanguage\":\"es\",\"@id\":\"https:\/\/infoecos.com.ar\/index.php\/jornada-de-destrezas-gauchas-en-el-ex-3-de-fierro-ubicado-en-macaya-y-mirabelli-de-trenque-lauquen\/#primaryimage\",\"url\":\"https:\/\/infoecos.com.ar\/wp-content\/uploads\/2026\/02\/olavarria-doma-y-folclore-1300x934-copia.jpg\",\"contentUrl\":\"https:\/\/infoecos.com.ar\/wp-content\/uploads\/2026\/02\/olavarria-doma-y-folclore-1300x934-copia.jpg\",\"width\":1300,\"height\":934},{\"@type\":\"BreadcrumbList\",\"@id\":\"https:\/\/infoecos.com.ar\/index.php\/jornada-de-destrezas-gauchas-en-el-ex-3-de-fierro-ubicado-en-macaya-y-mirabelli-de-trenque-lauquen\/#breadcrumb\",\"itemListElement\":[{\"@type\":\"ListItem\",\"position\":1,\"name\":\"Portada\",\"item\":\"https:\/\/infoecos.com.ar\/\"},{\"@type\":\"ListItem\",\"position\":2,\"name\":\"Jornada de Destrezas Gauchas en el ex 3 de Fierro, ubicado en Macaya y Mirabelli de Trenque Lauquen\"}]},{\"@type\":\"WebSite\",\"@id\":\"https:\/\/infoecos.com.ar\/#website\",\"url\":\"https:\/\/infoecos.com.ar\/\",\"name\":\"Infoecos\",\"description\":\"Noticias de trenque lauquen y la zona\",\"publisher\":{\"@id\":\"https:\/\/infoecos.com.ar\/#organization\"},\"alternateName\":\"Noticias\",\"potentialAction\":[{\"@type\":\"SearchAction\",\"target\":{\"@type\":\"EntryPoint\",\"urlTemplate\":\"https:\/\/infoecos.com.ar\/?s={search_term_string}\"},\"query-input\":{\"@type\":\"PropertyValueSpecification\",\"valueRequired\":true,\"valueName\":\"search_term_string\"}}],\"inLanguage\":\"es\"},{\"@type\":\"Organization\",\"@id\":\"https:\/\/infoecos.com.ar\/#organization\",\"name\":\"Infoecos\",\"alternateName\":\"Noticias\",\"url\":\"https:\/\/infoecos.com.ar\/\",\"logo\":{\"@type\":\"ImageObject\",\"inLanguage\":\"es\",\"@id\":\"https:\/\/infoecos.com.ar\/#\/schema\/logo\/image\/\",\"url\":\"https:\/\/infoecos.com.ar\/wp-content\/uploads\/2024\/03\/cropped-logo.png\",\"contentUrl\":\"https:\/\/infoecos.com.ar\/wp-content\/uploads\/2024\/03\/cropped-logo.png\",\"width\":374,\"height\":90,\"caption\":\"Infoecos\"},\"image\":{\"@id\":\"https:\/\/infoecos.com.ar\/#\/schema\/logo\/image\/\"},\"sameAs\":[\"https:\/\/www.facebook.com\/profile.php?id=100063200290284\",\"https:\/\/x.com\/infoecos\"]},{\"@type\":\"Person\",\"@id\":\"https:\/\/infoecos.com.ar\/#\/schema\/person\/8f5ace5ce73b4b4aac4b7245aee6f191\",\"name\":\"Jorge Matheus\",\"url\":\"https:\/\/infoecos.com.ar\/index.php\/author\/jomatheus\/\"}]}<\/script>\n<!-- \/ Yoast SEO plugin. -->","yoast_head_json":{"title":"Jornada de Destrezas Gauchas en el ex 3 de Fierro, ubicado en Macaya y Mirabelli de Trenque Lauquen - Infoecos","robots":{"index":"index","follow":"follow","max-snippet":"max-snippet:-1","max-image-preview":"max-image-preview:large","max-video-preview":"max-video-preview:-1"},"canonical":"https:\/\/infoecos.com.ar\/index.php\/jornada-de-destrezas-gauchas-en-el-ex-3-de-fierro-ubicado-en-macaya-y-mirabelli-de-trenque-lauquen\/","og_locale":"es_ES","og_type":"article","og_title":"Jornada de Destrezas Gauchas en el ex 3 de Fierro, ubicado en Macaya y Mirabelli de Trenque Lauquen - Infoecos","og_description":"Este viernes 1\u00ba de mayo a partir de las 10 hs en el Ex 3...","og_url":"https:\/\/infoecos.com.ar\/index.php\/jornada-de-destrezas-gauchas-en-el-ex-3-de-fierro-ubicado-en-macaya-y-mirabelli-de-trenque-lauquen\/","og_site_name":"Infoecos","article_publisher":"https:\/\/www.facebook.com\/profile.php?id=100063200290284","article_published_time":"2026-04-30T00:11:33+00:00","og_image":[{"width":1300,"height":934,"url":"https:\/\/infoecos.com.ar\/wp-content\/uploads\/2026\/02\/olavarria-doma-y-folclore-1300x934-copia.jpg","type":"image\/jpeg"}],"author":"Jorge Matheus","twitter_card":"summary_large_image","twitter_creator":"@infoecos","twitter_site":"@infoecos","twitter_misc":{"Escrito por":"Jorge Matheus","Tiempo de lectura":"1 minuto"},"schema":{"@context":"https:\/\/schema.org","@graph":[{"@type":"Article","@id":"https:\/\/infoecos.com.ar\/index.php\/jornada-de-destrezas-gauchas-en-el-ex-3-de-fierro-ubicado-en-macaya-y-mirabelli-de-trenque-lauquen\/#article","isPartOf":{"@id":"https:\/\/infoecos.com.ar\/index.php\/jornada-de-destrezas-gauchas-en-el-ex-3-de-fierro-ubicado-en-macaya-y-mirabelli-de-trenque-lauquen\/"},"author":{"name":"Jorge Matheus","@id":"https:\/\/infoecos.com.ar\/#\/schema\/person\/8f5ace5ce73b4b4aac4b7245aee6f191"},"headline":"Jornada de Destrezas Gauchas en el ex 3 de Fierro, ubicado en Macaya y Mirabelli de Trenque Lauquen","datePublished":"2026-04-30T00:11:33+00:00","dateModified":"2026-04-30T00:11:33+00:00","mainEntityOfPage":{"@id":"https:\/\/infoecos.com.ar\/index.php\/jornada-de-destrezas-gauchas-en-el-ex-3-de-fierro-ubicado-en-macaya-y-mirabelli-de-trenque-lauquen\/"},"wordCount":124,"publisher":{"@id":"https:\/\/infoecos.com.ar\/#organization"},"image":{"@id":"https:\/\/infoecos.com.ar\/index.php\/jornada-de-destrezas-gauchas-en-el-ex-3-de-fierro-ubicado-en-macaya-y-mirabelli-de-trenque-lauquen\/#primaryimage"},"thumbnailUrl":"https:\/\/infoecos.com.ar\/wp-content\/uploads\/2026\/02\/olavarria-doma-y-folclore-1300x934-copia.jpg","keywords":["Bloque inferior","ECONOM\u00cdA"],"inLanguage":"es"},{"@type":"WebPage","@id":"https:\/\/infoecos.com.ar\/index.php\/jornada-de-destrezas-gauchas-en-el-ex-3-de-fierro-ubicado-en-macaya-y-mirabelli-de-trenque-lauquen\/","url":"https:\/\/infoecos.com.ar\/index.php\/jornada-de-destrezas-gauchas-en-el-ex-3-de-fierro-ubicado-en-macaya-y-mirabelli-de-trenque-lauquen\/","name":"Jornada de Destrezas Gauchas en el ex 3 de Fierro, ubicado en Macaya y Mirabelli de Trenque Lauquen - Infoecos","isPartOf":{"@id":"https:\/\/infoecos.com.ar\/#website"},"primaryImageOfPage":{"@id":"https:\/\/infoecos.com.ar\/index.php\/jornada-de-destrezas-gauchas-en-el-ex-3-de-fierro-ubicado-en-macaya-y-mirabelli-de-trenque-lauquen\/#primaryimage"},"image":{"@id":"https:\/\/infoecos.com.ar\/index.php\/jornada-de-destrezas-gauchas-en-el-ex-3-de-fierro-ubicado-en-macaya-y-mirabelli-de-trenque-lauquen\/#primaryimage"},"thumbnailUrl":"https:\/\/infoecos.com.ar\/wp-content\/uploads\/2026\/02\/olavarria-doma-y-folclore-1300x934-copia.jpg","datePublished":"2026-04-30T00:11:33+00:00","dateModified":"2026-04-30T00:11:33+00:00","breadcrumb":{"@id":"https:\/\/infoecos.com.ar\/index.php\/jornada-de-destrezas-gauchas-en-el-ex-3-de-fierro-ubicado-en-macaya-y-mirabelli-de-trenque-lauquen\/#breadcrumb"},"inLanguage":"es","potentialAction":[{"@type":"ReadAction","target":["https:\/\/infoecos.com.ar\/index.php\/jornada-de-destrezas-gauchas-en-el-ex-3-de-fierro-ubicado-en-macaya-y-mirabelli-de-trenque-lauquen\/"]}]},{"@type":"ImageObject","inLanguage":"es","@id":"https:\/\/infoecos.com.ar\/index.php\/jornada-de-destrezas-gauchas-en-el-ex-3-de-fierro-ubicado-en-macaya-y-mirabelli-de-trenque-lauquen\/#primaryimage","url":"https:\/\/infoecos.com.ar\/wp-content\/uploads\/2026\/02\/olavarria-doma-y-folclore-1300x934-copia.jpg","contentUrl":"https:\/\/infoecos.com.ar\/wp-content\/uploads\/2026\/02\/olavarria-doma-y-folclore-1300x934-copia.jpg","width":1300,"height":934},{"@type":"BreadcrumbList","@id":"https:\/\/infoecos.com.ar\/index.php\/jornada-de-destrezas-gauchas-en-el-ex-3-de-fierro-ubicado-en-macaya-y-mirabelli-de-trenque-lauquen\/#breadcrumb","itemListElement":[{"@type":"ListItem","position":1,"name":"Portada","item":"https:\/\/infoecos.com.ar\/"},{"@type":"ListItem","position":2,"name":"Jornada de Destrezas Gauchas en el ex 3 de Fierro, ubicado en Macaya y Mirabelli de Trenque Lauquen"}]},{"@type":"WebSite","@id":"https:\/\/infoecos.com.ar\/#website","url":"https:\/\/infoecos.com.ar\/","name":"Infoecos","description":"Noticias de trenque lauquen y la zona","publisher":{"@id":"https:\/\/infoecos.com.ar\/#organization"},"alternateName":"Noticias","potentialAction":[{"@type":"SearchAction","target":{"@type":"EntryPoint","urlTemplate":"https:\/\/infoecos.com.ar\/?s={search_term_string}"},"query-input":{"@type":"PropertyValueSpecification","valueRequired":true,"valueName":"search_term_string"}}],"inLanguage":"es"},{"@type":"Organization","@id":"https:\/\/infoecos.com.ar\/#organization","name":"Infoecos","alternateName":"Noticias","url":"https:\/\/infoecos.com.ar\/","logo":{"@type":"ImageObject","inLanguage":"es","@id":"https:\/\/infoecos.com.ar\/#\/schema\/logo\/image\/","url":"https:\/\/infoecos.com.ar\/wp-content\/uploads\/2024\/03\/cropped-logo.png","contentUrl":"https:\/\/infoecos.com.ar\/wp-content\/uploads\/2024\/03\/cropped-logo.png","width":374,"height":90,"caption":"Infoecos"},"image":{"@id":"https:\/\/infoecos.com.ar\/#\/schema\/logo\/image\/"},"sameAs":["https:\/\/www.facebook.com\/profile.php?id=100063200290284","https:\/\/x.com\/infoecos"]},{"@type":"Person","@id":"https:\/\/infoecos.com.ar\/#\/schema\/person\/8f5ace5ce73b4b4aac4b7245aee6f191","name":"Jorge Matheus","url":"https:\/\/infoecos.com.ar\/index.php\/author\/jomatheus\/"}]}},"featured_image_urls":{"full":["https:\/\/infoecos.com.ar\/wp-content\/uploads\/2026\/02\/olavarria-doma-y-folclore-1300x934-copia.jpg",1300,934,false],"thumbnail":["https:\/\/infoecos.com.ar\/wp-content\/uploads\/2026\/02\/olavarria-doma-y-folclore-1300x934-copia-300x150.jpg",300,150,true],"medium":["https:\/\/infoecos.com.ar\/wp-content\/uploads\/2026\/02\/olavarria-doma-y-folclore-1300x934-copia-800x575.jpg",800,575,true],"medium_large":["https:\/\/infoecos.com.ar\/wp-content\/uploads\/2026\/02\/olavarria-doma-y-folclore-1300x934-copia-768x552.jpg",640,460,true],"large":["https:\/\/infoecos.com.ar\/wp-content\/uploads\/2026\/02\/olavarria-doma-y-folclore-1300x934-copia.jpg",640,460,false],"1536x1536":["https:\/\/infoecos.com.ar\/wp-content\/uploads\/2026\/02\/olavarria-doma-y-folclore-1300x934-copia.jpg",1300,934,false],"2048x2048":["https:\/\/infoecos.com.ar\/wp-content\/uploads\/2026\/02\/olavarria-doma-y-folclore-1300x934-copia.jpg",1300,934,false],"covernews-slider-full":["https:\/\/infoecos.com.ar\/wp-content\/uploads\/2026\/02\/olavarria-doma-y-folclore-1300x934-copia-1115x715.jpg",1115,715,true],"covernews-slider-center":["https:\/\/infoecos.com.ar\/wp-content\/uploads\/2026\/02\/olavarria-doma-y-folclore-1300x934-copia-800x500.jpg",800,500,true],"covernews-featured":["https:\/\/infoecos.com.ar\/wp-content\/uploads\/2026\/02\/olavarria-doma-y-folclore-1300x934-copia-1024x736.jpg",1024,736,true],"covernews-medium":["https:\/\/infoecos.com.ar\/wp-content\/uploads\/2026\/02\/olavarria-doma-y-folclore-1300x934-copia-540x340.jpg",540,340,true],"covernews-medium-square":["https:\/\/infoecos.com.ar\/wp-content\/uploads\/2026\/02\/olavarria-doma-y-folclore-1300x934-copia-400x250.jpg",400,250,true]},"author_info":{"info":["Jorge Matheus"]},"category_info":"<a href=\"https:\/\/infoecos.com.ar\/index.php\/category\/sin-categoria\/\" rel=\"category tag\">Sin categor\u00eda<\/a>","tag_info":"Sin categor\u00eda","comment_count":"0","_links":{"self":[{"href":"https:\/\/infoecos.com.ar\/index.php\/wp-json\/wp\/v2\/posts\/157599"}],"collection":[{"href":"https:\/\/infoecos.com.ar\/index.php\/wp-json\/wp\/v2\/posts"}],"about":[{"href":"https:\/\/infoecos.com.ar\/index.php\/wp-json\/wp\/v2\/types\/post"}],"author":[{"embeddable":true,"href":"https:\/\/infoecos.com.ar\/index.php\/wp-json\/wp\/v2\/users\/2"}],"replies":[{"embeddable":true,"href":"https:\/\/infoecos.com.ar\/index.php\/wp-json\/wp\/v2\/comments?post=157599"}],"version-history":[{"count":1,"href":"https:\/\/infoecos.com.ar\/index.php\/wp-json\/wp\/v2\/posts\/157599\/revisions"}],"predecessor-version":[{"id":157600,"href":"https:\/\/infoecos.com.ar\/index.php\/wp-json\/wp\/v2\/posts\/157599\/revisions\/157600"}],"wp:featuredmedia":[{"embeddable":true,"href":"https:\/\/infoecos.com.ar\/index.php\/wp-json\/wp\/v2\/media\/153691"}],"wp:attachment":[{"href":"https:\/\/infoecos.com.ar\/index.php\/wp-json\/wp\/v2\/media?parent=157599"}],"wp:term":[{"taxonomy":"category","embeddable":true,"href":"https:\/\/infoecos.com.ar\/index.php\/wp-json\/wp\/v2\/categories?post=157599"},{"taxonomy":"post_tag","embeddable":true,"href":"https:\/\/infoecos.com.ar\/index.php\/wp-json\/wp\/v2\/tags?post=157599"}],"curies":[{"name":"wp","href":"https:\/\/api.w.org\/{rel}","templated":true}]}}