{"id":157616,"date":"2026-04-29T23:21:04","date_gmt":"2026-04-30T02:21:04","guid":{"rendered":"https:\/\/infoecos.com.ar\/?p=157616"},"modified":"2026-04-29T23:21:05","modified_gmt":"2026-04-30T02:21:05","slug":"conmebol-libertadores-platense-le-gano-en-vicente-lopez-a-independiente-santa-fe","status":"publish","type":"post","link":"https:\/\/infoecos.com.ar\/index.php\/conmebol-libertadores-platense-le-gano-en-vicente-lopez-a-independiente-santa-fe\/","title":{"rendered":"Conmebol Libertadores: Platense le gan\u00f3 en Vicente L\u00f3pez a Independiente Santa Fe"},"content":{"rendered":"\n<p>Independiente\u00a0<a href=\"https:\/\/www.asatunews.co.id\/es\/tag\/santa-fe\">Santa Fe<\/a>\u00a0descendi\u00f3 al \u00faltimo lugar del Grupo E de la\u00a0<a href=\"https:\/\/www.asatunews.co.id\/es\/tag\/copa-libertadores\">Copa Libertadores<\/a>\u00a0tras perder 2-1 contra Platense este mi\u00e9rcoles 29 de abril de 2026. <\/p>\n\n\n\n<p>El encuentro, se disput\u00f3 en el Estadio Ciudad de Vicente L\u00f3pez en Buenos Aires, marc\u00f3 un hito hist\u00f3rico para el conjunto argentino en la competici\u00f3n.<\/p>\n\n\n\n<figure class=\"wp-block-image aligncenter size-full is-resized\"><img loading=\"lazy\" decoding=\"async\" width=\"1200\" height=\"801\" src=\"https:\/\/infoecos.com.ar\/wp-content\/uploads\/2026\/04\/image-276.png\" alt=\"\" class=\"wp-image-157617\" style=\"width:342px;height:auto\" srcset=\"https:\/\/infoecos.com.ar\/wp-content\/uploads\/2026\/04\/image-276.png 1200w, https:\/\/infoecos.com.ar\/wp-content\/uploads\/2026\/04\/image-276-800x534.png 800w, https:\/\/infoecos.com.ar\/wp-content\/uploads\/2026\/04\/image-276-768x513.png 768w, https:\/\/infoecos.com.ar\/wp-content\/uploads\/2026\/04\/image-276-1024x684.png 1024w\" sizes=\"(max-width: 1200px) 100vw, 1200px\" \/><\/figure>\n\n\n\n<p>El marcador se abri\u00f3 al minuto 12 del segundo tiempo mediante un cabezazo de Tom\u00e1s Nasif y ampliado al minuto 18 de la etapa complementaria cuando Mateo Mend\u00eda marc\u00f3 el 2-0.<\/p>\n\n\n\n<p>Santa Fe logr\u00f3 descontar en el tiempo de adici\u00f3n, en el minuto 49, con un gol convertido por el argentino Franco Fag\u00fandez.<\/p>\n\n\n\n<figure class=\"wp-block-embed is-type-video is-provider-youtube wp-block-embed-youtube wp-embed-aspect-16-9 wp-has-aspect-ratio\"><div class=\"wp-block-embed__wrapper\">\n<iframe loading=\"lazy\" title=\"FAG\u00daNDEZ DEFINI\u00d3 EL TRIUNFO | Platense 2-1 Independiente Santa F\u00e9 | CONMEBOL Libertadores | Resumen\" width=\"640\" height=\"360\" src=\"https:\/\/www.youtube.com\/embed\/G519Lgt5zPU?feature=oembed\" frameborder=\"0\" allow=\"accelerometer; autoplay; clipboard-write; encrypted-media; gyroscope; picture-in-picture; web-share\" referrerpolicy=\"strict-origin-when-cross-origin\" allowfullscreen><\/iframe>\n<\/div><\/figure>\n","protected":false},"excerpt":{"rendered":"<p>Independiente\u00a0Santa Fe\u00a0descendi\u00f3 al \u00faltimo lugar del Grupo E de la\u00a0Copa Libertadores\u00a0tras perder 2-1 contra Platense&#8230;<\/p>\n","protected":false},"author":2,"featured_media":157617,"comment_status":"closed","ping_status":"open","sticky":false,"template":"","format":"standard","meta":{"footnotes":""},"categories":[1],"tags":[10298,10291],"class_list":["post-157616","post","type-post","status-publish","format-standard","has-post-thumbnail","hentry","category-sin-categoria","tag-bloque-inferior","tag-nacional"],"yoast_head":"<!-- This site is optimized with the Yoast SEO plugin v23.4 - https:\/\/yoast.com\/wordpress\/plugins\/seo\/ -->\n<title>Conmebol Libertadores: Platense le gan\u00f3 en Vicente L\u00f3pez a Independiente Santa Fe - Infoecos<\/title>\n<meta name=\"robots\" content=\"index, follow, max-snippet:-1, max-image-preview:large, max-video-preview:-1\" \/>\n<link rel=\"canonical\" href=\"https:\/\/infoecos.com.ar\/index.php\/conmebol-libertadores-platense-le-gano-en-vicente-lopez-a-independiente-santa-fe\/\" \/>\n<meta property=\"og:locale\" content=\"es_ES\" \/>\n<meta property=\"og:type\" content=\"article\" \/>\n<meta property=\"og:title\" content=\"Conmebol Libertadores: Platense le gan\u00f3 en Vicente L\u00f3pez a Independiente Santa Fe - Infoecos\" \/>\n<meta property=\"og:description\" content=\"Independiente\u00a0Santa Fe\u00a0descendi\u00f3 al \u00faltimo lugar del Grupo E de la\u00a0Copa Libertadores\u00a0tras perder 2-1 contra Platense...\" \/>\n<meta property=\"og:url\" content=\"https:\/\/infoecos.com.ar\/index.php\/conmebol-libertadores-platense-le-gano-en-vicente-lopez-a-independiente-santa-fe\/\" \/>\n<meta property=\"og:site_name\" content=\"Infoecos\" \/>\n<meta property=\"article:publisher\" content=\"https:\/\/www.facebook.com\/profile.php?id=100063200290284\" \/>\n<meta property=\"article:published_time\" content=\"2026-04-30T02:21:04+00:00\" \/>\n<meta property=\"article:modified_time\" content=\"2026-04-30T02:21:05+00:00\" \/>\n<meta property=\"og:image\" content=\"https:\/\/infoecos.com.ar\/wp-content\/uploads\/2026\/04\/image-276.png\" \/>\n\t<meta property=\"og:image:width\" content=\"1200\" \/>\n\t<meta property=\"og:image:height\" content=\"801\" \/>\n\t<meta property=\"og:image:type\" content=\"image\/png\" \/>\n<meta name=\"author\" content=\"Jorge Matheus\" \/>\n<meta name=\"twitter:card\" content=\"summary_large_image\" \/>\n<meta name=\"twitter:creator\" content=\"@infoecos\" \/>\n<meta name=\"twitter:site\" content=\"@infoecos\" \/>\n<meta name=\"twitter:label1\" content=\"Escrito por\" \/>\n\t<meta name=\"twitter:data1\" content=\"Jorge Matheus\" \/>\n\t<meta name=\"twitter:label2\" content=\"Tiempo de lectura\" \/>\n\t<meta name=\"twitter:data2\" content=\"1 minuto\" \/>\n<script type=\"application\/ld+json\" class=\"yoast-schema-graph\">{\"@context\":\"https:\/\/schema.org\",\"@graph\":[{\"@type\":\"Article\",\"@id\":\"https:\/\/infoecos.com.ar\/index.php\/conmebol-libertadores-platense-le-gano-en-vicente-lopez-a-independiente-santa-fe\/#article\",\"isPartOf\":{\"@id\":\"https:\/\/infoecos.com.ar\/index.php\/conmebol-libertadores-platense-le-gano-en-vicente-lopez-a-independiente-santa-fe\/\"},\"author\":{\"name\":\"Jorge Matheus\",\"@id\":\"https:\/\/infoecos.com.ar\/#\/schema\/person\/8f5ace5ce73b4b4aac4b7245aee6f191\"},\"headline\":\"Conmebol Libertadores: Platense le gan\u00f3 en Vicente L\u00f3pez a Independiente Santa Fe\",\"datePublished\":\"2026-04-30T02:21:04+00:00\",\"dateModified\":\"2026-04-30T02:21:05+00:00\",\"mainEntityOfPage\":{\"@id\":\"https:\/\/infoecos.com.ar\/index.php\/conmebol-libertadores-platense-le-gano-en-vicente-lopez-a-independiente-santa-fe\/\"},\"wordCount\":129,\"publisher\":{\"@id\":\"https:\/\/infoecos.com.ar\/#organization\"},\"image\":{\"@id\":\"https:\/\/infoecos.com.ar\/index.php\/conmebol-libertadores-platense-le-gano-en-vicente-lopez-a-independiente-santa-fe\/#primaryimage\"},\"thumbnailUrl\":\"https:\/\/infoecos.com.ar\/wp-content\/uploads\/2026\/04\/image-276.png\",\"keywords\":[\"Bloque inferior\",\"Nacional\"],\"inLanguage\":\"es\"},{\"@type\":\"WebPage\",\"@id\":\"https:\/\/infoecos.com.ar\/index.php\/conmebol-libertadores-platense-le-gano-en-vicente-lopez-a-independiente-santa-fe\/\",\"url\":\"https:\/\/infoecos.com.ar\/index.php\/conmebol-libertadores-platense-le-gano-en-vicente-lopez-a-independiente-santa-fe\/\",\"name\":\"Conmebol Libertadores: Platense le gan\u00f3 en Vicente L\u00f3pez a Independiente Santa Fe - Infoecos\",\"isPartOf\":{\"@id\":\"https:\/\/infoecos.com.ar\/#website\"},\"primaryImageOfPage\":{\"@id\":\"https:\/\/infoecos.com.ar\/index.php\/conmebol-libertadores-platense-le-gano-en-vicente-lopez-a-independiente-santa-fe\/#primaryimage\"},\"image\":{\"@id\":\"https:\/\/infoecos.com.ar\/index.php\/conmebol-libertadores-platense-le-gano-en-vicente-lopez-a-independiente-santa-fe\/#primaryimage\"},\"thumbnailUrl\":\"https:\/\/infoecos.com.ar\/wp-content\/uploads\/2026\/04\/image-276.png\",\"datePublished\":\"2026-04-30T02:21:04+00:00\",\"dateModified\":\"2026-04-30T02:21:05+00:00\",\"breadcrumb\":{\"@id\":\"https:\/\/infoecos.com.ar\/index.php\/conmebol-libertadores-platense-le-gano-en-vicente-lopez-a-independiente-santa-fe\/#breadcrumb\"},\"inLanguage\":\"es\",\"potentialAction\":[{\"@type\":\"ReadAction\",\"target\":[\"https:\/\/infoecos.com.ar\/index.php\/conmebol-libertadores-platense-le-gano-en-vicente-lopez-a-independiente-santa-fe\/\"]}]},{\"@type\":\"ImageObject\",\"inLanguage\":\"es\",\"@id\":\"https:\/\/infoecos.com.ar\/index.php\/conmebol-libertadores-platense-le-gano-en-vicente-lopez-a-independiente-santa-fe\/#primaryimage\",\"url\":\"https:\/\/infoecos.com.ar\/wp-content\/uploads\/2026\/04\/image-276.png\",\"contentUrl\":\"https:\/\/infoecos.com.ar\/wp-content\/uploads\/2026\/04\/image-276.png\",\"width\":1200,\"height\":801},{\"@type\":\"BreadcrumbList\",\"@id\":\"https:\/\/infoecos.com.ar\/index.php\/conmebol-libertadores-platense-le-gano-en-vicente-lopez-a-independiente-santa-fe\/#breadcrumb\",\"itemListElement\":[{\"@type\":\"ListItem\",\"position\":1,\"name\":\"Portada\",\"item\":\"https:\/\/infoecos.com.ar\/\"},{\"@type\":\"ListItem\",\"position\":2,\"name\":\"Conmebol Libertadores: Platense le gan\u00f3 en Vicente L\u00f3pez a Independiente Santa Fe\"}]},{\"@type\":\"WebSite\",\"@id\":\"https:\/\/infoecos.com.ar\/#website\",\"url\":\"https:\/\/infoecos.com.ar\/\",\"name\":\"Infoecos\",\"description\":\"Noticias de trenque lauquen y la zona\",\"publisher\":{\"@id\":\"https:\/\/infoecos.com.ar\/#organization\"},\"alternateName\":\"Noticias\",\"potentialAction\":[{\"@type\":\"SearchAction\",\"target\":{\"@type\":\"EntryPoint\",\"urlTemplate\":\"https:\/\/infoecos.com.ar\/?s={search_term_string}\"},\"query-input\":{\"@type\":\"PropertyValueSpecification\",\"valueRequired\":true,\"valueName\":\"search_term_string\"}}],\"inLanguage\":\"es\"},{\"@type\":\"Organization\",\"@id\":\"https:\/\/infoecos.com.ar\/#organization\",\"name\":\"Infoecos\",\"alternateName\":\"Noticias\",\"url\":\"https:\/\/infoecos.com.ar\/\",\"logo\":{\"@type\":\"ImageObject\",\"inLanguage\":\"es\",\"@id\":\"https:\/\/infoecos.com.ar\/#\/schema\/logo\/image\/\",\"url\":\"https:\/\/infoecos.com.ar\/wp-content\/uploads\/2024\/03\/cropped-logo.png\",\"contentUrl\":\"https:\/\/infoecos.com.ar\/wp-content\/uploads\/2024\/03\/cropped-logo.png\",\"width\":374,\"height\":90,\"caption\":\"Infoecos\"},\"image\":{\"@id\":\"https:\/\/infoecos.com.ar\/#\/schema\/logo\/image\/\"},\"sameAs\":[\"https:\/\/www.facebook.com\/profile.php?id=100063200290284\",\"https:\/\/x.com\/infoecos\"]},{\"@type\":\"Person\",\"@id\":\"https:\/\/infoecos.com.ar\/#\/schema\/person\/8f5ace5ce73b4b4aac4b7245aee6f191\",\"name\":\"Jorge Matheus\",\"url\":\"https:\/\/infoecos.com.ar\/index.php\/author\/jomatheus\/\"}]}<\/script>\n<!-- \/ Yoast SEO plugin. -->","yoast_head_json":{"title":"Conmebol Libertadores: Platense le gan\u00f3 en Vicente L\u00f3pez a Independiente Santa Fe - Infoecos","robots":{"index":"index","follow":"follow","max-snippet":"max-snippet:-1","max-image-preview":"max-image-preview:large","max-video-preview":"max-video-preview:-1"},"canonical":"https:\/\/infoecos.com.ar\/index.php\/conmebol-libertadores-platense-le-gano-en-vicente-lopez-a-independiente-santa-fe\/","og_locale":"es_ES","og_type":"article","og_title":"Conmebol Libertadores: Platense le gan\u00f3 en Vicente L\u00f3pez a Independiente Santa Fe - Infoecos","og_description":"Independiente\u00a0Santa Fe\u00a0descendi\u00f3 al \u00faltimo lugar del Grupo E de la\u00a0Copa Libertadores\u00a0tras perder 2-1 contra Platense...","og_url":"https:\/\/infoecos.com.ar\/index.php\/conmebol-libertadores-platense-le-gano-en-vicente-lopez-a-independiente-santa-fe\/","og_site_name":"Infoecos","article_publisher":"https:\/\/www.facebook.com\/profile.php?id=100063200290284","article_published_time":"2026-04-30T02:21:04+00:00","article_modified_time":"2026-04-30T02:21:05+00:00","og_image":[{"width":1200,"height":801,"url":"https:\/\/infoecos.com.ar\/wp-content\/uploads\/2026\/04\/image-276.png","type":"image\/png"}],"author":"Jorge Matheus","twitter_card":"summary_large_image","twitter_creator":"@infoecos","twitter_site":"@infoecos","twitter_misc":{"Escrito por":"Jorge Matheus","Tiempo de lectura":"1 minuto"},"schema":{"@context":"https:\/\/schema.org","@graph":[{"@type":"Article","@id":"https:\/\/infoecos.com.ar\/index.php\/conmebol-libertadores-platense-le-gano-en-vicente-lopez-a-independiente-santa-fe\/#article","isPartOf":{"@id":"https:\/\/infoecos.com.ar\/index.php\/conmebol-libertadores-platense-le-gano-en-vicente-lopez-a-independiente-santa-fe\/"},"author":{"name":"Jorge Matheus","@id":"https:\/\/infoecos.com.ar\/#\/schema\/person\/8f5ace5ce73b4b4aac4b7245aee6f191"},"headline":"Conmebol Libertadores: Platense le gan\u00f3 en Vicente L\u00f3pez a Independiente Santa Fe","datePublished":"2026-04-30T02:21:04+00:00","dateModified":"2026-04-30T02:21:05+00:00","mainEntityOfPage":{"@id":"https:\/\/infoecos.com.ar\/index.php\/conmebol-libertadores-platense-le-gano-en-vicente-lopez-a-independiente-santa-fe\/"},"wordCount":129,"publisher":{"@id":"https:\/\/infoecos.com.ar\/#organization"},"image":{"@id":"https:\/\/infoecos.com.ar\/index.php\/conmebol-libertadores-platense-le-gano-en-vicente-lopez-a-independiente-santa-fe\/#primaryimage"},"thumbnailUrl":"https:\/\/infoecos.com.ar\/wp-content\/uploads\/2026\/04\/image-276.png","keywords":["Bloque inferior","Nacional"],"inLanguage":"es"},{"@type":"WebPage","@id":"https:\/\/infoecos.com.ar\/index.php\/conmebol-libertadores-platense-le-gano-en-vicente-lopez-a-independiente-santa-fe\/","url":"https:\/\/infoecos.com.ar\/index.php\/conmebol-libertadores-platense-le-gano-en-vicente-lopez-a-independiente-santa-fe\/","name":"Conmebol Libertadores: Platense le gan\u00f3 en Vicente L\u00f3pez a Independiente Santa Fe - Infoecos","isPartOf":{"@id":"https:\/\/infoecos.com.ar\/#website"},"primaryImageOfPage":{"@id":"https:\/\/infoecos.com.ar\/index.php\/conmebol-libertadores-platense-le-gano-en-vicente-lopez-a-independiente-santa-fe\/#primaryimage"},"image":{"@id":"https:\/\/infoecos.com.ar\/index.php\/conmebol-libertadores-platense-le-gano-en-vicente-lopez-a-independiente-santa-fe\/#primaryimage"},"thumbnailUrl":"https:\/\/infoecos.com.ar\/wp-content\/uploads\/2026\/04\/image-276.png","datePublished":"2026-04-30T02:21:04+00:00","dateModified":"2026-04-30T02:21:05+00:00","breadcrumb":{"@id":"https:\/\/infoecos.com.ar\/index.php\/conmebol-libertadores-platense-le-gano-en-vicente-lopez-a-independiente-santa-fe\/#breadcrumb"},"inLanguage":"es","potentialAction":[{"@type":"ReadAction","target":["https:\/\/infoecos.com.ar\/index.php\/conmebol-libertadores-platense-le-gano-en-vicente-lopez-a-independiente-santa-fe\/"]}]},{"@type":"ImageObject","inLanguage":"es","@id":"https:\/\/infoecos.com.ar\/index.php\/conmebol-libertadores-platense-le-gano-en-vicente-lopez-a-independiente-santa-fe\/#primaryimage","url":"https:\/\/infoecos.com.ar\/wp-content\/uploads\/2026\/04\/image-276.png","contentUrl":"https:\/\/infoecos.com.ar\/wp-content\/uploads\/2026\/04\/image-276.png","width":1200,"height":801},{"@type":"BreadcrumbList","@id":"https:\/\/infoecos.com.ar\/index.php\/conmebol-libertadores-platense-le-gano-en-vicente-lopez-a-independiente-santa-fe\/#breadcrumb","itemListElement":[{"@type":"ListItem","position":1,"name":"Portada","item":"https:\/\/infoecos.com.ar\/"},{"@type":"ListItem","position":2,"name":"Conmebol Libertadores: Platense le gan\u00f3 en Vicente L\u00f3pez a Independiente Santa Fe"}]},{"@type":"WebSite","@id":"https:\/\/infoecos.com.ar\/#website","url":"https:\/\/infoecos.com.ar\/","name":"Infoecos","description":"Noticias de trenque lauquen y la zona","publisher":{"@id":"https:\/\/infoecos.com.ar\/#organization"},"alternateName":"Noticias","potentialAction":[{"@type":"SearchAction","target":{"@type":"EntryPoint","urlTemplate":"https:\/\/infoecos.com.ar\/?s={search_term_string}"},"query-input":{"@type":"PropertyValueSpecification","valueRequired":true,"valueName":"search_term_string"}}],"inLanguage":"es"},{"@type":"Organization","@id":"https:\/\/infoecos.com.ar\/#organization","name":"Infoecos","alternateName":"Noticias","url":"https:\/\/infoecos.com.ar\/","logo":{"@type":"ImageObject","inLanguage":"es","@id":"https:\/\/infoecos.com.ar\/#\/schema\/logo\/image\/","url":"https:\/\/infoecos.com.ar\/wp-content\/uploads\/2024\/03\/cropped-logo.png","contentUrl":"https:\/\/infoecos.com.ar\/wp-content\/uploads\/2024\/03\/cropped-logo.png","width":374,"height":90,"caption":"Infoecos"},"image":{"@id":"https:\/\/infoecos.com.ar\/#\/schema\/logo\/image\/"},"sameAs":["https:\/\/www.facebook.com\/profile.php?id=100063200290284","https:\/\/x.com\/infoecos"]},{"@type":"Person","@id":"https:\/\/infoecos.com.ar\/#\/schema\/person\/8f5ace5ce73b4b4aac4b7245aee6f191","name":"Jorge Matheus","url":"https:\/\/infoecos.com.ar\/index.php\/author\/jomatheus\/"}]}},"featured_image_urls":{"full":["https:\/\/infoecos.com.ar\/wp-content\/uploads\/2026\/04\/image-276.png",1200,801,false],"thumbnail":["https:\/\/infoecos.com.ar\/wp-content\/uploads\/2026\/04\/image-276-300x150.png",300,150,true],"medium":["https:\/\/infoecos.com.ar\/wp-content\/uploads\/2026\/04\/image-276-800x534.png",800,534,true],"medium_large":["https:\/\/infoecos.com.ar\/wp-content\/uploads\/2026\/04\/image-276-768x513.png",640,428,true],"large":["https:\/\/infoecos.com.ar\/wp-content\/uploads\/2026\/04\/image-276.png",640,427,false],"1536x1536":["https:\/\/infoecos.com.ar\/wp-content\/uploads\/2026\/04\/image-276.png",1200,801,false],"2048x2048":["https:\/\/infoecos.com.ar\/wp-content\/uploads\/2026\/04\/image-276.png",1200,801,false],"covernews-slider-full":["https:\/\/infoecos.com.ar\/wp-content\/uploads\/2026\/04\/image-276-1115x715.png",1115,715,true],"covernews-slider-center":["https:\/\/infoecos.com.ar\/wp-content\/uploads\/2026\/04\/image-276-800x500.png",800,500,true],"covernews-featured":["https:\/\/infoecos.com.ar\/wp-content\/uploads\/2026\/04\/image-276-1024x684.png",1024,684,true],"covernews-medium":["https:\/\/infoecos.com.ar\/wp-content\/uploads\/2026\/04\/image-276-540x340.png",540,340,true],"covernews-medium-square":["https:\/\/infoecos.com.ar\/wp-content\/uploads\/2026\/04\/image-276-400x250.png",400,250,true]},"author_info":{"info":["Jorge Matheus"]},"category_info":"<a href=\"https:\/\/infoecos.com.ar\/index.php\/category\/sin-categoria\/\" rel=\"category tag\">Sin categor\u00eda<\/a>","tag_info":"Sin categor\u00eda","comment_count":"0","_links":{"self":[{"href":"https:\/\/infoecos.com.ar\/index.php\/wp-json\/wp\/v2\/posts\/157616"}],"collection":[{"href":"https:\/\/infoecos.com.ar\/index.php\/wp-json\/wp\/v2\/posts"}],"about":[{"href":"https:\/\/infoecos.com.ar\/index.php\/wp-json\/wp\/v2\/types\/post"}],"author":[{"embeddable":true,"href":"https:\/\/infoecos.com.ar\/index.php\/wp-json\/wp\/v2\/users\/2"}],"replies":[{"embeddable":true,"href":"https:\/\/infoecos.com.ar\/index.php\/wp-json\/wp\/v2\/comments?post=157616"}],"version-history":[{"count":1,"href":"https:\/\/infoecos.com.ar\/index.php\/wp-json\/wp\/v2\/posts\/157616\/revisions"}],"predecessor-version":[{"id":157618,"href":"https:\/\/infoecos.com.ar\/index.php\/wp-json\/wp\/v2\/posts\/157616\/revisions\/157618"}],"wp:featuredmedia":[{"embeddable":true,"href":"https:\/\/infoecos.com.ar\/index.php\/wp-json\/wp\/v2\/media\/157617"}],"wp:attachment":[{"href":"https:\/\/infoecos.com.ar\/index.php\/wp-json\/wp\/v2\/media?parent=157616"}],"wp:term":[{"taxonomy":"category","embeddable":true,"href":"https:\/\/infoecos.com.ar\/index.php\/wp-json\/wp\/v2\/categories?post=157616"},{"taxonomy":"post_tag","embeddable":true,"href":"https:\/\/infoecos.com.ar\/index.php\/wp-json\/wp\/v2\/tags?post=157616"}],"curies":[{"name":"wp","href":"https:\/\/api.w.org\/{rel}","templated":true}]}}