{"id":157619,"date":"2026-04-29T23:46:46","date_gmt":"2026-04-30T02:46:46","guid":{"rendered":"https:\/\/infoecos.com.ar\/?p=157619"},"modified":"2026-04-30T00:00:21","modified_gmt":"2026-04-30T03:00:21","slug":"varios-premios-para-la-cabana-santa-cecilia-y-sus-asociadas-en-la-expo-otono-de-la-sociedad-rural-de-azul","status":"publish","type":"post","link":"https:\/\/infoecos.com.ar\/index.php\/varios-premios-para-la-cabana-santa-cecilia-y-sus-asociadas-en-la-expo-otono-de-la-sociedad-rural-de-azul\/","title":{"rendered":"Varios premios para la Caba\u00f1a Santa Cecilia y sus asociadas en la Expo Oto\u00f1o de la Sociedad Rural de Azul"},"content":{"rendered":"\n<p>La sociedad entre Santa Cecilia, Las 3 Jotas y La Dolores SA se qued\u00f3 con el Gran Campe\u00f3n Shorthorn en la Expo Oto\u00f1o de la Sociedad Rural de Azul.<\/p>\n\n\n\n<p>Juan Jorge Garc\u00eda fue el jurado de clasificaci\u00f3n de esta exposici\u00f3n.<\/p>\n\n\n\n<figure class=\"wp-block-image aligncenter size-large is-resized\"><img loading=\"lazy\" decoding=\"async\" width=\"1600\" height=\"1200\" src=\"https:\/\/infoecos.com.ar\/wp-content\/uploads\/2026\/04\/image-277-1600x1200.png\" alt=\"\" class=\"wp-image-157620\" style=\"width:432px;height:auto\" srcset=\"https:\/\/infoecos.com.ar\/wp-content\/uploads\/2026\/04\/image-277-1600x1200.png 1600w, https:\/\/infoecos.com.ar\/wp-content\/uploads\/2026\/04\/image-277-800x600.png 800w, https:\/\/infoecos.com.ar\/wp-content\/uploads\/2026\/04\/image-277-768x576.png 768w, https:\/\/infoecos.com.ar\/wp-content\/uploads\/2026\/04\/image-277-1536x1152.png 1536w, https:\/\/infoecos.com.ar\/wp-content\/uploads\/2026\/04\/image-277-2048x1536.png 2048w, https:\/\/infoecos.com.ar\/wp-content\/uploads\/2026\/04\/image-277-1024x768.png 1024w\" sizes=\"(max-width: 1600px) 100vw, 1600px\" \/><\/figure>\n\n\n\n<p><strong>El Reservado Gran Campe\u00f3n Hembra fue para el lote 118, una vaquillona mayor, de la caba\u00f1a La Trinidad<\/strong>&nbsp;(para alegr\u00eda de su propietario, el ingeniero Javier Picco y su esposa Griselda).<\/p>\n\n\n\n<p>En tanto que&nbsp;<strong>la Tercer Mejor fue para el lote 115, una ternera menor que tiene como socios a Santa Cecilia<\/strong>&nbsp;(de H\u00e9ctor Mario Eyherabide) y&nbsp;<strong>Las Tranqueras<\/strong>&nbsp;(de Horacio La Valle y Marta Vila Moret).<\/p>\n\n\n\n<p>El Reservado Gran Campe\u00f3n fue para otro senior, el lote 109 de Do\u00f1a Ang\u00e9lica (de Gustavo Cappello, el productor de Guatrach\u00e9) y el Tercer Mejor Macho fue para un toro junior, pelaje blanco, el lote 104, de la sociedad entre Santa Cecilia, La Dolores SA y La Rosita (de la familia Solari).<\/p>\n\n\n\n<p>Respecto de las hembras, el Gran Campe\u00f3n fue el lote 116, una vaquillona menor de la caba\u00f1a San Jos\u00e9, del productor lapridense Lucas Lagrange en sociedad con Alejandro Ferrero, Dolores Ahumada de Rocca, Guillermo Fox y Joaqu\u00edn de Elordy.<\/p>\n\n\n\n<p>El Reservado Gran Campe\u00f3n Hembra fue para el lote 118, una vaquillona mayor, de la caba\u00f1a La Trinidad\u00a0(para alegr\u00eda de su propietario, el ingeniero Javier Picco y su esposa Griselda).<\/p>\n\n\n\n<p>En tanto que\u00a0la Tercer Mejor fue para el lote 115, una ternera menor que tiene como socios a Santa Cecilia\u00a0(de H\u00e9ctor Mario Eyherabide) y\u00a0Las Tranqueras\u00a0(de Horacio La Valle y Marta Vila Moret).<\/p>\n\n\n\n<figure class=\"wp-block-image aligncenter size-full is-resized\"><img loading=\"lazy\" decoding=\"async\" width=\"533\" height=\"400\" src=\"https:\/\/infoecos.com.ar\/wp-content\/uploads\/2026\/04\/image-278.png\" alt=\"\" class=\"wp-image-157621\" style=\"width:433px;height:auto\"\/><\/figure>\n\n\n\n<p><strong>Fuentes: <a href=\"https:\/\/campoindustria.com\/contenido\/7349\/shorthorn-tuvo-su-expo-otono-con-los-pc-en-lotes-y-los-pp-a-bozal-en-la-pista-ce\" target=\"_blank\" rel=\"noreferrer noopener\">Portal CampoIndustria, nota de Dar\u00edo Fari\u00f1a<\/a> y diariolama\u00f1ana.com.ar <\/strong><\/p>\n\n\n\n<p><\/p>\n","protected":false},"excerpt":{"rendered":"<p>La sociedad entre Santa Cecilia, Las 3 Jotas y La Dolores SA se qued\u00f3 con&#8230;<\/p>\n","protected":false},"author":2,"featured_media":157621,"comment_status":"closed","ping_status":"open","sticky":false,"template":"","format":"standard","meta":{"footnotes":""},"categories":[1],"tags":[1500,6831],"class_list":["post-157619","post","type-post","status-publish","format-standard","has-post-thumbnail","hentry","category-sin-categoria","tag-regional","tag-servicios-comunitarios"],"yoast_head":"<!-- This site is optimized with the Yoast SEO plugin v23.4 - https:\/\/yoast.com\/wordpress\/plugins\/seo\/ -->\n<title>Varios premios para la Caba\u00f1a Santa Cecilia y sus asociadas en la Expo Oto\u00f1o de la Sociedad Rural de Azul - Infoecos<\/title>\n<meta name=\"robots\" content=\"index, follow, max-snippet:-1, max-image-preview:large, max-video-preview:-1\" \/>\n<link rel=\"canonical\" href=\"https:\/\/infoecos.com.ar\/index.php\/varios-premios-para-la-cabana-santa-cecilia-y-sus-asociadas-en-la-expo-otono-de-la-sociedad-rural-de-azul\/\" \/>\n<meta property=\"og:locale\" content=\"es_ES\" \/>\n<meta property=\"og:type\" content=\"article\" \/>\n<meta property=\"og:title\" content=\"Varios premios para la Caba\u00f1a Santa Cecilia y sus asociadas en la Expo Oto\u00f1o de la Sociedad Rural de Azul - Infoecos\" \/>\n<meta property=\"og:description\" content=\"La sociedad entre Santa Cecilia, Las 3 Jotas y La Dolores SA se qued\u00f3 con...\" \/>\n<meta property=\"og:url\" content=\"https:\/\/infoecos.com.ar\/index.php\/varios-premios-para-la-cabana-santa-cecilia-y-sus-asociadas-en-la-expo-otono-de-la-sociedad-rural-de-azul\/\" \/>\n<meta property=\"og:site_name\" content=\"Infoecos\" \/>\n<meta property=\"article:publisher\" content=\"https:\/\/www.facebook.com\/profile.php?id=100063200290284\" \/>\n<meta property=\"article:published_time\" content=\"2026-04-30T02:46:46+00:00\" \/>\n<meta property=\"article:modified_time\" content=\"2026-04-30T03:00:21+00:00\" \/>\n<meta property=\"og:image\" content=\"https:\/\/infoecos.com.ar\/wp-content\/uploads\/2026\/04\/image-278.png\" \/>\n\t<meta property=\"og:image:width\" content=\"533\" \/>\n\t<meta property=\"og:image:height\" content=\"400\" \/>\n\t<meta property=\"og:image:type\" content=\"image\/png\" \/>\n<meta name=\"author\" content=\"Jorge Matheus\" \/>\n<meta name=\"twitter:card\" content=\"summary_large_image\" \/>\n<meta name=\"twitter:creator\" content=\"@infoecos\" \/>\n<meta name=\"twitter:site\" content=\"@infoecos\" \/>\n<meta name=\"twitter:label1\" content=\"Escrito por\" \/>\n\t<meta name=\"twitter:data1\" content=\"Jorge Matheus\" \/>\n\t<meta name=\"twitter:label2\" content=\"Tiempo de lectura\" \/>\n\t<meta name=\"twitter:data2\" content=\"2 minutos\" \/>\n<script type=\"application\/ld+json\" class=\"yoast-schema-graph\">{\"@context\":\"https:\/\/schema.org\",\"@graph\":[{\"@type\":\"Article\",\"@id\":\"https:\/\/infoecos.com.ar\/index.php\/varios-premios-para-la-cabana-santa-cecilia-y-sus-asociadas-en-la-expo-otono-de-la-sociedad-rural-de-azul\/#article\",\"isPartOf\":{\"@id\":\"https:\/\/infoecos.com.ar\/index.php\/varios-premios-para-la-cabana-santa-cecilia-y-sus-asociadas-en-la-expo-otono-de-la-sociedad-rural-de-azul\/\"},\"author\":{\"name\":\"Jorge Matheus\",\"@id\":\"https:\/\/infoecos.com.ar\/#\/schema\/person\/8f5ace5ce73b4b4aac4b7245aee6f191\"},\"headline\":\"Varios premios para la Caba\u00f1a Santa Cecilia y sus asociadas en la Expo Oto\u00f1o de la Sociedad Rural de Azul\",\"datePublished\":\"2026-04-30T02:46:46+00:00\",\"dateModified\":\"2026-04-30T03:00:21+00:00\",\"mainEntityOfPage\":{\"@id\":\"https:\/\/infoecos.com.ar\/index.php\/varios-premios-para-la-cabana-santa-cecilia-y-sus-asociadas-en-la-expo-otono-de-la-sociedad-rural-de-azul\/\"},\"wordCount\":317,\"publisher\":{\"@id\":\"https:\/\/infoecos.com.ar\/#organization\"},\"image\":{\"@id\":\"https:\/\/infoecos.com.ar\/index.php\/varios-premios-para-la-cabana-santa-cecilia-y-sus-asociadas-en-la-expo-otono-de-la-sociedad-rural-de-azul\/#primaryimage\"},\"thumbnailUrl\":\"https:\/\/infoecos.com.ar\/wp-content\/uploads\/2026\/04\/image-278.png\",\"keywords\":[\"REGIONAL\",\"SERVICIOS COMUNITARIOS\"],\"inLanguage\":\"es\"},{\"@type\":\"WebPage\",\"@id\":\"https:\/\/infoecos.com.ar\/index.php\/varios-premios-para-la-cabana-santa-cecilia-y-sus-asociadas-en-la-expo-otono-de-la-sociedad-rural-de-azul\/\",\"url\":\"https:\/\/infoecos.com.ar\/index.php\/varios-premios-para-la-cabana-santa-cecilia-y-sus-asociadas-en-la-expo-otono-de-la-sociedad-rural-de-azul\/\",\"name\":\"Varios premios para la Caba\u00f1a Santa Cecilia y sus asociadas en la Expo Oto\u00f1o de la Sociedad Rural de Azul - Infoecos\",\"isPartOf\":{\"@id\":\"https:\/\/infoecos.com.ar\/#website\"},\"primaryImageOfPage\":{\"@id\":\"https:\/\/infoecos.com.ar\/index.php\/varios-premios-para-la-cabana-santa-cecilia-y-sus-asociadas-en-la-expo-otono-de-la-sociedad-rural-de-azul\/#primaryimage\"},\"image\":{\"@id\":\"https:\/\/infoecos.com.ar\/index.php\/varios-premios-para-la-cabana-santa-cecilia-y-sus-asociadas-en-la-expo-otono-de-la-sociedad-rural-de-azul\/#primaryimage\"},\"thumbnailUrl\":\"https:\/\/infoecos.com.ar\/wp-content\/uploads\/2026\/04\/image-278.png\",\"datePublished\":\"2026-04-30T02:46:46+00:00\",\"dateModified\":\"2026-04-30T03:00:21+00:00\",\"breadcrumb\":{\"@id\":\"https:\/\/infoecos.com.ar\/index.php\/varios-premios-para-la-cabana-santa-cecilia-y-sus-asociadas-en-la-expo-otono-de-la-sociedad-rural-de-azul\/#breadcrumb\"},\"inLanguage\":\"es\",\"potentialAction\":[{\"@type\":\"ReadAction\",\"target\":[\"https:\/\/infoecos.com.ar\/index.php\/varios-premios-para-la-cabana-santa-cecilia-y-sus-asociadas-en-la-expo-otono-de-la-sociedad-rural-de-azul\/\"]}]},{\"@type\":\"ImageObject\",\"inLanguage\":\"es\",\"@id\":\"https:\/\/infoecos.com.ar\/index.php\/varios-premios-para-la-cabana-santa-cecilia-y-sus-asociadas-en-la-expo-otono-de-la-sociedad-rural-de-azul\/#primaryimage\",\"url\":\"https:\/\/infoecos.com.ar\/wp-content\/uploads\/2026\/04\/image-278.png\",\"contentUrl\":\"https:\/\/infoecos.com.ar\/wp-content\/uploads\/2026\/04\/image-278.png\",\"width\":533,\"height\":400},{\"@type\":\"BreadcrumbList\",\"@id\":\"https:\/\/infoecos.com.ar\/index.php\/varios-premios-para-la-cabana-santa-cecilia-y-sus-asociadas-en-la-expo-otono-de-la-sociedad-rural-de-azul\/#breadcrumb\",\"itemListElement\":[{\"@type\":\"ListItem\",\"position\":1,\"name\":\"Portada\",\"item\":\"https:\/\/infoecos.com.ar\/\"},{\"@type\":\"ListItem\",\"position\":2,\"name\":\"Varios premios para la Caba\u00f1a Santa Cecilia y sus asociadas en la Expo Oto\u00f1o de la Sociedad Rural de Azul\"}]},{\"@type\":\"WebSite\",\"@id\":\"https:\/\/infoecos.com.ar\/#website\",\"url\":\"https:\/\/infoecos.com.ar\/\",\"name\":\"Infoecos\",\"description\":\"Noticias de trenque lauquen y la zona\",\"publisher\":{\"@id\":\"https:\/\/infoecos.com.ar\/#organization\"},\"alternateName\":\"Noticias\",\"potentialAction\":[{\"@type\":\"SearchAction\",\"target\":{\"@type\":\"EntryPoint\",\"urlTemplate\":\"https:\/\/infoecos.com.ar\/?s={search_term_string}\"},\"query-input\":{\"@type\":\"PropertyValueSpecification\",\"valueRequired\":true,\"valueName\":\"search_term_string\"}}],\"inLanguage\":\"es\"},{\"@type\":\"Organization\",\"@id\":\"https:\/\/infoecos.com.ar\/#organization\",\"name\":\"Infoecos\",\"alternateName\":\"Noticias\",\"url\":\"https:\/\/infoecos.com.ar\/\",\"logo\":{\"@type\":\"ImageObject\",\"inLanguage\":\"es\",\"@id\":\"https:\/\/infoecos.com.ar\/#\/schema\/logo\/image\/\",\"url\":\"https:\/\/infoecos.com.ar\/wp-content\/uploads\/2024\/03\/cropped-logo.png\",\"contentUrl\":\"https:\/\/infoecos.com.ar\/wp-content\/uploads\/2024\/03\/cropped-logo.png\",\"width\":374,\"height\":90,\"caption\":\"Infoecos\"},\"image\":{\"@id\":\"https:\/\/infoecos.com.ar\/#\/schema\/logo\/image\/\"},\"sameAs\":[\"https:\/\/www.facebook.com\/profile.php?id=100063200290284\",\"https:\/\/x.com\/infoecos\"]},{\"@type\":\"Person\",\"@id\":\"https:\/\/infoecos.com.ar\/#\/schema\/person\/8f5ace5ce73b4b4aac4b7245aee6f191\",\"name\":\"Jorge Matheus\",\"url\":\"https:\/\/infoecos.com.ar\/index.php\/author\/jomatheus\/\"}]}<\/script>\n<!-- \/ Yoast SEO plugin. -->","yoast_head_json":{"title":"Varios premios para la Caba\u00f1a Santa Cecilia y sus asociadas en la Expo Oto\u00f1o de la Sociedad Rural de Azul - Infoecos","robots":{"index":"index","follow":"follow","max-snippet":"max-snippet:-1","max-image-preview":"max-image-preview:large","max-video-preview":"max-video-preview:-1"},"canonical":"https:\/\/infoecos.com.ar\/index.php\/varios-premios-para-la-cabana-santa-cecilia-y-sus-asociadas-en-la-expo-otono-de-la-sociedad-rural-de-azul\/","og_locale":"es_ES","og_type":"article","og_title":"Varios premios para la Caba\u00f1a Santa Cecilia y sus asociadas en la Expo Oto\u00f1o de la Sociedad Rural de Azul - Infoecos","og_description":"La sociedad entre Santa Cecilia, Las 3 Jotas y La Dolores SA se qued\u00f3 con...","og_url":"https:\/\/infoecos.com.ar\/index.php\/varios-premios-para-la-cabana-santa-cecilia-y-sus-asociadas-en-la-expo-otono-de-la-sociedad-rural-de-azul\/","og_site_name":"Infoecos","article_publisher":"https:\/\/www.facebook.com\/profile.php?id=100063200290284","article_published_time":"2026-04-30T02:46:46+00:00","article_modified_time":"2026-04-30T03:00:21+00:00","og_image":[{"width":533,"height":400,"url":"https:\/\/infoecos.com.ar\/wp-content\/uploads\/2026\/04\/image-278.png","type":"image\/png"}],"author":"Jorge Matheus","twitter_card":"summary_large_image","twitter_creator":"@infoecos","twitter_site":"@infoecos","twitter_misc":{"Escrito por":"Jorge Matheus","Tiempo de lectura":"2 minutos"},"schema":{"@context":"https:\/\/schema.org","@graph":[{"@type":"Article","@id":"https:\/\/infoecos.com.ar\/index.php\/varios-premios-para-la-cabana-santa-cecilia-y-sus-asociadas-en-la-expo-otono-de-la-sociedad-rural-de-azul\/#article","isPartOf":{"@id":"https:\/\/infoecos.com.ar\/index.php\/varios-premios-para-la-cabana-santa-cecilia-y-sus-asociadas-en-la-expo-otono-de-la-sociedad-rural-de-azul\/"},"author":{"name":"Jorge Matheus","@id":"https:\/\/infoecos.com.ar\/#\/schema\/person\/8f5ace5ce73b4b4aac4b7245aee6f191"},"headline":"Varios premios para la Caba\u00f1a Santa Cecilia y sus asociadas en la Expo Oto\u00f1o de la Sociedad Rural de Azul","datePublished":"2026-04-30T02:46:46+00:00","dateModified":"2026-04-30T03:00:21+00:00","mainEntityOfPage":{"@id":"https:\/\/infoecos.com.ar\/index.php\/varios-premios-para-la-cabana-santa-cecilia-y-sus-asociadas-en-la-expo-otono-de-la-sociedad-rural-de-azul\/"},"wordCount":317,"publisher":{"@id":"https:\/\/infoecos.com.ar\/#organization"},"image":{"@id":"https:\/\/infoecos.com.ar\/index.php\/varios-premios-para-la-cabana-santa-cecilia-y-sus-asociadas-en-la-expo-otono-de-la-sociedad-rural-de-azul\/#primaryimage"},"thumbnailUrl":"https:\/\/infoecos.com.ar\/wp-content\/uploads\/2026\/04\/image-278.png","keywords":["REGIONAL","SERVICIOS COMUNITARIOS"],"inLanguage":"es"},{"@type":"WebPage","@id":"https:\/\/infoecos.com.ar\/index.php\/varios-premios-para-la-cabana-santa-cecilia-y-sus-asociadas-en-la-expo-otono-de-la-sociedad-rural-de-azul\/","url":"https:\/\/infoecos.com.ar\/index.php\/varios-premios-para-la-cabana-santa-cecilia-y-sus-asociadas-en-la-expo-otono-de-la-sociedad-rural-de-azul\/","name":"Varios premios para la Caba\u00f1a Santa Cecilia y sus asociadas en la Expo Oto\u00f1o de la Sociedad Rural de Azul - Infoecos","isPartOf":{"@id":"https:\/\/infoecos.com.ar\/#website"},"primaryImageOfPage":{"@id":"https:\/\/infoecos.com.ar\/index.php\/varios-premios-para-la-cabana-santa-cecilia-y-sus-asociadas-en-la-expo-otono-de-la-sociedad-rural-de-azul\/#primaryimage"},"image":{"@id":"https:\/\/infoecos.com.ar\/index.php\/varios-premios-para-la-cabana-santa-cecilia-y-sus-asociadas-en-la-expo-otono-de-la-sociedad-rural-de-azul\/#primaryimage"},"thumbnailUrl":"https:\/\/infoecos.com.ar\/wp-content\/uploads\/2026\/04\/image-278.png","datePublished":"2026-04-30T02:46:46+00:00","dateModified":"2026-04-30T03:00:21+00:00","breadcrumb":{"@id":"https:\/\/infoecos.com.ar\/index.php\/varios-premios-para-la-cabana-santa-cecilia-y-sus-asociadas-en-la-expo-otono-de-la-sociedad-rural-de-azul\/#breadcrumb"},"inLanguage":"es","potentialAction":[{"@type":"ReadAction","target":["https:\/\/infoecos.com.ar\/index.php\/varios-premios-para-la-cabana-santa-cecilia-y-sus-asociadas-en-la-expo-otono-de-la-sociedad-rural-de-azul\/"]}]},{"@type":"ImageObject","inLanguage":"es","@id":"https:\/\/infoecos.com.ar\/index.php\/varios-premios-para-la-cabana-santa-cecilia-y-sus-asociadas-en-la-expo-otono-de-la-sociedad-rural-de-azul\/#primaryimage","url":"https:\/\/infoecos.com.ar\/wp-content\/uploads\/2026\/04\/image-278.png","contentUrl":"https:\/\/infoecos.com.ar\/wp-content\/uploads\/2026\/04\/image-278.png","width":533,"height":400},{"@type":"BreadcrumbList","@id":"https:\/\/infoecos.com.ar\/index.php\/varios-premios-para-la-cabana-santa-cecilia-y-sus-asociadas-en-la-expo-otono-de-la-sociedad-rural-de-azul\/#breadcrumb","itemListElement":[{"@type":"ListItem","position":1,"name":"Portada","item":"https:\/\/infoecos.com.ar\/"},{"@type":"ListItem","position":2,"name":"Varios premios para la Caba\u00f1a Santa Cecilia y sus asociadas en la Expo Oto\u00f1o de la Sociedad Rural de Azul"}]},{"@type":"WebSite","@id":"https:\/\/infoecos.com.ar\/#website","url":"https:\/\/infoecos.com.ar\/","name":"Infoecos","description":"Noticias de trenque lauquen y la zona","publisher":{"@id":"https:\/\/infoecos.com.ar\/#organization"},"alternateName":"Noticias","potentialAction":[{"@type":"SearchAction","target":{"@type":"EntryPoint","urlTemplate":"https:\/\/infoecos.com.ar\/?s={search_term_string}"},"query-input":{"@type":"PropertyValueSpecification","valueRequired":true,"valueName":"search_term_string"}}],"inLanguage":"es"},{"@type":"Organization","@id":"https:\/\/infoecos.com.ar\/#organization","name":"Infoecos","alternateName":"Noticias","url":"https:\/\/infoecos.com.ar\/","logo":{"@type":"ImageObject","inLanguage":"es","@id":"https:\/\/infoecos.com.ar\/#\/schema\/logo\/image\/","url":"https:\/\/infoecos.com.ar\/wp-content\/uploads\/2024\/03\/cropped-logo.png","contentUrl":"https:\/\/infoecos.com.ar\/wp-content\/uploads\/2024\/03\/cropped-logo.png","width":374,"height":90,"caption":"Infoecos"},"image":{"@id":"https:\/\/infoecos.com.ar\/#\/schema\/logo\/image\/"},"sameAs":["https:\/\/www.facebook.com\/profile.php?id=100063200290284","https:\/\/x.com\/infoecos"]},{"@type":"Person","@id":"https:\/\/infoecos.com.ar\/#\/schema\/person\/8f5ace5ce73b4b4aac4b7245aee6f191","name":"Jorge Matheus","url":"https:\/\/infoecos.com.ar\/index.php\/author\/jomatheus\/"}]}},"featured_image_urls":{"full":["https:\/\/infoecos.com.ar\/wp-content\/uploads\/2026\/04\/image-278.png",533,400,false],"thumbnail":["https:\/\/infoecos.com.ar\/wp-content\/uploads\/2026\/04\/image-278-300x150.png",300,150,true],"medium":["https:\/\/infoecos.com.ar\/wp-content\/uploads\/2026\/04\/image-278.png",533,400,false],"medium_large":["https:\/\/infoecos.com.ar\/wp-content\/uploads\/2026\/04\/image-278.png",533,400,false],"large":["https:\/\/infoecos.com.ar\/wp-content\/uploads\/2026\/04\/image-278.png",533,400,false],"1536x1536":["https:\/\/infoecos.com.ar\/wp-content\/uploads\/2026\/04\/image-278.png",533,400,false],"2048x2048":["https:\/\/infoecos.com.ar\/wp-content\/uploads\/2026\/04\/image-278.png",533,400,false],"covernews-slider-full":["https:\/\/infoecos.com.ar\/wp-content\/uploads\/2026\/04\/image-278.png",533,400,false],"covernews-slider-center":["https:\/\/infoecos.com.ar\/wp-content\/uploads\/2026\/04\/image-278.png",533,400,false],"covernews-featured":["https:\/\/infoecos.com.ar\/wp-content\/uploads\/2026\/04\/image-278.png",533,400,false],"covernews-medium":["https:\/\/infoecos.com.ar\/wp-content\/uploads\/2026\/04\/image-278-533x340.png",533,340,true],"covernews-medium-square":["https:\/\/infoecos.com.ar\/wp-content\/uploads\/2026\/04\/image-278-400x250.png",400,250,true]},"author_info":{"info":["Jorge Matheus"]},"category_info":"<a href=\"https:\/\/infoecos.com.ar\/index.php\/category\/sin-categoria\/\" rel=\"category tag\">Sin categor\u00eda<\/a>","tag_info":"Sin categor\u00eda","comment_count":"0","_links":{"self":[{"href":"https:\/\/infoecos.com.ar\/index.php\/wp-json\/wp\/v2\/posts\/157619"}],"collection":[{"href":"https:\/\/infoecos.com.ar\/index.php\/wp-json\/wp\/v2\/posts"}],"about":[{"href":"https:\/\/infoecos.com.ar\/index.php\/wp-json\/wp\/v2\/types\/post"}],"author":[{"embeddable":true,"href":"https:\/\/infoecos.com.ar\/index.php\/wp-json\/wp\/v2\/users\/2"}],"replies":[{"embeddable":true,"href":"https:\/\/infoecos.com.ar\/index.php\/wp-json\/wp\/v2\/comments?post=157619"}],"version-history":[{"count":2,"href":"https:\/\/infoecos.com.ar\/index.php\/wp-json\/wp\/v2\/posts\/157619\/revisions"}],"predecessor-version":[{"id":157624,"href":"https:\/\/infoecos.com.ar\/index.php\/wp-json\/wp\/v2\/posts\/157619\/revisions\/157624"}],"wp:featuredmedia":[{"embeddable":true,"href":"https:\/\/infoecos.com.ar\/index.php\/wp-json\/wp\/v2\/media\/157621"}],"wp:attachment":[{"href":"https:\/\/infoecos.com.ar\/index.php\/wp-json\/wp\/v2\/media?parent=157619"}],"wp:term":[{"taxonomy":"category","embeddable":true,"href":"https:\/\/infoecos.com.ar\/index.php\/wp-json\/wp\/v2\/categories?post=157619"},{"taxonomy":"post_tag","embeddable":true,"href":"https:\/\/infoecos.com.ar\/index.php\/wp-json\/wp\/v2\/tags?post=157619"}],"curies":[{"name":"wp","href":"https:\/\/api.w.org\/{rel}","templated":true}]}}