{"id":157629,"date":"2026-04-30T00:22:09","date_gmt":"2026-04-30T03:22:09","guid":{"rendered":"https:\/\/infoecos.com.ar\/?p=157629"},"modified":"2026-04-30T00:24:20","modified_gmt":"2026-04-30T03:24:20","slug":"intendentes-fueron-a-pedir-por-recursos-para-sostener-el-sae-y-comedores-comunitarios-siendo-recibidos-por-un-cartel-provocativo","status":"publish","type":"post","link":"https:\/\/infoecos.com.ar\/index.php\/intendentes-fueron-a-pedir-por-recursos-para-sostener-el-sae-y-comedores-comunitarios-siendo-recibidos-por-un-cartel-provocativo\/","title":{"rendered":"Intendentes fueron a pedir por recursos para sostener el SAE y comedores comunitarios, siendo recibidos por un cartel provocativo"},"content":{"rendered":"\n<p>Jefes comunales bonaerenses, junto a funcionarios provinciales, marcharon al Ministerio de Capital Humano para exigir el env\u00edo de recursos destinados al Servicio Alimentario Escolar.<\/p>\n\n\n\n<p>Denunciaron recortes, cierre de puertas y una grave crisis social en los barrios.<\/p>\n\n\n\n<figure class=\"wp-block-image aligncenter size-full is-resized\"><img loading=\"lazy\" decoding=\"async\" width=\"777\" height=\"525\" src=\"https:\/\/infoecos.com.ar\/wp-content\/uploads\/2026\/04\/image-281.png\" alt=\"\" class=\"wp-image-157630\" style=\"width:516px;height:auto\" srcset=\"https:\/\/infoecos.com.ar\/wp-content\/uploads\/2026\/04\/image-281.png 777w, https:\/\/infoecos.com.ar\/wp-content\/uploads\/2026\/04\/image-281-768x519.png 768w\" sizes=\"(max-width: 777px) 100vw, 777px\" \/><\/figure>\n\n\n\n<p>La protesta se produjo luego de un reclamo similar realizado ante el Ministerio de Econom\u00eda y tuvo como eje principal la exigencia de recursos para sostener el Servicio Alimentario Escolar (SAE) y los comedores comunitarios, en un contexto de creciente demanda social y fuerte deterioro econ\u00f3mico.<\/p>\n\n\n\n<p>La Polic\u00eda Federal mantuvo cerradas las puertas de la Casa Patria Libertad, dependencia de la cartera nacional, por lo que los dirigentes debieron trasladarse hasta la sede ubicada sobre la avenida 9 de Julio.<\/p>\n\n\n\n<p>Al llegar al lugar, los dirigentes se encontraron adem\u00e1s con un cartel de grandes dimensiones colocado sobre una de las puertas del edificio, con fuertes cr\u00edticas hacia la administraci\u00f3n provincial. \u201cIntendentes, dir\u00edjanse a quien corresponda. Si su gobernador no sabe administrar, que deje paso a quienes saben\u201d, dec\u00eda el mensaje. Larroque calific\u00f3 la situaci\u00f3n como \u201cuna provocaci\u00f3n\u201d.<\/p>\n\n\n\n<figure class=\"wp-block-image aligncenter size-full is-resized\"><img loading=\"lazy\" decoding=\"async\" width=\"790\" height=\"1053\" src=\"https:\/\/infoecos.com.ar\/wp-content\/uploads\/2026\/04\/image-282.png\" alt=\"\" class=\"wp-image-157631\" style=\"width:494px;height:auto\" srcset=\"https:\/\/infoecos.com.ar\/wp-content\/uploads\/2026\/04\/image-282.png 790w, https:\/\/infoecos.com.ar\/wp-content\/uploads\/2026\/04\/image-282-600x800.png 600w, https:\/\/infoecos.com.ar\/wp-content\/uploads\/2026\/04\/image-282-768x1024.png 768w\" sizes=\"(max-width: 790px) 100vw, 790px\" \/><\/figure>\n\n\n\n<p>Entre los presentes estuvieron Juan Ignacio Ustarroz (Mercedes), Juan Mancini (Suipacha), Maximiliano Wesner (Olavarr\u00eda), Leonardo Boto (Luj\u00e1n), Eva Mieri (Quilmes), Nelson Sombra (Azul), Waldemar Giordano (Col\u00f3n), y Gilberto Alegre, entre otros.<\/p>\n\n\n\n<p><\/p>\n","protected":false},"excerpt":{"rendered":"<p>Jefes comunales bonaerenses, junto a funcionarios provinciales, marcharon al Ministerio de Capital Humano para exigir&#8230;<\/p>\n","protected":false},"author":2,"featured_media":157630,"comment_status":"closed","ping_status":"open","sticky":false,"template":"","format":"standard","meta":{"footnotes":""},"categories":[1613],"tags":[6831],"class_list":["post-157629","post","type-post","status-publish","format-standard","has-post-thumbnail","hentry","category-noticia-secundaria","tag-servicios-comunitarios"],"yoast_head":"<!-- This site is optimized with the Yoast SEO plugin v23.4 - https:\/\/yoast.com\/wordpress\/plugins\/seo\/ -->\n<title>Intendentes fueron a pedir por recursos para sostener el SAE y comedores comunitarios, siendo recibidos por un cartel provocativo - Infoecos<\/title>\n<meta name=\"robots\" content=\"index, follow, max-snippet:-1, max-image-preview:large, max-video-preview:-1\" \/>\n<link rel=\"canonical\" href=\"https:\/\/infoecos.com.ar\/index.php\/intendentes-fueron-a-pedir-por-recursos-para-sostener-el-sae-y-comedores-comunitarios-siendo-recibidos-por-un-cartel-provocativo\/\" \/>\n<meta property=\"og:locale\" content=\"es_ES\" \/>\n<meta property=\"og:type\" content=\"article\" \/>\n<meta property=\"og:title\" content=\"Intendentes fueron a pedir por recursos para sostener el SAE y comedores comunitarios, siendo recibidos por un cartel provocativo - Infoecos\" \/>\n<meta property=\"og:description\" content=\"Jefes comunales bonaerenses, junto a funcionarios provinciales, marcharon al Ministerio de Capital Humano para exigir...\" \/>\n<meta property=\"og:url\" content=\"https:\/\/infoecos.com.ar\/index.php\/intendentes-fueron-a-pedir-por-recursos-para-sostener-el-sae-y-comedores-comunitarios-siendo-recibidos-por-un-cartel-provocativo\/\" \/>\n<meta property=\"og:site_name\" content=\"Infoecos\" \/>\n<meta property=\"article:publisher\" content=\"https:\/\/www.facebook.com\/profile.php?id=100063200290284\" \/>\n<meta property=\"article:published_time\" content=\"2026-04-30T03:22:09+00:00\" \/>\n<meta property=\"article:modified_time\" content=\"2026-04-30T03:24:20+00:00\" \/>\n<meta property=\"og:image\" content=\"https:\/\/infoecos.com.ar\/wp-content\/uploads\/2026\/04\/image-281.png\" \/>\n\t<meta property=\"og:image:width\" content=\"777\" \/>\n\t<meta property=\"og:image:height\" content=\"525\" \/>\n\t<meta property=\"og:image:type\" content=\"image\/png\" \/>\n<meta name=\"author\" content=\"Jorge Matheus\" \/>\n<meta name=\"twitter:card\" content=\"summary_large_image\" \/>\n<meta name=\"twitter:creator\" content=\"@infoecos\" \/>\n<meta name=\"twitter:site\" content=\"@infoecos\" \/>\n<meta name=\"twitter:label1\" content=\"Escrito por\" \/>\n\t<meta name=\"twitter:data1\" content=\"Jorge Matheus\" \/>\n\t<meta name=\"twitter:label2\" content=\"Tiempo de lectura\" \/>\n\t<meta name=\"twitter:data2\" content=\"2 minutos\" \/>\n<script type=\"application\/ld+json\" class=\"yoast-schema-graph\">{\"@context\":\"https:\/\/schema.org\",\"@graph\":[{\"@type\":\"Article\",\"@id\":\"https:\/\/infoecos.com.ar\/index.php\/intendentes-fueron-a-pedir-por-recursos-para-sostener-el-sae-y-comedores-comunitarios-siendo-recibidos-por-un-cartel-provocativo\/#article\",\"isPartOf\":{\"@id\":\"https:\/\/infoecos.com.ar\/index.php\/intendentes-fueron-a-pedir-por-recursos-para-sostener-el-sae-y-comedores-comunitarios-siendo-recibidos-por-un-cartel-provocativo\/\"},\"author\":{\"name\":\"Jorge Matheus\",\"@id\":\"https:\/\/infoecos.com.ar\/#\/schema\/person\/8f5ace5ce73b4b4aac4b7245aee6f191\"},\"headline\":\"Intendentes fueron a pedir por recursos para sostener el SAE y comedores comunitarios, siendo recibidos por un cartel provocativo\",\"datePublished\":\"2026-04-30T03:22:09+00:00\",\"dateModified\":\"2026-04-30T03:24:20+00:00\",\"mainEntityOfPage\":{\"@id\":\"https:\/\/infoecos.com.ar\/index.php\/intendentes-fueron-a-pedir-por-recursos-para-sostener-el-sae-y-comedores-comunitarios-siendo-recibidos-por-un-cartel-provocativo\/\"},\"wordCount\":237,\"publisher\":{\"@id\":\"https:\/\/infoecos.com.ar\/#organization\"},\"image\":{\"@id\":\"https:\/\/infoecos.com.ar\/index.php\/intendentes-fueron-a-pedir-por-recursos-para-sostener-el-sae-y-comedores-comunitarios-siendo-recibidos-por-un-cartel-provocativo\/#primaryimage\"},\"thumbnailUrl\":\"https:\/\/infoecos.com.ar\/wp-content\/uploads\/2026\/04\/image-281.png\",\"keywords\":[\"SERVICIOS COMUNITARIOS\"],\"articleSection\":[\"Noticia Secundaria\"],\"inLanguage\":\"es\"},{\"@type\":\"WebPage\",\"@id\":\"https:\/\/infoecos.com.ar\/index.php\/intendentes-fueron-a-pedir-por-recursos-para-sostener-el-sae-y-comedores-comunitarios-siendo-recibidos-por-un-cartel-provocativo\/\",\"url\":\"https:\/\/infoecos.com.ar\/index.php\/intendentes-fueron-a-pedir-por-recursos-para-sostener-el-sae-y-comedores-comunitarios-siendo-recibidos-por-un-cartel-provocativo\/\",\"name\":\"Intendentes fueron a pedir por recursos para sostener el SAE y comedores comunitarios, siendo recibidos por un cartel provocativo - Infoecos\",\"isPartOf\":{\"@id\":\"https:\/\/infoecos.com.ar\/#website\"},\"primaryImageOfPage\":{\"@id\":\"https:\/\/infoecos.com.ar\/index.php\/intendentes-fueron-a-pedir-por-recursos-para-sostener-el-sae-y-comedores-comunitarios-siendo-recibidos-por-un-cartel-provocativo\/#primaryimage\"},\"image\":{\"@id\":\"https:\/\/infoecos.com.ar\/index.php\/intendentes-fueron-a-pedir-por-recursos-para-sostener-el-sae-y-comedores-comunitarios-siendo-recibidos-por-un-cartel-provocativo\/#primaryimage\"},\"thumbnailUrl\":\"https:\/\/infoecos.com.ar\/wp-content\/uploads\/2026\/04\/image-281.png\",\"datePublished\":\"2026-04-30T03:22:09+00:00\",\"dateModified\":\"2026-04-30T03:24:20+00:00\",\"breadcrumb\":{\"@id\":\"https:\/\/infoecos.com.ar\/index.php\/intendentes-fueron-a-pedir-por-recursos-para-sostener-el-sae-y-comedores-comunitarios-siendo-recibidos-por-un-cartel-provocativo\/#breadcrumb\"},\"inLanguage\":\"es\",\"potentialAction\":[{\"@type\":\"ReadAction\",\"target\":[\"https:\/\/infoecos.com.ar\/index.php\/intendentes-fueron-a-pedir-por-recursos-para-sostener-el-sae-y-comedores-comunitarios-siendo-recibidos-por-un-cartel-provocativo\/\"]}]},{\"@type\":\"ImageObject\",\"inLanguage\":\"es\",\"@id\":\"https:\/\/infoecos.com.ar\/index.php\/intendentes-fueron-a-pedir-por-recursos-para-sostener-el-sae-y-comedores-comunitarios-siendo-recibidos-por-un-cartel-provocativo\/#primaryimage\",\"url\":\"https:\/\/infoecos.com.ar\/wp-content\/uploads\/2026\/04\/image-281.png\",\"contentUrl\":\"https:\/\/infoecos.com.ar\/wp-content\/uploads\/2026\/04\/image-281.png\",\"width\":777,\"height\":525},{\"@type\":\"BreadcrumbList\",\"@id\":\"https:\/\/infoecos.com.ar\/index.php\/intendentes-fueron-a-pedir-por-recursos-para-sostener-el-sae-y-comedores-comunitarios-siendo-recibidos-por-un-cartel-provocativo\/#breadcrumb\",\"itemListElement\":[{\"@type\":\"ListItem\",\"position\":1,\"name\":\"Portada\",\"item\":\"https:\/\/infoecos.com.ar\/\"},{\"@type\":\"ListItem\",\"position\":2,\"name\":\"Intendentes fueron a pedir por recursos para sostener el SAE y comedores comunitarios, siendo recibidos por un cartel provocativo\"}]},{\"@type\":\"WebSite\",\"@id\":\"https:\/\/infoecos.com.ar\/#website\",\"url\":\"https:\/\/infoecos.com.ar\/\",\"name\":\"Infoecos\",\"description\":\"Noticias de trenque lauquen y la zona\",\"publisher\":{\"@id\":\"https:\/\/infoecos.com.ar\/#organization\"},\"alternateName\":\"Noticias\",\"potentialAction\":[{\"@type\":\"SearchAction\",\"target\":{\"@type\":\"EntryPoint\",\"urlTemplate\":\"https:\/\/infoecos.com.ar\/?s={search_term_string}\"},\"query-input\":{\"@type\":\"PropertyValueSpecification\",\"valueRequired\":true,\"valueName\":\"search_term_string\"}}],\"inLanguage\":\"es\"},{\"@type\":\"Organization\",\"@id\":\"https:\/\/infoecos.com.ar\/#organization\",\"name\":\"Infoecos\",\"alternateName\":\"Noticias\",\"url\":\"https:\/\/infoecos.com.ar\/\",\"logo\":{\"@type\":\"ImageObject\",\"inLanguage\":\"es\",\"@id\":\"https:\/\/infoecos.com.ar\/#\/schema\/logo\/image\/\",\"url\":\"https:\/\/infoecos.com.ar\/wp-content\/uploads\/2024\/03\/cropped-logo.png\",\"contentUrl\":\"https:\/\/infoecos.com.ar\/wp-content\/uploads\/2024\/03\/cropped-logo.png\",\"width\":374,\"height\":90,\"caption\":\"Infoecos\"},\"image\":{\"@id\":\"https:\/\/infoecos.com.ar\/#\/schema\/logo\/image\/\"},\"sameAs\":[\"https:\/\/www.facebook.com\/profile.php?id=100063200290284\",\"https:\/\/x.com\/infoecos\"]},{\"@type\":\"Person\",\"@id\":\"https:\/\/infoecos.com.ar\/#\/schema\/person\/8f5ace5ce73b4b4aac4b7245aee6f191\",\"name\":\"Jorge Matheus\",\"url\":\"https:\/\/infoecos.com.ar\/index.php\/author\/jomatheus\/\"}]}<\/script>\n<!-- \/ Yoast SEO plugin. -->","yoast_head_json":{"title":"Intendentes fueron a pedir por recursos para sostener el SAE y comedores comunitarios, siendo recibidos por un cartel provocativo - Infoecos","robots":{"index":"index","follow":"follow","max-snippet":"max-snippet:-1","max-image-preview":"max-image-preview:large","max-video-preview":"max-video-preview:-1"},"canonical":"https:\/\/infoecos.com.ar\/index.php\/intendentes-fueron-a-pedir-por-recursos-para-sostener-el-sae-y-comedores-comunitarios-siendo-recibidos-por-un-cartel-provocativo\/","og_locale":"es_ES","og_type":"article","og_title":"Intendentes fueron a pedir por recursos para sostener el SAE y comedores comunitarios, siendo recibidos por un cartel provocativo - Infoecos","og_description":"Jefes comunales bonaerenses, junto a funcionarios provinciales, marcharon al Ministerio de Capital Humano para exigir...","og_url":"https:\/\/infoecos.com.ar\/index.php\/intendentes-fueron-a-pedir-por-recursos-para-sostener-el-sae-y-comedores-comunitarios-siendo-recibidos-por-un-cartel-provocativo\/","og_site_name":"Infoecos","article_publisher":"https:\/\/www.facebook.com\/profile.php?id=100063200290284","article_published_time":"2026-04-30T03:22:09+00:00","article_modified_time":"2026-04-30T03:24:20+00:00","og_image":[{"width":777,"height":525,"url":"https:\/\/infoecos.com.ar\/wp-content\/uploads\/2026\/04\/image-281.png","type":"image\/png"}],"author":"Jorge Matheus","twitter_card":"summary_large_image","twitter_creator":"@infoecos","twitter_site":"@infoecos","twitter_misc":{"Escrito por":"Jorge Matheus","Tiempo de lectura":"2 minutos"},"schema":{"@context":"https:\/\/schema.org","@graph":[{"@type":"Article","@id":"https:\/\/infoecos.com.ar\/index.php\/intendentes-fueron-a-pedir-por-recursos-para-sostener-el-sae-y-comedores-comunitarios-siendo-recibidos-por-un-cartel-provocativo\/#article","isPartOf":{"@id":"https:\/\/infoecos.com.ar\/index.php\/intendentes-fueron-a-pedir-por-recursos-para-sostener-el-sae-y-comedores-comunitarios-siendo-recibidos-por-un-cartel-provocativo\/"},"author":{"name":"Jorge Matheus","@id":"https:\/\/infoecos.com.ar\/#\/schema\/person\/8f5ace5ce73b4b4aac4b7245aee6f191"},"headline":"Intendentes fueron a pedir por recursos para sostener el SAE y comedores comunitarios, siendo recibidos por un cartel provocativo","datePublished":"2026-04-30T03:22:09+00:00","dateModified":"2026-04-30T03:24:20+00:00","mainEntityOfPage":{"@id":"https:\/\/infoecos.com.ar\/index.php\/intendentes-fueron-a-pedir-por-recursos-para-sostener-el-sae-y-comedores-comunitarios-siendo-recibidos-por-un-cartel-provocativo\/"},"wordCount":237,"publisher":{"@id":"https:\/\/infoecos.com.ar\/#organization"},"image":{"@id":"https:\/\/infoecos.com.ar\/index.php\/intendentes-fueron-a-pedir-por-recursos-para-sostener-el-sae-y-comedores-comunitarios-siendo-recibidos-por-un-cartel-provocativo\/#primaryimage"},"thumbnailUrl":"https:\/\/infoecos.com.ar\/wp-content\/uploads\/2026\/04\/image-281.png","keywords":["SERVICIOS COMUNITARIOS"],"articleSection":["Noticia Secundaria"],"inLanguage":"es"},{"@type":"WebPage","@id":"https:\/\/infoecos.com.ar\/index.php\/intendentes-fueron-a-pedir-por-recursos-para-sostener-el-sae-y-comedores-comunitarios-siendo-recibidos-por-un-cartel-provocativo\/","url":"https:\/\/infoecos.com.ar\/index.php\/intendentes-fueron-a-pedir-por-recursos-para-sostener-el-sae-y-comedores-comunitarios-siendo-recibidos-por-un-cartel-provocativo\/","name":"Intendentes fueron a pedir por recursos para sostener el SAE y comedores comunitarios, siendo recibidos por un cartel provocativo - Infoecos","isPartOf":{"@id":"https:\/\/infoecos.com.ar\/#website"},"primaryImageOfPage":{"@id":"https:\/\/infoecos.com.ar\/index.php\/intendentes-fueron-a-pedir-por-recursos-para-sostener-el-sae-y-comedores-comunitarios-siendo-recibidos-por-un-cartel-provocativo\/#primaryimage"},"image":{"@id":"https:\/\/infoecos.com.ar\/index.php\/intendentes-fueron-a-pedir-por-recursos-para-sostener-el-sae-y-comedores-comunitarios-siendo-recibidos-por-un-cartel-provocativo\/#primaryimage"},"thumbnailUrl":"https:\/\/infoecos.com.ar\/wp-content\/uploads\/2026\/04\/image-281.png","datePublished":"2026-04-30T03:22:09+00:00","dateModified":"2026-04-30T03:24:20+00:00","breadcrumb":{"@id":"https:\/\/infoecos.com.ar\/index.php\/intendentes-fueron-a-pedir-por-recursos-para-sostener-el-sae-y-comedores-comunitarios-siendo-recibidos-por-un-cartel-provocativo\/#breadcrumb"},"inLanguage":"es","potentialAction":[{"@type":"ReadAction","target":["https:\/\/infoecos.com.ar\/index.php\/intendentes-fueron-a-pedir-por-recursos-para-sostener-el-sae-y-comedores-comunitarios-siendo-recibidos-por-un-cartel-provocativo\/"]}]},{"@type":"ImageObject","inLanguage":"es","@id":"https:\/\/infoecos.com.ar\/index.php\/intendentes-fueron-a-pedir-por-recursos-para-sostener-el-sae-y-comedores-comunitarios-siendo-recibidos-por-un-cartel-provocativo\/#primaryimage","url":"https:\/\/infoecos.com.ar\/wp-content\/uploads\/2026\/04\/image-281.png","contentUrl":"https:\/\/infoecos.com.ar\/wp-content\/uploads\/2026\/04\/image-281.png","width":777,"height":525},{"@type":"BreadcrumbList","@id":"https:\/\/infoecos.com.ar\/index.php\/intendentes-fueron-a-pedir-por-recursos-para-sostener-el-sae-y-comedores-comunitarios-siendo-recibidos-por-un-cartel-provocativo\/#breadcrumb","itemListElement":[{"@type":"ListItem","position":1,"name":"Portada","item":"https:\/\/infoecos.com.ar\/"},{"@type":"ListItem","position":2,"name":"Intendentes fueron a pedir por recursos para sostener el SAE y comedores comunitarios, siendo recibidos por un cartel provocativo"}]},{"@type":"WebSite","@id":"https:\/\/infoecos.com.ar\/#website","url":"https:\/\/infoecos.com.ar\/","name":"Infoecos","description":"Noticias de trenque lauquen y la zona","publisher":{"@id":"https:\/\/infoecos.com.ar\/#organization"},"alternateName":"Noticias","potentialAction":[{"@type":"SearchAction","target":{"@type":"EntryPoint","urlTemplate":"https:\/\/infoecos.com.ar\/?s={search_term_string}"},"query-input":{"@type":"PropertyValueSpecification","valueRequired":true,"valueName":"search_term_string"}}],"inLanguage":"es"},{"@type":"Organization","@id":"https:\/\/infoecos.com.ar\/#organization","name":"Infoecos","alternateName":"Noticias","url":"https:\/\/infoecos.com.ar\/","logo":{"@type":"ImageObject","inLanguage":"es","@id":"https:\/\/infoecos.com.ar\/#\/schema\/logo\/image\/","url":"https:\/\/infoecos.com.ar\/wp-content\/uploads\/2024\/03\/cropped-logo.png","contentUrl":"https:\/\/infoecos.com.ar\/wp-content\/uploads\/2024\/03\/cropped-logo.png","width":374,"height":90,"caption":"Infoecos"},"image":{"@id":"https:\/\/infoecos.com.ar\/#\/schema\/logo\/image\/"},"sameAs":["https:\/\/www.facebook.com\/profile.php?id=100063200290284","https:\/\/x.com\/infoecos"]},{"@type":"Person","@id":"https:\/\/infoecos.com.ar\/#\/schema\/person\/8f5ace5ce73b4b4aac4b7245aee6f191","name":"Jorge Matheus","url":"https:\/\/infoecos.com.ar\/index.php\/author\/jomatheus\/"}]}},"featured_image_urls":{"full":["https:\/\/infoecos.com.ar\/wp-content\/uploads\/2026\/04\/image-281.png",777,525,false],"thumbnail":["https:\/\/infoecos.com.ar\/wp-content\/uploads\/2026\/04\/image-281-300x150.png",300,150,true],"medium":["https:\/\/infoecos.com.ar\/wp-content\/uploads\/2026\/04\/image-281.png",777,525,false],"medium_large":["https:\/\/infoecos.com.ar\/wp-content\/uploads\/2026\/04\/image-281-768x519.png",640,433,true],"large":["https:\/\/infoecos.com.ar\/wp-content\/uploads\/2026\/04\/image-281.png",640,432,false],"1536x1536":["https:\/\/infoecos.com.ar\/wp-content\/uploads\/2026\/04\/image-281.png",777,525,false],"2048x2048":["https:\/\/infoecos.com.ar\/wp-content\/uploads\/2026\/04\/image-281.png",777,525,false],"covernews-slider-full":["https:\/\/infoecos.com.ar\/wp-content\/uploads\/2026\/04\/image-281.png",777,525,false],"covernews-slider-center":["https:\/\/infoecos.com.ar\/wp-content\/uploads\/2026\/04\/image-281-777x500.png",777,500,true],"covernews-featured":["https:\/\/infoecos.com.ar\/wp-content\/uploads\/2026\/04\/image-281.png",777,525,false],"covernews-medium":["https:\/\/infoecos.com.ar\/wp-content\/uploads\/2026\/04\/image-281-540x340.png",540,340,true],"covernews-medium-square":["https:\/\/infoecos.com.ar\/wp-content\/uploads\/2026\/04\/image-281-400x250.png",400,250,true]},"author_info":{"info":["Jorge Matheus"]},"category_info":"<a href=\"https:\/\/infoecos.com.ar\/index.php\/category\/noticia-secundaria\/\" rel=\"category tag\">Noticia Secundaria<\/a>","tag_info":"Noticia Secundaria","comment_count":"0","_links":{"self":[{"href":"https:\/\/infoecos.com.ar\/index.php\/wp-json\/wp\/v2\/posts\/157629"}],"collection":[{"href":"https:\/\/infoecos.com.ar\/index.php\/wp-json\/wp\/v2\/posts"}],"about":[{"href":"https:\/\/infoecos.com.ar\/index.php\/wp-json\/wp\/v2\/types\/post"}],"author":[{"embeddable":true,"href":"https:\/\/infoecos.com.ar\/index.php\/wp-json\/wp\/v2\/users\/2"}],"replies":[{"embeddable":true,"href":"https:\/\/infoecos.com.ar\/index.php\/wp-json\/wp\/v2\/comments?post=157629"}],"version-history":[{"count":1,"href":"https:\/\/infoecos.com.ar\/index.php\/wp-json\/wp\/v2\/posts\/157629\/revisions"}],"predecessor-version":[{"id":157632,"href":"https:\/\/infoecos.com.ar\/index.php\/wp-json\/wp\/v2\/posts\/157629\/revisions\/157632"}],"wp:featuredmedia":[{"embeddable":true,"href":"https:\/\/infoecos.com.ar\/index.php\/wp-json\/wp\/v2\/media\/157630"}],"wp:attachment":[{"href":"https:\/\/infoecos.com.ar\/index.php\/wp-json\/wp\/v2\/media?parent=157629"}],"wp:term":[{"taxonomy":"category","embeddable":true,"href":"https:\/\/infoecos.com.ar\/index.php\/wp-json\/wp\/v2\/categories?post=157629"},{"taxonomy":"post_tag","embeddable":true,"href":"https:\/\/infoecos.com.ar\/index.php\/wp-json\/wp\/v2\/tags?post=157629"}],"curies":[{"name":"wp","href":"https:\/\/api.w.org\/{rel}","templated":true}]}}